{"id":184254,"date":"2015-01-09T13:57:00","date_gmt":"2015-01-09T13:57:00","guid":{"rendered":"https:\/\/www.webdo.tn\/fr\/blog\/fusillade-et-prise-dotages-porte-de-vincennes-paris\/184254\/"},"modified":"2015-01-09T13:57:00","modified_gmt":"2015-01-09T13:57:00","slug":"fusillade-et-prise-dotages-porte-de-vincennes-paris","status":"publish","type":"post","link":"https:\/\/www.webdo.tn\/fr\/actualite\/international\/fusillade-et-prise-dotages-porte-de-vincennes-paris\/184254\/","title":{"rendered":"Fusillade et prise d\u2019otages porte de Vincennes \u00e0 Paris"},"content":{"rendered":"<p>D\u2019apr\u00e8s les m\u00e9dias fran\u00e7ais, une fusillade a \u00e9clat\u00e9 vers 13 heures porte de Vincennes \u00e0 Paris. Un individu arm\u00e9 d&rsquo;une kalachnikov a ouvert le feu et une personne aurait \u00e9t\u00e9 bless\u00e9e.<\/p>\n<p>Il s\u2019agirait de l&rsquo;auteur pr\u00e9sum\u00e9 de la fusillade de Montrouge, au cours de laquelle une polici\u00e8re a trouv\u00e9 la mort.<\/p>\n<p>Des coups de feu ont \u00e9t\u00e9 entendus devant le magasin \u00ab Hypercacher \u00bb situ\u00e9 pr\u00e8s de la porte de Vincennes, dans le XXe arrondissement de Paris. Un homme a \u00e9t\u00e9 bless\u00e9 par balle, selon Europe 1. BFM TV pr\u00e9cise, de son c\u00f4t\u00e9, qu\u2019une prise d\u2019otages est en cours dans l\u2019\u00e9picerie. Le quartier a \u00e9t\u00e9 boucl\u00e9 par la police.<\/p>\n<p>TF1 \u00e9voque une attaque au pistolet mitrailleur et parle de 75 coups de feu tir\u00e9s&#8230; Selon RTL, il y aurait 2 otages et un bless\u00e9. Selon Le Nouvel Observateur, il y aurait 5 otages d\u00e9tenus.<\/p>\n<p>Un lien entre le suspect dans la fusillade de Montrouge et les fr\u00e8res Ch\u00e9rif et Said Kouachi, suspects dans l\u2019attaque meurtri\u00e8re contre Charlie Hebdo, a \u00e9t\u00e9 \u00e9tabli.<\/p>\n","protected":false},"excerpt":{"rendered":"<p>Fusillade et prise d\u2019otages porte de Vincennes \u00e0 Paris<\/p>\n","protected":false},"author":3222,"featured_media":330896,"comment_status":"open","ping_status":"closed","sticky":false,"template":"","format":"standard","meta":{"footnotes":""},"categories":[2598],"tags":[2600],"class_list":["post-184254","post","type-post","status-publish","format-standard","has-post-thumbnail","hentry","category-international","tag-guerre"],"yoast_head":"<!-- This site is optimized with the Yoast SEO Premium plugin v27.5 (Yoast SEO v27.5) - https:\/\/yoast.com\/product\/yoast-seo-premium-wordpress\/ -->\n<title>Fusillade et prise d\u2019otages porte de Vincennes \u00e0 Paris<\/title>\n<meta name=\"description\" content=\"Fusillade et prise d\u2019otages porte de Vincennes \u00e0 Paris\" \/>\n<link rel=\"canonical\" href=\"https:\/\/www.webdo.tn\/fr\/actualite\/international\/fusillade-et-prise-dotages-porte-de-vincennes-paris\/184254\/\" \/>\n<meta property=\"og:locale\" content=\"fr_FR\" \/>\n<meta property=\"og:type\" content=\"article\" \/>\n<meta property=\"og:title\" content=\"Fusillade et prise d\u2019otages porte de Vincennes \u00e0 Paris\" \/>\n<meta property=\"og:description\" content=\"Fusillade et prise d\u2019otages porte de Vincennes \u00e0 Paris\" \/>\n<meta property=\"og:url\" content=\"https:\/\/www.webdo.tn\/fr\/actualite\/international\/fusillade-et-prise-dotages-porte-de-vincennes-paris\/184254\/\" \/>\n<meta property=\"og:site_name\" content=\"webdo\" \/>\n<meta property=\"article:publisher\" content=\"https:\/\/www.facebook.com\/webdotn\" \/>\n<meta property=\"article:published_time\" content=\"2015-01-09T13:57:00+00:00\" \/>\n<meta property=\"og:image\" content=\"https:\/\/www.webdo.tn\/fr\/wp-content\/uploads\/2015\/01\/Un-homme-a-ouvert-le-feu-porte-de-Vincennes.-Credits-Twitter@daviddlr.jpg\" \/>\n\t<meta property=\"og:image:width\" content=\"438\" \/>\n\t<meta property=\"og:image:height\" content=\"350\" \/>\n\t<meta property=\"og:image:type\" content=\"image\/jpeg\" \/>\n<meta name=\"author\" content=\"webdo.tn\" \/>\n<meta name=\"twitter:card\" content=\"summary_large_image\" \/>\n<meta name=\"twitter:creator\" content=\"@webdo_tn\" \/>\n<meta name=\"twitter:site\" content=\"@webdo_tn\" \/>\n<meta name=\"twitter:label1\" content=\"\u00c9crit par\" \/>\n\t<meta name=\"twitter:data1\" content=\"webdo.tn\" \/>\n\t<meta name=\"twitter:label2\" content=\"Dur\u00e9e de lecture estim\u00e9e\" \/>\n\t<meta name=\"twitter:data2\" content=\"1 minute\" \/>\n<script type=\"application\/ld+json\" class=\"yoast-schema-graph\">{\"@context\":\"https:\\\/\\\/schema.org\",\"@graph\":[{\"@type\":\"NewsArticle\",\"@id\":\"https:\\\/\\\/www.webdo.tn\\\/fr\\\/actualite\\\/international\\\/fusillade-et-prise-dotages-porte-de-vincennes-paris\\\/184254\\\/#article\",\"isPartOf\":{\"@id\":\"https:\\\/\\\/www.webdo.tn\\\/fr\\\/actualite\\\/international\\\/fusillade-et-prise-dotages-porte-de-vincennes-paris\\\/184254\\\/\"},\"author\":{\"name\":\"webdo.tn\",\"@id\":\"https:\\\/\\\/www.webdo.tn\\\/fr\\\/#\\\/schema\\\/person\\\/9a9c6118d687c117df8ef3cc36a4d175\"},\"headline\":\"Fusillade et prise d\u2019otages porte de Vincennes \u00e0 Paris\",\"datePublished\":\"2015-01-09T13:57:00+00:00\",\"mainEntityOfPage\":{\"@id\":\"https:\\\/\\\/www.webdo.tn\\\/fr\\\/actualite\\\/international\\\/fusillade-et-prise-dotages-porte-de-vincennes-paris\\\/184254\\\/\"},\"wordCount\":194,\"commentCount\":0,\"publisher\":{\"@id\":\"https:\\\/\\\/www.webdo.tn\\\/fr\\\/#organization\"},\"image\":{\"@id\":\"https:\\\/\\\/www.webdo.tn\\\/fr\\\/actualite\\\/international\\\/fusillade-et-prise-dotages-porte-de-vincennes-paris\\\/184254\\\/#primaryimage\"},\"thumbnailUrl\":\"https:\\\/\\\/www.webdo.tn\\\/fr\\\/wp-content\\\/uploads\\\/2015\\\/01\\\/Un-homme-a-ouvert-le-feu-porte-de-Vincennes.-Credits-Twitter@daviddlr.jpg\",\"keywords\":[\"guerre\"],\"articleSection\":[\"International\"],\"inLanguage\":\"fr-FR\"},{\"@type\":\"WebPage\",\"@id\":\"https:\\\/\\\/www.webdo.tn\\\/fr\\\/actualite\\\/international\\\/fusillade-et-prise-dotages-porte-de-vincennes-paris\\\/184254\\\/\",\"url\":\"https:\\\/\\\/www.webdo.tn\\\/fr\\\/actualite\\\/international\\\/fusillade-et-prise-dotages-porte-de-vincennes-paris\\\/184254\\\/\",\"name\":\"Fusillade et prise d\u2019otages porte de Vincennes \u00e0 Paris\",\"isPartOf\":{\"@id\":\"https:\\\/\\\/www.webdo.tn\\\/fr\\\/#website\"},\"primaryImageOfPage\":{\"@id\":\"https:\\\/\\\/www.webdo.tn\\\/fr\\\/actualite\\\/international\\\/fusillade-et-prise-dotages-porte-de-vincennes-paris\\\/184254\\\/#primaryimage\"},\"image\":{\"@id\":\"https:\\\/\\\/www.webdo.tn\\\/fr\\\/actualite\\\/international\\\/fusillade-et-prise-dotages-porte-de-vincennes-paris\\\/184254\\\/#primaryimage\"},\"thumbnailUrl\":\"https:\\\/\\\/www.webdo.tn\\\/fr\\\/wp-content\\\/uploads\\\/2015\\\/01\\\/Un-homme-a-ouvert-le-feu-porte-de-Vincennes.-Credits-Twitter@daviddlr.jpg\",\"datePublished\":\"2015-01-09T13:57:00+00:00\",\"description\":\"Fusillade et prise d\u2019otages porte de Vincennes \u00e0 Paris\",\"breadcrumb\":{\"@id\":\"https:\\\/\\\/www.webdo.tn\\\/fr\\\/actualite\\\/international\\\/fusillade-et-prise-dotages-porte-de-vincennes-paris\\\/184254\\\/#breadcrumb\"},\"inLanguage\":\"fr-FR\",\"potentialAction\":[{\"@type\":\"ReadAction\",\"target\":[\"https:\\\/\\\/www.webdo.tn\\\/fr\\\/actualite\\\/international\\\/fusillade-et-prise-dotages-porte-de-vincennes-paris\\\/184254\\\/\"]}]},{\"@type\":\"ImageObject\",\"inLanguage\":\"fr-FR\",\"@id\":\"https:\\\/\\\/www.webdo.tn\\\/fr\\\/actualite\\\/international\\\/fusillade-et-prise-dotages-porte-de-vincennes-paris\\\/184254\\\/#primaryimage\",\"url\":\"https:\\\/\\\/www.webdo.tn\\\/fr\\\/wp-content\\\/uploads\\\/2015\\\/01\\\/Un-homme-a-ouvert-le-feu-porte-de-Vincennes.-Credits-Twitter@daviddlr.jpg\",\"contentUrl\":\"https:\\\/\\\/www.webdo.tn\\\/fr\\\/wp-content\\\/uploads\\\/2015\\\/01\\\/Un-homme-a-ouvert-le-feu-porte-de-Vincennes.-Credits-Twitter@daviddlr.jpg\",\"width\":438,\"height\":350,\"caption\":\"Fusillade et prise d\u2019otages porte de Vincennes \u00e0 Paris\"},{\"@type\":\"BreadcrumbList\",\"@id\":\"https:\\\/\\\/www.webdo.tn\\\/fr\\\/actualite\\\/international\\\/fusillade-et-prise-dotages-porte-de-vincennes-paris\\\/184254\\\/#breadcrumb\",\"itemListElement\":[{\"@type\":\"ListItem\",\"position\":1,\"name\":\"Accueil\",\"item\":\"https:\\\/\\\/www.webdo.tn\\\/fr\\\/\"},{\"@type\":\"ListItem\",\"position\":2,\"name\":\"Fusillade et prise d\u2019otages porte de Vincennes \u00e0 Paris\"}]},{\"@type\":\"WebSite\",\"@id\":\"https:\\\/\\\/www.webdo.tn\\\/fr\\\/#website\",\"url\":\"https:\\\/\\\/www.webdo.tn\\\/fr\\\/\",\"name\":\"webdo\",\"description\":\"Tunisie - News en Tunisie et \u00e0 l&#039;international sur Webdo.tn\",\"publisher\":{\"@id\":\"https:\\\/\\\/www.webdo.tn\\\/fr\\\/#organization\"},\"potentialAction\":[{\"@type\":\"SearchAction\",\"target\":{\"@type\":\"EntryPoint\",\"urlTemplate\":\"https:\\\/\\\/www.webdo.tn\\\/fr\\\/?s={search_term_string}\"},\"query-input\":{\"@type\":\"PropertyValueSpecification\",\"valueRequired\":true,\"valueName\":\"search_term_string\"}}],\"inLanguage\":\"fr-FR\"},{\"@type\":\"Organization\",\"@id\":\"https:\\\/\\\/www.webdo.tn\\\/fr\\\/#organization\",\"name\":\"Webdo\",\"alternateName\":\"Webdo.tn\",\"url\":\"https:\\\/\\\/www.webdo.tn\\\/fr\\\/\",\"logo\":{\"@type\":\"ImageObject\",\"inLanguage\":\"fr-FR\",\"@id\":\"https:\\\/\\\/www.webdo.tn\\\/fr\\\/#\\\/schema\\\/logo\\\/image\\\/\",\"url\":\"https:\\\/\\\/www.webdo.tn\\\/fr\\\/wp-content\\\/uploads\\\/2025\\\/06\\\/Webdo-Tunisie_168377.jpg\",\"contentUrl\":\"https:\\\/\\\/www.webdo.tn\\\/fr\\\/wp-content\\\/uploads\\\/2025\\\/06\\\/Webdo-Tunisie_168377.jpg\",\"width\":301,\"height\":301,\"caption\":\"Webdo\"},\"image\":{\"@id\":\"https:\\\/\\\/www.webdo.tn\\\/fr\\\/#\\\/schema\\\/logo\\\/image\\\/\"},\"sameAs\":[\"https:\\\/\\\/www.facebook.com\\\/webdotn\",\"https:\\\/\\\/x.com\\\/webdo_tn\"],\"description\":\"Webdo est un m\u00e9dia num\u00e9rique tunisien fond\u00e9 en 2010, sp\u00e9cialis\u00e9 dans l\u2019actualit\u00e9 nationale et internationale, l\u2019\u00e9conomie, la soci\u00e9t\u00e9 et les analyses politiques. Le site s\u2019adresse \u00e0 un large public francophone et couvre l\u2019information tunisienne en temps r\u00e9el.\",\"email\":\"redac@webdo.tn\",\"legalName\":\"YNJ SARL\",\"foundingDate\":\"2010-09-06\",\"numberOfEmployees\":{\"@type\":\"QuantitativeValue\",\"minValue\":\"11\",\"maxValue\":\"50\"}},{\"@type\":\"Person\",\"@id\":\"https:\\\/\\\/www.webdo.tn\\\/fr\\\/#\\\/schema\\\/person\\\/9a9c6118d687c117df8ef3cc36a4d175\",\"name\":\"webdo.tn\",\"image\":{\"@type\":\"ImageObject\",\"inLanguage\":\"fr-FR\",\"@id\":\"https:\\\/\\\/secure.gravatar.com\\\/avatar\\\/7ce1f28c0c3bbac99ff550b85ef8e44a6950c6ee24514fb6a5489e51d06f0298?s=96&d=mm&r=g\",\"url\":\"https:\\\/\\\/secure.gravatar.com\\\/avatar\\\/7ce1f28c0c3bbac99ff550b85ef8e44a6950c6ee24514fb6a5489e51d06f0298?s=96&d=mm&r=g\",\"contentUrl\":\"https:\\\/\\\/secure.gravatar.com\\\/avatar\\\/7ce1f28c0c3bbac99ff550b85ef8e44a6950c6ee24514fb6a5489e51d06f0298?s=96&d=mm&r=g\",\"caption\":\"webdo.tn\"},\"url\":\"https:\\\/\\\/www.webdo.tn\\\/fr\\\/actualite\\\/author\\\/webdotn\\\/\"}]}<\/script>\n<!-- \/ Yoast SEO Premium plugin. -->","yoast_head_json":{"title":"Fusillade et prise d\u2019otages porte de Vincennes \u00e0 Paris","description":"Fusillade et prise d\u2019otages porte de Vincennes \u00e0 Paris","canonical":"https:\/\/www.webdo.tn\/fr\/actualite\/international\/fusillade-et-prise-dotages-porte-de-vincennes-paris\/184254\/","og_locale":"fr_FR","og_type":"article","og_title":"Fusillade et prise d\u2019otages porte de Vincennes \u00e0 Paris","og_description":"Fusillade et prise d\u2019otages porte de Vincennes \u00e0 Paris","og_url":"https:\/\/www.webdo.tn\/fr\/actualite\/international\/fusillade-et-prise-dotages-porte-de-vincennes-paris\/184254\/","og_site_name":"webdo","article_publisher":"https:\/\/www.facebook.com\/webdotn","article_published_time":"2015-01-09T13:57:00+00:00","og_image":[{"width":438,"height":350,"url":"https:\/\/www.webdo.tn\/fr\/wp-content\/uploads\/2015\/01\/Un-homme-a-ouvert-le-feu-porte-de-Vincennes.-Credits-Twitter@daviddlr.jpg","type":"image\/jpeg"}],"author":"webdo.tn","twitter_card":"summary_large_image","twitter_creator":"@webdo_tn","twitter_site":"@webdo_tn","twitter_misc":{"\u00c9crit par":"webdo.tn","Dur\u00e9e de lecture estim\u00e9e":"1 minute"},"schema":{"@context":"https:\/\/schema.org","@graph":[{"@type":"NewsArticle","@id":"https:\/\/www.webdo.tn\/fr\/actualite\/international\/fusillade-et-prise-dotages-porte-de-vincennes-paris\/184254\/#article","isPartOf":{"@id":"https:\/\/www.webdo.tn\/fr\/actualite\/international\/fusillade-et-prise-dotages-porte-de-vincennes-paris\/184254\/"},"author":{"name":"webdo.tn","@id":"https:\/\/www.webdo.tn\/fr\/#\/schema\/person\/9a9c6118d687c117df8ef3cc36a4d175"},"headline":"Fusillade et prise d\u2019otages porte de Vincennes \u00e0 Paris","datePublished":"2015-01-09T13:57:00+00:00","mainEntityOfPage":{"@id":"https:\/\/www.webdo.tn\/fr\/actualite\/international\/fusillade-et-prise-dotages-porte-de-vincennes-paris\/184254\/"},"wordCount":194,"commentCount":0,"publisher":{"@id":"https:\/\/www.webdo.tn\/fr\/#organization"},"image":{"@id":"https:\/\/www.webdo.tn\/fr\/actualite\/international\/fusillade-et-prise-dotages-porte-de-vincennes-paris\/184254\/#primaryimage"},"thumbnailUrl":"https:\/\/www.webdo.tn\/fr\/wp-content\/uploads\/2015\/01\/Un-homme-a-ouvert-le-feu-porte-de-Vincennes.-Credits-Twitter@daviddlr.jpg","keywords":["guerre"],"articleSection":["International"],"inLanguage":"fr-FR"},{"@type":"WebPage","@id":"https:\/\/www.webdo.tn\/fr\/actualite\/international\/fusillade-et-prise-dotages-porte-de-vincennes-paris\/184254\/","url":"https:\/\/www.webdo.tn\/fr\/actualite\/international\/fusillade-et-prise-dotages-porte-de-vincennes-paris\/184254\/","name":"Fusillade et prise d\u2019otages porte de Vincennes \u00e0 Paris","isPartOf":{"@id":"https:\/\/www.webdo.tn\/fr\/#website"},"primaryImageOfPage":{"@id":"https:\/\/www.webdo.tn\/fr\/actualite\/international\/fusillade-et-prise-dotages-porte-de-vincennes-paris\/184254\/#primaryimage"},"image":{"@id":"https:\/\/www.webdo.tn\/fr\/actualite\/international\/fusillade-et-prise-dotages-porte-de-vincennes-paris\/184254\/#primaryimage"},"thumbnailUrl":"https:\/\/www.webdo.tn\/fr\/wp-content\/uploads\/2015\/01\/Un-homme-a-ouvert-le-feu-porte-de-Vincennes.-Credits-Twitter@daviddlr.jpg","datePublished":"2015-01-09T13:57:00+00:00","description":"Fusillade et prise d\u2019otages porte de Vincennes \u00e0 Paris","breadcrumb":{"@id":"https:\/\/www.webdo.tn\/fr\/actualite\/international\/fusillade-et-prise-dotages-porte-de-vincennes-paris\/184254\/#breadcrumb"},"inLanguage":"fr-FR","potentialAction":[{"@type":"ReadAction","target":["https:\/\/www.webdo.tn\/fr\/actualite\/international\/fusillade-et-prise-dotages-porte-de-vincennes-paris\/184254\/"]}]},{"@type":"ImageObject","inLanguage":"fr-FR","@id":"https:\/\/www.webdo.tn\/fr\/actualite\/international\/fusillade-et-prise-dotages-porte-de-vincennes-paris\/184254\/#primaryimage","url":"https:\/\/www.webdo.tn\/fr\/wp-content\/uploads\/2015\/01\/Un-homme-a-ouvert-le-feu-porte-de-Vincennes.-Credits-Twitter@daviddlr.jpg","contentUrl":"https:\/\/www.webdo.tn\/fr\/wp-content\/uploads\/2015\/01\/Un-homme-a-ouvert-le-feu-porte-de-Vincennes.-Credits-Twitter@daviddlr.jpg","width":438,"height":350,"caption":"Fusillade et prise d\u2019otages porte de Vincennes \u00e0 Paris"},{"@type":"BreadcrumbList","@id":"https:\/\/www.webdo.tn\/fr\/actualite\/international\/fusillade-et-prise-dotages-porte-de-vincennes-paris\/184254\/#breadcrumb","itemListElement":[{"@type":"ListItem","position":1,"name":"Accueil","item":"https:\/\/www.webdo.tn\/fr\/"},{"@type":"ListItem","position":2,"name":"Fusillade et prise d\u2019otages porte de Vincennes \u00e0 Paris"}]},{"@type":"WebSite","@id":"https:\/\/www.webdo.tn\/fr\/#website","url":"https:\/\/www.webdo.tn\/fr\/","name":"webdo","description":"Tunisie - News en Tunisie et \u00e0 l&#039;international sur Webdo.tn","publisher":{"@id":"https:\/\/www.webdo.tn\/fr\/#organization"},"potentialAction":[{"@type":"SearchAction","target":{"@type":"EntryPoint","urlTemplate":"https:\/\/www.webdo.tn\/fr\/?s={search_term_string}"},"query-input":{"@type":"PropertyValueSpecification","valueRequired":true,"valueName":"search_term_string"}}],"inLanguage":"fr-FR"},{"@type":"Organization","@id":"https:\/\/www.webdo.tn\/fr\/#organization","name":"Webdo","alternateName":"Webdo.tn","url":"https:\/\/www.webdo.tn\/fr\/","logo":{"@type":"ImageObject","inLanguage":"fr-FR","@id":"https:\/\/www.webdo.tn\/fr\/#\/schema\/logo\/image\/","url":"https:\/\/www.webdo.tn\/fr\/wp-content\/uploads\/2025\/06\/Webdo-Tunisie_168377.jpg","contentUrl":"https:\/\/www.webdo.tn\/fr\/wp-content\/uploads\/2025\/06\/Webdo-Tunisie_168377.jpg","width":301,"height":301,"caption":"Webdo"},"image":{"@id":"https:\/\/www.webdo.tn\/fr\/#\/schema\/logo\/image\/"},"sameAs":["https:\/\/www.facebook.com\/webdotn","https:\/\/x.com\/webdo_tn"],"description":"Webdo est un m\u00e9dia num\u00e9rique tunisien fond\u00e9 en 2010, sp\u00e9cialis\u00e9 dans l\u2019actualit\u00e9 nationale et internationale, l\u2019\u00e9conomie, la soci\u00e9t\u00e9 et les analyses politiques. Le site s\u2019adresse \u00e0 un large public francophone et couvre l\u2019information tunisienne en temps r\u00e9el.","email":"redac@webdo.tn","legalName":"YNJ SARL","foundingDate":"2010-09-06","numberOfEmployees":{"@type":"QuantitativeValue","minValue":"11","maxValue":"50"}},{"@type":"Person","@id":"https:\/\/www.webdo.tn\/fr\/#\/schema\/person\/9a9c6118d687c117df8ef3cc36a4d175","name":"webdo.tn","image":{"@type":"ImageObject","inLanguage":"fr-FR","@id":"https:\/\/secure.gravatar.com\/avatar\/7ce1f28c0c3bbac99ff550b85ef8e44a6950c6ee24514fb6a5489e51d06f0298?s=96&d=mm&r=g","url":"https:\/\/secure.gravatar.com\/avatar\/7ce1f28c0c3bbac99ff550b85ef8e44a6950c6ee24514fb6a5489e51d06f0298?s=96&d=mm&r=g","contentUrl":"https:\/\/secure.gravatar.com\/avatar\/7ce1f28c0c3bbac99ff550b85ef8e44a6950c6ee24514fb6a5489e51d06f0298?s=96&d=mm&r=g","caption":"webdo.tn"},"url":"https:\/\/www.webdo.tn\/fr\/actualite\/author\/webdotn\/"}]}},"_links":{"self":[{"href":"https:\/\/www.webdo.tn\/fr\/wp-json\/wp\/v2\/posts\/184254","targetHints":{"allow":["GET"]}}],"collection":[{"href":"https:\/\/www.webdo.tn\/fr\/wp-json\/wp\/v2\/posts"}],"about":[{"href":"https:\/\/www.webdo.tn\/fr\/wp-json\/wp\/v2\/types\/post"}],"author":[{"embeddable":true,"href":"https:\/\/www.webdo.tn\/fr\/wp-json\/wp\/v2\/users\/3222"}],"replies":[{"embeddable":true,"href":"https:\/\/www.webdo.tn\/fr\/wp-json\/wp\/v2\/comments?post=184254"}],"version-history":[{"count":0,"href":"https:\/\/www.webdo.tn\/fr\/wp-json\/wp\/v2\/posts\/184254\/revisions"}],"wp:featuredmedia":[{"embeddable":true,"href":"https:\/\/www.webdo.tn\/fr\/wp-json\/wp\/v2\/media\/330896"}],"wp:attachment":[{"href":"https:\/\/www.webdo.tn\/fr\/wp-json\/wp\/v2\/media?parent=184254"}],"wp:term":[{"taxonomy":"category","embeddable":true,"href":"https:\/\/www.webdo.tn\/fr\/wp-json\/wp\/v2\/categories?post=184254"},{"taxonomy":"post_tag","embeddable":true,"href":"https:\/\/www.webdo.tn\/fr\/wp-json\/wp\/v2\/tags?post=184254"}],"curies":[{"name":"wp","href":"https:\/\/api.w.org\/{rel}","templated":true}]}}