{"id":184253,"date":"2015-01-09T16:33:00","date_gmt":"2015-01-09T16:33:00","guid":{"rendered":"https:\/\/www.webdo.tn\/fr\/blog\/porte-de-vincennes-2-personnes-tuees-et-5-prises-en-otages\/184253\/"},"modified":"2015-01-09T16:33:00","modified_gmt":"2015-01-09T16:33:00","slug":"porte-de-vincennes-2-personnes-tuees-et-5-prises-en-otages","status":"publish","type":"post","link":"https:\/\/www.webdo.tn\/fr\/actualite\/international\/porte-de-vincennes-2-personnes-tuees-et-5-prises-en-otages\/184253\/","title":{"rendered":"Porte de Vincennes : 2 personnes tu\u00e9es et 5 prises en otages"},"content":{"rendered":"<p>Au moins deux personnes ont \u00e9t\u00e9 tu\u00e9es au cours de la fusillade qui a \u00e9clat\u00e9, ce vendredi 9 janvier, dans un supermarch\u00e9 casher \u00e0 l&rsquo;est de Paris \u00e0 la porte de Vincennes, o\u00f9 au moins cinq personnes \u00e9taient retenues en otage, selon l\u2019AFP.<\/p>\n<p>L&rsquo;auteur de l&rsquo;attaque serait celui qui avait tu\u00e9 la veille une jeune polici\u00e8re municipale dans la banlieue sud de la capitale et bless\u00e9 une autre personne. Il aurait \u00e9galement un lien avec les fr\u00e8res Sa\u00efd et Ch\u00e9rif Kouachi, deux jihadistes fran\u00e7ais soup\u00e7onn\u00e9s d\u2019\u00eatre les auteurs de l\u2019attaque contre Charlie Hebdo, mercredi qui a fait 12 morts.<\/p>\n<p>L\u2019AFP rapporte que vers 13h00, un homme muni de deux fusils-mitrailleurs a fait irruption dans le supermarch\u00e9 casher, et a ouvert le feu. Il y aurait au moins deux morts et cinq personnes prises en otages en attendant une confirmation officielle.<\/p>\n<p>La police fran\u00e7aise a diffus\u00e9 un appel \u00e0 t\u00e9moins avec les photos d&rsquo;un homme et d&rsquo;une femme, recherch\u00e9s dans l&rsquo;enqu\u00eate sur la fusillade de Montrouge. Ces personnes susceptibles d&rsquo;\u00eatre arm\u00e9es et dangereuses, sont Amedy Coulibaly, 32 ans, et Hayat Boumeddiene, 26 ans.<\/p>\n<p>Coulibaly est soup\u00e7onn\u00e9 d&rsquo;avoir un lien avec les fr\u00e8res Kouachi, actuellement encercl\u00e9s par les forces de police \u00e0 une quarantaine de km de Paris.<\/p>\n<p>Selon des rapports de la sous-direction antiterroriste, Ch\u00e9rif Kouachi, l&rsquo;un des auteurs pr\u00e9sum\u00e9s de l&rsquo;attentat de Charlie Hebdo et Amedy Coulibaly, \u00e9taient deux des principaux disciples de Djamel Beghal, d\u00e9j\u00e0 condamn\u00e9 pour terrorisme.<\/p>\n","protected":false},"excerpt":{"rendered":"<p>Porte de Vincennes : 2 personnes tu\u00e9es et 5 prises en otages<\/p>\n","protected":false},"author":3222,"featured_media":330903,"comment_status":"open","ping_status":"closed","sticky":false,"template":"","format":"standard","meta":{"footnotes":""},"categories":[2598],"tags":[2600],"class_list":["post-184253","post","type-post","status-publish","format-standard","has-post-thumbnail","hentry","category-international","tag-guerre"],"yoast_head":"<!-- This site is optimized with the Yoast SEO Premium plugin v27.5 (Yoast SEO v27.5) - https:\/\/yoast.com\/product\/yoast-seo-premium-wordpress\/ -->\n<title>Porte de Vincennes : 2 personnes tu\u00e9es et 5 prises en otages<\/title>\n<meta name=\"description\" content=\"Porte de Vincennes : 2 personnes tu\u00e9es et 5 prises en otages\" \/>\n<link rel=\"canonical\" href=\"https:\/\/www.webdo.tn\/fr\/actualite\/international\/porte-de-vincennes-2-personnes-tuees-et-5-prises-en-otages\/184253\/\" \/>\n<meta property=\"og:locale\" content=\"fr_FR\" \/>\n<meta property=\"og:type\" content=\"article\" \/>\n<meta property=\"og:title\" content=\"Porte de Vincennes : 2 personnes tu\u00e9es et 5 prises en otages\" \/>\n<meta property=\"og:description\" content=\"Porte de Vincennes : 2 personnes tu\u00e9es et 5 prises en otages\" \/>\n<meta property=\"og:url\" content=\"https:\/\/www.webdo.tn\/fr\/actualite\/international\/porte-de-vincennes-2-personnes-tuees-et-5-prises-en-otages\/184253\/\" \/>\n<meta property=\"og:site_name\" content=\"webdo\" \/>\n<meta property=\"article:publisher\" content=\"https:\/\/www.facebook.com\/webdotn\" \/>\n<meta property=\"article:published_time\" content=\"2015-01-09T16:33:00+00:00\" \/>\n<meta property=\"og:image\" content=\"https:\/\/www.webdo.tn\/fr\/wp-content\/uploads\/2015\/01\/Amedy-coulibaly.jpg\" \/>\n\t<meta property=\"og:image:width\" content=\"444\" \/>\n\t<meta property=\"og:image:height\" content=\"288\" \/>\n\t<meta property=\"og:image:type\" content=\"image\/jpeg\" \/>\n<meta name=\"author\" content=\"webdo.tn\" \/>\n<meta name=\"twitter:card\" content=\"summary_large_image\" \/>\n<meta name=\"twitter:creator\" content=\"@webdo_tn\" \/>\n<meta name=\"twitter:site\" content=\"@webdo_tn\" \/>\n<meta name=\"twitter:label1\" content=\"\u00c9crit par\" \/>\n\t<meta name=\"twitter:data1\" content=\"webdo.tn\" \/>\n\t<meta name=\"twitter:label2\" content=\"Dur\u00e9e de lecture estim\u00e9e\" \/>\n\t<meta name=\"twitter:data2\" content=\"1 minute\" \/>\n<script type=\"application\/ld+json\" class=\"yoast-schema-graph\">{\"@context\":\"https:\\\/\\\/schema.org\",\"@graph\":[{\"@type\":\"NewsArticle\",\"@id\":\"https:\\\/\\\/www.webdo.tn\\\/fr\\\/actualite\\\/international\\\/porte-de-vincennes-2-personnes-tuees-et-5-prises-en-otages\\\/184253\\\/#article\",\"isPartOf\":{\"@id\":\"https:\\\/\\\/www.webdo.tn\\\/fr\\\/actualite\\\/international\\\/porte-de-vincennes-2-personnes-tuees-et-5-prises-en-otages\\\/184253\\\/\"},\"author\":{\"name\":\"webdo.tn\",\"@id\":\"https:\\\/\\\/www.webdo.tn\\\/fr\\\/#\\\/schema\\\/person\\\/9a9c6118d687c117df8ef3cc36a4d175\"},\"headline\":\"Porte de Vincennes : 2 personnes tu\u00e9es et 5 prises en otages\",\"datePublished\":\"2015-01-09T16:33:00+00:00\",\"mainEntityOfPage\":{\"@id\":\"https:\\\/\\\/www.webdo.tn\\\/fr\\\/actualite\\\/international\\\/porte-de-vincennes-2-personnes-tuees-et-5-prises-en-otages\\\/184253\\\/\"},\"wordCount\":275,\"commentCount\":0,\"publisher\":{\"@id\":\"https:\\\/\\\/www.webdo.tn\\\/fr\\\/#organization\"},\"image\":{\"@id\":\"https:\\\/\\\/www.webdo.tn\\\/fr\\\/actualite\\\/international\\\/porte-de-vincennes-2-personnes-tuees-et-5-prises-en-otages\\\/184253\\\/#primaryimage\"},\"thumbnailUrl\":\"https:\\\/\\\/www.webdo.tn\\\/fr\\\/wp-content\\\/uploads\\\/2015\\\/01\\\/Amedy-coulibaly.jpg\",\"keywords\":[\"guerre\"],\"articleSection\":[\"International\"],\"inLanguage\":\"fr-FR\"},{\"@type\":\"WebPage\",\"@id\":\"https:\\\/\\\/www.webdo.tn\\\/fr\\\/actualite\\\/international\\\/porte-de-vincennes-2-personnes-tuees-et-5-prises-en-otages\\\/184253\\\/\",\"url\":\"https:\\\/\\\/www.webdo.tn\\\/fr\\\/actualite\\\/international\\\/porte-de-vincennes-2-personnes-tuees-et-5-prises-en-otages\\\/184253\\\/\",\"name\":\"Porte de Vincennes : 2 personnes tu\u00e9es et 5 prises en otages\",\"isPartOf\":{\"@id\":\"https:\\\/\\\/www.webdo.tn\\\/fr\\\/#website\"},\"primaryImageOfPage\":{\"@id\":\"https:\\\/\\\/www.webdo.tn\\\/fr\\\/actualite\\\/international\\\/porte-de-vincennes-2-personnes-tuees-et-5-prises-en-otages\\\/184253\\\/#primaryimage\"},\"image\":{\"@id\":\"https:\\\/\\\/www.webdo.tn\\\/fr\\\/actualite\\\/international\\\/porte-de-vincennes-2-personnes-tuees-et-5-prises-en-otages\\\/184253\\\/#primaryimage\"},\"thumbnailUrl\":\"https:\\\/\\\/www.webdo.tn\\\/fr\\\/wp-content\\\/uploads\\\/2015\\\/01\\\/Amedy-coulibaly.jpg\",\"datePublished\":\"2015-01-09T16:33:00+00:00\",\"description\":\"Porte de Vincennes : 2 personnes tu\u00e9es et 5 prises en otages\",\"breadcrumb\":{\"@id\":\"https:\\\/\\\/www.webdo.tn\\\/fr\\\/actualite\\\/international\\\/porte-de-vincennes-2-personnes-tuees-et-5-prises-en-otages\\\/184253\\\/#breadcrumb\"},\"inLanguage\":\"fr-FR\",\"potentialAction\":[{\"@type\":\"ReadAction\",\"target\":[\"https:\\\/\\\/www.webdo.tn\\\/fr\\\/actualite\\\/international\\\/porte-de-vincennes-2-personnes-tuees-et-5-prises-en-otages\\\/184253\\\/\"]}]},{\"@type\":\"ImageObject\",\"inLanguage\":\"fr-FR\",\"@id\":\"https:\\\/\\\/www.webdo.tn\\\/fr\\\/actualite\\\/international\\\/porte-de-vincennes-2-personnes-tuees-et-5-prises-en-otages\\\/184253\\\/#primaryimage\",\"url\":\"https:\\\/\\\/www.webdo.tn\\\/fr\\\/wp-content\\\/uploads\\\/2015\\\/01\\\/Amedy-coulibaly.jpg\",\"contentUrl\":\"https:\\\/\\\/www.webdo.tn\\\/fr\\\/wp-content\\\/uploads\\\/2015\\\/01\\\/Amedy-coulibaly.jpg\",\"width\":444,\"height\":288,\"caption\":\"Porte de Vincennes : 2 personnes tu\u00e9es et 5 prises en otages\"},{\"@type\":\"BreadcrumbList\",\"@id\":\"https:\\\/\\\/www.webdo.tn\\\/fr\\\/actualite\\\/international\\\/porte-de-vincennes-2-personnes-tuees-et-5-prises-en-otages\\\/184253\\\/#breadcrumb\",\"itemListElement\":[{\"@type\":\"ListItem\",\"position\":1,\"name\":\"Accueil\",\"item\":\"https:\\\/\\\/www.webdo.tn\\\/fr\\\/\"},{\"@type\":\"ListItem\",\"position\":2,\"name\":\"Porte de Vincennes : 2 personnes tu\u00e9es et 5 prises en otages\"}]},{\"@type\":\"WebSite\",\"@id\":\"https:\\\/\\\/www.webdo.tn\\\/fr\\\/#website\",\"url\":\"https:\\\/\\\/www.webdo.tn\\\/fr\\\/\",\"name\":\"webdo\",\"description\":\"Tunisie - News en Tunisie et \u00e0 l&#039;international sur Webdo.tn\",\"publisher\":{\"@id\":\"https:\\\/\\\/www.webdo.tn\\\/fr\\\/#organization\"},\"potentialAction\":[{\"@type\":\"SearchAction\",\"target\":{\"@type\":\"EntryPoint\",\"urlTemplate\":\"https:\\\/\\\/www.webdo.tn\\\/fr\\\/?s={search_term_string}\"},\"query-input\":{\"@type\":\"PropertyValueSpecification\",\"valueRequired\":true,\"valueName\":\"search_term_string\"}}],\"inLanguage\":\"fr-FR\"},{\"@type\":\"Organization\",\"@id\":\"https:\\\/\\\/www.webdo.tn\\\/fr\\\/#organization\",\"name\":\"Webdo\",\"alternateName\":\"Webdo.tn\",\"url\":\"https:\\\/\\\/www.webdo.tn\\\/fr\\\/\",\"logo\":{\"@type\":\"ImageObject\",\"inLanguage\":\"fr-FR\",\"@id\":\"https:\\\/\\\/www.webdo.tn\\\/fr\\\/#\\\/schema\\\/logo\\\/image\\\/\",\"url\":\"https:\\\/\\\/www.webdo.tn\\\/fr\\\/wp-content\\\/uploads\\\/2025\\\/06\\\/Webdo-Tunisie_168377.jpg\",\"contentUrl\":\"https:\\\/\\\/www.webdo.tn\\\/fr\\\/wp-content\\\/uploads\\\/2025\\\/06\\\/Webdo-Tunisie_168377.jpg\",\"width\":301,\"height\":301,\"caption\":\"Webdo\"},\"image\":{\"@id\":\"https:\\\/\\\/www.webdo.tn\\\/fr\\\/#\\\/schema\\\/logo\\\/image\\\/\"},\"sameAs\":[\"https:\\\/\\\/www.facebook.com\\\/webdotn\",\"https:\\\/\\\/x.com\\\/webdo_tn\"],\"description\":\"Webdo est un m\u00e9dia num\u00e9rique tunisien fond\u00e9 en 2010, sp\u00e9cialis\u00e9 dans l\u2019actualit\u00e9 nationale et internationale, l\u2019\u00e9conomie, la soci\u00e9t\u00e9 et les analyses politiques. Le site s\u2019adresse \u00e0 un large public francophone et couvre l\u2019information tunisienne en temps r\u00e9el.\",\"email\":\"redac@webdo.tn\",\"legalName\":\"YNJ SARL\",\"foundingDate\":\"2010-09-06\",\"numberOfEmployees\":{\"@type\":\"QuantitativeValue\",\"minValue\":\"11\",\"maxValue\":\"50\"}},{\"@type\":\"Person\",\"@id\":\"https:\\\/\\\/www.webdo.tn\\\/fr\\\/#\\\/schema\\\/person\\\/9a9c6118d687c117df8ef3cc36a4d175\",\"name\":\"webdo.tn\",\"image\":{\"@type\":\"ImageObject\",\"inLanguage\":\"fr-FR\",\"@id\":\"https:\\\/\\\/secure.gravatar.com\\\/avatar\\\/7ce1f28c0c3bbac99ff550b85ef8e44a6950c6ee24514fb6a5489e51d06f0298?s=96&d=mm&r=g\",\"url\":\"https:\\\/\\\/secure.gravatar.com\\\/avatar\\\/7ce1f28c0c3bbac99ff550b85ef8e44a6950c6ee24514fb6a5489e51d06f0298?s=96&d=mm&r=g\",\"contentUrl\":\"https:\\\/\\\/secure.gravatar.com\\\/avatar\\\/7ce1f28c0c3bbac99ff550b85ef8e44a6950c6ee24514fb6a5489e51d06f0298?s=96&d=mm&r=g\",\"caption\":\"webdo.tn\"},\"url\":\"https:\\\/\\\/www.webdo.tn\\\/fr\\\/actualite\\\/author\\\/webdotn\\\/\"}]}<\/script>\n<!-- \/ Yoast SEO Premium plugin. -->","yoast_head_json":{"title":"Porte de Vincennes : 2 personnes tu\u00e9es et 5 prises en otages","description":"Porte de Vincennes : 2 personnes tu\u00e9es et 5 prises en otages","canonical":"https:\/\/www.webdo.tn\/fr\/actualite\/international\/porte-de-vincennes-2-personnes-tuees-et-5-prises-en-otages\/184253\/","og_locale":"fr_FR","og_type":"article","og_title":"Porte de Vincennes : 2 personnes tu\u00e9es et 5 prises en otages","og_description":"Porte de Vincennes : 2 personnes tu\u00e9es et 5 prises en otages","og_url":"https:\/\/www.webdo.tn\/fr\/actualite\/international\/porte-de-vincennes-2-personnes-tuees-et-5-prises-en-otages\/184253\/","og_site_name":"webdo","article_publisher":"https:\/\/www.facebook.com\/webdotn","article_published_time":"2015-01-09T16:33:00+00:00","og_image":[{"width":444,"height":288,"url":"https:\/\/www.webdo.tn\/fr\/wp-content\/uploads\/2015\/01\/Amedy-coulibaly.jpg","type":"image\/jpeg"}],"author":"webdo.tn","twitter_card":"summary_large_image","twitter_creator":"@webdo_tn","twitter_site":"@webdo_tn","twitter_misc":{"\u00c9crit par":"webdo.tn","Dur\u00e9e de lecture estim\u00e9e":"1 minute"},"schema":{"@context":"https:\/\/schema.org","@graph":[{"@type":"NewsArticle","@id":"https:\/\/www.webdo.tn\/fr\/actualite\/international\/porte-de-vincennes-2-personnes-tuees-et-5-prises-en-otages\/184253\/#article","isPartOf":{"@id":"https:\/\/www.webdo.tn\/fr\/actualite\/international\/porte-de-vincennes-2-personnes-tuees-et-5-prises-en-otages\/184253\/"},"author":{"name":"webdo.tn","@id":"https:\/\/www.webdo.tn\/fr\/#\/schema\/person\/9a9c6118d687c117df8ef3cc36a4d175"},"headline":"Porte de Vincennes : 2 personnes tu\u00e9es et 5 prises en otages","datePublished":"2015-01-09T16:33:00+00:00","mainEntityOfPage":{"@id":"https:\/\/www.webdo.tn\/fr\/actualite\/international\/porte-de-vincennes-2-personnes-tuees-et-5-prises-en-otages\/184253\/"},"wordCount":275,"commentCount":0,"publisher":{"@id":"https:\/\/www.webdo.tn\/fr\/#organization"},"image":{"@id":"https:\/\/www.webdo.tn\/fr\/actualite\/international\/porte-de-vincennes-2-personnes-tuees-et-5-prises-en-otages\/184253\/#primaryimage"},"thumbnailUrl":"https:\/\/www.webdo.tn\/fr\/wp-content\/uploads\/2015\/01\/Amedy-coulibaly.jpg","keywords":["guerre"],"articleSection":["International"],"inLanguage":"fr-FR"},{"@type":"WebPage","@id":"https:\/\/www.webdo.tn\/fr\/actualite\/international\/porte-de-vincennes-2-personnes-tuees-et-5-prises-en-otages\/184253\/","url":"https:\/\/www.webdo.tn\/fr\/actualite\/international\/porte-de-vincennes-2-personnes-tuees-et-5-prises-en-otages\/184253\/","name":"Porte de Vincennes : 2 personnes tu\u00e9es et 5 prises en otages","isPartOf":{"@id":"https:\/\/www.webdo.tn\/fr\/#website"},"primaryImageOfPage":{"@id":"https:\/\/www.webdo.tn\/fr\/actualite\/international\/porte-de-vincennes-2-personnes-tuees-et-5-prises-en-otages\/184253\/#primaryimage"},"image":{"@id":"https:\/\/www.webdo.tn\/fr\/actualite\/international\/porte-de-vincennes-2-personnes-tuees-et-5-prises-en-otages\/184253\/#primaryimage"},"thumbnailUrl":"https:\/\/www.webdo.tn\/fr\/wp-content\/uploads\/2015\/01\/Amedy-coulibaly.jpg","datePublished":"2015-01-09T16:33:00+00:00","description":"Porte de Vincennes : 2 personnes tu\u00e9es et 5 prises en otages","breadcrumb":{"@id":"https:\/\/www.webdo.tn\/fr\/actualite\/international\/porte-de-vincennes-2-personnes-tuees-et-5-prises-en-otages\/184253\/#breadcrumb"},"inLanguage":"fr-FR","potentialAction":[{"@type":"ReadAction","target":["https:\/\/www.webdo.tn\/fr\/actualite\/international\/porte-de-vincennes-2-personnes-tuees-et-5-prises-en-otages\/184253\/"]}]},{"@type":"ImageObject","inLanguage":"fr-FR","@id":"https:\/\/www.webdo.tn\/fr\/actualite\/international\/porte-de-vincennes-2-personnes-tuees-et-5-prises-en-otages\/184253\/#primaryimage","url":"https:\/\/www.webdo.tn\/fr\/wp-content\/uploads\/2015\/01\/Amedy-coulibaly.jpg","contentUrl":"https:\/\/www.webdo.tn\/fr\/wp-content\/uploads\/2015\/01\/Amedy-coulibaly.jpg","width":444,"height":288,"caption":"Porte de Vincennes : 2 personnes tu\u00e9es et 5 prises en otages"},{"@type":"BreadcrumbList","@id":"https:\/\/www.webdo.tn\/fr\/actualite\/international\/porte-de-vincennes-2-personnes-tuees-et-5-prises-en-otages\/184253\/#breadcrumb","itemListElement":[{"@type":"ListItem","position":1,"name":"Accueil","item":"https:\/\/www.webdo.tn\/fr\/"},{"@type":"ListItem","position":2,"name":"Porte de Vincennes : 2 personnes tu\u00e9es et 5 prises en otages"}]},{"@type":"WebSite","@id":"https:\/\/www.webdo.tn\/fr\/#website","url":"https:\/\/www.webdo.tn\/fr\/","name":"webdo","description":"Tunisie - News en Tunisie et \u00e0 l&#039;international sur Webdo.tn","publisher":{"@id":"https:\/\/www.webdo.tn\/fr\/#organization"},"potentialAction":[{"@type":"SearchAction","target":{"@type":"EntryPoint","urlTemplate":"https:\/\/www.webdo.tn\/fr\/?s={search_term_string}"},"query-input":{"@type":"PropertyValueSpecification","valueRequired":true,"valueName":"search_term_string"}}],"inLanguage":"fr-FR"},{"@type":"Organization","@id":"https:\/\/www.webdo.tn\/fr\/#organization","name":"Webdo","alternateName":"Webdo.tn","url":"https:\/\/www.webdo.tn\/fr\/","logo":{"@type":"ImageObject","inLanguage":"fr-FR","@id":"https:\/\/www.webdo.tn\/fr\/#\/schema\/logo\/image\/","url":"https:\/\/www.webdo.tn\/fr\/wp-content\/uploads\/2025\/06\/Webdo-Tunisie_168377.jpg","contentUrl":"https:\/\/www.webdo.tn\/fr\/wp-content\/uploads\/2025\/06\/Webdo-Tunisie_168377.jpg","width":301,"height":301,"caption":"Webdo"},"image":{"@id":"https:\/\/www.webdo.tn\/fr\/#\/schema\/logo\/image\/"},"sameAs":["https:\/\/www.facebook.com\/webdotn","https:\/\/x.com\/webdo_tn"],"description":"Webdo est un m\u00e9dia num\u00e9rique tunisien fond\u00e9 en 2010, sp\u00e9cialis\u00e9 dans l\u2019actualit\u00e9 nationale et internationale, l\u2019\u00e9conomie, la soci\u00e9t\u00e9 et les analyses politiques. Le site s\u2019adresse \u00e0 un large public francophone et couvre l\u2019information tunisienne en temps r\u00e9el.","email":"redac@webdo.tn","legalName":"YNJ SARL","foundingDate":"2010-09-06","numberOfEmployees":{"@type":"QuantitativeValue","minValue":"11","maxValue":"50"}},{"@type":"Person","@id":"https:\/\/www.webdo.tn\/fr\/#\/schema\/person\/9a9c6118d687c117df8ef3cc36a4d175","name":"webdo.tn","image":{"@type":"ImageObject","inLanguage":"fr-FR","@id":"https:\/\/secure.gravatar.com\/avatar\/7ce1f28c0c3bbac99ff550b85ef8e44a6950c6ee24514fb6a5489e51d06f0298?s=96&d=mm&r=g","url":"https:\/\/secure.gravatar.com\/avatar\/7ce1f28c0c3bbac99ff550b85ef8e44a6950c6ee24514fb6a5489e51d06f0298?s=96&d=mm&r=g","contentUrl":"https:\/\/secure.gravatar.com\/avatar\/7ce1f28c0c3bbac99ff550b85ef8e44a6950c6ee24514fb6a5489e51d06f0298?s=96&d=mm&r=g","caption":"webdo.tn"},"url":"https:\/\/www.webdo.tn\/fr\/actualite\/author\/webdotn\/"}]}},"_links":{"self":[{"href":"https:\/\/www.webdo.tn\/fr\/wp-json\/wp\/v2\/posts\/184253","targetHints":{"allow":["GET"]}}],"collection":[{"href":"https:\/\/www.webdo.tn\/fr\/wp-json\/wp\/v2\/posts"}],"about":[{"href":"https:\/\/www.webdo.tn\/fr\/wp-json\/wp\/v2\/types\/post"}],"author":[{"embeddable":true,"href":"https:\/\/www.webdo.tn\/fr\/wp-json\/wp\/v2\/users\/3222"}],"replies":[{"embeddable":true,"href":"https:\/\/www.webdo.tn\/fr\/wp-json\/wp\/v2\/comments?post=184253"}],"version-history":[{"count":0,"href":"https:\/\/www.webdo.tn\/fr\/wp-json\/wp\/v2\/posts\/184253\/revisions"}],"wp:featuredmedia":[{"embeddable":true,"href":"https:\/\/www.webdo.tn\/fr\/wp-json\/wp\/v2\/media\/330903"}],"wp:attachment":[{"href":"https:\/\/www.webdo.tn\/fr\/wp-json\/wp\/v2\/media?parent=184253"}],"wp:term":[{"taxonomy":"category","embeddable":true,"href":"https:\/\/www.webdo.tn\/fr\/wp-json\/wp\/v2\/categories?post=184253"},{"taxonomy":"post_tag","embeddable":true,"href":"https:\/\/www.webdo.tn\/fr\/wp-json\/wp\/v2\/tags?post=184253"}],"curies":[{"name":"wp","href":"https:\/\/api.w.org\/{rel}","templated":true}]}}