{"id":184251,"date":"2015-01-09T21:22:00","date_gmt":"2015-01-09T21:22:00","guid":{"rendered":"https:\/\/www.webdo.tn\/fr\/blog\/porte-de-vincennes-quatre-otages-morts-le-preneur-dotage-amedy-coulibaly-abattu\/184251\/"},"modified":"2015-01-09T21:22:00","modified_gmt":"2015-01-09T21:22:00","slug":"porte-de-vincennes-quatre-otages-morts-le-preneur-dotage-amedy-coulibaly-abattu","status":"publish","type":"post","link":"https:\/\/www.webdo.tn\/fr\/actualite\/international\/porte-de-vincennes-quatre-otages-morts-le-preneur-dotage-amedy-coulibaly-abattu\/184251\/","title":{"rendered":"Porte de Vincennes : Quatre otages morts, le preneur d&rsquo;otage Amedy Coulibaly abattu"},"content":{"rendered":"<p>Quatre des personnes prises en otage \u00e0 la porte de Vincennes, \u00e0 l&rsquo;est de Paris, ont \u00e9t\u00e9 tu\u00e9es, et Amedy Coulibaly, l&rsquo;un des preneurs d&rsquo;otage, a \u00e9t\u00e9 abattu dans l&rsquo;assaut donn\u00e9 par les forces de l&rsquo;ordre fran\u00e7aises peu apr\u00e8s 17 h ce vendredi 9 janvier.<\/p>\n<p>Sa complice, Hayat Boumeddiene, est toujours recherch\u00e9e.<\/p>\n","protected":false},"excerpt":{"rendered":"<p>Porte de Vincennes : Quatre otages morts, le preneur d&rsquo;otage Amedy Coulibaly abattu<\/p>\n","protected":false},"author":3222,"featured_media":335423,"comment_status":"open","ping_status":"closed","sticky":false,"template":"","format":"standard","meta":{"footnotes":""},"categories":[2598],"tags":[2600],"class_list":["post-184251","post","type-post","status-publish","format-standard","has-post-thumbnail","hentry","category-international","tag-guerre"],"yoast_head":"<!-- This site is optimized with the Yoast SEO Premium plugin v27.5 (Yoast SEO v27.5) - https:\/\/yoast.com\/product\/yoast-seo-premium-wordpress\/ -->\n<title>Porte de Vincennes : Quatre otages morts, le preneur d&#039;otage Amedy Coulibaly abattu<\/title>\n<meta name=\"description\" content=\"Porte de Vincennes : Quatre otages morts, le preneur d&#039;otage Amedy Coulibaly abattu\" \/>\n<link rel=\"canonical\" href=\"https:\/\/www.webdo.tn\/fr\/actualite\/international\/porte-de-vincennes-quatre-otages-morts-le-preneur-dotage-amedy-coulibaly-abattu\/184251\/\" \/>\n<meta property=\"og:locale\" content=\"fr_FR\" \/>\n<meta property=\"og:type\" content=\"article\" \/>\n<meta property=\"og:title\" content=\"Porte de Vincennes : Quatre otages morts, le preneur d&#039;otage Amedy Coulibaly abattu\" \/>\n<meta property=\"og:description\" content=\"Porte de Vincennes : Quatre otages morts, le preneur d&#039;otage Amedy Coulibaly abattu\" \/>\n<meta property=\"og:url\" content=\"https:\/\/www.webdo.tn\/fr\/actualite\/international\/porte-de-vincennes-quatre-otages-morts-le-preneur-dotage-amedy-coulibaly-abattu\/184251\/\" \/>\n<meta property=\"og:site_name\" content=\"webdo\" \/>\n<meta property=\"article:publisher\" content=\"https:\/\/www.facebook.com\/webdotn\" \/>\n<meta property=\"article:published_time\" content=\"2015-01-09T21:22:00+00:00\" \/>\n<meta property=\"og:image\" content=\"https:\/\/www.webdo.tn\/fr\/wp-content\/uploads\/2015\/01\/assaut-vincennes.jpg\" \/>\n\t<meta property=\"og:image:width\" content=\"600\" \/>\n\t<meta property=\"og:image:height\" content=\"306\" \/>\n\t<meta property=\"og:image:type\" content=\"image\/jpeg\" \/>\n<meta name=\"author\" content=\"webdo.tn\" \/>\n<meta name=\"twitter:card\" content=\"summary_large_image\" \/>\n<meta name=\"twitter:creator\" content=\"@webdo_tn\" \/>\n<meta name=\"twitter:site\" content=\"@webdo_tn\" \/>\n<meta name=\"twitter:label1\" content=\"\u00c9crit par\" \/>\n\t<meta name=\"twitter:data1\" content=\"webdo.tn\" \/>\n<script type=\"application\/ld+json\" class=\"yoast-schema-graph\">{\"@context\":\"https:\\\/\\\/schema.org\",\"@graph\":[{\"@type\":\"NewsArticle\",\"@id\":\"https:\\\/\\\/www.webdo.tn\\\/fr\\\/actualite\\\/international\\\/porte-de-vincennes-quatre-otages-morts-le-preneur-dotage-amedy-coulibaly-abattu\\\/184251\\\/#article\",\"isPartOf\":{\"@id\":\"https:\\\/\\\/www.webdo.tn\\\/fr\\\/actualite\\\/international\\\/porte-de-vincennes-quatre-otages-morts-le-preneur-dotage-amedy-coulibaly-abattu\\\/184251\\\/\"},\"author\":{\"name\":\"webdo.tn\",\"@id\":\"https:\\\/\\\/www.webdo.tn\\\/fr\\\/#\\\/schema\\\/person\\\/9a9c6118d687c117df8ef3cc36a4d175\"},\"headline\":\"Porte de Vincennes : Quatre otages morts, le preneur d&rsquo;otage Amedy Coulibaly abattu\",\"datePublished\":\"2015-01-09T21:22:00+00:00\",\"mainEntityOfPage\":{\"@id\":\"https:\\\/\\\/www.webdo.tn\\\/fr\\\/actualite\\\/international\\\/porte-de-vincennes-quatre-otages-morts-le-preneur-dotage-amedy-coulibaly-abattu\\\/184251\\\/\"},\"wordCount\":70,\"commentCount\":0,\"publisher\":{\"@id\":\"https:\\\/\\\/www.webdo.tn\\\/fr\\\/#organization\"},\"image\":{\"@id\":\"https:\\\/\\\/www.webdo.tn\\\/fr\\\/actualite\\\/international\\\/porte-de-vincennes-quatre-otages-morts-le-preneur-dotage-amedy-coulibaly-abattu\\\/184251\\\/#primaryimage\"},\"thumbnailUrl\":\"https:\\\/\\\/www.webdo.tn\\\/fr\\\/wp-content\\\/uploads\\\/2015\\\/01\\\/assaut-vincennes.jpg\",\"keywords\":[\"guerre\"],\"articleSection\":[\"International\"],\"inLanguage\":\"fr-FR\"},{\"@type\":\"WebPage\",\"@id\":\"https:\\\/\\\/www.webdo.tn\\\/fr\\\/actualite\\\/international\\\/porte-de-vincennes-quatre-otages-morts-le-preneur-dotage-amedy-coulibaly-abattu\\\/184251\\\/\",\"url\":\"https:\\\/\\\/www.webdo.tn\\\/fr\\\/actualite\\\/international\\\/porte-de-vincennes-quatre-otages-morts-le-preneur-dotage-amedy-coulibaly-abattu\\\/184251\\\/\",\"name\":\"Porte de Vincennes : Quatre otages morts, le preneur d'otage Amedy Coulibaly abattu\",\"isPartOf\":{\"@id\":\"https:\\\/\\\/www.webdo.tn\\\/fr\\\/#website\"},\"primaryImageOfPage\":{\"@id\":\"https:\\\/\\\/www.webdo.tn\\\/fr\\\/actualite\\\/international\\\/porte-de-vincennes-quatre-otages-morts-le-preneur-dotage-amedy-coulibaly-abattu\\\/184251\\\/#primaryimage\"},\"image\":{\"@id\":\"https:\\\/\\\/www.webdo.tn\\\/fr\\\/actualite\\\/international\\\/porte-de-vincennes-quatre-otages-morts-le-preneur-dotage-amedy-coulibaly-abattu\\\/184251\\\/#primaryimage\"},\"thumbnailUrl\":\"https:\\\/\\\/www.webdo.tn\\\/fr\\\/wp-content\\\/uploads\\\/2015\\\/01\\\/assaut-vincennes.jpg\",\"datePublished\":\"2015-01-09T21:22:00+00:00\",\"description\":\"Porte de Vincennes : Quatre otages morts, le preneur d'otage Amedy Coulibaly abattu\",\"breadcrumb\":{\"@id\":\"https:\\\/\\\/www.webdo.tn\\\/fr\\\/actualite\\\/international\\\/porte-de-vincennes-quatre-otages-morts-le-preneur-dotage-amedy-coulibaly-abattu\\\/184251\\\/#breadcrumb\"},\"inLanguage\":\"fr-FR\",\"potentialAction\":[{\"@type\":\"ReadAction\",\"target\":[\"https:\\\/\\\/www.webdo.tn\\\/fr\\\/actualite\\\/international\\\/porte-de-vincennes-quatre-otages-morts-le-preneur-dotage-amedy-coulibaly-abattu\\\/184251\\\/\"]}]},{\"@type\":\"ImageObject\",\"inLanguage\":\"fr-FR\",\"@id\":\"https:\\\/\\\/www.webdo.tn\\\/fr\\\/actualite\\\/international\\\/porte-de-vincennes-quatre-otages-morts-le-preneur-dotage-amedy-coulibaly-abattu\\\/184251\\\/#primaryimage\",\"url\":\"https:\\\/\\\/www.webdo.tn\\\/fr\\\/wp-content\\\/uploads\\\/2015\\\/01\\\/assaut-vincennes.jpg\",\"contentUrl\":\"https:\\\/\\\/www.webdo.tn\\\/fr\\\/wp-content\\\/uploads\\\/2015\\\/01\\\/assaut-vincennes.jpg\",\"width\":600,\"height\":306,\"caption\":\"Porte de Vincennes : Quatre otages morts, le preneur d'otage Amedy Coulibaly abattu\"},{\"@type\":\"BreadcrumbList\",\"@id\":\"https:\\\/\\\/www.webdo.tn\\\/fr\\\/actualite\\\/international\\\/porte-de-vincennes-quatre-otages-morts-le-preneur-dotage-amedy-coulibaly-abattu\\\/184251\\\/#breadcrumb\",\"itemListElement\":[{\"@type\":\"ListItem\",\"position\":1,\"name\":\"Accueil\",\"item\":\"https:\\\/\\\/www.webdo.tn\\\/fr\\\/\"},{\"@type\":\"ListItem\",\"position\":2,\"name\":\"Porte de Vincennes : Quatre otages morts, le preneur d&rsquo;otage Amedy Coulibaly abattu\"}]},{\"@type\":\"WebSite\",\"@id\":\"https:\\\/\\\/www.webdo.tn\\\/fr\\\/#website\",\"url\":\"https:\\\/\\\/www.webdo.tn\\\/fr\\\/\",\"name\":\"webdo\",\"description\":\"Tunisie - News en Tunisie et \u00e0 l&#039;international sur Webdo.tn\",\"publisher\":{\"@id\":\"https:\\\/\\\/www.webdo.tn\\\/fr\\\/#organization\"},\"potentialAction\":[{\"@type\":\"SearchAction\",\"target\":{\"@type\":\"EntryPoint\",\"urlTemplate\":\"https:\\\/\\\/www.webdo.tn\\\/fr\\\/?s={search_term_string}\"},\"query-input\":{\"@type\":\"PropertyValueSpecification\",\"valueRequired\":true,\"valueName\":\"search_term_string\"}}],\"inLanguage\":\"fr-FR\"},{\"@type\":\"Organization\",\"@id\":\"https:\\\/\\\/www.webdo.tn\\\/fr\\\/#organization\",\"name\":\"Webdo\",\"alternateName\":\"Webdo.tn\",\"url\":\"https:\\\/\\\/www.webdo.tn\\\/fr\\\/\",\"logo\":{\"@type\":\"ImageObject\",\"inLanguage\":\"fr-FR\",\"@id\":\"https:\\\/\\\/www.webdo.tn\\\/fr\\\/#\\\/schema\\\/logo\\\/image\\\/\",\"url\":\"https:\\\/\\\/www.webdo.tn\\\/fr\\\/wp-content\\\/uploads\\\/2025\\\/06\\\/Webdo-Tunisie_168377.jpg\",\"contentUrl\":\"https:\\\/\\\/www.webdo.tn\\\/fr\\\/wp-content\\\/uploads\\\/2025\\\/06\\\/Webdo-Tunisie_168377.jpg\",\"width\":301,\"height\":301,\"caption\":\"Webdo\"},\"image\":{\"@id\":\"https:\\\/\\\/www.webdo.tn\\\/fr\\\/#\\\/schema\\\/logo\\\/image\\\/\"},\"sameAs\":[\"https:\\\/\\\/www.facebook.com\\\/webdotn\",\"https:\\\/\\\/x.com\\\/webdo_tn\"],\"description\":\"Webdo est un m\u00e9dia num\u00e9rique tunisien fond\u00e9 en 2010, sp\u00e9cialis\u00e9 dans l\u2019actualit\u00e9 nationale et internationale, l\u2019\u00e9conomie, la soci\u00e9t\u00e9 et les analyses politiques. Le site s\u2019adresse \u00e0 un large public francophone et couvre l\u2019information tunisienne en temps r\u00e9el.\",\"email\":\"redac@webdo.tn\",\"legalName\":\"YNJ SARL\",\"foundingDate\":\"2010-09-06\",\"numberOfEmployees\":{\"@type\":\"QuantitativeValue\",\"minValue\":\"11\",\"maxValue\":\"50\"}},{\"@type\":\"Person\",\"@id\":\"https:\\\/\\\/www.webdo.tn\\\/fr\\\/#\\\/schema\\\/person\\\/9a9c6118d687c117df8ef3cc36a4d175\",\"name\":\"webdo.tn\",\"image\":{\"@type\":\"ImageObject\",\"inLanguage\":\"fr-FR\",\"@id\":\"https:\\\/\\\/secure.gravatar.com\\\/avatar\\\/7ce1f28c0c3bbac99ff550b85ef8e44a6950c6ee24514fb6a5489e51d06f0298?s=96&d=mm&r=g\",\"url\":\"https:\\\/\\\/secure.gravatar.com\\\/avatar\\\/7ce1f28c0c3bbac99ff550b85ef8e44a6950c6ee24514fb6a5489e51d06f0298?s=96&d=mm&r=g\",\"contentUrl\":\"https:\\\/\\\/secure.gravatar.com\\\/avatar\\\/7ce1f28c0c3bbac99ff550b85ef8e44a6950c6ee24514fb6a5489e51d06f0298?s=96&d=mm&r=g\",\"caption\":\"webdo.tn\"},\"url\":\"https:\\\/\\\/www.webdo.tn\\\/fr\\\/actualite\\\/author\\\/webdotn\\\/\"}]}<\/script>\n<!-- \/ Yoast SEO Premium plugin. -->","yoast_head_json":{"title":"Porte de Vincennes : Quatre otages morts, le preneur d'otage Amedy Coulibaly abattu","description":"Porte de Vincennes : Quatre otages morts, le preneur d'otage Amedy Coulibaly abattu","canonical":"https:\/\/www.webdo.tn\/fr\/actualite\/international\/porte-de-vincennes-quatre-otages-morts-le-preneur-dotage-amedy-coulibaly-abattu\/184251\/","og_locale":"fr_FR","og_type":"article","og_title":"Porte de Vincennes : Quatre otages morts, le preneur d'otage Amedy Coulibaly abattu","og_description":"Porte de Vincennes : Quatre otages morts, le preneur d'otage Amedy Coulibaly abattu","og_url":"https:\/\/www.webdo.tn\/fr\/actualite\/international\/porte-de-vincennes-quatre-otages-morts-le-preneur-dotage-amedy-coulibaly-abattu\/184251\/","og_site_name":"webdo","article_publisher":"https:\/\/www.facebook.com\/webdotn","article_published_time":"2015-01-09T21:22:00+00:00","og_image":[{"width":600,"height":306,"url":"https:\/\/www.webdo.tn\/fr\/wp-content\/uploads\/2015\/01\/assaut-vincennes.jpg","type":"image\/jpeg"}],"author":"webdo.tn","twitter_card":"summary_large_image","twitter_creator":"@webdo_tn","twitter_site":"@webdo_tn","twitter_misc":{"\u00c9crit par":"webdo.tn"},"schema":{"@context":"https:\/\/schema.org","@graph":[{"@type":"NewsArticle","@id":"https:\/\/www.webdo.tn\/fr\/actualite\/international\/porte-de-vincennes-quatre-otages-morts-le-preneur-dotage-amedy-coulibaly-abattu\/184251\/#article","isPartOf":{"@id":"https:\/\/www.webdo.tn\/fr\/actualite\/international\/porte-de-vincennes-quatre-otages-morts-le-preneur-dotage-amedy-coulibaly-abattu\/184251\/"},"author":{"name":"webdo.tn","@id":"https:\/\/www.webdo.tn\/fr\/#\/schema\/person\/9a9c6118d687c117df8ef3cc36a4d175"},"headline":"Porte de Vincennes : Quatre otages morts, le preneur d&rsquo;otage Amedy Coulibaly abattu","datePublished":"2015-01-09T21:22:00+00:00","mainEntityOfPage":{"@id":"https:\/\/www.webdo.tn\/fr\/actualite\/international\/porte-de-vincennes-quatre-otages-morts-le-preneur-dotage-amedy-coulibaly-abattu\/184251\/"},"wordCount":70,"commentCount":0,"publisher":{"@id":"https:\/\/www.webdo.tn\/fr\/#organization"},"image":{"@id":"https:\/\/www.webdo.tn\/fr\/actualite\/international\/porte-de-vincennes-quatre-otages-morts-le-preneur-dotage-amedy-coulibaly-abattu\/184251\/#primaryimage"},"thumbnailUrl":"https:\/\/www.webdo.tn\/fr\/wp-content\/uploads\/2015\/01\/assaut-vincennes.jpg","keywords":["guerre"],"articleSection":["International"],"inLanguage":"fr-FR"},{"@type":"WebPage","@id":"https:\/\/www.webdo.tn\/fr\/actualite\/international\/porte-de-vincennes-quatre-otages-morts-le-preneur-dotage-amedy-coulibaly-abattu\/184251\/","url":"https:\/\/www.webdo.tn\/fr\/actualite\/international\/porte-de-vincennes-quatre-otages-morts-le-preneur-dotage-amedy-coulibaly-abattu\/184251\/","name":"Porte de Vincennes : Quatre otages morts, le preneur d'otage Amedy Coulibaly abattu","isPartOf":{"@id":"https:\/\/www.webdo.tn\/fr\/#website"},"primaryImageOfPage":{"@id":"https:\/\/www.webdo.tn\/fr\/actualite\/international\/porte-de-vincennes-quatre-otages-morts-le-preneur-dotage-amedy-coulibaly-abattu\/184251\/#primaryimage"},"image":{"@id":"https:\/\/www.webdo.tn\/fr\/actualite\/international\/porte-de-vincennes-quatre-otages-morts-le-preneur-dotage-amedy-coulibaly-abattu\/184251\/#primaryimage"},"thumbnailUrl":"https:\/\/www.webdo.tn\/fr\/wp-content\/uploads\/2015\/01\/assaut-vincennes.jpg","datePublished":"2015-01-09T21:22:00+00:00","description":"Porte de Vincennes : Quatre otages morts, le preneur d'otage Amedy Coulibaly abattu","breadcrumb":{"@id":"https:\/\/www.webdo.tn\/fr\/actualite\/international\/porte-de-vincennes-quatre-otages-morts-le-preneur-dotage-amedy-coulibaly-abattu\/184251\/#breadcrumb"},"inLanguage":"fr-FR","potentialAction":[{"@type":"ReadAction","target":["https:\/\/www.webdo.tn\/fr\/actualite\/international\/porte-de-vincennes-quatre-otages-morts-le-preneur-dotage-amedy-coulibaly-abattu\/184251\/"]}]},{"@type":"ImageObject","inLanguage":"fr-FR","@id":"https:\/\/www.webdo.tn\/fr\/actualite\/international\/porte-de-vincennes-quatre-otages-morts-le-preneur-dotage-amedy-coulibaly-abattu\/184251\/#primaryimage","url":"https:\/\/www.webdo.tn\/fr\/wp-content\/uploads\/2015\/01\/assaut-vincennes.jpg","contentUrl":"https:\/\/www.webdo.tn\/fr\/wp-content\/uploads\/2015\/01\/assaut-vincennes.jpg","width":600,"height":306,"caption":"Porte de Vincennes : Quatre otages morts, le preneur d'otage Amedy Coulibaly abattu"},{"@type":"BreadcrumbList","@id":"https:\/\/www.webdo.tn\/fr\/actualite\/international\/porte-de-vincennes-quatre-otages-morts-le-preneur-dotage-amedy-coulibaly-abattu\/184251\/#breadcrumb","itemListElement":[{"@type":"ListItem","position":1,"name":"Accueil","item":"https:\/\/www.webdo.tn\/fr\/"},{"@type":"ListItem","position":2,"name":"Porte de Vincennes : Quatre otages morts, le preneur d&rsquo;otage Amedy Coulibaly abattu"}]},{"@type":"WebSite","@id":"https:\/\/www.webdo.tn\/fr\/#website","url":"https:\/\/www.webdo.tn\/fr\/","name":"webdo","description":"Tunisie - News en Tunisie et \u00e0 l&#039;international sur Webdo.tn","publisher":{"@id":"https:\/\/www.webdo.tn\/fr\/#organization"},"potentialAction":[{"@type":"SearchAction","target":{"@type":"EntryPoint","urlTemplate":"https:\/\/www.webdo.tn\/fr\/?s={search_term_string}"},"query-input":{"@type":"PropertyValueSpecification","valueRequired":true,"valueName":"search_term_string"}}],"inLanguage":"fr-FR"},{"@type":"Organization","@id":"https:\/\/www.webdo.tn\/fr\/#organization","name":"Webdo","alternateName":"Webdo.tn","url":"https:\/\/www.webdo.tn\/fr\/","logo":{"@type":"ImageObject","inLanguage":"fr-FR","@id":"https:\/\/www.webdo.tn\/fr\/#\/schema\/logo\/image\/","url":"https:\/\/www.webdo.tn\/fr\/wp-content\/uploads\/2025\/06\/Webdo-Tunisie_168377.jpg","contentUrl":"https:\/\/www.webdo.tn\/fr\/wp-content\/uploads\/2025\/06\/Webdo-Tunisie_168377.jpg","width":301,"height":301,"caption":"Webdo"},"image":{"@id":"https:\/\/www.webdo.tn\/fr\/#\/schema\/logo\/image\/"},"sameAs":["https:\/\/www.facebook.com\/webdotn","https:\/\/x.com\/webdo_tn"],"description":"Webdo est un m\u00e9dia num\u00e9rique tunisien fond\u00e9 en 2010, sp\u00e9cialis\u00e9 dans l\u2019actualit\u00e9 nationale et internationale, l\u2019\u00e9conomie, la soci\u00e9t\u00e9 et les analyses politiques. Le site s\u2019adresse \u00e0 un large public francophone et couvre l\u2019information tunisienne en temps r\u00e9el.","email":"redac@webdo.tn","legalName":"YNJ SARL","foundingDate":"2010-09-06","numberOfEmployees":{"@type":"QuantitativeValue","minValue":"11","maxValue":"50"}},{"@type":"Person","@id":"https:\/\/www.webdo.tn\/fr\/#\/schema\/person\/9a9c6118d687c117df8ef3cc36a4d175","name":"webdo.tn","image":{"@type":"ImageObject","inLanguage":"fr-FR","@id":"https:\/\/secure.gravatar.com\/avatar\/7ce1f28c0c3bbac99ff550b85ef8e44a6950c6ee24514fb6a5489e51d06f0298?s=96&d=mm&r=g","url":"https:\/\/secure.gravatar.com\/avatar\/7ce1f28c0c3bbac99ff550b85ef8e44a6950c6ee24514fb6a5489e51d06f0298?s=96&d=mm&r=g","contentUrl":"https:\/\/secure.gravatar.com\/avatar\/7ce1f28c0c3bbac99ff550b85ef8e44a6950c6ee24514fb6a5489e51d06f0298?s=96&d=mm&r=g","caption":"webdo.tn"},"url":"https:\/\/www.webdo.tn\/fr\/actualite\/author\/webdotn\/"}]}},"_links":{"self":[{"href":"https:\/\/www.webdo.tn\/fr\/wp-json\/wp\/v2\/posts\/184251","targetHints":{"allow":["GET"]}}],"collection":[{"href":"https:\/\/www.webdo.tn\/fr\/wp-json\/wp\/v2\/posts"}],"about":[{"href":"https:\/\/www.webdo.tn\/fr\/wp-json\/wp\/v2\/types\/post"}],"author":[{"embeddable":true,"href":"https:\/\/www.webdo.tn\/fr\/wp-json\/wp\/v2\/users\/3222"}],"replies":[{"embeddable":true,"href":"https:\/\/www.webdo.tn\/fr\/wp-json\/wp\/v2\/comments?post=184251"}],"version-history":[{"count":0,"href":"https:\/\/www.webdo.tn\/fr\/wp-json\/wp\/v2\/posts\/184251\/revisions"}],"wp:featuredmedia":[{"embeddable":true,"href":"https:\/\/www.webdo.tn\/fr\/wp-json\/wp\/v2\/media\/335423"}],"wp:attachment":[{"href":"https:\/\/www.webdo.tn\/fr\/wp-json\/wp\/v2\/media?parent=184251"}],"wp:term":[{"taxonomy":"category","embeddable":true,"href":"https:\/\/www.webdo.tn\/fr\/wp-json\/wp\/v2\/categories?post=184251"},{"taxonomy":"post_tag","embeddable":true,"href":"https:\/\/www.webdo.tn\/fr\/wp-json\/wp\/v2\/tags?post=184251"}],"curies":[{"name":"wp","href":"https:\/\/api.w.org\/{rel}","templated":true}]}}