{"id":184250,"date":"2015-01-10T11:21:00","date_gmt":"2015-01-10T11:21:00","guid":{"rendered":"https:\/\/www.webdo.tn\/fr\/blog\/attaque-contre-charlie-hebdo-les-musulmans-de-corse-de-nouveaux-vises\/184250\/"},"modified":"2015-01-10T11:21:00","modified_gmt":"2015-01-10T11:21:00","slug":"attaque-contre-charlie-hebdo-les-musulmans-de-corse-de-nouveaux-vises","status":"publish","type":"post","link":"https:\/\/www.webdo.tn\/fr\/actualite\/international\/attaque-contre-charlie-hebdo-les-musulmans-de-corse-de-nouveaux-vises\/184250\/","title":{"rendered":"Attaque contre Charlie Hebdo : Les musulmans de Corse de nouveaux vis\u00e9s"},"content":{"rendered":"<p>Apr\u00e8s la t\u00eate de porc et les visc\u00e8res d\u00e9couvertes, accroch\u00e9s \u00e0 la porte d\u2019une salle de pri\u00e8re musulmane, vendredi 9 janvier \u00e0 Corte (Haute-Corse), de nouveaux incidents contre la communaut\u00e9 musulmane ont \u00e9t\u00e9 relev\u00e9s en Corse, ce samedi 10 janvier.<\/p>\n<p>France 3 rapporte qu\u2019une carcasse de sanglier et une balle ont \u00e9t\u00e9 d\u00e9couvertes \u00e0 Ghisonnaccia (Haute-Corse) devant un lieu de culte musulman et une boucherie halal, ce matin.<\/p>\n<p>La d\u00e9couverte a \u00e9t\u00e9 faite \u00e0 5h30 samedi par des fid\u00e8les qui se rendaient \u00e0 la salle de pri\u00e8re de Ghisonaccia. Une carcasse de sanglier avait \u00e9t\u00e9 d\u00e9pos\u00e9e devant la porte d&rsquo;entr\u00e9e. Aucune inscription ou tract n&rsquo;a \u00e9t\u00e9 d\u00e9couvert sur place.<\/p>\n<p>M\u00eame sc\u00e9nario devant la devanture d&rsquo;une boucherie halal, o\u00f9 c&rsquo;est une balle de 22 Long Rifle qui a \u00e9t\u00e9 d\u00e9pos\u00e9e, selon une source proche de l&rsquo;enqu\u00eate.<\/p>\n<p>En Corse-du-Sud, c&rsquo;est le lieu de culte musulman de Baleone \u00e0 Sarrola-Carcopino qui a \u00e9t\u00e9 vis\u00e9 par des tags \u00e0 caract\u00e8re raciste. Plusieurs inscriptions \u00ab\u00a0Arabi Fora\u00a0\u00bb (les arabes dehors, ndrl) ont \u00e9t\u00e9 retrouv\u00e9es sur les murs de la salle de pri\u00e8re.<\/p>\n<p>Quatre incidents ont \u00e9t\u00e9 recens\u00e9s en Corse depuis l\u2019attaque contre Charlie Hebdo qui a fait 12 morts et 11 bless\u00e9s, mercredi 7 janvier.<\/p>\n<p>Ils s\u2019ajoutent aux s\u00e9ries d\u2019attaques contre des lieux de culte musulmans enregistr\u00e9s ces trois derniers jours.<\/p>\n","protected":false},"excerpt":{"rendered":"<p>Attaque contre Charlie Hebdo : Les musulmans de Corse de nouveaux vis\u00e9s<\/p>\n","protected":false},"author":3222,"featured_media":335425,"comment_status":"open","ping_status":"closed","sticky":false,"template":"","format":"standard","meta":{"footnotes":""},"categories":[2598],"tags":[2600],"class_list":["post-184250","post","type-post","status-publish","format-standard","has-post-thumbnail","hentry","category-international","tag-guerre"],"yoast_head":"<!-- This site is optimized with the Yoast SEO Premium plugin v27.5 (Yoast SEO v27.5) - https:\/\/yoast.com\/product\/yoast-seo-premium-wordpress\/ -->\n<title>Attaque contre Charlie Hebdo : Les musulmans de Corse de nouveaux vis\u00e9s<\/title>\n<meta name=\"description\" content=\"Attaque contre Charlie Hebdo : Les musulmans de Corse de nouveaux vis\u00e9s\" \/>\n<link rel=\"canonical\" href=\"https:\/\/www.webdo.tn\/fr\/actualite\/international\/attaque-contre-charlie-hebdo-les-musulmans-de-corse-de-nouveaux-vises\/184250\/\" \/>\n<meta property=\"og:locale\" content=\"fr_FR\" \/>\n<meta property=\"og:type\" content=\"article\" \/>\n<meta property=\"og:title\" content=\"Attaque contre Charlie Hebdo : Les musulmans de Corse de nouveaux vis\u00e9s\" \/>\n<meta property=\"og:description\" content=\"Attaque contre Charlie Hebdo : Les musulmans de Corse de nouveaux vis\u00e9s\" \/>\n<meta property=\"og:url\" content=\"https:\/\/www.webdo.tn\/fr\/actualite\/international\/attaque-contre-charlie-hebdo-les-musulmans-de-corse-de-nouveaux-vises\/184250\/\" \/>\n<meta property=\"og:site_name\" content=\"webdo\" \/>\n<meta property=\"article:publisher\" content=\"https:\/\/www.facebook.com\/webdotn\" \/>\n<meta property=\"article:published_time\" content=\"2015-01-10T11:21:00+00:00\" \/>\n<meta property=\"og:image\" content=\"https:\/\/www.webdo.tn\/fr\/wp-content\/uploads\/2015\/01\/webdo_default-94.jpg\" \/>\n\t<meta property=\"og:image:width\" content=\"800\" \/>\n\t<meta property=\"og:image:height\" content=\"500\" \/>\n\t<meta property=\"og:image:type\" content=\"image\/jpeg\" \/>\n<meta name=\"author\" content=\"webdo.tn\" \/>\n<meta name=\"twitter:card\" content=\"summary_large_image\" \/>\n<meta name=\"twitter:creator\" content=\"@webdo_tn\" \/>\n<meta name=\"twitter:site\" content=\"@webdo_tn\" \/>\n<meta name=\"twitter:label1\" content=\"\u00c9crit par\" \/>\n\t<meta name=\"twitter:data1\" content=\"webdo.tn\" \/>\n\t<meta name=\"twitter:label2\" content=\"Dur\u00e9e de lecture estim\u00e9e\" \/>\n\t<meta name=\"twitter:data2\" content=\"1 minute\" \/>\n<script type=\"application\/ld+json\" class=\"yoast-schema-graph\">{\"@context\":\"https:\\\/\\\/schema.org\",\"@graph\":[{\"@type\":\"NewsArticle\",\"@id\":\"https:\\\/\\\/www.webdo.tn\\\/fr\\\/actualite\\\/international\\\/attaque-contre-charlie-hebdo-les-musulmans-de-corse-de-nouveaux-vises\\\/184250\\\/#article\",\"isPartOf\":{\"@id\":\"https:\\\/\\\/www.webdo.tn\\\/fr\\\/actualite\\\/international\\\/attaque-contre-charlie-hebdo-les-musulmans-de-corse-de-nouveaux-vises\\\/184250\\\/\"},\"author\":{\"name\":\"webdo.tn\",\"@id\":\"https:\\\/\\\/www.webdo.tn\\\/fr\\\/#\\\/schema\\\/person\\\/9a9c6118d687c117df8ef3cc36a4d175\"},\"headline\":\"Attaque contre Charlie Hebdo : Les musulmans de Corse de nouveaux vis\u00e9s\",\"datePublished\":\"2015-01-10T11:21:00+00:00\",\"mainEntityOfPage\":{\"@id\":\"https:\\\/\\\/www.webdo.tn\\\/fr\\\/actualite\\\/international\\\/attaque-contre-charlie-hebdo-les-musulmans-de-corse-de-nouveaux-vises\\\/184250\\\/\"},\"wordCount\":251,\"commentCount\":0,\"publisher\":{\"@id\":\"https:\\\/\\\/www.webdo.tn\\\/fr\\\/#organization\"},\"image\":{\"@id\":\"https:\\\/\\\/www.webdo.tn\\\/fr\\\/actualite\\\/international\\\/attaque-contre-charlie-hebdo-les-musulmans-de-corse-de-nouveaux-vises\\\/184250\\\/#primaryimage\"},\"thumbnailUrl\":\"https:\\\/\\\/www.webdo.tn\\\/fr\\\/wp-content\\\/uploads\\\/2015\\\/01\\\/webdo_default-94.jpg\",\"keywords\":[\"guerre\"],\"articleSection\":[\"International\"],\"inLanguage\":\"fr-FR\"},{\"@type\":\"WebPage\",\"@id\":\"https:\\\/\\\/www.webdo.tn\\\/fr\\\/actualite\\\/international\\\/attaque-contre-charlie-hebdo-les-musulmans-de-corse-de-nouveaux-vises\\\/184250\\\/\",\"url\":\"https:\\\/\\\/www.webdo.tn\\\/fr\\\/actualite\\\/international\\\/attaque-contre-charlie-hebdo-les-musulmans-de-corse-de-nouveaux-vises\\\/184250\\\/\",\"name\":\"Attaque contre Charlie Hebdo : Les musulmans de Corse de nouveaux vis\u00e9s\",\"isPartOf\":{\"@id\":\"https:\\\/\\\/www.webdo.tn\\\/fr\\\/#website\"},\"primaryImageOfPage\":{\"@id\":\"https:\\\/\\\/www.webdo.tn\\\/fr\\\/actualite\\\/international\\\/attaque-contre-charlie-hebdo-les-musulmans-de-corse-de-nouveaux-vises\\\/184250\\\/#primaryimage\"},\"image\":{\"@id\":\"https:\\\/\\\/www.webdo.tn\\\/fr\\\/actualite\\\/international\\\/attaque-contre-charlie-hebdo-les-musulmans-de-corse-de-nouveaux-vises\\\/184250\\\/#primaryimage\"},\"thumbnailUrl\":\"https:\\\/\\\/www.webdo.tn\\\/fr\\\/wp-content\\\/uploads\\\/2015\\\/01\\\/webdo_default-94.jpg\",\"datePublished\":\"2015-01-10T11:21:00+00:00\",\"description\":\"Attaque contre Charlie Hebdo : Les musulmans de Corse de nouveaux vis\u00e9s\",\"breadcrumb\":{\"@id\":\"https:\\\/\\\/www.webdo.tn\\\/fr\\\/actualite\\\/international\\\/attaque-contre-charlie-hebdo-les-musulmans-de-corse-de-nouveaux-vises\\\/184250\\\/#breadcrumb\"},\"inLanguage\":\"fr-FR\",\"potentialAction\":[{\"@type\":\"ReadAction\",\"target\":[\"https:\\\/\\\/www.webdo.tn\\\/fr\\\/actualite\\\/international\\\/attaque-contre-charlie-hebdo-les-musulmans-de-corse-de-nouveaux-vises\\\/184250\\\/\"]}]},{\"@type\":\"ImageObject\",\"inLanguage\":\"fr-FR\",\"@id\":\"https:\\\/\\\/www.webdo.tn\\\/fr\\\/actualite\\\/international\\\/attaque-contre-charlie-hebdo-les-musulmans-de-corse-de-nouveaux-vises\\\/184250\\\/#primaryimage\",\"url\":\"https:\\\/\\\/www.webdo.tn\\\/fr\\\/wp-content\\\/uploads\\\/2015\\\/01\\\/webdo_default-94.jpg\",\"contentUrl\":\"https:\\\/\\\/www.webdo.tn\\\/fr\\\/wp-content\\\/uploads\\\/2015\\\/01\\\/webdo_default-94.jpg\",\"width\":800,\"height\":500,\"caption\":\"Attaque contre Charlie Hebdo : Les musulmans de Corse de nouveaux vis\u00e9s\"},{\"@type\":\"BreadcrumbList\",\"@id\":\"https:\\\/\\\/www.webdo.tn\\\/fr\\\/actualite\\\/international\\\/attaque-contre-charlie-hebdo-les-musulmans-de-corse-de-nouveaux-vises\\\/184250\\\/#breadcrumb\",\"itemListElement\":[{\"@type\":\"ListItem\",\"position\":1,\"name\":\"Accueil\",\"item\":\"https:\\\/\\\/www.webdo.tn\\\/fr\\\/\"},{\"@type\":\"ListItem\",\"position\":2,\"name\":\"Attaque contre Charlie Hebdo : Les musulmans de Corse de nouveaux vis\u00e9s\"}]},{\"@type\":\"WebSite\",\"@id\":\"https:\\\/\\\/www.webdo.tn\\\/fr\\\/#website\",\"url\":\"https:\\\/\\\/www.webdo.tn\\\/fr\\\/\",\"name\":\"webdo\",\"description\":\"Tunisie - News en Tunisie et \u00e0 l&#039;international sur Webdo.tn\",\"publisher\":{\"@id\":\"https:\\\/\\\/www.webdo.tn\\\/fr\\\/#organization\"},\"potentialAction\":[{\"@type\":\"SearchAction\",\"target\":{\"@type\":\"EntryPoint\",\"urlTemplate\":\"https:\\\/\\\/www.webdo.tn\\\/fr\\\/?s={search_term_string}\"},\"query-input\":{\"@type\":\"PropertyValueSpecification\",\"valueRequired\":true,\"valueName\":\"search_term_string\"}}],\"inLanguage\":\"fr-FR\"},{\"@type\":\"Organization\",\"@id\":\"https:\\\/\\\/www.webdo.tn\\\/fr\\\/#organization\",\"name\":\"Webdo\",\"alternateName\":\"Webdo.tn\",\"url\":\"https:\\\/\\\/www.webdo.tn\\\/fr\\\/\",\"logo\":{\"@type\":\"ImageObject\",\"inLanguage\":\"fr-FR\",\"@id\":\"https:\\\/\\\/www.webdo.tn\\\/fr\\\/#\\\/schema\\\/logo\\\/image\\\/\",\"url\":\"https:\\\/\\\/www.webdo.tn\\\/fr\\\/wp-content\\\/uploads\\\/2025\\\/06\\\/Webdo-Tunisie_168377.jpg\",\"contentUrl\":\"https:\\\/\\\/www.webdo.tn\\\/fr\\\/wp-content\\\/uploads\\\/2025\\\/06\\\/Webdo-Tunisie_168377.jpg\",\"width\":301,\"height\":301,\"caption\":\"Webdo\"},\"image\":{\"@id\":\"https:\\\/\\\/www.webdo.tn\\\/fr\\\/#\\\/schema\\\/logo\\\/image\\\/\"},\"sameAs\":[\"https:\\\/\\\/www.facebook.com\\\/webdotn\",\"https:\\\/\\\/x.com\\\/webdo_tn\"],\"description\":\"Webdo est un m\u00e9dia num\u00e9rique tunisien fond\u00e9 en 2010, sp\u00e9cialis\u00e9 dans l\u2019actualit\u00e9 nationale et internationale, l\u2019\u00e9conomie, la soci\u00e9t\u00e9 et les analyses politiques. Le site s\u2019adresse \u00e0 un large public francophone et couvre l\u2019information tunisienne en temps r\u00e9el.\",\"email\":\"redac@webdo.tn\",\"legalName\":\"YNJ SARL\",\"foundingDate\":\"2010-09-06\",\"numberOfEmployees\":{\"@type\":\"QuantitativeValue\",\"minValue\":\"11\",\"maxValue\":\"50\"}},{\"@type\":\"Person\",\"@id\":\"https:\\\/\\\/www.webdo.tn\\\/fr\\\/#\\\/schema\\\/person\\\/9a9c6118d687c117df8ef3cc36a4d175\",\"name\":\"webdo.tn\",\"image\":{\"@type\":\"ImageObject\",\"inLanguage\":\"fr-FR\",\"@id\":\"https:\\\/\\\/secure.gravatar.com\\\/avatar\\\/7ce1f28c0c3bbac99ff550b85ef8e44a6950c6ee24514fb6a5489e51d06f0298?s=96&d=mm&r=g\",\"url\":\"https:\\\/\\\/secure.gravatar.com\\\/avatar\\\/7ce1f28c0c3bbac99ff550b85ef8e44a6950c6ee24514fb6a5489e51d06f0298?s=96&d=mm&r=g\",\"contentUrl\":\"https:\\\/\\\/secure.gravatar.com\\\/avatar\\\/7ce1f28c0c3bbac99ff550b85ef8e44a6950c6ee24514fb6a5489e51d06f0298?s=96&d=mm&r=g\",\"caption\":\"webdo.tn\"},\"url\":\"https:\\\/\\\/www.webdo.tn\\\/fr\\\/actualite\\\/author\\\/webdotn\\\/\"}]}<\/script>\n<!-- \/ Yoast SEO Premium plugin. -->","yoast_head_json":{"title":"Attaque contre Charlie Hebdo : Les musulmans de Corse de nouveaux vis\u00e9s","description":"Attaque contre Charlie Hebdo : Les musulmans de Corse de nouveaux vis\u00e9s","canonical":"https:\/\/www.webdo.tn\/fr\/actualite\/international\/attaque-contre-charlie-hebdo-les-musulmans-de-corse-de-nouveaux-vises\/184250\/","og_locale":"fr_FR","og_type":"article","og_title":"Attaque contre Charlie Hebdo : Les musulmans de Corse de nouveaux vis\u00e9s","og_description":"Attaque contre Charlie Hebdo : Les musulmans de Corse de nouveaux vis\u00e9s","og_url":"https:\/\/www.webdo.tn\/fr\/actualite\/international\/attaque-contre-charlie-hebdo-les-musulmans-de-corse-de-nouveaux-vises\/184250\/","og_site_name":"webdo","article_publisher":"https:\/\/www.facebook.com\/webdotn","article_published_time":"2015-01-10T11:21:00+00:00","og_image":[{"width":800,"height":500,"url":"https:\/\/www.webdo.tn\/fr\/wp-content\/uploads\/2015\/01\/webdo_default-94.jpg","type":"image\/jpeg"}],"author":"webdo.tn","twitter_card":"summary_large_image","twitter_creator":"@webdo_tn","twitter_site":"@webdo_tn","twitter_misc":{"\u00c9crit par":"webdo.tn","Dur\u00e9e de lecture estim\u00e9e":"1 minute"},"schema":{"@context":"https:\/\/schema.org","@graph":[{"@type":"NewsArticle","@id":"https:\/\/www.webdo.tn\/fr\/actualite\/international\/attaque-contre-charlie-hebdo-les-musulmans-de-corse-de-nouveaux-vises\/184250\/#article","isPartOf":{"@id":"https:\/\/www.webdo.tn\/fr\/actualite\/international\/attaque-contre-charlie-hebdo-les-musulmans-de-corse-de-nouveaux-vises\/184250\/"},"author":{"name":"webdo.tn","@id":"https:\/\/www.webdo.tn\/fr\/#\/schema\/person\/9a9c6118d687c117df8ef3cc36a4d175"},"headline":"Attaque contre Charlie Hebdo : Les musulmans de Corse de nouveaux vis\u00e9s","datePublished":"2015-01-10T11:21:00+00:00","mainEntityOfPage":{"@id":"https:\/\/www.webdo.tn\/fr\/actualite\/international\/attaque-contre-charlie-hebdo-les-musulmans-de-corse-de-nouveaux-vises\/184250\/"},"wordCount":251,"commentCount":0,"publisher":{"@id":"https:\/\/www.webdo.tn\/fr\/#organization"},"image":{"@id":"https:\/\/www.webdo.tn\/fr\/actualite\/international\/attaque-contre-charlie-hebdo-les-musulmans-de-corse-de-nouveaux-vises\/184250\/#primaryimage"},"thumbnailUrl":"https:\/\/www.webdo.tn\/fr\/wp-content\/uploads\/2015\/01\/webdo_default-94.jpg","keywords":["guerre"],"articleSection":["International"],"inLanguage":"fr-FR"},{"@type":"WebPage","@id":"https:\/\/www.webdo.tn\/fr\/actualite\/international\/attaque-contre-charlie-hebdo-les-musulmans-de-corse-de-nouveaux-vises\/184250\/","url":"https:\/\/www.webdo.tn\/fr\/actualite\/international\/attaque-contre-charlie-hebdo-les-musulmans-de-corse-de-nouveaux-vises\/184250\/","name":"Attaque contre Charlie Hebdo : Les musulmans de Corse de nouveaux vis\u00e9s","isPartOf":{"@id":"https:\/\/www.webdo.tn\/fr\/#website"},"primaryImageOfPage":{"@id":"https:\/\/www.webdo.tn\/fr\/actualite\/international\/attaque-contre-charlie-hebdo-les-musulmans-de-corse-de-nouveaux-vises\/184250\/#primaryimage"},"image":{"@id":"https:\/\/www.webdo.tn\/fr\/actualite\/international\/attaque-contre-charlie-hebdo-les-musulmans-de-corse-de-nouveaux-vises\/184250\/#primaryimage"},"thumbnailUrl":"https:\/\/www.webdo.tn\/fr\/wp-content\/uploads\/2015\/01\/webdo_default-94.jpg","datePublished":"2015-01-10T11:21:00+00:00","description":"Attaque contre Charlie Hebdo : Les musulmans de Corse de nouveaux vis\u00e9s","breadcrumb":{"@id":"https:\/\/www.webdo.tn\/fr\/actualite\/international\/attaque-contre-charlie-hebdo-les-musulmans-de-corse-de-nouveaux-vises\/184250\/#breadcrumb"},"inLanguage":"fr-FR","potentialAction":[{"@type":"ReadAction","target":["https:\/\/www.webdo.tn\/fr\/actualite\/international\/attaque-contre-charlie-hebdo-les-musulmans-de-corse-de-nouveaux-vises\/184250\/"]}]},{"@type":"ImageObject","inLanguage":"fr-FR","@id":"https:\/\/www.webdo.tn\/fr\/actualite\/international\/attaque-contre-charlie-hebdo-les-musulmans-de-corse-de-nouveaux-vises\/184250\/#primaryimage","url":"https:\/\/www.webdo.tn\/fr\/wp-content\/uploads\/2015\/01\/webdo_default-94.jpg","contentUrl":"https:\/\/www.webdo.tn\/fr\/wp-content\/uploads\/2015\/01\/webdo_default-94.jpg","width":800,"height":500,"caption":"Attaque contre Charlie Hebdo : Les musulmans de Corse de nouveaux vis\u00e9s"},{"@type":"BreadcrumbList","@id":"https:\/\/www.webdo.tn\/fr\/actualite\/international\/attaque-contre-charlie-hebdo-les-musulmans-de-corse-de-nouveaux-vises\/184250\/#breadcrumb","itemListElement":[{"@type":"ListItem","position":1,"name":"Accueil","item":"https:\/\/www.webdo.tn\/fr\/"},{"@type":"ListItem","position":2,"name":"Attaque contre Charlie Hebdo : Les musulmans de Corse de nouveaux vis\u00e9s"}]},{"@type":"WebSite","@id":"https:\/\/www.webdo.tn\/fr\/#website","url":"https:\/\/www.webdo.tn\/fr\/","name":"webdo","description":"Tunisie - News en Tunisie et \u00e0 l&#039;international sur Webdo.tn","publisher":{"@id":"https:\/\/www.webdo.tn\/fr\/#organization"},"potentialAction":[{"@type":"SearchAction","target":{"@type":"EntryPoint","urlTemplate":"https:\/\/www.webdo.tn\/fr\/?s={search_term_string}"},"query-input":{"@type":"PropertyValueSpecification","valueRequired":true,"valueName":"search_term_string"}}],"inLanguage":"fr-FR"},{"@type":"Organization","@id":"https:\/\/www.webdo.tn\/fr\/#organization","name":"Webdo","alternateName":"Webdo.tn","url":"https:\/\/www.webdo.tn\/fr\/","logo":{"@type":"ImageObject","inLanguage":"fr-FR","@id":"https:\/\/www.webdo.tn\/fr\/#\/schema\/logo\/image\/","url":"https:\/\/www.webdo.tn\/fr\/wp-content\/uploads\/2025\/06\/Webdo-Tunisie_168377.jpg","contentUrl":"https:\/\/www.webdo.tn\/fr\/wp-content\/uploads\/2025\/06\/Webdo-Tunisie_168377.jpg","width":301,"height":301,"caption":"Webdo"},"image":{"@id":"https:\/\/www.webdo.tn\/fr\/#\/schema\/logo\/image\/"},"sameAs":["https:\/\/www.facebook.com\/webdotn","https:\/\/x.com\/webdo_tn"],"description":"Webdo est un m\u00e9dia num\u00e9rique tunisien fond\u00e9 en 2010, sp\u00e9cialis\u00e9 dans l\u2019actualit\u00e9 nationale et internationale, l\u2019\u00e9conomie, la soci\u00e9t\u00e9 et les analyses politiques. Le site s\u2019adresse \u00e0 un large public francophone et couvre l\u2019information tunisienne en temps r\u00e9el.","email":"redac@webdo.tn","legalName":"YNJ SARL","foundingDate":"2010-09-06","numberOfEmployees":{"@type":"QuantitativeValue","minValue":"11","maxValue":"50"}},{"@type":"Person","@id":"https:\/\/www.webdo.tn\/fr\/#\/schema\/person\/9a9c6118d687c117df8ef3cc36a4d175","name":"webdo.tn","image":{"@type":"ImageObject","inLanguage":"fr-FR","@id":"https:\/\/secure.gravatar.com\/avatar\/7ce1f28c0c3bbac99ff550b85ef8e44a6950c6ee24514fb6a5489e51d06f0298?s=96&d=mm&r=g","url":"https:\/\/secure.gravatar.com\/avatar\/7ce1f28c0c3bbac99ff550b85ef8e44a6950c6ee24514fb6a5489e51d06f0298?s=96&d=mm&r=g","contentUrl":"https:\/\/secure.gravatar.com\/avatar\/7ce1f28c0c3bbac99ff550b85ef8e44a6950c6ee24514fb6a5489e51d06f0298?s=96&d=mm&r=g","caption":"webdo.tn"},"url":"https:\/\/www.webdo.tn\/fr\/actualite\/author\/webdotn\/"}]}},"_links":{"self":[{"href":"https:\/\/www.webdo.tn\/fr\/wp-json\/wp\/v2\/posts\/184250","targetHints":{"allow":["GET"]}}],"collection":[{"href":"https:\/\/www.webdo.tn\/fr\/wp-json\/wp\/v2\/posts"}],"about":[{"href":"https:\/\/www.webdo.tn\/fr\/wp-json\/wp\/v2\/types\/post"}],"author":[{"embeddable":true,"href":"https:\/\/www.webdo.tn\/fr\/wp-json\/wp\/v2\/users\/3222"}],"replies":[{"embeddable":true,"href":"https:\/\/www.webdo.tn\/fr\/wp-json\/wp\/v2\/comments?post=184250"}],"version-history":[{"count":0,"href":"https:\/\/www.webdo.tn\/fr\/wp-json\/wp\/v2\/posts\/184250\/revisions"}],"wp:featuredmedia":[{"embeddable":true,"href":"https:\/\/www.webdo.tn\/fr\/wp-json\/wp\/v2\/media\/335425"}],"wp:attachment":[{"href":"https:\/\/www.webdo.tn\/fr\/wp-json\/wp\/v2\/media?parent=184250"}],"wp:term":[{"taxonomy":"category","embeddable":true,"href":"https:\/\/www.webdo.tn\/fr\/wp-json\/wp\/v2\/categories?post=184250"},{"taxonomy":"post_tag","embeddable":true,"href":"https:\/\/www.webdo.tn\/fr\/wp-json\/wp\/v2\/tags?post=184250"}],"curies":[{"name":"wp","href":"https:\/\/api.w.org\/{rel}","templated":true}]}}