{"id":184248,"date":"2015-01-11T17:20:00","date_gmt":"2015-01-11T17:20:00","guid":{"rendered":"https:\/\/www.webdo.tn\/fr\/blog\/contre-la-provocation-des-caricatures-insolentes-mais-encore-plus-contre-le-meurtre\/184248\/"},"modified":"2015-01-11T17:20:00","modified_gmt":"2015-01-11T17:20:00","slug":"contre-la-provocation-des-caricatures-insolentes-mais-encore-plus-contre-le-meurtre","status":"publish","type":"post","link":"https:\/\/www.webdo.tn\/fr\/actualite\/international\/contre-la-provocation-des-caricatures-insolentes-mais-encore-plus-contre-le-meurtre\/184248\/","title":{"rendered":"Contre la provocation des caricatures insolentes mais encore plus contre le meurtre"},"content":{"rendered":"<p>TRIBUNE\u00a0| Par Wassim Jday<br \/>\nBien que je sois personnellement contre la provocation gratuite de dessiner le proph\u00e8te nu ou pire que \u00e7a, (les caricatures insolentes, voire pornographiques), je ne cautionne pas le meurtre, la violence ou le terrorisme comme r\u00e9action. La r\u00e9action pourrait prendre plusieurs formes pacifiques : caricatures, textes, films, livres, conf\u00e9rences, etc. donnant un message oppos\u00e9, ou m\u00eame manifestation pacifique, lobbying politique, etc.<\/p>\n<p>Un des arguments utilis\u00e9s par les islamistes dans leur justification de la violence et du terrorisme c&rsquo;est de dire \u00ab\u00a0quand j&rsquo;insulte ta propre m\u00e8re tu auras le droit de faire une r\u00e9action qui peut \u00eatre violente, alors que dire quand on insulte la personne la plus sacr\u00e9e pour un milliard de musulmans, une personne qui est plus ch\u00e8re que leurs propres m\u00e8res et leurs propres p\u00e8res\u00a0\u00bb. C&rsquo;est justement l\u00e0 que se situe le dogme et le comble de l&rsquo;irrationalisme qui m\u00e8ne tout droit au terrorisme. Penser ainsi c&rsquo;est, en fait, nier la simple r\u00e9alit\u00e9 des choses : Le proph\u00e8te est en fait une figure historique, donc publique que tout le monde a le droit d&rsquo;examiner, que tu n&rsquo;as jamais vue, que tu as connue par le biais des histoires racont\u00e9es, des textes et des documents historiques, et rationnellement et scientifiquement parlant tu dois \u00eatre tr\u00e8s souple quant aux faits et aux d\u00e9tails qui entourent toute figure historique qui peut \u00eatre sujet d&rsquo;un d\u00e9bat publique non-limit\u00e9 \u00e0 la \u00ab\u00a0famille\u00a0\u00bb musulmane pieuse, alors que ta m\u00e8re c&rsquo;est elle qui t&rsquo;a donn\u00e9 vie, tu la connais tr\u00e8s bien, elle est bien r\u00e9elle dans ta vie et ta relation avec elle est personnelle et priv\u00e9e. <\/p>\n<p>Tu as certainement le droit de rendre ta relation avec une figure historique une relation intime, priv\u00e9e, sacr\u00e9e et intouchable, mais \u00e7a doit rester seulement pour toi, tu n&rsquo;as pas le droit de sacraliser cette figure historique et publique pour tout le monde et interdire au monde d&rsquo;en discuter ou d&rsquo;en douter.<\/p>\n<p>Certains musulmans \u00e9voquent la loi fran\u00e7aise qui interdit de mettre en question la Shoah des juifs. Je vois personnellement que c&rsquo;est une loi primitive, indigne et hypocrite, mais il faut avouer que les sionistes ne l&rsquo;ont pas impos\u00e9e par l&rsquo;\u00e9gorgement et l&rsquo;ex\u00e9cution des journalistes et des flics fran\u00e7ais. On aurait bien aim\u00e9 voir les musulmans exercer une similaire pression politique et \u00e9conomique dans le but d&rsquo;imposer une loi semblable qui prot\u00e8ge leur sacr\u00e9 propre \u00e0 eux, m\u00eame si je suis contre ces lois.<\/p>\n","protected":false},"excerpt":{"rendered":"<p>Contre la provocation des caricatures insolentes mais encore plus contre le meurtre<\/p>\n","protected":false},"author":3222,"featured_media":330884,"comment_status":"open","ping_status":"closed","sticky":false,"template":"","format":"standard","meta":{"footnotes":""},"categories":[2598],"tags":[2600],"class_list":["post-184248","post","type-post","status-publish","format-standard","has-post-thumbnail","hentry","category-international","tag-guerre"],"yoast_head":"<!-- This site is optimized with the Yoast SEO Premium plugin v27.5 (Yoast SEO v27.5) - https:\/\/yoast.com\/product\/yoast-seo-premium-wordpress\/ -->\n<title>Contre la provocation des caricatures insolentes mais encore plus contre le meurtre<\/title>\n<meta name=\"description\" content=\"Contre la provocation des caricatures insolentes mais encore plus contre le meurtre\" \/>\n<link rel=\"canonical\" href=\"https:\/\/www.webdo.tn\/fr\/actualite\/international\/contre-la-provocation-des-caricatures-insolentes-mais-encore-plus-contre-le-meurtre\/184248\/\" \/>\n<meta property=\"og:locale\" content=\"fr_FR\" \/>\n<meta property=\"og:type\" content=\"article\" \/>\n<meta property=\"og:title\" content=\"Contre la provocation des caricatures insolentes mais encore plus contre le meurtre\" \/>\n<meta property=\"og:description\" content=\"Contre la provocation des caricatures insolentes mais encore plus contre le meurtre\" \/>\n<meta property=\"og:url\" content=\"https:\/\/www.webdo.tn\/fr\/actualite\/international\/contre-la-provocation-des-caricatures-insolentes-mais-encore-plus-contre-le-meurtre\/184248\/\" \/>\n<meta property=\"og:site_name\" content=\"webdo\" \/>\n<meta property=\"article:publisher\" content=\"https:\/\/www.facebook.com\/webdotn\" \/>\n<meta property=\"article:published_time\" content=\"2015-01-11T17:20:00+00:00\" \/>\n<meta property=\"og:image\" content=\"https:\/\/www.webdo.tn\/fr\/wp-content\/uploads\/2015\/01\/webdo_default-73.jpg\" \/>\n\t<meta property=\"og:image:width\" content=\"800\" \/>\n\t<meta property=\"og:image:height\" content=\"500\" \/>\n\t<meta property=\"og:image:type\" content=\"image\/jpeg\" \/>\n<meta name=\"author\" content=\"webdo.tn\" \/>\n<meta name=\"twitter:card\" content=\"summary_large_image\" \/>\n<meta name=\"twitter:creator\" content=\"@webdo_tn\" \/>\n<meta name=\"twitter:site\" content=\"@webdo_tn\" \/>\n<meta name=\"twitter:label1\" content=\"\u00c9crit par\" \/>\n\t<meta name=\"twitter:data1\" content=\"webdo.tn\" \/>\n\t<meta name=\"twitter:label2\" content=\"Dur\u00e9e de lecture estim\u00e9e\" \/>\n\t<meta name=\"twitter:data2\" content=\"2 minutes\" \/>\n<script type=\"application\/ld+json\" class=\"yoast-schema-graph\">{\"@context\":\"https:\\\/\\\/schema.org\",\"@graph\":[{\"@type\":\"NewsArticle\",\"@id\":\"https:\\\/\\\/www.webdo.tn\\\/fr\\\/actualite\\\/international\\\/contre-la-provocation-des-caricatures-insolentes-mais-encore-plus-contre-le-meurtre\\\/184248\\\/#article\",\"isPartOf\":{\"@id\":\"https:\\\/\\\/www.webdo.tn\\\/fr\\\/actualite\\\/international\\\/contre-la-provocation-des-caricatures-insolentes-mais-encore-plus-contre-le-meurtre\\\/184248\\\/\"},\"author\":{\"name\":\"webdo.tn\",\"@id\":\"https:\\\/\\\/www.webdo.tn\\\/fr\\\/#\\\/schema\\\/person\\\/9a9c6118d687c117df8ef3cc36a4d175\"},\"headline\":\"Contre la provocation des caricatures insolentes mais encore plus contre le meurtre\",\"datePublished\":\"2015-01-11T17:20:00+00:00\",\"mainEntityOfPage\":{\"@id\":\"https:\\\/\\\/www.webdo.tn\\\/fr\\\/actualite\\\/international\\\/contre-la-provocation-des-caricatures-insolentes-mais-encore-plus-contre-le-meurtre\\\/184248\\\/\"},\"wordCount\":458,\"commentCount\":0,\"publisher\":{\"@id\":\"https:\\\/\\\/www.webdo.tn\\\/fr\\\/#organization\"},\"image\":{\"@id\":\"https:\\\/\\\/www.webdo.tn\\\/fr\\\/actualite\\\/international\\\/contre-la-provocation-des-caricatures-insolentes-mais-encore-plus-contre-le-meurtre\\\/184248\\\/#primaryimage\"},\"thumbnailUrl\":\"https:\\\/\\\/www.webdo.tn\\\/fr\\\/wp-content\\\/uploads\\\/2015\\\/01\\\/webdo_default-73.jpg\",\"keywords\":[\"guerre\"],\"articleSection\":[\"International\"],\"inLanguage\":\"fr-FR\"},{\"@type\":\"WebPage\",\"@id\":\"https:\\\/\\\/www.webdo.tn\\\/fr\\\/actualite\\\/international\\\/contre-la-provocation-des-caricatures-insolentes-mais-encore-plus-contre-le-meurtre\\\/184248\\\/\",\"url\":\"https:\\\/\\\/www.webdo.tn\\\/fr\\\/actualite\\\/international\\\/contre-la-provocation-des-caricatures-insolentes-mais-encore-plus-contre-le-meurtre\\\/184248\\\/\",\"name\":\"Contre la provocation des caricatures insolentes mais encore plus contre le meurtre\",\"isPartOf\":{\"@id\":\"https:\\\/\\\/www.webdo.tn\\\/fr\\\/#website\"},\"primaryImageOfPage\":{\"@id\":\"https:\\\/\\\/www.webdo.tn\\\/fr\\\/actualite\\\/international\\\/contre-la-provocation-des-caricatures-insolentes-mais-encore-plus-contre-le-meurtre\\\/184248\\\/#primaryimage\"},\"image\":{\"@id\":\"https:\\\/\\\/www.webdo.tn\\\/fr\\\/actualite\\\/international\\\/contre-la-provocation-des-caricatures-insolentes-mais-encore-plus-contre-le-meurtre\\\/184248\\\/#primaryimage\"},\"thumbnailUrl\":\"https:\\\/\\\/www.webdo.tn\\\/fr\\\/wp-content\\\/uploads\\\/2015\\\/01\\\/webdo_default-73.jpg\",\"datePublished\":\"2015-01-11T17:20:00+00:00\",\"description\":\"Contre la provocation des caricatures insolentes mais encore plus contre le meurtre\",\"breadcrumb\":{\"@id\":\"https:\\\/\\\/www.webdo.tn\\\/fr\\\/actualite\\\/international\\\/contre-la-provocation-des-caricatures-insolentes-mais-encore-plus-contre-le-meurtre\\\/184248\\\/#breadcrumb\"},\"inLanguage\":\"fr-FR\",\"potentialAction\":[{\"@type\":\"ReadAction\",\"target\":[\"https:\\\/\\\/www.webdo.tn\\\/fr\\\/actualite\\\/international\\\/contre-la-provocation-des-caricatures-insolentes-mais-encore-plus-contre-le-meurtre\\\/184248\\\/\"]}]},{\"@type\":\"ImageObject\",\"inLanguage\":\"fr-FR\",\"@id\":\"https:\\\/\\\/www.webdo.tn\\\/fr\\\/actualite\\\/international\\\/contre-la-provocation-des-caricatures-insolentes-mais-encore-plus-contre-le-meurtre\\\/184248\\\/#primaryimage\",\"url\":\"https:\\\/\\\/www.webdo.tn\\\/fr\\\/wp-content\\\/uploads\\\/2015\\\/01\\\/webdo_default-73.jpg\",\"contentUrl\":\"https:\\\/\\\/www.webdo.tn\\\/fr\\\/wp-content\\\/uploads\\\/2015\\\/01\\\/webdo_default-73.jpg\",\"width\":800,\"height\":500,\"caption\":\"Contre la provocation des caricatures insolentes mais encore plus contre le meurtre\"},{\"@type\":\"BreadcrumbList\",\"@id\":\"https:\\\/\\\/www.webdo.tn\\\/fr\\\/actualite\\\/international\\\/contre-la-provocation-des-caricatures-insolentes-mais-encore-plus-contre-le-meurtre\\\/184248\\\/#breadcrumb\",\"itemListElement\":[{\"@type\":\"ListItem\",\"position\":1,\"name\":\"Accueil\",\"item\":\"https:\\\/\\\/www.webdo.tn\\\/fr\\\/\"},{\"@type\":\"ListItem\",\"position\":2,\"name\":\"Contre la provocation des caricatures insolentes mais encore plus contre le meurtre\"}]},{\"@type\":\"WebSite\",\"@id\":\"https:\\\/\\\/www.webdo.tn\\\/fr\\\/#website\",\"url\":\"https:\\\/\\\/www.webdo.tn\\\/fr\\\/\",\"name\":\"webdo\",\"description\":\"Tunisie - News en Tunisie et \u00e0 l&#039;international sur Webdo.tn\",\"publisher\":{\"@id\":\"https:\\\/\\\/www.webdo.tn\\\/fr\\\/#organization\"},\"potentialAction\":[{\"@type\":\"SearchAction\",\"target\":{\"@type\":\"EntryPoint\",\"urlTemplate\":\"https:\\\/\\\/www.webdo.tn\\\/fr\\\/?s={search_term_string}\"},\"query-input\":{\"@type\":\"PropertyValueSpecification\",\"valueRequired\":true,\"valueName\":\"search_term_string\"}}],\"inLanguage\":\"fr-FR\"},{\"@type\":\"Organization\",\"@id\":\"https:\\\/\\\/www.webdo.tn\\\/fr\\\/#organization\",\"name\":\"Webdo\",\"alternateName\":\"Webdo.tn\",\"url\":\"https:\\\/\\\/www.webdo.tn\\\/fr\\\/\",\"logo\":{\"@type\":\"ImageObject\",\"inLanguage\":\"fr-FR\",\"@id\":\"https:\\\/\\\/www.webdo.tn\\\/fr\\\/#\\\/schema\\\/logo\\\/image\\\/\",\"url\":\"https:\\\/\\\/www.webdo.tn\\\/fr\\\/wp-content\\\/uploads\\\/2025\\\/06\\\/Webdo-Tunisie_168377.jpg\",\"contentUrl\":\"https:\\\/\\\/www.webdo.tn\\\/fr\\\/wp-content\\\/uploads\\\/2025\\\/06\\\/Webdo-Tunisie_168377.jpg\",\"width\":301,\"height\":301,\"caption\":\"Webdo\"},\"image\":{\"@id\":\"https:\\\/\\\/www.webdo.tn\\\/fr\\\/#\\\/schema\\\/logo\\\/image\\\/\"},\"sameAs\":[\"https:\\\/\\\/www.facebook.com\\\/webdotn\",\"https:\\\/\\\/x.com\\\/webdo_tn\"],\"description\":\"Webdo est un m\u00e9dia num\u00e9rique tunisien fond\u00e9 en 2010, sp\u00e9cialis\u00e9 dans l\u2019actualit\u00e9 nationale et internationale, l\u2019\u00e9conomie, la soci\u00e9t\u00e9 et les analyses politiques. Le site s\u2019adresse \u00e0 un large public francophone et couvre l\u2019information tunisienne en temps r\u00e9el.\",\"email\":\"redac@webdo.tn\",\"legalName\":\"YNJ SARL\",\"foundingDate\":\"2010-09-06\",\"numberOfEmployees\":{\"@type\":\"QuantitativeValue\",\"minValue\":\"11\",\"maxValue\":\"50\"}},{\"@type\":\"Person\",\"@id\":\"https:\\\/\\\/www.webdo.tn\\\/fr\\\/#\\\/schema\\\/person\\\/9a9c6118d687c117df8ef3cc36a4d175\",\"name\":\"webdo.tn\",\"image\":{\"@type\":\"ImageObject\",\"inLanguage\":\"fr-FR\",\"@id\":\"https:\\\/\\\/secure.gravatar.com\\\/avatar\\\/7ce1f28c0c3bbac99ff550b85ef8e44a6950c6ee24514fb6a5489e51d06f0298?s=96&d=mm&r=g\",\"url\":\"https:\\\/\\\/secure.gravatar.com\\\/avatar\\\/7ce1f28c0c3bbac99ff550b85ef8e44a6950c6ee24514fb6a5489e51d06f0298?s=96&d=mm&r=g\",\"contentUrl\":\"https:\\\/\\\/secure.gravatar.com\\\/avatar\\\/7ce1f28c0c3bbac99ff550b85ef8e44a6950c6ee24514fb6a5489e51d06f0298?s=96&d=mm&r=g\",\"caption\":\"webdo.tn\"},\"url\":\"https:\\\/\\\/www.webdo.tn\\\/fr\\\/actualite\\\/author\\\/webdotn\\\/\"}]}<\/script>\n<!-- \/ Yoast SEO Premium plugin. -->","yoast_head_json":{"title":"Contre la provocation des caricatures insolentes mais encore plus contre le meurtre","description":"Contre la provocation des caricatures insolentes mais encore plus contre le meurtre","canonical":"https:\/\/www.webdo.tn\/fr\/actualite\/international\/contre-la-provocation-des-caricatures-insolentes-mais-encore-plus-contre-le-meurtre\/184248\/","og_locale":"fr_FR","og_type":"article","og_title":"Contre la provocation des caricatures insolentes mais encore plus contre le meurtre","og_description":"Contre la provocation des caricatures insolentes mais encore plus contre le meurtre","og_url":"https:\/\/www.webdo.tn\/fr\/actualite\/international\/contre-la-provocation-des-caricatures-insolentes-mais-encore-plus-contre-le-meurtre\/184248\/","og_site_name":"webdo","article_publisher":"https:\/\/www.facebook.com\/webdotn","article_published_time":"2015-01-11T17:20:00+00:00","og_image":[{"width":800,"height":500,"url":"https:\/\/www.webdo.tn\/fr\/wp-content\/uploads\/2015\/01\/webdo_default-73.jpg","type":"image\/jpeg"}],"author":"webdo.tn","twitter_card":"summary_large_image","twitter_creator":"@webdo_tn","twitter_site":"@webdo_tn","twitter_misc":{"\u00c9crit par":"webdo.tn","Dur\u00e9e de lecture estim\u00e9e":"2 minutes"},"schema":{"@context":"https:\/\/schema.org","@graph":[{"@type":"NewsArticle","@id":"https:\/\/www.webdo.tn\/fr\/actualite\/international\/contre-la-provocation-des-caricatures-insolentes-mais-encore-plus-contre-le-meurtre\/184248\/#article","isPartOf":{"@id":"https:\/\/www.webdo.tn\/fr\/actualite\/international\/contre-la-provocation-des-caricatures-insolentes-mais-encore-plus-contre-le-meurtre\/184248\/"},"author":{"name":"webdo.tn","@id":"https:\/\/www.webdo.tn\/fr\/#\/schema\/person\/9a9c6118d687c117df8ef3cc36a4d175"},"headline":"Contre la provocation des caricatures insolentes mais encore plus contre le meurtre","datePublished":"2015-01-11T17:20:00+00:00","mainEntityOfPage":{"@id":"https:\/\/www.webdo.tn\/fr\/actualite\/international\/contre-la-provocation-des-caricatures-insolentes-mais-encore-plus-contre-le-meurtre\/184248\/"},"wordCount":458,"commentCount":0,"publisher":{"@id":"https:\/\/www.webdo.tn\/fr\/#organization"},"image":{"@id":"https:\/\/www.webdo.tn\/fr\/actualite\/international\/contre-la-provocation-des-caricatures-insolentes-mais-encore-plus-contre-le-meurtre\/184248\/#primaryimage"},"thumbnailUrl":"https:\/\/www.webdo.tn\/fr\/wp-content\/uploads\/2015\/01\/webdo_default-73.jpg","keywords":["guerre"],"articleSection":["International"],"inLanguage":"fr-FR"},{"@type":"WebPage","@id":"https:\/\/www.webdo.tn\/fr\/actualite\/international\/contre-la-provocation-des-caricatures-insolentes-mais-encore-plus-contre-le-meurtre\/184248\/","url":"https:\/\/www.webdo.tn\/fr\/actualite\/international\/contre-la-provocation-des-caricatures-insolentes-mais-encore-plus-contre-le-meurtre\/184248\/","name":"Contre la provocation des caricatures insolentes mais encore plus contre le meurtre","isPartOf":{"@id":"https:\/\/www.webdo.tn\/fr\/#website"},"primaryImageOfPage":{"@id":"https:\/\/www.webdo.tn\/fr\/actualite\/international\/contre-la-provocation-des-caricatures-insolentes-mais-encore-plus-contre-le-meurtre\/184248\/#primaryimage"},"image":{"@id":"https:\/\/www.webdo.tn\/fr\/actualite\/international\/contre-la-provocation-des-caricatures-insolentes-mais-encore-plus-contre-le-meurtre\/184248\/#primaryimage"},"thumbnailUrl":"https:\/\/www.webdo.tn\/fr\/wp-content\/uploads\/2015\/01\/webdo_default-73.jpg","datePublished":"2015-01-11T17:20:00+00:00","description":"Contre la provocation des caricatures insolentes mais encore plus contre le meurtre","breadcrumb":{"@id":"https:\/\/www.webdo.tn\/fr\/actualite\/international\/contre-la-provocation-des-caricatures-insolentes-mais-encore-plus-contre-le-meurtre\/184248\/#breadcrumb"},"inLanguage":"fr-FR","potentialAction":[{"@type":"ReadAction","target":["https:\/\/www.webdo.tn\/fr\/actualite\/international\/contre-la-provocation-des-caricatures-insolentes-mais-encore-plus-contre-le-meurtre\/184248\/"]}]},{"@type":"ImageObject","inLanguage":"fr-FR","@id":"https:\/\/www.webdo.tn\/fr\/actualite\/international\/contre-la-provocation-des-caricatures-insolentes-mais-encore-plus-contre-le-meurtre\/184248\/#primaryimage","url":"https:\/\/www.webdo.tn\/fr\/wp-content\/uploads\/2015\/01\/webdo_default-73.jpg","contentUrl":"https:\/\/www.webdo.tn\/fr\/wp-content\/uploads\/2015\/01\/webdo_default-73.jpg","width":800,"height":500,"caption":"Contre la provocation des caricatures insolentes mais encore plus contre le meurtre"},{"@type":"BreadcrumbList","@id":"https:\/\/www.webdo.tn\/fr\/actualite\/international\/contre-la-provocation-des-caricatures-insolentes-mais-encore-plus-contre-le-meurtre\/184248\/#breadcrumb","itemListElement":[{"@type":"ListItem","position":1,"name":"Accueil","item":"https:\/\/www.webdo.tn\/fr\/"},{"@type":"ListItem","position":2,"name":"Contre la provocation des caricatures insolentes mais encore plus contre le meurtre"}]},{"@type":"WebSite","@id":"https:\/\/www.webdo.tn\/fr\/#website","url":"https:\/\/www.webdo.tn\/fr\/","name":"webdo","description":"Tunisie - News en Tunisie et \u00e0 l&#039;international sur Webdo.tn","publisher":{"@id":"https:\/\/www.webdo.tn\/fr\/#organization"},"potentialAction":[{"@type":"SearchAction","target":{"@type":"EntryPoint","urlTemplate":"https:\/\/www.webdo.tn\/fr\/?s={search_term_string}"},"query-input":{"@type":"PropertyValueSpecification","valueRequired":true,"valueName":"search_term_string"}}],"inLanguage":"fr-FR"},{"@type":"Organization","@id":"https:\/\/www.webdo.tn\/fr\/#organization","name":"Webdo","alternateName":"Webdo.tn","url":"https:\/\/www.webdo.tn\/fr\/","logo":{"@type":"ImageObject","inLanguage":"fr-FR","@id":"https:\/\/www.webdo.tn\/fr\/#\/schema\/logo\/image\/","url":"https:\/\/www.webdo.tn\/fr\/wp-content\/uploads\/2025\/06\/Webdo-Tunisie_168377.jpg","contentUrl":"https:\/\/www.webdo.tn\/fr\/wp-content\/uploads\/2025\/06\/Webdo-Tunisie_168377.jpg","width":301,"height":301,"caption":"Webdo"},"image":{"@id":"https:\/\/www.webdo.tn\/fr\/#\/schema\/logo\/image\/"},"sameAs":["https:\/\/www.facebook.com\/webdotn","https:\/\/x.com\/webdo_tn"],"description":"Webdo est un m\u00e9dia num\u00e9rique tunisien fond\u00e9 en 2010, sp\u00e9cialis\u00e9 dans l\u2019actualit\u00e9 nationale et internationale, l\u2019\u00e9conomie, la soci\u00e9t\u00e9 et les analyses politiques. Le site s\u2019adresse \u00e0 un large public francophone et couvre l\u2019information tunisienne en temps r\u00e9el.","email":"redac@webdo.tn","legalName":"YNJ SARL","foundingDate":"2010-09-06","numberOfEmployees":{"@type":"QuantitativeValue","minValue":"11","maxValue":"50"}},{"@type":"Person","@id":"https:\/\/www.webdo.tn\/fr\/#\/schema\/person\/9a9c6118d687c117df8ef3cc36a4d175","name":"webdo.tn","image":{"@type":"ImageObject","inLanguage":"fr-FR","@id":"https:\/\/secure.gravatar.com\/avatar\/7ce1f28c0c3bbac99ff550b85ef8e44a6950c6ee24514fb6a5489e51d06f0298?s=96&d=mm&r=g","url":"https:\/\/secure.gravatar.com\/avatar\/7ce1f28c0c3bbac99ff550b85ef8e44a6950c6ee24514fb6a5489e51d06f0298?s=96&d=mm&r=g","contentUrl":"https:\/\/secure.gravatar.com\/avatar\/7ce1f28c0c3bbac99ff550b85ef8e44a6950c6ee24514fb6a5489e51d06f0298?s=96&d=mm&r=g","caption":"webdo.tn"},"url":"https:\/\/www.webdo.tn\/fr\/actualite\/author\/webdotn\/"}]}},"_links":{"self":[{"href":"https:\/\/www.webdo.tn\/fr\/wp-json\/wp\/v2\/posts\/184248","targetHints":{"allow":["GET"]}}],"collection":[{"href":"https:\/\/www.webdo.tn\/fr\/wp-json\/wp\/v2\/posts"}],"about":[{"href":"https:\/\/www.webdo.tn\/fr\/wp-json\/wp\/v2\/types\/post"}],"author":[{"embeddable":true,"href":"https:\/\/www.webdo.tn\/fr\/wp-json\/wp\/v2\/users\/3222"}],"replies":[{"embeddable":true,"href":"https:\/\/www.webdo.tn\/fr\/wp-json\/wp\/v2\/comments?post=184248"}],"version-history":[{"count":0,"href":"https:\/\/www.webdo.tn\/fr\/wp-json\/wp\/v2\/posts\/184248\/revisions"}],"wp:featuredmedia":[{"embeddable":true,"href":"https:\/\/www.webdo.tn\/fr\/wp-json\/wp\/v2\/media\/330884"}],"wp:attachment":[{"href":"https:\/\/www.webdo.tn\/fr\/wp-json\/wp\/v2\/media?parent=184248"}],"wp:term":[{"taxonomy":"category","embeddable":true,"href":"https:\/\/www.webdo.tn\/fr\/wp-json\/wp\/v2\/categories?post=184248"},{"taxonomy":"post_tag","embeddable":true,"href":"https:\/\/www.webdo.tn\/fr\/wp-json\/wp\/v2\/tags?post=184248"}],"curies":[{"name":"wp","href":"https:\/\/api.w.org\/{rel}","templated":true}]}}