{"id":184247,"date":"2015-01-11T17:55:00","date_gmt":"2015-01-11T17:55:00","guid":{"rendered":"https:\/\/www.webdo.tn\/fr\/blog\/nigeria-peut-etre-le-massacre-le-plus-meurtrier-de-lhistoire-de-boko-haram\/184247\/"},"modified":"2015-01-11T17:55:00","modified_gmt":"2015-01-11T17:55:00","slug":"nigeria-peut-etre-le-massacre-le-plus-meurtrier-de-lhistoire-de-boko-haram","status":"publish","type":"post","link":"https:\/\/www.webdo.tn\/fr\/actualite\/international\/nigeria-peut-etre-le-massacre-le-plus-meurtrier-de-lhistoire-de-boko-haram\/184247\/","title":{"rendered":"Nigeria : Peut-\u00eatre le massacre le plus meurtrier de l&rsquo;histoire de Boko Haram"},"content":{"rendered":"<p>[dropcap]A[\/dropcap]\u00a0l&rsquo;approche de la pr\u00e9sidentielle, pr\u00e9vue en f\u00e9vrier\u00a0au Nigeria, le plus grand pays d\u2019Afrique de l\u2019Ouest, les attentats et actes de violence se multiplient.\u00a0Au moins 20 personnes ont \u00e9t\u00e9 tu\u00e9es et une vingtaine bless\u00e9es, ce samedi, 10 janvier 2015, lorsqu&rsquo;une bombe artisanale fix\u00e9e sur une fillette d&rsquo;une dizaine d&rsquo;ann\u00e9es a explos\u00e9 dans un march\u00e9, le \u00ab\u00a0Monday market\u00a0\u00bb, \u00a0de la ville\u00a0Maiduguri. Le premier suspect est le groupe Boko Haram.<\/p>\n<p>COMMUNIQUE\u00a0|<br \/>\nDes experts d\u2019Amnesty International sont disponibles pour commenter les informations r\u00e9centes faisant \u00e9tat du massacre d\u2019un grand nombre de civils par le groupe arm\u00e9 Boko Haram dans le nord-est du Nigeria.<\/p>\n<p>\u00ab\u00a0Il semble que l\u2019attaque contre Baga et les localit\u00e9s alentour pourrait \u00eatre la plus meurtri\u00e8re \u00e0 ce jour d\u2019une s\u00e9rie d\u2019actions de plus en plus haineuses men\u00e9es par le groupe, a d\u00e9clar\u00e9 Daniel Eyre, chercheur sur le Nigeria \u00e0 Amnesty International. Si les informations indiquant que la ville a \u00e9t\u00e9 en grande partie ras\u00e9e et que des centaines de civils (peut-\u00eatre m\u00eame 2\u00a0000) ont \u00e9t\u00e9 tu\u00e9s sont exactes, nous sommes en pr\u00e9sence d\u2019une escalade sanglante tr\u00e8s inqui\u00e9tante des actions de Boko Haram contre la population civile.<br \/>\n\u00ab\u00a0Nous sommes actuellement mobilis\u00e9s pour recueillir plus d\u2019informations sur ce qui s\u2019est pass\u00e9 durant l\u2019attaque contre Baga et la zone alentour. Il est plus que jamais imp\u00e9ratif que Boko Haram cesse imm\u00e9diatement ces assassinats absurdes de civils et que le gouvernement nig\u00e9rian prenne des mesures pour prot\u00e9ger une population qui vit dans la peur constante des attaques\u00a0\u00bb, a d\u00e9clar\u00e9 Daniel Eyre.<br \/>\nCompl\u00e9ment d\u2019information<br \/>\nSelon les informations disponibles, des activistes de Boko Haram ont attaqu\u00e9 Baga et les localit\u00e9s environnantes le samedi 3\u00a0janvier.<br \/>\nBoko Haram a men\u00e9 depuis 2009 une s\u00e9rie de raids et d\u2019attentats \u00e0 l\u2019explosif visant d\u00e9lib\u00e9r\u00e9ment des civils. Les attaques se font de plus en plus fr\u00e9quentes et importantes au fil du temps.<br \/>\nElles frappent de mani\u00e8re d\u00e9vastatrice la population civile. Des milliers de personnes ont \u00e9t\u00e9 tu\u00e9es ou enlev\u00e9es, des centaines de milliers d\u2019autres ont \u00e9t\u00e9 contraintes de quitter leur foyer.<br \/>\n__<br \/>\nAboubakar Shekau, le chef du groupe islamiste Boko Haram, a d\u00e9clar\u00e9\u00a0son soutien \u00e0 l&rsquo;Etat islamique,ainsi qu&rsquo;\u00e0 Al-Qaida et aux\u00a0talibans afghans, dans une vid\u00e9o diffus\u00e9e dimanche 13 juillet 2014, citant le chef de l&rsquo;Etat islamique, Abou Bakr Al-Baghdadi, le chef d&rsquo;Al-Qaida, Ayman Al-Zawahiri et celui des\u00a0talibans afghans, le mollah Omar.<br \/>\nEn savoir plus sur http:\/\/www.lemonde.fr\/afrique\/article\/2014\/07\/13\/boko-haram-soutient-l-ei-al-qaida-et-les-taliban_4456281_3212.html#afCbIEZJcpm0flJP.99<br \/>\nEn savoir plus sur http:\/\/www.lemonde.fr\/afrique\/article\/2014\/07\/13\/boko-haram-soutient-l-ei-al-qaida-et-les-taliban_4456281_3212.html#afCbIEZJcpm0flJP.99<\/p>\n","protected":false},"excerpt":{"rendered":"<p>Nigeria : Peut-\u00eatre le massacre le plus meurtrier de l&rsquo;histoire de Boko Haram<\/p>\n","protected":false},"author":3222,"featured_media":373136,"comment_status":"open","ping_status":"closed","sticky":false,"template":"","format":"standard","meta":{"footnotes":""},"categories":[2598],"tags":[2600],"class_list":["post-184247","post","type-post","status-publish","format-standard","has-post-thumbnail","hentry","category-international","tag-guerre"],"yoast_head":"<!-- This site is optimized with the Yoast SEO Premium plugin v27.5 (Yoast SEO v27.5) - https:\/\/yoast.com\/product\/yoast-seo-premium-wordpress\/ -->\n<title>Nigeria : Peut-\u00eatre le massacre le plus meurtrier de l&#039;histoire de Boko Haram<\/title>\n<meta name=\"description\" content=\"Nigeria : Peut-\u00eatre le massacre le plus meurtrier de l&#039;histoire de Boko Haram\" \/>\n<link rel=\"canonical\" href=\"https:\/\/www.webdo.tn\/fr\/actualite\/international\/nigeria-peut-etre-le-massacre-le-plus-meurtrier-de-lhistoire-de-boko-haram\/184247\/\" \/>\n<meta property=\"og:locale\" content=\"fr_FR\" \/>\n<meta property=\"og:type\" content=\"article\" \/>\n<meta property=\"og:title\" content=\"Nigeria : Peut-\u00eatre le massacre le plus meurtrier de l&#039;histoire de Boko Haram\" \/>\n<meta property=\"og:description\" content=\"Nigeria : Peut-\u00eatre le massacre le plus meurtrier de l&#039;histoire de Boko Haram\" \/>\n<meta property=\"og:url\" content=\"https:\/\/www.webdo.tn\/fr\/actualite\/international\/nigeria-peut-etre-le-massacre-le-plus-meurtrier-de-lhistoire-de-boko-haram\/184247\/\" \/>\n<meta property=\"og:site_name\" content=\"webdo\" \/>\n<meta property=\"article:publisher\" content=\"https:\/\/www.facebook.com\/webdotn\" \/>\n<meta property=\"article:published_time\" content=\"2015-01-11T17:55:00+00:00\" \/>\n<meta name=\"author\" content=\"webdo.tn\" \/>\n<meta name=\"twitter:card\" content=\"summary_large_image\" \/>\n<meta name=\"twitter:creator\" content=\"@webdo_tn\" \/>\n<meta name=\"twitter:site\" content=\"@webdo_tn\" \/>\n<meta name=\"twitter:label1\" content=\"\u00c9crit par\" \/>\n\t<meta name=\"twitter:data1\" content=\"webdo.tn\" \/>\n\t<meta name=\"twitter:label2\" content=\"Dur\u00e9e de lecture estim\u00e9e\" \/>\n\t<meta name=\"twitter:data2\" content=\"2 minutes\" \/>\n<script type=\"application\/ld+json\" class=\"yoast-schema-graph\">{\"@context\":\"https:\\\/\\\/schema.org\",\"@graph\":[{\"@type\":\"NewsArticle\",\"@id\":\"https:\\\/\\\/www.webdo.tn\\\/fr\\\/actualite\\\/international\\\/nigeria-peut-etre-le-massacre-le-plus-meurtrier-de-lhistoire-de-boko-haram\\\/184247\\\/#article\",\"isPartOf\":{\"@id\":\"https:\\\/\\\/www.webdo.tn\\\/fr\\\/actualite\\\/international\\\/nigeria-peut-etre-le-massacre-le-plus-meurtrier-de-lhistoire-de-boko-haram\\\/184247\\\/\"},\"author\":{\"name\":\"webdo.tn\",\"@id\":\"https:\\\/\\\/www.webdo.tn\\\/fr\\\/#\\\/schema\\\/person\\\/9a9c6118d687c117df8ef3cc36a4d175\"},\"headline\":\"Nigeria : Peut-\u00eatre le massacre le plus meurtrier de l&rsquo;histoire de Boko Haram\",\"datePublished\":\"2015-01-11T17:55:00+00:00\",\"mainEntityOfPage\":{\"@id\":\"https:\\\/\\\/www.webdo.tn\\\/fr\\\/actualite\\\/international\\\/nigeria-peut-etre-le-massacre-le-plus-meurtrier-de-lhistoire-de-boko-haram\\\/184247\\\/\"},\"wordCount\":481,\"commentCount\":0,\"publisher\":{\"@id\":\"https:\\\/\\\/www.webdo.tn\\\/fr\\\/#organization\"},\"image\":{\"@id\":\"https:\\\/\\\/www.webdo.tn\\\/fr\\\/actualite\\\/international\\\/nigeria-peut-etre-le-massacre-le-plus-meurtrier-de-lhistoire-de-boko-haram\\\/184247\\\/#primaryimage\"},\"thumbnailUrl\":\"https:\\\/\\\/www.webdo.tn\\\/fr\\\/wp-content\\\/uploads\\\/2025\\\/06\\\/Capture-decran-2015-01-11-a-17.44.08_184247.png\",\"keywords\":[\"guerre\"],\"articleSection\":[\"International\"],\"inLanguage\":\"fr-FR\"},{\"@type\":\"WebPage\",\"@id\":\"https:\\\/\\\/www.webdo.tn\\\/fr\\\/actualite\\\/international\\\/nigeria-peut-etre-le-massacre-le-plus-meurtrier-de-lhistoire-de-boko-haram\\\/184247\\\/\",\"url\":\"https:\\\/\\\/www.webdo.tn\\\/fr\\\/actualite\\\/international\\\/nigeria-peut-etre-le-massacre-le-plus-meurtrier-de-lhistoire-de-boko-haram\\\/184247\\\/\",\"name\":\"Nigeria : Peut-\u00eatre le massacre le plus meurtrier de l'histoire de Boko Haram\",\"isPartOf\":{\"@id\":\"https:\\\/\\\/www.webdo.tn\\\/fr\\\/#website\"},\"primaryImageOfPage\":{\"@id\":\"https:\\\/\\\/www.webdo.tn\\\/fr\\\/actualite\\\/international\\\/nigeria-peut-etre-le-massacre-le-plus-meurtrier-de-lhistoire-de-boko-haram\\\/184247\\\/#primaryimage\"},\"image\":{\"@id\":\"https:\\\/\\\/www.webdo.tn\\\/fr\\\/actualite\\\/international\\\/nigeria-peut-etre-le-massacre-le-plus-meurtrier-de-lhistoire-de-boko-haram\\\/184247\\\/#primaryimage\"},\"thumbnailUrl\":\"https:\\\/\\\/www.webdo.tn\\\/fr\\\/wp-content\\\/uploads\\\/2025\\\/06\\\/Capture-decran-2015-01-11-a-17.44.08_184247.png\",\"datePublished\":\"2015-01-11T17:55:00+00:00\",\"description\":\"Nigeria : Peut-\u00eatre le massacre le plus meurtrier de l'histoire de Boko Haram\",\"breadcrumb\":{\"@id\":\"https:\\\/\\\/www.webdo.tn\\\/fr\\\/actualite\\\/international\\\/nigeria-peut-etre-le-massacre-le-plus-meurtrier-de-lhistoire-de-boko-haram\\\/184247\\\/#breadcrumb\"},\"inLanguage\":\"fr-FR\",\"potentialAction\":[{\"@type\":\"ReadAction\",\"target\":[\"https:\\\/\\\/www.webdo.tn\\\/fr\\\/actualite\\\/international\\\/nigeria-peut-etre-le-massacre-le-plus-meurtrier-de-lhistoire-de-boko-haram\\\/184247\\\/\"]}]},{\"@type\":\"ImageObject\",\"inLanguage\":\"fr-FR\",\"@id\":\"https:\\\/\\\/www.webdo.tn\\\/fr\\\/actualite\\\/international\\\/nigeria-peut-etre-le-massacre-le-plus-meurtrier-de-lhistoire-de-boko-haram\\\/184247\\\/#primaryimage\",\"url\":\"https:\\\/\\\/www.webdo.tn\\\/fr\\\/wp-content\\\/uploads\\\/2025\\\/06\\\/Capture-decran-2015-01-11-a-17.44.08_184247.png\",\"contentUrl\":\"https:\\\/\\\/www.webdo.tn\\\/fr\\\/wp-content\\\/uploads\\\/2025\\\/06\\\/Capture-decran-2015-01-11-a-17.44.08_184247.png\",\"width\":415,\"height\":145,\"caption\":\"Nigeria : Peut-\u00eatre le massacre le plus meurtrier de l'histoire de Boko Haram\"},{\"@type\":\"BreadcrumbList\",\"@id\":\"https:\\\/\\\/www.webdo.tn\\\/fr\\\/actualite\\\/international\\\/nigeria-peut-etre-le-massacre-le-plus-meurtrier-de-lhistoire-de-boko-haram\\\/184247\\\/#breadcrumb\",\"itemListElement\":[{\"@type\":\"ListItem\",\"position\":1,\"name\":\"Accueil\",\"item\":\"https:\\\/\\\/www.webdo.tn\\\/fr\\\/\"},{\"@type\":\"ListItem\",\"position\":2,\"name\":\"Nigeria : Peut-\u00eatre le massacre le plus meurtrier de l&rsquo;histoire de Boko Haram\"}]},{\"@type\":\"WebSite\",\"@id\":\"https:\\\/\\\/www.webdo.tn\\\/fr\\\/#website\",\"url\":\"https:\\\/\\\/www.webdo.tn\\\/fr\\\/\",\"name\":\"webdo\",\"description\":\"Tunisie - News en Tunisie et \u00e0 l&#039;international sur Webdo.tn\",\"publisher\":{\"@id\":\"https:\\\/\\\/www.webdo.tn\\\/fr\\\/#organization\"},\"potentialAction\":[{\"@type\":\"SearchAction\",\"target\":{\"@type\":\"EntryPoint\",\"urlTemplate\":\"https:\\\/\\\/www.webdo.tn\\\/fr\\\/?s={search_term_string}\"},\"query-input\":{\"@type\":\"PropertyValueSpecification\",\"valueRequired\":true,\"valueName\":\"search_term_string\"}}],\"inLanguage\":\"fr-FR\"},{\"@type\":\"Organization\",\"@id\":\"https:\\\/\\\/www.webdo.tn\\\/fr\\\/#organization\",\"name\":\"Webdo\",\"alternateName\":\"Webdo.tn\",\"url\":\"https:\\\/\\\/www.webdo.tn\\\/fr\\\/\",\"logo\":{\"@type\":\"ImageObject\",\"inLanguage\":\"fr-FR\",\"@id\":\"https:\\\/\\\/www.webdo.tn\\\/fr\\\/#\\\/schema\\\/logo\\\/image\\\/\",\"url\":\"https:\\\/\\\/www.webdo.tn\\\/fr\\\/wp-content\\\/uploads\\\/2025\\\/06\\\/Webdo-Tunisie_168377.jpg\",\"contentUrl\":\"https:\\\/\\\/www.webdo.tn\\\/fr\\\/wp-content\\\/uploads\\\/2025\\\/06\\\/Webdo-Tunisie_168377.jpg\",\"width\":301,\"height\":301,\"caption\":\"Webdo\"},\"image\":{\"@id\":\"https:\\\/\\\/www.webdo.tn\\\/fr\\\/#\\\/schema\\\/logo\\\/image\\\/\"},\"sameAs\":[\"https:\\\/\\\/www.facebook.com\\\/webdotn\",\"https:\\\/\\\/x.com\\\/webdo_tn\"],\"description\":\"Webdo est un m\u00e9dia num\u00e9rique tunisien fond\u00e9 en 2010, sp\u00e9cialis\u00e9 dans l\u2019actualit\u00e9 nationale et internationale, l\u2019\u00e9conomie, la soci\u00e9t\u00e9 et les analyses politiques. Le site s\u2019adresse \u00e0 un large public francophone et couvre l\u2019information tunisienne en temps r\u00e9el.\",\"email\":\"redac@webdo.tn\",\"legalName\":\"YNJ SARL\",\"foundingDate\":\"2010-09-06\",\"numberOfEmployees\":{\"@type\":\"QuantitativeValue\",\"minValue\":\"11\",\"maxValue\":\"50\"}},{\"@type\":\"Person\",\"@id\":\"https:\\\/\\\/www.webdo.tn\\\/fr\\\/#\\\/schema\\\/person\\\/9a9c6118d687c117df8ef3cc36a4d175\",\"name\":\"webdo.tn\",\"image\":{\"@type\":\"ImageObject\",\"inLanguage\":\"fr-FR\",\"@id\":\"https:\\\/\\\/secure.gravatar.com\\\/avatar\\\/7ce1f28c0c3bbac99ff550b85ef8e44a6950c6ee24514fb6a5489e51d06f0298?s=96&d=mm&r=g\",\"url\":\"https:\\\/\\\/secure.gravatar.com\\\/avatar\\\/7ce1f28c0c3bbac99ff550b85ef8e44a6950c6ee24514fb6a5489e51d06f0298?s=96&d=mm&r=g\",\"contentUrl\":\"https:\\\/\\\/secure.gravatar.com\\\/avatar\\\/7ce1f28c0c3bbac99ff550b85ef8e44a6950c6ee24514fb6a5489e51d06f0298?s=96&d=mm&r=g\",\"caption\":\"webdo.tn\"},\"url\":\"https:\\\/\\\/www.webdo.tn\\\/fr\\\/actualite\\\/author\\\/webdotn\\\/\"}]}<\/script>\n<!-- \/ Yoast SEO Premium plugin. -->","yoast_head_json":{"title":"Nigeria : Peut-\u00eatre le massacre le plus meurtrier de l'histoire de Boko Haram","description":"Nigeria : Peut-\u00eatre le massacre le plus meurtrier de l'histoire de Boko Haram","canonical":"https:\/\/www.webdo.tn\/fr\/actualite\/international\/nigeria-peut-etre-le-massacre-le-plus-meurtrier-de-lhistoire-de-boko-haram\/184247\/","og_locale":"fr_FR","og_type":"article","og_title":"Nigeria : Peut-\u00eatre le massacre le plus meurtrier de l'histoire de Boko Haram","og_description":"Nigeria : Peut-\u00eatre le massacre le plus meurtrier de l'histoire de Boko Haram","og_url":"https:\/\/www.webdo.tn\/fr\/actualite\/international\/nigeria-peut-etre-le-massacre-le-plus-meurtrier-de-lhistoire-de-boko-haram\/184247\/","og_site_name":"webdo","article_publisher":"https:\/\/www.facebook.com\/webdotn","article_published_time":"2015-01-11T17:55:00+00:00","author":"webdo.tn","twitter_card":"summary_large_image","twitter_creator":"@webdo_tn","twitter_site":"@webdo_tn","twitter_misc":{"\u00c9crit par":"webdo.tn","Dur\u00e9e de lecture estim\u00e9e":"2 minutes"},"schema":{"@context":"https:\/\/schema.org","@graph":[{"@type":"NewsArticle","@id":"https:\/\/www.webdo.tn\/fr\/actualite\/international\/nigeria-peut-etre-le-massacre-le-plus-meurtrier-de-lhistoire-de-boko-haram\/184247\/#article","isPartOf":{"@id":"https:\/\/www.webdo.tn\/fr\/actualite\/international\/nigeria-peut-etre-le-massacre-le-plus-meurtrier-de-lhistoire-de-boko-haram\/184247\/"},"author":{"name":"webdo.tn","@id":"https:\/\/www.webdo.tn\/fr\/#\/schema\/person\/9a9c6118d687c117df8ef3cc36a4d175"},"headline":"Nigeria : Peut-\u00eatre le massacre le plus meurtrier de l&rsquo;histoire de Boko Haram","datePublished":"2015-01-11T17:55:00+00:00","mainEntityOfPage":{"@id":"https:\/\/www.webdo.tn\/fr\/actualite\/international\/nigeria-peut-etre-le-massacre-le-plus-meurtrier-de-lhistoire-de-boko-haram\/184247\/"},"wordCount":481,"commentCount":0,"publisher":{"@id":"https:\/\/www.webdo.tn\/fr\/#organization"},"image":{"@id":"https:\/\/www.webdo.tn\/fr\/actualite\/international\/nigeria-peut-etre-le-massacre-le-plus-meurtrier-de-lhistoire-de-boko-haram\/184247\/#primaryimage"},"thumbnailUrl":"https:\/\/www.webdo.tn\/fr\/wp-content\/uploads\/2025\/06\/Capture-decran-2015-01-11-a-17.44.08_184247.png","keywords":["guerre"],"articleSection":["International"],"inLanguage":"fr-FR"},{"@type":"WebPage","@id":"https:\/\/www.webdo.tn\/fr\/actualite\/international\/nigeria-peut-etre-le-massacre-le-plus-meurtrier-de-lhistoire-de-boko-haram\/184247\/","url":"https:\/\/www.webdo.tn\/fr\/actualite\/international\/nigeria-peut-etre-le-massacre-le-plus-meurtrier-de-lhistoire-de-boko-haram\/184247\/","name":"Nigeria : Peut-\u00eatre le massacre le plus meurtrier de l'histoire de Boko Haram","isPartOf":{"@id":"https:\/\/www.webdo.tn\/fr\/#website"},"primaryImageOfPage":{"@id":"https:\/\/www.webdo.tn\/fr\/actualite\/international\/nigeria-peut-etre-le-massacre-le-plus-meurtrier-de-lhistoire-de-boko-haram\/184247\/#primaryimage"},"image":{"@id":"https:\/\/www.webdo.tn\/fr\/actualite\/international\/nigeria-peut-etre-le-massacre-le-plus-meurtrier-de-lhistoire-de-boko-haram\/184247\/#primaryimage"},"thumbnailUrl":"https:\/\/www.webdo.tn\/fr\/wp-content\/uploads\/2025\/06\/Capture-decran-2015-01-11-a-17.44.08_184247.png","datePublished":"2015-01-11T17:55:00+00:00","description":"Nigeria : Peut-\u00eatre le massacre le plus meurtrier de l'histoire de Boko Haram","breadcrumb":{"@id":"https:\/\/www.webdo.tn\/fr\/actualite\/international\/nigeria-peut-etre-le-massacre-le-plus-meurtrier-de-lhistoire-de-boko-haram\/184247\/#breadcrumb"},"inLanguage":"fr-FR","potentialAction":[{"@type":"ReadAction","target":["https:\/\/www.webdo.tn\/fr\/actualite\/international\/nigeria-peut-etre-le-massacre-le-plus-meurtrier-de-lhistoire-de-boko-haram\/184247\/"]}]},{"@type":"ImageObject","inLanguage":"fr-FR","@id":"https:\/\/www.webdo.tn\/fr\/actualite\/international\/nigeria-peut-etre-le-massacre-le-plus-meurtrier-de-lhistoire-de-boko-haram\/184247\/#primaryimage","url":"https:\/\/www.webdo.tn\/fr\/wp-content\/uploads\/2025\/06\/Capture-decran-2015-01-11-a-17.44.08_184247.png","contentUrl":"https:\/\/www.webdo.tn\/fr\/wp-content\/uploads\/2025\/06\/Capture-decran-2015-01-11-a-17.44.08_184247.png","width":415,"height":145,"caption":"Nigeria : Peut-\u00eatre le massacre le plus meurtrier de l'histoire de Boko Haram"},{"@type":"BreadcrumbList","@id":"https:\/\/www.webdo.tn\/fr\/actualite\/international\/nigeria-peut-etre-le-massacre-le-plus-meurtrier-de-lhistoire-de-boko-haram\/184247\/#breadcrumb","itemListElement":[{"@type":"ListItem","position":1,"name":"Accueil","item":"https:\/\/www.webdo.tn\/fr\/"},{"@type":"ListItem","position":2,"name":"Nigeria : Peut-\u00eatre le massacre le plus meurtrier de l&rsquo;histoire de Boko Haram"}]},{"@type":"WebSite","@id":"https:\/\/www.webdo.tn\/fr\/#website","url":"https:\/\/www.webdo.tn\/fr\/","name":"webdo","description":"Tunisie - News en Tunisie et \u00e0 l&#039;international sur Webdo.tn","publisher":{"@id":"https:\/\/www.webdo.tn\/fr\/#organization"},"potentialAction":[{"@type":"SearchAction","target":{"@type":"EntryPoint","urlTemplate":"https:\/\/www.webdo.tn\/fr\/?s={search_term_string}"},"query-input":{"@type":"PropertyValueSpecification","valueRequired":true,"valueName":"search_term_string"}}],"inLanguage":"fr-FR"},{"@type":"Organization","@id":"https:\/\/www.webdo.tn\/fr\/#organization","name":"Webdo","alternateName":"Webdo.tn","url":"https:\/\/www.webdo.tn\/fr\/","logo":{"@type":"ImageObject","inLanguage":"fr-FR","@id":"https:\/\/www.webdo.tn\/fr\/#\/schema\/logo\/image\/","url":"https:\/\/www.webdo.tn\/fr\/wp-content\/uploads\/2025\/06\/Webdo-Tunisie_168377.jpg","contentUrl":"https:\/\/www.webdo.tn\/fr\/wp-content\/uploads\/2025\/06\/Webdo-Tunisie_168377.jpg","width":301,"height":301,"caption":"Webdo"},"image":{"@id":"https:\/\/www.webdo.tn\/fr\/#\/schema\/logo\/image\/"},"sameAs":["https:\/\/www.facebook.com\/webdotn","https:\/\/x.com\/webdo_tn"],"description":"Webdo est un m\u00e9dia num\u00e9rique tunisien fond\u00e9 en 2010, sp\u00e9cialis\u00e9 dans l\u2019actualit\u00e9 nationale et internationale, l\u2019\u00e9conomie, la soci\u00e9t\u00e9 et les analyses politiques. Le site s\u2019adresse \u00e0 un large public francophone et couvre l\u2019information tunisienne en temps r\u00e9el.","email":"redac@webdo.tn","legalName":"YNJ SARL","foundingDate":"2010-09-06","numberOfEmployees":{"@type":"QuantitativeValue","minValue":"11","maxValue":"50"}},{"@type":"Person","@id":"https:\/\/www.webdo.tn\/fr\/#\/schema\/person\/9a9c6118d687c117df8ef3cc36a4d175","name":"webdo.tn","image":{"@type":"ImageObject","inLanguage":"fr-FR","@id":"https:\/\/secure.gravatar.com\/avatar\/7ce1f28c0c3bbac99ff550b85ef8e44a6950c6ee24514fb6a5489e51d06f0298?s=96&d=mm&r=g","url":"https:\/\/secure.gravatar.com\/avatar\/7ce1f28c0c3bbac99ff550b85ef8e44a6950c6ee24514fb6a5489e51d06f0298?s=96&d=mm&r=g","contentUrl":"https:\/\/secure.gravatar.com\/avatar\/7ce1f28c0c3bbac99ff550b85ef8e44a6950c6ee24514fb6a5489e51d06f0298?s=96&d=mm&r=g","caption":"webdo.tn"},"url":"https:\/\/www.webdo.tn\/fr\/actualite\/author\/webdotn\/"}]}},"_links":{"self":[{"href":"https:\/\/www.webdo.tn\/fr\/wp-json\/wp\/v2\/posts\/184247","targetHints":{"allow":["GET"]}}],"collection":[{"href":"https:\/\/www.webdo.tn\/fr\/wp-json\/wp\/v2\/posts"}],"about":[{"href":"https:\/\/www.webdo.tn\/fr\/wp-json\/wp\/v2\/types\/post"}],"author":[{"embeddable":true,"href":"https:\/\/www.webdo.tn\/fr\/wp-json\/wp\/v2\/users\/3222"}],"replies":[{"embeddable":true,"href":"https:\/\/www.webdo.tn\/fr\/wp-json\/wp\/v2\/comments?post=184247"}],"version-history":[{"count":0,"href":"https:\/\/www.webdo.tn\/fr\/wp-json\/wp\/v2\/posts\/184247\/revisions"}],"wp:featuredmedia":[{"embeddable":true,"href":"https:\/\/www.webdo.tn\/fr\/wp-json\/wp\/v2\/media\/373136"}],"wp:attachment":[{"href":"https:\/\/www.webdo.tn\/fr\/wp-json\/wp\/v2\/media?parent=184247"}],"wp:term":[{"taxonomy":"category","embeddable":true,"href":"https:\/\/www.webdo.tn\/fr\/wp-json\/wp\/v2\/categories?post=184247"},{"taxonomy":"post_tag","embeddable":true,"href":"https:\/\/www.webdo.tn\/fr\/wp-json\/wp\/v2\/tags?post=184247"}],"curies":[{"name":"wp","href":"https:\/\/api.w.org\/{rel}","templated":true}]}}