{"id":184246,"date":"2015-01-12T14:23:00","date_gmt":"2015-01-12T14:23:00","guid":{"rendered":"https:\/\/www.webdo.tn\/fr\/blog\/je-sens-charlie-coulibaly-enquete-contre-dieudonne-pour-apologie-du-terrorisme\/184246\/"},"modified":"2015-01-12T14:23:00","modified_gmt":"2015-01-12T14:23:00","slug":"je-sens-charlie-coulibaly-enquete-contre-dieudonne-pour-apologie-du-terrorisme","status":"publish","type":"post","link":"https:\/\/www.webdo.tn\/fr\/actualite\/international\/je-sens-charlie-coulibaly-enquete-contre-dieudonne-pour-apologie-du-terrorisme\/184246\/","title":{"rendered":"\u00ab\u00a0Je me sens Charlie Coulibaly\u00a0\u00bb : Enqu\u00eate contre Dieudonn\u00e9 pour apologie du terrorisme"},"content":{"rendered":"<p>Dieudonn\u00e9 a de nouveau cr\u00e9\u00e9 la pol\u00e9mique, ce dimanche 11 janvier, en marge de la marche r\u00e9publicaine qui s\u2019est tenue \u00e0 travers toute la France.<\/p>\n<p>D\u00e9clarant sur sa page Facebook avoir particip\u00e9 \u00e0 la manifestation en hommage aux victimes du terrorisme, Dieudonn\u00e9 a jou\u00e9 la d\u00e9rision en publiant sur un statut Facebook qui a \u00e9t\u00e9, depuis, supprim\u00e9.<\/p>\n<p> \u00ab\u00a0Sachez que ce soir, en ce qui me concerne, je me sens Charlie Coulibaly\u00a0\u00bb, a-t-il publi\u00e9 en d\u00e9tournant le slogan \u00ab\u00a0Je suis Charlie\u00a0\u00bb en hommage \u00e0 Charlie Hebdo, et en l&rsquo;associant au nom d\u2019Amedy Coulibaly, le jihadiste auteur de la prise d\u2019otages de la porte de Vincennes \u00e0 Paris.<\/p>\n<p>Suite \u00e0 cette nouvelle pol\u00e9mique, le ministre de l&rsquo;Int\u00e9rieur Bernard Cazeneuve a d\u00e9nonc\u00e9 comme une \u00ab\u00a0abjection\u00a0\u00bb et promis des suites juridiques contre Dieudonn\u00e9, rapporte l\u2019AFP. Une enqu\u00eate a \u00e9t\u00e9 ouverte pour apologie du terrorisme.<\/p>\n","protected":false},"excerpt":{"rendered":"<p>Je me sens Charlie Coulibaly  : Enqu\u00eate contre Dieudonn\u00e9 pour apologie du terrorisme<\/p>\n","protected":false},"author":3222,"featured_media":373138,"comment_status":"open","ping_status":"closed","sticky":false,"template":"","format":"standard","meta":{"footnotes":""},"categories":[2598],"tags":[2600],"class_list":["post-184246","post","type-post","status-publish","format-standard","has-post-thumbnail","hentry","category-international","tag-guerre"],"yoast_head":"<!-- This site is optimized with the Yoast SEO Premium plugin v27.5 (Yoast SEO v27.5) - https:\/\/yoast.com\/product\/yoast-seo-premium-wordpress\/ -->\n<title>Je me sens Charlie Coulibaly : Enqu\u00eate contre Dieudonn\u00e9 pour apologie du terrorisme<\/title>\n<meta name=\"description\" content=\"Je me sens Charlie Coulibaly : Enqu\u00eate contre Dieudonn\u00e9 pour apologie du terrorisme\" \/>\n<link rel=\"canonical\" href=\"https:\/\/www.webdo.tn\/fr\/actualite\/international\/je-sens-charlie-coulibaly-enquete-contre-dieudonne-pour-apologie-du-terrorisme\/184246\/\" \/>\n<meta property=\"og:locale\" content=\"fr_FR\" \/>\n<meta property=\"og:type\" content=\"article\" \/>\n<meta property=\"og:title\" content=\"&quot;Je me sens Charlie Coulibaly&quot; : Enqu\u00eate contre Dieudonn\u00e9 pour apologie du terrorisme\" \/>\n<meta property=\"og:description\" content=\"Je me sens Charlie Coulibaly : Enqu\u00eate contre Dieudonn\u00e9 pour apologie du terrorisme\" \/>\n<meta property=\"og:url\" content=\"https:\/\/www.webdo.tn\/fr\/actualite\/international\/je-sens-charlie-coulibaly-enquete-contre-dieudonne-pour-apologie-du-terrorisme\/184246\/\" \/>\n<meta property=\"og:site_name\" content=\"webdo\" \/>\n<meta property=\"article:publisher\" content=\"https:\/\/www.facebook.com\/webdotn\" \/>\n<meta property=\"article:published_time\" content=\"2015-01-12T14:23:00+00:00\" \/>\n<meta name=\"author\" content=\"webdo.tn\" \/>\n<meta name=\"twitter:card\" content=\"summary_large_image\" \/>\n<meta name=\"twitter:creator\" content=\"@webdo_tn\" \/>\n<meta name=\"twitter:site\" content=\"@webdo_tn\" \/>\n<meta name=\"twitter:label1\" content=\"\u00c9crit par\" \/>\n\t<meta name=\"twitter:data1\" content=\"webdo.tn\" \/>\n\t<meta name=\"twitter:label2\" content=\"Dur\u00e9e de lecture estim\u00e9e\" \/>\n\t<meta name=\"twitter:data2\" content=\"1 minute\" \/>\n<script type=\"application\/ld+json\" class=\"yoast-schema-graph\">{\"@context\":\"https:\\\/\\\/schema.org\",\"@graph\":[{\"@type\":\"NewsArticle\",\"@id\":\"https:\\\/\\\/www.webdo.tn\\\/fr\\\/actualite\\\/international\\\/je-sens-charlie-coulibaly-enquete-contre-dieudonne-pour-apologie-du-terrorisme\\\/184246\\\/#article\",\"isPartOf\":{\"@id\":\"https:\\\/\\\/www.webdo.tn\\\/fr\\\/actualite\\\/international\\\/je-sens-charlie-coulibaly-enquete-contre-dieudonne-pour-apologie-du-terrorisme\\\/184246\\\/\"},\"author\":{\"name\":\"webdo.tn\",\"@id\":\"https:\\\/\\\/www.webdo.tn\\\/fr\\\/#\\\/schema\\\/person\\\/9a9c6118d687c117df8ef3cc36a4d175\"},\"headline\":\"\u00ab\u00a0Je me sens Charlie Coulibaly\u00a0\u00bb : Enqu\u00eate contre Dieudonn\u00e9 pour apologie du terrorisme\",\"datePublished\":\"2015-01-12T14:23:00+00:00\",\"mainEntityOfPage\":{\"@id\":\"https:\\\/\\\/www.webdo.tn\\\/fr\\\/actualite\\\/international\\\/je-sens-charlie-coulibaly-enquete-contre-dieudonne-pour-apologie-du-terrorisme\\\/184246\\\/\"},\"wordCount\":162,\"commentCount\":0,\"publisher\":{\"@id\":\"https:\\\/\\\/www.webdo.tn\\\/fr\\\/#organization\"},\"image\":{\"@id\":\"https:\\\/\\\/www.webdo.tn\\\/fr\\\/actualite\\\/international\\\/je-sens-charlie-coulibaly-enquete-contre-dieudonne-pour-apologie-du-terrorisme\\\/184246\\\/#primaryimage\"},\"thumbnailUrl\":\"https:\\\/\\\/www.webdo.tn\\\/fr\\\/wp-content\\\/uploads\\\/2025\\\/06\\\/Dieudonne-credit-lci-tf1_184246.jpg\",\"keywords\":[\"guerre\"],\"articleSection\":[\"International\"],\"inLanguage\":\"fr-FR\"},{\"@type\":\"WebPage\",\"@id\":\"https:\\\/\\\/www.webdo.tn\\\/fr\\\/actualite\\\/international\\\/je-sens-charlie-coulibaly-enquete-contre-dieudonne-pour-apologie-du-terrorisme\\\/184246\\\/\",\"url\":\"https:\\\/\\\/www.webdo.tn\\\/fr\\\/actualite\\\/international\\\/je-sens-charlie-coulibaly-enquete-contre-dieudonne-pour-apologie-du-terrorisme\\\/184246\\\/\",\"name\":\"Je me sens Charlie Coulibaly : Enqu\u00eate contre Dieudonn\u00e9 pour apologie du terrorisme\",\"isPartOf\":{\"@id\":\"https:\\\/\\\/www.webdo.tn\\\/fr\\\/#website\"},\"primaryImageOfPage\":{\"@id\":\"https:\\\/\\\/www.webdo.tn\\\/fr\\\/actualite\\\/international\\\/je-sens-charlie-coulibaly-enquete-contre-dieudonne-pour-apologie-du-terrorisme\\\/184246\\\/#primaryimage\"},\"image\":{\"@id\":\"https:\\\/\\\/www.webdo.tn\\\/fr\\\/actualite\\\/international\\\/je-sens-charlie-coulibaly-enquete-contre-dieudonne-pour-apologie-du-terrorisme\\\/184246\\\/#primaryimage\"},\"thumbnailUrl\":\"https:\\\/\\\/www.webdo.tn\\\/fr\\\/wp-content\\\/uploads\\\/2025\\\/06\\\/Dieudonne-credit-lci-tf1_184246.jpg\",\"datePublished\":\"2015-01-12T14:23:00+00:00\",\"description\":\"Je me sens Charlie Coulibaly : Enqu\u00eate contre Dieudonn\u00e9 pour apologie du terrorisme\",\"breadcrumb\":{\"@id\":\"https:\\\/\\\/www.webdo.tn\\\/fr\\\/actualite\\\/international\\\/je-sens-charlie-coulibaly-enquete-contre-dieudonne-pour-apologie-du-terrorisme\\\/184246\\\/#breadcrumb\"},\"inLanguage\":\"fr-FR\",\"potentialAction\":[{\"@type\":\"ReadAction\",\"target\":[\"https:\\\/\\\/www.webdo.tn\\\/fr\\\/actualite\\\/international\\\/je-sens-charlie-coulibaly-enquete-contre-dieudonne-pour-apologie-du-terrorisme\\\/184246\\\/\"]}]},{\"@type\":\"ImageObject\",\"inLanguage\":\"fr-FR\",\"@id\":\"https:\\\/\\\/www.webdo.tn\\\/fr\\\/actualite\\\/international\\\/je-sens-charlie-coulibaly-enquete-contre-dieudonne-pour-apologie-du-terrorisme\\\/184246\\\/#primaryimage\",\"url\":\"https:\\\/\\\/www.webdo.tn\\\/fr\\\/wp-content\\\/uploads\\\/2025\\\/06\\\/Dieudonne-credit-lci-tf1_184246.jpg\",\"contentUrl\":\"https:\\\/\\\/www.webdo.tn\\\/fr\\\/wp-content\\\/uploads\\\/2025\\\/06\\\/Dieudonne-credit-lci-tf1_184246.jpg\",\"width\":253,\"height\":200,\"caption\":\"\\\"Je me sens Charlie Coulibaly\\\" : Enqu\u00eate contre Dieudonn\u00e9 pour apologie du terrorisme\"},{\"@type\":\"BreadcrumbList\",\"@id\":\"https:\\\/\\\/www.webdo.tn\\\/fr\\\/actualite\\\/international\\\/je-sens-charlie-coulibaly-enquete-contre-dieudonne-pour-apologie-du-terrorisme\\\/184246\\\/#breadcrumb\",\"itemListElement\":[{\"@type\":\"ListItem\",\"position\":1,\"name\":\"Accueil\",\"item\":\"https:\\\/\\\/www.webdo.tn\\\/fr\\\/\"},{\"@type\":\"ListItem\",\"position\":2,\"name\":\"\u00ab\u00a0Je me sens Charlie Coulibaly\u00a0\u00bb : Enqu\u00eate contre Dieudonn\u00e9 pour apologie du terrorisme\"}]},{\"@type\":\"WebSite\",\"@id\":\"https:\\\/\\\/www.webdo.tn\\\/fr\\\/#website\",\"url\":\"https:\\\/\\\/www.webdo.tn\\\/fr\\\/\",\"name\":\"webdo\",\"description\":\"Tunisie - News en Tunisie et \u00e0 l&#039;international sur Webdo.tn\",\"publisher\":{\"@id\":\"https:\\\/\\\/www.webdo.tn\\\/fr\\\/#organization\"},\"potentialAction\":[{\"@type\":\"SearchAction\",\"target\":{\"@type\":\"EntryPoint\",\"urlTemplate\":\"https:\\\/\\\/www.webdo.tn\\\/fr\\\/?s={search_term_string}\"},\"query-input\":{\"@type\":\"PropertyValueSpecification\",\"valueRequired\":true,\"valueName\":\"search_term_string\"}}],\"inLanguage\":\"fr-FR\"},{\"@type\":\"Organization\",\"@id\":\"https:\\\/\\\/www.webdo.tn\\\/fr\\\/#organization\",\"name\":\"Webdo\",\"alternateName\":\"Webdo.tn\",\"url\":\"https:\\\/\\\/www.webdo.tn\\\/fr\\\/\",\"logo\":{\"@type\":\"ImageObject\",\"inLanguage\":\"fr-FR\",\"@id\":\"https:\\\/\\\/www.webdo.tn\\\/fr\\\/#\\\/schema\\\/logo\\\/image\\\/\",\"url\":\"https:\\\/\\\/www.webdo.tn\\\/fr\\\/wp-content\\\/uploads\\\/2025\\\/06\\\/Webdo-Tunisie_168377.jpg\",\"contentUrl\":\"https:\\\/\\\/www.webdo.tn\\\/fr\\\/wp-content\\\/uploads\\\/2025\\\/06\\\/Webdo-Tunisie_168377.jpg\",\"width\":301,\"height\":301,\"caption\":\"Webdo\"},\"image\":{\"@id\":\"https:\\\/\\\/www.webdo.tn\\\/fr\\\/#\\\/schema\\\/logo\\\/image\\\/\"},\"sameAs\":[\"https:\\\/\\\/www.facebook.com\\\/webdotn\",\"https:\\\/\\\/x.com\\\/webdo_tn\"],\"description\":\"Webdo est un m\u00e9dia num\u00e9rique tunisien fond\u00e9 en 2010, sp\u00e9cialis\u00e9 dans l\u2019actualit\u00e9 nationale et internationale, l\u2019\u00e9conomie, la soci\u00e9t\u00e9 et les analyses politiques. Le site s\u2019adresse \u00e0 un large public francophone et couvre l\u2019information tunisienne en temps r\u00e9el.\",\"email\":\"redac@webdo.tn\",\"legalName\":\"YNJ SARL\",\"foundingDate\":\"2010-09-06\",\"numberOfEmployees\":{\"@type\":\"QuantitativeValue\",\"minValue\":\"11\",\"maxValue\":\"50\"}},{\"@type\":\"Person\",\"@id\":\"https:\\\/\\\/www.webdo.tn\\\/fr\\\/#\\\/schema\\\/person\\\/9a9c6118d687c117df8ef3cc36a4d175\",\"name\":\"webdo.tn\",\"image\":{\"@type\":\"ImageObject\",\"inLanguage\":\"fr-FR\",\"@id\":\"https:\\\/\\\/secure.gravatar.com\\\/avatar\\\/7ce1f28c0c3bbac99ff550b85ef8e44a6950c6ee24514fb6a5489e51d06f0298?s=96&d=mm&r=g\",\"url\":\"https:\\\/\\\/secure.gravatar.com\\\/avatar\\\/7ce1f28c0c3bbac99ff550b85ef8e44a6950c6ee24514fb6a5489e51d06f0298?s=96&d=mm&r=g\",\"contentUrl\":\"https:\\\/\\\/secure.gravatar.com\\\/avatar\\\/7ce1f28c0c3bbac99ff550b85ef8e44a6950c6ee24514fb6a5489e51d06f0298?s=96&d=mm&r=g\",\"caption\":\"webdo.tn\"},\"url\":\"https:\\\/\\\/www.webdo.tn\\\/fr\\\/actualite\\\/author\\\/webdotn\\\/\"}]}<\/script>\n<!-- \/ Yoast SEO Premium plugin. -->","yoast_head_json":{"title":"Je me sens Charlie Coulibaly : Enqu\u00eate contre Dieudonn\u00e9 pour apologie du terrorisme","description":"Je me sens Charlie Coulibaly : Enqu\u00eate contre Dieudonn\u00e9 pour apologie du terrorisme","canonical":"https:\/\/www.webdo.tn\/fr\/actualite\/international\/je-sens-charlie-coulibaly-enquete-contre-dieudonne-pour-apologie-du-terrorisme\/184246\/","og_locale":"fr_FR","og_type":"article","og_title":"\"Je me sens Charlie Coulibaly\" : Enqu\u00eate contre Dieudonn\u00e9 pour apologie du terrorisme","og_description":"Je me sens Charlie Coulibaly : Enqu\u00eate contre Dieudonn\u00e9 pour apologie du terrorisme","og_url":"https:\/\/www.webdo.tn\/fr\/actualite\/international\/je-sens-charlie-coulibaly-enquete-contre-dieudonne-pour-apologie-du-terrorisme\/184246\/","og_site_name":"webdo","article_publisher":"https:\/\/www.facebook.com\/webdotn","article_published_time":"2015-01-12T14:23:00+00:00","author":"webdo.tn","twitter_card":"summary_large_image","twitter_creator":"@webdo_tn","twitter_site":"@webdo_tn","twitter_misc":{"\u00c9crit par":"webdo.tn","Dur\u00e9e de lecture estim\u00e9e":"1 minute"},"schema":{"@context":"https:\/\/schema.org","@graph":[{"@type":"NewsArticle","@id":"https:\/\/www.webdo.tn\/fr\/actualite\/international\/je-sens-charlie-coulibaly-enquete-contre-dieudonne-pour-apologie-du-terrorisme\/184246\/#article","isPartOf":{"@id":"https:\/\/www.webdo.tn\/fr\/actualite\/international\/je-sens-charlie-coulibaly-enquete-contre-dieudonne-pour-apologie-du-terrorisme\/184246\/"},"author":{"name":"webdo.tn","@id":"https:\/\/www.webdo.tn\/fr\/#\/schema\/person\/9a9c6118d687c117df8ef3cc36a4d175"},"headline":"\u00ab\u00a0Je me sens Charlie Coulibaly\u00a0\u00bb : Enqu\u00eate contre Dieudonn\u00e9 pour apologie du terrorisme","datePublished":"2015-01-12T14:23:00+00:00","mainEntityOfPage":{"@id":"https:\/\/www.webdo.tn\/fr\/actualite\/international\/je-sens-charlie-coulibaly-enquete-contre-dieudonne-pour-apologie-du-terrorisme\/184246\/"},"wordCount":162,"commentCount":0,"publisher":{"@id":"https:\/\/www.webdo.tn\/fr\/#organization"},"image":{"@id":"https:\/\/www.webdo.tn\/fr\/actualite\/international\/je-sens-charlie-coulibaly-enquete-contre-dieudonne-pour-apologie-du-terrorisme\/184246\/#primaryimage"},"thumbnailUrl":"https:\/\/www.webdo.tn\/fr\/wp-content\/uploads\/2025\/06\/Dieudonne-credit-lci-tf1_184246.jpg","keywords":["guerre"],"articleSection":["International"],"inLanguage":"fr-FR"},{"@type":"WebPage","@id":"https:\/\/www.webdo.tn\/fr\/actualite\/international\/je-sens-charlie-coulibaly-enquete-contre-dieudonne-pour-apologie-du-terrorisme\/184246\/","url":"https:\/\/www.webdo.tn\/fr\/actualite\/international\/je-sens-charlie-coulibaly-enquete-contre-dieudonne-pour-apologie-du-terrorisme\/184246\/","name":"Je me sens Charlie Coulibaly : Enqu\u00eate contre Dieudonn\u00e9 pour apologie du terrorisme","isPartOf":{"@id":"https:\/\/www.webdo.tn\/fr\/#website"},"primaryImageOfPage":{"@id":"https:\/\/www.webdo.tn\/fr\/actualite\/international\/je-sens-charlie-coulibaly-enquete-contre-dieudonne-pour-apologie-du-terrorisme\/184246\/#primaryimage"},"image":{"@id":"https:\/\/www.webdo.tn\/fr\/actualite\/international\/je-sens-charlie-coulibaly-enquete-contre-dieudonne-pour-apologie-du-terrorisme\/184246\/#primaryimage"},"thumbnailUrl":"https:\/\/www.webdo.tn\/fr\/wp-content\/uploads\/2025\/06\/Dieudonne-credit-lci-tf1_184246.jpg","datePublished":"2015-01-12T14:23:00+00:00","description":"Je me sens Charlie Coulibaly : Enqu\u00eate contre Dieudonn\u00e9 pour apologie du terrorisme","breadcrumb":{"@id":"https:\/\/www.webdo.tn\/fr\/actualite\/international\/je-sens-charlie-coulibaly-enquete-contre-dieudonne-pour-apologie-du-terrorisme\/184246\/#breadcrumb"},"inLanguage":"fr-FR","potentialAction":[{"@type":"ReadAction","target":["https:\/\/www.webdo.tn\/fr\/actualite\/international\/je-sens-charlie-coulibaly-enquete-contre-dieudonne-pour-apologie-du-terrorisme\/184246\/"]}]},{"@type":"ImageObject","inLanguage":"fr-FR","@id":"https:\/\/www.webdo.tn\/fr\/actualite\/international\/je-sens-charlie-coulibaly-enquete-contre-dieudonne-pour-apologie-du-terrorisme\/184246\/#primaryimage","url":"https:\/\/www.webdo.tn\/fr\/wp-content\/uploads\/2025\/06\/Dieudonne-credit-lci-tf1_184246.jpg","contentUrl":"https:\/\/www.webdo.tn\/fr\/wp-content\/uploads\/2025\/06\/Dieudonne-credit-lci-tf1_184246.jpg","width":253,"height":200,"caption":"\"Je me sens Charlie Coulibaly\" : Enqu\u00eate contre Dieudonn\u00e9 pour apologie du terrorisme"},{"@type":"BreadcrumbList","@id":"https:\/\/www.webdo.tn\/fr\/actualite\/international\/je-sens-charlie-coulibaly-enquete-contre-dieudonne-pour-apologie-du-terrorisme\/184246\/#breadcrumb","itemListElement":[{"@type":"ListItem","position":1,"name":"Accueil","item":"https:\/\/www.webdo.tn\/fr\/"},{"@type":"ListItem","position":2,"name":"\u00ab\u00a0Je me sens Charlie Coulibaly\u00a0\u00bb : Enqu\u00eate contre Dieudonn\u00e9 pour apologie du terrorisme"}]},{"@type":"WebSite","@id":"https:\/\/www.webdo.tn\/fr\/#website","url":"https:\/\/www.webdo.tn\/fr\/","name":"webdo","description":"Tunisie - News en Tunisie et \u00e0 l&#039;international sur Webdo.tn","publisher":{"@id":"https:\/\/www.webdo.tn\/fr\/#organization"},"potentialAction":[{"@type":"SearchAction","target":{"@type":"EntryPoint","urlTemplate":"https:\/\/www.webdo.tn\/fr\/?s={search_term_string}"},"query-input":{"@type":"PropertyValueSpecification","valueRequired":true,"valueName":"search_term_string"}}],"inLanguage":"fr-FR"},{"@type":"Organization","@id":"https:\/\/www.webdo.tn\/fr\/#organization","name":"Webdo","alternateName":"Webdo.tn","url":"https:\/\/www.webdo.tn\/fr\/","logo":{"@type":"ImageObject","inLanguage":"fr-FR","@id":"https:\/\/www.webdo.tn\/fr\/#\/schema\/logo\/image\/","url":"https:\/\/www.webdo.tn\/fr\/wp-content\/uploads\/2025\/06\/Webdo-Tunisie_168377.jpg","contentUrl":"https:\/\/www.webdo.tn\/fr\/wp-content\/uploads\/2025\/06\/Webdo-Tunisie_168377.jpg","width":301,"height":301,"caption":"Webdo"},"image":{"@id":"https:\/\/www.webdo.tn\/fr\/#\/schema\/logo\/image\/"},"sameAs":["https:\/\/www.facebook.com\/webdotn","https:\/\/x.com\/webdo_tn"],"description":"Webdo est un m\u00e9dia num\u00e9rique tunisien fond\u00e9 en 2010, sp\u00e9cialis\u00e9 dans l\u2019actualit\u00e9 nationale et internationale, l\u2019\u00e9conomie, la soci\u00e9t\u00e9 et les analyses politiques. Le site s\u2019adresse \u00e0 un large public francophone et couvre l\u2019information tunisienne en temps r\u00e9el.","email":"redac@webdo.tn","legalName":"YNJ SARL","foundingDate":"2010-09-06","numberOfEmployees":{"@type":"QuantitativeValue","minValue":"11","maxValue":"50"}},{"@type":"Person","@id":"https:\/\/www.webdo.tn\/fr\/#\/schema\/person\/9a9c6118d687c117df8ef3cc36a4d175","name":"webdo.tn","image":{"@type":"ImageObject","inLanguage":"fr-FR","@id":"https:\/\/secure.gravatar.com\/avatar\/7ce1f28c0c3bbac99ff550b85ef8e44a6950c6ee24514fb6a5489e51d06f0298?s=96&d=mm&r=g","url":"https:\/\/secure.gravatar.com\/avatar\/7ce1f28c0c3bbac99ff550b85ef8e44a6950c6ee24514fb6a5489e51d06f0298?s=96&d=mm&r=g","contentUrl":"https:\/\/secure.gravatar.com\/avatar\/7ce1f28c0c3bbac99ff550b85ef8e44a6950c6ee24514fb6a5489e51d06f0298?s=96&d=mm&r=g","caption":"webdo.tn"},"url":"https:\/\/www.webdo.tn\/fr\/actualite\/author\/webdotn\/"}]}},"_links":{"self":[{"href":"https:\/\/www.webdo.tn\/fr\/wp-json\/wp\/v2\/posts\/184246","targetHints":{"allow":["GET"]}}],"collection":[{"href":"https:\/\/www.webdo.tn\/fr\/wp-json\/wp\/v2\/posts"}],"about":[{"href":"https:\/\/www.webdo.tn\/fr\/wp-json\/wp\/v2\/types\/post"}],"author":[{"embeddable":true,"href":"https:\/\/www.webdo.tn\/fr\/wp-json\/wp\/v2\/users\/3222"}],"replies":[{"embeddable":true,"href":"https:\/\/www.webdo.tn\/fr\/wp-json\/wp\/v2\/comments?post=184246"}],"version-history":[{"count":0,"href":"https:\/\/www.webdo.tn\/fr\/wp-json\/wp\/v2\/posts\/184246\/revisions"}],"wp:featuredmedia":[{"embeddable":true,"href":"https:\/\/www.webdo.tn\/fr\/wp-json\/wp\/v2\/media\/373138"}],"wp:attachment":[{"href":"https:\/\/www.webdo.tn\/fr\/wp-json\/wp\/v2\/media?parent=184246"}],"wp:term":[{"taxonomy":"category","embeddable":true,"href":"https:\/\/www.webdo.tn\/fr\/wp-json\/wp\/v2\/categories?post=184246"},{"taxonomy":"post_tag","embeddable":true,"href":"https:\/\/www.webdo.tn\/fr\/wp-json\/wp\/v2\/tags?post=184246"}],"curies":[{"name":"wp","href":"https:\/\/api.w.org\/{rel}","templated":true}]}}