{"id":184245,"date":"2015-01-12T17:17:00","date_gmt":"2015-01-12T17:17:00","guid":{"rendered":"https:\/\/www.webdo.tn\/fr\/blog\/france-plus-dune-cinquantaine-dactes-antimusulmans-depuis-lattaque-contre-charlie-hebdo\/184245\/"},"modified":"2015-01-12T17:17:00","modified_gmt":"2015-01-12T17:17:00","slug":"france-plus-dune-cinquantaine-dactes-antimusulmans-depuis-lattaque-contre-charlie-hebdo","status":"publish","type":"post","link":"https:\/\/www.webdo.tn\/fr\/actualite\/international\/france-plus-dune-cinquantaine-dactes-antimusulmans-depuis-lattaque-contre-charlie-hebdo\/184245\/","title":{"rendered":"France : Plus d&rsquo;une cinquantaine d&rsquo;actes antimusulmans depuis l\u2019attaque contre Charlie Hebdo"},"content":{"rendered":"<p>Plus d&rsquo;une cinquantaine d&rsquo;actes antimusulmans ont \u00e9t\u00e9 recens\u00e9s en France depuis l\u2019attaque contre le journal Charlie Hebdo, le 7 janvier dernier, selon le Conseil fran\u00e7ais du culte musulman (CFCM).<\/p>\n<p>Abdallah Zekri, pr\u00e9sident de l\u2019Observatoire contre l&rsquo;islamophobie du Conseil fran\u00e7ais du culte musulman, a annonc\u00e9 ce lundi 12 janvier \u00e0 l&rsquo;AFP, que 21 actions (tirs, grenades lanc\u00e9es&#8230;) et 33 menaces (lettres, insultes, etc.) ont \u00e9t\u00e9 comptabilis\u00e9es depuis mercredi, citant des chiffres du minist\u00e8re de l&rsquo;Int\u00e9rieur fran\u00e7ais.<\/p>\n<p>\u00ab Ce d\u00e9compte est encore partiel \u00bb, a pr\u00e9cis\u00e9 Abdallah Zekri, qui se dit \u00ab scandalis\u00e9 \u00bb par ces chiffres, \u00ab\u00a0du jamais vu\u00a0\u00bb en moins d&rsquo;une semaine. Il a \u00e9galement appel\u00e9 l&rsquo;Etat \u00e0 \u00ab renforcer la surveillance \u00bb des mosqu\u00e9es.<\/p>\n<p>Ces attaques contre des lieux de culte musulmans sont vari\u00e9es comme la t\u00eate de porc et les visc\u00e8res d\u00e9couvertes, accroch\u00e9s \u00e0 la porte d\u2019une salle de pri\u00e8re musulmane, en Corse, une carcasse de sanglier d\u00e9pos\u00e9e devant un lieu de culte musulman, une balle devant une boucherie halal, ou l&rsquo;explosion d\u2019origine criminelle qui s\u2019est produite devant un restaurant kebab pr\u00e8s d\u2019une mosqu\u00e9e \u00e0 Villefranche-sur-Sa\u00f4ne.<\/p>\n","protected":false},"excerpt":{"rendered":"<p>France : Plus d&rsquo;une cinquantaine d&rsquo;actes antimusulmans depuis l\u2019attaque contre Charlie Hebdo<\/p>\n","protected":false},"author":3222,"featured_media":335426,"comment_status":"open","ping_status":"closed","sticky":false,"template":"","format":"standard","meta":{"footnotes":""},"categories":[2598],"tags":[2600],"class_list":["post-184245","post","type-post","status-publish","format-standard","has-post-thumbnail","hentry","category-international","tag-guerre"],"yoast_head":"<!-- This site is optimized with the Yoast SEO Premium plugin v27.5 (Yoast SEO v27.5) - https:\/\/yoast.com\/product\/yoast-seo-premium-wordpress\/ -->\n<title>France : Plus d&#039;une cinquantaine d&#039;actes antimusulmans depuis l\u2019attaque contre Charlie Hebdo<\/title>\n<meta name=\"description\" content=\"France : Plus d&#039;une cinquantaine d&#039;actes antimusulmans depuis l\u2019attaque contre Charlie Hebdo\" \/>\n<link rel=\"canonical\" href=\"https:\/\/www.webdo.tn\/fr\/actualite\/international\/france-plus-dune-cinquantaine-dactes-antimusulmans-depuis-lattaque-contre-charlie-hebdo\/184245\/\" \/>\n<meta property=\"og:locale\" content=\"fr_FR\" \/>\n<meta property=\"og:type\" content=\"article\" \/>\n<meta property=\"og:title\" content=\"France : Plus d&#039;une cinquantaine d&#039;actes antimusulmans depuis l\u2019attaque contre Charlie Hebdo\" \/>\n<meta property=\"og:description\" content=\"France : Plus d&#039;une cinquantaine d&#039;actes antimusulmans depuis l\u2019attaque contre Charlie Hebdo\" \/>\n<meta property=\"og:url\" content=\"https:\/\/www.webdo.tn\/fr\/actualite\/international\/france-plus-dune-cinquantaine-dactes-antimusulmans-depuis-lattaque-contre-charlie-hebdo\/184245\/\" \/>\n<meta property=\"og:site_name\" content=\"webdo\" \/>\n<meta property=\"article:publisher\" content=\"https:\/\/www.facebook.com\/webdotn\" \/>\n<meta property=\"article:published_time\" content=\"2015-01-12T17:17:00+00:00\" \/>\n<meta property=\"og:image\" content=\"https:\/\/www.webdo.tn\/fr\/wp-content\/uploads\/2015\/01\/Incendie-mosquee-Aix-les-Bain-Credits-LeDLMuriel-Bernard.jpg\" \/>\n\t<meta property=\"og:image:width\" content=\"600\" \/>\n\t<meta property=\"og:image:height\" content=\"450\" \/>\n\t<meta property=\"og:image:type\" content=\"image\/jpeg\" \/>\n<meta name=\"author\" content=\"webdo.tn\" \/>\n<meta name=\"twitter:card\" content=\"summary_large_image\" \/>\n<meta name=\"twitter:creator\" content=\"@webdo_tn\" \/>\n<meta name=\"twitter:site\" content=\"@webdo_tn\" \/>\n<meta name=\"twitter:label1\" content=\"\u00c9crit par\" \/>\n\t<meta name=\"twitter:data1\" content=\"webdo.tn\" \/>\n\t<meta name=\"twitter:label2\" content=\"Dur\u00e9e de lecture estim\u00e9e\" \/>\n\t<meta name=\"twitter:data2\" content=\"1 minute\" \/>\n<script type=\"application\/ld+json\" class=\"yoast-schema-graph\">{\"@context\":\"https:\\\/\\\/schema.org\",\"@graph\":[{\"@type\":\"NewsArticle\",\"@id\":\"https:\\\/\\\/www.webdo.tn\\\/fr\\\/actualite\\\/international\\\/france-plus-dune-cinquantaine-dactes-antimusulmans-depuis-lattaque-contre-charlie-hebdo\\\/184245\\\/#article\",\"isPartOf\":{\"@id\":\"https:\\\/\\\/www.webdo.tn\\\/fr\\\/actualite\\\/international\\\/france-plus-dune-cinquantaine-dactes-antimusulmans-depuis-lattaque-contre-charlie-hebdo\\\/184245\\\/\"},\"author\":{\"name\":\"webdo.tn\",\"@id\":\"https:\\\/\\\/www.webdo.tn\\\/fr\\\/#\\\/schema\\\/person\\\/9a9c6118d687c117df8ef3cc36a4d175\"},\"headline\":\"France : Plus d&rsquo;une cinquantaine d&rsquo;actes antimusulmans depuis l\u2019attaque contre Charlie Hebdo\",\"datePublished\":\"2015-01-12T17:17:00+00:00\",\"mainEntityOfPage\":{\"@id\":\"https:\\\/\\\/www.webdo.tn\\\/fr\\\/actualite\\\/international\\\/france-plus-dune-cinquantaine-dactes-antimusulmans-depuis-lattaque-contre-charlie-hebdo\\\/184245\\\/\"},\"wordCount\":215,\"commentCount\":0,\"publisher\":{\"@id\":\"https:\\\/\\\/www.webdo.tn\\\/fr\\\/#organization\"},\"image\":{\"@id\":\"https:\\\/\\\/www.webdo.tn\\\/fr\\\/actualite\\\/international\\\/france-plus-dune-cinquantaine-dactes-antimusulmans-depuis-lattaque-contre-charlie-hebdo\\\/184245\\\/#primaryimage\"},\"thumbnailUrl\":\"https:\\\/\\\/www.webdo.tn\\\/fr\\\/wp-content\\\/uploads\\\/2015\\\/01\\\/Incendie-mosquee-Aix-les-Bain-Credits-LeDLMuriel-Bernard.jpg\",\"keywords\":[\"guerre\"],\"articleSection\":[\"International\"],\"inLanguage\":\"fr-FR\"},{\"@type\":\"WebPage\",\"@id\":\"https:\\\/\\\/www.webdo.tn\\\/fr\\\/actualite\\\/international\\\/france-plus-dune-cinquantaine-dactes-antimusulmans-depuis-lattaque-contre-charlie-hebdo\\\/184245\\\/\",\"url\":\"https:\\\/\\\/www.webdo.tn\\\/fr\\\/actualite\\\/international\\\/france-plus-dune-cinquantaine-dactes-antimusulmans-depuis-lattaque-contre-charlie-hebdo\\\/184245\\\/\",\"name\":\"France : Plus d'une cinquantaine d'actes antimusulmans depuis l\u2019attaque contre Charlie Hebdo\",\"isPartOf\":{\"@id\":\"https:\\\/\\\/www.webdo.tn\\\/fr\\\/#website\"},\"primaryImageOfPage\":{\"@id\":\"https:\\\/\\\/www.webdo.tn\\\/fr\\\/actualite\\\/international\\\/france-plus-dune-cinquantaine-dactes-antimusulmans-depuis-lattaque-contre-charlie-hebdo\\\/184245\\\/#primaryimage\"},\"image\":{\"@id\":\"https:\\\/\\\/www.webdo.tn\\\/fr\\\/actualite\\\/international\\\/france-plus-dune-cinquantaine-dactes-antimusulmans-depuis-lattaque-contre-charlie-hebdo\\\/184245\\\/#primaryimage\"},\"thumbnailUrl\":\"https:\\\/\\\/www.webdo.tn\\\/fr\\\/wp-content\\\/uploads\\\/2015\\\/01\\\/Incendie-mosquee-Aix-les-Bain-Credits-LeDLMuriel-Bernard.jpg\",\"datePublished\":\"2015-01-12T17:17:00+00:00\",\"description\":\"France : Plus d'une cinquantaine d'actes antimusulmans depuis l\u2019attaque contre Charlie Hebdo\",\"breadcrumb\":{\"@id\":\"https:\\\/\\\/www.webdo.tn\\\/fr\\\/actualite\\\/international\\\/france-plus-dune-cinquantaine-dactes-antimusulmans-depuis-lattaque-contre-charlie-hebdo\\\/184245\\\/#breadcrumb\"},\"inLanguage\":\"fr-FR\",\"potentialAction\":[{\"@type\":\"ReadAction\",\"target\":[\"https:\\\/\\\/www.webdo.tn\\\/fr\\\/actualite\\\/international\\\/france-plus-dune-cinquantaine-dactes-antimusulmans-depuis-lattaque-contre-charlie-hebdo\\\/184245\\\/\"]}]},{\"@type\":\"ImageObject\",\"inLanguage\":\"fr-FR\",\"@id\":\"https:\\\/\\\/www.webdo.tn\\\/fr\\\/actualite\\\/international\\\/france-plus-dune-cinquantaine-dactes-antimusulmans-depuis-lattaque-contre-charlie-hebdo\\\/184245\\\/#primaryimage\",\"url\":\"https:\\\/\\\/www.webdo.tn\\\/fr\\\/wp-content\\\/uploads\\\/2015\\\/01\\\/Incendie-mosquee-Aix-les-Bain-Credits-LeDLMuriel-Bernard.jpg\",\"contentUrl\":\"https:\\\/\\\/www.webdo.tn\\\/fr\\\/wp-content\\\/uploads\\\/2015\\\/01\\\/Incendie-mosquee-Aix-les-Bain-Credits-LeDLMuriel-Bernard.jpg\",\"width\":600,\"height\":450,\"caption\":\"France : Plus d'une cinquantaine d'actes antimusulmans depuis l\u2019attaque contre Charlie Hebdo\"},{\"@type\":\"BreadcrumbList\",\"@id\":\"https:\\\/\\\/www.webdo.tn\\\/fr\\\/actualite\\\/international\\\/france-plus-dune-cinquantaine-dactes-antimusulmans-depuis-lattaque-contre-charlie-hebdo\\\/184245\\\/#breadcrumb\",\"itemListElement\":[{\"@type\":\"ListItem\",\"position\":1,\"name\":\"Accueil\",\"item\":\"https:\\\/\\\/www.webdo.tn\\\/fr\\\/\"},{\"@type\":\"ListItem\",\"position\":2,\"name\":\"France : Plus d&rsquo;une cinquantaine d&rsquo;actes antimusulmans depuis l\u2019attaque contre Charlie Hebdo\"}]},{\"@type\":\"WebSite\",\"@id\":\"https:\\\/\\\/www.webdo.tn\\\/fr\\\/#website\",\"url\":\"https:\\\/\\\/www.webdo.tn\\\/fr\\\/\",\"name\":\"webdo\",\"description\":\"Tunisie - News en Tunisie et \u00e0 l&#039;international sur Webdo.tn\",\"publisher\":{\"@id\":\"https:\\\/\\\/www.webdo.tn\\\/fr\\\/#organization\"},\"potentialAction\":[{\"@type\":\"SearchAction\",\"target\":{\"@type\":\"EntryPoint\",\"urlTemplate\":\"https:\\\/\\\/www.webdo.tn\\\/fr\\\/?s={search_term_string}\"},\"query-input\":{\"@type\":\"PropertyValueSpecification\",\"valueRequired\":true,\"valueName\":\"search_term_string\"}}],\"inLanguage\":\"fr-FR\"},{\"@type\":\"Organization\",\"@id\":\"https:\\\/\\\/www.webdo.tn\\\/fr\\\/#organization\",\"name\":\"Webdo\",\"alternateName\":\"Webdo.tn\",\"url\":\"https:\\\/\\\/www.webdo.tn\\\/fr\\\/\",\"logo\":{\"@type\":\"ImageObject\",\"inLanguage\":\"fr-FR\",\"@id\":\"https:\\\/\\\/www.webdo.tn\\\/fr\\\/#\\\/schema\\\/logo\\\/image\\\/\",\"url\":\"https:\\\/\\\/www.webdo.tn\\\/fr\\\/wp-content\\\/uploads\\\/2025\\\/06\\\/Webdo-Tunisie_168377.jpg\",\"contentUrl\":\"https:\\\/\\\/www.webdo.tn\\\/fr\\\/wp-content\\\/uploads\\\/2025\\\/06\\\/Webdo-Tunisie_168377.jpg\",\"width\":301,\"height\":301,\"caption\":\"Webdo\"},\"image\":{\"@id\":\"https:\\\/\\\/www.webdo.tn\\\/fr\\\/#\\\/schema\\\/logo\\\/image\\\/\"},\"sameAs\":[\"https:\\\/\\\/www.facebook.com\\\/webdotn\",\"https:\\\/\\\/x.com\\\/webdo_tn\"],\"description\":\"Webdo est un m\u00e9dia num\u00e9rique tunisien fond\u00e9 en 2010, sp\u00e9cialis\u00e9 dans l\u2019actualit\u00e9 nationale et internationale, l\u2019\u00e9conomie, la soci\u00e9t\u00e9 et les analyses politiques. Le site s\u2019adresse \u00e0 un large public francophone et couvre l\u2019information tunisienne en temps r\u00e9el.\",\"email\":\"redac@webdo.tn\",\"legalName\":\"YNJ SARL\",\"foundingDate\":\"2010-09-06\",\"numberOfEmployees\":{\"@type\":\"QuantitativeValue\",\"minValue\":\"11\",\"maxValue\":\"50\"}},{\"@type\":\"Person\",\"@id\":\"https:\\\/\\\/www.webdo.tn\\\/fr\\\/#\\\/schema\\\/person\\\/9a9c6118d687c117df8ef3cc36a4d175\",\"name\":\"webdo.tn\",\"image\":{\"@type\":\"ImageObject\",\"inLanguage\":\"fr-FR\",\"@id\":\"https:\\\/\\\/secure.gravatar.com\\\/avatar\\\/7ce1f28c0c3bbac99ff550b85ef8e44a6950c6ee24514fb6a5489e51d06f0298?s=96&d=mm&r=g\",\"url\":\"https:\\\/\\\/secure.gravatar.com\\\/avatar\\\/7ce1f28c0c3bbac99ff550b85ef8e44a6950c6ee24514fb6a5489e51d06f0298?s=96&d=mm&r=g\",\"contentUrl\":\"https:\\\/\\\/secure.gravatar.com\\\/avatar\\\/7ce1f28c0c3bbac99ff550b85ef8e44a6950c6ee24514fb6a5489e51d06f0298?s=96&d=mm&r=g\",\"caption\":\"webdo.tn\"},\"url\":\"https:\\\/\\\/www.webdo.tn\\\/fr\\\/actualite\\\/author\\\/webdotn\\\/\"}]}<\/script>\n<!-- \/ Yoast SEO Premium plugin. -->","yoast_head_json":{"title":"France : Plus d'une cinquantaine d'actes antimusulmans depuis l\u2019attaque contre Charlie Hebdo","description":"France : Plus d'une cinquantaine d'actes antimusulmans depuis l\u2019attaque contre Charlie Hebdo","canonical":"https:\/\/www.webdo.tn\/fr\/actualite\/international\/france-plus-dune-cinquantaine-dactes-antimusulmans-depuis-lattaque-contre-charlie-hebdo\/184245\/","og_locale":"fr_FR","og_type":"article","og_title":"France : Plus d'une cinquantaine d'actes antimusulmans depuis l\u2019attaque contre Charlie Hebdo","og_description":"France : Plus d'une cinquantaine d'actes antimusulmans depuis l\u2019attaque contre Charlie Hebdo","og_url":"https:\/\/www.webdo.tn\/fr\/actualite\/international\/france-plus-dune-cinquantaine-dactes-antimusulmans-depuis-lattaque-contre-charlie-hebdo\/184245\/","og_site_name":"webdo","article_publisher":"https:\/\/www.facebook.com\/webdotn","article_published_time":"2015-01-12T17:17:00+00:00","og_image":[{"width":600,"height":450,"url":"https:\/\/www.webdo.tn\/fr\/wp-content\/uploads\/2015\/01\/Incendie-mosquee-Aix-les-Bain-Credits-LeDLMuriel-Bernard.jpg","type":"image\/jpeg"}],"author":"webdo.tn","twitter_card":"summary_large_image","twitter_creator":"@webdo_tn","twitter_site":"@webdo_tn","twitter_misc":{"\u00c9crit par":"webdo.tn","Dur\u00e9e de lecture estim\u00e9e":"1 minute"},"schema":{"@context":"https:\/\/schema.org","@graph":[{"@type":"NewsArticle","@id":"https:\/\/www.webdo.tn\/fr\/actualite\/international\/france-plus-dune-cinquantaine-dactes-antimusulmans-depuis-lattaque-contre-charlie-hebdo\/184245\/#article","isPartOf":{"@id":"https:\/\/www.webdo.tn\/fr\/actualite\/international\/france-plus-dune-cinquantaine-dactes-antimusulmans-depuis-lattaque-contre-charlie-hebdo\/184245\/"},"author":{"name":"webdo.tn","@id":"https:\/\/www.webdo.tn\/fr\/#\/schema\/person\/9a9c6118d687c117df8ef3cc36a4d175"},"headline":"France : Plus d&rsquo;une cinquantaine d&rsquo;actes antimusulmans depuis l\u2019attaque contre Charlie Hebdo","datePublished":"2015-01-12T17:17:00+00:00","mainEntityOfPage":{"@id":"https:\/\/www.webdo.tn\/fr\/actualite\/international\/france-plus-dune-cinquantaine-dactes-antimusulmans-depuis-lattaque-contre-charlie-hebdo\/184245\/"},"wordCount":215,"commentCount":0,"publisher":{"@id":"https:\/\/www.webdo.tn\/fr\/#organization"},"image":{"@id":"https:\/\/www.webdo.tn\/fr\/actualite\/international\/france-plus-dune-cinquantaine-dactes-antimusulmans-depuis-lattaque-contre-charlie-hebdo\/184245\/#primaryimage"},"thumbnailUrl":"https:\/\/www.webdo.tn\/fr\/wp-content\/uploads\/2015\/01\/Incendie-mosquee-Aix-les-Bain-Credits-LeDLMuriel-Bernard.jpg","keywords":["guerre"],"articleSection":["International"],"inLanguage":"fr-FR"},{"@type":"WebPage","@id":"https:\/\/www.webdo.tn\/fr\/actualite\/international\/france-plus-dune-cinquantaine-dactes-antimusulmans-depuis-lattaque-contre-charlie-hebdo\/184245\/","url":"https:\/\/www.webdo.tn\/fr\/actualite\/international\/france-plus-dune-cinquantaine-dactes-antimusulmans-depuis-lattaque-contre-charlie-hebdo\/184245\/","name":"France : Plus d'une cinquantaine d'actes antimusulmans depuis l\u2019attaque contre Charlie Hebdo","isPartOf":{"@id":"https:\/\/www.webdo.tn\/fr\/#website"},"primaryImageOfPage":{"@id":"https:\/\/www.webdo.tn\/fr\/actualite\/international\/france-plus-dune-cinquantaine-dactes-antimusulmans-depuis-lattaque-contre-charlie-hebdo\/184245\/#primaryimage"},"image":{"@id":"https:\/\/www.webdo.tn\/fr\/actualite\/international\/france-plus-dune-cinquantaine-dactes-antimusulmans-depuis-lattaque-contre-charlie-hebdo\/184245\/#primaryimage"},"thumbnailUrl":"https:\/\/www.webdo.tn\/fr\/wp-content\/uploads\/2015\/01\/Incendie-mosquee-Aix-les-Bain-Credits-LeDLMuriel-Bernard.jpg","datePublished":"2015-01-12T17:17:00+00:00","description":"France : Plus d'une cinquantaine d'actes antimusulmans depuis l\u2019attaque contre Charlie Hebdo","breadcrumb":{"@id":"https:\/\/www.webdo.tn\/fr\/actualite\/international\/france-plus-dune-cinquantaine-dactes-antimusulmans-depuis-lattaque-contre-charlie-hebdo\/184245\/#breadcrumb"},"inLanguage":"fr-FR","potentialAction":[{"@type":"ReadAction","target":["https:\/\/www.webdo.tn\/fr\/actualite\/international\/france-plus-dune-cinquantaine-dactes-antimusulmans-depuis-lattaque-contre-charlie-hebdo\/184245\/"]}]},{"@type":"ImageObject","inLanguage":"fr-FR","@id":"https:\/\/www.webdo.tn\/fr\/actualite\/international\/france-plus-dune-cinquantaine-dactes-antimusulmans-depuis-lattaque-contre-charlie-hebdo\/184245\/#primaryimage","url":"https:\/\/www.webdo.tn\/fr\/wp-content\/uploads\/2015\/01\/Incendie-mosquee-Aix-les-Bain-Credits-LeDLMuriel-Bernard.jpg","contentUrl":"https:\/\/www.webdo.tn\/fr\/wp-content\/uploads\/2015\/01\/Incendie-mosquee-Aix-les-Bain-Credits-LeDLMuriel-Bernard.jpg","width":600,"height":450,"caption":"France : Plus d'une cinquantaine d'actes antimusulmans depuis l\u2019attaque contre Charlie Hebdo"},{"@type":"BreadcrumbList","@id":"https:\/\/www.webdo.tn\/fr\/actualite\/international\/france-plus-dune-cinquantaine-dactes-antimusulmans-depuis-lattaque-contre-charlie-hebdo\/184245\/#breadcrumb","itemListElement":[{"@type":"ListItem","position":1,"name":"Accueil","item":"https:\/\/www.webdo.tn\/fr\/"},{"@type":"ListItem","position":2,"name":"France : Plus d&rsquo;une cinquantaine d&rsquo;actes antimusulmans depuis l\u2019attaque contre Charlie Hebdo"}]},{"@type":"WebSite","@id":"https:\/\/www.webdo.tn\/fr\/#website","url":"https:\/\/www.webdo.tn\/fr\/","name":"webdo","description":"Tunisie - News en Tunisie et \u00e0 l&#039;international sur Webdo.tn","publisher":{"@id":"https:\/\/www.webdo.tn\/fr\/#organization"},"potentialAction":[{"@type":"SearchAction","target":{"@type":"EntryPoint","urlTemplate":"https:\/\/www.webdo.tn\/fr\/?s={search_term_string}"},"query-input":{"@type":"PropertyValueSpecification","valueRequired":true,"valueName":"search_term_string"}}],"inLanguage":"fr-FR"},{"@type":"Organization","@id":"https:\/\/www.webdo.tn\/fr\/#organization","name":"Webdo","alternateName":"Webdo.tn","url":"https:\/\/www.webdo.tn\/fr\/","logo":{"@type":"ImageObject","inLanguage":"fr-FR","@id":"https:\/\/www.webdo.tn\/fr\/#\/schema\/logo\/image\/","url":"https:\/\/www.webdo.tn\/fr\/wp-content\/uploads\/2025\/06\/Webdo-Tunisie_168377.jpg","contentUrl":"https:\/\/www.webdo.tn\/fr\/wp-content\/uploads\/2025\/06\/Webdo-Tunisie_168377.jpg","width":301,"height":301,"caption":"Webdo"},"image":{"@id":"https:\/\/www.webdo.tn\/fr\/#\/schema\/logo\/image\/"},"sameAs":["https:\/\/www.facebook.com\/webdotn","https:\/\/x.com\/webdo_tn"],"description":"Webdo est un m\u00e9dia num\u00e9rique tunisien fond\u00e9 en 2010, sp\u00e9cialis\u00e9 dans l\u2019actualit\u00e9 nationale et internationale, l\u2019\u00e9conomie, la soci\u00e9t\u00e9 et les analyses politiques. Le site s\u2019adresse \u00e0 un large public francophone et couvre l\u2019information tunisienne en temps r\u00e9el.","email":"redac@webdo.tn","legalName":"YNJ SARL","foundingDate":"2010-09-06","numberOfEmployees":{"@type":"QuantitativeValue","minValue":"11","maxValue":"50"}},{"@type":"Person","@id":"https:\/\/www.webdo.tn\/fr\/#\/schema\/person\/9a9c6118d687c117df8ef3cc36a4d175","name":"webdo.tn","image":{"@type":"ImageObject","inLanguage":"fr-FR","@id":"https:\/\/secure.gravatar.com\/avatar\/7ce1f28c0c3bbac99ff550b85ef8e44a6950c6ee24514fb6a5489e51d06f0298?s=96&d=mm&r=g","url":"https:\/\/secure.gravatar.com\/avatar\/7ce1f28c0c3bbac99ff550b85ef8e44a6950c6ee24514fb6a5489e51d06f0298?s=96&d=mm&r=g","contentUrl":"https:\/\/secure.gravatar.com\/avatar\/7ce1f28c0c3bbac99ff550b85ef8e44a6950c6ee24514fb6a5489e51d06f0298?s=96&d=mm&r=g","caption":"webdo.tn"},"url":"https:\/\/www.webdo.tn\/fr\/actualite\/author\/webdotn\/"}]}},"_links":{"self":[{"href":"https:\/\/www.webdo.tn\/fr\/wp-json\/wp\/v2\/posts\/184245","targetHints":{"allow":["GET"]}}],"collection":[{"href":"https:\/\/www.webdo.tn\/fr\/wp-json\/wp\/v2\/posts"}],"about":[{"href":"https:\/\/www.webdo.tn\/fr\/wp-json\/wp\/v2\/types\/post"}],"author":[{"embeddable":true,"href":"https:\/\/www.webdo.tn\/fr\/wp-json\/wp\/v2\/users\/3222"}],"replies":[{"embeddable":true,"href":"https:\/\/www.webdo.tn\/fr\/wp-json\/wp\/v2\/comments?post=184245"}],"version-history":[{"count":0,"href":"https:\/\/www.webdo.tn\/fr\/wp-json\/wp\/v2\/posts\/184245\/revisions"}],"wp:featuredmedia":[{"embeddable":true,"href":"https:\/\/www.webdo.tn\/fr\/wp-json\/wp\/v2\/media\/335426"}],"wp:attachment":[{"href":"https:\/\/www.webdo.tn\/fr\/wp-json\/wp\/v2\/media?parent=184245"}],"wp:term":[{"taxonomy":"category","embeddable":true,"href":"https:\/\/www.webdo.tn\/fr\/wp-json\/wp\/v2\/categories?post=184245"},{"taxonomy":"post_tag","embeddable":true,"href":"https:\/\/www.webdo.tn\/fr\/wp-json\/wp\/v2\/tags?post=184245"}],"curies":[{"name":"wp","href":"https:\/\/api.w.org\/{rel}","templated":true}]}}