{"id":184244,"date":"2015-01-13T10:18:00","date_gmt":"2015-01-13T10:18:00","guid":{"rendered":"https:\/\/www.webdo.tn\/fr\/blog\/france-quatre-ans-de-prison-pour-avoir-fait-lapologie-des-freres-kouachi\/184244\/"},"modified":"2015-01-13T10:18:00","modified_gmt":"2015-01-13T10:18:00","slug":"france-quatre-ans-de-prison-pour-avoir-fait-lapologie-des-freres-kouachi","status":"publish","type":"post","link":"https:\/\/www.webdo.tn\/fr\/actualite\/international\/france-quatre-ans-de-prison-pour-avoir-fait-lapologie-des-freres-kouachi\/184244\/","title":{"rendered":"France : Quatre ans de prison pour avoir fait l\u2019apologie des fr\u00e8res Kouachi"},"content":{"rendered":"<p>Un homme de 34 ans a \u00e9t\u00e9 condamn\u00e9 \u00e0 4 ans de prison, ce lundi 12 janvier, par le tribunal de Valenciennes (Nord de la France) pour avoir fait l\u2019apologie des fr\u00e8res Kouachi, les deux terroristes auteurs de l\u2019attaque contre le journal Charlie Hebdo.<\/p>\n<p>Le pr\u00e9venu, originaire de Douchy-les-Mines (Nord), est coupable de conduite en \u00e9tat d&rsquo;ivresse, refus de se soumettre aux v\u00e9rifications en \u00e9tat de r\u00e9cidive, blessures involontaires, et apologie d&rsquo;actes de terrorisme lors de son arrestation apr\u00e8s un accident de voiture, rapporte l\u2019AFP.<\/p>\n<p>\u00ab\u00a0La s\u00e9v\u00e9rit\u00e9 des peines prononc\u00e9es s&rsquo;explique grandement par les propos tenus faisant l&rsquo;apologie des actes de terrorisme\u00a0\u00bb, a expliqu\u00e9 Fran\u00e7ois P\u00e9rain, procureur de Valenciennes. Le pr\u00e9venu a fait l&rsquo;objet d&rsquo;une comparution imm\u00e9diate.<\/p>\n<p>Il avait percut\u00e9 un autre v\u00e9hicule et bless\u00e9 l\u00e9g\u00e8rement un p\u00e8re et sa fille de 12 ans, samedi 10 janvier \u00e0 Haulchin (Nord). Au moment de son interpellation, il a tenu \u00ab\u00a0des propos particuli\u00e8rement virulents sur le bien-fond\u00e9 des actes de terrorisme commis la semaine derni\u00e8re\u00a0\u00bb, a pr\u00e9cis\u00e9 Fran\u00e7ois P\u00e9rain.<\/p>\n<p>\u00ab\u00a0Il devrait y en avoir plus des Kouachi. J&rsquo;esp\u00e8re que vous serez les prochains (&#8230;) Vous \u00eates du pain b\u00e9ni pour les terroristes\u00a0\u00bb, a-t-il notamment lanc\u00e9 aux policiers venus l&rsquo;arr\u00eater, en r\u00e9f\u00e9rence aux deux jihadistes, selon le procureur.<\/p>\n<p>Outre les quatre ans d&#8217;emprisonnement, le trentenaire a \u00e9cop\u00e9 d&rsquo;une annulation de son permis de conduire pendant deux ans et d&rsquo;une interdiction de ses droits civils et de famille pendant trois ans.<\/p>\n","protected":false},"excerpt":{"rendered":"<p>France : Quatre ans de prison pour avoir fait l\u2019apologie des fr\u00e8res Kouachi<\/p>\n","protected":false},"author":3222,"featured_media":330881,"comment_status":"open","ping_status":"closed","sticky":false,"template":"","format":"standard","meta":{"footnotes":""},"categories":[2598],"tags":[2600],"class_list":["post-184244","post","type-post","status-publish","format-standard","has-post-thumbnail","hentry","category-international","tag-guerre"],"yoast_head":"<!-- This site is optimized with the Yoast SEO Premium plugin v27.5 (Yoast SEO v27.5) - https:\/\/yoast.com\/product\/yoast-seo-premium-wordpress\/ -->\n<title>France : Quatre ans de prison pour avoir fait l\u2019apologie des fr\u00e8res Kouachi<\/title>\n<meta name=\"description\" content=\"France : Quatre ans de prison pour avoir fait l\u2019apologie des fr\u00e8res Kouachi\" \/>\n<link rel=\"canonical\" href=\"https:\/\/www.webdo.tn\/fr\/actualite\/international\/france-quatre-ans-de-prison-pour-avoir-fait-lapologie-des-freres-kouachi\/184244\/\" \/>\n<meta property=\"og:locale\" content=\"fr_FR\" \/>\n<meta property=\"og:type\" content=\"article\" \/>\n<meta property=\"og:title\" content=\"France : Quatre ans de prison pour avoir fait l\u2019apologie des fr\u00e8res Kouachi\" \/>\n<meta property=\"og:description\" content=\"France : Quatre ans de prison pour avoir fait l\u2019apologie des fr\u00e8res Kouachi\" \/>\n<meta property=\"og:url\" content=\"https:\/\/www.webdo.tn\/fr\/actualite\/international\/france-quatre-ans-de-prison-pour-avoir-fait-lapologie-des-freres-kouachi\/184244\/\" \/>\n<meta property=\"og:site_name\" content=\"webdo\" \/>\n<meta property=\"article:publisher\" content=\"https:\/\/www.facebook.com\/webdotn\" \/>\n<meta property=\"article:published_time\" content=\"2015-01-13T10:18:00+00:00\" \/>\n<meta property=\"og:image\" content=\"https:\/\/www.webdo.tn\/fr\/wp-content\/uploads\/2015\/01\/Cherid-et-Said-Kouachi-1.jpg\" \/>\n\t<meta property=\"og:image:width\" content=\"500\" \/>\n\t<meta property=\"og:image:height\" content=\"318\" \/>\n\t<meta property=\"og:image:type\" content=\"image\/jpeg\" \/>\n<meta name=\"author\" content=\"webdo.tn\" \/>\n<meta name=\"twitter:card\" content=\"summary_large_image\" \/>\n<meta name=\"twitter:creator\" content=\"@webdo_tn\" \/>\n<meta name=\"twitter:site\" content=\"@webdo_tn\" \/>\n<meta name=\"twitter:label1\" content=\"\u00c9crit par\" \/>\n\t<meta name=\"twitter:data1\" content=\"webdo.tn\" \/>\n\t<meta name=\"twitter:label2\" content=\"Dur\u00e9e de lecture estim\u00e9e\" \/>\n\t<meta name=\"twitter:data2\" content=\"1 minute\" \/>\n<script type=\"application\/ld+json\" class=\"yoast-schema-graph\">{\"@context\":\"https:\\\/\\\/schema.org\",\"@graph\":[{\"@type\":\"NewsArticle\",\"@id\":\"https:\\\/\\\/www.webdo.tn\\\/fr\\\/actualite\\\/international\\\/france-quatre-ans-de-prison-pour-avoir-fait-lapologie-des-freres-kouachi\\\/184244\\\/#article\",\"isPartOf\":{\"@id\":\"https:\\\/\\\/www.webdo.tn\\\/fr\\\/actualite\\\/international\\\/france-quatre-ans-de-prison-pour-avoir-fait-lapologie-des-freres-kouachi\\\/184244\\\/\"},\"author\":{\"name\":\"webdo.tn\",\"@id\":\"https:\\\/\\\/www.webdo.tn\\\/fr\\\/#\\\/schema\\\/person\\\/9a9c6118d687c117df8ef3cc36a4d175\"},\"headline\":\"France : Quatre ans de prison pour avoir fait l\u2019apologie des fr\u00e8res Kouachi\",\"datePublished\":\"2015-01-13T10:18:00+00:00\",\"mainEntityOfPage\":{\"@id\":\"https:\\\/\\\/www.webdo.tn\\\/fr\\\/actualite\\\/international\\\/france-quatre-ans-de-prison-pour-avoir-fait-lapologie-des-freres-kouachi\\\/184244\\\/\"},\"wordCount\":283,\"commentCount\":0,\"publisher\":{\"@id\":\"https:\\\/\\\/www.webdo.tn\\\/fr\\\/#organization\"},\"image\":{\"@id\":\"https:\\\/\\\/www.webdo.tn\\\/fr\\\/actualite\\\/international\\\/france-quatre-ans-de-prison-pour-avoir-fait-lapologie-des-freres-kouachi\\\/184244\\\/#primaryimage\"},\"thumbnailUrl\":\"https:\\\/\\\/www.webdo.tn\\\/fr\\\/wp-content\\\/uploads\\\/2015\\\/01\\\/Cherid-et-Said-Kouachi-1.jpg\",\"keywords\":[\"guerre\"],\"articleSection\":[\"International\"],\"inLanguage\":\"fr-FR\"},{\"@type\":\"WebPage\",\"@id\":\"https:\\\/\\\/www.webdo.tn\\\/fr\\\/actualite\\\/international\\\/france-quatre-ans-de-prison-pour-avoir-fait-lapologie-des-freres-kouachi\\\/184244\\\/\",\"url\":\"https:\\\/\\\/www.webdo.tn\\\/fr\\\/actualite\\\/international\\\/france-quatre-ans-de-prison-pour-avoir-fait-lapologie-des-freres-kouachi\\\/184244\\\/\",\"name\":\"France : Quatre ans de prison pour avoir fait l\u2019apologie des fr\u00e8res Kouachi\",\"isPartOf\":{\"@id\":\"https:\\\/\\\/www.webdo.tn\\\/fr\\\/#website\"},\"primaryImageOfPage\":{\"@id\":\"https:\\\/\\\/www.webdo.tn\\\/fr\\\/actualite\\\/international\\\/france-quatre-ans-de-prison-pour-avoir-fait-lapologie-des-freres-kouachi\\\/184244\\\/#primaryimage\"},\"image\":{\"@id\":\"https:\\\/\\\/www.webdo.tn\\\/fr\\\/actualite\\\/international\\\/france-quatre-ans-de-prison-pour-avoir-fait-lapologie-des-freres-kouachi\\\/184244\\\/#primaryimage\"},\"thumbnailUrl\":\"https:\\\/\\\/www.webdo.tn\\\/fr\\\/wp-content\\\/uploads\\\/2015\\\/01\\\/Cherid-et-Said-Kouachi-1.jpg\",\"datePublished\":\"2015-01-13T10:18:00+00:00\",\"description\":\"France : Quatre ans de prison pour avoir fait l\u2019apologie des fr\u00e8res Kouachi\",\"breadcrumb\":{\"@id\":\"https:\\\/\\\/www.webdo.tn\\\/fr\\\/actualite\\\/international\\\/france-quatre-ans-de-prison-pour-avoir-fait-lapologie-des-freres-kouachi\\\/184244\\\/#breadcrumb\"},\"inLanguage\":\"fr-FR\",\"potentialAction\":[{\"@type\":\"ReadAction\",\"target\":[\"https:\\\/\\\/www.webdo.tn\\\/fr\\\/actualite\\\/international\\\/france-quatre-ans-de-prison-pour-avoir-fait-lapologie-des-freres-kouachi\\\/184244\\\/\"]}]},{\"@type\":\"ImageObject\",\"inLanguage\":\"fr-FR\",\"@id\":\"https:\\\/\\\/www.webdo.tn\\\/fr\\\/actualite\\\/international\\\/france-quatre-ans-de-prison-pour-avoir-fait-lapologie-des-freres-kouachi\\\/184244\\\/#primaryimage\",\"url\":\"https:\\\/\\\/www.webdo.tn\\\/fr\\\/wp-content\\\/uploads\\\/2015\\\/01\\\/Cherid-et-Said-Kouachi-1.jpg\",\"contentUrl\":\"https:\\\/\\\/www.webdo.tn\\\/fr\\\/wp-content\\\/uploads\\\/2015\\\/01\\\/Cherid-et-Said-Kouachi-1.jpg\",\"width\":500,\"height\":318,\"caption\":\"France : Quatre ans de prison pour avoir fait l\u2019apologie des fr\u00e8res Kouachi\"},{\"@type\":\"BreadcrumbList\",\"@id\":\"https:\\\/\\\/www.webdo.tn\\\/fr\\\/actualite\\\/international\\\/france-quatre-ans-de-prison-pour-avoir-fait-lapologie-des-freres-kouachi\\\/184244\\\/#breadcrumb\",\"itemListElement\":[{\"@type\":\"ListItem\",\"position\":1,\"name\":\"Accueil\",\"item\":\"https:\\\/\\\/www.webdo.tn\\\/fr\\\/\"},{\"@type\":\"ListItem\",\"position\":2,\"name\":\"France : Quatre ans de prison pour avoir fait l\u2019apologie des fr\u00e8res Kouachi\"}]},{\"@type\":\"WebSite\",\"@id\":\"https:\\\/\\\/www.webdo.tn\\\/fr\\\/#website\",\"url\":\"https:\\\/\\\/www.webdo.tn\\\/fr\\\/\",\"name\":\"webdo\",\"description\":\"Tunisie - News en Tunisie et \u00e0 l&#039;international sur Webdo.tn\",\"publisher\":{\"@id\":\"https:\\\/\\\/www.webdo.tn\\\/fr\\\/#organization\"},\"potentialAction\":[{\"@type\":\"SearchAction\",\"target\":{\"@type\":\"EntryPoint\",\"urlTemplate\":\"https:\\\/\\\/www.webdo.tn\\\/fr\\\/?s={search_term_string}\"},\"query-input\":{\"@type\":\"PropertyValueSpecification\",\"valueRequired\":true,\"valueName\":\"search_term_string\"}}],\"inLanguage\":\"fr-FR\"},{\"@type\":\"Organization\",\"@id\":\"https:\\\/\\\/www.webdo.tn\\\/fr\\\/#organization\",\"name\":\"Webdo\",\"alternateName\":\"Webdo.tn\",\"url\":\"https:\\\/\\\/www.webdo.tn\\\/fr\\\/\",\"logo\":{\"@type\":\"ImageObject\",\"inLanguage\":\"fr-FR\",\"@id\":\"https:\\\/\\\/www.webdo.tn\\\/fr\\\/#\\\/schema\\\/logo\\\/image\\\/\",\"url\":\"https:\\\/\\\/www.webdo.tn\\\/fr\\\/wp-content\\\/uploads\\\/2025\\\/06\\\/Webdo-Tunisie_168377.jpg\",\"contentUrl\":\"https:\\\/\\\/www.webdo.tn\\\/fr\\\/wp-content\\\/uploads\\\/2025\\\/06\\\/Webdo-Tunisie_168377.jpg\",\"width\":301,\"height\":301,\"caption\":\"Webdo\"},\"image\":{\"@id\":\"https:\\\/\\\/www.webdo.tn\\\/fr\\\/#\\\/schema\\\/logo\\\/image\\\/\"},\"sameAs\":[\"https:\\\/\\\/www.facebook.com\\\/webdotn\",\"https:\\\/\\\/x.com\\\/webdo_tn\"],\"description\":\"Webdo est un m\u00e9dia num\u00e9rique tunisien fond\u00e9 en 2010, sp\u00e9cialis\u00e9 dans l\u2019actualit\u00e9 nationale et internationale, l\u2019\u00e9conomie, la soci\u00e9t\u00e9 et les analyses politiques. Le site s\u2019adresse \u00e0 un large public francophone et couvre l\u2019information tunisienne en temps r\u00e9el.\",\"email\":\"redac@webdo.tn\",\"legalName\":\"YNJ SARL\",\"foundingDate\":\"2010-09-06\",\"numberOfEmployees\":{\"@type\":\"QuantitativeValue\",\"minValue\":\"11\",\"maxValue\":\"50\"}},{\"@type\":\"Person\",\"@id\":\"https:\\\/\\\/www.webdo.tn\\\/fr\\\/#\\\/schema\\\/person\\\/9a9c6118d687c117df8ef3cc36a4d175\",\"name\":\"webdo.tn\",\"image\":{\"@type\":\"ImageObject\",\"inLanguage\":\"fr-FR\",\"@id\":\"https:\\\/\\\/secure.gravatar.com\\\/avatar\\\/7ce1f28c0c3bbac99ff550b85ef8e44a6950c6ee24514fb6a5489e51d06f0298?s=96&d=mm&r=g\",\"url\":\"https:\\\/\\\/secure.gravatar.com\\\/avatar\\\/7ce1f28c0c3bbac99ff550b85ef8e44a6950c6ee24514fb6a5489e51d06f0298?s=96&d=mm&r=g\",\"contentUrl\":\"https:\\\/\\\/secure.gravatar.com\\\/avatar\\\/7ce1f28c0c3bbac99ff550b85ef8e44a6950c6ee24514fb6a5489e51d06f0298?s=96&d=mm&r=g\",\"caption\":\"webdo.tn\"},\"url\":\"https:\\\/\\\/www.webdo.tn\\\/fr\\\/actualite\\\/author\\\/webdotn\\\/\"}]}<\/script>\n<!-- \/ Yoast SEO Premium plugin. -->","yoast_head_json":{"title":"France : Quatre ans de prison pour avoir fait l\u2019apologie des fr\u00e8res Kouachi","description":"France : Quatre ans de prison pour avoir fait l\u2019apologie des fr\u00e8res Kouachi","canonical":"https:\/\/www.webdo.tn\/fr\/actualite\/international\/france-quatre-ans-de-prison-pour-avoir-fait-lapologie-des-freres-kouachi\/184244\/","og_locale":"fr_FR","og_type":"article","og_title":"France : Quatre ans de prison pour avoir fait l\u2019apologie des fr\u00e8res Kouachi","og_description":"France : Quatre ans de prison pour avoir fait l\u2019apologie des fr\u00e8res Kouachi","og_url":"https:\/\/www.webdo.tn\/fr\/actualite\/international\/france-quatre-ans-de-prison-pour-avoir-fait-lapologie-des-freres-kouachi\/184244\/","og_site_name":"webdo","article_publisher":"https:\/\/www.facebook.com\/webdotn","article_published_time":"2015-01-13T10:18:00+00:00","og_image":[{"width":500,"height":318,"url":"https:\/\/www.webdo.tn\/fr\/wp-content\/uploads\/2015\/01\/Cherid-et-Said-Kouachi-1.jpg","type":"image\/jpeg"}],"author":"webdo.tn","twitter_card":"summary_large_image","twitter_creator":"@webdo_tn","twitter_site":"@webdo_tn","twitter_misc":{"\u00c9crit par":"webdo.tn","Dur\u00e9e de lecture estim\u00e9e":"1 minute"},"schema":{"@context":"https:\/\/schema.org","@graph":[{"@type":"NewsArticle","@id":"https:\/\/www.webdo.tn\/fr\/actualite\/international\/france-quatre-ans-de-prison-pour-avoir-fait-lapologie-des-freres-kouachi\/184244\/#article","isPartOf":{"@id":"https:\/\/www.webdo.tn\/fr\/actualite\/international\/france-quatre-ans-de-prison-pour-avoir-fait-lapologie-des-freres-kouachi\/184244\/"},"author":{"name":"webdo.tn","@id":"https:\/\/www.webdo.tn\/fr\/#\/schema\/person\/9a9c6118d687c117df8ef3cc36a4d175"},"headline":"France : Quatre ans de prison pour avoir fait l\u2019apologie des fr\u00e8res Kouachi","datePublished":"2015-01-13T10:18:00+00:00","mainEntityOfPage":{"@id":"https:\/\/www.webdo.tn\/fr\/actualite\/international\/france-quatre-ans-de-prison-pour-avoir-fait-lapologie-des-freres-kouachi\/184244\/"},"wordCount":283,"commentCount":0,"publisher":{"@id":"https:\/\/www.webdo.tn\/fr\/#organization"},"image":{"@id":"https:\/\/www.webdo.tn\/fr\/actualite\/international\/france-quatre-ans-de-prison-pour-avoir-fait-lapologie-des-freres-kouachi\/184244\/#primaryimage"},"thumbnailUrl":"https:\/\/www.webdo.tn\/fr\/wp-content\/uploads\/2015\/01\/Cherid-et-Said-Kouachi-1.jpg","keywords":["guerre"],"articleSection":["International"],"inLanguage":"fr-FR"},{"@type":"WebPage","@id":"https:\/\/www.webdo.tn\/fr\/actualite\/international\/france-quatre-ans-de-prison-pour-avoir-fait-lapologie-des-freres-kouachi\/184244\/","url":"https:\/\/www.webdo.tn\/fr\/actualite\/international\/france-quatre-ans-de-prison-pour-avoir-fait-lapologie-des-freres-kouachi\/184244\/","name":"France : Quatre ans de prison pour avoir fait l\u2019apologie des fr\u00e8res Kouachi","isPartOf":{"@id":"https:\/\/www.webdo.tn\/fr\/#website"},"primaryImageOfPage":{"@id":"https:\/\/www.webdo.tn\/fr\/actualite\/international\/france-quatre-ans-de-prison-pour-avoir-fait-lapologie-des-freres-kouachi\/184244\/#primaryimage"},"image":{"@id":"https:\/\/www.webdo.tn\/fr\/actualite\/international\/france-quatre-ans-de-prison-pour-avoir-fait-lapologie-des-freres-kouachi\/184244\/#primaryimage"},"thumbnailUrl":"https:\/\/www.webdo.tn\/fr\/wp-content\/uploads\/2015\/01\/Cherid-et-Said-Kouachi-1.jpg","datePublished":"2015-01-13T10:18:00+00:00","description":"France : Quatre ans de prison pour avoir fait l\u2019apologie des fr\u00e8res Kouachi","breadcrumb":{"@id":"https:\/\/www.webdo.tn\/fr\/actualite\/international\/france-quatre-ans-de-prison-pour-avoir-fait-lapologie-des-freres-kouachi\/184244\/#breadcrumb"},"inLanguage":"fr-FR","potentialAction":[{"@type":"ReadAction","target":["https:\/\/www.webdo.tn\/fr\/actualite\/international\/france-quatre-ans-de-prison-pour-avoir-fait-lapologie-des-freres-kouachi\/184244\/"]}]},{"@type":"ImageObject","inLanguage":"fr-FR","@id":"https:\/\/www.webdo.tn\/fr\/actualite\/international\/france-quatre-ans-de-prison-pour-avoir-fait-lapologie-des-freres-kouachi\/184244\/#primaryimage","url":"https:\/\/www.webdo.tn\/fr\/wp-content\/uploads\/2015\/01\/Cherid-et-Said-Kouachi-1.jpg","contentUrl":"https:\/\/www.webdo.tn\/fr\/wp-content\/uploads\/2015\/01\/Cherid-et-Said-Kouachi-1.jpg","width":500,"height":318,"caption":"France : Quatre ans de prison pour avoir fait l\u2019apologie des fr\u00e8res Kouachi"},{"@type":"BreadcrumbList","@id":"https:\/\/www.webdo.tn\/fr\/actualite\/international\/france-quatre-ans-de-prison-pour-avoir-fait-lapologie-des-freres-kouachi\/184244\/#breadcrumb","itemListElement":[{"@type":"ListItem","position":1,"name":"Accueil","item":"https:\/\/www.webdo.tn\/fr\/"},{"@type":"ListItem","position":2,"name":"France : Quatre ans de prison pour avoir fait l\u2019apologie des fr\u00e8res Kouachi"}]},{"@type":"WebSite","@id":"https:\/\/www.webdo.tn\/fr\/#website","url":"https:\/\/www.webdo.tn\/fr\/","name":"webdo","description":"Tunisie - News en Tunisie et \u00e0 l&#039;international sur Webdo.tn","publisher":{"@id":"https:\/\/www.webdo.tn\/fr\/#organization"},"potentialAction":[{"@type":"SearchAction","target":{"@type":"EntryPoint","urlTemplate":"https:\/\/www.webdo.tn\/fr\/?s={search_term_string}"},"query-input":{"@type":"PropertyValueSpecification","valueRequired":true,"valueName":"search_term_string"}}],"inLanguage":"fr-FR"},{"@type":"Organization","@id":"https:\/\/www.webdo.tn\/fr\/#organization","name":"Webdo","alternateName":"Webdo.tn","url":"https:\/\/www.webdo.tn\/fr\/","logo":{"@type":"ImageObject","inLanguage":"fr-FR","@id":"https:\/\/www.webdo.tn\/fr\/#\/schema\/logo\/image\/","url":"https:\/\/www.webdo.tn\/fr\/wp-content\/uploads\/2025\/06\/Webdo-Tunisie_168377.jpg","contentUrl":"https:\/\/www.webdo.tn\/fr\/wp-content\/uploads\/2025\/06\/Webdo-Tunisie_168377.jpg","width":301,"height":301,"caption":"Webdo"},"image":{"@id":"https:\/\/www.webdo.tn\/fr\/#\/schema\/logo\/image\/"},"sameAs":["https:\/\/www.facebook.com\/webdotn","https:\/\/x.com\/webdo_tn"],"description":"Webdo est un m\u00e9dia num\u00e9rique tunisien fond\u00e9 en 2010, sp\u00e9cialis\u00e9 dans l\u2019actualit\u00e9 nationale et internationale, l\u2019\u00e9conomie, la soci\u00e9t\u00e9 et les analyses politiques. Le site s\u2019adresse \u00e0 un large public francophone et couvre l\u2019information tunisienne en temps r\u00e9el.","email":"redac@webdo.tn","legalName":"YNJ SARL","foundingDate":"2010-09-06","numberOfEmployees":{"@type":"QuantitativeValue","minValue":"11","maxValue":"50"}},{"@type":"Person","@id":"https:\/\/www.webdo.tn\/fr\/#\/schema\/person\/9a9c6118d687c117df8ef3cc36a4d175","name":"webdo.tn","image":{"@type":"ImageObject","inLanguage":"fr-FR","@id":"https:\/\/secure.gravatar.com\/avatar\/7ce1f28c0c3bbac99ff550b85ef8e44a6950c6ee24514fb6a5489e51d06f0298?s=96&d=mm&r=g","url":"https:\/\/secure.gravatar.com\/avatar\/7ce1f28c0c3bbac99ff550b85ef8e44a6950c6ee24514fb6a5489e51d06f0298?s=96&d=mm&r=g","contentUrl":"https:\/\/secure.gravatar.com\/avatar\/7ce1f28c0c3bbac99ff550b85ef8e44a6950c6ee24514fb6a5489e51d06f0298?s=96&d=mm&r=g","caption":"webdo.tn"},"url":"https:\/\/www.webdo.tn\/fr\/actualite\/author\/webdotn\/"}]}},"_links":{"self":[{"href":"https:\/\/www.webdo.tn\/fr\/wp-json\/wp\/v2\/posts\/184244","targetHints":{"allow":["GET"]}}],"collection":[{"href":"https:\/\/www.webdo.tn\/fr\/wp-json\/wp\/v2\/posts"}],"about":[{"href":"https:\/\/www.webdo.tn\/fr\/wp-json\/wp\/v2\/types\/post"}],"author":[{"embeddable":true,"href":"https:\/\/www.webdo.tn\/fr\/wp-json\/wp\/v2\/users\/3222"}],"replies":[{"embeddable":true,"href":"https:\/\/www.webdo.tn\/fr\/wp-json\/wp\/v2\/comments?post=184244"}],"version-history":[{"count":0,"href":"https:\/\/www.webdo.tn\/fr\/wp-json\/wp\/v2\/posts\/184244\/revisions"}],"wp:featuredmedia":[{"embeddable":true,"href":"https:\/\/www.webdo.tn\/fr\/wp-json\/wp\/v2\/media\/330881"}],"wp:attachment":[{"href":"https:\/\/www.webdo.tn\/fr\/wp-json\/wp\/v2\/media?parent=184244"}],"wp:term":[{"taxonomy":"category","embeddable":true,"href":"https:\/\/www.webdo.tn\/fr\/wp-json\/wp\/v2\/categories?post=184244"},{"taxonomy":"post_tag","embeddable":true,"href":"https:\/\/www.webdo.tn\/fr\/wp-json\/wp\/v2\/tags?post=184244"}],"curies":[{"name":"wp","href":"https:\/\/api.w.org\/{rel}","templated":true}]}}