{"id":184242,"date":"2015-01-13T11:39:00","date_gmt":"2015-01-13T11:39:00","guid":{"rendered":"https:\/\/www.webdo.tn\/fr\/blog\/france-un-jeune-de-20-ans-condamne-6-mois-de-prison-pour-avoir-crie-vive-la-kalach\/184242\/"},"modified":"2015-01-13T11:39:00","modified_gmt":"2015-01-13T11:39:00","slug":"france-un-jeune-de-20-ans-condamne-6-mois-de-prison-pour-avoir-crie-vive-la-kalach","status":"publish","type":"post","link":"https:\/\/www.webdo.tn\/fr\/actualite\/international\/france-un-jeune-de-20-ans-condamne-6-mois-de-prison-pour-avoir-crie-vive-la-kalach\/184242\/","title":{"rendered":"France : Un jeune de 20 ans condamn\u00e9 \u00e0 6 mois de prison pour avoir cri\u00e9 \u00ab\u00a0Vive la kalach'\u00a0\u00bb"},"content":{"rendered":"<p>Un jeune de 20 ans a \u00e9t\u00e9 condamn\u00e9, ce lundi 12 janvier, \u00e0 six mois de prison ferme par le tribunal correctionnel d&rsquo;Orl\u00e9ans pour avoir cri\u00e9 \u00ab\u00a0vive la kalach\u00a0\u00bb, jeudi 8 janvier \u00e0 un groupe de policiers crois\u00e9 dans un centre commercial de la ville, rapporte l&rsquo;AFP.<\/p>\n<p>Lors des faits, quatre policiers en patrouille dans le centre commercial Place d&rsquo;Arc \u00e0 Orl\u00e9ans croisent un groupe de jeunes, lorsque l&rsquo;un d&rsquo;entre eux se met \u00e0 hurler \u00ab\u00a0Vive la Kalach!\u00a0\u00bb, puis imite le bruit de l&rsquo;arme en mimant la gestuelle d&rsquo;un combattant tirant une rafale.<\/p>\n<p>Le jeune homme, \u00e2g\u00e9 de 20 ans, est aussit\u00f4t appr\u00e9hend\u00e9. Sur son sweat-shirt, le dessin imprim\u00e9 d&rsquo;une Kalachnikov. Dans sa poche, un couteau \u00e0 cran d&rsquo;arr\u00eat.<\/p>\n<p>Plac\u00e9 en d\u00e9tention par le juge des libert\u00e9s au terme de sa garde \u00e0 vue, le jeune homme a \u00e9t\u00e9 jug\u00e9 lundi en comparution imm\u00e9diate. Le jeune homme, plusieurs fois condamn\u00e9 par le pass\u00e9, a expliqu\u00e9 au tribunal qu&rsquo;il avait bu.<\/p>\n<p>Il devra verser \u00e9galement verser 200 euros \u00e0 chacun des quatre policiers, \u00e0 titre de r\u00e9paration du pr\u00e9judice moral.<\/p>\n","protected":false},"excerpt":{"rendered":"<p>France : Un jeune de 20 ans condamn\u00e9 \u00e0 6 mois de prison pour avoir cri\u00e9  Vive la kalach&rsquo;<\/p>\n","protected":false},"author":3222,"featured_media":330882,"comment_status":"open","ping_status":"closed","sticky":false,"template":"","format":"standard","meta":{"footnotes":""},"categories":[2598],"tags":[2600],"class_list":["post-184242","post","type-post","status-publish","format-standard","has-post-thumbnail","hentry","category-international","tag-guerre"],"yoast_head":"<!-- This site is optimized with the Yoast SEO Premium plugin v27.5 (Yoast SEO v27.5) - https:\/\/yoast.com\/product\/yoast-seo-premium-wordpress\/ -->\n<title>France : Un jeune de 20 ans condamn\u00e9 \u00e0 6 mois de prison pour avoir cri\u00e9 Vive la kalach&#039;<\/title>\n<meta name=\"description\" content=\"France : Un jeune de 20 ans condamn\u00e9 \u00e0 6 mois de prison pour avoir cri\u00e9 Vive la kalach&#039;\" \/>\n<link rel=\"canonical\" href=\"https:\/\/www.webdo.tn\/fr\/actualite\/international\/france-un-jeune-de-20-ans-condamne-6-mois-de-prison-pour-avoir-crie-vive-la-kalach\/184242\/\" \/>\n<meta property=\"og:locale\" content=\"fr_FR\" \/>\n<meta property=\"og:type\" content=\"article\" \/>\n<meta property=\"og:title\" content=\"France : Un jeune de 20 ans condamn\u00e9 \u00e0 6 mois de prison pour avoir cri\u00e9 &quot;Vive la kalach&#039;&quot;\" \/>\n<meta property=\"og:description\" content=\"France : Un jeune de 20 ans condamn\u00e9 \u00e0 6 mois de prison pour avoir cri\u00e9 Vive la kalach&#039;\" \/>\n<meta property=\"og:url\" content=\"https:\/\/www.webdo.tn\/fr\/actualite\/international\/france-un-jeune-de-20-ans-condamne-6-mois-de-prison-pour-avoir-crie-vive-la-kalach\/184242\/\" \/>\n<meta property=\"og:site_name\" content=\"webdo\" \/>\n<meta property=\"article:publisher\" content=\"https:\/\/www.facebook.com\/webdotn\" \/>\n<meta property=\"article:published_time\" content=\"2015-01-13T11:39:00+00:00\" \/>\n<meta property=\"og:image\" content=\"https:\/\/www.webdo.tn\/fr\/wp-content\/uploads\/2015\/01\/webdo_default-72.jpg\" \/>\n\t<meta property=\"og:image:width\" content=\"800\" \/>\n\t<meta property=\"og:image:height\" content=\"500\" \/>\n\t<meta property=\"og:image:type\" content=\"image\/jpeg\" \/>\n<meta name=\"author\" content=\"webdo.tn\" \/>\n<meta name=\"twitter:card\" content=\"summary_large_image\" \/>\n<meta name=\"twitter:creator\" content=\"@webdo_tn\" \/>\n<meta name=\"twitter:site\" content=\"@webdo_tn\" \/>\n<meta name=\"twitter:label1\" content=\"\u00c9crit par\" \/>\n\t<meta name=\"twitter:data1\" content=\"webdo.tn\" \/>\n\t<meta name=\"twitter:label2\" content=\"Dur\u00e9e de lecture estim\u00e9e\" \/>\n\t<meta name=\"twitter:data2\" content=\"1 minute\" \/>\n<script type=\"application\/ld+json\" class=\"yoast-schema-graph\">{\"@context\":\"https:\\\/\\\/schema.org\",\"@graph\":[{\"@type\":\"NewsArticle\",\"@id\":\"https:\\\/\\\/www.webdo.tn\\\/fr\\\/actualite\\\/international\\\/france-un-jeune-de-20-ans-condamne-6-mois-de-prison-pour-avoir-crie-vive-la-kalach\\\/184242\\\/#article\",\"isPartOf\":{\"@id\":\"https:\\\/\\\/www.webdo.tn\\\/fr\\\/actualite\\\/international\\\/france-un-jeune-de-20-ans-condamne-6-mois-de-prison-pour-avoir-crie-vive-la-kalach\\\/184242\\\/\"},\"author\":{\"name\":\"webdo.tn\",\"@id\":\"https:\\\/\\\/www.webdo.tn\\\/fr\\\/#\\\/schema\\\/person\\\/9a9c6118d687c117df8ef3cc36a4d175\"},\"headline\":\"France : Un jeune de 20 ans condamn\u00e9 \u00e0 6 mois de prison pour avoir cri\u00e9 \u00ab\u00a0Vive la kalach'\u00a0\u00bb\",\"datePublished\":\"2015-01-13T11:39:00+00:00\",\"mainEntityOfPage\":{\"@id\":\"https:\\\/\\\/www.webdo.tn\\\/fr\\\/actualite\\\/international\\\/france-un-jeune-de-20-ans-condamne-6-mois-de-prison-pour-avoir-crie-vive-la-kalach\\\/184242\\\/\"},\"wordCount\":201,\"commentCount\":0,\"publisher\":{\"@id\":\"https:\\\/\\\/www.webdo.tn\\\/fr\\\/#organization\"},\"image\":{\"@id\":\"https:\\\/\\\/www.webdo.tn\\\/fr\\\/actualite\\\/international\\\/france-un-jeune-de-20-ans-condamne-6-mois-de-prison-pour-avoir-crie-vive-la-kalach\\\/184242\\\/#primaryimage\"},\"thumbnailUrl\":\"https:\\\/\\\/www.webdo.tn\\\/fr\\\/wp-content\\\/uploads\\\/2015\\\/01\\\/webdo_default-72.jpg\",\"keywords\":[\"guerre\"],\"articleSection\":[\"International\"],\"inLanguage\":\"fr-FR\"},{\"@type\":\"WebPage\",\"@id\":\"https:\\\/\\\/www.webdo.tn\\\/fr\\\/actualite\\\/international\\\/france-un-jeune-de-20-ans-condamne-6-mois-de-prison-pour-avoir-crie-vive-la-kalach\\\/184242\\\/\",\"url\":\"https:\\\/\\\/www.webdo.tn\\\/fr\\\/actualite\\\/international\\\/france-un-jeune-de-20-ans-condamne-6-mois-de-prison-pour-avoir-crie-vive-la-kalach\\\/184242\\\/\",\"name\":\"France : Un jeune de 20 ans condamn\u00e9 \u00e0 6 mois de prison pour avoir cri\u00e9 Vive la kalach'\",\"isPartOf\":{\"@id\":\"https:\\\/\\\/www.webdo.tn\\\/fr\\\/#website\"},\"primaryImageOfPage\":{\"@id\":\"https:\\\/\\\/www.webdo.tn\\\/fr\\\/actualite\\\/international\\\/france-un-jeune-de-20-ans-condamne-6-mois-de-prison-pour-avoir-crie-vive-la-kalach\\\/184242\\\/#primaryimage\"},\"image\":{\"@id\":\"https:\\\/\\\/www.webdo.tn\\\/fr\\\/actualite\\\/international\\\/france-un-jeune-de-20-ans-condamne-6-mois-de-prison-pour-avoir-crie-vive-la-kalach\\\/184242\\\/#primaryimage\"},\"thumbnailUrl\":\"https:\\\/\\\/www.webdo.tn\\\/fr\\\/wp-content\\\/uploads\\\/2015\\\/01\\\/webdo_default-72.jpg\",\"datePublished\":\"2015-01-13T11:39:00+00:00\",\"description\":\"France : Un jeune de 20 ans condamn\u00e9 \u00e0 6 mois de prison pour avoir cri\u00e9 Vive la kalach'\",\"breadcrumb\":{\"@id\":\"https:\\\/\\\/www.webdo.tn\\\/fr\\\/actualite\\\/international\\\/france-un-jeune-de-20-ans-condamne-6-mois-de-prison-pour-avoir-crie-vive-la-kalach\\\/184242\\\/#breadcrumb\"},\"inLanguage\":\"fr-FR\",\"potentialAction\":[{\"@type\":\"ReadAction\",\"target\":[\"https:\\\/\\\/www.webdo.tn\\\/fr\\\/actualite\\\/international\\\/france-un-jeune-de-20-ans-condamne-6-mois-de-prison-pour-avoir-crie-vive-la-kalach\\\/184242\\\/\"]}]},{\"@type\":\"ImageObject\",\"inLanguage\":\"fr-FR\",\"@id\":\"https:\\\/\\\/www.webdo.tn\\\/fr\\\/actualite\\\/international\\\/france-un-jeune-de-20-ans-condamne-6-mois-de-prison-pour-avoir-crie-vive-la-kalach\\\/184242\\\/#primaryimage\",\"url\":\"https:\\\/\\\/www.webdo.tn\\\/fr\\\/wp-content\\\/uploads\\\/2015\\\/01\\\/webdo_default-72.jpg\",\"contentUrl\":\"https:\\\/\\\/www.webdo.tn\\\/fr\\\/wp-content\\\/uploads\\\/2015\\\/01\\\/webdo_default-72.jpg\",\"width\":800,\"height\":500,\"caption\":\"France : Un jeune de 20 ans condamn\u00e9 \u00e0 6 mois de prison pour avoir cri\u00e9 \\\"Vive la kalach'\\\"\"},{\"@type\":\"BreadcrumbList\",\"@id\":\"https:\\\/\\\/www.webdo.tn\\\/fr\\\/actualite\\\/international\\\/france-un-jeune-de-20-ans-condamne-6-mois-de-prison-pour-avoir-crie-vive-la-kalach\\\/184242\\\/#breadcrumb\",\"itemListElement\":[{\"@type\":\"ListItem\",\"position\":1,\"name\":\"Accueil\",\"item\":\"https:\\\/\\\/www.webdo.tn\\\/fr\\\/\"},{\"@type\":\"ListItem\",\"position\":2,\"name\":\"France : Un jeune de 20 ans condamn\u00e9 \u00e0 6 mois de prison pour avoir cri\u00e9 \u00ab\u00a0Vive la kalach'\u00a0\u00bb\"}]},{\"@type\":\"WebSite\",\"@id\":\"https:\\\/\\\/www.webdo.tn\\\/fr\\\/#website\",\"url\":\"https:\\\/\\\/www.webdo.tn\\\/fr\\\/\",\"name\":\"webdo\",\"description\":\"Tunisie - News en Tunisie et \u00e0 l&#039;international sur Webdo.tn\",\"publisher\":{\"@id\":\"https:\\\/\\\/www.webdo.tn\\\/fr\\\/#organization\"},\"potentialAction\":[{\"@type\":\"SearchAction\",\"target\":{\"@type\":\"EntryPoint\",\"urlTemplate\":\"https:\\\/\\\/www.webdo.tn\\\/fr\\\/?s={search_term_string}\"},\"query-input\":{\"@type\":\"PropertyValueSpecification\",\"valueRequired\":true,\"valueName\":\"search_term_string\"}}],\"inLanguage\":\"fr-FR\"},{\"@type\":\"Organization\",\"@id\":\"https:\\\/\\\/www.webdo.tn\\\/fr\\\/#organization\",\"name\":\"Webdo\",\"alternateName\":\"Webdo.tn\",\"url\":\"https:\\\/\\\/www.webdo.tn\\\/fr\\\/\",\"logo\":{\"@type\":\"ImageObject\",\"inLanguage\":\"fr-FR\",\"@id\":\"https:\\\/\\\/www.webdo.tn\\\/fr\\\/#\\\/schema\\\/logo\\\/image\\\/\",\"url\":\"https:\\\/\\\/www.webdo.tn\\\/fr\\\/wp-content\\\/uploads\\\/2025\\\/06\\\/Webdo-Tunisie_168377.jpg\",\"contentUrl\":\"https:\\\/\\\/www.webdo.tn\\\/fr\\\/wp-content\\\/uploads\\\/2025\\\/06\\\/Webdo-Tunisie_168377.jpg\",\"width\":301,\"height\":301,\"caption\":\"Webdo\"},\"image\":{\"@id\":\"https:\\\/\\\/www.webdo.tn\\\/fr\\\/#\\\/schema\\\/logo\\\/image\\\/\"},\"sameAs\":[\"https:\\\/\\\/www.facebook.com\\\/webdotn\",\"https:\\\/\\\/x.com\\\/webdo_tn\"],\"description\":\"Webdo est un m\u00e9dia num\u00e9rique tunisien fond\u00e9 en 2010, sp\u00e9cialis\u00e9 dans l\u2019actualit\u00e9 nationale et internationale, l\u2019\u00e9conomie, la soci\u00e9t\u00e9 et les analyses politiques. Le site s\u2019adresse \u00e0 un large public francophone et couvre l\u2019information tunisienne en temps r\u00e9el.\",\"email\":\"redac@webdo.tn\",\"legalName\":\"YNJ SARL\",\"foundingDate\":\"2010-09-06\",\"numberOfEmployees\":{\"@type\":\"QuantitativeValue\",\"minValue\":\"11\",\"maxValue\":\"50\"}},{\"@type\":\"Person\",\"@id\":\"https:\\\/\\\/www.webdo.tn\\\/fr\\\/#\\\/schema\\\/person\\\/9a9c6118d687c117df8ef3cc36a4d175\",\"name\":\"webdo.tn\",\"image\":{\"@type\":\"ImageObject\",\"inLanguage\":\"fr-FR\",\"@id\":\"https:\\\/\\\/secure.gravatar.com\\\/avatar\\\/7ce1f28c0c3bbac99ff550b85ef8e44a6950c6ee24514fb6a5489e51d06f0298?s=96&d=mm&r=g\",\"url\":\"https:\\\/\\\/secure.gravatar.com\\\/avatar\\\/7ce1f28c0c3bbac99ff550b85ef8e44a6950c6ee24514fb6a5489e51d06f0298?s=96&d=mm&r=g\",\"contentUrl\":\"https:\\\/\\\/secure.gravatar.com\\\/avatar\\\/7ce1f28c0c3bbac99ff550b85ef8e44a6950c6ee24514fb6a5489e51d06f0298?s=96&d=mm&r=g\",\"caption\":\"webdo.tn\"},\"url\":\"https:\\\/\\\/www.webdo.tn\\\/fr\\\/actualite\\\/author\\\/webdotn\\\/\"}]}<\/script>\n<!-- \/ Yoast SEO Premium plugin. -->","yoast_head_json":{"title":"France : Un jeune de 20 ans condamn\u00e9 \u00e0 6 mois de prison pour avoir cri\u00e9 Vive la kalach'","description":"France : Un jeune de 20 ans condamn\u00e9 \u00e0 6 mois de prison pour avoir cri\u00e9 Vive la kalach'","canonical":"https:\/\/www.webdo.tn\/fr\/actualite\/international\/france-un-jeune-de-20-ans-condamne-6-mois-de-prison-pour-avoir-crie-vive-la-kalach\/184242\/","og_locale":"fr_FR","og_type":"article","og_title":"France : Un jeune de 20 ans condamn\u00e9 \u00e0 6 mois de prison pour avoir cri\u00e9 \"Vive la kalach'\"","og_description":"France : Un jeune de 20 ans condamn\u00e9 \u00e0 6 mois de prison pour avoir cri\u00e9 Vive la kalach'","og_url":"https:\/\/www.webdo.tn\/fr\/actualite\/international\/france-un-jeune-de-20-ans-condamne-6-mois-de-prison-pour-avoir-crie-vive-la-kalach\/184242\/","og_site_name":"webdo","article_publisher":"https:\/\/www.facebook.com\/webdotn","article_published_time":"2015-01-13T11:39:00+00:00","og_image":[{"width":800,"height":500,"url":"https:\/\/www.webdo.tn\/fr\/wp-content\/uploads\/2015\/01\/webdo_default-72.jpg","type":"image\/jpeg"}],"author":"webdo.tn","twitter_card":"summary_large_image","twitter_creator":"@webdo_tn","twitter_site":"@webdo_tn","twitter_misc":{"\u00c9crit par":"webdo.tn","Dur\u00e9e de lecture estim\u00e9e":"1 minute"},"schema":{"@context":"https:\/\/schema.org","@graph":[{"@type":"NewsArticle","@id":"https:\/\/www.webdo.tn\/fr\/actualite\/international\/france-un-jeune-de-20-ans-condamne-6-mois-de-prison-pour-avoir-crie-vive-la-kalach\/184242\/#article","isPartOf":{"@id":"https:\/\/www.webdo.tn\/fr\/actualite\/international\/france-un-jeune-de-20-ans-condamne-6-mois-de-prison-pour-avoir-crie-vive-la-kalach\/184242\/"},"author":{"name":"webdo.tn","@id":"https:\/\/www.webdo.tn\/fr\/#\/schema\/person\/9a9c6118d687c117df8ef3cc36a4d175"},"headline":"France : Un jeune de 20 ans condamn\u00e9 \u00e0 6 mois de prison pour avoir cri\u00e9 \u00ab\u00a0Vive la kalach'\u00a0\u00bb","datePublished":"2015-01-13T11:39:00+00:00","mainEntityOfPage":{"@id":"https:\/\/www.webdo.tn\/fr\/actualite\/international\/france-un-jeune-de-20-ans-condamne-6-mois-de-prison-pour-avoir-crie-vive-la-kalach\/184242\/"},"wordCount":201,"commentCount":0,"publisher":{"@id":"https:\/\/www.webdo.tn\/fr\/#organization"},"image":{"@id":"https:\/\/www.webdo.tn\/fr\/actualite\/international\/france-un-jeune-de-20-ans-condamne-6-mois-de-prison-pour-avoir-crie-vive-la-kalach\/184242\/#primaryimage"},"thumbnailUrl":"https:\/\/www.webdo.tn\/fr\/wp-content\/uploads\/2015\/01\/webdo_default-72.jpg","keywords":["guerre"],"articleSection":["International"],"inLanguage":"fr-FR"},{"@type":"WebPage","@id":"https:\/\/www.webdo.tn\/fr\/actualite\/international\/france-un-jeune-de-20-ans-condamne-6-mois-de-prison-pour-avoir-crie-vive-la-kalach\/184242\/","url":"https:\/\/www.webdo.tn\/fr\/actualite\/international\/france-un-jeune-de-20-ans-condamne-6-mois-de-prison-pour-avoir-crie-vive-la-kalach\/184242\/","name":"France : Un jeune de 20 ans condamn\u00e9 \u00e0 6 mois de prison pour avoir cri\u00e9 Vive la kalach'","isPartOf":{"@id":"https:\/\/www.webdo.tn\/fr\/#website"},"primaryImageOfPage":{"@id":"https:\/\/www.webdo.tn\/fr\/actualite\/international\/france-un-jeune-de-20-ans-condamne-6-mois-de-prison-pour-avoir-crie-vive-la-kalach\/184242\/#primaryimage"},"image":{"@id":"https:\/\/www.webdo.tn\/fr\/actualite\/international\/france-un-jeune-de-20-ans-condamne-6-mois-de-prison-pour-avoir-crie-vive-la-kalach\/184242\/#primaryimage"},"thumbnailUrl":"https:\/\/www.webdo.tn\/fr\/wp-content\/uploads\/2015\/01\/webdo_default-72.jpg","datePublished":"2015-01-13T11:39:00+00:00","description":"France : Un jeune de 20 ans condamn\u00e9 \u00e0 6 mois de prison pour avoir cri\u00e9 Vive la kalach'","breadcrumb":{"@id":"https:\/\/www.webdo.tn\/fr\/actualite\/international\/france-un-jeune-de-20-ans-condamne-6-mois-de-prison-pour-avoir-crie-vive-la-kalach\/184242\/#breadcrumb"},"inLanguage":"fr-FR","potentialAction":[{"@type":"ReadAction","target":["https:\/\/www.webdo.tn\/fr\/actualite\/international\/france-un-jeune-de-20-ans-condamne-6-mois-de-prison-pour-avoir-crie-vive-la-kalach\/184242\/"]}]},{"@type":"ImageObject","inLanguage":"fr-FR","@id":"https:\/\/www.webdo.tn\/fr\/actualite\/international\/france-un-jeune-de-20-ans-condamne-6-mois-de-prison-pour-avoir-crie-vive-la-kalach\/184242\/#primaryimage","url":"https:\/\/www.webdo.tn\/fr\/wp-content\/uploads\/2015\/01\/webdo_default-72.jpg","contentUrl":"https:\/\/www.webdo.tn\/fr\/wp-content\/uploads\/2015\/01\/webdo_default-72.jpg","width":800,"height":500,"caption":"France : Un jeune de 20 ans condamn\u00e9 \u00e0 6 mois de prison pour avoir cri\u00e9 \"Vive la kalach'\""},{"@type":"BreadcrumbList","@id":"https:\/\/www.webdo.tn\/fr\/actualite\/international\/france-un-jeune-de-20-ans-condamne-6-mois-de-prison-pour-avoir-crie-vive-la-kalach\/184242\/#breadcrumb","itemListElement":[{"@type":"ListItem","position":1,"name":"Accueil","item":"https:\/\/www.webdo.tn\/fr\/"},{"@type":"ListItem","position":2,"name":"France : Un jeune de 20 ans condamn\u00e9 \u00e0 6 mois de prison pour avoir cri\u00e9 \u00ab\u00a0Vive la kalach'\u00a0\u00bb"}]},{"@type":"WebSite","@id":"https:\/\/www.webdo.tn\/fr\/#website","url":"https:\/\/www.webdo.tn\/fr\/","name":"webdo","description":"Tunisie - News en Tunisie et \u00e0 l&#039;international sur Webdo.tn","publisher":{"@id":"https:\/\/www.webdo.tn\/fr\/#organization"},"potentialAction":[{"@type":"SearchAction","target":{"@type":"EntryPoint","urlTemplate":"https:\/\/www.webdo.tn\/fr\/?s={search_term_string}"},"query-input":{"@type":"PropertyValueSpecification","valueRequired":true,"valueName":"search_term_string"}}],"inLanguage":"fr-FR"},{"@type":"Organization","@id":"https:\/\/www.webdo.tn\/fr\/#organization","name":"Webdo","alternateName":"Webdo.tn","url":"https:\/\/www.webdo.tn\/fr\/","logo":{"@type":"ImageObject","inLanguage":"fr-FR","@id":"https:\/\/www.webdo.tn\/fr\/#\/schema\/logo\/image\/","url":"https:\/\/www.webdo.tn\/fr\/wp-content\/uploads\/2025\/06\/Webdo-Tunisie_168377.jpg","contentUrl":"https:\/\/www.webdo.tn\/fr\/wp-content\/uploads\/2025\/06\/Webdo-Tunisie_168377.jpg","width":301,"height":301,"caption":"Webdo"},"image":{"@id":"https:\/\/www.webdo.tn\/fr\/#\/schema\/logo\/image\/"},"sameAs":["https:\/\/www.facebook.com\/webdotn","https:\/\/x.com\/webdo_tn"],"description":"Webdo est un m\u00e9dia num\u00e9rique tunisien fond\u00e9 en 2010, sp\u00e9cialis\u00e9 dans l\u2019actualit\u00e9 nationale et internationale, l\u2019\u00e9conomie, la soci\u00e9t\u00e9 et les analyses politiques. Le site s\u2019adresse \u00e0 un large public francophone et couvre l\u2019information tunisienne en temps r\u00e9el.","email":"redac@webdo.tn","legalName":"YNJ SARL","foundingDate":"2010-09-06","numberOfEmployees":{"@type":"QuantitativeValue","minValue":"11","maxValue":"50"}},{"@type":"Person","@id":"https:\/\/www.webdo.tn\/fr\/#\/schema\/person\/9a9c6118d687c117df8ef3cc36a4d175","name":"webdo.tn","image":{"@type":"ImageObject","inLanguage":"fr-FR","@id":"https:\/\/secure.gravatar.com\/avatar\/7ce1f28c0c3bbac99ff550b85ef8e44a6950c6ee24514fb6a5489e51d06f0298?s=96&d=mm&r=g","url":"https:\/\/secure.gravatar.com\/avatar\/7ce1f28c0c3bbac99ff550b85ef8e44a6950c6ee24514fb6a5489e51d06f0298?s=96&d=mm&r=g","contentUrl":"https:\/\/secure.gravatar.com\/avatar\/7ce1f28c0c3bbac99ff550b85ef8e44a6950c6ee24514fb6a5489e51d06f0298?s=96&d=mm&r=g","caption":"webdo.tn"},"url":"https:\/\/www.webdo.tn\/fr\/actualite\/author\/webdotn\/"}]}},"_links":{"self":[{"href":"https:\/\/www.webdo.tn\/fr\/wp-json\/wp\/v2\/posts\/184242","targetHints":{"allow":["GET"]}}],"collection":[{"href":"https:\/\/www.webdo.tn\/fr\/wp-json\/wp\/v2\/posts"}],"about":[{"href":"https:\/\/www.webdo.tn\/fr\/wp-json\/wp\/v2\/types\/post"}],"author":[{"embeddable":true,"href":"https:\/\/www.webdo.tn\/fr\/wp-json\/wp\/v2\/users\/3222"}],"replies":[{"embeddable":true,"href":"https:\/\/www.webdo.tn\/fr\/wp-json\/wp\/v2\/comments?post=184242"}],"version-history":[{"count":0,"href":"https:\/\/www.webdo.tn\/fr\/wp-json\/wp\/v2\/posts\/184242\/revisions"}],"wp:featuredmedia":[{"embeddable":true,"href":"https:\/\/www.webdo.tn\/fr\/wp-json\/wp\/v2\/media\/330882"}],"wp:attachment":[{"href":"https:\/\/www.webdo.tn\/fr\/wp-json\/wp\/v2\/media?parent=184242"}],"wp:term":[{"taxonomy":"category","embeddable":true,"href":"https:\/\/www.webdo.tn\/fr\/wp-json\/wp\/v2\/categories?post=184242"},{"taxonomy":"post_tag","embeddable":true,"href":"https:\/\/www.webdo.tn\/fr\/wp-json\/wp\/v2\/tags?post=184242"}],"curies":[{"name":"wp","href":"https:\/\/api.w.org\/{rel}","templated":true}]}}