{"id":184241,"date":"2015-01-13T13:16:00","date_gmt":"2015-01-13T13:16:00","guid":{"rendered":"https:\/\/www.webdo.tn\/fr\/blog\/le-conseil-francais-du-culte-musulman-appelle-au-calme-avant-la-sortie-du-prochain-charlie-hebdo\/184241\/"},"modified":"2015-01-13T13:16:00","modified_gmt":"2015-01-13T13:16:00","slug":"le-conseil-francais-du-culte-musulman-appelle-au-calme-avant-la-sortie-du-prochain-charlie-hebdo","status":"publish","type":"post","link":"https:\/\/www.webdo.tn\/fr\/actualite\/international\/le-conseil-francais-du-culte-musulman-appelle-au-calme-avant-la-sortie-du-prochain-charlie-hebdo\/184241\/","title":{"rendered":"Le Conseil fran\u00e7ais du culte musulman appelle au \u00ab\u00a0calme\u00a0\u00bb avant la sortie du prochain Charlie Hebdo"},"content":{"rendered":"<p>Le Conseil fran\u00e7ais du culte musulman (CFCM) a appel\u00e9, ce mardi 13 janvier, la communaut\u00e9 musulmane \u00ab\u00a0\u00e0 garder son calme\u00a0\u00bb, \u00e0 la veille de la sortie du prochain num\u00e9ro de Charlie Hebdo.<\/p>\n<p>Une semaine apr\u00e8s l\u2019attaque meurtri\u00e8re contre le journal satirique et la mort de 12 personnes dont 8 journalistes et caricaturistes, ce nouveau num\u00e9ro, \u00e0 para\u00eetre demain mercredi 14 janvier, et qui sera imprim\u00e9 \u00e0 trois millions d\u2019exemplaires, sera consacr\u00e9 au proph\u00e8te Mohamed. Une caricature cens\u00e9e le repr\u00e9senter sera en Une de l\u2019\u00e9dition avec l\u2019inscription \u00ab Je suis Charlie \u00bb.<\/p>\n<p>Le CFCM \u00ab\u00a0appelle la communaut\u00e9 musulmane de France \u00e0 garder son calme en \u00e9vitant les r\u00e9actions \u00e9motives ou incongrues incompatibles avec sa dignit\u00e9 et sa r\u00e9serve, tout en respectant la libert\u00e9 d&rsquo;opinion\u00a0\u00bb, dans un communiqu\u00e9 rapport\u00e9 par l\u2019AFP.<\/p>\n<p>\u00ab\u00a0Par respect pour la m\u00e9moire des victimes de Charlie Hebdo, nous ne ferons pas de commentaire sur cette provocation. Ils sont rest\u00e9s dans la ligne habituelle\u00a0\u00bb, a confi\u00e9 \u00e0 l&rsquo;AFP le pr\u00e9sident de l&rsquo;Observatoire national contre l&rsquo;islamophobie au sein du CFCM, Abdallah Zekri.<\/p>\n","protected":false},"excerpt":{"rendered":"<p>Le Conseil fran\u00e7ais du culte musulman appelle au  calme  avant la sortie du prochain Charlie Hebdo<\/p>\n","protected":false},"author":3222,"featured_media":335433,"comment_status":"open","ping_status":"closed","sticky":false,"template":"","format":"standard","meta":{"footnotes":""},"categories":[2598],"tags":[2600],"class_list":["post-184241","post","type-post","status-publish","format-standard","has-post-thumbnail","hentry","category-international","tag-guerre"],"yoast_head":"<!-- This site is optimized with the Yoast SEO Premium plugin v27.5 (Yoast SEO v27.5) - https:\/\/yoast.com\/product\/yoast-seo-premium-wordpress\/ -->\n<title>Le Conseil fran\u00e7ais du culte musulman appelle au calme avant la sortie du prochain Charlie Hebdo<\/title>\n<meta name=\"description\" content=\"Le Conseil fran\u00e7ais du culte musulman appelle au calme avant la sortie du prochain Charlie Hebdo\" \/>\n<link rel=\"canonical\" href=\"https:\/\/www.webdo.tn\/fr\/actualite\/international\/le-conseil-francais-du-culte-musulman-appelle-au-calme-avant-la-sortie-du-prochain-charlie-hebdo\/184241\/\" \/>\n<meta property=\"og:locale\" content=\"fr_FR\" \/>\n<meta property=\"og:type\" content=\"article\" \/>\n<meta property=\"og:title\" content=\"Le Conseil fran\u00e7ais du culte musulman appelle au &quot;calme&quot; avant la sortie du prochain Charlie Hebdo\" \/>\n<meta property=\"og:description\" content=\"Le Conseil fran\u00e7ais du culte musulman appelle au calme avant la sortie du prochain Charlie Hebdo\" \/>\n<meta property=\"og:url\" content=\"https:\/\/www.webdo.tn\/fr\/actualite\/international\/le-conseil-francais-du-culte-musulman-appelle-au-calme-avant-la-sortie-du-prochain-charlie-hebdo\/184241\/\" \/>\n<meta property=\"og:site_name\" content=\"webdo\" \/>\n<meta property=\"article:publisher\" content=\"https:\/\/www.facebook.com\/webdotn\" \/>\n<meta property=\"article:published_time\" content=\"2015-01-13T13:16:00+00:00\" \/>\n<meta property=\"og:image\" content=\"https:\/\/www.webdo.tn\/fr\/wp-content\/uploads\/2015\/01\/Dalil-Boubakeur-president-du-CFCM.jpg\" \/>\n\t<meta property=\"og:image:width\" content=\"300\" \/>\n\t<meta property=\"og:image:height\" content=\"200\" \/>\n\t<meta property=\"og:image:type\" content=\"image\/jpeg\" \/>\n<meta name=\"author\" content=\"webdo.tn\" \/>\n<meta name=\"twitter:card\" content=\"summary_large_image\" \/>\n<meta name=\"twitter:creator\" content=\"@webdo_tn\" \/>\n<meta name=\"twitter:site\" content=\"@webdo_tn\" \/>\n<meta name=\"twitter:label1\" content=\"\u00c9crit par\" \/>\n\t<meta name=\"twitter:data1\" content=\"webdo.tn\" \/>\n\t<meta name=\"twitter:label2\" content=\"Dur\u00e9e de lecture estim\u00e9e\" \/>\n\t<meta name=\"twitter:data2\" content=\"1 minute\" \/>\n<script type=\"application\/ld+json\" class=\"yoast-schema-graph\">{\"@context\":\"https:\\\/\\\/schema.org\",\"@graph\":[{\"@type\":\"NewsArticle\",\"@id\":\"https:\\\/\\\/www.webdo.tn\\\/fr\\\/actualite\\\/international\\\/le-conseil-francais-du-culte-musulman-appelle-au-calme-avant-la-sortie-du-prochain-charlie-hebdo\\\/184241\\\/#article\",\"isPartOf\":{\"@id\":\"https:\\\/\\\/www.webdo.tn\\\/fr\\\/actualite\\\/international\\\/le-conseil-francais-du-culte-musulman-appelle-au-calme-avant-la-sortie-du-prochain-charlie-hebdo\\\/184241\\\/\"},\"author\":{\"name\":\"webdo.tn\",\"@id\":\"https:\\\/\\\/www.webdo.tn\\\/fr\\\/#\\\/schema\\\/person\\\/9a9c6118d687c117df8ef3cc36a4d175\"},\"headline\":\"Le Conseil fran\u00e7ais du culte musulman appelle au \u00ab\u00a0calme\u00a0\u00bb avant la sortie du prochain Charlie Hebdo\",\"datePublished\":\"2015-01-13T13:16:00+00:00\",\"mainEntityOfPage\":{\"@id\":\"https:\\\/\\\/www.webdo.tn\\\/fr\\\/actualite\\\/international\\\/le-conseil-francais-du-culte-musulman-appelle-au-calme-avant-la-sortie-du-prochain-charlie-hebdo\\\/184241\\\/\"},\"wordCount\":200,\"commentCount\":0,\"publisher\":{\"@id\":\"https:\\\/\\\/www.webdo.tn\\\/fr\\\/#organization\"},\"image\":{\"@id\":\"https:\\\/\\\/www.webdo.tn\\\/fr\\\/actualite\\\/international\\\/le-conseil-francais-du-culte-musulman-appelle-au-calme-avant-la-sortie-du-prochain-charlie-hebdo\\\/184241\\\/#primaryimage\"},\"thumbnailUrl\":\"https:\\\/\\\/www.webdo.tn\\\/fr\\\/wp-content\\\/uploads\\\/2015\\\/01\\\/Dalil-Boubakeur-president-du-CFCM.jpg\",\"keywords\":[\"guerre\"],\"articleSection\":[\"International\"],\"inLanguage\":\"fr-FR\"},{\"@type\":\"WebPage\",\"@id\":\"https:\\\/\\\/www.webdo.tn\\\/fr\\\/actualite\\\/international\\\/le-conseil-francais-du-culte-musulman-appelle-au-calme-avant-la-sortie-du-prochain-charlie-hebdo\\\/184241\\\/\",\"url\":\"https:\\\/\\\/www.webdo.tn\\\/fr\\\/actualite\\\/international\\\/le-conseil-francais-du-culte-musulman-appelle-au-calme-avant-la-sortie-du-prochain-charlie-hebdo\\\/184241\\\/\",\"name\":\"Le Conseil fran\u00e7ais du culte musulman appelle au calme avant la sortie du prochain Charlie Hebdo\",\"isPartOf\":{\"@id\":\"https:\\\/\\\/www.webdo.tn\\\/fr\\\/#website\"},\"primaryImageOfPage\":{\"@id\":\"https:\\\/\\\/www.webdo.tn\\\/fr\\\/actualite\\\/international\\\/le-conseil-francais-du-culte-musulman-appelle-au-calme-avant-la-sortie-du-prochain-charlie-hebdo\\\/184241\\\/#primaryimage\"},\"image\":{\"@id\":\"https:\\\/\\\/www.webdo.tn\\\/fr\\\/actualite\\\/international\\\/le-conseil-francais-du-culte-musulman-appelle-au-calme-avant-la-sortie-du-prochain-charlie-hebdo\\\/184241\\\/#primaryimage\"},\"thumbnailUrl\":\"https:\\\/\\\/www.webdo.tn\\\/fr\\\/wp-content\\\/uploads\\\/2015\\\/01\\\/Dalil-Boubakeur-president-du-CFCM.jpg\",\"datePublished\":\"2015-01-13T13:16:00+00:00\",\"description\":\"Le Conseil fran\u00e7ais du culte musulman appelle au calme avant la sortie du prochain Charlie Hebdo\",\"breadcrumb\":{\"@id\":\"https:\\\/\\\/www.webdo.tn\\\/fr\\\/actualite\\\/international\\\/le-conseil-francais-du-culte-musulman-appelle-au-calme-avant-la-sortie-du-prochain-charlie-hebdo\\\/184241\\\/#breadcrumb\"},\"inLanguage\":\"fr-FR\",\"potentialAction\":[{\"@type\":\"ReadAction\",\"target\":[\"https:\\\/\\\/www.webdo.tn\\\/fr\\\/actualite\\\/international\\\/le-conseil-francais-du-culte-musulman-appelle-au-calme-avant-la-sortie-du-prochain-charlie-hebdo\\\/184241\\\/\"]}]},{\"@type\":\"ImageObject\",\"inLanguage\":\"fr-FR\",\"@id\":\"https:\\\/\\\/www.webdo.tn\\\/fr\\\/actualite\\\/international\\\/le-conseil-francais-du-culte-musulman-appelle-au-calme-avant-la-sortie-du-prochain-charlie-hebdo\\\/184241\\\/#primaryimage\",\"url\":\"https:\\\/\\\/www.webdo.tn\\\/fr\\\/wp-content\\\/uploads\\\/2015\\\/01\\\/Dalil-Boubakeur-president-du-CFCM.jpg\",\"contentUrl\":\"https:\\\/\\\/www.webdo.tn\\\/fr\\\/wp-content\\\/uploads\\\/2015\\\/01\\\/Dalil-Boubakeur-president-du-CFCM.jpg\",\"width\":300,\"height\":200,\"caption\":\"Le Conseil fran\u00e7ais du culte musulman appelle au \\\"calme\\\" avant la sortie du prochain Charlie Hebdo\"},{\"@type\":\"BreadcrumbList\",\"@id\":\"https:\\\/\\\/www.webdo.tn\\\/fr\\\/actualite\\\/international\\\/le-conseil-francais-du-culte-musulman-appelle-au-calme-avant-la-sortie-du-prochain-charlie-hebdo\\\/184241\\\/#breadcrumb\",\"itemListElement\":[{\"@type\":\"ListItem\",\"position\":1,\"name\":\"Accueil\",\"item\":\"https:\\\/\\\/www.webdo.tn\\\/fr\\\/\"},{\"@type\":\"ListItem\",\"position\":2,\"name\":\"Le Conseil fran\u00e7ais du culte musulman appelle au \u00ab\u00a0calme\u00a0\u00bb avant la sortie du prochain Charlie Hebdo\"}]},{\"@type\":\"WebSite\",\"@id\":\"https:\\\/\\\/www.webdo.tn\\\/fr\\\/#website\",\"url\":\"https:\\\/\\\/www.webdo.tn\\\/fr\\\/\",\"name\":\"webdo\",\"description\":\"Tunisie - News en Tunisie et \u00e0 l&#039;international sur Webdo.tn\",\"publisher\":{\"@id\":\"https:\\\/\\\/www.webdo.tn\\\/fr\\\/#organization\"},\"potentialAction\":[{\"@type\":\"SearchAction\",\"target\":{\"@type\":\"EntryPoint\",\"urlTemplate\":\"https:\\\/\\\/www.webdo.tn\\\/fr\\\/?s={search_term_string}\"},\"query-input\":{\"@type\":\"PropertyValueSpecification\",\"valueRequired\":true,\"valueName\":\"search_term_string\"}}],\"inLanguage\":\"fr-FR\"},{\"@type\":\"Organization\",\"@id\":\"https:\\\/\\\/www.webdo.tn\\\/fr\\\/#organization\",\"name\":\"Webdo\",\"alternateName\":\"Webdo.tn\",\"url\":\"https:\\\/\\\/www.webdo.tn\\\/fr\\\/\",\"logo\":{\"@type\":\"ImageObject\",\"inLanguage\":\"fr-FR\",\"@id\":\"https:\\\/\\\/www.webdo.tn\\\/fr\\\/#\\\/schema\\\/logo\\\/image\\\/\",\"url\":\"https:\\\/\\\/www.webdo.tn\\\/fr\\\/wp-content\\\/uploads\\\/2025\\\/06\\\/Webdo-Tunisie_168377.jpg\",\"contentUrl\":\"https:\\\/\\\/www.webdo.tn\\\/fr\\\/wp-content\\\/uploads\\\/2025\\\/06\\\/Webdo-Tunisie_168377.jpg\",\"width\":301,\"height\":301,\"caption\":\"Webdo\"},\"image\":{\"@id\":\"https:\\\/\\\/www.webdo.tn\\\/fr\\\/#\\\/schema\\\/logo\\\/image\\\/\"},\"sameAs\":[\"https:\\\/\\\/www.facebook.com\\\/webdotn\",\"https:\\\/\\\/x.com\\\/webdo_tn\"],\"description\":\"Webdo est un m\u00e9dia num\u00e9rique tunisien fond\u00e9 en 2010, sp\u00e9cialis\u00e9 dans l\u2019actualit\u00e9 nationale et internationale, l\u2019\u00e9conomie, la soci\u00e9t\u00e9 et les analyses politiques. Le site s\u2019adresse \u00e0 un large public francophone et couvre l\u2019information tunisienne en temps r\u00e9el.\",\"email\":\"redac@webdo.tn\",\"legalName\":\"YNJ SARL\",\"foundingDate\":\"2010-09-06\",\"numberOfEmployees\":{\"@type\":\"QuantitativeValue\",\"minValue\":\"11\",\"maxValue\":\"50\"}},{\"@type\":\"Person\",\"@id\":\"https:\\\/\\\/www.webdo.tn\\\/fr\\\/#\\\/schema\\\/person\\\/9a9c6118d687c117df8ef3cc36a4d175\",\"name\":\"webdo.tn\",\"image\":{\"@type\":\"ImageObject\",\"inLanguage\":\"fr-FR\",\"@id\":\"https:\\\/\\\/secure.gravatar.com\\\/avatar\\\/7ce1f28c0c3bbac99ff550b85ef8e44a6950c6ee24514fb6a5489e51d06f0298?s=96&d=mm&r=g\",\"url\":\"https:\\\/\\\/secure.gravatar.com\\\/avatar\\\/7ce1f28c0c3bbac99ff550b85ef8e44a6950c6ee24514fb6a5489e51d06f0298?s=96&d=mm&r=g\",\"contentUrl\":\"https:\\\/\\\/secure.gravatar.com\\\/avatar\\\/7ce1f28c0c3bbac99ff550b85ef8e44a6950c6ee24514fb6a5489e51d06f0298?s=96&d=mm&r=g\",\"caption\":\"webdo.tn\"},\"url\":\"https:\\\/\\\/www.webdo.tn\\\/fr\\\/actualite\\\/author\\\/webdotn\\\/\"}]}<\/script>\n<!-- \/ Yoast SEO Premium plugin. -->","yoast_head_json":{"title":"Le Conseil fran\u00e7ais du culte musulman appelle au calme avant la sortie du prochain Charlie Hebdo","description":"Le Conseil fran\u00e7ais du culte musulman appelle au calme avant la sortie du prochain Charlie Hebdo","canonical":"https:\/\/www.webdo.tn\/fr\/actualite\/international\/le-conseil-francais-du-culte-musulman-appelle-au-calme-avant-la-sortie-du-prochain-charlie-hebdo\/184241\/","og_locale":"fr_FR","og_type":"article","og_title":"Le Conseil fran\u00e7ais du culte musulman appelle au \"calme\" avant la sortie du prochain Charlie Hebdo","og_description":"Le Conseil fran\u00e7ais du culte musulman appelle au calme avant la sortie du prochain Charlie Hebdo","og_url":"https:\/\/www.webdo.tn\/fr\/actualite\/international\/le-conseil-francais-du-culte-musulman-appelle-au-calme-avant-la-sortie-du-prochain-charlie-hebdo\/184241\/","og_site_name":"webdo","article_publisher":"https:\/\/www.facebook.com\/webdotn","article_published_time":"2015-01-13T13:16:00+00:00","og_image":[{"width":300,"height":200,"url":"https:\/\/www.webdo.tn\/fr\/wp-content\/uploads\/2015\/01\/Dalil-Boubakeur-president-du-CFCM.jpg","type":"image\/jpeg"}],"author":"webdo.tn","twitter_card":"summary_large_image","twitter_creator":"@webdo_tn","twitter_site":"@webdo_tn","twitter_misc":{"\u00c9crit par":"webdo.tn","Dur\u00e9e de lecture estim\u00e9e":"1 minute"},"schema":{"@context":"https:\/\/schema.org","@graph":[{"@type":"NewsArticle","@id":"https:\/\/www.webdo.tn\/fr\/actualite\/international\/le-conseil-francais-du-culte-musulman-appelle-au-calme-avant-la-sortie-du-prochain-charlie-hebdo\/184241\/#article","isPartOf":{"@id":"https:\/\/www.webdo.tn\/fr\/actualite\/international\/le-conseil-francais-du-culte-musulman-appelle-au-calme-avant-la-sortie-du-prochain-charlie-hebdo\/184241\/"},"author":{"name":"webdo.tn","@id":"https:\/\/www.webdo.tn\/fr\/#\/schema\/person\/9a9c6118d687c117df8ef3cc36a4d175"},"headline":"Le Conseil fran\u00e7ais du culte musulman appelle au \u00ab\u00a0calme\u00a0\u00bb avant la sortie du prochain Charlie Hebdo","datePublished":"2015-01-13T13:16:00+00:00","mainEntityOfPage":{"@id":"https:\/\/www.webdo.tn\/fr\/actualite\/international\/le-conseil-francais-du-culte-musulman-appelle-au-calme-avant-la-sortie-du-prochain-charlie-hebdo\/184241\/"},"wordCount":200,"commentCount":0,"publisher":{"@id":"https:\/\/www.webdo.tn\/fr\/#organization"},"image":{"@id":"https:\/\/www.webdo.tn\/fr\/actualite\/international\/le-conseil-francais-du-culte-musulman-appelle-au-calme-avant-la-sortie-du-prochain-charlie-hebdo\/184241\/#primaryimage"},"thumbnailUrl":"https:\/\/www.webdo.tn\/fr\/wp-content\/uploads\/2015\/01\/Dalil-Boubakeur-president-du-CFCM.jpg","keywords":["guerre"],"articleSection":["International"],"inLanguage":"fr-FR"},{"@type":"WebPage","@id":"https:\/\/www.webdo.tn\/fr\/actualite\/international\/le-conseil-francais-du-culte-musulman-appelle-au-calme-avant-la-sortie-du-prochain-charlie-hebdo\/184241\/","url":"https:\/\/www.webdo.tn\/fr\/actualite\/international\/le-conseil-francais-du-culte-musulman-appelle-au-calme-avant-la-sortie-du-prochain-charlie-hebdo\/184241\/","name":"Le Conseil fran\u00e7ais du culte musulman appelle au calme avant la sortie du prochain Charlie Hebdo","isPartOf":{"@id":"https:\/\/www.webdo.tn\/fr\/#website"},"primaryImageOfPage":{"@id":"https:\/\/www.webdo.tn\/fr\/actualite\/international\/le-conseil-francais-du-culte-musulman-appelle-au-calme-avant-la-sortie-du-prochain-charlie-hebdo\/184241\/#primaryimage"},"image":{"@id":"https:\/\/www.webdo.tn\/fr\/actualite\/international\/le-conseil-francais-du-culte-musulman-appelle-au-calme-avant-la-sortie-du-prochain-charlie-hebdo\/184241\/#primaryimage"},"thumbnailUrl":"https:\/\/www.webdo.tn\/fr\/wp-content\/uploads\/2015\/01\/Dalil-Boubakeur-president-du-CFCM.jpg","datePublished":"2015-01-13T13:16:00+00:00","description":"Le Conseil fran\u00e7ais du culte musulman appelle au calme avant la sortie du prochain Charlie Hebdo","breadcrumb":{"@id":"https:\/\/www.webdo.tn\/fr\/actualite\/international\/le-conseil-francais-du-culte-musulman-appelle-au-calme-avant-la-sortie-du-prochain-charlie-hebdo\/184241\/#breadcrumb"},"inLanguage":"fr-FR","potentialAction":[{"@type":"ReadAction","target":["https:\/\/www.webdo.tn\/fr\/actualite\/international\/le-conseil-francais-du-culte-musulman-appelle-au-calme-avant-la-sortie-du-prochain-charlie-hebdo\/184241\/"]}]},{"@type":"ImageObject","inLanguage":"fr-FR","@id":"https:\/\/www.webdo.tn\/fr\/actualite\/international\/le-conseil-francais-du-culte-musulman-appelle-au-calme-avant-la-sortie-du-prochain-charlie-hebdo\/184241\/#primaryimage","url":"https:\/\/www.webdo.tn\/fr\/wp-content\/uploads\/2015\/01\/Dalil-Boubakeur-president-du-CFCM.jpg","contentUrl":"https:\/\/www.webdo.tn\/fr\/wp-content\/uploads\/2015\/01\/Dalil-Boubakeur-president-du-CFCM.jpg","width":300,"height":200,"caption":"Le Conseil fran\u00e7ais du culte musulman appelle au \"calme\" avant la sortie du prochain Charlie Hebdo"},{"@type":"BreadcrumbList","@id":"https:\/\/www.webdo.tn\/fr\/actualite\/international\/le-conseil-francais-du-culte-musulman-appelle-au-calme-avant-la-sortie-du-prochain-charlie-hebdo\/184241\/#breadcrumb","itemListElement":[{"@type":"ListItem","position":1,"name":"Accueil","item":"https:\/\/www.webdo.tn\/fr\/"},{"@type":"ListItem","position":2,"name":"Le Conseil fran\u00e7ais du culte musulman appelle au \u00ab\u00a0calme\u00a0\u00bb avant la sortie du prochain Charlie Hebdo"}]},{"@type":"WebSite","@id":"https:\/\/www.webdo.tn\/fr\/#website","url":"https:\/\/www.webdo.tn\/fr\/","name":"webdo","description":"Tunisie - News en Tunisie et \u00e0 l&#039;international sur Webdo.tn","publisher":{"@id":"https:\/\/www.webdo.tn\/fr\/#organization"},"potentialAction":[{"@type":"SearchAction","target":{"@type":"EntryPoint","urlTemplate":"https:\/\/www.webdo.tn\/fr\/?s={search_term_string}"},"query-input":{"@type":"PropertyValueSpecification","valueRequired":true,"valueName":"search_term_string"}}],"inLanguage":"fr-FR"},{"@type":"Organization","@id":"https:\/\/www.webdo.tn\/fr\/#organization","name":"Webdo","alternateName":"Webdo.tn","url":"https:\/\/www.webdo.tn\/fr\/","logo":{"@type":"ImageObject","inLanguage":"fr-FR","@id":"https:\/\/www.webdo.tn\/fr\/#\/schema\/logo\/image\/","url":"https:\/\/www.webdo.tn\/fr\/wp-content\/uploads\/2025\/06\/Webdo-Tunisie_168377.jpg","contentUrl":"https:\/\/www.webdo.tn\/fr\/wp-content\/uploads\/2025\/06\/Webdo-Tunisie_168377.jpg","width":301,"height":301,"caption":"Webdo"},"image":{"@id":"https:\/\/www.webdo.tn\/fr\/#\/schema\/logo\/image\/"},"sameAs":["https:\/\/www.facebook.com\/webdotn","https:\/\/x.com\/webdo_tn"],"description":"Webdo est un m\u00e9dia num\u00e9rique tunisien fond\u00e9 en 2010, sp\u00e9cialis\u00e9 dans l\u2019actualit\u00e9 nationale et internationale, l\u2019\u00e9conomie, la soci\u00e9t\u00e9 et les analyses politiques. Le site s\u2019adresse \u00e0 un large public francophone et couvre l\u2019information tunisienne en temps r\u00e9el.","email":"redac@webdo.tn","legalName":"YNJ SARL","foundingDate":"2010-09-06","numberOfEmployees":{"@type":"QuantitativeValue","minValue":"11","maxValue":"50"}},{"@type":"Person","@id":"https:\/\/www.webdo.tn\/fr\/#\/schema\/person\/9a9c6118d687c117df8ef3cc36a4d175","name":"webdo.tn","image":{"@type":"ImageObject","inLanguage":"fr-FR","@id":"https:\/\/secure.gravatar.com\/avatar\/7ce1f28c0c3bbac99ff550b85ef8e44a6950c6ee24514fb6a5489e51d06f0298?s=96&d=mm&r=g","url":"https:\/\/secure.gravatar.com\/avatar\/7ce1f28c0c3bbac99ff550b85ef8e44a6950c6ee24514fb6a5489e51d06f0298?s=96&d=mm&r=g","contentUrl":"https:\/\/secure.gravatar.com\/avatar\/7ce1f28c0c3bbac99ff550b85ef8e44a6950c6ee24514fb6a5489e51d06f0298?s=96&d=mm&r=g","caption":"webdo.tn"},"url":"https:\/\/www.webdo.tn\/fr\/actualite\/author\/webdotn\/"}]}},"_links":{"self":[{"href":"https:\/\/www.webdo.tn\/fr\/wp-json\/wp\/v2\/posts\/184241","targetHints":{"allow":["GET"]}}],"collection":[{"href":"https:\/\/www.webdo.tn\/fr\/wp-json\/wp\/v2\/posts"}],"about":[{"href":"https:\/\/www.webdo.tn\/fr\/wp-json\/wp\/v2\/types\/post"}],"author":[{"embeddable":true,"href":"https:\/\/www.webdo.tn\/fr\/wp-json\/wp\/v2\/users\/3222"}],"replies":[{"embeddable":true,"href":"https:\/\/www.webdo.tn\/fr\/wp-json\/wp\/v2\/comments?post=184241"}],"version-history":[{"count":0,"href":"https:\/\/www.webdo.tn\/fr\/wp-json\/wp\/v2\/posts\/184241\/revisions"}],"wp:featuredmedia":[{"embeddable":true,"href":"https:\/\/www.webdo.tn\/fr\/wp-json\/wp\/v2\/media\/335433"}],"wp:attachment":[{"href":"https:\/\/www.webdo.tn\/fr\/wp-json\/wp\/v2\/media?parent=184241"}],"wp:term":[{"taxonomy":"category","embeddable":true,"href":"https:\/\/www.webdo.tn\/fr\/wp-json\/wp\/v2\/categories?post=184241"},{"taxonomy":"post_tag","embeddable":true,"href":"https:\/\/www.webdo.tn\/fr\/wp-json\/wp\/v2\/tags?post=184241"}],"curies":[{"name":"wp","href":"https:\/\/api.w.org\/{rel}","templated":true}]}}