{"id":184239,"date":"2015-01-13T18:03:00","date_gmt":"2015-01-13T18:03:00","guid":{"rendered":"https:\/\/www.webdo.tn\/fr\/blog\/la-justice-francaise-prononce-ses-premieres-condamnations-pour-apologie-publique-dactes-de-terrorisme\/184239\/"},"modified":"2015-01-13T18:03:00","modified_gmt":"2015-01-13T18:03:00","slug":"la-justice-francaise-prononce-ses-premieres-condamnations-pour-apologie-publique-dactes-de-terrorisme","status":"publish","type":"post","link":"https:\/\/www.webdo.tn\/fr\/actualite\/international\/la-justice-francaise-prononce-ses-premieres-condamnations-pour-apologie-publique-dactes-de-terrorisme\/184239\/","title":{"rendered":"La justice fran\u00e7aise a prononc\u00e9 ses premi\u00e8res condamnations pour \u00ab apologie publique d&rsquo;actes de terrorisme \u00bb"},"content":{"rendered":"<p>La justice fran\u00e7aise a prononc\u00e9 pour la premi\u00e8re fois des condamnations pour apologie du terrorisme. Le d\u00e9lit a \u00e9t\u00e9 r\u00e9cemment introduit dans le code p\u00e9nal fran\u00e7ais. Il s\u2019agit de la loi du 14 novembre 2014.<\/p>\n<p>\u00ab\u00a0Nous avons appliqu\u00e9 pour la premi\u00e8re fois la loi du 14 novembre 2014 renfor\u00e7ant les dispositions de lutte contre le terrorisme\u00a0\u00bb, a dit \u00e0 l&rsquo;AFP le procureur Patrice Michel.<\/p>\n<p>A Valenciennes, un homme de 34 ans a \u00e9t\u00e9 condamn\u00e9 \u00e0 4 ans de prison, ce lundi 12 janvier, pour avoir fait l\u2019apologie des fr\u00e8res Kouachi, les deux terroristes auteurs de l\u2019attaque contre le journal Charlie Hebdo.<\/p>\n<p>A Orl\u00e9ans, un jeune de 20 ans a \u00e9t\u00e9 condamn\u00e9, ce lundi 12 janvier, \u00e0 six mois de prison ferme pour avoir cri\u00e9 \u00ab vive la kalach \u00bb.<\/p>\n<p>A Toulouse, un jeune homme de 21 ans a \u00e9cop\u00e9 de 10 mois de prison ferme. Il a \u00e9t\u00e9 \u00e9crou\u00e9 apr\u00e8s avoir clam\u00e9, dans le tramway, sa solidarit\u00e9 avec les auteurs de l&rsquo;attaque Ch\u00e9rif et Said Kouachi.<\/p>\n<p>A Toulon, un homme de 27 ans a \u00e9t\u00e9 condamn\u00e9 \u00e0 un an de prison pour avoir publi\u00e9 sur son site Facebook des photos de djihadistes et des propos faisant l&rsquo;apologie des attaques sanglantes de Paris. Il reste libre, le procureur n&rsquo;ayant pas requis son emprisonnement imm\u00e9diat.<\/p>\n<p>A Strasbourg et \u00e0 Nice, les proc\u00e8s de deux hommes pour le m\u00eame d\u00e9lit d&rsquo;apologie d&rsquo;actes de terrorisme ont \u00e9t\u00e9 renvoy\u00e9s \u00e0 une date ult\u00e9rieure mais ils ont \u00e9t\u00e9 maintenus en d\u00e9tention.<\/p>\n<p>Le premier avait relay\u00e9 sur son compte Facebook la photographie d&rsquo;un fusil d&rsquo;assaut pos\u00e9 sur le sol, avec plusieurs munitions, et une phrase manuscrite: \u00ab\u00a0Bons baisers de Syrie, Bye bye Charlie\u00a0\u00bb. Le deuxi\u00e8me est accus\u00e9 d&rsquo;avoir cri\u00e9 \u00e0 deux reprises \u00e0 des policiers devant le commissariat d&rsquo;un quartier sensible \u00ab\u00a0100% Kouachi\u00a0\u00bb.<\/p>\n","protected":false},"excerpt":{"rendered":"<p>La justice fran\u00e7aise a prononc\u00e9 ses premi\u00e8res condamnations pour \u00ab apologie publique d&rsquo;actes de terrorisme \u00bb<\/p>\n","protected":false},"author":3222,"featured_media":335441,"comment_status":"open","ping_status":"closed","sticky":false,"template":"","format":"standard","meta":{"footnotes":""},"categories":[2598],"tags":[2600],"class_list":["post-184239","post","type-post","status-publish","format-standard","has-post-thumbnail","hentry","category-international","tag-guerre"],"yoast_head":"<!-- This site is optimized with the Yoast SEO Premium plugin v27.5 (Yoast SEO v27.5) - https:\/\/yoast.com\/product\/yoast-seo-premium-wordpress\/ -->\n<title>La justice fran\u00e7aise a prononc\u00e9 ses premi\u00e8res condamnations pour \u00ab apologie publique d&#039;actes de terrorisme \u00bb<\/title>\n<meta name=\"description\" content=\"La justice fran\u00e7aise a prononc\u00e9 ses premi\u00e8res condamnations pour \u00ab apologie publique d&#039;actes de terrorisme \u00bb\" \/>\n<link rel=\"canonical\" href=\"https:\/\/www.webdo.tn\/fr\/actualite\/international\/la-justice-francaise-prononce-ses-premieres-condamnations-pour-apologie-publique-dactes-de-terrorisme\/184239\/\" \/>\n<meta property=\"og:locale\" content=\"fr_FR\" \/>\n<meta property=\"og:type\" content=\"article\" \/>\n<meta property=\"og:title\" content=\"La justice fran\u00e7aise a prononc\u00e9 ses premi\u00e8res condamnations pour \u00ab apologie publique d&#039;actes de terrorisme \u00bb\" \/>\n<meta property=\"og:description\" content=\"La justice fran\u00e7aise a prononc\u00e9 ses premi\u00e8res condamnations pour \u00ab apologie publique d&#039;actes de terrorisme \u00bb\" \/>\n<meta property=\"og:url\" content=\"https:\/\/www.webdo.tn\/fr\/actualite\/international\/la-justice-francaise-prononce-ses-premieres-condamnations-pour-apologie-publique-dactes-de-terrorisme\/184239\/\" \/>\n<meta property=\"og:site_name\" content=\"webdo\" \/>\n<meta property=\"article:publisher\" content=\"https:\/\/www.facebook.com\/webdotn\" \/>\n<meta property=\"article:published_time\" content=\"2015-01-13T18:03:00+00:00\" \/>\n<meta property=\"og:image\" content=\"https:\/\/www.webdo.tn\/fr\/wp-content\/uploads\/2015\/01\/freres-kouachi-amedy-coulibaly.jpg\" \/>\n\t<meta property=\"og:image:width\" content=\"500\" \/>\n\t<meta property=\"og:image:height\" content=\"257\" \/>\n\t<meta property=\"og:image:type\" content=\"image\/jpeg\" \/>\n<meta name=\"author\" content=\"webdo.tn\" \/>\n<meta name=\"twitter:card\" content=\"summary_large_image\" \/>\n<meta name=\"twitter:creator\" content=\"@webdo_tn\" \/>\n<meta name=\"twitter:site\" content=\"@webdo_tn\" \/>\n<meta name=\"twitter:label1\" content=\"\u00c9crit par\" \/>\n\t<meta name=\"twitter:data1\" content=\"webdo.tn\" \/>\n\t<meta name=\"twitter:label2\" content=\"Dur\u00e9e de lecture estim\u00e9e\" \/>\n\t<meta name=\"twitter:data2\" content=\"1 minute\" \/>\n<script type=\"application\/ld+json\" class=\"yoast-schema-graph\">{\"@context\":\"https:\\\/\\\/schema.org\",\"@graph\":[{\"@type\":\"NewsArticle\",\"@id\":\"https:\\\/\\\/www.webdo.tn\\\/fr\\\/actualite\\\/international\\\/la-justice-francaise-prononce-ses-premieres-condamnations-pour-apologie-publique-dactes-de-terrorisme\\\/184239\\\/#article\",\"isPartOf\":{\"@id\":\"https:\\\/\\\/www.webdo.tn\\\/fr\\\/actualite\\\/international\\\/la-justice-francaise-prononce-ses-premieres-condamnations-pour-apologie-publique-dactes-de-terrorisme\\\/184239\\\/\"},\"author\":{\"name\":\"webdo.tn\",\"@id\":\"https:\\\/\\\/www.webdo.tn\\\/fr\\\/#\\\/schema\\\/person\\\/9a9c6118d687c117df8ef3cc36a4d175\"},\"headline\":\"La justice fran\u00e7aise a prononc\u00e9 ses premi\u00e8res condamnations pour \u00ab apologie publique d&rsquo;actes de terrorisme \u00bb\",\"datePublished\":\"2015-01-13T18:03:00+00:00\",\"mainEntityOfPage\":{\"@id\":\"https:\\\/\\\/www.webdo.tn\\\/fr\\\/actualite\\\/international\\\/la-justice-francaise-prononce-ses-premieres-condamnations-pour-apologie-publique-dactes-de-terrorisme\\\/184239\\\/\"},\"wordCount\":323,\"commentCount\":0,\"publisher\":{\"@id\":\"https:\\\/\\\/www.webdo.tn\\\/fr\\\/#organization\"},\"image\":{\"@id\":\"https:\\\/\\\/www.webdo.tn\\\/fr\\\/actualite\\\/international\\\/la-justice-francaise-prononce-ses-premieres-condamnations-pour-apologie-publique-dactes-de-terrorisme\\\/184239\\\/#primaryimage\"},\"thumbnailUrl\":\"https:\\\/\\\/www.webdo.tn\\\/fr\\\/wp-content\\\/uploads\\\/2015\\\/01\\\/freres-kouachi-amedy-coulibaly.jpg\",\"keywords\":[\"guerre\"],\"articleSection\":[\"International\"],\"inLanguage\":\"fr-FR\"},{\"@type\":\"WebPage\",\"@id\":\"https:\\\/\\\/www.webdo.tn\\\/fr\\\/actualite\\\/international\\\/la-justice-francaise-prononce-ses-premieres-condamnations-pour-apologie-publique-dactes-de-terrorisme\\\/184239\\\/\",\"url\":\"https:\\\/\\\/www.webdo.tn\\\/fr\\\/actualite\\\/international\\\/la-justice-francaise-prononce-ses-premieres-condamnations-pour-apologie-publique-dactes-de-terrorisme\\\/184239\\\/\",\"name\":\"La justice fran\u00e7aise a prononc\u00e9 ses premi\u00e8res condamnations pour \u00ab apologie publique d'actes de terrorisme \u00bb\",\"isPartOf\":{\"@id\":\"https:\\\/\\\/www.webdo.tn\\\/fr\\\/#website\"},\"primaryImageOfPage\":{\"@id\":\"https:\\\/\\\/www.webdo.tn\\\/fr\\\/actualite\\\/international\\\/la-justice-francaise-prononce-ses-premieres-condamnations-pour-apologie-publique-dactes-de-terrorisme\\\/184239\\\/#primaryimage\"},\"image\":{\"@id\":\"https:\\\/\\\/www.webdo.tn\\\/fr\\\/actualite\\\/international\\\/la-justice-francaise-prononce-ses-premieres-condamnations-pour-apologie-publique-dactes-de-terrorisme\\\/184239\\\/#primaryimage\"},\"thumbnailUrl\":\"https:\\\/\\\/www.webdo.tn\\\/fr\\\/wp-content\\\/uploads\\\/2015\\\/01\\\/freres-kouachi-amedy-coulibaly.jpg\",\"datePublished\":\"2015-01-13T18:03:00+00:00\",\"description\":\"La justice fran\u00e7aise a prononc\u00e9 ses premi\u00e8res condamnations pour \u00ab apologie publique d'actes de terrorisme \u00bb\",\"breadcrumb\":{\"@id\":\"https:\\\/\\\/www.webdo.tn\\\/fr\\\/actualite\\\/international\\\/la-justice-francaise-prononce-ses-premieres-condamnations-pour-apologie-publique-dactes-de-terrorisme\\\/184239\\\/#breadcrumb\"},\"inLanguage\":\"fr-FR\",\"potentialAction\":[{\"@type\":\"ReadAction\",\"target\":[\"https:\\\/\\\/www.webdo.tn\\\/fr\\\/actualite\\\/international\\\/la-justice-francaise-prononce-ses-premieres-condamnations-pour-apologie-publique-dactes-de-terrorisme\\\/184239\\\/\"]}]},{\"@type\":\"ImageObject\",\"inLanguage\":\"fr-FR\",\"@id\":\"https:\\\/\\\/www.webdo.tn\\\/fr\\\/actualite\\\/international\\\/la-justice-francaise-prononce-ses-premieres-condamnations-pour-apologie-publique-dactes-de-terrorisme\\\/184239\\\/#primaryimage\",\"url\":\"https:\\\/\\\/www.webdo.tn\\\/fr\\\/wp-content\\\/uploads\\\/2015\\\/01\\\/freres-kouachi-amedy-coulibaly.jpg\",\"contentUrl\":\"https:\\\/\\\/www.webdo.tn\\\/fr\\\/wp-content\\\/uploads\\\/2015\\\/01\\\/freres-kouachi-amedy-coulibaly.jpg\",\"width\":500,\"height\":257,\"caption\":\"La justice fran\u00e7aise a prononc\u00e9 ses premi\u00e8res condamnations pour \u00ab apologie publique d'actes de terrorisme \u00bb\"},{\"@type\":\"BreadcrumbList\",\"@id\":\"https:\\\/\\\/www.webdo.tn\\\/fr\\\/actualite\\\/international\\\/la-justice-francaise-prononce-ses-premieres-condamnations-pour-apologie-publique-dactes-de-terrorisme\\\/184239\\\/#breadcrumb\",\"itemListElement\":[{\"@type\":\"ListItem\",\"position\":1,\"name\":\"Accueil\",\"item\":\"https:\\\/\\\/www.webdo.tn\\\/fr\\\/\"},{\"@type\":\"ListItem\",\"position\":2,\"name\":\"La justice fran\u00e7aise a prononc\u00e9 ses premi\u00e8res condamnations pour \u00ab apologie publique d&rsquo;actes de terrorisme \u00bb\"}]},{\"@type\":\"WebSite\",\"@id\":\"https:\\\/\\\/www.webdo.tn\\\/fr\\\/#website\",\"url\":\"https:\\\/\\\/www.webdo.tn\\\/fr\\\/\",\"name\":\"webdo\",\"description\":\"Tunisie - News en Tunisie et \u00e0 l&#039;international sur Webdo.tn\",\"publisher\":{\"@id\":\"https:\\\/\\\/www.webdo.tn\\\/fr\\\/#organization\"},\"potentialAction\":[{\"@type\":\"SearchAction\",\"target\":{\"@type\":\"EntryPoint\",\"urlTemplate\":\"https:\\\/\\\/www.webdo.tn\\\/fr\\\/?s={search_term_string}\"},\"query-input\":{\"@type\":\"PropertyValueSpecification\",\"valueRequired\":true,\"valueName\":\"search_term_string\"}}],\"inLanguage\":\"fr-FR\"},{\"@type\":\"Organization\",\"@id\":\"https:\\\/\\\/www.webdo.tn\\\/fr\\\/#organization\",\"name\":\"Webdo\",\"alternateName\":\"Webdo.tn\",\"url\":\"https:\\\/\\\/www.webdo.tn\\\/fr\\\/\",\"logo\":{\"@type\":\"ImageObject\",\"inLanguage\":\"fr-FR\",\"@id\":\"https:\\\/\\\/www.webdo.tn\\\/fr\\\/#\\\/schema\\\/logo\\\/image\\\/\",\"url\":\"https:\\\/\\\/www.webdo.tn\\\/fr\\\/wp-content\\\/uploads\\\/2025\\\/06\\\/Webdo-Tunisie_168377.jpg\",\"contentUrl\":\"https:\\\/\\\/www.webdo.tn\\\/fr\\\/wp-content\\\/uploads\\\/2025\\\/06\\\/Webdo-Tunisie_168377.jpg\",\"width\":301,\"height\":301,\"caption\":\"Webdo\"},\"image\":{\"@id\":\"https:\\\/\\\/www.webdo.tn\\\/fr\\\/#\\\/schema\\\/logo\\\/image\\\/\"},\"sameAs\":[\"https:\\\/\\\/www.facebook.com\\\/webdotn\",\"https:\\\/\\\/x.com\\\/webdo_tn\"],\"description\":\"Webdo est un m\u00e9dia num\u00e9rique tunisien fond\u00e9 en 2010, sp\u00e9cialis\u00e9 dans l\u2019actualit\u00e9 nationale et internationale, l\u2019\u00e9conomie, la soci\u00e9t\u00e9 et les analyses politiques. Le site s\u2019adresse \u00e0 un large public francophone et couvre l\u2019information tunisienne en temps r\u00e9el.\",\"email\":\"redac@webdo.tn\",\"legalName\":\"YNJ SARL\",\"foundingDate\":\"2010-09-06\",\"numberOfEmployees\":{\"@type\":\"QuantitativeValue\",\"minValue\":\"11\",\"maxValue\":\"50\"}},{\"@type\":\"Person\",\"@id\":\"https:\\\/\\\/www.webdo.tn\\\/fr\\\/#\\\/schema\\\/person\\\/9a9c6118d687c117df8ef3cc36a4d175\",\"name\":\"webdo.tn\",\"image\":{\"@type\":\"ImageObject\",\"inLanguage\":\"fr-FR\",\"@id\":\"https:\\\/\\\/secure.gravatar.com\\\/avatar\\\/7ce1f28c0c3bbac99ff550b85ef8e44a6950c6ee24514fb6a5489e51d06f0298?s=96&d=mm&r=g\",\"url\":\"https:\\\/\\\/secure.gravatar.com\\\/avatar\\\/7ce1f28c0c3bbac99ff550b85ef8e44a6950c6ee24514fb6a5489e51d06f0298?s=96&d=mm&r=g\",\"contentUrl\":\"https:\\\/\\\/secure.gravatar.com\\\/avatar\\\/7ce1f28c0c3bbac99ff550b85ef8e44a6950c6ee24514fb6a5489e51d06f0298?s=96&d=mm&r=g\",\"caption\":\"webdo.tn\"},\"url\":\"https:\\\/\\\/www.webdo.tn\\\/fr\\\/actualite\\\/author\\\/webdotn\\\/\"}]}<\/script>\n<!-- \/ Yoast SEO Premium plugin. -->","yoast_head_json":{"title":"La justice fran\u00e7aise a prononc\u00e9 ses premi\u00e8res condamnations pour \u00ab apologie publique d'actes de terrorisme \u00bb","description":"La justice fran\u00e7aise a prononc\u00e9 ses premi\u00e8res condamnations pour \u00ab apologie publique d'actes de terrorisme \u00bb","canonical":"https:\/\/www.webdo.tn\/fr\/actualite\/international\/la-justice-francaise-prononce-ses-premieres-condamnations-pour-apologie-publique-dactes-de-terrorisme\/184239\/","og_locale":"fr_FR","og_type":"article","og_title":"La justice fran\u00e7aise a prononc\u00e9 ses premi\u00e8res condamnations pour \u00ab apologie publique d'actes de terrorisme \u00bb","og_description":"La justice fran\u00e7aise a prononc\u00e9 ses premi\u00e8res condamnations pour \u00ab apologie publique d'actes de terrorisme \u00bb","og_url":"https:\/\/www.webdo.tn\/fr\/actualite\/international\/la-justice-francaise-prononce-ses-premieres-condamnations-pour-apologie-publique-dactes-de-terrorisme\/184239\/","og_site_name":"webdo","article_publisher":"https:\/\/www.facebook.com\/webdotn","article_published_time":"2015-01-13T18:03:00+00:00","og_image":[{"width":500,"height":257,"url":"https:\/\/www.webdo.tn\/fr\/wp-content\/uploads\/2015\/01\/freres-kouachi-amedy-coulibaly.jpg","type":"image\/jpeg"}],"author":"webdo.tn","twitter_card":"summary_large_image","twitter_creator":"@webdo_tn","twitter_site":"@webdo_tn","twitter_misc":{"\u00c9crit par":"webdo.tn","Dur\u00e9e de lecture estim\u00e9e":"1 minute"},"schema":{"@context":"https:\/\/schema.org","@graph":[{"@type":"NewsArticle","@id":"https:\/\/www.webdo.tn\/fr\/actualite\/international\/la-justice-francaise-prononce-ses-premieres-condamnations-pour-apologie-publique-dactes-de-terrorisme\/184239\/#article","isPartOf":{"@id":"https:\/\/www.webdo.tn\/fr\/actualite\/international\/la-justice-francaise-prononce-ses-premieres-condamnations-pour-apologie-publique-dactes-de-terrorisme\/184239\/"},"author":{"name":"webdo.tn","@id":"https:\/\/www.webdo.tn\/fr\/#\/schema\/person\/9a9c6118d687c117df8ef3cc36a4d175"},"headline":"La justice fran\u00e7aise a prononc\u00e9 ses premi\u00e8res condamnations pour \u00ab apologie publique d&rsquo;actes de terrorisme \u00bb","datePublished":"2015-01-13T18:03:00+00:00","mainEntityOfPage":{"@id":"https:\/\/www.webdo.tn\/fr\/actualite\/international\/la-justice-francaise-prononce-ses-premieres-condamnations-pour-apologie-publique-dactes-de-terrorisme\/184239\/"},"wordCount":323,"commentCount":0,"publisher":{"@id":"https:\/\/www.webdo.tn\/fr\/#organization"},"image":{"@id":"https:\/\/www.webdo.tn\/fr\/actualite\/international\/la-justice-francaise-prononce-ses-premieres-condamnations-pour-apologie-publique-dactes-de-terrorisme\/184239\/#primaryimage"},"thumbnailUrl":"https:\/\/www.webdo.tn\/fr\/wp-content\/uploads\/2015\/01\/freres-kouachi-amedy-coulibaly.jpg","keywords":["guerre"],"articleSection":["International"],"inLanguage":"fr-FR"},{"@type":"WebPage","@id":"https:\/\/www.webdo.tn\/fr\/actualite\/international\/la-justice-francaise-prononce-ses-premieres-condamnations-pour-apologie-publique-dactes-de-terrorisme\/184239\/","url":"https:\/\/www.webdo.tn\/fr\/actualite\/international\/la-justice-francaise-prononce-ses-premieres-condamnations-pour-apologie-publique-dactes-de-terrorisme\/184239\/","name":"La justice fran\u00e7aise a prononc\u00e9 ses premi\u00e8res condamnations pour \u00ab apologie publique d'actes de terrorisme \u00bb","isPartOf":{"@id":"https:\/\/www.webdo.tn\/fr\/#website"},"primaryImageOfPage":{"@id":"https:\/\/www.webdo.tn\/fr\/actualite\/international\/la-justice-francaise-prononce-ses-premieres-condamnations-pour-apologie-publique-dactes-de-terrorisme\/184239\/#primaryimage"},"image":{"@id":"https:\/\/www.webdo.tn\/fr\/actualite\/international\/la-justice-francaise-prononce-ses-premieres-condamnations-pour-apologie-publique-dactes-de-terrorisme\/184239\/#primaryimage"},"thumbnailUrl":"https:\/\/www.webdo.tn\/fr\/wp-content\/uploads\/2015\/01\/freres-kouachi-amedy-coulibaly.jpg","datePublished":"2015-01-13T18:03:00+00:00","description":"La justice fran\u00e7aise a prononc\u00e9 ses premi\u00e8res condamnations pour \u00ab apologie publique d'actes de terrorisme \u00bb","breadcrumb":{"@id":"https:\/\/www.webdo.tn\/fr\/actualite\/international\/la-justice-francaise-prononce-ses-premieres-condamnations-pour-apologie-publique-dactes-de-terrorisme\/184239\/#breadcrumb"},"inLanguage":"fr-FR","potentialAction":[{"@type":"ReadAction","target":["https:\/\/www.webdo.tn\/fr\/actualite\/international\/la-justice-francaise-prononce-ses-premieres-condamnations-pour-apologie-publique-dactes-de-terrorisme\/184239\/"]}]},{"@type":"ImageObject","inLanguage":"fr-FR","@id":"https:\/\/www.webdo.tn\/fr\/actualite\/international\/la-justice-francaise-prononce-ses-premieres-condamnations-pour-apologie-publique-dactes-de-terrorisme\/184239\/#primaryimage","url":"https:\/\/www.webdo.tn\/fr\/wp-content\/uploads\/2015\/01\/freres-kouachi-amedy-coulibaly.jpg","contentUrl":"https:\/\/www.webdo.tn\/fr\/wp-content\/uploads\/2015\/01\/freres-kouachi-amedy-coulibaly.jpg","width":500,"height":257,"caption":"La justice fran\u00e7aise a prononc\u00e9 ses premi\u00e8res condamnations pour \u00ab apologie publique d'actes de terrorisme \u00bb"},{"@type":"BreadcrumbList","@id":"https:\/\/www.webdo.tn\/fr\/actualite\/international\/la-justice-francaise-prononce-ses-premieres-condamnations-pour-apologie-publique-dactes-de-terrorisme\/184239\/#breadcrumb","itemListElement":[{"@type":"ListItem","position":1,"name":"Accueil","item":"https:\/\/www.webdo.tn\/fr\/"},{"@type":"ListItem","position":2,"name":"La justice fran\u00e7aise a prononc\u00e9 ses premi\u00e8res condamnations pour \u00ab apologie publique d&rsquo;actes de terrorisme \u00bb"}]},{"@type":"WebSite","@id":"https:\/\/www.webdo.tn\/fr\/#website","url":"https:\/\/www.webdo.tn\/fr\/","name":"webdo","description":"Tunisie - News en Tunisie et \u00e0 l&#039;international sur Webdo.tn","publisher":{"@id":"https:\/\/www.webdo.tn\/fr\/#organization"},"potentialAction":[{"@type":"SearchAction","target":{"@type":"EntryPoint","urlTemplate":"https:\/\/www.webdo.tn\/fr\/?s={search_term_string}"},"query-input":{"@type":"PropertyValueSpecification","valueRequired":true,"valueName":"search_term_string"}}],"inLanguage":"fr-FR"},{"@type":"Organization","@id":"https:\/\/www.webdo.tn\/fr\/#organization","name":"Webdo","alternateName":"Webdo.tn","url":"https:\/\/www.webdo.tn\/fr\/","logo":{"@type":"ImageObject","inLanguage":"fr-FR","@id":"https:\/\/www.webdo.tn\/fr\/#\/schema\/logo\/image\/","url":"https:\/\/www.webdo.tn\/fr\/wp-content\/uploads\/2025\/06\/Webdo-Tunisie_168377.jpg","contentUrl":"https:\/\/www.webdo.tn\/fr\/wp-content\/uploads\/2025\/06\/Webdo-Tunisie_168377.jpg","width":301,"height":301,"caption":"Webdo"},"image":{"@id":"https:\/\/www.webdo.tn\/fr\/#\/schema\/logo\/image\/"},"sameAs":["https:\/\/www.facebook.com\/webdotn","https:\/\/x.com\/webdo_tn"],"description":"Webdo est un m\u00e9dia num\u00e9rique tunisien fond\u00e9 en 2010, sp\u00e9cialis\u00e9 dans l\u2019actualit\u00e9 nationale et internationale, l\u2019\u00e9conomie, la soci\u00e9t\u00e9 et les analyses politiques. Le site s\u2019adresse \u00e0 un large public francophone et couvre l\u2019information tunisienne en temps r\u00e9el.","email":"redac@webdo.tn","legalName":"YNJ SARL","foundingDate":"2010-09-06","numberOfEmployees":{"@type":"QuantitativeValue","minValue":"11","maxValue":"50"}},{"@type":"Person","@id":"https:\/\/www.webdo.tn\/fr\/#\/schema\/person\/9a9c6118d687c117df8ef3cc36a4d175","name":"webdo.tn","image":{"@type":"ImageObject","inLanguage":"fr-FR","@id":"https:\/\/secure.gravatar.com\/avatar\/7ce1f28c0c3bbac99ff550b85ef8e44a6950c6ee24514fb6a5489e51d06f0298?s=96&d=mm&r=g","url":"https:\/\/secure.gravatar.com\/avatar\/7ce1f28c0c3bbac99ff550b85ef8e44a6950c6ee24514fb6a5489e51d06f0298?s=96&d=mm&r=g","contentUrl":"https:\/\/secure.gravatar.com\/avatar\/7ce1f28c0c3bbac99ff550b85ef8e44a6950c6ee24514fb6a5489e51d06f0298?s=96&d=mm&r=g","caption":"webdo.tn"},"url":"https:\/\/www.webdo.tn\/fr\/actualite\/author\/webdotn\/"}]}},"_links":{"self":[{"href":"https:\/\/www.webdo.tn\/fr\/wp-json\/wp\/v2\/posts\/184239","targetHints":{"allow":["GET"]}}],"collection":[{"href":"https:\/\/www.webdo.tn\/fr\/wp-json\/wp\/v2\/posts"}],"about":[{"href":"https:\/\/www.webdo.tn\/fr\/wp-json\/wp\/v2\/types\/post"}],"author":[{"embeddable":true,"href":"https:\/\/www.webdo.tn\/fr\/wp-json\/wp\/v2\/users\/3222"}],"replies":[{"embeddable":true,"href":"https:\/\/www.webdo.tn\/fr\/wp-json\/wp\/v2\/comments?post=184239"}],"version-history":[{"count":0,"href":"https:\/\/www.webdo.tn\/fr\/wp-json\/wp\/v2\/posts\/184239\/revisions"}],"wp:featuredmedia":[{"embeddable":true,"href":"https:\/\/www.webdo.tn\/fr\/wp-json\/wp\/v2\/media\/335441"}],"wp:attachment":[{"href":"https:\/\/www.webdo.tn\/fr\/wp-json\/wp\/v2\/media?parent=184239"}],"wp:term":[{"taxonomy":"category","embeddable":true,"href":"https:\/\/www.webdo.tn\/fr\/wp-json\/wp\/v2\/categories?post=184239"},{"taxonomy":"post_tag","embeddable":true,"href":"https:\/\/www.webdo.tn\/fr\/wp-json\/wp\/v2\/tags?post=184239"}],"curies":[{"name":"wp","href":"https:\/\/api.w.org\/{rel}","templated":true}]}}