{"id":184237,"date":"2015-01-15T10:51:00","date_gmt":"2015-01-15T10:51:00","guid":{"rendered":"https:\/\/www.webdo.tn\/fr\/blog\/france-une-salle-de-priere-musulmane-profanee-pres-dajaccio\/184237\/"},"modified":"2015-01-15T10:51:00","modified_gmt":"2015-01-15T10:51:00","slug":"france-une-salle-de-priere-musulmane-profanee-pres-dajaccio","status":"publish","type":"post","link":"https:\/\/www.webdo.tn\/fr\/actualite\/international\/france-une-salle-de-priere-musulmane-profanee-pres-dajaccio\/184237\/","title":{"rendered":"France : Une salle de pri\u00e8re musulmane profan\u00e9e pr\u00e8s d&rsquo;Ajaccio"},"content":{"rendered":"<p>Une salle de pri\u00e8re musulmane du village de Sarrola-Carcopino (Corse-du-Sud), pr\u00e8s d&rsquo;Ajaccio, a \u00e9t\u00e9 d\u00e9grad\u00e9e dans la nuit de mercredi \u00e0 jeudi 15 janvier, a indiqu\u00e9 la mairie \u00e0 l\u2019AFP. Une inscription \u00ab\u00a0IAF\u00a0\u00bb (pour \u00ab\u00a0I Arabi Fora\u00a0\u00bb, \u00ab\u00a0Les Arabes dehors\u00a0\u00bb) a notamment \u00e9t\u00e9 trac\u00e9e \u00e0 la peinture sur un mur de cette salle de pri\u00e8re.<\/p>\n<p>Il s\u2019agit l\u00e0 d\u2019une nouvelle attaque contre un lieu de culte musulman en Corse, o\u00f9 les actions islamophobes depuis l\u2019attaque contre le journal Charlie Hebdo, le 7 janvier, se sont multipli\u00e9es.<\/p>\n<p>Une carcasse de sanglier avait \u00e9t\u00e9 d\u00e9couverte, le 10 janvier dernier devant une salle de pri\u00e8re du village de Ghisonaccia (Haute-Corse) et une balle de calibre 22 long rifle avait \u00e9t\u00e9 trouv\u00e9e devant une boucherie arabe de la m\u00eame ville.<\/p>\n<p>Une inscription \u00ab\u00a0Arabi fora\u00a0\u00bb et une croix gamm\u00e9e avaient \u00e9t\u00e9 peintes le m\u00eame jour sur un mur du Conseil du culte musulman en Corse, qui g\u00e8re les 18 mosqu\u00e9es et salles de pri\u00e8re de Corse, pr\u00e8s d&rsquo;Ajaccio.Une t\u00eate de sanglier et des visc\u00e8res avaient \u00e9t\u00e9 accroch\u00e9s dans la nuit de jeudi \u00e0 vendredi derniers \u00e0 la porte d&rsquo;une salle de pri\u00e8re de Corse (Haute-Corse).<\/p>\n<p>Selon le Conseil fran\u00e7ais du culte musulman (CFCM), plus d\u2019une cinquantaine d\u2019actes antimusulmans ont \u00e9t\u00e9 recens\u00e9s en France depuis l\u2019attaque contre le journal Charlie Hebdo.<\/p>\n","protected":false},"excerpt":{"rendered":"<p>France : Une salle de pri\u00e8re musulmane profan\u00e9e pr\u00e8s d&rsquo;Ajaccio<\/p>\n","protected":false},"author":3222,"featured_media":335444,"comment_status":"open","ping_status":"closed","sticky":false,"template":"","format":"standard","meta":{"footnotes":""},"categories":[2598],"tags":[2600],"class_list":["post-184237","post","type-post","status-publish","format-standard","has-post-thumbnail","hentry","category-international","tag-guerre"],"yoast_head":"<!-- This site is optimized with the Yoast SEO Premium plugin v27.5 (Yoast SEO v27.5) - https:\/\/yoast.com\/product\/yoast-seo-premium-wordpress\/ -->\n<title>France : Une salle de pri\u00e8re musulmane profan\u00e9e pr\u00e8s d&#039;Ajaccio<\/title>\n<meta name=\"description\" content=\"France : Une salle de pri\u00e8re musulmane profan\u00e9e pr\u00e8s d&#039;Ajaccio\" \/>\n<link rel=\"canonical\" href=\"https:\/\/www.webdo.tn\/fr\/actualite\/international\/france-une-salle-de-priere-musulmane-profanee-pres-dajaccio\/184237\/\" \/>\n<meta property=\"og:locale\" content=\"fr_FR\" \/>\n<meta property=\"og:type\" content=\"article\" \/>\n<meta property=\"og:title\" content=\"France : Une salle de pri\u00e8re musulmane profan\u00e9e pr\u00e8s d&#039;Ajaccio\" \/>\n<meta property=\"og:description\" content=\"France : Une salle de pri\u00e8re musulmane profan\u00e9e pr\u00e8s d&#039;Ajaccio\" \/>\n<meta property=\"og:url\" content=\"https:\/\/www.webdo.tn\/fr\/actualite\/international\/france-une-salle-de-priere-musulmane-profanee-pres-dajaccio\/184237\/\" \/>\n<meta property=\"og:site_name\" content=\"webdo\" \/>\n<meta property=\"article:publisher\" content=\"https:\/\/www.facebook.com\/webdotn\" \/>\n<meta property=\"article:published_time\" content=\"2015-01-15T10:51:00+00:00\" \/>\n<meta property=\"og:image\" content=\"https:\/\/www.webdo.tn\/fr\/wp-content\/uploads\/2015\/01\/IAF.jpg\" \/>\n\t<meta property=\"og:image:width\" content=\"339\" \/>\n\t<meta property=\"og:image:height\" content=\"253\" \/>\n\t<meta property=\"og:image:type\" content=\"image\/jpeg\" \/>\n<meta name=\"author\" content=\"webdo.tn\" \/>\n<meta name=\"twitter:card\" content=\"summary_large_image\" \/>\n<meta name=\"twitter:creator\" content=\"@webdo_tn\" \/>\n<meta name=\"twitter:site\" content=\"@webdo_tn\" \/>\n<meta name=\"twitter:label1\" content=\"\u00c9crit par\" \/>\n\t<meta name=\"twitter:data1\" content=\"webdo.tn\" \/>\n\t<meta name=\"twitter:label2\" content=\"Dur\u00e9e de lecture estim\u00e9e\" \/>\n\t<meta name=\"twitter:data2\" content=\"1 minute\" \/>\n<script type=\"application\/ld+json\" class=\"yoast-schema-graph\">{\"@context\":\"https:\\\/\\\/schema.org\",\"@graph\":[{\"@type\":\"NewsArticle\",\"@id\":\"https:\\\/\\\/www.webdo.tn\\\/fr\\\/actualite\\\/international\\\/france-une-salle-de-priere-musulmane-profanee-pres-dajaccio\\\/184237\\\/#article\",\"isPartOf\":{\"@id\":\"https:\\\/\\\/www.webdo.tn\\\/fr\\\/actualite\\\/international\\\/france-une-salle-de-priere-musulmane-profanee-pres-dajaccio\\\/184237\\\/\"},\"author\":{\"name\":\"webdo.tn\",\"@id\":\"https:\\\/\\\/www.webdo.tn\\\/fr\\\/#\\\/schema\\\/person\\\/9a9c6118d687c117df8ef3cc36a4d175\"},\"headline\":\"France : Une salle de pri\u00e8re musulmane profan\u00e9e pr\u00e8s d&rsquo;Ajaccio\",\"datePublished\":\"2015-01-15T10:51:00+00:00\",\"mainEntityOfPage\":{\"@id\":\"https:\\\/\\\/www.webdo.tn\\\/fr\\\/actualite\\\/international\\\/france-une-salle-de-priere-musulmane-profanee-pres-dajaccio\\\/184237\\\/\"},\"wordCount\":252,\"commentCount\":0,\"publisher\":{\"@id\":\"https:\\\/\\\/www.webdo.tn\\\/fr\\\/#organization\"},\"image\":{\"@id\":\"https:\\\/\\\/www.webdo.tn\\\/fr\\\/actualite\\\/international\\\/france-une-salle-de-priere-musulmane-profanee-pres-dajaccio\\\/184237\\\/#primaryimage\"},\"thumbnailUrl\":\"https:\\\/\\\/www.webdo.tn\\\/fr\\\/wp-content\\\/uploads\\\/2015\\\/01\\\/IAF.jpg\",\"keywords\":[\"guerre\"],\"articleSection\":[\"International\"],\"inLanguage\":\"fr-FR\"},{\"@type\":\"WebPage\",\"@id\":\"https:\\\/\\\/www.webdo.tn\\\/fr\\\/actualite\\\/international\\\/france-une-salle-de-priere-musulmane-profanee-pres-dajaccio\\\/184237\\\/\",\"url\":\"https:\\\/\\\/www.webdo.tn\\\/fr\\\/actualite\\\/international\\\/france-une-salle-de-priere-musulmane-profanee-pres-dajaccio\\\/184237\\\/\",\"name\":\"France : Une salle de pri\u00e8re musulmane profan\u00e9e pr\u00e8s d'Ajaccio\",\"isPartOf\":{\"@id\":\"https:\\\/\\\/www.webdo.tn\\\/fr\\\/#website\"},\"primaryImageOfPage\":{\"@id\":\"https:\\\/\\\/www.webdo.tn\\\/fr\\\/actualite\\\/international\\\/france-une-salle-de-priere-musulmane-profanee-pres-dajaccio\\\/184237\\\/#primaryimage\"},\"image\":{\"@id\":\"https:\\\/\\\/www.webdo.tn\\\/fr\\\/actualite\\\/international\\\/france-une-salle-de-priere-musulmane-profanee-pres-dajaccio\\\/184237\\\/#primaryimage\"},\"thumbnailUrl\":\"https:\\\/\\\/www.webdo.tn\\\/fr\\\/wp-content\\\/uploads\\\/2015\\\/01\\\/IAF.jpg\",\"datePublished\":\"2015-01-15T10:51:00+00:00\",\"description\":\"France : Une salle de pri\u00e8re musulmane profan\u00e9e pr\u00e8s d'Ajaccio\",\"breadcrumb\":{\"@id\":\"https:\\\/\\\/www.webdo.tn\\\/fr\\\/actualite\\\/international\\\/france-une-salle-de-priere-musulmane-profanee-pres-dajaccio\\\/184237\\\/#breadcrumb\"},\"inLanguage\":\"fr-FR\",\"potentialAction\":[{\"@type\":\"ReadAction\",\"target\":[\"https:\\\/\\\/www.webdo.tn\\\/fr\\\/actualite\\\/international\\\/france-une-salle-de-priere-musulmane-profanee-pres-dajaccio\\\/184237\\\/\"]}]},{\"@type\":\"ImageObject\",\"inLanguage\":\"fr-FR\",\"@id\":\"https:\\\/\\\/www.webdo.tn\\\/fr\\\/actualite\\\/international\\\/france-une-salle-de-priere-musulmane-profanee-pres-dajaccio\\\/184237\\\/#primaryimage\",\"url\":\"https:\\\/\\\/www.webdo.tn\\\/fr\\\/wp-content\\\/uploads\\\/2015\\\/01\\\/IAF.jpg\",\"contentUrl\":\"https:\\\/\\\/www.webdo.tn\\\/fr\\\/wp-content\\\/uploads\\\/2015\\\/01\\\/IAF.jpg\",\"width\":339,\"height\":253,\"caption\":\"France : Une salle de pri\u00e8re musulmane profan\u00e9e pr\u00e8s d'Ajaccio\"},{\"@type\":\"BreadcrumbList\",\"@id\":\"https:\\\/\\\/www.webdo.tn\\\/fr\\\/actualite\\\/international\\\/france-une-salle-de-priere-musulmane-profanee-pres-dajaccio\\\/184237\\\/#breadcrumb\",\"itemListElement\":[{\"@type\":\"ListItem\",\"position\":1,\"name\":\"Accueil\",\"item\":\"https:\\\/\\\/www.webdo.tn\\\/fr\\\/\"},{\"@type\":\"ListItem\",\"position\":2,\"name\":\"France : Une salle de pri\u00e8re musulmane profan\u00e9e pr\u00e8s d&rsquo;Ajaccio\"}]},{\"@type\":\"WebSite\",\"@id\":\"https:\\\/\\\/www.webdo.tn\\\/fr\\\/#website\",\"url\":\"https:\\\/\\\/www.webdo.tn\\\/fr\\\/\",\"name\":\"webdo\",\"description\":\"Tunisie - News en Tunisie et \u00e0 l&#039;international sur Webdo.tn\",\"publisher\":{\"@id\":\"https:\\\/\\\/www.webdo.tn\\\/fr\\\/#organization\"},\"potentialAction\":[{\"@type\":\"SearchAction\",\"target\":{\"@type\":\"EntryPoint\",\"urlTemplate\":\"https:\\\/\\\/www.webdo.tn\\\/fr\\\/?s={search_term_string}\"},\"query-input\":{\"@type\":\"PropertyValueSpecification\",\"valueRequired\":true,\"valueName\":\"search_term_string\"}}],\"inLanguage\":\"fr-FR\"},{\"@type\":\"Organization\",\"@id\":\"https:\\\/\\\/www.webdo.tn\\\/fr\\\/#organization\",\"name\":\"Webdo\",\"alternateName\":\"Webdo.tn\",\"url\":\"https:\\\/\\\/www.webdo.tn\\\/fr\\\/\",\"logo\":{\"@type\":\"ImageObject\",\"inLanguage\":\"fr-FR\",\"@id\":\"https:\\\/\\\/www.webdo.tn\\\/fr\\\/#\\\/schema\\\/logo\\\/image\\\/\",\"url\":\"https:\\\/\\\/www.webdo.tn\\\/fr\\\/wp-content\\\/uploads\\\/2025\\\/06\\\/Webdo-Tunisie_168377.jpg\",\"contentUrl\":\"https:\\\/\\\/www.webdo.tn\\\/fr\\\/wp-content\\\/uploads\\\/2025\\\/06\\\/Webdo-Tunisie_168377.jpg\",\"width\":301,\"height\":301,\"caption\":\"Webdo\"},\"image\":{\"@id\":\"https:\\\/\\\/www.webdo.tn\\\/fr\\\/#\\\/schema\\\/logo\\\/image\\\/\"},\"sameAs\":[\"https:\\\/\\\/www.facebook.com\\\/webdotn\",\"https:\\\/\\\/x.com\\\/webdo_tn\"],\"description\":\"Webdo est un m\u00e9dia num\u00e9rique tunisien fond\u00e9 en 2010, sp\u00e9cialis\u00e9 dans l\u2019actualit\u00e9 nationale et internationale, l\u2019\u00e9conomie, la soci\u00e9t\u00e9 et les analyses politiques. Le site s\u2019adresse \u00e0 un large public francophone et couvre l\u2019information tunisienne en temps r\u00e9el.\",\"email\":\"redac@webdo.tn\",\"legalName\":\"YNJ SARL\",\"foundingDate\":\"2010-09-06\",\"numberOfEmployees\":{\"@type\":\"QuantitativeValue\",\"minValue\":\"11\",\"maxValue\":\"50\"}},{\"@type\":\"Person\",\"@id\":\"https:\\\/\\\/www.webdo.tn\\\/fr\\\/#\\\/schema\\\/person\\\/9a9c6118d687c117df8ef3cc36a4d175\",\"name\":\"webdo.tn\",\"image\":{\"@type\":\"ImageObject\",\"inLanguage\":\"fr-FR\",\"@id\":\"https:\\\/\\\/secure.gravatar.com\\\/avatar\\\/7ce1f28c0c3bbac99ff550b85ef8e44a6950c6ee24514fb6a5489e51d06f0298?s=96&d=mm&r=g\",\"url\":\"https:\\\/\\\/secure.gravatar.com\\\/avatar\\\/7ce1f28c0c3bbac99ff550b85ef8e44a6950c6ee24514fb6a5489e51d06f0298?s=96&d=mm&r=g\",\"contentUrl\":\"https:\\\/\\\/secure.gravatar.com\\\/avatar\\\/7ce1f28c0c3bbac99ff550b85ef8e44a6950c6ee24514fb6a5489e51d06f0298?s=96&d=mm&r=g\",\"caption\":\"webdo.tn\"},\"url\":\"https:\\\/\\\/www.webdo.tn\\\/fr\\\/actualite\\\/author\\\/webdotn\\\/\"}]}<\/script>\n<!-- \/ Yoast SEO Premium plugin. -->","yoast_head_json":{"title":"France : Une salle de pri\u00e8re musulmane profan\u00e9e pr\u00e8s d'Ajaccio","description":"France : Une salle de pri\u00e8re musulmane profan\u00e9e pr\u00e8s d'Ajaccio","canonical":"https:\/\/www.webdo.tn\/fr\/actualite\/international\/france-une-salle-de-priere-musulmane-profanee-pres-dajaccio\/184237\/","og_locale":"fr_FR","og_type":"article","og_title":"France : Une salle de pri\u00e8re musulmane profan\u00e9e pr\u00e8s d'Ajaccio","og_description":"France : Une salle de pri\u00e8re musulmane profan\u00e9e pr\u00e8s d'Ajaccio","og_url":"https:\/\/www.webdo.tn\/fr\/actualite\/international\/france-une-salle-de-priere-musulmane-profanee-pres-dajaccio\/184237\/","og_site_name":"webdo","article_publisher":"https:\/\/www.facebook.com\/webdotn","article_published_time":"2015-01-15T10:51:00+00:00","og_image":[{"width":339,"height":253,"url":"https:\/\/www.webdo.tn\/fr\/wp-content\/uploads\/2015\/01\/IAF.jpg","type":"image\/jpeg"}],"author":"webdo.tn","twitter_card":"summary_large_image","twitter_creator":"@webdo_tn","twitter_site":"@webdo_tn","twitter_misc":{"\u00c9crit par":"webdo.tn","Dur\u00e9e de lecture estim\u00e9e":"1 minute"},"schema":{"@context":"https:\/\/schema.org","@graph":[{"@type":"NewsArticle","@id":"https:\/\/www.webdo.tn\/fr\/actualite\/international\/france-une-salle-de-priere-musulmane-profanee-pres-dajaccio\/184237\/#article","isPartOf":{"@id":"https:\/\/www.webdo.tn\/fr\/actualite\/international\/france-une-salle-de-priere-musulmane-profanee-pres-dajaccio\/184237\/"},"author":{"name":"webdo.tn","@id":"https:\/\/www.webdo.tn\/fr\/#\/schema\/person\/9a9c6118d687c117df8ef3cc36a4d175"},"headline":"France : Une salle de pri\u00e8re musulmane profan\u00e9e pr\u00e8s d&rsquo;Ajaccio","datePublished":"2015-01-15T10:51:00+00:00","mainEntityOfPage":{"@id":"https:\/\/www.webdo.tn\/fr\/actualite\/international\/france-une-salle-de-priere-musulmane-profanee-pres-dajaccio\/184237\/"},"wordCount":252,"commentCount":0,"publisher":{"@id":"https:\/\/www.webdo.tn\/fr\/#organization"},"image":{"@id":"https:\/\/www.webdo.tn\/fr\/actualite\/international\/france-une-salle-de-priere-musulmane-profanee-pres-dajaccio\/184237\/#primaryimage"},"thumbnailUrl":"https:\/\/www.webdo.tn\/fr\/wp-content\/uploads\/2015\/01\/IAF.jpg","keywords":["guerre"],"articleSection":["International"],"inLanguage":"fr-FR"},{"@type":"WebPage","@id":"https:\/\/www.webdo.tn\/fr\/actualite\/international\/france-une-salle-de-priere-musulmane-profanee-pres-dajaccio\/184237\/","url":"https:\/\/www.webdo.tn\/fr\/actualite\/international\/france-une-salle-de-priere-musulmane-profanee-pres-dajaccio\/184237\/","name":"France : Une salle de pri\u00e8re musulmane profan\u00e9e pr\u00e8s d'Ajaccio","isPartOf":{"@id":"https:\/\/www.webdo.tn\/fr\/#website"},"primaryImageOfPage":{"@id":"https:\/\/www.webdo.tn\/fr\/actualite\/international\/france-une-salle-de-priere-musulmane-profanee-pres-dajaccio\/184237\/#primaryimage"},"image":{"@id":"https:\/\/www.webdo.tn\/fr\/actualite\/international\/france-une-salle-de-priere-musulmane-profanee-pres-dajaccio\/184237\/#primaryimage"},"thumbnailUrl":"https:\/\/www.webdo.tn\/fr\/wp-content\/uploads\/2015\/01\/IAF.jpg","datePublished":"2015-01-15T10:51:00+00:00","description":"France : Une salle de pri\u00e8re musulmane profan\u00e9e pr\u00e8s d'Ajaccio","breadcrumb":{"@id":"https:\/\/www.webdo.tn\/fr\/actualite\/international\/france-une-salle-de-priere-musulmane-profanee-pres-dajaccio\/184237\/#breadcrumb"},"inLanguage":"fr-FR","potentialAction":[{"@type":"ReadAction","target":["https:\/\/www.webdo.tn\/fr\/actualite\/international\/france-une-salle-de-priere-musulmane-profanee-pres-dajaccio\/184237\/"]}]},{"@type":"ImageObject","inLanguage":"fr-FR","@id":"https:\/\/www.webdo.tn\/fr\/actualite\/international\/france-une-salle-de-priere-musulmane-profanee-pres-dajaccio\/184237\/#primaryimage","url":"https:\/\/www.webdo.tn\/fr\/wp-content\/uploads\/2015\/01\/IAF.jpg","contentUrl":"https:\/\/www.webdo.tn\/fr\/wp-content\/uploads\/2015\/01\/IAF.jpg","width":339,"height":253,"caption":"France : Une salle de pri\u00e8re musulmane profan\u00e9e pr\u00e8s d'Ajaccio"},{"@type":"BreadcrumbList","@id":"https:\/\/www.webdo.tn\/fr\/actualite\/international\/france-une-salle-de-priere-musulmane-profanee-pres-dajaccio\/184237\/#breadcrumb","itemListElement":[{"@type":"ListItem","position":1,"name":"Accueil","item":"https:\/\/www.webdo.tn\/fr\/"},{"@type":"ListItem","position":2,"name":"France : Une salle de pri\u00e8re musulmane profan\u00e9e pr\u00e8s d&rsquo;Ajaccio"}]},{"@type":"WebSite","@id":"https:\/\/www.webdo.tn\/fr\/#website","url":"https:\/\/www.webdo.tn\/fr\/","name":"webdo","description":"Tunisie - News en Tunisie et \u00e0 l&#039;international sur Webdo.tn","publisher":{"@id":"https:\/\/www.webdo.tn\/fr\/#organization"},"potentialAction":[{"@type":"SearchAction","target":{"@type":"EntryPoint","urlTemplate":"https:\/\/www.webdo.tn\/fr\/?s={search_term_string}"},"query-input":{"@type":"PropertyValueSpecification","valueRequired":true,"valueName":"search_term_string"}}],"inLanguage":"fr-FR"},{"@type":"Organization","@id":"https:\/\/www.webdo.tn\/fr\/#organization","name":"Webdo","alternateName":"Webdo.tn","url":"https:\/\/www.webdo.tn\/fr\/","logo":{"@type":"ImageObject","inLanguage":"fr-FR","@id":"https:\/\/www.webdo.tn\/fr\/#\/schema\/logo\/image\/","url":"https:\/\/www.webdo.tn\/fr\/wp-content\/uploads\/2025\/06\/Webdo-Tunisie_168377.jpg","contentUrl":"https:\/\/www.webdo.tn\/fr\/wp-content\/uploads\/2025\/06\/Webdo-Tunisie_168377.jpg","width":301,"height":301,"caption":"Webdo"},"image":{"@id":"https:\/\/www.webdo.tn\/fr\/#\/schema\/logo\/image\/"},"sameAs":["https:\/\/www.facebook.com\/webdotn","https:\/\/x.com\/webdo_tn"],"description":"Webdo est un m\u00e9dia num\u00e9rique tunisien fond\u00e9 en 2010, sp\u00e9cialis\u00e9 dans l\u2019actualit\u00e9 nationale et internationale, l\u2019\u00e9conomie, la soci\u00e9t\u00e9 et les analyses politiques. Le site s\u2019adresse \u00e0 un large public francophone et couvre l\u2019information tunisienne en temps r\u00e9el.","email":"redac@webdo.tn","legalName":"YNJ SARL","foundingDate":"2010-09-06","numberOfEmployees":{"@type":"QuantitativeValue","minValue":"11","maxValue":"50"}},{"@type":"Person","@id":"https:\/\/www.webdo.tn\/fr\/#\/schema\/person\/9a9c6118d687c117df8ef3cc36a4d175","name":"webdo.tn","image":{"@type":"ImageObject","inLanguage":"fr-FR","@id":"https:\/\/secure.gravatar.com\/avatar\/7ce1f28c0c3bbac99ff550b85ef8e44a6950c6ee24514fb6a5489e51d06f0298?s=96&d=mm&r=g","url":"https:\/\/secure.gravatar.com\/avatar\/7ce1f28c0c3bbac99ff550b85ef8e44a6950c6ee24514fb6a5489e51d06f0298?s=96&d=mm&r=g","contentUrl":"https:\/\/secure.gravatar.com\/avatar\/7ce1f28c0c3bbac99ff550b85ef8e44a6950c6ee24514fb6a5489e51d06f0298?s=96&d=mm&r=g","caption":"webdo.tn"},"url":"https:\/\/www.webdo.tn\/fr\/actualite\/author\/webdotn\/"}]}},"_links":{"self":[{"href":"https:\/\/www.webdo.tn\/fr\/wp-json\/wp\/v2\/posts\/184237","targetHints":{"allow":["GET"]}}],"collection":[{"href":"https:\/\/www.webdo.tn\/fr\/wp-json\/wp\/v2\/posts"}],"about":[{"href":"https:\/\/www.webdo.tn\/fr\/wp-json\/wp\/v2\/types\/post"}],"author":[{"embeddable":true,"href":"https:\/\/www.webdo.tn\/fr\/wp-json\/wp\/v2\/users\/3222"}],"replies":[{"embeddable":true,"href":"https:\/\/www.webdo.tn\/fr\/wp-json\/wp\/v2\/comments?post=184237"}],"version-history":[{"count":0,"href":"https:\/\/www.webdo.tn\/fr\/wp-json\/wp\/v2\/posts\/184237\/revisions"}],"wp:featuredmedia":[{"embeddable":true,"href":"https:\/\/www.webdo.tn\/fr\/wp-json\/wp\/v2\/media\/335444"}],"wp:attachment":[{"href":"https:\/\/www.webdo.tn\/fr\/wp-json\/wp\/v2\/media?parent=184237"}],"wp:term":[{"taxonomy":"category","embeddable":true,"href":"https:\/\/www.webdo.tn\/fr\/wp-json\/wp\/v2\/categories?post=184237"},{"taxonomy":"post_tag","embeddable":true,"href":"https:\/\/www.webdo.tn\/fr\/wp-json\/wp\/v2\/tags?post=184237"}],"curies":[{"name":"wp","href":"https:\/\/api.w.org\/{rel}","templated":true}]}}