{"id":184235,"date":"2015-01-15T18:52:00","date_gmt":"2015-01-15T18:52:00","guid":{"rendered":"https:\/\/www.webdo.tn\/fr\/blog\/charlie-hebdo-egalement-interdit-en-israel\/184235\/"},"modified":"2025-05-19T10:24:21","modified_gmt":"2025-05-19T10:24:21","slug":"charlie-hebdo-egalement-interdit-en-israel","status":"publish","type":"post","link":"https:\/\/www.webdo.tn\/fr\/actualite\/international\/charlie-hebdo-egalement-interdit-en-israel\/184235\/","title":{"rendered":"Charlie Hebdo \u00e9galement interdit en Isra\u00ebl"},"content":{"rendered":"<p>\u00ab\u00a0Charlie Hebdo n&rsquo;a m\u00eame pas le droit d&rsquo;exister en Israel\u00a0\u00bb, a \u00e9crit\u00a0le dessinateur isra\u00e9lien Ido Amin dans le journal isra\u00e9lien\u00a0haaretz, ce jeudi 15 janvier, \u00e0 cause \u00ab\u00a0d&rsquo;une loi bien pr\u00e9cise, draconienne,[&#8230;]\u00a0qui interdit de repr\u00e9senter Mo\u00efse, J\u00e9sus ou Mahomet d&rsquo;une fa\u00e7on qui risque de heurter les croyants.\u00a0\u00bb<\/p>\n<p>[quote_box_center]<br \/>\n\u00ab\u00a0En France, la libert\u00e9 d&rsquo;expression est consid\u00e9r\u00e9e comme un droit universel, alors qu&rsquo;une loi isra\u00e9lienne interdit l&rsquo;offense aux sensibilit\u00e9s religieuses\u00a0\u00bb.<br \/>\n[\/quote_box_center]<\/p>\n<p>Cette loi serait un \u00ab\u00a0h\u00e9ritage du Mandat britannique\u00a0\u00bb, pr\u00e9cise-t-il.<\/p>\n<p>Suite \u00e0 l&rsquo;attentat contre Charlie Hebdo et\u00a0la prise d&rsquo;otage de l&rsquo;Hyper Cacher o\u00f9 quatre Juifs ont \u00e9t\u00e9 tu\u00e9s, le Premier ministre isra\u00e9lien Benjamin Netanyahu\u00a0a pourtant repr\u00e9sent\u00e9 l\u2019Etat d&rsquo;Isra\u00ebl lors de la marche r\u00e9publicaine\u00a0\u00e0 Paris, pour d\u00e9montrer, lui aussi, son soutien \u00e0 la libert\u00e9 d\u2019expression, et affirmer la position isra\u00e9lienne\u00a0dans la lutte contre le terrorisme.<\/p>\n<p>\u00ab\u00a0C&rsquo;est le bal des faux-culs aussi. Il y avait des gens qui n&rsquo;appliquent pas la libert\u00e9 dans leur propre pays et qui \u00e9taient l\u00e0 pour d\u00e9filer avec nous. Ils n&rsquo;avaient pas leur place l\u00e0\u00a0\u00bb, avait alors comment\u00e9, le lendemain, Laurent L\u00e9ger, Grand reporter de Charlie Hebdo, lors de l&rsquo;\u00e9mission\u00a0\u00ab\u00a0C \u00e0 vous\u00a0\u00bb sur France 5.<\/p>\n<p>Les survivants de l&rsquo;hebdomadaire satirique ont fini par tirer\u00a0cinq millions d&rsquo;exemplaires, en 16 langues, avec la photo du proph\u00e8te des musulmans Mohamed en Une de l\u2019\u00e9dition, le mercredi 14 janvier.<\/p>\n<p>En Tunisie, le journal a \u00e9t\u00e9 aussi interdit\u00a0suite \u00e0 une d\u00e9cision de Sotupresse,\u00a0idem pour le Maroc, l&rsquo;Alg\u00e9rie et le S\u00e9n\u00e9gal.<\/p>\n","protected":false},"excerpt":{"rendered":"<p>Charlie Hebdo \u00e9galement interdit en Isra\u00ebl<\/p>\n","protected":false},"author":3222,"featured_media":319334,"comment_status":"open","ping_status":"closed","sticky":false,"template":"","format":"standard","meta":{"footnotes":""},"categories":[2598],"tags":[2600],"class_list":["post-184235","post","type-post","status-publish","format-standard","has-post-thumbnail","hentry","category-international","tag-guerre"],"yoast_head":"<!-- This site is optimized with the Yoast SEO Premium plugin v27.5 (Yoast SEO v27.5) - https:\/\/yoast.com\/product\/yoast-seo-premium-wordpress\/ -->\n<title>Charlie Hebdo \u00e9galement interdit en Isra\u00ebl<\/title>\n<meta name=\"description\" content=\"Charlie Hebdo \u00e9galement interdit en Isra\u00ebl\" \/>\n<link rel=\"canonical\" href=\"https:\/\/www.webdo.tn\/fr\/actualite\/international\/charlie-hebdo-egalement-interdit-en-israel\/184235\/\" \/>\n<meta property=\"og:locale\" content=\"fr_FR\" \/>\n<meta property=\"og:type\" content=\"article\" \/>\n<meta property=\"og:title\" content=\"Charlie Hebdo \u00e9galement interdit en Isra\u00ebl\" \/>\n<meta property=\"og:description\" content=\"Charlie Hebdo \u00e9galement interdit en Isra\u00ebl\" \/>\n<meta property=\"og:url\" content=\"https:\/\/www.webdo.tn\/fr\/actualite\/international\/charlie-hebdo-egalement-interdit-en-israel\/184235\/\" \/>\n<meta property=\"og:site_name\" content=\"webdo\" \/>\n<meta property=\"article:publisher\" content=\"https:\/\/www.facebook.com\/webdotn\" \/>\n<meta property=\"article:published_time\" content=\"2015-01-15T18:52:00+00:00\" \/>\n<meta property=\"article:modified_time\" content=\"2025-05-19T10:24:21+00:00\" \/>\n<meta property=\"og:image\" content=\"https:\/\/www.webdo.tn\/fr\/wp-content\/uploads\/2015\/01\/webdo_default-20.jpg\" \/>\n\t<meta property=\"og:image:width\" content=\"800\" \/>\n\t<meta property=\"og:image:height\" content=\"500\" \/>\n\t<meta property=\"og:image:type\" content=\"image\/jpeg\" \/>\n<meta name=\"author\" content=\"webdo.tn\" \/>\n<meta name=\"twitter:card\" content=\"summary_large_image\" \/>\n<meta name=\"twitter:creator\" content=\"@webdo_tn\" \/>\n<meta name=\"twitter:site\" content=\"@webdo_tn\" \/>\n<meta name=\"twitter:label1\" content=\"\u00c9crit par\" \/>\n\t<meta name=\"twitter:data1\" content=\"webdo.tn\" \/>\n\t<meta name=\"twitter:label2\" content=\"Dur\u00e9e de lecture estim\u00e9e\" \/>\n\t<meta name=\"twitter:data2\" content=\"1 minute\" \/>\n<script type=\"application\/ld+json\" class=\"yoast-schema-graph\">{\"@context\":\"https:\\\/\\\/schema.org\",\"@graph\":[{\"@type\":\"NewsArticle\",\"@id\":\"https:\\\/\\\/www.webdo.tn\\\/fr\\\/actualite\\\/international\\\/charlie-hebdo-egalement-interdit-en-israel\\\/184235\\\/#article\",\"isPartOf\":{\"@id\":\"https:\\\/\\\/www.webdo.tn\\\/fr\\\/actualite\\\/international\\\/charlie-hebdo-egalement-interdit-en-israel\\\/184235\\\/\"},\"author\":{\"name\":\"webdo.tn\",\"@id\":\"https:\\\/\\\/www.webdo.tn\\\/fr\\\/#\\\/schema\\\/person\\\/9a9c6118d687c117df8ef3cc36a4d175\"},\"headline\":\"Charlie Hebdo \u00e9galement interdit en Isra\u00ebl\",\"datePublished\":\"2015-01-15T18:52:00+00:00\",\"dateModified\":\"2025-05-19T10:24:21+00:00\",\"mainEntityOfPage\":{\"@id\":\"https:\\\/\\\/www.webdo.tn\\\/fr\\\/actualite\\\/international\\\/charlie-hebdo-egalement-interdit-en-israel\\\/184235\\\/\"},\"wordCount\":296,\"commentCount\":0,\"publisher\":{\"@id\":\"https:\\\/\\\/www.webdo.tn\\\/fr\\\/#organization\"},\"image\":{\"@id\":\"https:\\\/\\\/www.webdo.tn\\\/fr\\\/actualite\\\/international\\\/charlie-hebdo-egalement-interdit-en-israel\\\/184235\\\/#primaryimage\"},\"thumbnailUrl\":\"https:\\\/\\\/www.webdo.tn\\\/fr\\\/wp-content\\\/uploads\\\/2015\\\/01\\\/webdo_default-20.jpg\",\"keywords\":[\"guerre\"],\"articleSection\":[\"International\"],\"inLanguage\":\"fr-FR\"},{\"@type\":\"WebPage\",\"@id\":\"https:\\\/\\\/www.webdo.tn\\\/fr\\\/actualite\\\/international\\\/charlie-hebdo-egalement-interdit-en-israel\\\/184235\\\/\",\"url\":\"https:\\\/\\\/www.webdo.tn\\\/fr\\\/actualite\\\/international\\\/charlie-hebdo-egalement-interdit-en-israel\\\/184235\\\/\",\"name\":\"Charlie Hebdo \u00e9galement interdit en Isra\u00ebl\",\"isPartOf\":{\"@id\":\"https:\\\/\\\/www.webdo.tn\\\/fr\\\/#website\"},\"primaryImageOfPage\":{\"@id\":\"https:\\\/\\\/www.webdo.tn\\\/fr\\\/actualite\\\/international\\\/charlie-hebdo-egalement-interdit-en-israel\\\/184235\\\/#primaryimage\"},\"image\":{\"@id\":\"https:\\\/\\\/www.webdo.tn\\\/fr\\\/actualite\\\/international\\\/charlie-hebdo-egalement-interdit-en-israel\\\/184235\\\/#primaryimage\"},\"thumbnailUrl\":\"https:\\\/\\\/www.webdo.tn\\\/fr\\\/wp-content\\\/uploads\\\/2015\\\/01\\\/webdo_default-20.jpg\",\"datePublished\":\"2015-01-15T18:52:00+00:00\",\"dateModified\":\"2025-05-19T10:24:21+00:00\",\"description\":\"Charlie Hebdo \u00e9galement interdit en Isra\u00ebl\",\"breadcrumb\":{\"@id\":\"https:\\\/\\\/www.webdo.tn\\\/fr\\\/actualite\\\/international\\\/charlie-hebdo-egalement-interdit-en-israel\\\/184235\\\/#breadcrumb\"},\"inLanguage\":\"fr-FR\",\"potentialAction\":[{\"@type\":\"ReadAction\",\"target\":[\"https:\\\/\\\/www.webdo.tn\\\/fr\\\/actualite\\\/international\\\/charlie-hebdo-egalement-interdit-en-israel\\\/184235\\\/\"]}]},{\"@type\":\"ImageObject\",\"inLanguage\":\"fr-FR\",\"@id\":\"https:\\\/\\\/www.webdo.tn\\\/fr\\\/actualite\\\/international\\\/charlie-hebdo-egalement-interdit-en-israel\\\/184235\\\/#primaryimage\",\"url\":\"https:\\\/\\\/www.webdo.tn\\\/fr\\\/wp-content\\\/uploads\\\/2015\\\/01\\\/webdo_default-20.jpg\",\"contentUrl\":\"https:\\\/\\\/www.webdo.tn\\\/fr\\\/wp-content\\\/uploads\\\/2015\\\/01\\\/webdo_default-20.jpg\",\"width\":800,\"height\":500,\"caption\":\"Charlie Hebdo \u00e9galement interdit en Isra\u00ebl\"},{\"@type\":\"BreadcrumbList\",\"@id\":\"https:\\\/\\\/www.webdo.tn\\\/fr\\\/actualite\\\/international\\\/charlie-hebdo-egalement-interdit-en-israel\\\/184235\\\/#breadcrumb\",\"itemListElement\":[{\"@type\":\"ListItem\",\"position\":1,\"name\":\"Accueil\",\"item\":\"https:\\\/\\\/www.webdo.tn\\\/fr\\\/\"},{\"@type\":\"ListItem\",\"position\":2,\"name\":\"Charlie Hebdo \u00e9galement interdit en Isra\u00ebl\"}]},{\"@type\":\"WebSite\",\"@id\":\"https:\\\/\\\/www.webdo.tn\\\/fr\\\/#website\",\"url\":\"https:\\\/\\\/www.webdo.tn\\\/fr\\\/\",\"name\":\"webdo\",\"description\":\"Tunisie - News en Tunisie et \u00e0 l&#039;international sur Webdo.tn\",\"publisher\":{\"@id\":\"https:\\\/\\\/www.webdo.tn\\\/fr\\\/#organization\"},\"potentialAction\":[{\"@type\":\"SearchAction\",\"target\":{\"@type\":\"EntryPoint\",\"urlTemplate\":\"https:\\\/\\\/www.webdo.tn\\\/fr\\\/?s={search_term_string}\"},\"query-input\":{\"@type\":\"PropertyValueSpecification\",\"valueRequired\":true,\"valueName\":\"search_term_string\"}}],\"inLanguage\":\"fr-FR\"},{\"@type\":\"Organization\",\"@id\":\"https:\\\/\\\/www.webdo.tn\\\/fr\\\/#organization\",\"name\":\"Webdo\",\"alternateName\":\"Webdo.tn\",\"url\":\"https:\\\/\\\/www.webdo.tn\\\/fr\\\/\",\"logo\":{\"@type\":\"ImageObject\",\"inLanguage\":\"fr-FR\",\"@id\":\"https:\\\/\\\/www.webdo.tn\\\/fr\\\/#\\\/schema\\\/logo\\\/image\\\/\",\"url\":\"https:\\\/\\\/www.webdo.tn\\\/fr\\\/wp-content\\\/uploads\\\/2025\\\/06\\\/Webdo-Tunisie_168377.jpg\",\"contentUrl\":\"https:\\\/\\\/www.webdo.tn\\\/fr\\\/wp-content\\\/uploads\\\/2025\\\/06\\\/Webdo-Tunisie_168377.jpg\",\"width\":301,\"height\":301,\"caption\":\"Webdo\"},\"image\":{\"@id\":\"https:\\\/\\\/www.webdo.tn\\\/fr\\\/#\\\/schema\\\/logo\\\/image\\\/\"},\"sameAs\":[\"https:\\\/\\\/www.facebook.com\\\/webdotn\",\"https:\\\/\\\/x.com\\\/webdo_tn\"],\"description\":\"Webdo est un m\u00e9dia num\u00e9rique tunisien fond\u00e9 en 2010, sp\u00e9cialis\u00e9 dans l\u2019actualit\u00e9 nationale et internationale, l\u2019\u00e9conomie, la soci\u00e9t\u00e9 et les analyses politiques. Le site s\u2019adresse \u00e0 un large public francophone et couvre l\u2019information tunisienne en temps r\u00e9el.\",\"email\":\"redac@webdo.tn\",\"legalName\":\"YNJ SARL\",\"foundingDate\":\"2010-09-06\",\"numberOfEmployees\":{\"@type\":\"QuantitativeValue\",\"minValue\":\"11\",\"maxValue\":\"50\"}},{\"@type\":\"Person\",\"@id\":\"https:\\\/\\\/www.webdo.tn\\\/fr\\\/#\\\/schema\\\/person\\\/9a9c6118d687c117df8ef3cc36a4d175\",\"name\":\"webdo.tn\",\"image\":{\"@type\":\"ImageObject\",\"inLanguage\":\"fr-FR\",\"@id\":\"https:\\\/\\\/secure.gravatar.com\\\/avatar\\\/7ce1f28c0c3bbac99ff550b85ef8e44a6950c6ee24514fb6a5489e51d06f0298?s=96&d=mm&r=g\",\"url\":\"https:\\\/\\\/secure.gravatar.com\\\/avatar\\\/7ce1f28c0c3bbac99ff550b85ef8e44a6950c6ee24514fb6a5489e51d06f0298?s=96&d=mm&r=g\",\"contentUrl\":\"https:\\\/\\\/secure.gravatar.com\\\/avatar\\\/7ce1f28c0c3bbac99ff550b85ef8e44a6950c6ee24514fb6a5489e51d06f0298?s=96&d=mm&r=g\",\"caption\":\"webdo.tn\"},\"url\":\"https:\\\/\\\/www.webdo.tn\\\/fr\\\/actualite\\\/author\\\/webdotn\\\/\"}]}<\/script>\n<!-- \/ Yoast SEO Premium plugin. -->","yoast_head_json":{"title":"Charlie Hebdo \u00e9galement interdit en Isra\u00ebl","description":"Charlie Hebdo \u00e9galement interdit en Isra\u00ebl","canonical":"https:\/\/www.webdo.tn\/fr\/actualite\/international\/charlie-hebdo-egalement-interdit-en-israel\/184235\/","og_locale":"fr_FR","og_type":"article","og_title":"Charlie Hebdo \u00e9galement interdit en Isra\u00ebl","og_description":"Charlie Hebdo \u00e9galement interdit en Isra\u00ebl","og_url":"https:\/\/www.webdo.tn\/fr\/actualite\/international\/charlie-hebdo-egalement-interdit-en-israel\/184235\/","og_site_name":"webdo","article_publisher":"https:\/\/www.facebook.com\/webdotn","article_published_time":"2015-01-15T18:52:00+00:00","article_modified_time":"2025-05-19T10:24:21+00:00","og_image":[{"width":800,"height":500,"url":"https:\/\/www.webdo.tn\/fr\/wp-content\/uploads\/2015\/01\/webdo_default-20.jpg","type":"image\/jpeg"}],"author":"webdo.tn","twitter_card":"summary_large_image","twitter_creator":"@webdo_tn","twitter_site":"@webdo_tn","twitter_misc":{"\u00c9crit par":"webdo.tn","Dur\u00e9e de lecture estim\u00e9e":"1 minute"},"schema":{"@context":"https:\/\/schema.org","@graph":[{"@type":"NewsArticle","@id":"https:\/\/www.webdo.tn\/fr\/actualite\/international\/charlie-hebdo-egalement-interdit-en-israel\/184235\/#article","isPartOf":{"@id":"https:\/\/www.webdo.tn\/fr\/actualite\/international\/charlie-hebdo-egalement-interdit-en-israel\/184235\/"},"author":{"name":"webdo.tn","@id":"https:\/\/www.webdo.tn\/fr\/#\/schema\/person\/9a9c6118d687c117df8ef3cc36a4d175"},"headline":"Charlie Hebdo \u00e9galement interdit en Isra\u00ebl","datePublished":"2015-01-15T18:52:00+00:00","dateModified":"2025-05-19T10:24:21+00:00","mainEntityOfPage":{"@id":"https:\/\/www.webdo.tn\/fr\/actualite\/international\/charlie-hebdo-egalement-interdit-en-israel\/184235\/"},"wordCount":296,"commentCount":0,"publisher":{"@id":"https:\/\/www.webdo.tn\/fr\/#organization"},"image":{"@id":"https:\/\/www.webdo.tn\/fr\/actualite\/international\/charlie-hebdo-egalement-interdit-en-israel\/184235\/#primaryimage"},"thumbnailUrl":"https:\/\/www.webdo.tn\/fr\/wp-content\/uploads\/2015\/01\/webdo_default-20.jpg","keywords":["guerre"],"articleSection":["International"],"inLanguage":"fr-FR"},{"@type":"WebPage","@id":"https:\/\/www.webdo.tn\/fr\/actualite\/international\/charlie-hebdo-egalement-interdit-en-israel\/184235\/","url":"https:\/\/www.webdo.tn\/fr\/actualite\/international\/charlie-hebdo-egalement-interdit-en-israel\/184235\/","name":"Charlie Hebdo \u00e9galement interdit en Isra\u00ebl","isPartOf":{"@id":"https:\/\/www.webdo.tn\/fr\/#website"},"primaryImageOfPage":{"@id":"https:\/\/www.webdo.tn\/fr\/actualite\/international\/charlie-hebdo-egalement-interdit-en-israel\/184235\/#primaryimage"},"image":{"@id":"https:\/\/www.webdo.tn\/fr\/actualite\/international\/charlie-hebdo-egalement-interdit-en-israel\/184235\/#primaryimage"},"thumbnailUrl":"https:\/\/www.webdo.tn\/fr\/wp-content\/uploads\/2015\/01\/webdo_default-20.jpg","datePublished":"2015-01-15T18:52:00+00:00","dateModified":"2025-05-19T10:24:21+00:00","description":"Charlie Hebdo \u00e9galement interdit en Isra\u00ebl","breadcrumb":{"@id":"https:\/\/www.webdo.tn\/fr\/actualite\/international\/charlie-hebdo-egalement-interdit-en-israel\/184235\/#breadcrumb"},"inLanguage":"fr-FR","potentialAction":[{"@type":"ReadAction","target":["https:\/\/www.webdo.tn\/fr\/actualite\/international\/charlie-hebdo-egalement-interdit-en-israel\/184235\/"]}]},{"@type":"ImageObject","inLanguage":"fr-FR","@id":"https:\/\/www.webdo.tn\/fr\/actualite\/international\/charlie-hebdo-egalement-interdit-en-israel\/184235\/#primaryimage","url":"https:\/\/www.webdo.tn\/fr\/wp-content\/uploads\/2015\/01\/webdo_default-20.jpg","contentUrl":"https:\/\/www.webdo.tn\/fr\/wp-content\/uploads\/2015\/01\/webdo_default-20.jpg","width":800,"height":500,"caption":"Charlie Hebdo \u00e9galement interdit en Isra\u00ebl"},{"@type":"BreadcrumbList","@id":"https:\/\/www.webdo.tn\/fr\/actualite\/international\/charlie-hebdo-egalement-interdit-en-israel\/184235\/#breadcrumb","itemListElement":[{"@type":"ListItem","position":1,"name":"Accueil","item":"https:\/\/www.webdo.tn\/fr\/"},{"@type":"ListItem","position":2,"name":"Charlie Hebdo \u00e9galement interdit en Isra\u00ebl"}]},{"@type":"WebSite","@id":"https:\/\/www.webdo.tn\/fr\/#website","url":"https:\/\/www.webdo.tn\/fr\/","name":"webdo","description":"Tunisie - News en Tunisie et \u00e0 l&#039;international sur Webdo.tn","publisher":{"@id":"https:\/\/www.webdo.tn\/fr\/#organization"},"potentialAction":[{"@type":"SearchAction","target":{"@type":"EntryPoint","urlTemplate":"https:\/\/www.webdo.tn\/fr\/?s={search_term_string}"},"query-input":{"@type":"PropertyValueSpecification","valueRequired":true,"valueName":"search_term_string"}}],"inLanguage":"fr-FR"},{"@type":"Organization","@id":"https:\/\/www.webdo.tn\/fr\/#organization","name":"Webdo","alternateName":"Webdo.tn","url":"https:\/\/www.webdo.tn\/fr\/","logo":{"@type":"ImageObject","inLanguage":"fr-FR","@id":"https:\/\/www.webdo.tn\/fr\/#\/schema\/logo\/image\/","url":"https:\/\/www.webdo.tn\/fr\/wp-content\/uploads\/2025\/06\/Webdo-Tunisie_168377.jpg","contentUrl":"https:\/\/www.webdo.tn\/fr\/wp-content\/uploads\/2025\/06\/Webdo-Tunisie_168377.jpg","width":301,"height":301,"caption":"Webdo"},"image":{"@id":"https:\/\/www.webdo.tn\/fr\/#\/schema\/logo\/image\/"},"sameAs":["https:\/\/www.facebook.com\/webdotn","https:\/\/x.com\/webdo_tn"],"description":"Webdo est un m\u00e9dia num\u00e9rique tunisien fond\u00e9 en 2010, sp\u00e9cialis\u00e9 dans l\u2019actualit\u00e9 nationale et internationale, l\u2019\u00e9conomie, la soci\u00e9t\u00e9 et les analyses politiques. Le site s\u2019adresse \u00e0 un large public francophone et couvre l\u2019information tunisienne en temps r\u00e9el.","email":"redac@webdo.tn","legalName":"YNJ SARL","foundingDate":"2010-09-06","numberOfEmployees":{"@type":"QuantitativeValue","minValue":"11","maxValue":"50"}},{"@type":"Person","@id":"https:\/\/www.webdo.tn\/fr\/#\/schema\/person\/9a9c6118d687c117df8ef3cc36a4d175","name":"webdo.tn","image":{"@type":"ImageObject","inLanguage":"fr-FR","@id":"https:\/\/secure.gravatar.com\/avatar\/7ce1f28c0c3bbac99ff550b85ef8e44a6950c6ee24514fb6a5489e51d06f0298?s=96&d=mm&r=g","url":"https:\/\/secure.gravatar.com\/avatar\/7ce1f28c0c3bbac99ff550b85ef8e44a6950c6ee24514fb6a5489e51d06f0298?s=96&d=mm&r=g","contentUrl":"https:\/\/secure.gravatar.com\/avatar\/7ce1f28c0c3bbac99ff550b85ef8e44a6950c6ee24514fb6a5489e51d06f0298?s=96&d=mm&r=g","caption":"webdo.tn"},"url":"https:\/\/www.webdo.tn\/fr\/actualite\/author\/webdotn\/"}]}},"_links":{"self":[{"href":"https:\/\/www.webdo.tn\/fr\/wp-json\/wp\/v2\/posts\/184235","targetHints":{"allow":["GET"]}}],"collection":[{"href":"https:\/\/www.webdo.tn\/fr\/wp-json\/wp\/v2\/posts"}],"about":[{"href":"https:\/\/www.webdo.tn\/fr\/wp-json\/wp\/v2\/types\/post"}],"author":[{"embeddable":true,"href":"https:\/\/www.webdo.tn\/fr\/wp-json\/wp\/v2\/users\/3222"}],"replies":[{"embeddable":true,"href":"https:\/\/www.webdo.tn\/fr\/wp-json\/wp\/v2\/comments?post=184235"}],"version-history":[{"count":0,"href":"https:\/\/www.webdo.tn\/fr\/wp-json\/wp\/v2\/posts\/184235\/revisions"}],"wp:featuredmedia":[{"embeddable":true,"href":"https:\/\/www.webdo.tn\/fr\/wp-json\/wp\/v2\/media\/319334"}],"wp:attachment":[{"href":"https:\/\/www.webdo.tn\/fr\/wp-json\/wp\/v2\/media?parent=184235"}],"wp:term":[{"taxonomy":"category","embeddable":true,"href":"https:\/\/www.webdo.tn\/fr\/wp-json\/wp\/v2\/categories?post=184235"},{"taxonomy":"post_tag","embeddable":true,"href":"https:\/\/www.webdo.tn\/fr\/wp-json\/wp\/v2\/tags?post=184235"}],"curies":[{"name":"wp","href":"https:\/\/api.w.org\/{rel}","templated":true}]}}