{"id":184234,"date":"2015-01-16T10:13:00","date_gmt":"2015-01-16T10:13:00","guid":{"rendered":"https:\/\/www.webdo.tn\/fr\/blog\/charlie-hebdo-ne-peut-insulter-la-foi-des-autres-ne-peut-la-tourner-en-derision-juge-le-pape\/184234\/"},"modified":"2025-05-19T10:24:27","modified_gmt":"2025-05-19T10:24:27","slug":"charlie-hebdo-ne-peut-insulter-la-foi-des-autres-ne-peut-la-tourner-en-derision-juge-le-pape","status":"publish","type":"post","link":"https:\/\/www.webdo.tn\/fr\/actualite\/international\/charlie-hebdo-ne-peut-insulter-la-foi-des-autres-ne-peut-la-tourner-en-derision-juge-le-pape\/184234\/","title":{"rendered":"Charlie Hebdo : \u00ab On ne peut insulter la foi des autres, on ne peut la tourner en d\u00e9rision \u00bb, juge le Pape"},"content":{"rendered":"<p>Apr\u00e8s la publication d\u2019une nouvelle caricature du Proph\u00e8te Mohamed par Charlie Hebdo, dans son \u00e9dition du mercredi 14 janvier, le Pape Fran\u00e7ois a condamn\u00e9 l&rsquo;hebdomadaire satirique, ont rapport\u00e9 plusieurs m\u00e9dias internationaux.<\/p>\n<p>Lors d&rsquo;une conf\u00e9rence de presse dans l&rsquo;avion qui le conduisait de Colombo \u00e0 Manille aux Philippines, jeudi 15 janvier, et en r\u00e9pondant \u00e0 une question sur les caricatures de Charlie Hebdo sur l&rsquo;Islam, le Pape a d\u00e9clar\u00e9 que la libert\u00e9 d&rsquo;expression ne donne pas le droit \u00abd&rsquo;insulter\u00bb la foi d&rsquo;autrui.<\/p>\n<p>\u00ab On ne peut provoquer, on ne peut insulter la foi des autres, on ne peut la tourner en d\u00e9rision \u00bb, a-t-il r\u00e9pondu. La libert\u00e9 d&rsquo;expression doit \u00ab s&rsquo;exercer sans offenser \u00bb a-t-il soulign\u00e9, tout en pr\u00e9cisant que s&rsquo;exprimer \u00e9tait un \u00ab droit fondamental \u00bb.<\/p>\n<p>\u00ab Chacun a non seulement la libert\u00e9, le droit, mais aussi l&rsquo;obligation de dire ce qu&rsquo;il pense pour aider au bien commun. Il est l\u00e9gitime d&rsquo;user de cette libert\u00e9 mais sans offenser \u00bb, a-t-il insist\u00e9 avec force.<\/p>\n<p>[quote_box_center]<br \/>\nCar \u00ab si un grand ami parle mal de ma m\u00e8re, il peut s&rsquo;attendre \u00e0 un coup de poing, et c&rsquo;est normal. On ne peut provoquer, on ne peut insulter la foi des autres, on ne peut la tourner en d\u00e9rision \u00bb.<br \/>\n[\/quote_box_center]<\/p>\n<p>Charlie Hebdo a \u00e9t\u00e9 interdit dans les pays musulmans mais \u00e9galement en Isra\u00ebl. En Tunisie, le journal a \u00e9t\u00e9 aussi interdit\u00a0suite \u00e0 une d\u00e9cision de Sotupresse,\u00a0idem pour le Maroc, l&rsquo;Alg\u00e9rie et le S\u00e9n\u00e9gal.<\/p>\n<p>Les survivants de l&rsquo;hebdomadaire satirique ont fini par tirer\u00a0cinq millions d&rsquo;exemplaires, avec la photo du proph\u00e8te des musulmans Mohamed en Une de l\u2019\u00e9dition, le mercredi 14 janvier.<\/p>\n","protected":false},"excerpt":{"rendered":"<p>Charlie Hebdo : \u00ab On ne peut insulter la foi des autres, on ne peut la tourner en d\u00e9rision \u00bb, juge le Pape<\/p>\n","protected":false},"author":3222,"featured_media":319347,"comment_status":"open","ping_status":"closed","sticky":false,"template":"","format":"standard","meta":{"footnotes":""},"categories":[2598],"tags":[2600],"class_list":["post-184234","post","type-post","status-publish","format-standard","has-post-thumbnail","hentry","category-international","tag-guerre"],"yoast_head":"<!-- This site is optimized with the Yoast SEO Premium plugin v27.5 (Yoast SEO v27.5) - https:\/\/yoast.com\/product\/yoast-seo-premium-wordpress\/ -->\n<title>Charlie Hebdo : \u00ab On ne peut insulter la foi des autres, on ne peut la tourner en d\u00e9rision \u00bb, juge le Pape<\/title>\n<meta name=\"description\" content=\"Charlie Hebdo : \u00ab On ne peut insulter la foi des autres, on ne peut la tourner en d\u00e9rision \u00bb, juge le Pape\" \/>\n<link rel=\"canonical\" href=\"https:\/\/www.webdo.tn\/fr\/actualite\/international\/charlie-hebdo-ne-peut-insulter-la-foi-des-autres-ne-peut-la-tourner-en-derision-juge-le-pape\/184234\/\" \/>\n<meta property=\"og:locale\" content=\"fr_FR\" \/>\n<meta property=\"og:type\" content=\"article\" \/>\n<meta property=\"og:title\" content=\"Charlie Hebdo : \u00ab On ne peut insulter la foi des autres, on ne peut la tourner en d\u00e9rision \u00bb, juge le Pape\" \/>\n<meta property=\"og:description\" content=\"Charlie Hebdo : \u00ab On ne peut insulter la foi des autres, on ne peut la tourner en d\u00e9rision \u00bb, juge le Pape\" \/>\n<meta property=\"og:url\" content=\"https:\/\/www.webdo.tn\/fr\/actualite\/international\/charlie-hebdo-ne-peut-insulter-la-foi-des-autres-ne-peut-la-tourner-en-derision-juge-le-pape\/184234\/\" \/>\n<meta property=\"og:site_name\" content=\"webdo\" \/>\n<meta property=\"article:publisher\" content=\"https:\/\/www.facebook.com\/webdotn\" \/>\n<meta property=\"article:published_time\" content=\"2015-01-16T10:13:00+00:00\" \/>\n<meta property=\"article:modified_time\" content=\"2025-05-19T10:24:27+00:00\" \/>\n<meta property=\"og:image\" content=\"https:\/\/www.webdo.tn\/fr\/wp-content\/uploads\/2015\/01\/Pape-Francois.jpg\" \/>\n\t<meta property=\"og:image:width\" content=\"315\" \/>\n\t<meta property=\"og:image:height\" content=\"250\" \/>\n\t<meta property=\"og:image:type\" content=\"image\/jpeg\" \/>\n<meta name=\"author\" content=\"webdo.tn\" \/>\n<meta name=\"twitter:card\" content=\"summary_large_image\" \/>\n<meta name=\"twitter:creator\" content=\"@webdo_tn\" \/>\n<meta name=\"twitter:site\" content=\"@webdo_tn\" \/>\n<meta name=\"twitter:label1\" content=\"\u00c9crit par\" \/>\n\t<meta name=\"twitter:data1\" content=\"webdo.tn\" \/>\n\t<meta name=\"twitter:label2\" content=\"Dur\u00e9e de lecture estim\u00e9e\" \/>\n\t<meta name=\"twitter:data2\" content=\"1 minute\" \/>\n<script type=\"application\/ld+json\" class=\"yoast-schema-graph\">{\"@context\":\"https:\\\/\\\/schema.org\",\"@graph\":[{\"@type\":\"NewsArticle\",\"@id\":\"https:\\\/\\\/www.webdo.tn\\\/fr\\\/actualite\\\/international\\\/charlie-hebdo-ne-peut-insulter-la-foi-des-autres-ne-peut-la-tourner-en-derision-juge-le-pape\\\/184234\\\/#article\",\"isPartOf\":{\"@id\":\"https:\\\/\\\/www.webdo.tn\\\/fr\\\/actualite\\\/international\\\/charlie-hebdo-ne-peut-insulter-la-foi-des-autres-ne-peut-la-tourner-en-derision-juge-le-pape\\\/184234\\\/\"},\"author\":{\"name\":\"webdo.tn\",\"@id\":\"https:\\\/\\\/www.webdo.tn\\\/fr\\\/#\\\/schema\\\/person\\\/9a9c6118d687c117df8ef3cc36a4d175\"},\"headline\":\"Charlie Hebdo : \u00ab On ne peut insulter la foi des autres, on ne peut la tourner en d\u00e9rision \u00bb, juge le Pape\",\"datePublished\":\"2015-01-16T10:13:00+00:00\",\"dateModified\":\"2025-05-19T10:24:27+00:00\",\"mainEntityOfPage\":{\"@id\":\"https:\\\/\\\/www.webdo.tn\\\/fr\\\/actualite\\\/international\\\/charlie-hebdo-ne-peut-insulter-la-foi-des-autres-ne-peut-la-tourner-en-derision-juge-le-pape\\\/184234\\\/\"},\"wordCount\":317,\"commentCount\":0,\"publisher\":{\"@id\":\"https:\\\/\\\/www.webdo.tn\\\/fr\\\/#organization\"},\"image\":{\"@id\":\"https:\\\/\\\/www.webdo.tn\\\/fr\\\/actualite\\\/international\\\/charlie-hebdo-ne-peut-insulter-la-foi-des-autres-ne-peut-la-tourner-en-derision-juge-le-pape\\\/184234\\\/#primaryimage\"},\"thumbnailUrl\":\"https:\\\/\\\/www.webdo.tn\\\/fr\\\/wp-content\\\/uploads\\\/2015\\\/01\\\/Pape-Francois.jpg\",\"keywords\":[\"guerre\"],\"articleSection\":[\"International\"],\"inLanguage\":\"fr-FR\"},{\"@type\":\"WebPage\",\"@id\":\"https:\\\/\\\/www.webdo.tn\\\/fr\\\/actualite\\\/international\\\/charlie-hebdo-ne-peut-insulter-la-foi-des-autres-ne-peut-la-tourner-en-derision-juge-le-pape\\\/184234\\\/\",\"url\":\"https:\\\/\\\/www.webdo.tn\\\/fr\\\/actualite\\\/international\\\/charlie-hebdo-ne-peut-insulter-la-foi-des-autres-ne-peut-la-tourner-en-derision-juge-le-pape\\\/184234\\\/\",\"name\":\"Charlie Hebdo : \u00ab On ne peut insulter la foi des autres, on ne peut la tourner en d\u00e9rision \u00bb, juge le Pape\",\"isPartOf\":{\"@id\":\"https:\\\/\\\/www.webdo.tn\\\/fr\\\/#website\"},\"primaryImageOfPage\":{\"@id\":\"https:\\\/\\\/www.webdo.tn\\\/fr\\\/actualite\\\/international\\\/charlie-hebdo-ne-peut-insulter-la-foi-des-autres-ne-peut-la-tourner-en-derision-juge-le-pape\\\/184234\\\/#primaryimage\"},\"image\":{\"@id\":\"https:\\\/\\\/www.webdo.tn\\\/fr\\\/actualite\\\/international\\\/charlie-hebdo-ne-peut-insulter-la-foi-des-autres-ne-peut-la-tourner-en-derision-juge-le-pape\\\/184234\\\/#primaryimage\"},\"thumbnailUrl\":\"https:\\\/\\\/www.webdo.tn\\\/fr\\\/wp-content\\\/uploads\\\/2015\\\/01\\\/Pape-Francois.jpg\",\"datePublished\":\"2015-01-16T10:13:00+00:00\",\"dateModified\":\"2025-05-19T10:24:27+00:00\",\"description\":\"Charlie Hebdo : \u00ab On ne peut insulter la foi des autres, on ne peut la tourner en d\u00e9rision \u00bb, juge le Pape\",\"breadcrumb\":{\"@id\":\"https:\\\/\\\/www.webdo.tn\\\/fr\\\/actualite\\\/international\\\/charlie-hebdo-ne-peut-insulter-la-foi-des-autres-ne-peut-la-tourner-en-derision-juge-le-pape\\\/184234\\\/#breadcrumb\"},\"inLanguage\":\"fr-FR\",\"potentialAction\":[{\"@type\":\"ReadAction\",\"target\":[\"https:\\\/\\\/www.webdo.tn\\\/fr\\\/actualite\\\/international\\\/charlie-hebdo-ne-peut-insulter-la-foi-des-autres-ne-peut-la-tourner-en-derision-juge-le-pape\\\/184234\\\/\"]}]},{\"@type\":\"ImageObject\",\"inLanguage\":\"fr-FR\",\"@id\":\"https:\\\/\\\/www.webdo.tn\\\/fr\\\/actualite\\\/international\\\/charlie-hebdo-ne-peut-insulter-la-foi-des-autres-ne-peut-la-tourner-en-derision-juge-le-pape\\\/184234\\\/#primaryimage\",\"url\":\"https:\\\/\\\/www.webdo.tn\\\/fr\\\/wp-content\\\/uploads\\\/2015\\\/01\\\/Pape-Francois.jpg\",\"contentUrl\":\"https:\\\/\\\/www.webdo.tn\\\/fr\\\/wp-content\\\/uploads\\\/2015\\\/01\\\/Pape-Francois.jpg\",\"width\":315,\"height\":250,\"caption\":\"Charlie Hebdo : \u00ab On ne peut insulter la foi des autres, on ne peut la tourner en d\u00e9rision \u00bb, juge le Pape\"},{\"@type\":\"BreadcrumbList\",\"@id\":\"https:\\\/\\\/www.webdo.tn\\\/fr\\\/actualite\\\/international\\\/charlie-hebdo-ne-peut-insulter-la-foi-des-autres-ne-peut-la-tourner-en-derision-juge-le-pape\\\/184234\\\/#breadcrumb\",\"itemListElement\":[{\"@type\":\"ListItem\",\"position\":1,\"name\":\"Accueil\",\"item\":\"https:\\\/\\\/www.webdo.tn\\\/fr\\\/\"},{\"@type\":\"ListItem\",\"position\":2,\"name\":\"Charlie Hebdo : \u00ab On ne peut insulter la foi des autres, on ne peut la tourner en d\u00e9rision \u00bb, juge le Pape\"}]},{\"@type\":\"WebSite\",\"@id\":\"https:\\\/\\\/www.webdo.tn\\\/fr\\\/#website\",\"url\":\"https:\\\/\\\/www.webdo.tn\\\/fr\\\/\",\"name\":\"webdo\",\"description\":\"Tunisie - News en Tunisie et \u00e0 l&#039;international sur Webdo.tn\",\"publisher\":{\"@id\":\"https:\\\/\\\/www.webdo.tn\\\/fr\\\/#organization\"},\"potentialAction\":[{\"@type\":\"SearchAction\",\"target\":{\"@type\":\"EntryPoint\",\"urlTemplate\":\"https:\\\/\\\/www.webdo.tn\\\/fr\\\/?s={search_term_string}\"},\"query-input\":{\"@type\":\"PropertyValueSpecification\",\"valueRequired\":true,\"valueName\":\"search_term_string\"}}],\"inLanguage\":\"fr-FR\"},{\"@type\":\"Organization\",\"@id\":\"https:\\\/\\\/www.webdo.tn\\\/fr\\\/#organization\",\"name\":\"Webdo\",\"alternateName\":\"Webdo.tn\",\"url\":\"https:\\\/\\\/www.webdo.tn\\\/fr\\\/\",\"logo\":{\"@type\":\"ImageObject\",\"inLanguage\":\"fr-FR\",\"@id\":\"https:\\\/\\\/www.webdo.tn\\\/fr\\\/#\\\/schema\\\/logo\\\/image\\\/\",\"url\":\"https:\\\/\\\/www.webdo.tn\\\/fr\\\/wp-content\\\/uploads\\\/2025\\\/06\\\/Webdo-Tunisie_168377.jpg\",\"contentUrl\":\"https:\\\/\\\/www.webdo.tn\\\/fr\\\/wp-content\\\/uploads\\\/2025\\\/06\\\/Webdo-Tunisie_168377.jpg\",\"width\":301,\"height\":301,\"caption\":\"Webdo\"},\"image\":{\"@id\":\"https:\\\/\\\/www.webdo.tn\\\/fr\\\/#\\\/schema\\\/logo\\\/image\\\/\"},\"sameAs\":[\"https:\\\/\\\/www.facebook.com\\\/webdotn\",\"https:\\\/\\\/x.com\\\/webdo_tn\"],\"description\":\"Webdo est un m\u00e9dia num\u00e9rique tunisien fond\u00e9 en 2010, sp\u00e9cialis\u00e9 dans l\u2019actualit\u00e9 nationale et internationale, l\u2019\u00e9conomie, la soci\u00e9t\u00e9 et les analyses politiques. Le site s\u2019adresse \u00e0 un large public francophone et couvre l\u2019information tunisienne en temps r\u00e9el.\",\"email\":\"redac@webdo.tn\",\"legalName\":\"YNJ SARL\",\"foundingDate\":\"2010-09-06\",\"numberOfEmployees\":{\"@type\":\"QuantitativeValue\",\"minValue\":\"11\",\"maxValue\":\"50\"}},{\"@type\":\"Person\",\"@id\":\"https:\\\/\\\/www.webdo.tn\\\/fr\\\/#\\\/schema\\\/person\\\/9a9c6118d687c117df8ef3cc36a4d175\",\"name\":\"webdo.tn\",\"image\":{\"@type\":\"ImageObject\",\"inLanguage\":\"fr-FR\",\"@id\":\"https:\\\/\\\/secure.gravatar.com\\\/avatar\\\/7ce1f28c0c3bbac99ff550b85ef8e44a6950c6ee24514fb6a5489e51d06f0298?s=96&d=mm&r=g\",\"url\":\"https:\\\/\\\/secure.gravatar.com\\\/avatar\\\/7ce1f28c0c3bbac99ff550b85ef8e44a6950c6ee24514fb6a5489e51d06f0298?s=96&d=mm&r=g\",\"contentUrl\":\"https:\\\/\\\/secure.gravatar.com\\\/avatar\\\/7ce1f28c0c3bbac99ff550b85ef8e44a6950c6ee24514fb6a5489e51d06f0298?s=96&d=mm&r=g\",\"caption\":\"webdo.tn\"},\"url\":\"https:\\\/\\\/www.webdo.tn\\\/fr\\\/actualite\\\/author\\\/webdotn\\\/\"}]}<\/script>\n<!-- \/ Yoast SEO Premium plugin. -->","yoast_head_json":{"title":"Charlie Hebdo : \u00ab On ne peut insulter la foi des autres, on ne peut la tourner en d\u00e9rision \u00bb, juge le Pape","description":"Charlie Hebdo : \u00ab On ne peut insulter la foi des autres, on ne peut la tourner en d\u00e9rision \u00bb, juge le Pape","canonical":"https:\/\/www.webdo.tn\/fr\/actualite\/international\/charlie-hebdo-ne-peut-insulter-la-foi-des-autres-ne-peut-la-tourner-en-derision-juge-le-pape\/184234\/","og_locale":"fr_FR","og_type":"article","og_title":"Charlie Hebdo : \u00ab On ne peut insulter la foi des autres, on ne peut la tourner en d\u00e9rision \u00bb, juge le Pape","og_description":"Charlie Hebdo : \u00ab On ne peut insulter la foi des autres, on ne peut la tourner en d\u00e9rision \u00bb, juge le Pape","og_url":"https:\/\/www.webdo.tn\/fr\/actualite\/international\/charlie-hebdo-ne-peut-insulter-la-foi-des-autres-ne-peut-la-tourner-en-derision-juge-le-pape\/184234\/","og_site_name":"webdo","article_publisher":"https:\/\/www.facebook.com\/webdotn","article_published_time":"2015-01-16T10:13:00+00:00","article_modified_time":"2025-05-19T10:24:27+00:00","og_image":[{"width":315,"height":250,"url":"https:\/\/www.webdo.tn\/fr\/wp-content\/uploads\/2015\/01\/Pape-Francois.jpg","type":"image\/jpeg"}],"author":"webdo.tn","twitter_card":"summary_large_image","twitter_creator":"@webdo_tn","twitter_site":"@webdo_tn","twitter_misc":{"\u00c9crit par":"webdo.tn","Dur\u00e9e de lecture estim\u00e9e":"1 minute"},"schema":{"@context":"https:\/\/schema.org","@graph":[{"@type":"NewsArticle","@id":"https:\/\/www.webdo.tn\/fr\/actualite\/international\/charlie-hebdo-ne-peut-insulter-la-foi-des-autres-ne-peut-la-tourner-en-derision-juge-le-pape\/184234\/#article","isPartOf":{"@id":"https:\/\/www.webdo.tn\/fr\/actualite\/international\/charlie-hebdo-ne-peut-insulter-la-foi-des-autres-ne-peut-la-tourner-en-derision-juge-le-pape\/184234\/"},"author":{"name":"webdo.tn","@id":"https:\/\/www.webdo.tn\/fr\/#\/schema\/person\/9a9c6118d687c117df8ef3cc36a4d175"},"headline":"Charlie Hebdo : \u00ab On ne peut insulter la foi des autres, on ne peut la tourner en d\u00e9rision \u00bb, juge le Pape","datePublished":"2015-01-16T10:13:00+00:00","dateModified":"2025-05-19T10:24:27+00:00","mainEntityOfPage":{"@id":"https:\/\/www.webdo.tn\/fr\/actualite\/international\/charlie-hebdo-ne-peut-insulter-la-foi-des-autres-ne-peut-la-tourner-en-derision-juge-le-pape\/184234\/"},"wordCount":317,"commentCount":0,"publisher":{"@id":"https:\/\/www.webdo.tn\/fr\/#organization"},"image":{"@id":"https:\/\/www.webdo.tn\/fr\/actualite\/international\/charlie-hebdo-ne-peut-insulter-la-foi-des-autres-ne-peut-la-tourner-en-derision-juge-le-pape\/184234\/#primaryimage"},"thumbnailUrl":"https:\/\/www.webdo.tn\/fr\/wp-content\/uploads\/2015\/01\/Pape-Francois.jpg","keywords":["guerre"],"articleSection":["International"],"inLanguage":"fr-FR"},{"@type":"WebPage","@id":"https:\/\/www.webdo.tn\/fr\/actualite\/international\/charlie-hebdo-ne-peut-insulter-la-foi-des-autres-ne-peut-la-tourner-en-derision-juge-le-pape\/184234\/","url":"https:\/\/www.webdo.tn\/fr\/actualite\/international\/charlie-hebdo-ne-peut-insulter-la-foi-des-autres-ne-peut-la-tourner-en-derision-juge-le-pape\/184234\/","name":"Charlie Hebdo : \u00ab On ne peut insulter la foi des autres, on ne peut la tourner en d\u00e9rision \u00bb, juge le Pape","isPartOf":{"@id":"https:\/\/www.webdo.tn\/fr\/#website"},"primaryImageOfPage":{"@id":"https:\/\/www.webdo.tn\/fr\/actualite\/international\/charlie-hebdo-ne-peut-insulter-la-foi-des-autres-ne-peut-la-tourner-en-derision-juge-le-pape\/184234\/#primaryimage"},"image":{"@id":"https:\/\/www.webdo.tn\/fr\/actualite\/international\/charlie-hebdo-ne-peut-insulter-la-foi-des-autres-ne-peut-la-tourner-en-derision-juge-le-pape\/184234\/#primaryimage"},"thumbnailUrl":"https:\/\/www.webdo.tn\/fr\/wp-content\/uploads\/2015\/01\/Pape-Francois.jpg","datePublished":"2015-01-16T10:13:00+00:00","dateModified":"2025-05-19T10:24:27+00:00","description":"Charlie Hebdo : \u00ab On ne peut insulter la foi des autres, on ne peut la tourner en d\u00e9rision \u00bb, juge le Pape","breadcrumb":{"@id":"https:\/\/www.webdo.tn\/fr\/actualite\/international\/charlie-hebdo-ne-peut-insulter-la-foi-des-autres-ne-peut-la-tourner-en-derision-juge-le-pape\/184234\/#breadcrumb"},"inLanguage":"fr-FR","potentialAction":[{"@type":"ReadAction","target":["https:\/\/www.webdo.tn\/fr\/actualite\/international\/charlie-hebdo-ne-peut-insulter-la-foi-des-autres-ne-peut-la-tourner-en-derision-juge-le-pape\/184234\/"]}]},{"@type":"ImageObject","inLanguage":"fr-FR","@id":"https:\/\/www.webdo.tn\/fr\/actualite\/international\/charlie-hebdo-ne-peut-insulter-la-foi-des-autres-ne-peut-la-tourner-en-derision-juge-le-pape\/184234\/#primaryimage","url":"https:\/\/www.webdo.tn\/fr\/wp-content\/uploads\/2015\/01\/Pape-Francois.jpg","contentUrl":"https:\/\/www.webdo.tn\/fr\/wp-content\/uploads\/2015\/01\/Pape-Francois.jpg","width":315,"height":250,"caption":"Charlie Hebdo : \u00ab On ne peut insulter la foi des autres, on ne peut la tourner en d\u00e9rision \u00bb, juge le Pape"},{"@type":"BreadcrumbList","@id":"https:\/\/www.webdo.tn\/fr\/actualite\/international\/charlie-hebdo-ne-peut-insulter-la-foi-des-autres-ne-peut-la-tourner-en-derision-juge-le-pape\/184234\/#breadcrumb","itemListElement":[{"@type":"ListItem","position":1,"name":"Accueil","item":"https:\/\/www.webdo.tn\/fr\/"},{"@type":"ListItem","position":2,"name":"Charlie Hebdo : \u00ab On ne peut insulter la foi des autres, on ne peut la tourner en d\u00e9rision \u00bb, juge le Pape"}]},{"@type":"WebSite","@id":"https:\/\/www.webdo.tn\/fr\/#website","url":"https:\/\/www.webdo.tn\/fr\/","name":"webdo","description":"Tunisie - News en Tunisie et \u00e0 l&#039;international sur Webdo.tn","publisher":{"@id":"https:\/\/www.webdo.tn\/fr\/#organization"},"potentialAction":[{"@type":"SearchAction","target":{"@type":"EntryPoint","urlTemplate":"https:\/\/www.webdo.tn\/fr\/?s={search_term_string}"},"query-input":{"@type":"PropertyValueSpecification","valueRequired":true,"valueName":"search_term_string"}}],"inLanguage":"fr-FR"},{"@type":"Organization","@id":"https:\/\/www.webdo.tn\/fr\/#organization","name":"Webdo","alternateName":"Webdo.tn","url":"https:\/\/www.webdo.tn\/fr\/","logo":{"@type":"ImageObject","inLanguage":"fr-FR","@id":"https:\/\/www.webdo.tn\/fr\/#\/schema\/logo\/image\/","url":"https:\/\/www.webdo.tn\/fr\/wp-content\/uploads\/2025\/06\/Webdo-Tunisie_168377.jpg","contentUrl":"https:\/\/www.webdo.tn\/fr\/wp-content\/uploads\/2025\/06\/Webdo-Tunisie_168377.jpg","width":301,"height":301,"caption":"Webdo"},"image":{"@id":"https:\/\/www.webdo.tn\/fr\/#\/schema\/logo\/image\/"},"sameAs":["https:\/\/www.facebook.com\/webdotn","https:\/\/x.com\/webdo_tn"],"description":"Webdo est un m\u00e9dia num\u00e9rique tunisien fond\u00e9 en 2010, sp\u00e9cialis\u00e9 dans l\u2019actualit\u00e9 nationale et internationale, l\u2019\u00e9conomie, la soci\u00e9t\u00e9 et les analyses politiques. Le site s\u2019adresse \u00e0 un large public francophone et couvre l\u2019information tunisienne en temps r\u00e9el.","email":"redac@webdo.tn","legalName":"YNJ SARL","foundingDate":"2010-09-06","numberOfEmployees":{"@type":"QuantitativeValue","minValue":"11","maxValue":"50"}},{"@type":"Person","@id":"https:\/\/www.webdo.tn\/fr\/#\/schema\/person\/9a9c6118d687c117df8ef3cc36a4d175","name":"webdo.tn","image":{"@type":"ImageObject","inLanguage":"fr-FR","@id":"https:\/\/secure.gravatar.com\/avatar\/7ce1f28c0c3bbac99ff550b85ef8e44a6950c6ee24514fb6a5489e51d06f0298?s=96&d=mm&r=g","url":"https:\/\/secure.gravatar.com\/avatar\/7ce1f28c0c3bbac99ff550b85ef8e44a6950c6ee24514fb6a5489e51d06f0298?s=96&d=mm&r=g","contentUrl":"https:\/\/secure.gravatar.com\/avatar\/7ce1f28c0c3bbac99ff550b85ef8e44a6950c6ee24514fb6a5489e51d06f0298?s=96&d=mm&r=g","caption":"webdo.tn"},"url":"https:\/\/www.webdo.tn\/fr\/actualite\/author\/webdotn\/"}]}},"_links":{"self":[{"href":"https:\/\/www.webdo.tn\/fr\/wp-json\/wp\/v2\/posts\/184234","targetHints":{"allow":["GET"]}}],"collection":[{"href":"https:\/\/www.webdo.tn\/fr\/wp-json\/wp\/v2\/posts"}],"about":[{"href":"https:\/\/www.webdo.tn\/fr\/wp-json\/wp\/v2\/types\/post"}],"author":[{"embeddable":true,"href":"https:\/\/www.webdo.tn\/fr\/wp-json\/wp\/v2\/users\/3222"}],"replies":[{"embeddable":true,"href":"https:\/\/www.webdo.tn\/fr\/wp-json\/wp\/v2\/comments?post=184234"}],"version-history":[{"count":0,"href":"https:\/\/www.webdo.tn\/fr\/wp-json\/wp\/v2\/posts\/184234\/revisions"}],"wp:featuredmedia":[{"embeddable":true,"href":"https:\/\/www.webdo.tn\/fr\/wp-json\/wp\/v2\/media\/319347"}],"wp:attachment":[{"href":"https:\/\/www.webdo.tn\/fr\/wp-json\/wp\/v2\/media?parent=184234"}],"wp:term":[{"taxonomy":"category","embeddable":true,"href":"https:\/\/www.webdo.tn\/fr\/wp-json\/wp\/v2\/categories?post=184234"},{"taxonomy":"post_tag","embeddable":true,"href":"https:\/\/www.webdo.tn\/fr\/wp-json\/wp\/v2\/tags?post=184234"}],"curies":[{"name":"wp","href":"https:\/\/api.w.org\/{rel}","templated":true}]}}