{"id":184233,"date":"2015-01-16T15:45:00","date_gmt":"2015-01-16T15:45:00","guid":{"rendered":"https:\/\/www.webdo.tn\/fr\/blog\/40-des-francais-estiment-que-la-communaute-musulmane-est-une-menace-pour-lidentite-de-la-france\/184233\/"},"modified":"2015-01-16T15:45:00","modified_gmt":"2015-01-16T15:45:00","slug":"40-des-francais-estiment-que-la-communaute-musulmane-est-une-menace-pour-lidentite-de-la-france","status":"publish","type":"post","link":"https:\/\/www.webdo.tn\/fr\/actualite\/international\/40-des-francais-estiment-que-la-communaute-musulmane-est-une-menace-pour-lidentite-de-la-france\/184233\/","title":{"rendered":"40% des Fran\u00e7ais, estiment que la communaut\u00e9 musulmane est \u00ab\u00a0une menace\u00a0\u00bb pour l&rsquo;identit\u00e9 de la France"},"content":{"rendered":"<p>Un sondage Ifop pour le site Atlantico.fr r\u00e9alis\u00e9 apr\u00e8s l\u2019attaque du 7 janvier contre le journal Charlie Hebdo fait ressortir que pour 40% des Fran\u00e7ais, \u00ab\u00a0la pr\u00e9sence d&rsquo;une communaut\u00e9 musulmane en France est plut\u00f4t une menace pour l&rsquo;identit\u00e9 de la France\u00a0\u00bb.<\/p>\n<p>Selon ce sondage dont les r\u00e9sultats ont \u00e9t\u00e9 rapport\u00e9s par l\u2019AFP, 25% des Fran\u00e7ais estiment que la pr\u00e9sence d&rsquo;une communaut\u00e9 musulmane en France est \u00ab\u00a0plut\u00f4t un facteur d&rsquo;enrichissement culturel\u00a0\u00bb, et 35% pensent qu\u2019elle n&rsquo;est \u00ab\u00a0ni l&rsquo;un ni l&rsquo;autre\u00a0\u00bb.<\/p>\n<p>Parmi les Fran\u00e7ais pensant que c&rsquo;est \u00ab\u00a0plut\u00f4t une menace\u00a0\u00bb, ils sont 86% des sympathisants du FN \u00e0 l&rsquo;affirmer, 18% chez les sympathisants PS, 49% chez les sympathisants UMP et 32% chez les sympathisants Front de gauche, selon cette enqu\u00eate.<\/p>\n<p>Dans les 25% pensant que c&rsquo;est \u00ab\u00a0un facteur d&rsquo;enrichissement culturel\u00a0\u00bb, ils sont 41% \u00e0 l&rsquo;affirmer chez les sympathisants du Front de gauche, 48% chez les sympathisants du PS, 14% chez les sympathisants de l&rsquo;UMP et 1% chez les sympathisants du FN.<\/p>\n<p>Toujours selon cette \u00e9tude, 66% des Fran\u00e7ais pensent qu&rsquo;il ne faut \u00ab\u00a0pas faire d&rsquo;amalgame (\u2026) alors que 29% pensent que l&rsquo;islam repr\u00e9sente une menace\u00a0\u00bb.<\/p>\n","protected":false},"excerpt":{"rendered":"<p>40% des Fran\u00e7ais, estiment que la communaut\u00e9 musulmane est  une menace  pour l&rsquo;identit\u00e9 de la France<\/p>\n","protected":false},"author":3222,"featured_media":335446,"comment_status":"open","ping_status":"closed","sticky":false,"template":"","format":"standard","meta":{"footnotes":""},"categories":[2598],"tags":[2600],"class_list":["post-184233","post","type-post","status-publish","format-standard","has-post-thumbnail","hentry","category-international","tag-guerre"],"yoast_head":"<!-- This site is optimized with the Yoast SEO Premium plugin v27.5 (Yoast SEO v27.5) - https:\/\/yoast.com\/product\/yoast-seo-premium-wordpress\/ -->\n<title>40% des Fran\u00e7ais, estiment que la communaut\u00e9 musulmane est une menace pour l&#039;identit\u00e9 de la France<\/title>\n<meta name=\"description\" content=\"40% des Fran\u00e7ais, estiment que la communaut\u00e9 musulmane est une menace pour l&#039;identit\u00e9 de la France\" \/>\n<link rel=\"canonical\" href=\"https:\/\/www.webdo.tn\/fr\/actualite\/international\/40-des-francais-estiment-que-la-communaute-musulmane-est-une-menace-pour-lidentite-de-la-france\/184233\/\" \/>\n<meta property=\"og:locale\" content=\"fr_FR\" \/>\n<meta property=\"og:type\" content=\"article\" \/>\n<meta property=\"og:title\" content=\"40% des Fran\u00e7ais, estiment que la communaut\u00e9 musulmane est &quot;une menace&quot; pour l&#039;identit\u00e9 de la France\" \/>\n<meta property=\"og:description\" content=\"40% des Fran\u00e7ais, estiment que la communaut\u00e9 musulmane est une menace pour l&#039;identit\u00e9 de la France\" \/>\n<meta property=\"og:url\" content=\"https:\/\/www.webdo.tn\/fr\/actualite\/international\/40-des-francais-estiment-que-la-communaute-musulmane-est-une-menace-pour-lidentite-de-la-france\/184233\/\" \/>\n<meta property=\"og:site_name\" content=\"webdo\" \/>\n<meta property=\"article:publisher\" content=\"https:\/\/www.facebook.com\/webdotn\" \/>\n<meta property=\"article:published_time\" content=\"2015-01-16T15:45:00+00:00\" \/>\n<meta property=\"og:image\" content=\"https:\/\/www.webdo.tn\/fr\/wp-content\/uploads\/2015\/01\/webdo_default-100.jpg\" \/>\n\t<meta property=\"og:image:width\" content=\"800\" \/>\n\t<meta property=\"og:image:height\" content=\"500\" \/>\n\t<meta property=\"og:image:type\" content=\"image\/jpeg\" \/>\n<meta name=\"author\" content=\"webdo.tn\" \/>\n<meta name=\"twitter:card\" content=\"summary_large_image\" \/>\n<meta name=\"twitter:creator\" content=\"@webdo_tn\" \/>\n<meta name=\"twitter:site\" content=\"@webdo_tn\" \/>\n<meta name=\"twitter:label1\" content=\"\u00c9crit par\" \/>\n\t<meta name=\"twitter:data1\" content=\"webdo.tn\" \/>\n\t<meta name=\"twitter:label2\" content=\"Dur\u00e9e de lecture estim\u00e9e\" \/>\n\t<meta name=\"twitter:data2\" content=\"1 minute\" \/>\n<script type=\"application\/ld+json\" class=\"yoast-schema-graph\">{\"@context\":\"https:\\\/\\\/schema.org\",\"@graph\":[{\"@type\":\"NewsArticle\",\"@id\":\"https:\\\/\\\/www.webdo.tn\\\/fr\\\/actualite\\\/international\\\/40-des-francais-estiment-que-la-communaute-musulmane-est-une-menace-pour-lidentite-de-la-france\\\/184233\\\/#article\",\"isPartOf\":{\"@id\":\"https:\\\/\\\/www.webdo.tn\\\/fr\\\/actualite\\\/international\\\/40-des-francais-estiment-que-la-communaute-musulmane-est-une-menace-pour-lidentite-de-la-france\\\/184233\\\/\"},\"author\":{\"name\":\"webdo.tn\",\"@id\":\"https:\\\/\\\/www.webdo.tn\\\/fr\\\/#\\\/schema\\\/person\\\/9a9c6118d687c117df8ef3cc36a4d175\"},\"headline\":\"40% des Fran\u00e7ais, estiment que la communaut\u00e9 musulmane est \u00ab\u00a0une menace\u00a0\u00bb pour l&rsquo;identit\u00e9 de la France\",\"datePublished\":\"2015-01-16T15:45:00+00:00\",\"mainEntityOfPage\":{\"@id\":\"https:\\\/\\\/www.webdo.tn\\\/fr\\\/actualite\\\/international\\\/40-des-francais-estiment-que-la-communaute-musulmane-est-une-menace-pour-lidentite-de-la-france\\\/184233\\\/\"},\"wordCount\":217,\"commentCount\":0,\"publisher\":{\"@id\":\"https:\\\/\\\/www.webdo.tn\\\/fr\\\/#organization\"},\"image\":{\"@id\":\"https:\\\/\\\/www.webdo.tn\\\/fr\\\/actualite\\\/international\\\/40-des-francais-estiment-que-la-communaute-musulmane-est-une-menace-pour-lidentite-de-la-france\\\/184233\\\/#primaryimage\"},\"thumbnailUrl\":\"https:\\\/\\\/www.webdo.tn\\\/fr\\\/wp-content\\\/uploads\\\/2015\\\/01\\\/webdo_default-100.jpg\",\"keywords\":[\"guerre\"],\"articleSection\":[\"International\"],\"inLanguage\":\"fr-FR\"},{\"@type\":\"WebPage\",\"@id\":\"https:\\\/\\\/www.webdo.tn\\\/fr\\\/actualite\\\/international\\\/40-des-francais-estiment-que-la-communaute-musulmane-est-une-menace-pour-lidentite-de-la-france\\\/184233\\\/\",\"url\":\"https:\\\/\\\/www.webdo.tn\\\/fr\\\/actualite\\\/international\\\/40-des-francais-estiment-que-la-communaute-musulmane-est-une-menace-pour-lidentite-de-la-france\\\/184233\\\/\",\"name\":\"40% des Fran\u00e7ais, estiment que la communaut\u00e9 musulmane est une menace pour l'identit\u00e9 de la France\",\"isPartOf\":{\"@id\":\"https:\\\/\\\/www.webdo.tn\\\/fr\\\/#website\"},\"primaryImageOfPage\":{\"@id\":\"https:\\\/\\\/www.webdo.tn\\\/fr\\\/actualite\\\/international\\\/40-des-francais-estiment-que-la-communaute-musulmane-est-une-menace-pour-lidentite-de-la-france\\\/184233\\\/#primaryimage\"},\"image\":{\"@id\":\"https:\\\/\\\/www.webdo.tn\\\/fr\\\/actualite\\\/international\\\/40-des-francais-estiment-que-la-communaute-musulmane-est-une-menace-pour-lidentite-de-la-france\\\/184233\\\/#primaryimage\"},\"thumbnailUrl\":\"https:\\\/\\\/www.webdo.tn\\\/fr\\\/wp-content\\\/uploads\\\/2015\\\/01\\\/webdo_default-100.jpg\",\"datePublished\":\"2015-01-16T15:45:00+00:00\",\"description\":\"40% des Fran\u00e7ais, estiment que la communaut\u00e9 musulmane est une menace pour l'identit\u00e9 de la France\",\"breadcrumb\":{\"@id\":\"https:\\\/\\\/www.webdo.tn\\\/fr\\\/actualite\\\/international\\\/40-des-francais-estiment-que-la-communaute-musulmane-est-une-menace-pour-lidentite-de-la-france\\\/184233\\\/#breadcrumb\"},\"inLanguage\":\"fr-FR\",\"potentialAction\":[{\"@type\":\"ReadAction\",\"target\":[\"https:\\\/\\\/www.webdo.tn\\\/fr\\\/actualite\\\/international\\\/40-des-francais-estiment-que-la-communaute-musulmane-est-une-menace-pour-lidentite-de-la-france\\\/184233\\\/\"]}]},{\"@type\":\"ImageObject\",\"inLanguage\":\"fr-FR\",\"@id\":\"https:\\\/\\\/www.webdo.tn\\\/fr\\\/actualite\\\/international\\\/40-des-francais-estiment-que-la-communaute-musulmane-est-une-menace-pour-lidentite-de-la-france\\\/184233\\\/#primaryimage\",\"url\":\"https:\\\/\\\/www.webdo.tn\\\/fr\\\/wp-content\\\/uploads\\\/2015\\\/01\\\/webdo_default-100.jpg\",\"contentUrl\":\"https:\\\/\\\/www.webdo.tn\\\/fr\\\/wp-content\\\/uploads\\\/2015\\\/01\\\/webdo_default-100.jpg\",\"width\":800,\"height\":500,\"caption\":\"40% des Fran\u00e7ais, estiment que la communaut\u00e9 musulmane est \\\"une menace\\\" pour l'identit\u00e9 de la France\"},{\"@type\":\"BreadcrumbList\",\"@id\":\"https:\\\/\\\/www.webdo.tn\\\/fr\\\/actualite\\\/international\\\/40-des-francais-estiment-que-la-communaute-musulmane-est-une-menace-pour-lidentite-de-la-france\\\/184233\\\/#breadcrumb\",\"itemListElement\":[{\"@type\":\"ListItem\",\"position\":1,\"name\":\"Accueil\",\"item\":\"https:\\\/\\\/www.webdo.tn\\\/fr\\\/\"},{\"@type\":\"ListItem\",\"position\":2,\"name\":\"40% des Fran\u00e7ais, estiment que la communaut\u00e9 musulmane est \u00ab\u00a0une menace\u00a0\u00bb pour l&rsquo;identit\u00e9 de la France\"}]},{\"@type\":\"WebSite\",\"@id\":\"https:\\\/\\\/www.webdo.tn\\\/fr\\\/#website\",\"url\":\"https:\\\/\\\/www.webdo.tn\\\/fr\\\/\",\"name\":\"webdo\",\"description\":\"Tunisie - News en Tunisie et \u00e0 l&#039;international sur Webdo.tn\",\"publisher\":{\"@id\":\"https:\\\/\\\/www.webdo.tn\\\/fr\\\/#organization\"},\"potentialAction\":[{\"@type\":\"SearchAction\",\"target\":{\"@type\":\"EntryPoint\",\"urlTemplate\":\"https:\\\/\\\/www.webdo.tn\\\/fr\\\/?s={search_term_string}\"},\"query-input\":{\"@type\":\"PropertyValueSpecification\",\"valueRequired\":true,\"valueName\":\"search_term_string\"}}],\"inLanguage\":\"fr-FR\"},{\"@type\":\"Organization\",\"@id\":\"https:\\\/\\\/www.webdo.tn\\\/fr\\\/#organization\",\"name\":\"Webdo\",\"alternateName\":\"Webdo.tn\",\"url\":\"https:\\\/\\\/www.webdo.tn\\\/fr\\\/\",\"logo\":{\"@type\":\"ImageObject\",\"inLanguage\":\"fr-FR\",\"@id\":\"https:\\\/\\\/www.webdo.tn\\\/fr\\\/#\\\/schema\\\/logo\\\/image\\\/\",\"url\":\"https:\\\/\\\/www.webdo.tn\\\/fr\\\/wp-content\\\/uploads\\\/2025\\\/06\\\/Webdo-Tunisie_168377.jpg\",\"contentUrl\":\"https:\\\/\\\/www.webdo.tn\\\/fr\\\/wp-content\\\/uploads\\\/2025\\\/06\\\/Webdo-Tunisie_168377.jpg\",\"width\":301,\"height\":301,\"caption\":\"Webdo\"},\"image\":{\"@id\":\"https:\\\/\\\/www.webdo.tn\\\/fr\\\/#\\\/schema\\\/logo\\\/image\\\/\"},\"sameAs\":[\"https:\\\/\\\/www.facebook.com\\\/webdotn\",\"https:\\\/\\\/x.com\\\/webdo_tn\"],\"description\":\"Webdo est un m\u00e9dia num\u00e9rique tunisien fond\u00e9 en 2010, sp\u00e9cialis\u00e9 dans l\u2019actualit\u00e9 nationale et internationale, l\u2019\u00e9conomie, la soci\u00e9t\u00e9 et les analyses politiques. Le site s\u2019adresse \u00e0 un large public francophone et couvre l\u2019information tunisienne en temps r\u00e9el.\",\"email\":\"redac@webdo.tn\",\"legalName\":\"YNJ SARL\",\"foundingDate\":\"2010-09-06\",\"numberOfEmployees\":{\"@type\":\"QuantitativeValue\",\"minValue\":\"11\",\"maxValue\":\"50\"}},{\"@type\":\"Person\",\"@id\":\"https:\\\/\\\/www.webdo.tn\\\/fr\\\/#\\\/schema\\\/person\\\/9a9c6118d687c117df8ef3cc36a4d175\",\"name\":\"webdo.tn\",\"image\":{\"@type\":\"ImageObject\",\"inLanguage\":\"fr-FR\",\"@id\":\"https:\\\/\\\/secure.gravatar.com\\\/avatar\\\/7ce1f28c0c3bbac99ff550b85ef8e44a6950c6ee24514fb6a5489e51d06f0298?s=96&d=mm&r=g\",\"url\":\"https:\\\/\\\/secure.gravatar.com\\\/avatar\\\/7ce1f28c0c3bbac99ff550b85ef8e44a6950c6ee24514fb6a5489e51d06f0298?s=96&d=mm&r=g\",\"contentUrl\":\"https:\\\/\\\/secure.gravatar.com\\\/avatar\\\/7ce1f28c0c3bbac99ff550b85ef8e44a6950c6ee24514fb6a5489e51d06f0298?s=96&d=mm&r=g\",\"caption\":\"webdo.tn\"},\"url\":\"https:\\\/\\\/www.webdo.tn\\\/fr\\\/actualite\\\/author\\\/webdotn\\\/\"}]}<\/script>\n<!-- \/ Yoast SEO Premium plugin. -->","yoast_head_json":{"title":"40% des Fran\u00e7ais, estiment que la communaut\u00e9 musulmane est une menace pour l'identit\u00e9 de la France","description":"40% des Fran\u00e7ais, estiment que la communaut\u00e9 musulmane est une menace pour l'identit\u00e9 de la France","canonical":"https:\/\/www.webdo.tn\/fr\/actualite\/international\/40-des-francais-estiment-que-la-communaute-musulmane-est-une-menace-pour-lidentite-de-la-france\/184233\/","og_locale":"fr_FR","og_type":"article","og_title":"40% des Fran\u00e7ais, estiment que la communaut\u00e9 musulmane est \"une menace\" pour l'identit\u00e9 de la France","og_description":"40% des Fran\u00e7ais, estiment que la communaut\u00e9 musulmane est une menace pour l'identit\u00e9 de la France","og_url":"https:\/\/www.webdo.tn\/fr\/actualite\/international\/40-des-francais-estiment-que-la-communaute-musulmane-est-une-menace-pour-lidentite-de-la-france\/184233\/","og_site_name":"webdo","article_publisher":"https:\/\/www.facebook.com\/webdotn","article_published_time":"2015-01-16T15:45:00+00:00","og_image":[{"width":800,"height":500,"url":"https:\/\/www.webdo.tn\/fr\/wp-content\/uploads\/2015\/01\/webdo_default-100.jpg","type":"image\/jpeg"}],"author":"webdo.tn","twitter_card":"summary_large_image","twitter_creator":"@webdo_tn","twitter_site":"@webdo_tn","twitter_misc":{"\u00c9crit par":"webdo.tn","Dur\u00e9e de lecture estim\u00e9e":"1 minute"},"schema":{"@context":"https:\/\/schema.org","@graph":[{"@type":"NewsArticle","@id":"https:\/\/www.webdo.tn\/fr\/actualite\/international\/40-des-francais-estiment-que-la-communaute-musulmane-est-une-menace-pour-lidentite-de-la-france\/184233\/#article","isPartOf":{"@id":"https:\/\/www.webdo.tn\/fr\/actualite\/international\/40-des-francais-estiment-que-la-communaute-musulmane-est-une-menace-pour-lidentite-de-la-france\/184233\/"},"author":{"name":"webdo.tn","@id":"https:\/\/www.webdo.tn\/fr\/#\/schema\/person\/9a9c6118d687c117df8ef3cc36a4d175"},"headline":"40% des Fran\u00e7ais, estiment que la communaut\u00e9 musulmane est \u00ab\u00a0une menace\u00a0\u00bb pour l&rsquo;identit\u00e9 de la France","datePublished":"2015-01-16T15:45:00+00:00","mainEntityOfPage":{"@id":"https:\/\/www.webdo.tn\/fr\/actualite\/international\/40-des-francais-estiment-que-la-communaute-musulmane-est-une-menace-pour-lidentite-de-la-france\/184233\/"},"wordCount":217,"commentCount":0,"publisher":{"@id":"https:\/\/www.webdo.tn\/fr\/#organization"},"image":{"@id":"https:\/\/www.webdo.tn\/fr\/actualite\/international\/40-des-francais-estiment-que-la-communaute-musulmane-est-une-menace-pour-lidentite-de-la-france\/184233\/#primaryimage"},"thumbnailUrl":"https:\/\/www.webdo.tn\/fr\/wp-content\/uploads\/2015\/01\/webdo_default-100.jpg","keywords":["guerre"],"articleSection":["International"],"inLanguage":"fr-FR"},{"@type":"WebPage","@id":"https:\/\/www.webdo.tn\/fr\/actualite\/international\/40-des-francais-estiment-que-la-communaute-musulmane-est-une-menace-pour-lidentite-de-la-france\/184233\/","url":"https:\/\/www.webdo.tn\/fr\/actualite\/international\/40-des-francais-estiment-que-la-communaute-musulmane-est-une-menace-pour-lidentite-de-la-france\/184233\/","name":"40% des Fran\u00e7ais, estiment que la communaut\u00e9 musulmane est une menace pour l'identit\u00e9 de la France","isPartOf":{"@id":"https:\/\/www.webdo.tn\/fr\/#website"},"primaryImageOfPage":{"@id":"https:\/\/www.webdo.tn\/fr\/actualite\/international\/40-des-francais-estiment-que-la-communaute-musulmane-est-une-menace-pour-lidentite-de-la-france\/184233\/#primaryimage"},"image":{"@id":"https:\/\/www.webdo.tn\/fr\/actualite\/international\/40-des-francais-estiment-que-la-communaute-musulmane-est-une-menace-pour-lidentite-de-la-france\/184233\/#primaryimage"},"thumbnailUrl":"https:\/\/www.webdo.tn\/fr\/wp-content\/uploads\/2015\/01\/webdo_default-100.jpg","datePublished":"2015-01-16T15:45:00+00:00","description":"40% des Fran\u00e7ais, estiment que la communaut\u00e9 musulmane est une menace pour l'identit\u00e9 de la France","breadcrumb":{"@id":"https:\/\/www.webdo.tn\/fr\/actualite\/international\/40-des-francais-estiment-que-la-communaute-musulmane-est-une-menace-pour-lidentite-de-la-france\/184233\/#breadcrumb"},"inLanguage":"fr-FR","potentialAction":[{"@type":"ReadAction","target":["https:\/\/www.webdo.tn\/fr\/actualite\/international\/40-des-francais-estiment-que-la-communaute-musulmane-est-une-menace-pour-lidentite-de-la-france\/184233\/"]}]},{"@type":"ImageObject","inLanguage":"fr-FR","@id":"https:\/\/www.webdo.tn\/fr\/actualite\/international\/40-des-francais-estiment-que-la-communaute-musulmane-est-une-menace-pour-lidentite-de-la-france\/184233\/#primaryimage","url":"https:\/\/www.webdo.tn\/fr\/wp-content\/uploads\/2015\/01\/webdo_default-100.jpg","contentUrl":"https:\/\/www.webdo.tn\/fr\/wp-content\/uploads\/2015\/01\/webdo_default-100.jpg","width":800,"height":500,"caption":"40% des Fran\u00e7ais, estiment que la communaut\u00e9 musulmane est \"une menace\" pour l'identit\u00e9 de la France"},{"@type":"BreadcrumbList","@id":"https:\/\/www.webdo.tn\/fr\/actualite\/international\/40-des-francais-estiment-que-la-communaute-musulmane-est-une-menace-pour-lidentite-de-la-france\/184233\/#breadcrumb","itemListElement":[{"@type":"ListItem","position":1,"name":"Accueil","item":"https:\/\/www.webdo.tn\/fr\/"},{"@type":"ListItem","position":2,"name":"40% des Fran\u00e7ais, estiment que la communaut\u00e9 musulmane est \u00ab\u00a0une menace\u00a0\u00bb pour l&rsquo;identit\u00e9 de la France"}]},{"@type":"WebSite","@id":"https:\/\/www.webdo.tn\/fr\/#website","url":"https:\/\/www.webdo.tn\/fr\/","name":"webdo","description":"Tunisie - News en Tunisie et \u00e0 l&#039;international sur Webdo.tn","publisher":{"@id":"https:\/\/www.webdo.tn\/fr\/#organization"},"potentialAction":[{"@type":"SearchAction","target":{"@type":"EntryPoint","urlTemplate":"https:\/\/www.webdo.tn\/fr\/?s={search_term_string}"},"query-input":{"@type":"PropertyValueSpecification","valueRequired":true,"valueName":"search_term_string"}}],"inLanguage":"fr-FR"},{"@type":"Organization","@id":"https:\/\/www.webdo.tn\/fr\/#organization","name":"Webdo","alternateName":"Webdo.tn","url":"https:\/\/www.webdo.tn\/fr\/","logo":{"@type":"ImageObject","inLanguage":"fr-FR","@id":"https:\/\/www.webdo.tn\/fr\/#\/schema\/logo\/image\/","url":"https:\/\/www.webdo.tn\/fr\/wp-content\/uploads\/2025\/06\/Webdo-Tunisie_168377.jpg","contentUrl":"https:\/\/www.webdo.tn\/fr\/wp-content\/uploads\/2025\/06\/Webdo-Tunisie_168377.jpg","width":301,"height":301,"caption":"Webdo"},"image":{"@id":"https:\/\/www.webdo.tn\/fr\/#\/schema\/logo\/image\/"},"sameAs":["https:\/\/www.facebook.com\/webdotn","https:\/\/x.com\/webdo_tn"],"description":"Webdo est un m\u00e9dia num\u00e9rique tunisien fond\u00e9 en 2010, sp\u00e9cialis\u00e9 dans l\u2019actualit\u00e9 nationale et internationale, l\u2019\u00e9conomie, la soci\u00e9t\u00e9 et les analyses politiques. Le site s\u2019adresse \u00e0 un large public francophone et couvre l\u2019information tunisienne en temps r\u00e9el.","email":"redac@webdo.tn","legalName":"YNJ SARL","foundingDate":"2010-09-06","numberOfEmployees":{"@type":"QuantitativeValue","minValue":"11","maxValue":"50"}},{"@type":"Person","@id":"https:\/\/www.webdo.tn\/fr\/#\/schema\/person\/9a9c6118d687c117df8ef3cc36a4d175","name":"webdo.tn","image":{"@type":"ImageObject","inLanguage":"fr-FR","@id":"https:\/\/secure.gravatar.com\/avatar\/7ce1f28c0c3bbac99ff550b85ef8e44a6950c6ee24514fb6a5489e51d06f0298?s=96&d=mm&r=g","url":"https:\/\/secure.gravatar.com\/avatar\/7ce1f28c0c3bbac99ff550b85ef8e44a6950c6ee24514fb6a5489e51d06f0298?s=96&d=mm&r=g","contentUrl":"https:\/\/secure.gravatar.com\/avatar\/7ce1f28c0c3bbac99ff550b85ef8e44a6950c6ee24514fb6a5489e51d06f0298?s=96&d=mm&r=g","caption":"webdo.tn"},"url":"https:\/\/www.webdo.tn\/fr\/actualite\/author\/webdotn\/"}]}},"_links":{"self":[{"href":"https:\/\/www.webdo.tn\/fr\/wp-json\/wp\/v2\/posts\/184233","targetHints":{"allow":["GET"]}}],"collection":[{"href":"https:\/\/www.webdo.tn\/fr\/wp-json\/wp\/v2\/posts"}],"about":[{"href":"https:\/\/www.webdo.tn\/fr\/wp-json\/wp\/v2\/types\/post"}],"author":[{"embeddable":true,"href":"https:\/\/www.webdo.tn\/fr\/wp-json\/wp\/v2\/users\/3222"}],"replies":[{"embeddable":true,"href":"https:\/\/www.webdo.tn\/fr\/wp-json\/wp\/v2\/comments?post=184233"}],"version-history":[{"count":0,"href":"https:\/\/www.webdo.tn\/fr\/wp-json\/wp\/v2\/posts\/184233\/revisions"}],"wp:featuredmedia":[{"embeddable":true,"href":"https:\/\/www.webdo.tn\/fr\/wp-json\/wp\/v2\/media\/335446"}],"wp:attachment":[{"href":"https:\/\/www.webdo.tn\/fr\/wp-json\/wp\/v2\/media?parent=184233"}],"wp:term":[{"taxonomy":"category","embeddable":true,"href":"https:\/\/www.webdo.tn\/fr\/wp-json\/wp\/v2\/categories?post=184233"},{"taxonomy":"post_tag","embeddable":true,"href":"https:\/\/www.webdo.tn\/fr\/wp-json\/wp\/v2\/tags?post=184233"}],"curies":[{"name":"wp","href":"https:\/\/api.w.org\/{rel}","templated":true}]}}