{"id":184231,"date":"2015-01-16T17:00:00","date_gmt":"2015-01-16T17:00:00","guid":{"rendered":"https:\/\/www.webdo.tn\/fr\/blog\/le-crldht-appelle-manuel-valls-interdire-une-manifestation-islamophobe-paris\/184231\/"},"modified":"2015-01-16T17:00:00","modified_gmt":"2015-01-16T17:00:00","slug":"le-crldht-appelle-manuel-valls-interdire-une-manifestation-islamophobe-paris","status":"publish","type":"post","link":"https:\/\/www.webdo.tn\/fr\/actualite\/international\/le-crldht-appelle-manuel-valls-interdire-une-manifestation-islamophobe-paris\/184231\/","title":{"rendered":"Le CRLDHT appelle Manuel Valls \u00e0 interdire une manifestation islamophobe \u00e0 Paris"},"content":{"rendered":"<p>Le\u00a0 Comit\u00e9 pour le Respect des Libert\u00e9s et des Droits de l&rsquo;Homme en Tunisie (CRLDHT) a adress\u00e9 ce vendredi 16 janvier une lettre au Premier ministre fran\u00e7ais Manuel Valls, l&rsquo;incitant \u00e0 interdire une manifestation anti-musulmans en France.<\/p>\n<p>La manifestation\u00a0intitul\u00e9e : \u00a0\u00abD\u00e9s\u00e9quilibr\u00e9,\u00a0 \u00e9gorgeurs, chauffards\u2026 \u2013 Islamistes hors de France\u00a0\u00bb\u00a0organis\u00e9e par l&rsquo;organisation \u00ab\u00a0Riposte La\u00efque\u00a0\u00bb, est pr\u00e9vue pour dimanche\u00a018 janvier \u00e0 Paris.<\/p>\n<p>[quote_box_center]<br \/>\nIl s\u2019agit d\u2019une manifestation \u00e0 caract\u00e8re raciste, visant \u00e0 attiser la haine et \u00e0 diffuser l\u2019esprit de discorde. Il ne s\u2019agit pas de l\u2019expression d\u2019une opinion dans le cadre d\u2019un d\u00e9bat d\u00e9mocratique mais d\u2019une tentative dangereuse d\u2019instaurer un climat de guerre civile dans le pays. En cons\u00e9quence, cette manifestation tombe sous le coup de la loi, et devrait \u00eatre interdite.<br \/>\n[\/quote_box_center]<\/p>\n<p>Le Comit\u00e9 pour le Respect des Libert\u00e9s et des Droits de l\u2019Homme a \u00e9t\u00e9 fond\u00e9 \u00e0 Paris en 1996 par un groupe de militantes et de militants, tunisiens et non tunisiens dans le but d\u2019\u00e9largir le domaine de la lutte pour le respect des libert\u00e9s et des droits de l\u2019homme et de gagner l\u2019approbation et la solidarit\u00e9 europ\u00e9enne et internationale en faveur du combat contre le despotisme en Tunisie.<\/p>\n<p>Il est pr\u00e9sid\u00e9 actuellement par Kamel Jendoubi, ancien pr\u00e9sident de l&rsquo;Instance Sup\u00e9rieur pour l&rsquo;Ind\u00e9pendance des Elections (ISIE) en Tunisie lors des \u00e9lections de 2011.<\/p>\n","protected":false},"excerpt":{"rendered":"<p>Le CRLDHT appelle Manuel Valls \u00e0 interdire une manifestation islamophobe \u00e0 Paris<\/p>\n","protected":false},"author":3222,"featured_media":335449,"comment_status":"open","ping_status":"closed","sticky":false,"template":"","format":"standard","meta":{"footnotes":""},"categories":[2598],"tags":[2600],"class_list":["post-184231","post","type-post","status-publish","format-standard","has-post-thumbnail","hentry","category-international","tag-guerre"],"yoast_head":"<!-- This site is optimized with the Yoast SEO Premium plugin v27.5 (Yoast SEO v27.5) - https:\/\/yoast.com\/product\/yoast-seo-premium-wordpress\/ -->\n<title>Le CRLDHT appelle Manuel Valls \u00e0 interdire une manifestation islamophobe \u00e0 Paris<\/title>\n<meta name=\"description\" content=\"Le CRLDHT appelle Manuel Valls \u00e0 interdire une manifestation islamophobe \u00e0 Paris\" \/>\n<link rel=\"canonical\" href=\"https:\/\/www.webdo.tn\/fr\/actualite\/international\/le-crldht-appelle-manuel-valls-interdire-une-manifestation-islamophobe-paris\/184231\/\" \/>\n<meta property=\"og:locale\" content=\"fr_FR\" \/>\n<meta property=\"og:type\" content=\"article\" \/>\n<meta property=\"og:title\" content=\"Le CRLDHT appelle Manuel Valls \u00e0 interdire une manifestation islamophobe \u00e0 Paris\" \/>\n<meta property=\"og:description\" content=\"Le CRLDHT appelle Manuel Valls \u00e0 interdire une manifestation islamophobe \u00e0 Paris\" \/>\n<meta property=\"og:url\" content=\"https:\/\/www.webdo.tn\/fr\/actualite\/international\/le-crldht-appelle-manuel-valls-interdire-une-manifestation-islamophobe-paris\/184231\/\" \/>\n<meta property=\"og:site_name\" content=\"webdo\" \/>\n<meta property=\"article:publisher\" content=\"https:\/\/www.facebook.com\/webdotn\" \/>\n<meta property=\"article:published_time\" content=\"2015-01-16T17:00:00+00:00\" \/>\n<meta property=\"og:image\" content=\"https:\/\/www.webdo.tn\/fr\/wp-content\/uploads\/2015\/01\/webdo_default-103.jpg\" \/>\n\t<meta property=\"og:image:width\" content=\"800\" \/>\n\t<meta property=\"og:image:height\" content=\"500\" \/>\n\t<meta property=\"og:image:type\" content=\"image\/jpeg\" \/>\n<meta name=\"author\" content=\"webdo.tn\" \/>\n<meta name=\"twitter:card\" content=\"summary_large_image\" \/>\n<meta name=\"twitter:creator\" content=\"@webdo_tn\" \/>\n<meta name=\"twitter:site\" content=\"@webdo_tn\" \/>\n<meta name=\"twitter:label1\" content=\"\u00c9crit par\" \/>\n\t<meta name=\"twitter:data1\" content=\"webdo.tn\" \/>\n\t<meta name=\"twitter:label2\" content=\"Dur\u00e9e de lecture estim\u00e9e\" \/>\n\t<meta name=\"twitter:data2\" content=\"1 minute\" \/>\n<script type=\"application\/ld+json\" class=\"yoast-schema-graph\">{\"@context\":\"https:\\\/\\\/schema.org\",\"@graph\":[{\"@type\":\"NewsArticle\",\"@id\":\"https:\\\/\\\/www.webdo.tn\\\/fr\\\/actualite\\\/international\\\/le-crldht-appelle-manuel-valls-interdire-une-manifestation-islamophobe-paris\\\/184231\\\/#article\",\"isPartOf\":{\"@id\":\"https:\\\/\\\/www.webdo.tn\\\/fr\\\/actualite\\\/international\\\/le-crldht-appelle-manuel-valls-interdire-une-manifestation-islamophobe-paris\\\/184231\\\/\"},\"author\":{\"name\":\"webdo.tn\",\"@id\":\"https:\\\/\\\/www.webdo.tn\\\/fr\\\/#\\\/schema\\\/person\\\/9a9c6118d687c117df8ef3cc36a4d175\"},\"headline\":\"Le CRLDHT appelle Manuel Valls \u00e0 interdire une manifestation islamophobe \u00e0 Paris\",\"datePublished\":\"2015-01-16T17:00:00+00:00\",\"mainEntityOfPage\":{\"@id\":\"https:\\\/\\\/www.webdo.tn\\\/fr\\\/actualite\\\/international\\\/le-crldht-appelle-manuel-valls-interdire-une-manifestation-islamophobe-paris\\\/184231\\\/\"},\"wordCount\":256,\"commentCount\":0,\"publisher\":{\"@id\":\"https:\\\/\\\/www.webdo.tn\\\/fr\\\/#organization\"},\"image\":{\"@id\":\"https:\\\/\\\/www.webdo.tn\\\/fr\\\/actualite\\\/international\\\/le-crldht-appelle-manuel-valls-interdire-une-manifestation-islamophobe-paris\\\/184231\\\/#primaryimage\"},\"thumbnailUrl\":\"https:\\\/\\\/www.webdo.tn\\\/fr\\\/wp-content\\\/uploads\\\/2015\\\/01\\\/webdo_default-103.jpg\",\"keywords\":[\"guerre\"],\"articleSection\":[\"International\"],\"inLanguage\":\"fr-FR\"},{\"@type\":\"WebPage\",\"@id\":\"https:\\\/\\\/www.webdo.tn\\\/fr\\\/actualite\\\/international\\\/le-crldht-appelle-manuel-valls-interdire-une-manifestation-islamophobe-paris\\\/184231\\\/\",\"url\":\"https:\\\/\\\/www.webdo.tn\\\/fr\\\/actualite\\\/international\\\/le-crldht-appelle-manuel-valls-interdire-une-manifestation-islamophobe-paris\\\/184231\\\/\",\"name\":\"Le CRLDHT appelle Manuel Valls \u00e0 interdire une manifestation islamophobe \u00e0 Paris\",\"isPartOf\":{\"@id\":\"https:\\\/\\\/www.webdo.tn\\\/fr\\\/#website\"},\"primaryImageOfPage\":{\"@id\":\"https:\\\/\\\/www.webdo.tn\\\/fr\\\/actualite\\\/international\\\/le-crldht-appelle-manuel-valls-interdire-une-manifestation-islamophobe-paris\\\/184231\\\/#primaryimage\"},\"image\":{\"@id\":\"https:\\\/\\\/www.webdo.tn\\\/fr\\\/actualite\\\/international\\\/le-crldht-appelle-manuel-valls-interdire-une-manifestation-islamophobe-paris\\\/184231\\\/#primaryimage\"},\"thumbnailUrl\":\"https:\\\/\\\/www.webdo.tn\\\/fr\\\/wp-content\\\/uploads\\\/2015\\\/01\\\/webdo_default-103.jpg\",\"datePublished\":\"2015-01-16T17:00:00+00:00\",\"description\":\"Le CRLDHT appelle Manuel Valls \u00e0 interdire une manifestation islamophobe \u00e0 Paris\",\"breadcrumb\":{\"@id\":\"https:\\\/\\\/www.webdo.tn\\\/fr\\\/actualite\\\/international\\\/le-crldht-appelle-manuel-valls-interdire-une-manifestation-islamophobe-paris\\\/184231\\\/#breadcrumb\"},\"inLanguage\":\"fr-FR\",\"potentialAction\":[{\"@type\":\"ReadAction\",\"target\":[\"https:\\\/\\\/www.webdo.tn\\\/fr\\\/actualite\\\/international\\\/le-crldht-appelle-manuel-valls-interdire-une-manifestation-islamophobe-paris\\\/184231\\\/\"]}]},{\"@type\":\"ImageObject\",\"inLanguage\":\"fr-FR\",\"@id\":\"https:\\\/\\\/www.webdo.tn\\\/fr\\\/actualite\\\/international\\\/le-crldht-appelle-manuel-valls-interdire-une-manifestation-islamophobe-paris\\\/184231\\\/#primaryimage\",\"url\":\"https:\\\/\\\/www.webdo.tn\\\/fr\\\/wp-content\\\/uploads\\\/2015\\\/01\\\/webdo_default-103.jpg\",\"contentUrl\":\"https:\\\/\\\/www.webdo.tn\\\/fr\\\/wp-content\\\/uploads\\\/2015\\\/01\\\/webdo_default-103.jpg\",\"width\":800,\"height\":500,\"caption\":\"Le CRLDHT appelle Manuel Valls \u00e0 interdire une manifestation islamophobe \u00e0 Paris\"},{\"@type\":\"BreadcrumbList\",\"@id\":\"https:\\\/\\\/www.webdo.tn\\\/fr\\\/actualite\\\/international\\\/le-crldht-appelle-manuel-valls-interdire-une-manifestation-islamophobe-paris\\\/184231\\\/#breadcrumb\",\"itemListElement\":[{\"@type\":\"ListItem\",\"position\":1,\"name\":\"Accueil\",\"item\":\"https:\\\/\\\/www.webdo.tn\\\/fr\\\/\"},{\"@type\":\"ListItem\",\"position\":2,\"name\":\"Le CRLDHT appelle Manuel Valls \u00e0 interdire une manifestation islamophobe \u00e0 Paris\"}]},{\"@type\":\"WebSite\",\"@id\":\"https:\\\/\\\/www.webdo.tn\\\/fr\\\/#website\",\"url\":\"https:\\\/\\\/www.webdo.tn\\\/fr\\\/\",\"name\":\"webdo\",\"description\":\"Tunisie - News en Tunisie et \u00e0 l&#039;international sur Webdo.tn\",\"publisher\":{\"@id\":\"https:\\\/\\\/www.webdo.tn\\\/fr\\\/#organization\"},\"potentialAction\":[{\"@type\":\"SearchAction\",\"target\":{\"@type\":\"EntryPoint\",\"urlTemplate\":\"https:\\\/\\\/www.webdo.tn\\\/fr\\\/?s={search_term_string}\"},\"query-input\":{\"@type\":\"PropertyValueSpecification\",\"valueRequired\":true,\"valueName\":\"search_term_string\"}}],\"inLanguage\":\"fr-FR\"},{\"@type\":\"Organization\",\"@id\":\"https:\\\/\\\/www.webdo.tn\\\/fr\\\/#organization\",\"name\":\"Webdo\",\"alternateName\":\"Webdo.tn\",\"url\":\"https:\\\/\\\/www.webdo.tn\\\/fr\\\/\",\"logo\":{\"@type\":\"ImageObject\",\"inLanguage\":\"fr-FR\",\"@id\":\"https:\\\/\\\/www.webdo.tn\\\/fr\\\/#\\\/schema\\\/logo\\\/image\\\/\",\"url\":\"https:\\\/\\\/www.webdo.tn\\\/fr\\\/wp-content\\\/uploads\\\/2025\\\/06\\\/Webdo-Tunisie_168377.jpg\",\"contentUrl\":\"https:\\\/\\\/www.webdo.tn\\\/fr\\\/wp-content\\\/uploads\\\/2025\\\/06\\\/Webdo-Tunisie_168377.jpg\",\"width\":301,\"height\":301,\"caption\":\"Webdo\"},\"image\":{\"@id\":\"https:\\\/\\\/www.webdo.tn\\\/fr\\\/#\\\/schema\\\/logo\\\/image\\\/\"},\"sameAs\":[\"https:\\\/\\\/www.facebook.com\\\/webdotn\",\"https:\\\/\\\/x.com\\\/webdo_tn\"],\"description\":\"Webdo est un m\u00e9dia num\u00e9rique tunisien fond\u00e9 en 2010, sp\u00e9cialis\u00e9 dans l\u2019actualit\u00e9 nationale et internationale, l\u2019\u00e9conomie, la soci\u00e9t\u00e9 et les analyses politiques. Le site s\u2019adresse \u00e0 un large public francophone et couvre l\u2019information tunisienne en temps r\u00e9el.\",\"email\":\"redac@webdo.tn\",\"legalName\":\"YNJ SARL\",\"foundingDate\":\"2010-09-06\",\"numberOfEmployees\":{\"@type\":\"QuantitativeValue\",\"minValue\":\"11\",\"maxValue\":\"50\"}},{\"@type\":\"Person\",\"@id\":\"https:\\\/\\\/www.webdo.tn\\\/fr\\\/#\\\/schema\\\/person\\\/9a9c6118d687c117df8ef3cc36a4d175\",\"name\":\"webdo.tn\",\"image\":{\"@type\":\"ImageObject\",\"inLanguage\":\"fr-FR\",\"@id\":\"https:\\\/\\\/secure.gravatar.com\\\/avatar\\\/7ce1f28c0c3bbac99ff550b85ef8e44a6950c6ee24514fb6a5489e51d06f0298?s=96&d=mm&r=g\",\"url\":\"https:\\\/\\\/secure.gravatar.com\\\/avatar\\\/7ce1f28c0c3bbac99ff550b85ef8e44a6950c6ee24514fb6a5489e51d06f0298?s=96&d=mm&r=g\",\"contentUrl\":\"https:\\\/\\\/secure.gravatar.com\\\/avatar\\\/7ce1f28c0c3bbac99ff550b85ef8e44a6950c6ee24514fb6a5489e51d06f0298?s=96&d=mm&r=g\",\"caption\":\"webdo.tn\"},\"url\":\"https:\\\/\\\/www.webdo.tn\\\/fr\\\/actualite\\\/author\\\/webdotn\\\/\"}]}<\/script>\n<!-- \/ Yoast SEO Premium plugin. -->","yoast_head_json":{"title":"Le CRLDHT appelle Manuel Valls \u00e0 interdire une manifestation islamophobe \u00e0 Paris","description":"Le CRLDHT appelle Manuel Valls \u00e0 interdire une manifestation islamophobe \u00e0 Paris","canonical":"https:\/\/www.webdo.tn\/fr\/actualite\/international\/le-crldht-appelle-manuel-valls-interdire-une-manifestation-islamophobe-paris\/184231\/","og_locale":"fr_FR","og_type":"article","og_title":"Le CRLDHT appelle Manuel Valls \u00e0 interdire une manifestation islamophobe \u00e0 Paris","og_description":"Le CRLDHT appelle Manuel Valls \u00e0 interdire une manifestation islamophobe \u00e0 Paris","og_url":"https:\/\/www.webdo.tn\/fr\/actualite\/international\/le-crldht-appelle-manuel-valls-interdire-une-manifestation-islamophobe-paris\/184231\/","og_site_name":"webdo","article_publisher":"https:\/\/www.facebook.com\/webdotn","article_published_time":"2015-01-16T17:00:00+00:00","og_image":[{"width":800,"height":500,"url":"https:\/\/www.webdo.tn\/fr\/wp-content\/uploads\/2015\/01\/webdo_default-103.jpg","type":"image\/jpeg"}],"author":"webdo.tn","twitter_card":"summary_large_image","twitter_creator":"@webdo_tn","twitter_site":"@webdo_tn","twitter_misc":{"\u00c9crit par":"webdo.tn","Dur\u00e9e de lecture estim\u00e9e":"1 minute"},"schema":{"@context":"https:\/\/schema.org","@graph":[{"@type":"NewsArticle","@id":"https:\/\/www.webdo.tn\/fr\/actualite\/international\/le-crldht-appelle-manuel-valls-interdire-une-manifestation-islamophobe-paris\/184231\/#article","isPartOf":{"@id":"https:\/\/www.webdo.tn\/fr\/actualite\/international\/le-crldht-appelle-manuel-valls-interdire-une-manifestation-islamophobe-paris\/184231\/"},"author":{"name":"webdo.tn","@id":"https:\/\/www.webdo.tn\/fr\/#\/schema\/person\/9a9c6118d687c117df8ef3cc36a4d175"},"headline":"Le CRLDHT appelle Manuel Valls \u00e0 interdire une manifestation islamophobe \u00e0 Paris","datePublished":"2015-01-16T17:00:00+00:00","mainEntityOfPage":{"@id":"https:\/\/www.webdo.tn\/fr\/actualite\/international\/le-crldht-appelle-manuel-valls-interdire-une-manifestation-islamophobe-paris\/184231\/"},"wordCount":256,"commentCount":0,"publisher":{"@id":"https:\/\/www.webdo.tn\/fr\/#organization"},"image":{"@id":"https:\/\/www.webdo.tn\/fr\/actualite\/international\/le-crldht-appelle-manuel-valls-interdire-une-manifestation-islamophobe-paris\/184231\/#primaryimage"},"thumbnailUrl":"https:\/\/www.webdo.tn\/fr\/wp-content\/uploads\/2015\/01\/webdo_default-103.jpg","keywords":["guerre"],"articleSection":["International"],"inLanguage":"fr-FR"},{"@type":"WebPage","@id":"https:\/\/www.webdo.tn\/fr\/actualite\/international\/le-crldht-appelle-manuel-valls-interdire-une-manifestation-islamophobe-paris\/184231\/","url":"https:\/\/www.webdo.tn\/fr\/actualite\/international\/le-crldht-appelle-manuel-valls-interdire-une-manifestation-islamophobe-paris\/184231\/","name":"Le CRLDHT appelle Manuel Valls \u00e0 interdire une manifestation islamophobe \u00e0 Paris","isPartOf":{"@id":"https:\/\/www.webdo.tn\/fr\/#website"},"primaryImageOfPage":{"@id":"https:\/\/www.webdo.tn\/fr\/actualite\/international\/le-crldht-appelle-manuel-valls-interdire-une-manifestation-islamophobe-paris\/184231\/#primaryimage"},"image":{"@id":"https:\/\/www.webdo.tn\/fr\/actualite\/international\/le-crldht-appelle-manuel-valls-interdire-une-manifestation-islamophobe-paris\/184231\/#primaryimage"},"thumbnailUrl":"https:\/\/www.webdo.tn\/fr\/wp-content\/uploads\/2015\/01\/webdo_default-103.jpg","datePublished":"2015-01-16T17:00:00+00:00","description":"Le CRLDHT appelle Manuel Valls \u00e0 interdire une manifestation islamophobe \u00e0 Paris","breadcrumb":{"@id":"https:\/\/www.webdo.tn\/fr\/actualite\/international\/le-crldht-appelle-manuel-valls-interdire-une-manifestation-islamophobe-paris\/184231\/#breadcrumb"},"inLanguage":"fr-FR","potentialAction":[{"@type":"ReadAction","target":["https:\/\/www.webdo.tn\/fr\/actualite\/international\/le-crldht-appelle-manuel-valls-interdire-une-manifestation-islamophobe-paris\/184231\/"]}]},{"@type":"ImageObject","inLanguage":"fr-FR","@id":"https:\/\/www.webdo.tn\/fr\/actualite\/international\/le-crldht-appelle-manuel-valls-interdire-une-manifestation-islamophobe-paris\/184231\/#primaryimage","url":"https:\/\/www.webdo.tn\/fr\/wp-content\/uploads\/2015\/01\/webdo_default-103.jpg","contentUrl":"https:\/\/www.webdo.tn\/fr\/wp-content\/uploads\/2015\/01\/webdo_default-103.jpg","width":800,"height":500,"caption":"Le CRLDHT appelle Manuel Valls \u00e0 interdire une manifestation islamophobe \u00e0 Paris"},{"@type":"BreadcrumbList","@id":"https:\/\/www.webdo.tn\/fr\/actualite\/international\/le-crldht-appelle-manuel-valls-interdire-une-manifestation-islamophobe-paris\/184231\/#breadcrumb","itemListElement":[{"@type":"ListItem","position":1,"name":"Accueil","item":"https:\/\/www.webdo.tn\/fr\/"},{"@type":"ListItem","position":2,"name":"Le CRLDHT appelle Manuel Valls \u00e0 interdire une manifestation islamophobe \u00e0 Paris"}]},{"@type":"WebSite","@id":"https:\/\/www.webdo.tn\/fr\/#website","url":"https:\/\/www.webdo.tn\/fr\/","name":"webdo","description":"Tunisie - News en Tunisie et \u00e0 l&#039;international sur Webdo.tn","publisher":{"@id":"https:\/\/www.webdo.tn\/fr\/#organization"},"potentialAction":[{"@type":"SearchAction","target":{"@type":"EntryPoint","urlTemplate":"https:\/\/www.webdo.tn\/fr\/?s={search_term_string}"},"query-input":{"@type":"PropertyValueSpecification","valueRequired":true,"valueName":"search_term_string"}}],"inLanguage":"fr-FR"},{"@type":"Organization","@id":"https:\/\/www.webdo.tn\/fr\/#organization","name":"Webdo","alternateName":"Webdo.tn","url":"https:\/\/www.webdo.tn\/fr\/","logo":{"@type":"ImageObject","inLanguage":"fr-FR","@id":"https:\/\/www.webdo.tn\/fr\/#\/schema\/logo\/image\/","url":"https:\/\/www.webdo.tn\/fr\/wp-content\/uploads\/2025\/06\/Webdo-Tunisie_168377.jpg","contentUrl":"https:\/\/www.webdo.tn\/fr\/wp-content\/uploads\/2025\/06\/Webdo-Tunisie_168377.jpg","width":301,"height":301,"caption":"Webdo"},"image":{"@id":"https:\/\/www.webdo.tn\/fr\/#\/schema\/logo\/image\/"},"sameAs":["https:\/\/www.facebook.com\/webdotn","https:\/\/x.com\/webdo_tn"],"description":"Webdo est un m\u00e9dia num\u00e9rique tunisien fond\u00e9 en 2010, sp\u00e9cialis\u00e9 dans l\u2019actualit\u00e9 nationale et internationale, l\u2019\u00e9conomie, la soci\u00e9t\u00e9 et les analyses politiques. Le site s\u2019adresse \u00e0 un large public francophone et couvre l\u2019information tunisienne en temps r\u00e9el.","email":"redac@webdo.tn","legalName":"YNJ SARL","foundingDate":"2010-09-06","numberOfEmployees":{"@type":"QuantitativeValue","minValue":"11","maxValue":"50"}},{"@type":"Person","@id":"https:\/\/www.webdo.tn\/fr\/#\/schema\/person\/9a9c6118d687c117df8ef3cc36a4d175","name":"webdo.tn","image":{"@type":"ImageObject","inLanguage":"fr-FR","@id":"https:\/\/secure.gravatar.com\/avatar\/7ce1f28c0c3bbac99ff550b85ef8e44a6950c6ee24514fb6a5489e51d06f0298?s=96&d=mm&r=g","url":"https:\/\/secure.gravatar.com\/avatar\/7ce1f28c0c3bbac99ff550b85ef8e44a6950c6ee24514fb6a5489e51d06f0298?s=96&d=mm&r=g","contentUrl":"https:\/\/secure.gravatar.com\/avatar\/7ce1f28c0c3bbac99ff550b85ef8e44a6950c6ee24514fb6a5489e51d06f0298?s=96&d=mm&r=g","caption":"webdo.tn"},"url":"https:\/\/www.webdo.tn\/fr\/actualite\/author\/webdotn\/"}]}},"_links":{"self":[{"href":"https:\/\/www.webdo.tn\/fr\/wp-json\/wp\/v2\/posts\/184231","targetHints":{"allow":["GET"]}}],"collection":[{"href":"https:\/\/www.webdo.tn\/fr\/wp-json\/wp\/v2\/posts"}],"about":[{"href":"https:\/\/www.webdo.tn\/fr\/wp-json\/wp\/v2\/types\/post"}],"author":[{"embeddable":true,"href":"https:\/\/www.webdo.tn\/fr\/wp-json\/wp\/v2\/users\/3222"}],"replies":[{"embeddable":true,"href":"https:\/\/www.webdo.tn\/fr\/wp-json\/wp\/v2\/comments?post=184231"}],"version-history":[{"count":0,"href":"https:\/\/www.webdo.tn\/fr\/wp-json\/wp\/v2\/posts\/184231\/revisions"}],"wp:featuredmedia":[{"embeddable":true,"href":"https:\/\/www.webdo.tn\/fr\/wp-json\/wp\/v2\/media\/335449"}],"wp:attachment":[{"href":"https:\/\/www.webdo.tn\/fr\/wp-json\/wp\/v2\/media?parent=184231"}],"wp:term":[{"taxonomy":"category","embeddable":true,"href":"https:\/\/www.webdo.tn\/fr\/wp-json\/wp\/v2\/categories?post=184231"},{"taxonomy":"post_tag","embeddable":true,"href":"https:\/\/www.webdo.tn\/fr\/wp-json\/wp\/v2\/tags?post=184231"}],"curies":[{"name":"wp","href":"https:\/\/api.w.org\/{rel}","templated":true}]}}