{"id":184230,"date":"2015-01-16T17:12:00","date_gmt":"2015-01-16T17:12:00","guid":{"rendered":"https:\/\/www.webdo.tn\/fr\/blog\/russie-un-manifestant-pro-charlie-hebdo-ecope-de-8-jours-de-prison\/184230\/"},"modified":"2015-01-16T17:12:00","modified_gmt":"2015-01-16T17:12:00","slug":"russie-un-manifestant-pro-charlie-hebdo-ecope-de-8-jours-de-prison","status":"publish","type":"post","link":"https:\/\/www.webdo.tn\/fr\/actualite\/international\/russie-un-manifestant-pro-charlie-hebdo-ecope-de-8-jours-de-prison\/184230\/","title":{"rendered":"Russie : Un manifestant pro-Charlie Hebdo \u00e9cope de 8 jours de prison"},"content":{"rendered":"<p>Un militant russe a \u00e9t\u00e9 condamn\u00e9, ce vendredi 16 janvier, \u00e0 huit jours de prison pour avoir manifest\u00e9 au pied du Kremlin son soutien \u00e0 l&rsquo;hebdomadaire fran\u00e7ais Charlie Hebdo, a annonc\u00e9 un tribunal moscovite.<\/p>\n<p>Mark Galperine, qui avait manifest\u00e9 seul samedi sur la place du Man\u00e8ge, \u00e0 deux pas du Kremlin, avec une pancarte \u00ab Je suis Charlie \u00bb, a \u00e9t\u00e9 condamn\u00e9 pour violation des r\u00e8gles d&rsquo;organisation d&rsquo;un \u00e9v\u00e9nement public, a d\u00e9clar\u00e9 \u00e0 l&rsquo;AFP une porte-parole du tribunal Tversko\u00ef de Moscou.<\/p>\n<p>Le manifestant n&rsquo;avait pas demand\u00e9 l&rsquo;autorisation des autorit\u00e9s municipales, a pr\u00e9cis\u00e9 la porte-parole.<\/p>\n<p>Si la Russie a salu\u00e9 dans un premier temps la marche historique organis\u00e9e le 11 janvier dernier \u00e0 Paris contre le terrorisme, de nombreux m\u00e9dias et responsables russes marquent d\u00e9sormais le pas face \u00e0 la solidarit\u00e9 mondiale que continue de susciter l&rsquo;attentat la semaine derni\u00e8re contre Charlie Hebdo qui a fait 12 morts.<\/p>\n<p>Ainsi, l&rsquo;autorit\u00e9 russe de surveillance des m\u00e9dias, Roskomnadzor, a appel\u00e9 vendredi les m\u00e9dias russes \u00e0 s&rsquo;abstenir de publier des caricatures sur le Proph\u00e8te Mohamed, publi\u00e9es par Charlie Hebdo.<\/p>\n","protected":false},"excerpt":{"rendered":"<p>Russie : Un manifestant pro-Charlie Hebdo \u00e9cope de 8 jours de prison<\/p>\n","protected":false},"author":3222,"featured_media":375275,"comment_status":"open","ping_status":"closed","sticky":false,"template":"","format":"standard","meta":{"footnotes":""},"categories":[2598],"tags":[2600],"class_list":["post-184230","post","type-post","status-publish","format-standard","has-post-thumbnail","hentry","category-international","tag-guerre"],"yoast_head":"<!-- This site is optimized with the Yoast SEO Premium plugin v27.5 (Yoast SEO v27.5) - https:\/\/yoast.com\/product\/yoast-seo-premium-wordpress\/ -->\n<title>Russie : Un manifestant pro-Charlie Hebdo \u00e9cope de 8 jours de prison<\/title>\n<meta name=\"description\" content=\"Russie : Un manifestant pro-Charlie Hebdo \u00e9cope de 8 jours de prison\" \/>\n<link rel=\"canonical\" href=\"https:\/\/www.webdo.tn\/fr\/actualite\/international\/russie-un-manifestant-pro-charlie-hebdo-ecope-de-8-jours-de-prison\/184230\/\" \/>\n<meta property=\"og:locale\" content=\"fr_FR\" \/>\n<meta property=\"og:type\" content=\"article\" \/>\n<meta property=\"og:title\" content=\"Russie : Un manifestant pro-Charlie Hebdo \u00e9cope de 8 jours de prison\" \/>\n<meta property=\"og:description\" content=\"Russie : Un manifestant pro-Charlie Hebdo \u00e9cope de 8 jours de prison\" \/>\n<meta property=\"og:url\" content=\"https:\/\/www.webdo.tn\/fr\/actualite\/international\/russie-un-manifestant-pro-charlie-hebdo-ecope-de-8-jours-de-prison\/184230\/\" \/>\n<meta property=\"og:site_name\" content=\"webdo\" \/>\n<meta property=\"article:publisher\" content=\"https:\/\/www.facebook.com\/webdotn\" \/>\n<meta property=\"article:published_time\" content=\"2015-01-16T17:12:00+00:00\" \/>\n<meta name=\"author\" content=\"webdo.tn\" \/>\n<meta name=\"twitter:card\" content=\"summary_large_image\" \/>\n<meta name=\"twitter:creator\" content=\"@webdo_tn\" \/>\n<meta name=\"twitter:site\" content=\"@webdo_tn\" \/>\n<meta name=\"twitter:label1\" content=\"\u00c9crit par\" \/>\n\t<meta name=\"twitter:data1\" content=\"webdo.tn\" \/>\n\t<meta name=\"twitter:label2\" content=\"Dur\u00e9e de lecture estim\u00e9e\" \/>\n\t<meta name=\"twitter:data2\" content=\"1 minute\" \/>\n<script type=\"application\/ld+json\" class=\"yoast-schema-graph\">{\"@context\":\"https:\\\/\\\/schema.org\",\"@graph\":[{\"@type\":\"NewsArticle\",\"@id\":\"https:\\\/\\\/www.webdo.tn\\\/fr\\\/actualite\\\/international\\\/russie-un-manifestant-pro-charlie-hebdo-ecope-de-8-jours-de-prison\\\/184230\\\/#article\",\"isPartOf\":{\"@id\":\"https:\\\/\\\/www.webdo.tn\\\/fr\\\/actualite\\\/international\\\/russie-un-manifestant-pro-charlie-hebdo-ecope-de-8-jours-de-prison\\\/184230\\\/\"},\"author\":{\"name\":\"webdo.tn\",\"@id\":\"https:\\\/\\\/www.webdo.tn\\\/fr\\\/#\\\/schema\\\/person\\\/9a9c6118d687c117df8ef3cc36a4d175\"},\"headline\":\"Russie : Un manifestant pro-Charlie Hebdo \u00e9cope de 8 jours de prison\",\"datePublished\":\"2015-01-16T17:12:00+00:00\",\"mainEntityOfPage\":{\"@id\":\"https:\\\/\\\/www.webdo.tn\\\/fr\\\/actualite\\\/international\\\/russie-un-manifestant-pro-charlie-hebdo-ecope-de-8-jours-de-prison\\\/184230\\\/\"},\"wordCount\":197,\"commentCount\":0,\"publisher\":{\"@id\":\"https:\\\/\\\/www.webdo.tn\\\/fr\\\/#organization\"},\"image\":{\"@id\":\"https:\\\/\\\/www.webdo.tn\\\/fr\\\/actualite\\\/international\\\/russie-un-manifestant-pro-charlie-hebdo-ecope-de-8-jours-de-prison\\\/184230\\\/#primaryimage\"},\"thumbnailUrl\":\"https:\\\/\\\/www.webdo.tn\\\/fr\\\/wp-content\\\/uploads\\\/2025\\\/06\\\/Charlie-Russie-credit-itele_184230.jpg\",\"keywords\":[\"guerre\"],\"articleSection\":[\"International\"],\"inLanguage\":\"fr-FR\"},{\"@type\":\"WebPage\",\"@id\":\"https:\\\/\\\/www.webdo.tn\\\/fr\\\/actualite\\\/international\\\/russie-un-manifestant-pro-charlie-hebdo-ecope-de-8-jours-de-prison\\\/184230\\\/\",\"url\":\"https:\\\/\\\/www.webdo.tn\\\/fr\\\/actualite\\\/international\\\/russie-un-manifestant-pro-charlie-hebdo-ecope-de-8-jours-de-prison\\\/184230\\\/\",\"name\":\"Russie : Un manifestant pro-Charlie Hebdo \u00e9cope de 8 jours de prison\",\"isPartOf\":{\"@id\":\"https:\\\/\\\/www.webdo.tn\\\/fr\\\/#website\"},\"primaryImageOfPage\":{\"@id\":\"https:\\\/\\\/www.webdo.tn\\\/fr\\\/actualite\\\/international\\\/russie-un-manifestant-pro-charlie-hebdo-ecope-de-8-jours-de-prison\\\/184230\\\/#primaryimage\"},\"image\":{\"@id\":\"https:\\\/\\\/www.webdo.tn\\\/fr\\\/actualite\\\/international\\\/russie-un-manifestant-pro-charlie-hebdo-ecope-de-8-jours-de-prison\\\/184230\\\/#primaryimage\"},\"thumbnailUrl\":\"https:\\\/\\\/www.webdo.tn\\\/fr\\\/wp-content\\\/uploads\\\/2025\\\/06\\\/Charlie-Russie-credit-itele_184230.jpg\",\"datePublished\":\"2015-01-16T17:12:00+00:00\",\"description\":\"Russie : Un manifestant pro-Charlie Hebdo \u00e9cope de 8 jours de prison\",\"breadcrumb\":{\"@id\":\"https:\\\/\\\/www.webdo.tn\\\/fr\\\/actualite\\\/international\\\/russie-un-manifestant-pro-charlie-hebdo-ecope-de-8-jours-de-prison\\\/184230\\\/#breadcrumb\"},\"inLanguage\":\"fr-FR\",\"potentialAction\":[{\"@type\":\"ReadAction\",\"target\":[\"https:\\\/\\\/www.webdo.tn\\\/fr\\\/actualite\\\/international\\\/russie-un-manifestant-pro-charlie-hebdo-ecope-de-8-jours-de-prison\\\/184230\\\/\"]}]},{\"@type\":\"ImageObject\",\"inLanguage\":\"fr-FR\",\"@id\":\"https:\\\/\\\/www.webdo.tn\\\/fr\\\/actualite\\\/international\\\/russie-un-manifestant-pro-charlie-hebdo-ecope-de-8-jours-de-prison\\\/184230\\\/#primaryimage\",\"url\":\"https:\\\/\\\/www.webdo.tn\\\/fr\\\/wp-content\\\/uploads\\\/2025\\\/06\\\/Charlie-Russie-credit-itele_184230.jpg\",\"contentUrl\":\"https:\\\/\\\/www.webdo.tn\\\/fr\\\/wp-content\\\/uploads\\\/2025\\\/06\\\/Charlie-Russie-credit-itele_184230.jpg\",\"width\":600,\"height\":337,\"caption\":\"Russie : Un manifestant pro-Charlie Hebdo \u00e9cope de 8 jours de prison\"},{\"@type\":\"BreadcrumbList\",\"@id\":\"https:\\\/\\\/www.webdo.tn\\\/fr\\\/actualite\\\/international\\\/russie-un-manifestant-pro-charlie-hebdo-ecope-de-8-jours-de-prison\\\/184230\\\/#breadcrumb\",\"itemListElement\":[{\"@type\":\"ListItem\",\"position\":1,\"name\":\"Accueil\",\"item\":\"https:\\\/\\\/www.webdo.tn\\\/fr\\\/\"},{\"@type\":\"ListItem\",\"position\":2,\"name\":\"Russie : Un manifestant pro-Charlie Hebdo \u00e9cope de 8 jours de prison\"}]},{\"@type\":\"WebSite\",\"@id\":\"https:\\\/\\\/www.webdo.tn\\\/fr\\\/#website\",\"url\":\"https:\\\/\\\/www.webdo.tn\\\/fr\\\/\",\"name\":\"webdo\",\"description\":\"Tunisie - News en Tunisie et \u00e0 l&#039;international sur Webdo.tn\",\"publisher\":{\"@id\":\"https:\\\/\\\/www.webdo.tn\\\/fr\\\/#organization\"},\"potentialAction\":[{\"@type\":\"SearchAction\",\"target\":{\"@type\":\"EntryPoint\",\"urlTemplate\":\"https:\\\/\\\/www.webdo.tn\\\/fr\\\/?s={search_term_string}\"},\"query-input\":{\"@type\":\"PropertyValueSpecification\",\"valueRequired\":true,\"valueName\":\"search_term_string\"}}],\"inLanguage\":\"fr-FR\"},{\"@type\":\"Organization\",\"@id\":\"https:\\\/\\\/www.webdo.tn\\\/fr\\\/#organization\",\"name\":\"Webdo\",\"alternateName\":\"Webdo.tn\",\"url\":\"https:\\\/\\\/www.webdo.tn\\\/fr\\\/\",\"logo\":{\"@type\":\"ImageObject\",\"inLanguage\":\"fr-FR\",\"@id\":\"https:\\\/\\\/www.webdo.tn\\\/fr\\\/#\\\/schema\\\/logo\\\/image\\\/\",\"url\":\"https:\\\/\\\/www.webdo.tn\\\/fr\\\/wp-content\\\/uploads\\\/2025\\\/06\\\/Webdo-Tunisie_168377.jpg\",\"contentUrl\":\"https:\\\/\\\/www.webdo.tn\\\/fr\\\/wp-content\\\/uploads\\\/2025\\\/06\\\/Webdo-Tunisie_168377.jpg\",\"width\":301,\"height\":301,\"caption\":\"Webdo\"},\"image\":{\"@id\":\"https:\\\/\\\/www.webdo.tn\\\/fr\\\/#\\\/schema\\\/logo\\\/image\\\/\"},\"sameAs\":[\"https:\\\/\\\/www.facebook.com\\\/webdotn\",\"https:\\\/\\\/x.com\\\/webdo_tn\"],\"description\":\"Webdo est un m\u00e9dia num\u00e9rique tunisien fond\u00e9 en 2010, sp\u00e9cialis\u00e9 dans l\u2019actualit\u00e9 nationale et internationale, l\u2019\u00e9conomie, la soci\u00e9t\u00e9 et les analyses politiques. Le site s\u2019adresse \u00e0 un large public francophone et couvre l\u2019information tunisienne en temps r\u00e9el.\",\"email\":\"redac@webdo.tn\",\"legalName\":\"YNJ SARL\",\"foundingDate\":\"2010-09-06\",\"numberOfEmployees\":{\"@type\":\"QuantitativeValue\",\"minValue\":\"11\",\"maxValue\":\"50\"}},{\"@type\":\"Person\",\"@id\":\"https:\\\/\\\/www.webdo.tn\\\/fr\\\/#\\\/schema\\\/person\\\/9a9c6118d687c117df8ef3cc36a4d175\",\"name\":\"webdo.tn\",\"image\":{\"@type\":\"ImageObject\",\"inLanguage\":\"fr-FR\",\"@id\":\"https:\\\/\\\/secure.gravatar.com\\\/avatar\\\/7ce1f28c0c3bbac99ff550b85ef8e44a6950c6ee24514fb6a5489e51d06f0298?s=96&d=mm&r=g\",\"url\":\"https:\\\/\\\/secure.gravatar.com\\\/avatar\\\/7ce1f28c0c3bbac99ff550b85ef8e44a6950c6ee24514fb6a5489e51d06f0298?s=96&d=mm&r=g\",\"contentUrl\":\"https:\\\/\\\/secure.gravatar.com\\\/avatar\\\/7ce1f28c0c3bbac99ff550b85ef8e44a6950c6ee24514fb6a5489e51d06f0298?s=96&d=mm&r=g\",\"caption\":\"webdo.tn\"},\"url\":\"https:\\\/\\\/www.webdo.tn\\\/fr\\\/actualite\\\/author\\\/webdotn\\\/\"}]}<\/script>\n<!-- \/ Yoast SEO Premium plugin. -->","yoast_head_json":{"title":"Russie : Un manifestant pro-Charlie Hebdo \u00e9cope de 8 jours de prison","description":"Russie : Un manifestant pro-Charlie Hebdo \u00e9cope de 8 jours de prison","canonical":"https:\/\/www.webdo.tn\/fr\/actualite\/international\/russie-un-manifestant-pro-charlie-hebdo-ecope-de-8-jours-de-prison\/184230\/","og_locale":"fr_FR","og_type":"article","og_title":"Russie : Un manifestant pro-Charlie Hebdo \u00e9cope de 8 jours de prison","og_description":"Russie : Un manifestant pro-Charlie Hebdo \u00e9cope de 8 jours de prison","og_url":"https:\/\/www.webdo.tn\/fr\/actualite\/international\/russie-un-manifestant-pro-charlie-hebdo-ecope-de-8-jours-de-prison\/184230\/","og_site_name":"webdo","article_publisher":"https:\/\/www.facebook.com\/webdotn","article_published_time":"2015-01-16T17:12:00+00:00","author":"webdo.tn","twitter_card":"summary_large_image","twitter_creator":"@webdo_tn","twitter_site":"@webdo_tn","twitter_misc":{"\u00c9crit par":"webdo.tn","Dur\u00e9e de lecture estim\u00e9e":"1 minute"},"schema":{"@context":"https:\/\/schema.org","@graph":[{"@type":"NewsArticle","@id":"https:\/\/www.webdo.tn\/fr\/actualite\/international\/russie-un-manifestant-pro-charlie-hebdo-ecope-de-8-jours-de-prison\/184230\/#article","isPartOf":{"@id":"https:\/\/www.webdo.tn\/fr\/actualite\/international\/russie-un-manifestant-pro-charlie-hebdo-ecope-de-8-jours-de-prison\/184230\/"},"author":{"name":"webdo.tn","@id":"https:\/\/www.webdo.tn\/fr\/#\/schema\/person\/9a9c6118d687c117df8ef3cc36a4d175"},"headline":"Russie : Un manifestant pro-Charlie Hebdo \u00e9cope de 8 jours de prison","datePublished":"2015-01-16T17:12:00+00:00","mainEntityOfPage":{"@id":"https:\/\/www.webdo.tn\/fr\/actualite\/international\/russie-un-manifestant-pro-charlie-hebdo-ecope-de-8-jours-de-prison\/184230\/"},"wordCount":197,"commentCount":0,"publisher":{"@id":"https:\/\/www.webdo.tn\/fr\/#organization"},"image":{"@id":"https:\/\/www.webdo.tn\/fr\/actualite\/international\/russie-un-manifestant-pro-charlie-hebdo-ecope-de-8-jours-de-prison\/184230\/#primaryimage"},"thumbnailUrl":"https:\/\/www.webdo.tn\/fr\/wp-content\/uploads\/2025\/06\/Charlie-Russie-credit-itele_184230.jpg","keywords":["guerre"],"articleSection":["International"],"inLanguage":"fr-FR"},{"@type":"WebPage","@id":"https:\/\/www.webdo.tn\/fr\/actualite\/international\/russie-un-manifestant-pro-charlie-hebdo-ecope-de-8-jours-de-prison\/184230\/","url":"https:\/\/www.webdo.tn\/fr\/actualite\/international\/russie-un-manifestant-pro-charlie-hebdo-ecope-de-8-jours-de-prison\/184230\/","name":"Russie : Un manifestant pro-Charlie Hebdo \u00e9cope de 8 jours de prison","isPartOf":{"@id":"https:\/\/www.webdo.tn\/fr\/#website"},"primaryImageOfPage":{"@id":"https:\/\/www.webdo.tn\/fr\/actualite\/international\/russie-un-manifestant-pro-charlie-hebdo-ecope-de-8-jours-de-prison\/184230\/#primaryimage"},"image":{"@id":"https:\/\/www.webdo.tn\/fr\/actualite\/international\/russie-un-manifestant-pro-charlie-hebdo-ecope-de-8-jours-de-prison\/184230\/#primaryimage"},"thumbnailUrl":"https:\/\/www.webdo.tn\/fr\/wp-content\/uploads\/2025\/06\/Charlie-Russie-credit-itele_184230.jpg","datePublished":"2015-01-16T17:12:00+00:00","description":"Russie : Un manifestant pro-Charlie Hebdo \u00e9cope de 8 jours de prison","breadcrumb":{"@id":"https:\/\/www.webdo.tn\/fr\/actualite\/international\/russie-un-manifestant-pro-charlie-hebdo-ecope-de-8-jours-de-prison\/184230\/#breadcrumb"},"inLanguage":"fr-FR","potentialAction":[{"@type":"ReadAction","target":["https:\/\/www.webdo.tn\/fr\/actualite\/international\/russie-un-manifestant-pro-charlie-hebdo-ecope-de-8-jours-de-prison\/184230\/"]}]},{"@type":"ImageObject","inLanguage":"fr-FR","@id":"https:\/\/www.webdo.tn\/fr\/actualite\/international\/russie-un-manifestant-pro-charlie-hebdo-ecope-de-8-jours-de-prison\/184230\/#primaryimage","url":"https:\/\/www.webdo.tn\/fr\/wp-content\/uploads\/2025\/06\/Charlie-Russie-credit-itele_184230.jpg","contentUrl":"https:\/\/www.webdo.tn\/fr\/wp-content\/uploads\/2025\/06\/Charlie-Russie-credit-itele_184230.jpg","width":600,"height":337,"caption":"Russie : Un manifestant pro-Charlie Hebdo \u00e9cope de 8 jours de prison"},{"@type":"BreadcrumbList","@id":"https:\/\/www.webdo.tn\/fr\/actualite\/international\/russie-un-manifestant-pro-charlie-hebdo-ecope-de-8-jours-de-prison\/184230\/#breadcrumb","itemListElement":[{"@type":"ListItem","position":1,"name":"Accueil","item":"https:\/\/www.webdo.tn\/fr\/"},{"@type":"ListItem","position":2,"name":"Russie : Un manifestant pro-Charlie Hebdo \u00e9cope de 8 jours de prison"}]},{"@type":"WebSite","@id":"https:\/\/www.webdo.tn\/fr\/#website","url":"https:\/\/www.webdo.tn\/fr\/","name":"webdo","description":"Tunisie - News en Tunisie et \u00e0 l&#039;international sur Webdo.tn","publisher":{"@id":"https:\/\/www.webdo.tn\/fr\/#organization"},"potentialAction":[{"@type":"SearchAction","target":{"@type":"EntryPoint","urlTemplate":"https:\/\/www.webdo.tn\/fr\/?s={search_term_string}"},"query-input":{"@type":"PropertyValueSpecification","valueRequired":true,"valueName":"search_term_string"}}],"inLanguage":"fr-FR"},{"@type":"Organization","@id":"https:\/\/www.webdo.tn\/fr\/#organization","name":"Webdo","alternateName":"Webdo.tn","url":"https:\/\/www.webdo.tn\/fr\/","logo":{"@type":"ImageObject","inLanguage":"fr-FR","@id":"https:\/\/www.webdo.tn\/fr\/#\/schema\/logo\/image\/","url":"https:\/\/www.webdo.tn\/fr\/wp-content\/uploads\/2025\/06\/Webdo-Tunisie_168377.jpg","contentUrl":"https:\/\/www.webdo.tn\/fr\/wp-content\/uploads\/2025\/06\/Webdo-Tunisie_168377.jpg","width":301,"height":301,"caption":"Webdo"},"image":{"@id":"https:\/\/www.webdo.tn\/fr\/#\/schema\/logo\/image\/"},"sameAs":["https:\/\/www.facebook.com\/webdotn","https:\/\/x.com\/webdo_tn"],"description":"Webdo est un m\u00e9dia num\u00e9rique tunisien fond\u00e9 en 2010, sp\u00e9cialis\u00e9 dans l\u2019actualit\u00e9 nationale et internationale, l\u2019\u00e9conomie, la soci\u00e9t\u00e9 et les analyses politiques. Le site s\u2019adresse \u00e0 un large public francophone et couvre l\u2019information tunisienne en temps r\u00e9el.","email":"redac@webdo.tn","legalName":"YNJ SARL","foundingDate":"2010-09-06","numberOfEmployees":{"@type":"QuantitativeValue","minValue":"11","maxValue":"50"}},{"@type":"Person","@id":"https:\/\/www.webdo.tn\/fr\/#\/schema\/person\/9a9c6118d687c117df8ef3cc36a4d175","name":"webdo.tn","image":{"@type":"ImageObject","inLanguage":"fr-FR","@id":"https:\/\/secure.gravatar.com\/avatar\/7ce1f28c0c3bbac99ff550b85ef8e44a6950c6ee24514fb6a5489e51d06f0298?s=96&d=mm&r=g","url":"https:\/\/secure.gravatar.com\/avatar\/7ce1f28c0c3bbac99ff550b85ef8e44a6950c6ee24514fb6a5489e51d06f0298?s=96&d=mm&r=g","contentUrl":"https:\/\/secure.gravatar.com\/avatar\/7ce1f28c0c3bbac99ff550b85ef8e44a6950c6ee24514fb6a5489e51d06f0298?s=96&d=mm&r=g","caption":"webdo.tn"},"url":"https:\/\/www.webdo.tn\/fr\/actualite\/author\/webdotn\/"}]}},"_links":{"self":[{"href":"https:\/\/www.webdo.tn\/fr\/wp-json\/wp\/v2\/posts\/184230","targetHints":{"allow":["GET"]}}],"collection":[{"href":"https:\/\/www.webdo.tn\/fr\/wp-json\/wp\/v2\/posts"}],"about":[{"href":"https:\/\/www.webdo.tn\/fr\/wp-json\/wp\/v2\/types\/post"}],"author":[{"embeddable":true,"href":"https:\/\/www.webdo.tn\/fr\/wp-json\/wp\/v2\/users\/3222"}],"replies":[{"embeddable":true,"href":"https:\/\/www.webdo.tn\/fr\/wp-json\/wp\/v2\/comments?post=184230"}],"version-history":[{"count":0,"href":"https:\/\/www.webdo.tn\/fr\/wp-json\/wp\/v2\/posts\/184230\/revisions"}],"wp:featuredmedia":[{"embeddable":true,"href":"https:\/\/www.webdo.tn\/fr\/wp-json\/wp\/v2\/media\/375275"}],"wp:attachment":[{"href":"https:\/\/www.webdo.tn\/fr\/wp-json\/wp\/v2\/media?parent=184230"}],"wp:term":[{"taxonomy":"category","embeddable":true,"href":"https:\/\/www.webdo.tn\/fr\/wp-json\/wp\/v2\/categories?post=184230"},{"taxonomy":"post_tag","embeddable":true,"href":"https:\/\/www.webdo.tn\/fr\/wp-json\/wp\/v2\/tags?post=184230"}],"curies":[{"name":"wp","href":"https:\/\/api.w.org\/{rel}","templated":true}]}}