{"id":184229,"date":"2015-01-16T17:42:00","date_gmt":"2015-01-16T17:42:00","guid":{"rendered":"https:\/\/www.webdo.tn\/fr\/blog\/la-cour-penale-internationale-se-penche-nouveau-sur-la-situation-de-la-palestine\/184229\/"},"modified":"2015-01-16T17:42:00","modified_gmt":"2015-01-16T17:42:00","slug":"la-cour-penale-internationale-se-penche-nouveau-sur-la-situation-de-la-palestine","status":"publish","type":"post","link":"https:\/\/www.webdo.tn\/fr\/actualite\/international\/la-cour-penale-internationale-se-penche-nouveau-sur-la-situation-de-la-palestine\/184229\/","title":{"rendered":"La Cour P\u00e9nale Internationale se penche \u00e0 nouveau sur la situation de la Palestine"},"content":{"rendered":"<p>La Cour P\u00e9nale Internationale a annonc\u00e9 ce vendredi 16 janvier 2015 que le procureur de la CPI vient d&rsquo;ouvrir un \u00ab\u00a0examen pr\u00e9liminaire de la situation en Palestine\u00a0\u00bb.<\/p>\n<p>Cet examen pr\u00e9liminaire consiste en \u00ab\u00a0un processus d&rsquo;examen des informations disponibles afin de d\u00e9terminer en toute connaissance de causes s&rsquo;il existe une base raisonnable pour initier une enqu\u00eate au regard des crit\u00e8res pos\u00e9s par le statut de Rome\u00a0\u00bb.<\/p>\n<p>Ces termes un peu obscurs communiqu\u00e9s sur le site de la CPI font r\u00e9f\u00e9rence au texte du statut de Rome qui d\u00e9finit les conditions d&rsquo;ouverture d&rsquo;une enqu\u00eate par la Cour en question.<\/p>\n<p>Cependant, pour qu&rsquo;il y ait une ouverture d&rsquo;enqu\u00eate il faut que l&rsquo;Etat concern\u00e9 adh\u00e8re d&rsquo;abord au statut de Rome, chose faite r\u00e9cemment par le gouvernement palestinien lors de la date historique du 2 janvier 2015.<\/p>\n<p>[quote_box_center]<br \/>\nLe Procureur analysera en particulier les questions li\u00e9es \u00e0 la comp\u00e9tence, \u00e0 la recevabilit\u00e9 et aux int\u00e9r\u00eats de la justice lorsqu&rsquo;elle prendra sa d\u00e9cision, ainsi qu&rsquo;il est pr\u00e9vu \u00e0 l&rsquo;article 53-1 du Statut de Rome. Le Bureau tient d\u00fbment compte de l&rsquo;ensemble des observations et des points de vue qui lui sont transmis au cours de l&rsquo;examen pr\u00e9liminaire, guid\u00e9 exclusivement par les exigences du Statut de Rome pour exercer son mandat en toute ind\u00e9pendance et en toute impartialit\u00e9.<br \/>\n[\/quote_box_center]<\/p>\n<p>D&rsquo;apr\u00e8s l&rsquo;article 53-1,\u00a0Le Procureur, apr\u00e8s avoir \u00e9valu\u00e9 les renseignements port\u00e9s \u00e0 sa connaissance, ouvre une\u00a0enqu\u00eate, \u00e0 moins qu&rsquo;il ne conclue qu&rsquo;il n&rsquo;y a pas de base raisonnable pour poursuivre en vertu du\u00a0pr\u00e9sent Statut. Pour prendre sa d\u00e9cision, le Procureur examine :<br \/>\na) Si les renseignements en sa possession fournissent une base raisonnable pour croire<br \/>\nqu&rsquo;un crime relevant de la comp\u00e9tence de la Cour a \u00e9t\u00e9 ou est en voie d&rsquo;\u00eatre commis;<br \/>\nb) Si l&rsquo;affaire est ou serait recevable au regard de l&rsquo;article 17; et<br \/>\nc) S&rsquo;il y a des raisons s\u00e9rieuses de penser, compte tenu de la gravit\u00e9 du crime et des<br \/>\nint\u00e9r\u00eats des victimes, qu&rsquo;une enqu\u00eate ne servirait pas les int\u00e9r\u00eats de la justice.<br \/>\nS&rsquo;il ou elle conclut qu&rsquo;il n&rsquo;y a pas de base raisonnable pour poursuivre et si cette conclusion\u00a0est fond\u00e9e exclusivement sur les consid\u00e9rations vis\u00e9es \u00e0 l&rsquo;alin\u00e9a c), le Procureur en informe la\u00a0Chambre pr\u00e9liminaire.<\/p>\n<p>Rappelons que le bureau de la CPI avait d\u00e9j\u00e0 conduit un examen pr\u00e9liminaire de la situation en Palestine lorsqu&rsquo;il avait re\u00e7u le 22 janvier 2009\u00a0une d\u00e9claration d\u00e9pos\u00e9e par l&rsquo;Autorit\u00e9 nationale palestinienne invoquant l&rsquo;article 12\u2011, n\u00e9anmoins, \u00e0 cette \u00e9poque la Palestine n&rsquo;\u00e9tait pas encore un Etat membre du statut de Rome.<\/p>\n<p>L&rsquo;ouverture de cet examen pr\u00e9liminaire avec la situation actuelle de la Palestine et son adh\u00e9sion au statut de Rome pourrait lui permettre d&rsquo;avancer.<\/p>\n","protected":false},"excerpt":{"rendered":"<p>La Cour P\u00e9nale Internationale se penche \u00e0 nouveau sur la situation de la Palestine<\/p>\n","protected":false},"author":3222,"featured_media":375276,"comment_status":"open","ping_status":"closed","sticky":false,"template":"","format":"standard","meta":{"footnotes":""},"categories":[2598],"tags":[2600],"class_list":["post-184229","post","type-post","status-publish","format-standard","has-post-thumbnail","hentry","category-international","tag-guerre"],"yoast_head":"<!-- This site is optimized with the Yoast SEO Premium plugin v27.5 (Yoast SEO v27.5) - https:\/\/yoast.com\/product\/yoast-seo-premium-wordpress\/ -->\n<title>La Cour P\u00e9nale Internationale se penche \u00e0 nouveau sur la situation de la Palestine<\/title>\n<meta name=\"description\" content=\"La Cour P\u00e9nale Internationale se penche \u00e0 nouveau sur la situation de la Palestine\" \/>\n<link rel=\"canonical\" href=\"https:\/\/www.webdo.tn\/fr\/actualite\/international\/la-cour-penale-internationale-se-penche-nouveau-sur-la-situation-de-la-palestine\/184229\/\" \/>\n<meta property=\"og:locale\" content=\"fr_FR\" \/>\n<meta property=\"og:type\" content=\"article\" \/>\n<meta property=\"og:title\" content=\"La Cour P\u00e9nale Internationale se penche \u00e0 nouveau sur la situation de la Palestine\" \/>\n<meta property=\"og:description\" content=\"La Cour P\u00e9nale Internationale se penche \u00e0 nouveau sur la situation de la Palestine\" \/>\n<meta property=\"og:url\" content=\"https:\/\/www.webdo.tn\/fr\/actualite\/international\/la-cour-penale-internationale-se-penche-nouveau-sur-la-situation-de-la-palestine\/184229\/\" \/>\n<meta property=\"og:site_name\" content=\"webdo\" \/>\n<meta property=\"article:publisher\" content=\"https:\/\/www.facebook.com\/webdotn\" \/>\n<meta property=\"article:published_time\" content=\"2015-01-16T17:42:00+00:00\" \/>\n<meta name=\"author\" content=\"webdo.tn\" \/>\n<meta name=\"twitter:card\" content=\"summary_large_image\" \/>\n<meta name=\"twitter:creator\" content=\"@webdo_tn\" \/>\n<meta name=\"twitter:site\" content=\"@webdo_tn\" \/>\n<meta name=\"twitter:label1\" content=\"\u00c9crit par\" \/>\n\t<meta name=\"twitter:data1\" content=\"webdo.tn\" \/>\n\t<meta name=\"twitter:label2\" content=\"Dur\u00e9e de lecture estim\u00e9e\" \/>\n\t<meta name=\"twitter:data2\" content=\"2 minutes\" \/>\n<script type=\"application\/ld+json\" class=\"yoast-schema-graph\">{\"@context\":\"https:\\\/\\\/schema.org\",\"@graph\":[{\"@type\":\"NewsArticle\",\"@id\":\"https:\\\/\\\/www.webdo.tn\\\/fr\\\/actualite\\\/international\\\/la-cour-penale-internationale-se-penche-nouveau-sur-la-situation-de-la-palestine\\\/184229\\\/#article\",\"isPartOf\":{\"@id\":\"https:\\\/\\\/www.webdo.tn\\\/fr\\\/actualite\\\/international\\\/la-cour-penale-internationale-se-penche-nouveau-sur-la-situation-de-la-palestine\\\/184229\\\/\"},\"author\":{\"name\":\"webdo.tn\",\"@id\":\"https:\\\/\\\/www.webdo.tn\\\/fr\\\/#\\\/schema\\\/person\\\/9a9c6118d687c117df8ef3cc36a4d175\"},\"headline\":\"La Cour P\u00e9nale Internationale se penche \u00e0 nouveau sur la situation de la Palestine\",\"datePublished\":\"2015-01-16T17:42:00+00:00\",\"mainEntityOfPage\":{\"@id\":\"https:\\\/\\\/www.webdo.tn\\\/fr\\\/actualite\\\/international\\\/la-cour-penale-internationale-se-penche-nouveau-sur-la-situation-de-la-palestine\\\/184229\\\/\"},\"wordCount\":526,\"commentCount\":0,\"publisher\":{\"@id\":\"https:\\\/\\\/www.webdo.tn\\\/fr\\\/#organization\"},\"image\":{\"@id\":\"https:\\\/\\\/www.webdo.tn\\\/fr\\\/actualite\\\/international\\\/la-cour-penale-internationale-se-penche-nouveau-sur-la-situation-de-la-palestine\\\/184229\\\/#primaryimage\"},\"thumbnailUrl\":\"https:\\\/\\\/www.webdo.tn\\\/fr\\\/wp-content\\\/uploads\\\/2025\\\/06\\\/Capture-decran-2015-01-16-a-17.27.09-e1421426157834_184229.png\",\"keywords\":[\"guerre\"],\"articleSection\":[\"International\"],\"inLanguage\":\"fr-FR\"},{\"@type\":\"WebPage\",\"@id\":\"https:\\\/\\\/www.webdo.tn\\\/fr\\\/actualite\\\/international\\\/la-cour-penale-internationale-se-penche-nouveau-sur-la-situation-de-la-palestine\\\/184229\\\/\",\"url\":\"https:\\\/\\\/www.webdo.tn\\\/fr\\\/actualite\\\/international\\\/la-cour-penale-internationale-se-penche-nouveau-sur-la-situation-de-la-palestine\\\/184229\\\/\",\"name\":\"La Cour P\u00e9nale Internationale se penche \u00e0 nouveau sur la situation de la Palestine\",\"isPartOf\":{\"@id\":\"https:\\\/\\\/www.webdo.tn\\\/fr\\\/#website\"},\"primaryImageOfPage\":{\"@id\":\"https:\\\/\\\/www.webdo.tn\\\/fr\\\/actualite\\\/international\\\/la-cour-penale-internationale-se-penche-nouveau-sur-la-situation-de-la-palestine\\\/184229\\\/#primaryimage\"},\"image\":{\"@id\":\"https:\\\/\\\/www.webdo.tn\\\/fr\\\/actualite\\\/international\\\/la-cour-penale-internationale-se-penche-nouveau-sur-la-situation-de-la-palestine\\\/184229\\\/#primaryimage\"},\"thumbnailUrl\":\"https:\\\/\\\/www.webdo.tn\\\/fr\\\/wp-content\\\/uploads\\\/2025\\\/06\\\/Capture-decran-2015-01-16-a-17.27.09-e1421426157834_184229.png\",\"datePublished\":\"2015-01-16T17:42:00+00:00\",\"description\":\"La Cour P\u00e9nale Internationale se penche \u00e0 nouveau sur la situation de la Palestine\",\"breadcrumb\":{\"@id\":\"https:\\\/\\\/www.webdo.tn\\\/fr\\\/actualite\\\/international\\\/la-cour-penale-internationale-se-penche-nouveau-sur-la-situation-de-la-palestine\\\/184229\\\/#breadcrumb\"},\"inLanguage\":\"fr-FR\",\"potentialAction\":[{\"@type\":\"ReadAction\",\"target\":[\"https:\\\/\\\/www.webdo.tn\\\/fr\\\/actualite\\\/international\\\/la-cour-penale-internationale-se-penche-nouveau-sur-la-situation-de-la-palestine\\\/184229\\\/\"]}]},{\"@type\":\"ImageObject\",\"inLanguage\":\"fr-FR\",\"@id\":\"https:\\\/\\\/www.webdo.tn\\\/fr\\\/actualite\\\/international\\\/la-cour-penale-internationale-se-penche-nouveau-sur-la-situation-de-la-palestine\\\/184229\\\/#primaryimage\",\"url\":\"https:\\\/\\\/www.webdo.tn\\\/fr\\\/wp-content\\\/uploads\\\/2025\\\/06\\\/Capture-decran-2015-01-16-a-17.27.09-e1421426157834_184229.png\",\"contentUrl\":\"https:\\\/\\\/www.webdo.tn\\\/fr\\\/wp-content\\\/uploads\\\/2025\\\/06\\\/Capture-decran-2015-01-16-a-17.27.09-e1421426157834_184229.png\",\"width\":600,\"height\":209,\"caption\":\"La Cour P\u00e9nale Internationale se penche \u00e0 nouveau sur la situation de la Palestine\"},{\"@type\":\"BreadcrumbList\",\"@id\":\"https:\\\/\\\/www.webdo.tn\\\/fr\\\/actualite\\\/international\\\/la-cour-penale-internationale-se-penche-nouveau-sur-la-situation-de-la-palestine\\\/184229\\\/#breadcrumb\",\"itemListElement\":[{\"@type\":\"ListItem\",\"position\":1,\"name\":\"Accueil\",\"item\":\"https:\\\/\\\/www.webdo.tn\\\/fr\\\/\"},{\"@type\":\"ListItem\",\"position\":2,\"name\":\"La Cour P\u00e9nale Internationale se penche \u00e0 nouveau sur la situation de la Palestine\"}]},{\"@type\":\"WebSite\",\"@id\":\"https:\\\/\\\/www.webdo.tn\\\/fr\\\/#website\",\"url\":\"https:\\\/\\\/www.webdo.tn\\\/fr\\\/\",\"name\":\"webdo\",\"description\":\"Tunisie - News en Tunisie et \u00e0 l&#039;international sur Webdo.tn\",\"publisher\":{\"@id\":\"https:\\\/\\\/www.webdo.tn\\\/fr\\\/#organization\"},\"potentialAction\":[{\"@type\":\"SearchAction\",\"target\":{\"@type\":\"EntryPoint\",\"urlTemplate\":\"https:\\\/\\\/www.webdo.tn\\\/fr\\\/?s={search_term_string}\"},\"query-input\":{\"@type\":\"PropertyValueSpecification\",\"valueRequired\":true,\"valueName\":\"search_term_string\"}}],\"inLanguage\":\"fr-FR\"},{\"@type\":\"Organization\",\"@id\":\"https:\\\/\\\/www.webdo.tn\\\/fr\\\/#organization\",\"name\":\"Webdo\",\"alternateName\":\"Webdo.tn\",\"url\":\"https:\\\/\\\/www.webdo.tn\\\/fr\\\/\",\"logo\":{\"@type\":\"ImageObject\",\"inLanguage\":\"fr-FR\",\"@id\":\"https:\\\/\\\/www.webdo.tn\\\/fr\\\/#\\\/schema\\\/logo\\\/image\\\/\",\"url\":\"https:\\\/\\\/www.webdo.tn\\\/fr\\\/wp-content\\\/uploads\\\/2025\\\/06\\\/Webdo-Tunisie_168377.jpg\",\"contentUrl\":\"https:\\\/\\\/www.webdo.tn\\\/fr\\\/wp-content\\\/uploads\\\/2025\\\/06\\\/Webdo-Tunisie_168377.jpg\",\"width\":301,\"height\":301,\"caption\":\"Webdo\"},\"image\":{\"@id\":\"https:\\\/\\\/www.webdo.tn\\\/fr\\\/#\\\/schema\\\/logo\\\/image\\\/\"},\"sameAs\":[\"https:\\\/\\\/www.facebook.com\\\/webdotn\",\"https:\\\/\\\/x.com\\\/webdo_tn\"],\"description\":\"Webdo est un m\u00e9dia num\u00e9rique tunisien fond\u00e9 en 2010, sp\u00e9cialis\u00e9 dans l\u2019actualit\u00e9 nationale et internationale, l\u2019\u00e9conomie, la soci\u00e9t\u00e9 et les analyses politiques. Le site s\u2019adresse \u00e0 un large public francophone et couvre l\u2019information tunisienne en temps r\u00e9el.\",\"email\":\"redac@webdo.tn\",\"legalName\":\"YNJ SARL\",\"foundingDate\":\"2010-09-06\",\"numberOfEmployees\":{\"@type\":\"QuantitativeValue\",\"minValue\":\"11\",\"maxValue\":\"50\"}},{\"@type\":\"Person\",\"@id\":\"https:\\\/\\\/www.webdo.tn\\\/fr\\\/#\\\/schema\\\/person\\\/9a9c6118d687c117df8ef3cc36a4d175\",\"name\":\"webdo.tn\",\"image\":{\"@type\":\"ImageObject\",\"inLanguage\":\"fr-FR\",\"@id\":\"https:\\\/\\\/secure.gravatar.com\\\/avatar\\\/7ce1f28c0c3bbac99ff550b85ef8e44a6950c6ee24514fb6a5489e51d06f0298?s=96&d=mm&r=g\",\"url\":\"https:\\\/\\\/secure.gravatar.com\\\/avatar\\\/7ce1f28c0c3bbac99ff550b85ef8e44a6950c6ee24514fb6a5489e51d06f0298?s=96&d=mm&r=g\",\"contentUrl\":\"https:\\\/\\\/secure.gravatar.com\\\/avatar\\\/7ce1f28c0c3bbac99ff550b85ef8e44a6950c6ee24514fb6a5489e51d06f0298?s=96&d=mm&r=g\",\"caption\":\"webdo.tn\"},\"url\":\"https:\\\/\\\/www.webdo.tn\\\/fr\\\/actualite\\\/author\\\/webdotn\\\/\"}]}<\/script>\n<!-- \/ Yoast SEO Premium plugin. -->","yoast_head_json":{"title":"La Cour P\u00e9nale Internationale se penche \u00e0 nouveau sur la situation de la Palestine","description":"La Cour P\u00e9nale Internationale se penche \u00e0 nouveau sur la situation de la Palestine","canonical":"https:\/\/www.webdo.tn\/fr\/actualite\/international\/la-cour-penale-internationale-se-penche-nouveau-sur-la-situation-de-la-palestine\/184229\/","og_locale":"fr_FR","og_type":"article","og_title":"La Cour P\u00e9nale Internationale se penche \u00e0 nouveau sur la situation de la Palestine","og_description":"La Cour P\u00e9nale Internationale se penche \u00e0 nouveau sur la situation de la Palestine","og_url":"https:\/\/www.webdo.tn\/fr\/actualite\/international\/la-cour-penale-internationale-se-penche-nouveau-sur-la-situation-de-la-palestine\/184229\/","og_site_name":"webdo","article_publisher":"https:\/\/www.facebook.com\/webdotn","article_published_time":"2015-01-16T17:42:00+00:00","author":"webdo.tn","twitter_card":"summary_large_image","twitter_creator":"@webdo_tn","twitter_site":"@webdo_tn","twitter_misc":{"\u00c9crit par":"webdo.tn","Dur\u00e9e de lecture estim\u00e9e":"2 minutes"},"schema":{"@context":"https:\/\/schema.org","@graph":[{"@type":"NewsArticle","@id":"https:\/\/www.webdo.tn\/fr\/actualite\/international\/la-cour-penale-internationale-se-penche-nouveau-sur-la-situation-de-la-palestine\/184229\/#article","isPartOf":{"@id":"https:\/\/www.webdo.tn\/fr\/actualite\/international\/la-cour-penale-internationale-se-penche-nouveau-sur-la-situation-de-la-palestine\/184229\/"},"author":{"name":"webdo.tn","@id":"https:\/\/www.webdo.tn\/fr\/#\/schema\/person\/9a9c6118d687c117df8ef3cc36a4d175"},"headline":"La Cour P\u00e9nale Internationale se penche \u00e0 nouveau sur la situation de la Palestine","datePublished":"2015-01-16T17:42:00+00:00","mainEntityOfPage":{"@id":"https:\/\/www.webdo.tn\/fr\/actualite\/international\/la-cour-penale-internationale-se-penche-nouveau-sur-la-situation-de-la-palestine\/184229\/"},"wordCount":526,"commentCount":0,"publisher":{"@id":"https:\/\/www.webdo.tn\/fr\/#organization"},"image":{"@id":"https:\/\/www.webdo.tn\/fr\/actualite\/international\/la-cour-penale-internationale-se-penche-nouveau-sur-la-situation-de-la-palestine\/184229\/#primaryimage"},"thumbnailUrl":"https:\/\/www.webdo.tn\/fr\/wp-content\/uploads\/2025\/06\/Capture-decran-2015-01-16-a-17.27.09-e1421426157834_184229.png","keywords":["guerre"],"articleSection":["International"],"inLanguage":"fr-FR"},{"@type":"WebPage","@id":"https:\/\/www.webdo.tn\/fr\/actualite\/international\/la-cour-penale-internationale-se-penche-nouveau-sur-la-situation-de-la-palestine\/184229\/","url":"https:\/\/www.webdo.tn\/fr\/actualite\/international\/la-cour-penale-internationale-se-penche-nouveau-sur-la-situation-de-la-palestine\/184229\/","name":"La Cour P\u00e9nale Internationale se penche \u00e0 nouveau sur la situation de la Palestine","isPartOf":{"@id":"https:\/\/www.webdo.tn\/fr\/#website"},"primaryImageOfPage":{"@id":"https:\/\/www.webdo.tn\/fr\/actualite\/international\/la-cour-penale-internationale-se-penche-nouveau-sur-la-situation-de-la-palestine\/184229\/#primaryimage"},"image":{"@id":"https:\/\/www.webdo.tn\/fr\/actualite\/international\/la-cour-penale-internationale-se-penche-nouveau-sur-la-situation-de-la-palestine\/184229\/#primaryimage"},"thumbnailUrl":"https:\/\/www.webdo.tn\/fr\/wp-content\/uploads\/2025\/06\/Capture-decran-2015-01-16-a-17.27.09-e1421426157834_184229.png","datePublished":"2015-01-16T17:42:00+00:00","description":"La Cour P\u00e9nale Internationale se penche \u00e0 nouveau sur la situation de la Palestine","breadcrumb":{"@id":"https:\/\/www.webdo.tn\/fr\/actualite\/international\/la-cour-penale-internationale-se-penche-nouveau-sur-la-situation-de-la-palestine\/184229\/#breadcrumb"},"inLanguage":"fr-FR","potentialAction":[{"@type":"ReadAction","target":["https:\/\/www.webdo.tn\/fr\/actualite\/international\/la-cour-penale-internationale-se-penche-nouveau-sur-la-situation-de-la-palestine\/184229\/"]}]},{"@type":"ImageObject","inLanguage":"fr-FR","@id":"https:\/\/www.webdo.tn\/fr\/actualite\/international\/la-cour-penale-internationale-se-penche-nouveau-sur-la-situation-de-la-palestine\/184229\/#primaryimage","url":"https:\/\/www.webdo.tn\/fr\/wp-content\/uploads\/2025\/06\/Capture-decran-2015-01-16-a-17.27.09-e1421426157834_184229.png","contentUrl":"https:\/\/www.webdo.tn\/fr\/wp-content\/uploads\/2025\/06\/Capture-decran-2015-01-16-a-17.27.09-e1421426157834_184229.png","width":600,"height":209,"caption":"La Cour P\u00e9nale Internationale se penche \u00e0 nouveau sur la situation de la Palestine"},{"@type":"BreadcrumbList","@id":"https:\/\/www.webdo.tn\/fr\/actualite\/international\/la-cour-penale-internationale-se-penche-nouveau-sur-la-situation-de-la-palestine\/184229\/#breadcrumb","itemListElement":[{"@type":"ListItem","position":1,"name":"Accueil","item":"https:\/\/www.webdo.tn\/fr\/"},{"@type":"ListItem","position":2,"name":"La Cour P\u00e9nale Internationale se penche \u00e0 nouveau sur la situation de la Palestine"}]},{"@type":"WebSite","@id":"https:\/\/www.webdo.tn\/fr\/#website","url":"https:\/\/www.webdo.tn\/fr\/","name":"webdo","description":"Tunisie - News en Tunisie et \u00e0 l&#039;international sur Webdo.tn","publisher":{"@id":"https:\/\/www.webdo.tn\/fr\/#organization"},"potentialAction":[{"@type":"SearchAction","target":{"@type":"EntryPoint","urlTemplate":"https:\/\/www.webdo.tn\/fr\/?s={search_term_string}"},"query-input":{"@type":"PropertyValueSpecification","valueRequired":true,"valueName":"search_term_string"}}],"inLanguage":"fr-FR"},{"@type":"Organization","@id":"https:\/\/www.webdo.tn\/fr\/#organization","name":"Webdo","alternateName":"Webdo.tn","url":"https:\/\/www.webdo.tn\/fr\/","logo":{"@type":"ImageObject","inLanguage":"fr-FR","@id":"https:\/\/www.webdo.tn\/fr\/#\/schema\/logo\/image\/","url":"https:\/\/www.webdo.tn\/fr\/wp-content\/uploads\/2025\/06\/Webdo-Tunisie_168377.jpg","contentUrl":"https:\/\/www.webdo.tn\/fr\/wp-content\/uploads\/2025\/06\/Webdo-Tunisie_168377.jpg","width":301,"height":301,"caption":"Webdo"},"image":{"@id":"https:\/\/www.webdo.tn\/fr\/#\/schema\/logo\/image\/"},"sameAs":["https:\/\/www.facebook.com\/webdotn","https:\/\/x.com\/webdo_tn"],"description":"Webdo est un m\u00e9dia num\u00e9rique tunisien fond\u00e9 en 2010, sp\u00e9cialis\u00e9 dans l\u2019actualit\u00e9 nationale et internationale, l\u2019\u00e9conomie, la soci\u00e9t\u00e9 et les analyses politiques. Le site s\u2019adresse \u00e0 un large public francophone et couvre l\u2019information tunisienne en temps r\u00e9el.","email":"redac@webdo.tn","legalName":"YNJ SARL","foundingDate":"2010-09-06","numberOfEmployees":{"@type":"QuantitativeValue","minValue":"11","maxValue":"50"}},{"@type":"Person","@id":"https:\/\/www.webdo.tn\/fr\/#\/schema\/person\/9a9c6118d687c117df8ef3cc36a4d175","name":"webdo.tn","image":{"@type":"ImageObject","inLanguage":"fr-FR","@id":"https:\/\/secure.gravatar.com\/avatar\/7ce1f28c0c3bbac99ff550b85ef8e44a6950c6ee24514fb6a5489e51d06f0298?s=96&d=mm&r=g","url":"https:\/\/secure.gravatar.com\/avatar\/7ce1f28c0c3bbac99ff550b85ef8e44a6950c6ee24514fb6a5489e51d06f0298?s=96&d=mm&r=g","contentUrl":"https:\/\/secure.gravatar.com\/avatar\/7ce1f28c0c3bbac99ff550b85ef8e44a6950c6ee24514fb6a5489e51d06f0298?s=96&d=mm&r=g","caption":"webdo.tn"},"url":"https:\/\/www.webdo.tn\/fr\/actualite\/author\/webdotn\/"}]}},"_links":{"self":[{"href":"https:\/\/www.webdo.tn\/fr\/wp-json\/wp\/v2\/posts\/184229","targetHints":{"allow":["GET"]}}],"collection":[{"href":"https:\/\/www.webdo.tn\/fr\/wp-json\/wp\/v2\/posts"}],"about":[{"href":"https:\/\/www.webdo.tn\/fr\/wp-json\/wp\/v2\/types\/post"}],"author":[{"embeddable":true,"href":"https:\/\/www.webdo.tn\/fr\/wp-json\/wp\/v2\/users\/3222"}],"replies":[{"embeddable":true,"href":"https:\/\/www.webdo.tn\/fr\/wp-json\/wp\/v2\/comments?post=184229"}],"version-history":[{"count":0,"href":"https:\/\/www.webdo.tn\/fr\/wp-json\/wp\/v2\/posts\/184229\/revisions"}],"wp:featuredmedia":[{"embeddable":true,"href":"https:\/\/www.webdo.tn\/fr\/wp-json\/wp\/v2\/media\/375276"}],"wp:attachment":[{"href":"https:\/\/www.webdo.tn\/fr\/wp-json\/wp\/v2\/media?parent=184229"}],"wp:term":[{"taxonomy":"category","embeddable":true,"href":"https:\/\/www.webdo.tn\/fr\/wp-json\/wp\/v2\/categories?post=184229"},{"taxonomy":"post_tag","embeddable":true,"href":"https:\/\/www.webdo.tn\/fr\/wp-json\/wp\/v2\/tags?post=184229"}],"curies":[{"name":"wp","href":"https:\/\/api.w.org\/{rel}","templated":true}]}}