{"id":184228,"date":"2015-01-16T22:35:00","date_gmt":"2015-01-16T22:35:00","guid":{"rendered":"https:\/\/www.webdo.tn\/fr\/blog\/la-2e-session-de-coups-de-fouet-contre-raif-badawi-reportee-pour-des-raisons-medicales\/184228\/"},"modified":"2025-05-19T10:24:49","modified_gmt":"2025-05-19T10:24:49","slug":"la-2e-session-de-coups-de-fouet-contre-raif-badawi-reportee-pour-des-raisons-medicales","status":"publish","type":"post","link":"https:\/\/www.webdo.tn\/fr\/actualite\/international\/la-2e-session-de-coups-de-fouet-contre-raif-badawi-reportee-pour-des-raisons-medicales\/184228\/","title":{"rendered":"La 2e session de coups de fouet contre Raif Badawi report\u00e9e pour des raisons m\u00e9dicales"},"content":{"rendered":"<p>ARABIE SAOUDITE |<\/p>\n<p>Pr\u00e9vue ce vendredi 16 janvier 2015, apr\u00e8s la pri\u00e8re du vendredi, devant la mosqu\u00e9e de al-Jaffali \u00e0 Jeddah, en Arabie Saoudite, la deuxi\u00e8me session de flagellation contre le blogueur Raif Badawi, a \u00e9t\u00e9 report\u00e9e \u00e0 la semaine prochaine, pour des raisons m\u00e9dicales.<\/p>\n<p>\u00ab\u00a0Le m\u00e9decin qui a auscult\u00e9 le net-citoyen ce matin a estim\u00e9 que le corps du jeune homme n\u2019\u00e9tait pas en mesure de supporter dans l\u2019imm\u00e9diat d\u2019autres coups de fouet. La 2\u00e8me s\u00e9ance de flagellation a donc \u00e9t\u00e9 report\u00e9e \u00e0 vendredi prochain\u00a0\u00bb, a indiqu\u00e9 l&rsquo;ONG Reporters Sans Fronti\u00e8res, dans un communiqu\u00e9 publi\u00e9 aujourd&rsquo;hui.<\/p>\n<p>La premi\u00e8re s\u00e9ance de flagellation avait eu lieu le vendredi 9 janvier 2015.<\/p>\n<p>Raif Badawi, \u00e2g\u00e9 de 31 ans, avait \u00e9t\u00e9 condamn\u00e9, en septembre 2014, \u00e0 une peine de 10 ans de prison et de 1000 coups de fouet, r\u00e9partis sur 20 semaines, \u00e0 raison de 50 coups par session, ainsi qu&rsquo;\u00e0 une amende de pr\u00e8s de 500.000 dinars.<br \/>\nLes Nations Unies appellent \u00e0 une gr\u00e2ce royale<br \/>\nFondateur du site Liberal Saudi Network, dans lequel il traitait des questions de droits de l&rsquo;Homme dans le royaume saoudien, Raif Badawi avait \u00e9t\u00e9 condamn\u00e9 pour \u00ab\u00a0insultes \u00e0 l&rsquo;Islam\u00a0\u00bb. Sa femme et ses trois enfants sont, actuellement, r\u00e9fugi\u00e9s au Canada.<\/p>\n<p>Plusieurs manifestations ont eu lieu, dans le monde, devant des ambassades de l&rsquo;Arabie Saoudite, r\u00e9clamant l&rsquo;annulation de la condamnation de Raif Badawi.<\/p>\n<p>\u00abJ&rsquo;en appelle au roi de l&rsquo;Arabie saoudite d&rsquo;exercer son pouvoir afin de mettre fin \u00e0 la flagellation publique, en graciant M. Badawi, et \u00e0 revoir de fa\u00e7on urgente ce type de sanction extr\u00eamement s\u00e9v\u00e8re\u00bb, a d\u00e9clar\u00e9 Zeid Raad Al Hussein, haut-commissaire des Nations unies aux droits de l&rsquo;homme.<\/p>\n<p>Pour sa part, Reporters Sans Fronti\u00e8res a lanc\u00e9 une p\u00e9tition appelant le roi saoudien Abdallah Ben Abdelaziz al-Saoud \u00e0 arr\u00eater \u00ab\u00a0le supplice\u00a0\u00bb de Raif Badawi. Cette p\u00e9tition a re\u00e7u, jusque-l\u00e0, plus de 35.000 signatures.<\/p>\n","protected":false},"excerpt":{"rendered":"<p>La 2e session de coups de fouet contre Raif Badawi report\u00e9e pour des raisons m\u00e9dicales<\/p>\n","protected":false},"author":3222,"featured_media":319316,"comment_status":"open","ping_status":"closed","sticky":false,"template":"","format":"standard","meta":{"footnotes":""},"categories":[2598],"tags":[2600],"class_list":["post-184228","post","type-post","status-publish","format-standard","has-post-thumbnail","hentry","category-international","tag-guerre"],"yoast_head":"<!-- This site is optimized with the Yoast SEO Premium plugin v27.5 (Yoast SEO v27.5) - https:\/\/yoast.com\/product\/yoast-seo-premium-wordpress\/ -->\n<title>La 2e session de coups de fouet contre Raif Badawi report\u00e9e pour des raisons m\u00e9dicales<\/title>\n<meta name=\"description\" content=\"La 2e session de coups de fouet contre Raif Badawi report\u00e9e pour des raisons m\u00e9dicales\" \/>\n<link rel=\"canonical\" href=\"https:\/\/www.webdo.tn\/fr\/actualite\/international\/la-2e-session-de-coups-de-fouet-contre-raif-badawi-reportee-pour-des-raisons-medicales\/184228\/\" \/>\n<meta property=\"og:locale\" content=\"fr_FR\" \/>\n<meta property=\"og:type\" content=\"article\" \/>\n<meta property=\"og:title\" content=\"La 2e session de coups de fouet contre Raif Badawi report\u00e9e pour des raisons m\u00e9dicales\" \/>\n<meta property=\"og:description\" content=\"La 2e session de coups de fouet contre Raif Badawi report\u00e9e pour des raisons m\u00e9dicales\" \/>\n<meta property=\"og:url\" content=\"https:\/\/www.webdo.tn\/fr\/actualite\/international\/la-2e-session-de-coups-de-fouet-contre-raif-badawi-reportee-pour-des-raisons-medicales\/184228\/\" \/>\n<meta property=\"og:site_name\" content=\"webdo\" \/>\n<meta property=\"article:publisher\" content=\"https:\/\/www.facebook.com\/webdotn\" \/>\n<meta property=\"article:published_time\" content=\"2015-01-16T22:35:00+00:00\" \/>\n<meta property=\"article:modified_time\" content=\"2025-05-19T10:24:49+00:00\" \/>\n<meta property=\"og:image\" content=\"https:\/\/www.webdo.tn\/fr\/wp-content\/uploads\/2015\/01\/Raif-Badawi-200x300-1.jpg\" \/>\n\t<meta property=\"og:image:width\" content=\"200\" \/>\n\t<meta property=\"og:image:height\" content=\"300\" \/>\n\t<meta property=\"og:image:type\" content=\"image\/jpeg\" \/>\n<meta name=\"author\" content=\"webdo.tn\" \/>\n<meta name=\"twitter:card\" content=\"summary_large_image\" \/>\n<meta name=\"twitter:creator\" content=\"@webdo_tn\" \/>\n<meta name=\"twitter:site\" content=\"@webdo_tn\" \/>\n<meta name=\"twitter:label1\" content=\"\u00c9crit par\" \/>\n\t<meta name=\"twitter:data1\" content=\"webdo.tn\" \/>\n\t<meta name=\"twitter:label2\" content=\"Dur\u00e9e de lecture estim\u00e9e\" \/>\n\t<meta name=\"twitter:data2\" content=\"2 minutes\" \/>\n<script type=\"application\/ld+json\" class=\"yoast-schema-graph\">{\"@context\":\"https:\\\/\\\/schema.org\",\"@graph\":[{\"@type\":\"NewsArticle\",\"@id\":\"https:\\\/\\\/www.webdo.tn\\\/fr\\\/actualite\\\/international\\\/la-2e-session-de-coups-de-fouet-contre-raif-badawi-reportee-pour-des-raisons-medicales\\\/184228\\\/#article\",\"isPartOf\":{\"@id\":\"https:\\\/\\\/www.webdo.tn\\\/fr\\\/actualite\\\/international\\\/la-2e-session-de-coups-de-fouet-contre-raif-badawi-reportee-pour-des-raisons-medicales\\\/184228\\\/\"},\"author\":{\"name\":\"webdo.tn\",\"@id\":\"https:\\\/\\\/www.webdo.tn\\\/fr\\\/#\\\/schema\\\/person\\\/9a9c6118d687c117df8ef3cc36a4d175\"},\"headline\":\"La 2e session de coups de fouet contre Raif Badawi report\u00e9e pour des raisons m\u00e9dicales\",\"datePublished\":\"2015-01-16T22:35:00+00:00\",\"dateModified\":\"2025-05-19T10:24:49+00:00\",\"mainEntityOfPage\":{\"@id\":\"https:\\\/\\\/www.webdo.tn\\\/fr\\\/actualite\\\/international\\\/la-2e-session-de-coups-de-fouet-contre-raif-badawi-reportee-pour-des-raisons-medicales\\\/184228\\\/\"},\"wordCount\":345,\"commentCount\":0,\"publisher\":{\"@id\":\"https:\\\/\\\/www.webdo.tn\\\/fr\\\/#organization\"},\"image\":{\"@id\":\"https:\\\/\\\/www.webdo.tn\\\/fr\\\/actualite\\\/international\\\/la-2e-session-de-coups-de-fouet-contre-raif-badawi-reportee-pour-des-raisons-medicales\\\/184228\\\/#primaryimage\"},\"thumbnailUrl\":\"https:\\\/\\\/www.webdo.tn\\\/fr\\\/wp-content\\\/uploads\\\/2015\\\/01\\\/Raif-Badawi-200x300-1.jpg\",\"keywords\":[\"guerre\"],\"articleSection\":[\"International\"],\"inLanguage\":\"fr-FR\"},{\"@type\":\"WebPage\",\"@id\":\"https:\\\/\\\/www.webdo.tn\\\/fr\\\/actualite\\\/international\\\/la-2e-session-de-coups-de-fouet-contre-raif-badawi-reportee-pour-des-raisons-medicales\\\/184228\\\/\",\"url\":\"https:\\\/\\\/www.webdo.tn\\\/fr\\\/actualite\\\/international\\\/la-2e-session-de-coups-de-fouet-contre-raif-badawi-reportee-pour-des-raisons-medicales\\\/184228\\\/\",\"name\":\"La 2e session de coups de fouet contre Raif Badawi report\u00e9e pour des raisons m\u00e9dicales\",\"isPartOf\":{\"@id\":\"https:\\\/\\\/www.webdo.tn\\\/fr\\\/#website\"},\"primaryImageOfPage\":{\"@id\":\"https:\\\/\\\/www.webdo.tn\\\/fr\\\/actualite\\\/international\\\/la-2e-session-de-coups-de-fouet-contre-raif-badawi-reportee-pour-des-raisons-medicales\\\/184228\\\/#primaryimage\"},\"image\":{\"@id\":\"https:\\\/\\\/www.webdo.tn\\\/fr\\\/actualite\\\/international\\\/la-2e-session-de-coups-de-fouet-contre-raif-badawi-reportee-pour-des-raisons-medicales\\\/184228\\\/#primaryimage\"},\"thumbnailUrl\":\"https:\\\/\\\/www.webdo.tn\\\/fr\\\/wp-content\\\/uploads\\\/2015\\\/01\\\/Raif-Badawi-200x300-1.jpg\",\"datePublished\":\"2015-01-16T22:35:00+00:00\",\"dateModified\":\"2025-05-19T10:24:49+00:00\",\"description\":\"La 2e session de coups de fouet contre Raif Badawi report\u00e9e pour des raisons m\u00e9dicales\",\"breadcrumb\":{\"@id\":\"https:\\\/\\\/www.webdo.tn\\\/fr\\\/actualite\\\/international\\\/la-2e-session-de-coups-de-fouet-contre-raif-badawi-reportee-pour-des-raisons-medicales\\\/184228\\\/#breadcrumb\"},\"inLanguage\":\"fr-FR\",\"potentialAction\":[{\"@type\":\"ReadAction\",\"target\":[\"https:\\\/\\\/www.webdo.tn\\\/fr\\\/actualite\\\/international\\\/la-2e-session-de-coups-de-fouet-contre-raif-badawi-reportee-pour-des-raisons-medicales\\\/184228\\\/\"]}]},{\"@type\":\"ImageObject\",\"inLanguage\":\"fr-FR\",\"@id\":\"https:\\\/\\\/www.webdo.tn\\\/fr\\\/actualite\\\/international\\\/la-2e-session-de-coups-de-fouet-contre-raif-badawi-reportee-pour-des-raisons-medicales\\\/184228\\\/#primaryimage\",\"url\":\"https:\\\/\\\/www.webdo.tn\\\/fr\\\/wp-content\\\/uploads\\\/2015\\\/01\\\/Raif-Badawi-200x300-1.jpg\",\"contentUrl\":\"https:\\\/\\\/www.webdo.tn\\\/fr\\\/wp-content\\\/uploads\\\/2015\\\/01\\\/Raif-Badawi-200x300-1.jpg\",\"width\":200,\"height\":300,\"caption\":\"La 2e session de coups de fouet contre Raif Badawi report\u00e9e pour des raisons m\u00e9dicales\"},{\"@type\":\"BreadcrumbList\",\"@id\":\"https:\\\/\\\/www.webdo.tn\\\/fr\\\/actualite\\\/international\\\/la-2e-session-de-coups-de-fouet-contre-raif-badawi-reportee-pour-des-raisons-medicales\\\/184228\\\/#breadcrumb\",\"itemListElement\":[{\"@type\":\"ListItem\",\"position\":1,\"name\":\"Accueil\",\"item\":\"https:\\\/\\\/www.webdo.tn\\\/fr\\\/\"},{\"@type\":\"ListItem\",\"position\":2,\"name\":\"La 2e session de coups de fouet contre Raif Badawi report\u00e9e pour des raisons m\u00e9dicales\"}]},{\"@type\":\"WebSite\",\"@id\":\"https:\\\/\\\/www.webdo.tn\\\/fr\\\/#website\",\"url\":\"https:\\\/\\\/www.webdo.tn\\\/fr\\\/\",\"name\":\"webdo\",\"description\":\"Tunisie - News en Tunisie et \u00e0 l&#039;international sur Webdo.tn\",\"publisher\":{\"@id\":\"https:\\\/\\\/www.webdo.tn\\\/fr\\\/#organization\"},\"potentialAction\":[{\"@type\":\"SearchAction\",\"target\":{\"@type\":\"EntryPoint\",\"urlTemplate\":\"https:\\\/\\\/www.webdo.tn\\\/fr\\\/?s={search_term_string}\"},\"query-input\":{\"@type\":\"PropertyValueSpecification\",\"valueRequired\":true,\"valueName\":\"search_term_string\"}}],\"inLanguage\":\"fr-FR\"},{\"@type\":\"Organization\",\"@id\":\"https:\\\/\\\/www.webdo.tn\\\/fr\\\/#organization\",\"name\":\"Webdo\",\"alternateName\":\"Webdo.tn\",\"url\":\"https:\\\/\\\/www.webdo.tn\\\/fr\\\/\",\"logo\":{\"@type\":\"ImageObject\",\"inLanguage\":\"fr-FR\",\"@id\":\"https:\\\/\\\/www.webdo.tn\\\/fr\\\/#\\\/schema\\\/logo\\\/image\\\/\",\"url\":\"https:\\\/\\\/www.webdo.tn\\\/fr\\\/wp-content\\\/uploads\\\/2025\\\/06\\\/Webdo-Tunisie_168377.jpg\",\"contentUrl\":\"https:\\\/\\\/www.webdo.tn\\\/fr\\\/wp-content\\\/uploads\\\/2025\\\/06\\\/Webdo-Tunisie_168377.jpg\",\"width\":301,\"height\":301,\"caption\":\"Webdo\"},\"image\":{\"@id\":\"https:\\\/\\\/www.webdo.tn\\\/fr\\\/#\\\/schema\\\/logo\\\/image\\\/\"},\"sameAs\":[\"https:\\\/\\\/www.facebook.com\\\/webdotn\",\"https:\\\/\\\/x.com\\\/webdo_tn\"],\"description\":\"Webdo est un m\u00e9dia num\u00e9rique tunisien fond\u00e9 en 2010, sp\u00e9cialis\u00e9 dans l\u2019actualit\u00e9 nationale et internationale, l\u2019\u00e9conomie, la soci\u00e9t\u00e9 et les analyses politiques. Le site s\u2019adresse \u00e0 un large public francophone et couvre l\u2019information tunisienne en temps r\u00e9el.\",\"email\":\"redac@webdo.tn\",\"legalName\":\"YNJ SARL\",\"foundingDate\":\"2010-09-06\",\"numberOfEmployees\":{\"@type\":\"QuantitativeValue\",\"minValue\":\"11\",\"maxValue\":\"50\"}},{\"@type\":\"Person\",\"@id\":\"https:\\\/\\\/www.webdo.tn\\\/fr\\\/#\\\/schema\\\/person\\\/9a9c6118d687c117df8ef3cc36a4d175\",\"name\":\"webdo.tn\",\"image\":{\"@type\":\"ImageObject\",\"inLanguage\":\"fr-FR\",\"@id\":\"https:\\\/\\\/secure.gravatar.com\\\/avatar\\\/7ce1f28c0c3bbac99ff550b85ef8e44a6950c6ee24514fb6a5489e51d06f0298?s=96&d=mm&r=g\",\"url\":\"https:\\\/\\\/secure.gravatar.com\\\/avatar\\\/7ce1f28c0c3bbac99ff550b85ef8e44a6950c6ee24514fb6a5489e51d06f0298?s=96&d=mm&r=g\",\"contentUrl\":\"https:\\\/\\\/secure.gravatar.com\\\/avatar\\\/7ce1f28c0c3bbac99ff550b85ef8e44a6950c6ee24514fb6a5489e51d06f0298?s=96&d=mm&r=g\",\"caption\":\"webdo.tn\"},\"url\":\"https:\\\/\\\/www.webdo.tn\\\/fr\\\/actualite\\\/author\\\/webdotn\\\/\"}]}<\/script>\n<!-- \/ Yoast SEO Premium plugin. -->","yoast_head_json":{"title":"La 2e session de coups de fouet contre Raif Badawi report\u00e9e pour des raisons m\u00e9dicales","description":"La 2e session de coups de fouet contre Raif Badawi report\u00e9e pour des raisons m\u00e9dicales","canonical":"https:\/\/www.webdo.tn\/fr\/actualite\/international\/la-2e-session-de-coups-de-fouet-contre-raif-badawi-reportee-pour-des-raisons-medicales\/184228\/","og_locale":"fr_FR","og_type":"article","og_title":"La 2e session de coups de fouet contre Raif Badawi report\u00e9e pour des raisons m\u00e9dicales","og_description":"La 2e session de coups de fouet contre Raif Badawi report\u00e9e pour des raisons m\u00e9dicales","og_url":"https:\/\/www.webdo.tn\/fr\/actualite\/international\/la-2e-session-de-coups-de-fouet-contre-raif-badawi-reportee-pour-des-raisons-medicales\/184228\/","og_site_name":"webdo","article_publisher":"https:\/\/www.facebook.com\/webdotn","article_published_time":"2015-01-16T22:35:00+00:00","article_modified_time":"2025-05-19T10:24:49+00:00","og_image":[{"width":200,"height":300,"url":"https:\/\/www.webdo.tn\/fr\/wp-content\/uploads\/2015\/01\/Raif-Badawi-200x300-1.jpg","type":"image\/jpeg"}],"author":"webdo.tn","twitter_card":"summary_large_image","twitter_creator":"@webdo_tn","twitter_site":"@webdo_tn","twitter_misc":{"\u00c9crit par":"webdo.tn","Dur\u00e9e de lecture estim\u00e9e":"2 minutes"},"schema":{"@context":"https:\/\/schema.org","@graph":[{"@type":"NewsArticle","@id":"https:\/\/www.webdo.tn\/fr\/actualite\/international\/la-2e-session-de-coups-de-fouet-contre-raif-badawi-reportee-pour-des-raisons-medicales\/184228\/#article","isPartOf":{"@id":"https:\/\/www.webdo.tn\/fr\/actualite\/international\/la-2e-session-de-coups-de-fouet-contre-raif-badawi-reportee-pour-des-raisons-medicales\/184228\/"},"author":{"name":"webdo.tn","@id":"https:\/\/www.webdo.tn\/fr\/#\/schema\/person\/9a9c6118d687c117df8ef3cc36a4d175"},"headline":"La 2e session de coups de fouet contre Raif Badawi report\u00e9e pour des raisons m\u00e9dicales","datePublished":"2015-01-16T22:35:00+00:00","dateModified":"2025-05-19T10:24:49+00:00","mainEntityOfPage":{"@id":"https:\/\/www.webdo.tn\/fr\/actualite\/international\/la-2e-session-de-coups-de-fouet-contre-raif-badawi-reportee-pour-des-raisons-medicales\/184228\/"},"wordCount":345,"commentCount":0,"publisher":{"@id":"https:\/\/www.webdo.tn\/fr\/#organization"},"image":{"@id":"https:\/\/www.webdo.tn\/fr\/actualite\/international\/la-2e-session-de-coups-de-fouet-contre-raif-badawi-reportee-pour-des-raisons-medicales\/184228\/#primaryimage"},"thumbnailUrl":"https:\/\/www.webdo.tn\/fr\/wp-content\/uploads\/2015\/01\/Raif-Badawi-200x300-1.jpg","keywords":["guerre"],"articleSection":["International"],"inLanguage":"fr-FR"},{"@type":"WebPage","@id":"https:\/\/www.webdo.tn\/fr\/actualite\/international\/la-2e-session-de-coups-de-fouet-contre-raif-badawi-reportee-pour-des-raisons-medicales\/184228\/","url":"https:\/\/www.webdo.tn\/fr\/actualite\/international\/la-2e-session-de-coups-de-fouet-contre-raif-badawi-reportee-pour-des-raisons-medicales\/184228\/","name":"La 2e session de coups de fouet contre Raif Badawi report\u00e9e pour des raisons m\u00e9dicales","isPartOf":{"@id":"https:\/\/www.webdo.tn\/fr\/#website"},"primaryImageOfPage":{"@id":"https:\/\/www.webdo.tn\/fr\/actualite\/international\/la-2e-session-de-coups-de-fouet-contre-raif-badawi-reportee-pour-des-raisons-medicales\/184228\/#primaryimage"},"image":{"@id":"https:\/\/www.webdo.tn\/fr\/actualite\/international\/la-2e-session-de-coups-de-fouet-contre-raif-badawi-reportee-pour-des-raisons-medicales\/184228\/#primaryimage"},"thumbnailUrl":"https:\/\/www.webdo.tn\/fr\/wp-content\/uploads\/2015\/01\/Raif-Badawi-200x300-1.jpg","datePublished":"2015-01-16T22:35:00+00:00","dateModified":"2025-05-19T10:24:49+00:00","description":"La 2e session de coups de fouet contre Raif Badawi report\u00e9e pour des raisons m\u00e9dicales","breadcrumb":{"@id":"https:\/\/www.webdo.tn\/fr\/actualite\/international\/la-2e-session-de-coups-de-fouet-contre-raif-badawi-reportee-pour-des-raisons-medicales\/184228\/#breadcrumb"},"inLanguage":"fr-FR","potentialAction":[{"@type":"ReadAction","target":["https:\/\/www.webdo.tn\/fr\/actualite\/international\/la-2e-session-de-coups-de-fouet-contre-raif-badawi-reportee-pour-des-raisons-medicales\/184228\/"]}]},{"@type":"ImageObject","inLanguage":"fr-FR","@id":"https:\/\/www.webdo.tn\/fr\/actualite\/international\/la-2e-session-de-coups-de-fouet-contre-raif-badawi-reportee-pour-des-raisons-medicales\/184228\/#primaryimage","url":"https:\/\/www.webdo.tn\/fr\/wp-content\/uploads\/2015\/01\/Raif-Badawi-200x300-1.jpg","contentUrl":"https:\/\/www.webdo.tn\/fr\/wp-content\/uploads\/2015\/01\/Raif-Badawi-200x300-1.jpg","width":200,"height":300,"caption":"La 2e session de coups de fouet contre Raif Badawi report\u00e9e pour des raisons m\u00e9dicales"},{"@type":"BreadcrumbList","@id":"https:\/\/www.webdo.tn\/fr\/actualite\/international\/la-2e-session-de-coups-de-fouet-contre-raif-badawi-reportee-pour-des-raisons-medicales\/184228\/#breadcrumb","itemListElement":[{"@type":"ListItem","position":1,"name":"Accueil","item":"https:\/\/www.webdo.tn\/fr\/"},{"@type":"ListItem","position":2,"name":"La 2e session de coups de fouet contre Raif Badawi report\u00e9e pour des raisons m\u00e9dicales"}]},{"@type":"WebSite","@id":"https:\/\/www.webdo.tn\/fr\/#website","url":"https:\/\/www.webdo.tn\/fr\/","name":"webdo","description":"Tunisie - News en Tunisie et \u00e0 l&#039;international sur Webdo.tn","publisher":{"@id":"https:\/\/www.webdo.tn\/fr\/#organization"},"potentialAction":[{"@type":"SearchAction","target":{"@type":"EntryPoint","urlTemplate":"https:\/\/www.webdo.tn\/fr\/?s={search_term_string}"},"query-input":{"@type":"PropertyValueSpecification","valueRequired":true,"valueName":"search_term_string"}}],"inLanguage":"fr-FR"},{"@type":"Organization","@id":"https:\/\/www.webdo.tn\/fr\/#organization","name":"Webdo","alternateName":"Webdo.tn","url":"https:\/\/www.webdo.tn\/fr\/","logo":{"@type":"ImageObject","inLanguage":"fr-FR","@id":"https:\/\/www.webdo.tn\/fr\/#\/schema\/logo\/image\/","url":"https:\/\/www.webdo.tn\/fr\/wp-content\/uploads\/2025\/06\/Webdo-Tunisie_168377.jpg","contentUrl":"https:\/\/www.webdo.tn\/fr\/wp-content\/uploads\/2025\/06\/Webdo-Tunisie_168377.jpg","width":301,"height":301,"caption":"Webdo"},"image":{"@id":"https:\/\/www.webdo.tn\/fr\/#\/schema\/logo\/image\/"},"sameAs":["https:\/\/www.facebook.com\/webdotn","https:\/\/x.com\/webdo_tn"],"description":"Webdo est un m\u00e9dia num\u00e9rique tunisien fond\u00e9 en 2010, sp\u00e9cialis\u00e9 dans l\u2019actualit\u00e9 nationale et internationale, l\u2019\u00e9conomie, la soci\u00e9t\u00e9 et les analyses politiques. Le site s\u2019adresse \u00e0 un large public francophone et couvre l\u2019information tunisienne en temps r\u00e9el.","email":"redac@webdo.tn","legalName":"YNJ SARL","foundingDate":"2010-09-06","numberOfEmployees":{"@type":"QuantitativeValue","minValue":"11","maxValue":"50"}},{"@type":"Person","@id":"https:\/\/www.webdo.tn\/fr\/#\/schema\/person\/9a9c6118d687c117df8ef3cc36a4d175","name":"webdo.tn","image":{"@type":"ImageObject","inLanguage":"fr-FR","@id":"https:\/\/secure.gravatar.com\/avatar\/7ce1f28c0c3bbac99ff550b85ef8e44a6950c6ee24514fb6a5489e51d06f0298?s=96&d=mm&r=g","url":"https:\/\/secure.gravatar.com\/avatar\/7ce1f28c0c3bbac99ff550b85ef8e44a6950c6ee24514fb6a5489e51d06f0298?s=96&d=mm&r=g","contentUrl":"https:\/\/secure.gravatar.com\/avatar\/7ce1f28c0c3bbac99ff550b85ef8e44a6950c6ee24514fb6a5489e51d06f0298?s=96&d=mm&r=g","caption":"webdo.tn"},"url":"https:\/\/www.webdo.tn\/fr\/actualite\/author\/webdotn\/"}]}},"_links":{"self":[{"href":"https:\/\/www.webdo.tn\/fr\/wp-json\/wp\/v2\/posts\/184228","targetHints":{"allow":["GET"]}}],"collection":[{"href":"https:\/\/www.webdo.tn\/fr\/wp-json\/wp\/v2\/posts"}],"about":[{"href":"https:\/\/www.webdo.tn\/fr\/wp-json\/wp\/v2\/types\/post"}],"author":[{"embeddable":true,"href":"https:\/\/www.webdo.tn\/fr\/wp-json\/wp\/v2\/users\/3222"}],"replies":[{"embeddable":true,"href":"https:\/\/www.webdo.tn\/fr\/wp-json\/wp\/v2\/comments?post=184228"}],"version-history":[{"count":0,"href":"https:\/\/www.webdo.tn\/fr\/wp-json\/wp\/v2\/posts\/184228\/revisions"}],"wp:featuredmedia":[{"embeddable":true,"href":"https:\/\/www.webdo.tn\/fr\/wp-json\/wp\/v2\/media\/319316"}],"wp:attachment":[{"href":"https:\/\/www.webdo.tn\/fr\/wp-json\/wp\/v2\/media?parent=184228"}],"wp:term":[{"taxonomy":"category","embeddable":true,"href":"https:\/\/www.webdo.tn\/fr\/wp-json\/wp\/v2\/categories?post=184228"},{"taxonomy":"post_tag","embeddable":true,"href":"https:\/\/www.webdo.tn\/fr\/wp-json\/wp\/v2\/tags?post=184228"}],"curies":[{"name":"wp","href":"https:\/\/api.w.org\/{rel}","templated":true}]}}