{"id":184227,"date":"2015-01-17T13:06:00","date_gmt":"2015-01-17T13:06:00","guid":{"rendered":"https:\/\/www.webdo.tn\/fr\/blog\/arabie-souadite-une-femme-decapitee-en-pleine-rue\/184227\/"},"modified":"2025-05-19T10:24:50","modified_gmt":"2025-05-19T10:24:50","slug":"arabie-souadite-une-femme-decapitee-en-pleine-rue","status":"publish","type":"post","link":"https:\/\/www.webdo.tn\/fr\/actualite\/international\/arabie-souadite-une-femme-decapitee-en-pleine-rue\/184227\/","title":{"rendered":"Arabie Saoudite : une femme d\u00e9capit\u00e9e en pleine rue"},"content":{"rendered":"<p>Une femme a \u00e9t\u00e9 d\u00e9capit\u00e9e dans les rues de la Mecque, lundi 12 janvier. Les images de cette ex\u00e9cution ont \u00e9t\u00e9 tourn\u00e9es par un amateur et post\u00e9es sur Youtube avant que la plateforme am\u00e9ricaine ne supprime ladite vid\u00e9o.<\/p>\n<p>Cette derni\u00e8re a n\u00e9anmoins \u00e9t\u00e9 reprise par d\u2019autres sites dont notamment France 24 qui n\u2019a publi\u00e9 cependant que quelques images.<\/p>\n<p>La victime est une Birmane qui vivait en Arabie Saoudite. Elle est accus\u00e9e d\u2019avoir abus\u00e9 sexuellement de sa belle-fille de sept ans et de l\u2019avoir assassin\u00e9e.<\/p>\n<p>Dans la vid\u00e9o, on entend la femme crier son innocence avant qu\u2019un homme ne l&rsquo;a frappe \u00e0 trois reprises au niveau du cou, avec un sabre.<\/p>\n<p>Depuis le d\u00e9but de la nouvelle ann\u00e9e, c\u2019est la septi\u00e8me ex\u00e9cution perp\u00e9tr\u00e9e en Arabie Saoudite. Un pays o\u00f9 le nombre d\u2019ex\u00e9cutions est en hausse d\u2019ann\u00e9e en ann\u00e9e.<\/p>\n<p>Rappelons que l\u2019Arabie Saoudite est d\u00e9j\u00e0 vivement critiqu\u00e9e de toutes parts apr\u00e8s qu\u2019un blogueur, Raif Badawi, a \u00e9t\u00e9 condamn\u00e9 \u00e0 1000 fouets pour insulte \u00e0 l&rsquo;islam.<\/p>\n","protected":false},"excerpt":{"rendered":"<p>Arabie Saoudite : une femme d\u00e9capit\u00e9e en pleine rue<\/p>\n","protected":false},"author":3222,"featured_media":319320,"comment_status":"open","ping_status":"closed","sticky":false,"template":"","format":"standard","meta":{"footnotes":""},"categories":[2598],"tags":[2600],"class_list":["post-184227","post","type-post","status-publish","format-standard","has-post-thumbnail","hentry","category-international","tag-guerre"],"yoast_head":"<!-- This site is optimized with the Yoast SEO Premium plugin v27.5 (Yoast SEO v27.5) - https:\/\/yoast.com\/product\/yoast-seo-premium-wordpress\/ -->\n<title>Arabie Saoudite : une femme d\u00e9capit\u00e9e en pleine rue<\/title>\n<meta name=\"description\" content=\"Arabie Saoudite : une femme d\u00e9capit\u00e9e en pleine rue\" \/>\n<link rel=\"canonical\" href=\"https:\/\/www.webdo.tn\/fr\/actualite\/international\/arabie-souadite-une-femme-decapitee-en-pleine-rue\/184227\/\" \/>\n<meta property=\"og:locale\" content=\"fr_FR\" \/>\n<meta property=\"og:type\" content=\"article\" \/>\n<meta property=\"og:title\" content=\"Arabie Saoudite : une femme d\u00e9capit\u00e9e en pleine rue\" \/>\n<meta property=\"og:description\" content=\"Arabie Saoudite : une femme d\u00e9capit\u00e9e en pleine rue\" \/>\n<meta property=\"og:url\" content=\"https:\/\/www.webdo.tn\/fr\/actualite\/international\/arabie-souadite-une-femme-decapitee-en-pleine-rue\/184227\/\" \/>\n<meta property=\"og:site_name\" content=\"webdo\" \/>\n<meta property=\"article:publisher\" content=\"https:\/\/www.facebook.com\/webdotn\" \/>\n<meta property=\"article:published_time\" content=\"2015-01-17T13:06:00+00:00\" \/>\n<meta property=\"article:modified_time\" content=\"2025-05-19T10:24:50+00:00\" \/>\n<meta property=\"og:image\" content=\"https:\/\/www.webdo.tn\/fr\/wp-content\/uploads\/2015\/01\/saudi-execution.jpg\" \/>\n\t<meta property=\"og:image:width\" content=\"520\" \/>\n\t<meta property=\"og:image:height\" content=\"320\" \/>\n\t<meta property=\"og:image:type\" content=\"image\/jpeg\" \/>\n<meta name=\"author\" content=\"webdo.tn\" \/>\n<meta name=\"twitter:card\" content=\"summary_large_image\" \/>\n<meta name=\"twitter:creator\" content=\"@webdo_tn\" \/>\n<meta name=\"twitter:site\" content=\"@webdo_tn\" \/>\n<meta name=\"twitter:label1\" content=\"\u00c9crit par\" \/>\n\t<meta name=\"twitter:data1\" content=\"webdo.tn\" \/>\n\t<meta name=\"twitter:label2\" content=\"Dur\u00e9e de lecture estim\u00e9e\" \/>\n\t<meta name=\"twitter:data2\" content=\"1 minute\" \/>\n<script type=\"application\/ld+json\" class=\"yoast-schema-graph\">{\"@context\":\"https:\\\/\\\/schema.org\",\"@graph\":[{\"@type\":\"NewsArticle\",\"@id\":\"https:\\\/\\\/www.webdo.tn\\\/fr\\\/actualite\\\/international\\\/arabie-souadite-une-femme-decapitee-en-pleine-rue\\\/184227\\\/#article\",\"isPartOf\":{\"@id\":\"https:\\\/\\\/www.webdo.tn\\\/fr\\\/actualite\\\/international\\\/arabie-souadite-une-femme-decapitee-en-pleine-rue\\\/184227\\\/\"},\"author\":{\"name\":\"webdo.tn\",\"@id\":\"https:\\\/\\\/www.webdo.tn\\\/fr\\\/#\\\/schema\\\/person\\\/9a9c6118d687c117df8ef3cc36a4d175\"},\"headline\":\"Arabie Saoudite : une femme d\u00e9capit\u00e9e en pleine rue\",\"datePublished\":\"2015-01-17T13:06:00+00:00\",\"dateModified\":\"2025-05-19T10:24:50+00:00\",\"mainEntityOfPage\":{\"@id\":\"https:\\\/\\\/www.webdo.tn\\\/fr\\\/actualite\\\/international\\\/arabie-souadite-une-femme-decapitee-en-pleine-rue\\\/184227\\\/\"},\"wordCount\":203,\"commentCount\":0,\"publisher\":{\"@id\":\"https:\\\/\\\/www.webdo.tn\\\/fr\\\/#organization\"},\"image\":{\"@id\":\"https:\\\/\\\/www.webdo.tn\\\/fr\\\/actualite\\\/international\\\/arabie-souadite-une-femme-decapitee-en-pleine-rue\\\/184227\\\/#primaryimage\"},\"thumbnailUrl\":\"https:\\\/\\\/www.webdo.tn\\\/fr\\\/wp-content\\\/uploads\\\/2015\\\/01\\\/saudi-execution.jpg\",\"keywords\":[\"guerre\"],\"articleSection\":[\"International\"],\"inLanguage\":\"fr-FR\"},{\"@type\":\"WebPage\",\"@id\":\"https:\\\/\\\/www.webdo.tn\\\/fr\\\/actualite\\\/international\\\/arabie-souadite-une-femme-decapitee-en-pleine-rue\\\/184227\\\/\",\"url\":\"https:\\\/\\\/www.webdo.tn\\\/fr\\\/actualite\\\/international\\\/arabie-souadite-une-femme-decapitee-en-pleine-rue\\\/184227\\\/\",\"name\":\"Arabie Saoudite : une femme d\u00e9capit\u00e9e en pleine rue\",\"isPartOf\":{\"@id\":\"https:\\\/\\\/www.webdo.tn\\\/fr\\\/#website\"},\"primaryImageOfPage\":{\"@id\":\"https:\\\/\\\/www.webdo.tn\\\/fr\\\/actualite\\\/international\\\/arabie-souadite-une-femme-decapitee-en-pleine-rue\\\/184227\\\/#primaryimage\"},\"image\":{\"@id\":\"https:\\\/\\\/www.webdo.tn\\\/fr\\\/actualite\\\/international\\\/arabie-souadite-une-femme-decapitee-en-pleine-rue\\\/184227\\\/#primaryimage\"},\"thumbnailUrl\":\"https:\\\/\\\/www.webdo.tn\\\/fr\\\/wp-content\\\/uploads\\\/2015\\\/01\\\/saudi-execution.jpg\",\"datePublished\":\"2015-01-17T13:06:00+00:00\",\"dateModified\":\"2025-05-19T10:24:50+00:00\",\"description\":\"Arabie Saoudite : une femme d\u00e9capit\u00e9e en pleine rue\",\"breadcrumb\":{\"@id\":\"https:\\\/\\\/www.webdo.tn\\\/fr\\\/actualite\\\/international\\\/arabie-souadite-une-femme-decapitee-en-pleine-rue\\\/184227\\\/#breadcrumb\"},\"inLanguage\":\"fr-FR\",\"potentialAction\":[{\"@type\":\"ReadAction\",\"target\":[\"https:\\\/\\\/www.webdo.tn\\\/fr\\\/actualite\\\/international\\\/arabie-souadite-une-femme-decapitee-en-pleine-rue\\\/184227\\\/\"]}]},{\"@type\":\"ImageObject\",\"inLanguage\":\"fr-FR\",\"@id\":\"https:\\\/\\\/www.webdo.tn\\\/fr\\\/actualite\\\/international\\\/arabie-souadite-une-femme-decapitee-en-pleine-rue\\\/184227\\\/#primaryimage\",\"url\":\"https:\\\/\\\/www.webdo.tn\\\/fr\\\/wp-content\\\/uploads\\\/2015\\\/01\\\/saudi-execution.jpg\",\"contentUrl\":\"https:\\\/\\\/www.webdo.tn\\\/fr\\\/wp-content\\\/uploads\\\/2015\\\/01\\\/saudi-execution.jpg\",\"width\":520,\"height\":320,\"caption\":\"Arabie Saoudite : une femme d\u00e9capit\u00e9e en pleine rue\"},{\"@type\":\"BreadcrumbList\",\"@id\":\"https:\\\/\\\/www.webdo.tn\\\/fr\\\/actualite\\\/international\\\/arabie-souadite-une-femme-decapitee-en-pleine-rue\\\/184227\\\/#breadcrumb\",\"itemListElement\":[{\"@type\":\"ListItem\",\"position\":1,\"name\":\"Accueil\",\"item\":\"https:\\\/\\\/www.webdo.tn\\\/fr\\\/\"},{\"@type\":\"ListItem\",\"position\":2,\"name\":\"Arabie Saoudite : une femme d\u00e9capit\u00e9e en pleine rue\"}]},{\"@type\":\"WebSite\",\"@id\":\"https:\\\/\\\/www.webdo.tn\\\/fr\\\/#website\",\"url\":\"https:\\\/\\\/www.webdo.tn\\\/fr\\\/\",\"name\":\"webdo\",\"description\":\"Tunisie - News en Tunisie et \u00e0 l&#039;international sur Webdo.tn\",\"publisher\":{\"@id\":\"https:\\\/\\\/www.webdo.tn\\\/fr\\\/#organization\"},\"potentialAction\":[{\"@type\":\"SearchAction\",\"target\":{\"@type\":\"EntryPoint\",\"urlTemplate\":\"https:\\\/\\\/www.webdo.tn\\\/fr\\\/?s={search_term_string}\"},\"query-input\":{\"@type\":\"PropertyValueSpecification\",\"valueRequired\":true,\"valueName\":\"search_term_string\"}}],\"inLanguage\":\"fr-FR\"},{\"@type\":\"Organization\",\"@id\":\"https:\\\/\\\/www.webdo.tn\\\/fr\\\/#organization\",\"name\":\"Webdo\",\"alternateName\":\"Webdo.tn\",\"url\":\"https:\\\/\\\/www.webdo.tn\\\/fr\\\/\",\"logo\":{\"@type\":\"ImageObject\",\"inLanguage\":\"fr-FR\",\"@id\":\"https:\\\/\\\/www.webdo.tn\\\/fr\\\/#\\\/schema\\\/logo\\\/image\\\/\",\"url\":\"https:\\\/\\\/www.webdo.tn\\\/fr\\\/wp-content\\\/uploads\\\/2025\\\/06\\\/Webdo-Tunisie_168377.jpg\",\"contentUrl\":\"https:\\\/\\\/www.webdo.tn\\\/fr\\\/wp-content\\\/uploads\\\/2025\\\/06\\\/Webdo-Tunisie_168377.jpg\",\"width\":301,\"height\":301,\"caption\":\"Webdo\"},\"image\":{\"@id\":\"https:\\\/\\\/www.webdo.tn\\\/fr\\\/#\\\/schema\\\/logo\\\/image\\\/\"},\"sameAs\":[\"https:\\\/\\\/www.facebook.com\\\/webdotn\",\"https:\\\/\\\/x.com\\\/webdo_tn\"],\"description\":\"Webdo est un m\u00e9dia num\u00e9rique tunisien fond\u00e9 en 2010, sp\u00e9cialis\u00e9 dans l\u2019actualit\u00e9 nationale et internationale, l\u2019\u00e9conomie, la soci\u00e9t\u00e9 et les analyses politiques. Le site s\u2019adresse \u00e0 un large public francophone et couvre l\u2019information tunisienne en temps r\u00e9el.\",\"email\":\"redac@webdo.tn\",\"legalName\":\"YNJ SARL\",\"foundingDate\":\"2010-09-06\",\"numberOfEmployees\":{\"@type\":\"QuantitativeValue\",\"minValue\":\"11\",\"maxValue\":\"50\"}},{\"@type\":\"Person\",\"@id\":\"https:\\\/\\\/www.webdo.tn\\\/fr\\\/#\\\/schema\\\/person\\\/9a9c6118d687c117df8ef3cc36a4d175\",\"name\":\"webdo.tn\",\"image\":{\"@type\":\"ImageObject\",\"inLanguage\":\"fr-FR\",\"@id\":\"https:\\\/\\\/secure.gravatar.com\\\/avatar\\\/7ce1f28c0c3bbac99ff550b85ef8e44a6950c6ee24514fb6a5489e51d06f0298?s=96&d=mm&r=g\",\"url\":\"https:\\\/\\\/secure.gravatar.com\\\/avatar\\\/7ce1f28c0c3bbac99ff550b85ef8e44a6950c6ee24514fb6a5489e51d06f0298?s=96&d=mm&r=g\",\"contentUrl\":\"https:\\\/\\\/secure.gravatar.com\\\/avatar\\\/7ce1f28c0c3bbac99ff550b85ef8e44a6950c6ee24514fb6a5489e51d06f0298?s=96&d=mm&r=g\",\"caption\":\"webdo.tn\"},\"url\":\"https:\\\/\\\/www.webdo.tn\\\/fr\\\/actualite\\\/author\\\/webdotn\\\/\"}]}<\/script>\n<!-- \/ Yoast SEO Premium plugin. -->","yoast_head_json":{"title":"Arabie Saoudite : une femme d\u00e9capit\u00e9e en pleine rue","description":"Arabie Saoudite : une femme d\u00e9capit\u00e9e en pleine rue","canonical":"https:\/\/www.webdo.tn\/fr\/actualite\/international\/arabie-souadite-une-femme-decapitee-en-pleine-rue\/184227\/","og_locale":"fr_FR","og_type":"article","og_title":"Arabie Saoudite : une femme d\u00e9capit\u00e9e en pleine rue","og_description":"Arabie Saoudite : une femme d\u00e9capit\u00e9e en pleine rue","og_url":"https:\/\/www.webdo.tn\/fr\/actualite\/international\/arabie-souadite-une-femme-decapitee-en-pleine-rue\/184227\/","og_site_name":"webdo","article_publisher":"https:\/\/www.facebook.com\/webdotn","article_published_time":"2015-01-17T13:06:00+00:00","article_modified_time":"2025-05-19T10:24:50+00:00","og_image":[{"width":520,"height":320,"url":"https:\/\/www.webdo.tn\/fr\/wp-content\/uploads\/2015\/01\/saudi-execution.jpg","type":"image\/jpeg"}],"author":"webdo.tn","twitter_card":"summary_large_image","twitter_creator":"@webdo_tn","twitter_site":"@webdo_tn","twitter_misc":{"\u00c9crit par":"webdo.tn","Dur\u00e9e de lecture estim\u00e9e":"1 minute"},"schema":{"@context":"https:\/\/schema.org","@graph":[{"@type":"NewsArticle","@id":"https:\/\/www.webdo.tn\/fr\/actualite\/international\/arabie-souadite-une-femme-decapitee-en-pleine-rue\/184227\/#article","isPartOf":{"@id":"https:\/\/www.webdo.tn\/fr\/actualite\/international\/arabie-souadite-une-femme-decapitee-en-pleine-rue\/184227\/"},"author":{"name":"webdo.tn","@id":"https:\/\/www.webdo.tn\/fr\/#\/schema\/person\/9a9c6118d687c117df8ef3cc36a4d175"},"headline":"Arabie Saoudite : une femme d\u00e9capit\u00e9e en pleine rue","datePublished":"2015-01-17T13:06:00+00:00","dateModified":"2025-05-19T10:24:50+00:00","mainEntityOfPage":{"@id":"https:\/\/www.webdo.tn\/fr\/actualite\/international\/arabie-souadite-une-femme-decapitee-en-pleine-rue\/184227\/"},"wordCount":203,"commentCount":0,"publisher":{"@id":"https:\/\/www.webdo.tn\/fr\/#organization"},"image":{"@id":"https:\/\/www.webdo.tn\/fr\/actualite\/international\/arabie-souadite-une-femme-decapitee-en-pleine-rue\/184227\/#primaryimage"},"thumbnailUrl":"https:\/\/www.webdo.tn\/fr\/wp-content\/uploads\/2015\/01\/saudi-execution.jpg","keywords":["guerre"],"articleSection":["International"],"inLanguage":"fr-FR"},{"@type":"WebPage","@id":"https:\/\/www.webdo.tn\/fr\/actualite\/international\/arabie-souadite-une-femme-decapitee-en-pleine-rue\/184227\/","url":"https:\/\/www.webdo.tn\/fr\/actualite\/international\/arabie-souadite-une-femme-decapitee-en-pleine-rue\/184227\/","name":"Arabie Saoudite : une femme d\u00e9capit\u00e9e en pleine rue","isPartOf":{"@id":"https:\/\/www.webdo.tn\/fr\/#website"},"primaryImageOfPage":{"@id":"https:\/\/www.webdo.tn\/fr\/actualite\/international\/arabie-souadite-une-femme-decapitee-en-pleine-rue\/184227\/#primaryimage"},"image":{"@id":"https:\/\/www.webdo.tn\/fr\/actualite\/international\/arabie-souadite-une-femme-decapitee-en-pleine-rue\/184227\/#primaryimage"},"thumbnailUrl":"https:\/\/www.webdo.tn\/fr\/wp-content\/uploads\/2015\/01\/saudi-execution.jpg","datePublished":"2015-01-17T13:06:00+00:00","dateModified":"2025-05-19T10:24:50+00:00","description":"Arabie Saoudite : une femme d\u00e9capit\u00e9e en pleine rue","breadcrumb":{"@id":"https:\/\/www.webdo.tn\/fr\/actualite\/international\/arabie-souadite-une-femme-decapitee-en-pleine-rue\/184227\/#breadcrumb"},"inLanguage":"fr-FR","potentialAction":[{"@type":"ReadAction","target":["https:\/\/www.webdo.tn\/fr\/actualite\/international\/arabie-souadite-une-femme-decapitee-en-pleine-rue\/184227\/"]}]},{"@type":"ImageObject","inLanguage":"fr-FR","@id":"https:\/\/www.webdo.tn\/fr\/actualite\/international\/arabie-souadite-une-femme-decapitee-en-pleine-rue\/184227\/#primaryimage","url":"https:\/\/www.webdo.tn\/fr\/wp-content\/uploads\/2015\/01\/saudi-execution.jpg","contentUrl":"https:\/\/www.webdo.tn\/fr\/wp-content\/uploads\/2015\/01\/saudi-execution.jpg","width":520,"height":320,"caption":"Arabie Saoudite : une femme d\u00e9capit\u00e9e en pleine rue"},{"@type":"BreadcrumbList","@id":"https:\/\/www.webdo.tn\/fr\/actualite\/international\/arabie-souadite-une-femme-decapitee-en-pleine-rue\/184227\/#breadcrumb","itemListElement":[{"@type":"ListItem","position":1,"name":"Accueil","item":"https:\/\/www.webdo.tn\/fr\/"},{"@type":"ListItem","position":2,"name":"Arabie Saoudite : une femme d\u00e9capit\u00e9e en pleine rue"}]},{"@type":"WebSite","@id":"https:\/\/www.webdo.tn\/fr\/#website","url":"https:\/\/www.webdo.tn\/fr\/","name":"webdo","description":"Tunisie - News en Tunisie et \u00e0 l&#039;international sur Webdo.tn","publisher":{"@id":"https:\/\/www.webdo.tn\/fr\/#organization"},"potentialAction":[{"@type":"SearchAction","target":{"@type":"EntryPoint","urlTemplate":"https:\/\/www.webdo.tn\/fr\/?s={search_term_string}"},"query-input":{"@type":"PropertyValueSpecification","valueRequired":true,"valueName":"search_term_string"}}],"inLanguage":"fr-FR"},{"@type":"Organization","@id":"https:\/\/www.webdo.tn\/fr\/#organization","name":"Webdo","alternateName":"Webdo.tn","url":"https:\/\/www.webdo.tn\/fr\/","logo":{"@type":"ImageObject","inLanguage":"fr-FR","@id":"https:\/\/www.webdo.tn\/fr\/#\/schema\/logo\/image\/","url":"https:\/\/www.webdo.tn\/fr\/wp-content\/uploads\/2025\/06\/Webdo-Tunisie_168377.jpg","contentUrl":"https:\/\/www.webdo.tn\/fr\/wp-content\/uploads\/2025\/06\/Webdo-Tunisie_168377.jpg","width":301,"height":301,"caption":"Webdo"},"image":{"@id":"https:\/\/www.webdo.tn\/fr\/#\/schema\/logo\/image\/"},"sameAs":["https:\/\/www.facebook.com\/webdotn","https:\/\/x.com\/webdo_tn"],"description":"Webdo est un m\u00e9dia num\u00e9rique tunisien fond\u00e9 en 2010, sp\u00e9cialis\u00e9 dans l\u2019actualit\u00e9 nationale et internationale, l\u2019\u00e9conomie, la soci\u00e9t\u00e9 et les analyses politiques. Le site s\u2019adresse \u00e0 un large public francophone et couvre l\u2019information tunisienne en temps r\u00e9el.","email":"redac@webdo.tn","legalName":"YNJ SARL","foundingDate":"2010-09-06","numberOfEmployees":{"@type":"QuantitativeValue","minValue":"11","maxValue":"50"}},{"@type":"Person","@id":"https:\/\/www.webdo.tn\/fr\/#\/schema\/person\/9a9c6118d687c117df8ef3cc36a4d175","name":"webdo.tn","image":{"@type":"ImageObject","inLanguage":"fr-FR","@id":"https:\/\/secure.gravatar.com\/avatar\/7ce1f28c0c3bbac99ff550b85ef8e44a6950c6ee24514fb6a5489e51d06f0298?s=96&d=mm&r=g","url":"https:\/\/secure.gravatar.com\/avatar\/7ce1f28c0c3bbac99ff550b85ef8e44a6950c6ee24514fb6a5489e51d06f0298?s=96&d=mm&r=g","contentUrl":"https:\/\/secure.gravatar.com\/avatar\/7ce1f28c0c3bbac99ff550b85ef8e44a6950c6ee24514fb6a5489e51d06f0298?s=96&d=mm&r=g","caption":"webdo.tn"},"url":"https:\/\/www.webdo.tn\/fr\/actualite\/author\/webdotn\/"}]}},"_links":{"self":[{"href":"https:\/\/www.webdo.tn\/fr\/wp-json\/wp\/v2\/posts\/184227","targetHints":{"allow":["GET"]}}],"collection":[{"href":"https:\/\/www.webdo.tn\/fr\/wp-json\/wp\/v2\/posts"}],"about":[{"href":"https:\/\/www.webdo.tn\/fr\/wp-json\/wp\/v2\/types\/post"}],"author":[{"embeddable":true,"href":"https:\/\/www.webdo.tn\/fr\/wp-json\/wp\/v2\/users\/3222"}],"replies":[{"embeddable":true,"href":"https:\/\/www.webdo.tn\/fr\/wp-json\/wp\/v2\/comments?post=184227"}],"version-history":[{"count":0,"href":"https:\/\/www.webdo.tn\/fr\/wp-json\/wp\/v2\/posts\/184227\/revisions"}],"wp:featuredmedia":[{"embeddable":true,"href":"https:\/\/www.webdo.tn\/fr\/wp-json\/wp\/v2\/media\/319320"}],"wp:attachment":[{"href":"https:\/\/www.webdo.tn\/fr\/wp-json\/wp\/v2\/media?parent=184227"}],"wp:term":[{"taxonomy":"category","embeddable":true,"href":"https:\/\/www.webdo.tn\/fr\/wp-json\/wp\/v2\/categories?post=184227"},{"taxonomy":"post_tag","embeddable":true,"href":"https:\/\/www.webdo.tn\/fr\/wp-json\/wp\/v2\/tags?post=184227"}],"curies":[{"name":"wp","href":"https:\/\/api.w.org\/{rel}","templated":true}]}}