{"id":184226,"date":"2015-01-19T10:30:00","date_gmt":"2015-01-19T10:30:00","guid":{"rendered":"https:\/\/www.webdo.tn\/fr\/blog\/en-2016-plus-de-la-moitie-du-patrimoine-mondial-sera-detenu-par-les-1-les-plus-riches-de-la-planete\/184226\/"},"modified":"2025-05-19T10:24:44","modified_gmt":"2025-05-19T10:24:44","slug":"en-2016-plus-de-la-moitie-du-patrimoine-mondial-sera-detenu-par-les-1-les-plus-riches-de-la-planete","status":"publish","type":"post","link":"https:\/\/www.webdo.tn\/fr\/actualite\/international\/en-2016-plus-de-la-moitie-du-patrimoine-mondial-sera-detenu-par-les-1-les-plus-riches-de-la-planete\/184226\/","title":{"rendered":"En 2016, plus de la moiti\u00e9 du patrimoine mondial sera d\u00e9tenu par les 1% les plus riches de la plan\u00e8te"},"content":{"rendered":"<p>Selon une \u00e9tude effectu\u00e9e \u00e0 l&rsquo;approche du forum \u00e9conomique mondial de Davos par l&rsquo;organisation non-gouvernementale Oxfam, le patrimoine cumul\u00e9 des 1% les plus riches du monde d\u00e9passera celui des autres 99 % de la population, en 2016.<\/p>\n<p>L\u2019\u00e9tude \u00ab Insatiable richesse : toujours plus pour ceux qui ont d\u00e9j\u00e0 tout \u00bb, publi\u00e9e ce lundi 19 janvier par Oxfam, montre que la part du patrimoine mondial d\u00e9tenu par les 1% les plus riches est pass\u00e9e de 44% en 2009 \u00e0 48% en 2014, et d\u00e9passera les 50% en 2016. En 2014, les membres de cette \u00e9lite internationale poss\u00e9daient en moyenne 2,7 millions de dollars par adulte.<br \/>\n80% de la population mondiale ne partagent que 5,5% du patrimoine mondial<br \/>\nLa majeure partie (46%) des 52 % restant du patrimoine mondial se trouve entre les mains du reste du cinqui\u00e8me le plus riche de la population mondiale. Les autres 80% de la population mondiale ne se partagent que 5,5% et poss\u00e9daient en moyenne 3851 dollars par adulte, soit 700 fois moins que le patrimoine moyen des 1%.<\/p>\n<p>L&rsquo;organisation, dont la directrice g\u00e9n\u00e9rale Winnie Byanyima va copr\u00e9sider le forum de Davos, souligne \u00ab que l\u2019explosion des in\u00e9galit\u00e9s entrave la lutte contre la pauvret\u00e9 dans le monde, alors qu\u2019une personne sur neuf ne mange pas \u00e0 sa faim et que plus d\u2019un milliard de personnes vivent avec moins de 1,25 dollar par jour. Mme Byanyima lance un appel :<br \/>\n[quote_box_center]L&rsquo;ampleur des in\u00e9galit\u00e9s mondiales est tout simplement vertigineuse. Le foss\u00e9 entre les grandes fortunes et le reste de la population se creuse rapidement.[\/quote_box_center]<br \/>\n\u00ab Les in\u00e9galit\u00e9s extr\u00eames ne constituent pas seulement un pr\u00e9judice moral. Elles sapent la croissance \u00e9conomique et p\u00e8sent sur les profits du secteur priv\u00e9. Les participants \u00e0 la r\u00e9union de Davos qui aspirent \u00e0 un monde stable et prosp\u00e8re devraient faire de la lutte contre les in\u00e9galit\u00e9s leur priorit\u00e9 absolue \u00bb, d\u00e9clare-t-elle encore.<br \/>\nLe patrimoine des 80 personnes les plus riches du monde a doubl\u00e9 entre 2009 et 2014<br \/>\nL\u2019an dernier, Oxfam a cr\u00e9\u00e9 l\u2019\u00e9v\u00e9nement \u00e0 Davos en r\u00e9v\u00e9lant que les 85 personnes les plus riches poss\u00e9daient autant que la moiti\u00e9 la plus pauvre de la population mondiale. Elles sont aujourd\u2019hui 80 \u00e0 poss\u00e9der autant que 3,5 milliards de personnes, ce qui repr\u00e9sente une baisse spectaculaire, si l\u2019on consid\u00e8re que ce chiffre s\u2019\u00e9levait \u00e0 388 en 2010. En termes nominaux, le patrimoine des 80 personnes les plus riches du monde a doubl\u00e9 entre 2009 et 2014.<\/p>\n<p>Oxfam appelle les \u00c9tats \u00e0 adopter un plan en sept points pour lutter contre les in\u00e9galit\u00e9s :<\/p>\n<p>\tMettre un frein \u00e0 l\u2019\u00e9vasion fiscale des entreprises et des grandes fortunes<br \/>\n\tInvestir en faveur de la gratuit\u00e9 et l\u2019universalit\u00e9 de services publics comme la sant\u00e9 et l\u2019\u00e9ducation<br \/>\n\tR\u00e9partir \u00e9quitablement la charge fiscale, l\u2019all\u00e9geant du c\u00f4t\u00e9 du travail et de la consommation tout en taxant davantage le capital et les richesses<br \/>\n\tInstaurer un salaire minimum et \u0153uvrer \u00e0 un salaire d\u00e9cent pour l\u2019ensemble des travailleuses et travailleurs<br \/>\n\tInstaurer une l\u00e9gislation en faveur de l\u2019\u00e9galit\u00e9 salariale et promouvoir des politiques \u00e9conomiques assurant le traitement \u00e9quitable des femmes<br \/>\n\tMettre en place une protection sociale suffisante pour les plus pauvres, notamment la garantie d\u2019un revenu minimum<br \/>\n\tAdopter l\u2019objectif commun de lutter contre les in\u00e9galit\u00e9s \u00e0 l\u2019\u00e9chelle internationale<\/p>\n<p>Plus du tiers des 1645 milliardaires recens\u00e9s par Forbes ont h\u00e9rit\u00e9 de leur fortune<br \/>\nL\u2019\u00e9tude, qui fait suite au lancement de la campagne \u00ab \u00c0 \u00e9galit\u00e9 ! \u00bb d\u2019Oxfam en octobre dernier, met en lumi\u00e8re la fa\u00e7on dont l\u2019extr\u00eame richesse se transmet de g\u00e9n\u00e9ration en g\u00e9n\u00e9ration et le fait que les \u00e9lites mobilisent leurs ressources consid\u00e9rables pour s\u2019assurer que les r\u00e8gles internationales favorisent leurs int\u00e9r\u00eats. Plus du tiers des 1645 milliardaires recens\u00e9s par Forbes ont h\u00e9rit\u00e9 d\u2019une partie ou de l\u2019ensemble de leur fortune.<\/p>\n<p>Le forum \u00e9conomique mondial (WEF), dont ce sera la 45e \u00e9dition, se tiendra \u00e0 Davos de mercredi \u00e0 samedi. Plus de 300 dirigeants politiques de premier plan y sont attendus.<\/p>\n","protected":false},"excerpt":{"rendered":"<p>En 2016, plus de la moiti\u00e9 du patrimoine mondial sera d\u00e9tenu par les 1% les plus riches de la plan\u00e8te<\/p>\n","protected":false},"author":3222,"featured_media":319303,"comment_status":"open","ping_status":"closed","sticky":false,"template":"","format":"standard","meta":{"footnotes":""},"categories":[2598],"tags":[2600],"class_list":["post-184226","post","type-post","status-publish","format-standard","has-post-thumbnail","hentry","category-international","tag-guerre"],"yoast_head":"<!-- This site is optimized with the Yoast SEO Premium plugin v27.5 (Yoast SEO v27.5) - https:\/\/yoast.com\/product\/yoast-seo-premium-wordpress\/ -->\n<title>En 2016, plus de la moiti\u00e9 du patrimoine mondial sera d\u00e9tenu par les 1% les plus riches de la plan\u00e8te<\/title>\n<meta name=\"description\" content=\"En 2016, plus de la moiti\u00e9 du patrimoine mondial sera d\u00e9tenu par les 1% les plus riches de la plan\u00e8te\" \/>\n<link rel=\"canonical\" href=\"https:\/\/www.webdo.tn\/fr\/actualite\/international\/en-2016-plus-de-la-moitie-du-patrimoine-mondial-sera-detenu-par-les-1-les-plus-riches-de-la-planete\/184226\/\" \/>\n<meta property=\"og:locale\" content=\"fr_FR\" \/>\n<meta property=\"og:type\" content=\"article\" \/>\n<meta property=\"og:title\" content=\"En 2016, plus de la moiti\u00e9 du patrimoine mondial sera d\u00e9tenu par les 1% les plus riches de la plan\u00e8te\" \/>\n<meta property=\"og:description\" content=\"En 2016, plus de la moiti\u00e9 du patrimoine mondial sera d\u00e9tenu par les 1% les plus riches de la plan\u00e8te\" \/>\n<meta property=\"og:url\" content=\"https:\/\/www.webdo.tn\/fr\/actualite\/international\/en-2016-plus-de-la-moitie-du-patrimoine-mondial-sera-detenu-par-les-1-les-plus-riches-de-la-planete\/184226\/\" \/>\n<meta property=\"og:site_name\" content=\"webdo\" \/>\n<meta property=\"article:publisher\" content=\"https:\/\/www.facebook.com\/webdotn\" \/>\n<meta property=\"article:published_time\" content=\"2015-01-19T10:30:00+00:00\" \/>\n<meta property=\"article:modified_time\" content=\"2025-05-19T10:24:44+00:00\" \/>\n<meta property=\"og:image\" content=\"https:\/\/www.webdo.tn\/fr\/wp-content\/uploads\/2015\/01\/webdo_default-19.jpg\" \/>\n\t<meta property=\"og:image:width\" content=\"800\" \/>\n\t<meta property=\"og:image:height\" content=\"500\" \/>\n\t<meta property=\"og:image:type\" content=\"image\/jpeg\" \/>\n<meta name=\"author\" content=\"webdo.tn\" \/>\n<meta name=\"twitter:card\" content=\"summary_large_image\" \/>\n<meta name=\"twitter:creator\" content=\"@webdo_tn\" \/>\n<meta name=\"twitter:site\" content=\"@webdo_tn\" \/>\n<meta name=\"twitter:label1\" content=\"\u00c9crit par\" \/>\n\t<meta name=\"twitter:data1\" content=\"webdo.tn\" \/>\n\t<meta name=\"twitter:label2\" content=\"Dur\u00e9e de lecture estim\u00e9e\" \/>\n\t<meta name=\"twitter:data2\" content=\"3 minutes\" \/>\n<script type=\"application\/ld+json\" class=\"yoast-schema-graph\">{\"@context\":\"https:\\\/\\\/schema.org\",\"@graph\":[{\"@type\":\"NewsArticle\",\"@id\":\"https:\\\/\\\/www.webdo.tn\\\/fr\\\/actualite\\\/international\\\/en-2016-plus-de-la-moitie-du-patrimoine-mondial-sera-detenu-par-les-1-les-plus-riches-de-la-planete\\\/184226\\\/#article\",\"isPartOf\":{\"@id\":\"https:\\\/\\\/www.webdo.tn\\\/fr\\\/actualite\\\/international\\\/en-2016-plus-de-la-moitie-du-patrimoine-mondial-sera-detenu-par-les-1-les-plus-riches-de-la-planete\\\/184226\\\/\"},\"author\":{\"name\":\"webdo.tn\",\"@id\":\"https:\\\/\\\/www.webdo.tn\\\/fr\\\/#\\\/schema\\\/person\\\/9a9c6118d687c117df8ef3cc36a4d175\"},\"headline\":\"En 2016, plus de la moiti\u00e9 du patrimoine mondial sera d\u00e9tenu par les 1% les plus riches de la plan\u00e8te\",\"datePublished\":\"2015-01-19T10:30:00+00:00\",\"dateModified\":\"2025-05-19T10:24:44+00:00\",\"mainEntityOfPage\":{\"@id\":\"https:\\\/\\\/www.webdo.tn\\\/fr\\\/actualite\\\/international\\\/en-2016-plus-de-la-moitie-du-patrimoine-mondial-sera-detenu-par-les-1-les-plus-riches-de-la-planete\\\/184226\\\/\"},\"wordCount\":695,\"commentCount\":0,\"publisher\":{\"@id\":\"https:\\\/\\\/www.webdo.tn\\\/fr\\\/#organization\"},\"image\":{\"@id\":\"https:\\\/\\\/www.webdo.tn\\\/fr\\\/actualite\\\/international\\\/en-2016-plus-de-la-moitie-du-patrimoine-mondial-sera-detenu-par-les-1-les-plus-riches-de-la-planete\\\/184226\\\/#primaryimage\"},\"thumbnailUrl\":\"https:\\\/\\\/www.webdo.tn\\\/fr\\\/wp-content\\\/uploads\\\/2015\\\/01\\\/webdo_default-19.jpg\",\"keywords\":[\"guerre\"],\"articleSection\":[\"International\"],\"inLanguage\":\"fr-FR\"},{\"@type\":\"WebPage\",\"@id\":\"https:\\\/\\\/www.webdo.tn\\\/fr\\\/actualite\\\/international\\\/en-2016-plus-de-la-moitie-du-patrimoine-mondial-sera-detenu-par-les-1-les-plus-riches-de-la-planete\\\/184226\\\/\",\"url\":\"https:\\\/\\\/www.webdo.tn\\\/fr\\\/actualite\\\/international\\\/en-2016-plus-de-la-moitie-du-patrimoine-mondial-sera-detenu-par-les-1-les-plus-riches-de-la-planete\\\/184226\\\/\",\"name\":\"En 2016, plus de la moiti\u00e9 du patrimoine mondial sera d\u00e9tenu par les 1% les plus riches de la plan\u00e8te\",\"isPartOf\":{\"@id\":\"https:\\\/\\\/www.webdo.tn\\\/fr\\\/#website\"},\"primaryImageOfPage\":{\"@id\":\"https:\\\/\\\/www.webdo.tn\\\/fr\\\/actualite\\\/international\\\/en-2016-plus-de-la-moitie-du-patrimoine-mondial-sera-detenu-par-les-1-les-plus-riches-de-la-planete\\\/184226\\\/#primaryimage\"},\"image\":{\"@id\":\"https:\\\/\\\/www.webdo.tn\\\/fr\\\/actualite\\\/international\\\/en-2016-plus-de-la-moitie-du-patrimoine-mondial-sera-detenu-par-les-1-les-plus-riches-de-la-planete\\\/184226\\\/#primaryimage\"},\"thumbnailUrl\":\"https:\\\/\\\/www.webdo.tn\\\/fr\\\/wp-content\\\/uploads\\\/2015\\\/01\\\/webdo_default-19.jpg\",\"datePublished\":\"2015-01-19T10:30:00+00:00\",\"dateModified\":\"2025-05-19T10:24:44+00:00\",\"description\":\"En 2016, plus de la moiti\u00e9 du patrimoine mondial sera d\u00e9tenu par les 1% les plus riches de la plan\u00e8te\",\"breadcrumb\":{\"@id\":\"https:\\\/\\\/www.webdo.tn\\\/fr\\\/actualite\\\/international\\\/en-2016-plus-de-la-moitie-du-patrimoine-mondial-sera-detenu-par-les-1-les-plus-riches-de-la-planete\\\/184226\\\/#breadcrumb\"},\"inLanguage\":\"fr-FR\",\"potentialAction\":[{\"@type\":\"ReadAction\",\"target\":[\"https:\\\/\\\/www.webdo.tn\\\/fr\\\/actualite\\\/international\\\/en-2016-plus-de-la-moitie-du-patrimoine-mondial-sera-detenu-par-les-1-les-plus-riches-de-la-planete\\\/184226\\\/\"]}]},{\"@type\":\"ImageObject\",\"inLanguage\":\"fr-FR\",\"@id\":\"https:\\\/\\\/www.webdo.tn\\\/fr\\\/actualite\\\/international\\\/en-2016-plus-de-la-moitie-du-patrimoine-mondial-sera-detenu-par-les-1-les-plus-riches-de-la-planete\\\/184226\\\/#primaryimage\",\"url\":\"https:\\\/\\\/www.webdo.tn\\\/fr\\\/wp-content\\\/uploads\\\/2015\\\/01\\\/webdo_default-19.jpg\",\"contentUrl\":\"https:\\\/\\\/www.webdo.tn\\\/fr\\\/wp-content\\\/uploads\\\/2015\\\/01\\\/webdo_default-19.jpg\",\"width\":800,\"height\":500,\"caption\":\"En 2016, plus de la moiti\u00e9 du patrimoine mondial sera d\u00e9tenu par les 1% les plus riches de la plan\u00e8te\"},{\"@type\":\"BreadcrumbList\",\"@id\":\"https:\\\/\\\/www.webdo.tn\\\/fr\\\/actualite\\\/international\\\/en-2016-plus-de-la-moitie-du-patrimoine-mondial-sera-detenu-par-les-1-les-plus-riches-de-la-planete\\\/184226\\\/#breadcrumb\",\"itemListElement\":[{\"@type\":\"ListItem\",\"position\":1,\"name\":\"Accueil\",\"item\":\"https:\\\/\\\/www.webdo.tn\\\/fr\\\/\"},{\"@type\":\"ListItem\",\"position\":2,\"name\":\"En 2016, plus de la moiti\u00e9 du patrimoine mondial sera d\u00e9tenu par les 1% les plus riches de la plan\u00e8te\"}]},{\"@type\":\"WebSite\",\"@id\":\"https:\\\/\\\/www.webdo.tn\\\/fr\\\/#website\",\"url\":\"https:\\\/\\\/www.webdo.tn\\\/fr\\\/\",\"name\":\"webdo\",\"description\":\"Tunisie - News en Tunisie et \u00e0 l&#039;international sur Webdo.tn\",\"publisher\":{\"@id\":\"https:\\\/\\\/www.webdo.tn\\\/fr\\\/#organization\"},\"potentialAction\":[{\"@type\":\"SearchAction\",\"target\":{\"@type\":\"EntryPoint\",\"urlTemplate\":\"https:\\\/\\\/www.webdo.tn\\\/fr\\\/?s={search_term_string}\"},\"query-input\":{\"@type\":\"PropertyValueSpecification\",\"valueRequired\":true,\"valueName\":\"search_term_string\"}}],\"inLanguage\":\"fr-FR\"},{\"@type\":\"Organization\",\"@id\":\"https:\\\/\\\/www.webdo.tn\\\/fr\\\/#organization\",\"name\":\"Webdo\",\"alternateName\":\"Webdo.tn\",\"url\":\"https:\\\/\\\/www.webdo.tn\\\/fr\\\/\",\"logo\":{\"@type\":\"ImageObject\",\"inLanguage\":\"fr-FR\",\"@id\":\"https:\\\/\\\/www.webdo.tn\\\/fr\\\/#\\\/schema\\\/logo\\\/image\\\/\",\"url\":\"https:\\\/\\\/www.webdo.tn\\\/fr\\\/wp-content\\\/uploads\\\/2025\\\/06\\\/Webdo-Tunisie_168377.jpg\",\"contentUrl\":\"https:\\\/\\\/www.webdo.tn\\\/fr\\\/wp-content\\\/uploads\\\/2025\\\/06\\\/Webdo-Tunisie_168377.jpg\",\"width\":301,\"height\":301,\"caption\":\"Webdo\"},\"image\":{\"@id\":\"https:\\\/\\\/www.webdo.tn\\\/fr\\\/#\\\/schema\\\/logo\\\/image\\\/\"},\"sameAs\":[\"https:\\\/\\\/www.facebook.com\\\/webdotn\",\"https:\\\/\\\/x.com\\\/webdo_tn\"],\"description\":\"Webdo est un m\u00e9dia num\u00e9rique tunisien fond\u00e9 en 2010, sp\u00e9cialis\u00e9 dans l\u2019actualit\u00e9 nationale et internationale, l\u2019\u00e9conomie, la soci\u00e9t\u00e9 et les analyses politiques. Le site s\u2019adresse \u00e0 un large public francophone et couvre l\u2019information tunisienne en temps r\u00e9el.\",\"email\":\"redac@webdo.tn\",\"legalName\":\"YNJ SARL\",\"foundingDate\":\"2010-09-06\",\"numberOfEmployees\":{\"@type\":\"QuantitativeValue\",\"minValue\":\"11\",\"maxValue\":\"50\"}},{\"@type\":\"Person\",\"@id\":\"https:\\\/\\\/www.webdo.tn\\\/fr\\\/#\\\/schema\\\/person\\\/9a9c6118d687c117df8ef3cc36a4d175\",\"name\":\"webdo.tn\",\"image\":{\"@type\":\"ImageObject\",\"inLanguage\":\"fr-FR\",\"@id\":\"https:\\\/\\\/secure.gravatar.com\\\/avatar\\\/7ce1f28c0c3bbac99ff550b85ef8e44a6950c6ee24514fb6a5489e51d06f0298?s=96&d=mm&r=g\",\"url\":\"https:\\\/\\\/secure.gravatar.com\\\/avatar\\\/7ce1f28c0c3bbac99ff550b85ef8e44a6950c6ee24514fb6a5489e51d06f0298?s=96&d=mm&r=g\",\"contentUrl\":\"https:\\\/\\\/secure.gravatar.com\\\/avatar\\\/7ce1f28c0c3bbac99ff550b85ef8e44a6950c6ee24514fb6a5489e51d06f0298?s=96&d=mm&r=g\",\"caption\":\"webdo.tn\"},\"url\":\"https:\\\/\\\/www.webdo.tn\\\/fr\\\/actualite\\\/author\\\/webdotn\\\/\"}]}<\/script>\n<!-- \/ Yoast SEO Premium plugin. -->","yoast_head_json":{"title":"En 2016, plus de la moiti\u00e9 du patrimoine mondial sera d\u00e9tenu par les 1% les plus riches de la plan\u00e8te","description":"En 2016, plus de la moiti\u00e9 du patrimoine mondial sera d\u00e9tenu par les 1% les plus riches de la plan\u00e8te","canonical":"https:\/\/www.webdo.tn\/fr\/actualite\/international\/en-2016-plus-de-la-moitie-du-patrimoine-mondial-sera-detenu-par-les-1-les-plus-riches-de-la-planete\/184226\/","og_locale":"fr_FR","og_type":"article","og_title":"En 2016, plus de la moiti\u00e9 du patrimoine mondial sera d\u00e9tenu par les 1% les plus riches de la plan\u00e8te","og_description":"En 2016, plus de la moiti\u00e9 du patrimoine mondial sera d\u00e9tenu par les 1% les plus riches de la plan\u00e8te","og_url":"https:\/\/www.webdo.tn\/fr\/actualite\/international\/en-2016-plus-de-la-moitie-du-patrimoine-mondial-sera-detenu-par-les-1-les-plus-riches-de-la-planete\/184226\/","og_site_name":"webdo","article_publisher":"https:\/\/www.facebook.com\/webdotn","article_published_time":"2015-01-19T10:30:00+00:00","article_modified_time":"2025-05-19T10:24:44+00:00","og_image":[{"width":800,"height":500,"url":"https:\/\/www.webdo.tn\/fr\/wp-content\/uploads\/2015\/01\/webdo_default-19.jpg","type":"image\/jpeg"}],"author":"webdo.tn","twitter_card":"summary_large_image","twitter_creator":"@webdo_tn","twitter_site":"@webdo_tn","twitter_misc":{"\u00c9crit par":"webdo.tn","Dur\u00e9e de lecture estim\u00e9e":"3 minutes"},"schema":{"@context":"https:\/\/schema.org","@graph":[{"@type":"NewsArticle","@id":"https:\/\/www.webdo.tn\/fr\/actualite\/international\/en-2016-plus-de-la-moitie-du-patrimoine-mondial-sera-detenu-par-les-1-les-plus-riches-de-la-planete\/184226\/#article","isPartOf":{"@id":"https:\/\/www.webdo.tn\/fr\/actualite\/international\/en-2016-plus-de-la-moitie-du-patrimoine-mondial-sera-detenu-par-les-1-les-plus-riches-de-la-planete\/184226\/"},"author":{"name":"webdo.tn","@id":"https:\/\/www.webdo.tn\/fr\/#\/schema\/person\/9a9c6118d687c117df8ef3cc36a4d175"},"headline":"En 2016, plus de la moiti\u00e9 du patrimoine mondial sera d\u00e9tenu par les 1% les plus riches de la plan\u00e8te","datePublished":"2015-01-19T10:30:00+00:00","dateModified":"2025-05-19T10:24:44+00:00","mainEntityOfPage":{"@id":"https:\/\/www.webdo.tn\/fr\/actualite\/international\/en-2016-plus-de-la-moitie-du-patrimoine-mondial-sera-detenu-par-les-1-les-plus-riches-de-la-planete\/184226\/"},"wordCount":695,"commentCount":0,"publisher":{"@id":"https:\/\/www.webdo.tn\/fr\/#organization"},"image":{"@id":"https:\/\/www.webdo.tn\/fr\/actualite\/international\/en-2016-plus-de-la-moitie-du-patrimoine-mondial-sera-detenu-par-les-1-les-plus-riches-de-la-planete\/184226\/#primaryimage"},"thumbnailUrl":"https:\/\/www.webdo.tn\/fr\/wp-content\/uploads\/2015\/01\/webdo_default-19.jpg","keywords":["guerre"],"articleSection":["International"],"inLanguage":"fr-FR"},{"@type":"WebPage","@id":"https:\/\/www.webdo.tn\/fr\/actualite\/international\/en-2016-plus-de-la-moitie-du-patrimoine-mondial-sera-detenu-par-les-1-les-plus-riches-de-la-planete\/184226\/","url":"https:\/\/www.webdo.tn\/fr\/actualite\/international\/en-2016-plus-de-la-moitie-du-patrimoine-mondial-sera-detenu-par-les-1-les-plus-riches-de-la-planete\/184226\/","name":"En 2016, plus de la moiti\u00e9 du patrimoine mondial sera d\u00e9tenu par les 1% les plus riches de la plan\u00e8te","isPartOf":{"@id":"https:\/\/www.webdo.tn\/fr\/#website"},"primaryImageOfPage":{"@id":"https:\/\/www.webdo.tn\/fr\/actualite\/international\/en-2016-plus-de-la-moitie-du-patrimoine-mondial-sera-detenu-par-les-1-les-plus-riches-de-la-planete\/184226\/#primaryimage"},"image":{"@id":"https:\/\/www.webdo.tn\/fr\/actualite\/international\/en-2016-plus-de-la-moitie-du-patrimoine-mondial-sera-detenu-par-les-1-les-plus-riches-de-la-planete\/184226\/#primaryimage"},"thumbnailUrl":"https:\/\/www.webdo.tn\/fr\/wp-content\/uploads\/2015\/01\/webdo_default-19.jpg","datePublished":"2015-01-19T10:30:00+00:00","dateModified":"2025-05-19T10:24:44+00:00","description":"En 2016, plus de la moiti\u00e9 du patrimoine mondial sera d\u00e9tenu par les 1% les plus riches de la plan\u00e8te","breadcrumb":{"@id":"https:\/\/www.webdo.tn\/fr\/actualite\/international\/en-2016-plus-de-la-moitie-du-patrimoine-mondial-sera-detenu-par-les-1-les-plus-riches-de-la-planete\/184226\/#breadcrumb"},"inLanguage":"fr-FR","potentialAction":[{"@type":"ReadAction","target":["https:\/\/www.webdo.tn\/fr\/actualite\/international\/en-2016-plus-de-la-moitie-du-patrimoine-mondial-sera-detenu-par-les-1-les-plus-riches-de-la-planete\/184226\/"]}]},{"@type":"ImageObject","inLanguage":"fr-FR","@id":"https:\/\/www.webdo.tn\/fr\/actualite\/international\/en-2016-plus-de-la-moitie-du-patrimoine-mondial-sera-detenu-par-les-1-les-plus-riches-de-la-planete\/184226\/#primaryimage","url":"https:\/\/www.webdo.tn\/fr\/wp-content\/uploads\/2015\/01\/webdo_default-19.jpg","contentUrl":"https:\/\/www.webdo.tn\/fr\/wp-content\/uploads\/2015\/01\/webdo_default-19.jpg","width":800,"height":500,"caption":"En 2016, plus de la moiti\u00e9 du patrimoine mondial sera d\u00e9tenu par les 1% les plus riches de la plan\u00e8te"},{"@type":"BreadcrumbList","@id":"https:\/\/www.webdo.tn\/fr\/actualite\/international\/en-2016-plus-de-la-moitie-du-patrimoine-mondial-sera-detenu-par-les-1-les-plus-riches-de-la-planete\/184226\/#breadcrumb","itemListElement":[{"@type":"ListItem","position":1,"name":"Accueil","item":"https:\/\/www.webdo.tn\/fr\/"},{"@type":"ListItem","position":2,"name":"En 2016, plus de la moiti\u00e9 du patrimoine mondial sera d\u00e9tenu par les 1% les plus riches de la plan\u00e8te"}]},{"@type":"WebSite","@id":"https:\/\/www.webdo.tn\/fr\/#website","url":"https:\/\/www.webdo.tn\/fr\/","name":"webdo","description":"Tunisie - News en Tunisie et \u00e0 l&#039;international sur Webdo.tn","publisher":{"@id":"https:\/\/www.webdo.tn\/fr\/#organization"},"potentialAction":[{"@type":"SearchAction","target":{"@type":"EntryPoint","urlTemplate":"https:\/\/www.webdo.tn\/fr\/?s={search_term_string}"},"query-input":{"@type":"PropertyValueSpecification","valueRequired":true,"valueName":"search_term_string"}}],"inLanguage":"fr-FR"},{"@type":"Organization","@id":"https:\/\/www.webdo.tn\/fr\/#organization","name":"Webdo","alternateName":"Webdo.tn","url":"https:\/\/www.webdo.tn\/fr\/","logo":{"@type":"ImageObject","inLanguage":"fr-FR","@id":"https:\/\/www.webdo.tn\/fr\/#\/schema\/logo\/image\/","url":"https:\/\/www.webdo.tn\/fr\/wp-content\/uploads\/2025\/06\/Webdo-Tunisie_168377.jpg","contentUrl":"https:\/\/www.webdo.tn\/fr\/wp-content\/uploads\/2025\/06\/Webdo-Tunisie_168377.jpg","width":301,"height":301,"caption":"Webdo"},"image":{"@id":"https:\/\/www.webdo.tn\/fr\/#\/schema\/logo\/image\/"},"sameAs":["https:\/\/www.facebook.com\/webdotn","https:\/\/x.com\/webdo_tn"],"description":"Webdo est un m\u00e9dia num\u00e9rique tunisien fond\u00e9 en 2010, sp\u00e9cialis\u00e9 dans l\u2019actualit\u00e9 nationale et internationale, l\u2019\u00e9conomie, la soci\u00e9t\u00e9 et les analyses politiques. Le site s\u2019adresse \u00e0 un large public francophone et couvre l\u2019information tunisienne en temps r\u00e9el.","email":"redac@webdo.tn","legalName":"YNJ SARL","foundingDate":"2010-09-06","numberOfEmployees":{"@type":"QuantitativeValue","minValue":"11","maxValue":"50"}},{"@type":"Person","@id":"https:\/\/www.webdo.tn\/fr\/#\/schema\/person\/9a9c6118d687c117df8ef3cc36a4d175","name":"webdo.tn","image":{"@type":"ImageObject","inLanguage":"fr-FR","@id":"https:\/\/secure.gravatar.com\/avatar\/7ce1f28c0c3bbac99ff550b85ef8e44a6950c6ee24514fb6a5489e51d06f0298?s=96&d=mm&r=g","url":"https:\/\/secure.gravatar.com\/avatar\/7ce1f28c0c3bbac99ff550b85ef8e44a6950c6ee24514fb6a5489e51d06f0298?s=96&d=mm&r=g","contentUrl":"https:\/\/secure.gravatar.com\/avatar\/7ce1f28c0c3bbac99ff550b85ef8e44a6950c6ee24514fb6a5489e51d06f0298?s=96&d=mm&r=g","caption":"webdo.tn"},"url":"https:\/\/www.webdo.tn\/fr\/actualite\/author\/webdotn\/"}]}},"_links":{"self":[{"href":"https:\/\/www.webdo.tn\/fr\/wp-json\/wp\/v2\/posts\/184226","targetHints":{"allow":["GET"]}}],"collection":[{"href":"https:\/\/www.webdo.tn\/fr\/wp-json\/wp\/v2\/posts"}],"about":[{"href":"https:\/\/www.webdo.tn\/fr\/wp-json\/wp\/v2\/types\/post"}],"author":[{"embeddable":true,"href":"https:\/\/www.webdo.tn\/fr\/wp-json\/wp\/v2\/users\/3222"}],"replies":[{"embeddable":true,"href":"https:\/\/www.webdo.tn\/fr\/wp-json\/wp\/v2\/comments?post=184226"}],"version-history":[{"count":0,"href":"https:\/\/www.webdo.tn\/fr\/wp-json\/wp\/v2\/posts\/184226\/revisions"}],"wp:featuredmedia":[{"embeddable":true,"href":"https:\/\/www.webdo.tn\/fr\/wp-json\/wp\/v2\/media\/319303"}],"wp:attachment":[{"href":"https:\/\/www.webdo.tn\/fr\/wp-json\/wp\/v2\/media?parent=184226"}],"wp:term":[{"taxonomy":"category","embeddable":true,"href":"https:\/\/www.webdo.tn\/fr\/wp-json\/wp\/v2\/categories?post=184226"},{"taxonomy":"post_tag","embeddable":true,"href":"https:\/\/www.webdo.tn\/fr\/wp-json\/wp\/v2\/tags?post=184226"}],"curies":[{"name":"wp","href":"https:\/\/api.w.org\/{rel}","templated":true}]}}