{"id":184224,"date":"2015-01-19T17:00:00","date_gmt":"2015-01-19T17:00:00","guid":{"rendered":"https:\/\/www.webdo.tn\/fr\/blog\/france-116-actes-antimusulmans-recenses-en-france-depuis-lattaque-contre-charlie-hebdo\/184224\/"},"modified":"2015-01-19T17:00:00","modified_gmt":"2015-01-19T17:00:00","slug":"france-116-actes-antimusulmans-recenses-en-france-depuis-lattaque-contre-charlie-hebdo","status":"publish","type":"post","link":"https:\/\/www.webdo.tn\/fr\/actualite\/international\/france-116-actes-antimusulmans-recenses-en-france-depuis-lattaque-contre-charlie-hebdo\/184224\/","title":{"rendered":"France : 116 actes antimusulmans recens\u00e9s depuis l\u2019attaque contre Charlie Hebdo"},"content":{"rendered":"<p>Depuis l\u2019attaque contre le journal satirique Charlie Hebdo, les actes antimusulmans en France ont plus que doubl\u00e9 par rapport \u00e0 janvier 2014, a annonc\u00e9, ce lundi 19 janvier, l&rsquo;Observatoire national contre l&rsquo;islamophobie.<br \/>\nCent seize actes antimusulmans ont \u00e9t\u00e9 recens\u00e9s en France depuis les attentats parisiens perp\u00e9tr\u00e9s du 7 au 9 janvier, soit 110% de plus que ceux comptabilis\u00e9s pour l&rsquo;ensemble du mois de janvier 2014, selon l&rsquo;Observatoire national contre l&rsquo;islamophobie.<br \/>\nCes actes comprennent 28 actions contre des lieux de culte et 88 menaces, selon cette instance membre du Conseil fran\u00e7ais du culte musulman (CFCM).<br \/>\n\u00ab\u00a0Cette situation est inadmissible et nous demandons aux pouvoirs publics, au-del\u00e0 des discours rassurants, de passer aux actes afin de mettre fin \u00e0 ce fl\u00e9au\u00a0\u00bb, \u00e9crit le pr\u00e9sident de l&rsquo;observatoire, Abdallah Zekri, dans un communiqu\u00e9 rapport\u00e9 par l\u2019AFP.<\/p>\n","protected":false},"excerpt":{"rendered":"<p>France : 116 actes antimusulmans recens\u00e9s depuis l\u2019attaque contre Charlie Hebdo<\/p>\n","protected":false},"author":3222,"featured_media":330851,"comment_status":"open","ping_status":"closed","sticky":false,"template":"","format":"standard","meta":{"footnotes":""},"categories":[2598],"tags":[2600],"class_list":["post-184224","post","type-post","status-publish","format-standard","has-post-thumbnail","hentry","category-international","tag-guerre"],"yoast_head":"<!-- This site is optimized with the Yoast SEO Premium plugin v27.5 (Yoast SEO v27.5) - https:\/\/yoast.com\/product\/yoast-seo-premium-wordpress\/ -->\n<title>France : 116 actes antimusulmans recens\u00e9s depuis l\u2019attaque contre Charlie Hebdo<\/title>\n<meta name=\"description\" content=\"France : 116 actes antimusulmans recens\u00e9s depuis l\u2019attaque contre Charlie Hebdo\" \/>\n<link rel=\"canonical\" href=\"https:\/\/www.webdo.tn\/fr\/actualite\/international\/france-116-actes-antimusulmans-recenses-en-france-depuis-lattaque-contre-charlie-hebdo\/184224\/\" \/>\n<meta property=\"og:locale\" content=\"fr_FR\" \/>\n<meta property=\"og:type\" content=\"article\" \/>\n<meta property=\"og:title\" content=\"France : 116 actes antimusulmans recens\u00e9s depuis l\u2019attaque contre Charlie Hebdo\" \/>\n<meta property=\"og:description\" content=\"France : 116 actes antimusulmans recens\u00e9s depuis l\u2019attaque contre Charlie Hebdo\" \/>\n<meta property=\"og:url\" content=\"https:\/\/www.webdo.tn\/fr\/actualite\/international\/france-116-actes-antimusulmans-recenses-en-france-depuis-lattaque-contre-charlie-hebdo\/184224\/\" \/>\n<meta property=\"og:site_name\" content=\"webdo\" \/>\n<meta property=\"article:publisher\" content=\"https:\/\/www.facebook.com\/webdotn\" \/>\n<meta property=\"article:published_time\" content=\"2015-01-19T17:00:00+00:00\" \/>\n<meta property=\"og:image\" content=\"https:\/\/www.webdo.tn\/fr\/wp-content\/uploads\/2015\/01\/webdo_default-68.jpg\" \/>\n\t<meta property=\"og:image:width\" content=\"800\" \/>\n\t<meta property=\"og:image:height\" content=\"500\" \/>\n\t<meta property=\"og:image:type\" content=\"image\/jpeg\" \/>\n<meta name=\"author\" content=\"webdo.tn\" \/>\n<meta name=\"twitter:card\" content=\"summary_large_image\" \/>\n<meta name=\"twitter:creator\" content=\"@webdo_tn\" \/>\n<meta name=\"twitter:site\" content=\"@webdo_tn\" \/>\n<meta name=\"twitter:label1\" content=\"\u00c9crit par\" \/>\n\t<meta name=\"twitter:data1\" content=\"webdo.tn\" \/>\n\t<meta name=\"twitter:label2\" content=\"Dur\u00e9e de lecture estim\u00e9e\" \/>\n\t<meta name=\"twitter:data2\" content=\"1 minute\" \/>\n<script type=\"application\/ld+json\" class=\"yoast-schema-graph\">{\"@context\":\"https:\\\/\\\/schema.org\",\"@graph\":[{\"@type\":\"NewsArticle\",\"@id\":\"https:\\\/\\\/www.webdo.tn\\\/fr\\\/actualite\\\/international\\\/france-116-actes-antimusulmans-recenses-en-france-depuis-lattaque-contre-charlie-hebdo\\\/184224\\\/#article\",\"isPartOf\":{\"@id\":\"https:\\\/\\\/www.webdo.tn\\\/fr\\\/actualite\\\/international\\\/france-116-actes-antimusulmans-recenses-en-france-depuis-lattaque-contre-charlie-hebdo\\\/184224\\\/\"},\"author\":{\"name\":\"webdo.tn\",\"@id\":\"https:\\\/\\\/www.webdo.tn\\\/fr\\\/#\\\/schema\\\/person\\\/9a9c6118d687c117df8ef3cc36a4d175\"},\"headline\":\"France : 116 actes antimusulmans recens\u00e9s depuis l\u2019attaque contre Charlie Hebdo\",\"datePublished\":\"2015-01-19T17:00:00+00:00\",\"mainEntityOfPage\":{\"@id\":\"https:\\\/\\\/www.webdo.tn\\\/fr\\\/actualite\\\/international\\\/france-116-actes-antimusulmans-recenses-en-france-depuis-lattaque-contre-charlie-hebdo\\\/184224\\\/\"},\"wordCount\":148,\"commentCount\":0,\"publisher\":{\"@id\":\"https:\\\/\\\/www.webdo.tn\\\/fr\\\/#organization\"},\"image\":{\"@id\":\"https:\\\/\\\/www.webdo.tn\\\/fr\\\/actualite\\\/international\\\/france-116-actes-antimusulmans-recenses-en-france-depuis-lattaque-contre-charlie-hebdo\\\/184224\\\/#primaryimage\"},\"thumbnailUrl\":\"https:\\\/\\\/www.webdo.tn\\\/fr\\\/wp-content\\\/uploads\\\/2015\\\/01\\\/webdo_default-68.jpg\",\"keywords\":[\"guerre\"],\"articleSection\":[\"International\"],\"inLanguage\":\"fr-FR\"},{\"@type\":\"WebPage\",\"@id\":\"https:\\\/\\\/www.webdo.tn\\\/fr\\\/actualite\\\/international\\\/france-116-actes-antimusulmans-recenses-en-france-depuis-lattaque-contre-charlie-hebdo\\\/184224\\\/\",\"url\":\"https:\\\/\\\/www.webdo.tn\\\/fr\\\/actualite\\\/international\\\/france-116-actes-antimusulmans-recenses-en-france-depuis-lattaque-contre-charlie-hebdo\\\/184224\\\/\",\"name\":\"France : 116 actes antimusulmans recens\u00e9s depuis l\u2019attaque contre Charlie Hebdo\",\"isPartOf\":{\"@id\":\"https:\\\/\\\/www.webdo.tn\\\/fr\\\/#website\"},\"primaryImageOfPage\":{\"@id\":\"https:\\\/\\\/www.webdo.tn\\\/fr\\\/actualite\\\/international\\\/france-116-actes-antimusulmans-recenses-en-france-depuis-lattaque-contre-charlie-hebdo\\\/184224\\\/#primaryimage\"},\"image\":{\"@id\":\"https:\\\/\\\/www.webdo.tn\\\/fr\\\/actualite\\\/international\\\/france-116-actes-antimusulmans-recenses-en-france-depuis-lattaque-contre-charlie-hebdo\\\/184224\\\/#primaryimage\"},\"thumbnailUrl\":\"https:\\\/\\\/www.webdo.tn\\\/fr\\\/wp-content\\\/uploads\\\/2015\\\/01\\\/webdo_default-68.jpg\",\"datePublished\":\"2015-01-19T17:00:00+00:00\",\"description\":\"France : 116 actes antimusulmans recens\u00e9s depuis l\u2019attaque contre Charlie Hebdo\",\"breadcrumb\":{\"@id\":\"https:\\\/\\\/www.webdo.tn\\\/fr\\\/actualite\\\/international\\\/france-116-actes-antimusulmans-recenses-en-france-depuis-lattaque-contre-charlie-hebdo\\\/184224\\\/#breadcrumb\"},\"inLanguage\":\"fr-FR\",\"potentialAction\":[{\"@type\":\"ReadAction\",\"target\":[\"https:\\\/\\\/www.webdo.tn\\\/fr\\\/actualite\\\/international\\\/france-116-actes-antimusulmans-recenses-en-france-depuis-lattaque-contre-charlie-hebdo\\\/184224\\\/\"]}]},{\"@type\":\"ImageObject\",\"inLanguage\":\"fr-FR\",\"@id\":\"https:\\\/\\\/www.webdo.tn\\\/fr\\\/actualite\\\/international\\\/france-116-actes-antimusulmans-recenses-en-france-depuis-lattaque-contre-charlie-hebdo\\\/184224\\\/#primaryimage\",\"url\":\"https:\\\/\\\/www.webdo.tn\\\/fr\\\/wp-content\\\/uploads\\\/2015\\\/01\\\/webdo_default-68.jpg\",\"contentUrl\":\"https:\\\/\\\/www.webdo.tn\\\/fr\\\/wp-content\\\/uploads\\\/2015\\\/01\\\/webdo_default-68.jpg\",\"width\":800,\"height\":500,\"caption\":\"France : 116 actes antimusulmans recens\u00e9s depuis l\u2019attaque contre Charlie Hebdo\"},{\"@type\":\"BreadcrumbList\",\"@id\":\"https:\\\/\\\/www.webdo.tn\\\/fr\\\/actualite\\\/international\\\/france-116-actes-antimusulmans-recenses-en-france-depuis-lattaque-contre-charlie-hebdo\\\/184224\\\/#breadcrumb\",\"itemListElement\":[{\"@type\":\"ListItem\",\"position\":1,\"name\":\"Accueil\",\"item\":\"https:\\\/\\\/www.webdo.tn\\\/fr\\\/\"},{\"@type\":\"ListItem\",\"position\":2,\"name\":\"France : 116 actes antimusulmans recens\u00e9s depuis l\u2019attaque contre Charlie Hebdo\"}]},{\"@type\":\"WebSite\",\"@id\":\"https:\\\/\\\/www.webdo.tn\\\/fr\\\/#website\",\"url\":\"https:\\\/\\\/www.webdo.tn\\\/fr\\\/\",\"name\":\"webdo\",\"description\":\"Tunisie - News en Tunisie et \u00e0 l&#039;international sur Webdo.tn\",\"publisher\":{\"@id\":\"https:\\\/\\\/www.webdo.tn\\\/fr\\\/#organization\"},\"potentialAction\":[{\"@type\":\"SearchAction\",\"target\":{\"@type\":\"EntryPoint\",\"urlTemplate\":\"https:\\\/\\\/www.webdo.tn\\\/fr\\\/?s={search_term_string}\"},\"query-input\":{\"@type\":\"PropertyValueSpecification\",\"valueRequired\":true,\"valueName\":\"search_term_string\"}}],\"inLanguage\":\"fr-FR\"},{\"@type\":\"Organization\",\"@id\":\"https:\\\/\\\/www.webdo.tn\\\/fr\\\/#organization\",\"name\":\"Webdo\",\"alternateName\":\"Webdo.tn\",\"url\":\"https:\\\/\\\/www.webdo.tn\\\/fr\\\/\",\"logo\":{\"@type\":\"ImageObject\",\"inLanguage\":\"fr-FR\",\"@id\":\"https:\\\/\\\/www.webdo.tn\\\/fr\\\/#\\\/schema\\\/logo\\\/image\\\/\",\"url\":\"https:\\\/\\\/www.webdo.tn\\\/fr\\\/wp-content\\\/uploads\\\/2025\\\/06\\\/Webdo-Tunisie_168377.jpg\",\"contentUrl\":\"https:\\\/\\\/www.webdo.tn\\\/fr\\\/wp-content\\\/uploads\\\/2025\\\/06\\\/Webdo-Tunisie_168377.jpg\",\"width\":301,\"height\":301,\"caption\":\"Webdo\"},\"image\":{\"@id\":\"https:\\\/\\\/www.webdo.tn\\\/fr\\\/#\\\/schema\\\/logo\\\/image\\\/\"},\"sameAs\":[\"https:\\\/\\\/www.facebook.com\\\/webdotn\",\"https:\\\/\\\/x.com\\\/webdo_tn\"],\"description\":\"Webdo est un m\u00e9dia num\u00e9rique tunisien fond\u00e9 en 2010, sp\u00e9cialis\u00e9 dans l\u2019actualit\u00e9 nationale et internationale, l\u2019\u00e9conomie, la soci\u00e9t\u00e9 et les analyses politiques. Le site s\u2019adresse \u00e0 un large public francophone et couvre l\u2019information tunisienne en temps r\u00e9el.\",\"email\":\"redac@webdo.tn\",\"legalName\":\"YNJ SARL\",\"foundingDate\":\"2010-09-06\",\"numberOfEmployees\":{\"@type\":\"QuantitativeValue\",\"minValue\":\"11\",\"maxValue\":\"50\"}},{\"@type\":\"Person\",\"@id\":\"https:\\\/\\\/www.webdo.tn\\\/fr\\\/#\\\/schema\\\/person\\\/9a9c6118d687c117df8ef3cc36a4d175\",\"name\":\"webdo.tn\",\"image\":{\"@type\":\"ImageObject\",\"inLanguage\":\"fr-FR\",\"@id\":\"https:\\\/\\\/secure.gravatar.com\\\/avatar\\\/7ce1f28c0c3bbac99ff550b85ef8e44a6950c6ee24514fb6a5489e51d06f0298?s=96&d=mm&r=g\",\"url\":\"https:\\\/\\\/secure.gravatar.com\\\/avatar\\\/7ce1f28c0c3bbac99ff550b85ef8e44a6950c6ee24514fb6a5489e51d06f0298?s=96&d=mm&r=g\",\"contentUrl\":\"https:\\\/\\\/secure.gravatar.com\\\/avatar\\\/7ce1f28c0c3bbac99ff550b85ef8e44a6950c6ee24514fb6a5489e51d06f0298?s=96&d=mm&r=g\",\"caption\":\"webdo.tn\"},\"url\":\"https:\\\/\\\/www.webdo.tn\\\/fr\\\/actualite\\\/author\\\/webdotn\\\/\"}]}<\/script>\n<!-- \/ Yoast SEO Premium plugin. -->","yoast_head_json":{"title":"France : 116 actes antimusulmans recens\u00e9s depuis l\u2019attaque contre Charlie Hebdo","description":"France : 116 actes antimusulmans recens\u00e9s depuis l\u2019attaque contre Charlie Hebdo","canonical":"https:\/\/www.webdo.tn\/fr\/actualite\/international\/france-116-actes-antimusulmans-recenses-en-france-depuis-lattaque-contre-charlie-hebdo\/184224\/","og_locale":"fr_FR","og_type":"article","og_title":"France : 116 actes antimusulmans recens\u00e9s depuis l\u2019attaque contre Charlie Hebdo","og_description":"France : 116 actes antimusulmans recens\u00e9s depuis l\u2019attaque contre Charlie Hebdo","og_url":"https:\/\/www.webdo.tn\/fr\/actualite\/international\/france-116-actes-antimusulmans-recenses-en-france-depuis-lattaque-contre-charlie-hebdo\/184224\/","og_site_name":"webdo","article_publisher":"https:\/\/www.facebook.com\/webdotn","article_published_time":"2015-01-19T17:00:00+00:00","og_image":[{"width":800,"height":500,"url":"https:\/\/www.webdo.tn\/fr\/wp-content\/uploads\/2015\/01\/webdo_default-68.jpg","type":"image\/jpeg"}],"author":"webdo.tn","twitter_card":"summary_large_image","twitter_creator":"@webdo_tn","twitter_site":"@webdo_tn","twitter_misc":{"\u00c9crit par":"webdo.tn","Dur\u00e9e de lecture estim\u00e9e":"1 minute"},"schema":{"@context":"https:\/\/schema.org","@graph":[{"@type":"NewsArticle","@id":"https:\/\/www.webdo.tn\/fr\/actualite\/international\/france-116-actes-antimusulmans-recenses-en-france-depuis-lattaque-contre-charlie-hebdo\/184224\/#article","isPartOf":{"@id":"https:\/\/www.webdo.tn\/fr\/actualite\/international\/france-116-actes-antimusulmans-recenses-en-france-depuis-lattaque-contre-charlie-hebdo\/184224\/"},"author":{"name":"webdo.tn","@id":"https:\/\/www.webdo.tn\/fr\/#\/schema\/person\/9a9c6118d687c117df8ef3cc36a4d175"},"headline":"France : 116 actes antimusulmans recens\u00e9s depuis l\u2019attaque contre Charlie Hebdo","datePublished":"2015-01-19T17:00:00+00:00","mainEntityOfPage":{"@id":"https:\/\/www.webdo.tn\/fr\/actualite\/international\/france-116-actes-antimusulmans-recenses-en-france-depuis-lattaque-contre-charlie-hebdo\/184224\/"},"wordCount":148,"commentCount":0,"publisher":{"@id":"https:\/\/www.webdo.tn\/fr\/#organization"},"image":{"@id":"https:\/\/www.webdo.tn\/fr\/actualite\/international\/france-116-actes-antimusulmans-recenses-en-france-depuis-lattaque-contre-charlie-hebdo\/184224\/#primaryimage"},"thumbnailUrl":"https:\/\/www.webdo.tn\/fr\/wp-content\/uploads\/2015\/01\/webdo_default-68.jpg","keywords":["guerre"],"articleSection":["International"],"inLanguage":"fr-FR"},{"@type":"WebPage","@id":"https:\/\/www.webdo.tn\/fr\/actualite\/international\/france-116-actes-antimusulmans-recenses-en-france-depuis-lattaque-contre-charlie-hebdo\/184224\/","url":"https:\/\/www.webdo.tn\/fr\/actualite\/international\/france-116-actes-antimusulmans-recenses-en-france-depuis-lattaque-contre-charlie-hebdo\/184224\/","name":"France : 116 actes antimusulmans recens\u00e9s depuis l\u2019attaque contre Charlie Hebdo","isPartOf":{"@id":"https:\/\/www.webdo.tn\/fr\/#website"},"primaryImageOfPage":{"@id":"https:\/\/www.webdo.tn\/fr\/actualite\/international\/france-116-actes-antimusulmans-recenses-en-france-depuis-lattaque-contre-charlie-hebdo\/184224\/#primaryimage"},"image":{"@id":"https:\/\/www.webdo.tn\/fr\/actualite\/international\/france-116-actes-antimusulmans-recenses-en-france-depuis-lattaque-contre-charlie-hebdo\/184224\/#primaryimage"},"thumbnailUrl":"https:\/\/www.webdo.tn\/fr\/wp-content\/uploads\/2015\/01\/webdo_default-68.jpg","datePublished":"2015-01-19T17:00:00+00:00","description":"France : 116 actes antimusulmans recens\u00e9s depuis l\u2019attaque contre Charlie Hebdo","breadcrumb":{"@id":"https:\/\/www.webdo.tn\/fr\/actualite\/international\/france-116-actes-antimusulmans-recenses-en-france-depuis-lattaque-contre-charlie-hebdo\/184224\/#breadcrumb"},"inLanguage":"fr-FR","potentialAction":[{"@type":"ReadAction","target":["https:\/\/www.webdo.tn\/fr\/actualite\/international\/france-116-actes-antimusulmans-recenses-en-france-depuis-lattaque-contre-charlie-hebdo\/184224\/"]}]},{"@type":"ImageObject","inLanguage":"fr-FR","@id":"https:\/\/www.webdo.tn\/fr\/actualite\/international\/france-116-actes-antimusulmans-recenses-en-france-depuis-lattaque-contre-charlie-hebdo\/184224\/#primaryimage","url":"https:\/\/www.webdo.tn\/fr\/wp-content\/uploads\/2015\/01\/webdo_default-68.jpg","contentUrl":"https:\/\/www.webdo.tn\/fr\/wp-content\/uploads\/2015\/01\/webdo_default-68.jpg","width":800,"height":500,"caption":"France : 116 actes antimusulmans recens\u00e9s depuis l\u2019attaque contre Charlie Hebdo"},{"@type":"BreadcrumbList","@id":"https:\/\/www.webdo.tn\/fr\/actualite\/international\/france-116-actes-antimusulmans-recenses-en-france-depuis-lattaque-contre-charlie-hebdo\/184224\/#breadcrumb","itemListElement":[{"@type":"ListItem","position":1,"name":"Accueil","item":"https:\/\/www.webdo.tn\/fr\/"},{"@type":"ListItem","position":2,"name":"France : 116 actes antimusulmans recens\u00e9s depuis l\u2019attaque contre Charlie Hebdo"}]},{"@type":"WebSite","@id":"https:\/\/www.webdo.tn\/fr\/#website","url":"https:\/\/www.webdo.tn\/fr\/","name":"webdo","description":"Tunisie - News en Tunisie et \u00e0 l&#039;international sur Webdo.tn","publisher":{"@id":"https:\/\/www.webdo.tn\/fr\/#organization"},"potentialAction":[{"@type":"SearchAction","target":{"@type":"EntryPoint","urlTemplate":"https:\/\/www.webdo.tn\/fr\/?s={search_term_string}"},"query-input":{"@type":"PropertyValueSpecification","valueRequired":true,"valueName":"search_term_string"}}],"inLanguage":"fr-FR"},{"@type":"Organization","@id":"https:\/\/www.webdo.tn\/fr\/#organization","name":"Webdo","alternateName":"Webdo.tn","url":"https:\/\/www.webdo.tn\/fr\/","logo":{"@type":"ImageObject","inLanguage":"fr-FR","@id":"https:\/\/www.webdo.tn\/fr\/#\/schema\/logo\/image\/","url":"https:\/\/www.webdo.tn\/fr\/wp-content\/uploads\/2025\/06\/Webdo-Tunisie_168377.jpg","contentUrl":"https:\/\/www.webdo.tn\/fr\/wp-content\/uploads\/2025\/06\/Webdo-Tunisie_168377.jpg","width":301,"height":301,"caption":"Webdo"},"image":{"@id":"https:\/\/www.webdo.tn\/fr\/#\/schema\/logo\/image\/"},"sameAs":["https:\/\/www.facebook.com\/webdotn","https:\/\/x.com\/webdo_tn"],"description":"Webdo est un m\u00e9dia num\u00e9rique tunisien fond\u00e9 en 2010, sp\u00e9cialis\u00e9 dans l\u2019actualit\u00e9 nationale et internationale, l\u2019\u00e9conomie, la soci\u00e9t\u00e9 et les analyses politiques. Le site s\u2019adresse \u00e0 un large public francophone et couvre l\u2019information tunisienne en temps r\u00e9el.","email":"redac@webdo.tn","legalName":"YNJ SARL","foundingDate":"2010-09-06","numberOfEmployees":{"@type":"QuantitativeValue","minValue":"11","maxValue":"50"}},{"@type":"Person","@id":"https:\/\/www.webdo.tn\/fr\/#\/schema\/person\/9a9c6118d687c117df8ef3cc36a4d175","name":"webdo.tn","image":{"@type":"ImageObject","inLanguage":"fr-FR","@id":"https:\/\/secure.gravatar.com\/avatar\/7ce1f28c0c3bbac99ff550b85ef8e44a6950c6ee24514fb6a5489e51d06f0298?s=96&d=mm&r=g","url":"https:\/\/secure.gravatar.com\/avatar\/7ce1f28c0c3bbac99ff550b85ef8e44a6950c6ee24514fb6a5489e51d06f0298?s=96&d=mm&r=g","contentUrl":"https:\/\/secure.gravatar.com\/avatar\/7ce1f28c0c3bbac99ff550b85ef8e44a6950c6ee24514fb6a5489e51d06f0298?s=96&d=mm&r=g","caption":"webdo.tn"},"url":"https:\/\/www.webdo.tn\/fr\/actualite\/author\/webdotn\/"}]}},"_links":{"self":[{"href":"https:\/\/www.webdo.tn\/fr\/wp-json\/wp\/v2\/posts\/184224","targetHints":{"allow":["GET"]}}],"collection":[{"href":"https:\/\/www.webdo.tn\/fr\/wp-json\/wp\/v2\/posts"}],"about":[{"href":"https:\/\/www.webdo.tn\/fr\/wp-json\/wp\/v2\/types\/post"}],"author":[{"embeddable":true,"href":"https:\/\/www.webdo.tn\/fr\/wp-json\/wp\/v2\/users\/3222"}],"replies":[{"embeddable":true,"href":"https:\/\/www.webdo.tn\/fr\/wp-json\/wp\/v2\/comments?post=184224"}],"version-history":[{"count":0,"href":"https:\/\/www.webdo.tn\/fr\/wp-json\/wp\/v2\/posts\/184224\/revisions"}],"wp:featuredmedia":[{"embeddable":true,"href":"https:\/\/www.webdo.tn\/fr\/wp-json\/wp\/v2\/media\/330851"}],"wp:attachment":[{"href":"https:\/\/www.webdo.tn\/fr\/wp-json\/wp\/v2\/media?parent=184224"}],"wp:term":[{"taxonomy":"category","embeddable":true,"href":"https:\/\/www.webdo.tn\/fr\/wp-json\/wp\/v2\/categories?post=184224"},{"taxonomy":"post_tag","embeddable":true,"href":"https:\/\/www.webdo.tn\/fr\/wp-json\/wp\/v2\/tags?post=184224"}],"curies":[{"name":"wp","href":"https:\/\/api.w.org\/{rel}","templated":true}]}}