{"id":184222,"date":"2015-01-20T12:27:00","date_gmt":"2015-01-20T12:27:00","guid":{"rendered":"https:\/\/www.webdo.tn\/fr\/blog\/suisse-un-tunisien-en-attente-dexpulsion-sous-haute-securite-vers-la-tunisie\/184222\/"},"modified":"2025-05-19T10:24:31","modified_gmt":"2025-05-19T10:24:31","slug":"suisse-un-tunisien-en-attente-dexpulsion-sous-haute-securite-vers-la-tunisie","status":"publish","type":"post","link":"https:\/\/www.webdo.tn\/fr\/actualite\/international\/suisse-un-tunisien-en-attente-dexpulsion-sous-haute-securite-vers-la-tunisie\/184222\/","title":{"rendered":"Suisse : Un Tunisien en attente d\u2019expulsion \u00ab\u00a0sous haute s\u00e9curit\u00e9\u00a0\u00bb vers la Tunisie"},"content":{"rendered":"<p>Un Tunisien arr\u00eat\u00e9 en Suisse et soup\u00e7onn\u00e9 d&rsquo;appartenir \u00e0 la mouvance islamiste est en attente d&rsquo;expulsion vers la Tunisie. Il est consid\u00e9r\u00e9 par le service de renseignement suisse comme \u00ab\u00a0dangereux pour la s\u00e9curit\u00e9 int\u00e9rieure\u00a0\u00bb.<\/p>\n<p>\u00ab\u00a0L\u2019affaire commence au mois de mai\u20092014. A deux reprises, les 17\u2009et 30 mai, le suspect s\u2019installe sur le march\u00e9 de Plainpalais puis au Molard pour distribuer des corans. La Ville de Gen\u00e8ve et le Canton ont d\u00e9livr\u00e9 des autorisations \u00e0 l\u2019imam du Centre culturel albanais de Fribourg, fr\u00e9quent\u00e9 par lui. Probl\u00e8me: le stand arbore un drapeau repris par les combattants du djihad\u00a0\u00bb, note la Tribune de Gen\u00e8ve.<\/p>\n<p>Scandalis\u00e9s d\u2019assister \u00e0 de la propagande int\u00e9griste dans les rues genevoises, des t\u00e9moins s\u2019inqui\u00e8tent. Alert\u00e9, le service de renseignement suisse, charg\u00e9 de la surveillance du milieu djihadiste, m\u00e8ne son enqu\u00eate.<\/p>\n<p>L&rsquo;homme de 35 ans r\u00e9sidant \u00e0 Gen\u00e8ve est actuellement d\u00e9tenu \u00e0 la prison de Champ-Dollon en vue de son renvoi en Tunisie \u00ab\u00a0sous haute s\u00e9curit\u00e9\u00a0\u00bb, selon le quotidien la Tribune de Gen\u00e8ve.<\/p>\n<p>Condamn\u00e9 entre 2009 et 2012 pour violences ou menaces contre des fonctionnaires, il a \u00e9t\u00e9 arr\u00eat\u00e9 lors d&rsquo;un contr\u00f4le de billets dans un train \u00e0 Fribourg le 9 janvier, avant d\u2019\u00eatre auditionn\u00e9 le 12 janvier par le Tribunal administratif de premi\u00e8re instance de Gen\u00e8ve.<\/p>\n<p>Le tribunal avait alors recommand\u00e9 de ne pas renouveler le titre de s\u00e9jour de ce Tunisien qui aurait des \u00ab\u00a0contacts avec un autre Tunisien condamn\u00e9 \u00e0 l&rsquo;\u00e9tranger pour ses liens avec le terrorisme international\u00a0\u00bb.<\/p>\n<p>La Tribune de Gen\u00e8ve indique que le suspect qu\u2019elle a appel\u00e9 Tarek (nom d\u2019emprunt donn\u00e9 par le journal suisse) avait \u00e9galement reconnu \u00ab\u00a0l&rsquo;autorit\u00e9 du chef de l&rsquo;Etat islamique Abou Bakr al-Baghdadi\u00a0\u00bb.<\/p>\n<p>L&rsquo;Office f\u00e9d\u00e9ral des migrations (OFM), apr\u00e8s avoir pris en compte la mise en garde des services de renseignement, a estim\u00e9 fin novembre qu&rsquo;il \u00ab\u00a0\u00e9tait dans l&rsquo;int\u00e9r\u00eat public de la Suisse, \u00e9galement \u00e0 titre pr\u00e9ventif, de proc\u00e9der \u00e0 l&rsquo;\u00e9loignement rapide\u00a0\u00bb du Tunisien du territoire helv\u00e8te.<\/p>\n<p>Le suspect serait arriv\u00e9 en Suisse en 2006 pour \u00e9tudier, s&rsquo;inscrivant \u00e0 l&rsquo;universit\u00e9 de Gen\u00e8ve puis de Neuch\u00e2tel. Il a tent\u00e9 sans succ\u00e8s de r\u00e9aliser diff\u00e9rents types de masters. Le premier \u00e0 l\u2019Universit\u00e9 de Gen\u00e8ve, le deuxi\u00e8me \u00e0 Neuch\u00e2tel, le troisi\u00e8me dans une universit\u00e9 priv\u00e9e genevoise, apparemment marqu\u00e9e par le manque d\u2019assiduit\u00e9 de cet \u00e9tudiant.<\/p>\n","protected":false},"excerpt":{"rendered":"<p>Suisse : Un Tunisien en attente d\u2019expulsion  sous haute s\u00e9curit\u00e9  vers la Tunisie<\/p>\n","protected":false},"author":3222,"featured_media":319282,"comment_status":"open","ping_status":"closed","sticky":false,"template":"","format":"standard","meta":{"footnotes":""},"categories":[2598],"tags":[2600],"class_list":["post-184222","post","type-post","status-publish","format-standard","has-post-thumbnail","hentry","category-international","tag-guerre"],"yoast_head":"<!-- This site is optimized with the Yoast SEO Premium plugin v27.5 (Yoast SEO v27.5) - https:\/\/yoast.com\/product\/yoast-seo-premium-wordpress\/ -->\n<title>Suisse : Un Tunisien en attente d\u2019expulsion sous haute s\u00e9curit\u00e9 vers la Tunisie<\/title>\n<meta name=\"description\" content=\"Suisse : Un Tunisien en attente d\u2019expulsion sous haute s\u00e9curit\u00e9 vers la Tunisie\" \/>\n<link rel=\"canonical\" href=\"https:\/\/www.webdo.tn\/fr\/actualite\/international\/suisse-un-tunisien-en-attente-dexpulsion-sous-haute-securite-vers-la-tunisie\/184222\/\" \/>\n<meta property=\"og:locale\" content=\"fr_FR\" \/>\n<meta property=\"og:type\" content=\"article\" \/>\n<meta property=\"og:title\" content=\"Suisse : Un Tunisien en attente d\u2019expulsion &quot;sous haute s\u00e9curit\u00e9&quot; vers la Tunisie\" \/>\n<meta property=\"og:description\" content=\"Suisse : Un Tunisien en attente d\u2019expulsion sous haute s\u00e9curit\u00e9 vers la Tunisie\" \/>\n<meta property=\"og:url\" content=\"https:\/\/www.webdo.tn\/fr\/actualite\/international\/suisse-un-tunisien-en-attente-dexpulsion-sous-haute-securite-vers-la-tunisie\/184222\/\" \/>\n<meta property=\"og:site_name\" content=\"webdo\" \/>\n<meta property=\"article:publisher\" content=\"https:\/\/www.facebook.com\/webdotn\" \/>\n<meta property=\"article:published_time\" content=\"2015-01-20T12:27:00+00:00\" \/>\n<meta property=\"article:modified_time\" content=\"2025-05-19T10:24:31+00:00\" \/>\n<meta property=\"og:image\" content=\"https:\/\/www.webdo.tn\/fr\/wp-content\/uploads\/2015\/01\/Image-DRINFOLECTEUR.jpg\" \/>\n\t<meta property=\"og:image:width\" content=\"500\" \/>\n\t<meta property=\"og:image:height\" content=\"332\" \/>\n\t<meta property=\"og:image:type\" content=\"image\/jpeg\" \/>\n<meta name=\"author\" content=\"webdo.tn\" \/>\n<meta name=\"twitter:card\" content=\"summary_large_image\" \/>\n<meta name=\"twitter:creator\" content=\"@webdo_tn\" \/>\n<meta name=\"twitter:site\" content=\"@webdo_tn\" \/>\n<meta name=\"twitter:label1\" content=\"\u00c9crit par\" \/>\n\t<meta name=\"twitter:data1\" content=\"webdo.tn\" \/>\n\t<meta name=\"twitter:label2\" content=\"Dur\u00e9e de lecture estim\u00e9e\" \/>\n\t<meta name=\"twitter:data2\" content=\"2 minutes\" \/>\n<script type=\"application\/ld+json\" class=\"yoast-schema-graph\">{\"@context\":\"https:\\\/\\\/schema.org\",\"@graph\":[{\"@type\":\"NewsArticle\",\"@id\":\"https:\\\/\\\/www.webdo.tn\\\/fr\\\/actualite\\\/international\\\/suisse-un-tunisien-en-attente-dexpulsion-sous-haute-securite-vers-la-tunisie\\\/184222\\\/#article\",\"isPartOf\":{\"@id\":\"https:\\\/\\\/www.webdo.tn\\\/fr\\\/actualite\\\/international\\\/suisse-un-tunisien-en-attente-dexpulsion-sous-haute-securite-vers-la-tunisie\\\/184222\\\/\"},\"author\":{\"name\":\"webdo.tn\",\"@id\":\"https:\\\/\\\/www.webdo.tn\\\/fr\\\/#\\\/schema\\\/person\\\/9a9c6118d687c117df8ef3cc36a4d175\"},\"headline\":\"Suisse : Un Tunisien en attente d\u2019expulsion \u00ab\u00a0sous haute s\u00e9curit\u00e9\u00a0\u00bb vers la Tunisie\",\"datePublished\":\"2015-01-20T12:27:00+00:00\",\"dateModified\":\"2025-05-19T10:24:31+00:00\",\"mainEntityOfPage\":{\"@id\":\"https:\\\/\\\/www.webdo.tn\\\/fr\\\/actualite\\\/international\\\/suisse-un-tunisien-en-attente-dexpulsion-sous-haute-securite-vers-la-tunisie\\\/184222\\\/\"},\"wordCount\":435,\"commentCount\":0,\"publisher\":{\"@id\":\"https:\\\/\\\/www.webdo.tn\\\/fr\\\/#organization\"},\"image\":{\"@id\":\"https:\\\/\\\/www.webdo.tn\\\/fr\\\/actualite\\\/international\\\/suisse-un-tunisien-en-attente-dexpulsion-sous-haute-securite-vers-la-tunisie\\\/184222\\\/#primaryimage\"},\"thumbnailUrl\":\"https:\\\/\\\/www.webdo.tn\\\/fr\\\/wp-content\\\/uploads\\\/2015\\\/01\\\/Image-DRINFOLECTEUR.jpg\",\"keywords\":[\"guerre\"],\"articleSection\":[\"International\"],\"inLanguage\":\"fr-FR\"},{\"@type\":\"WebPage\",\"@id\":\"https:\\\/\\\/www.webdo.tn\\\/fr\\\/actualite\\\/international\\\/suisse-un-tunisien-en-attente-dexpulsion-sous-haute-securite-vers-la-tunisie\\\/184222\\\/\",\"url\":\"https:\\\/\\\/www.webdo.tn\\\/fr\\\/actualite\\\/international\\\/suisse-un-tunisien-en-attente-dexpulsion-sous-haute-securite-vers-la-tunisie\\\/184222\\\/\",\"name\":\"Suisse : Un Tunisien en attente d\u2019expulsion sous haute s\u00e9curit\u00e9 vers la Tunisie\",\"isPartOf\":{\"@id\":\"https:\\\/\\\/www.webdo.tn\\\/fr\\\/#website\"},\"primaryImageOfPage\":{\"@id\":\"https:\\\/\\\/www.webdo.tn\\\/fr\\\/actualite\\\/international\\\/suisse-un-tunisien-en-attente-dexpulsion-sous-haute-securite-vers-la-tunisie\\\/184222\\\/#primaryimage\"},\"image\":{\"@id\":\"https:\\\/\\\/www.webdo.tn\\\/fr\\\/actualite\\\/international\\\/suisse-un-tunisien-en-attente-dexpulsion-sous-haute-securite-vers-la-tunisie\\\/184222\\\/#primaryimage\"},\"thumbnailUrl\":\"https:\\\/\\\/www.webdo.tn\\\/fr\\\/wp-content\\\/uploads\\\/2015\\\/01\\\/Image-DRINFOLECTEUR.jpg\",\"datePublished\":\"2015-01-20T12:27:00+00:00\",\"dateModified\":\"2025-05-19T10:24:31+00:00\",\"description\":\"Suisse : Un Tunisien en attente d\u2019expulsion sous haute s\u00e9curit\u00e9 vers la Tunisie\",\"breadcrumb\":{\"@id\":\"https:\\\/\\\/www.webdo.tn\\\/fr\\\/actualite\\\/international\\\/suisse-un-tunisien-en-attente-dexpulsion-sous-haute-securite-vers-la-tunisie\\\/184222\\\/#breadcrumb\"},\"inLanguage\":\"fr-FR\",\"potentialAction\":[{\"@type\":\"ReadAction\",\"target\":[\"https:\\\/\\\/www.webdo.tn\\\/fr\\\/actualite\\\/international\\\/suisse-un-tunisien-en-attente-dexpulsion-sous-haute-securite-vers-la-tunisie\\\/184222\\\/\"]}]},{\"@type\":\"ImageObject\",\"inLanguage\":\"fr-FR\",\"@id\":\"https:\\\/\\\/www.webdo.tn\\\/fr\\\/actualite\\\/international\\\/suisse-un-tunisien-en-attente-dexpulsion-sous-haute-securite-vers-la-tunisie\\\/184222\\\/#primaryimage\",\"url\":\"https:\\\/\\\/www.webdo.tn\\\/fr\\\/wp-content\\\/uploads\\\/2015\\\/01\\\/Image-DRINFOLECTEUR.jpg\",\"contentUrl\":\"https:\\\/\\\/www.webdo.tn\\\/fr\\\/wp-content\\\/uploads\\\/2015\\\/01\\\/Image-DRINFOLECTEUR.jpg\",\"width\":500,\"height\":332,\"caption\":\"Suisse : Un Tunisien en attente d\u2019expulsion \\\"sous haute s\u00e9curit\u00e9\\\" vers la Tunisie\"},{\"@type\":\"BreadcrumbList\",\"@id\":\"https:\\\/\\\/www.webdo.tn\\\/fr\\\/actualite\\\/international\\\/suisse-un-tunisien-en-attente-dexpulsion-sous-haute-securite-vers-la-tunisie\\\/184222\\\/#breadcrumb\",\"itemListElement\":[{\"@type\":\"ListItem\",\"position\":1,\"name\":\"Accueil\",\"item\":\"https:\\\/\\\/www.webdo.tn\\\/fr\\\/\"},{\"@type\":\"ListItem\",\"position\":2,\"name\":\"Suisse : Un Tunisien en attente d\u2019expulsion \u00ab\u00a0sous haute s\u00e9curit\u00e9\u00a0\u00bb vers la Tunisie\"}]},{\"@type\":\"WebSite\",\"@id\":\"https:\\\/\\\/www.webdo.tn\\\/fr\\\/#website\",\"url\":\"https:\\\/\\\/www.webdo.tn\\\/fr\\\/\",\"name\":\"webdo\",\"description\":\"Tunisie - News en Tunisie et \u00e0 l&#039;international sur Webdo.tn\",\"publisher\":{\"@id\":\"https:\\\/\\\/www.webdo.tn\\\/fr\\\/#organization\"},\"potentialAction\":[{\"@type\":\"SearchAction\",\"target\":{\"@type\":\"EntryPoint\",\"urlTemplate\":\"https:\\\/\\\/www.webdo.tn\\\/fr\\\/?s={search_term_string}\"},\"query-input\":{\"@type\":\"PropertyValueSpecification\",\"valueRequired\":true,\"valueName\":\"search_term_string\"}}],\"inLanguage\":\"fr-FR\"},{\"@type\":\"Organization\",\"@id\":\"https:\\\/\\\/www.webdo.tn\\\/fr\\\/#organization\",\"name\":\"Webdo\",\"alternateName\":\"Webdo.tn\",\"url\":\"https:\\\/\\\/www.webdo.tn\\\/fr\\\/\",\"logo\":{\"@type\":\"ImageObject\",\"inLanguage\":\"fr-FR\",\"@id\":\"https:\\\/\\\/www.webdo.tn\\\/fr\\\/#\\\/schema\\\/logo\\\/image\\\/\",\"url\":\"https:\\\/\\\/www.webdo.tn\\\/fr\\\/wp-content\\\/uploads\\\/2025\\\/06\\\/Webdo-Tunisie_168377.jpg\",\"contentUrl\":\"https:\\\/\\\/www.webdo.tn\\\/fr\\\/wp-content\\\/uploads\\\/2025\\\/06\\\/Webdo-Tunisie_168377.jpg\",\"width\":301,\"height\":301,\"caption\":\"Webdo\"},\"image\":{\"@id\":\"https:\\\/\\\/www.webdo.tn\\\/fr\\\/#\\\/schema\\\/logo\\\/image\\\/\"},\"sameAs\":[\"https:\\\/\\\/www.facebook.com\\\/webdotn\",\"https:\\\/\\\/x.com\\\/webdo_tn\"],\"description\":\"Webdo est un m\u00e9dia num\u00e9rique tunisien fond\u00e9 en 2010, sp\u00e9cialis\u00e9 dans l\u2019actualit\u00e9 nationale et internationale, l\u2019\u00e9conomie, la soci\u00e9t\u00e9 et les analyses politiques. Le site s\u2019adresse \u00e0 un large public francophone et couvre l\u2019information tunisienne en temps r\u00e9el.\",\"email\":\"redac@webdo.tn\",\"legalName\":\"YNJ SARL\",\"foundingDate\":\"2010-09-06\",\"numberOfEmployees\":{\"@type\":\"QuantitativeValue\",\"minValue\":\"11\",\"maxValue\":\"50\"}},{\"@type\":\"Person\",\"@id\":\"https:\\\/\\\/www.webdo.tn\\\/fr\\\/#\\\/schema\\\/person\\\/9a9c6118d687c117df8ef3cc36a4d175\",\"name\":\"webdo.tn\",\"image\":{\"@type\":\"ImageObject\",\"inLanguage\":\"fr-FR\",\"@id\":\"https:\\\/\\\/secure.gravatar.com\\\/avatar\\\/7ce1f28c0c3bbac99ff550b85ef8e44a6950c6ee24514fb6a5489e51d06f0298?s=96&d=mm&r=g\",\"url\":\"https:\\\/\\\/secure.gravatar.com\\\/avatar\\\/7ce1f28c0c3bbac99ff550b85ef8e44a6950c6ee24514fb6a5489e51d06f0298?s=96&d=mm&r=g\",\"contentUrl\":\"https:\\\/\\\/secure.gravatar.com\\\/avatar\\\/7ce1f28c0c3bbac99ff550b85ef8e44a6950c6ee24514fb6a5489e51d06f0298?s=96&d=mm&r=g\",\"caption\":\"webdo.tn\"},\"url\":\"https:\\\/\\\/www.webdo.tn\\\/fr\\\/actualite\\\/author\\\/webdotn\\\/\"}]}<\/script>\n<!-- \/ Yoast SEO Premium plugin. -->","yoast_head_json":{"title":"Suisse : Un Tunisien en attente d\u2019expulsion sous haute s\u00e9curit\u00e9 vers la Tunisie","description":"Suisse : Un Tunisien en attente d\u2019expulsion sous haute s\u00e9curit\u00e9 vers la Tunisie","canonical":"https:\/\/www.webdo.tn\/fr\/actualite\/international\/suisse-un-tunisien-en-attente-dexpulsion-sous-haute-securite-vers-la-tunisie\/184222\/","og_locale":"fr_FR","og_type":"article","og_title":"Suisse : Un Tunisien en attente d\u2019expulsion \"sous haute s\u00e9curit\u00e9\" vers la Tunisie","og_description":"Suisse : Un Tunisien en attente d\u2019expulsion sous haute s\u00e9curit\u00e9 vers la Tunisie","og_url":"https:\/\/www.webdo.tn\/fr\/actualite\/international\/suisse-un-tunisien-en-attente-dexpulsion-sous-haute-securite-vers-la-tunisie\/184222\/","og_site_name":"webdo","article_publisher":"https:\/\/www.facebook.com\/webdotn","article_published_time":"2015-01-20T12:27:00+00:00","article_modified_time":"2025-05-19T10:24:31+00:00","og_image":[{"width":500,"height":332,"url":"https:\/\/www.webdo.tn\/fr\/wp-content\/uploads\/2015\/01\/Image-DRINFOLECTEUR.jpg","type":"image\/jpeg"}],"author":"webdo.tn","twitter_card":"summary_large_image","twitter_creator":"@webdo_tn","twitter_site":"@webdo_tn","twitter_misc":{"\u00c9crit par":"webdo.tn","Dur\u00e9e de lecture estim\u00e9e":"2 minutes"},"schema":{"@context":"https:\/\/schema.org","@graph":[{"@type":"NewsArticle","@id":"https:\/\/www.webdo.tn\/fr\/actualite\/international\/suisse-un-tunisien-en-attente-dexpulsion-sous-haute-securite-vers-la-tunisie\/184222\/#article","isPartOf":{"@id":"https:\/\/www.webdo.tn\/fr\/actualite\/international\/suisse-un-tunisien-en-attente-dexpulsion-sous-haute-securite-vers-la-tunisie\/184222\/"},"author":{"name":"webdo.tn","@id":"https:\/\/www.webdo.tn\/fr\/#\/schema\/person\/9a9c6118d687c117df8ef3cc36a4d175"},"headline":"Suisse : Un Tunisien en attente d\u2019expulsion \u00ab\u00a0sous haute s\u00e9curit\u00e9\u00a0\u00bb vers la Tunisie","datePublished":"2015-01-20T12:27:00+00:00","dateModified":"2025-05-19T10:24:31+00:00","mainEntityOfPage":{"@id":"https:\/\/www.webdo.tn\/fr\/actualite\/international\/suisse-un-tunisien-en-attente-dexpulsion-sous-haute-securite-vers-la-tunisie\/184222\/"},"wordCount":435,"commentCount":0,"publisher":{"@id":"https:\/\/www.webdo.tn\/fr\/#organization"},"image":{"@id":"https:\/\/www.webdo.tn\/fr\/actualite\/international\/suisse-un-tunisien-en-attente-dexpulsion-sous-haute-securite-vers-la-tunisie\/184222\/#primaryimage"},"thumbnailUrl":"https:\/\/www.webdo.tn\/fr\/wp-content\/uploads\/2015\/01\/Image-DRINFOLECTEUR.jpg","keywords":["guerre"],"articleSection":["International"],"inLanguage":"fr-FR"},{"@type":"WebPage","@id":"https:\/\/www.webdo.tn\/fr\/actualite\/international\/suisse-un-tunisien-en-attente-dexpulsion-sous-haute-securite-vers-la-tunisie\/184222\/","url":"https:\/\/www.webdo.tn\/fr\/actualite\/international\/suisse-un-tunisien-en-attente-dexpulsion-sous-haute-securite-vers-la-tunisie\/184222\/","name":"Suisse : Un Tunisien en attente d\u2019expulsion sous haute s\u00e9curit\u00e9 vers la Tunisie","isPartOf":{"@id":"https:\/\/www.webdo.tn\/fr\/#website"},"primaryImageOfPage":{"@id":"https:\/\/www.webdo.tn\/fr\/actualite\/international\/suisse-un-tunisien-en-attente-dexpulsion-sous-haute-securite-vers-la-tunisie\/184222\/#primaryimage"},"image":{"@id":"https:\/\/www.webdo.tn\/fr\/actualite\/international\/suisse-un-tunisien-en-attente-dexpulsion-sous-haute-securite-vers-la-tunisie\/184222\/#primaryimage"},"thumbnailUrl":"https:\/\/www.webdo.tn\/fr\/wp-content\/uploads\/2015\/01\/Image-DRINFOLECTEUR.jpg","datePublished":"2015-01-20T12:27:00+00:00","dateModified":"2025-05-19T10:24:31+00:00","description":"Suisse : Un Tunisien en attente d\u2019expulsion sous haute s\u00e9curit\u00e9 vers la Tunisie","breadcrumb":{"@id":"https:\/\/www.webdo.tn\/fr\/actualite\/international\/suisse-un-tunisien-en-attente-dexpulsion-sous-haute-securite-vers-la-tunisie\/184222\/#breadcrumb"},"inLanguage":"fr-FR","potentialAction":[{"@type":"ReadAction","target":["https:\/\/www.webdo.tn\/fr\/actualite\/international\/suisse-un-tunisien-en-attente-dexpulsion-sous-haute-securite-vers-la-tunisie\/184222\/"]}]},{"@type":"ImageObject","inLanguage":"fr-FR","@id":"https:\/\/www.webdo.tn\/fr\/actualite\/international\/suisse-un-tunisien-en-attente-dexpulsion-sous-haute-securite-vers-la-tunisie\/184222\/#primaryimage","url":"https:\/\/www.webdo.tn\/fr\/wp-content\/uploads\/2015\/01\/Image-DRINFOLECTEUR.jpg","contentUrl":"https:\/\/www.webdo.tn\/fr\/wp-content\/uploads\/2015\/01\/Image-DRINFOLECTEUR.jpg","width":500,"height":332,"caption":"Suisse : Un Tunisien en attente d\u2019expulsion \"sous haute s\u00e9curit\u00e9\" vers la Tunisie"},{"@type":"BreadcrumbList","@id":"https:\/\/www.webdo.tn\/fr\/actualite\/international\/suisse-un-tunisien-en-attente-dexpulsion-sous-haute-securite-vers-la-tunisie\/184222\/#breadcrumb","itemListElement":[{"@type":"ListItem","position":1,"name":"Accueil","item":"https:\/\/www.webdo.tn\/fr\/"},{"@type":"ListItem","position":2,"name":"Suisse : Un Tunisien en attente d\u2019expulsion \u00ab\u00a0sous haute s\u00e9curit\u00e9\u00a0\u00bb vers la Tunisie"}]},{"@type":"WebSite","@id":"https:\/\/www.webdo.tn\/fr\/#website","url":"https:\/\/www.webdo.tn\/fr\/","name":"webdo","description":"Tunisie - News en Tunisie et \u00e0 l&#039;international sur Webdo.tn","publisher":{"@id":"https:\/\/www.webdo.tn\/fr\/#organization"},"potentialAction":[{"@type":"SearchAction","target":{"@type":"EntryPoint","urlTemplate":"https:\/\/www.webdo.tn\/fr\/?s={search_term_string}"},"query-input":{"@type":"PropertyValueSpecification","valueRequired":true,"valueName":"search_term_string"}}],"inLanguage":"fr-FR"},{"@type":"Organization","@id":"https:\/\/www.webdo.tn\/fr\/#organization","name":"Webdo","alternateName":"Webdo.tn","url":"https:\/\/www.webdo.tn\/fr\/","logo":{"@type":"ImageObject","inLanguage":"fr-FR","@id":"https:\/\/www.webdo.tn\/fr\/#\/schema\/logo\/image\/","url":"https:\/\/www.webdo.tn\/fr\/wp-content\/uploads\/2025\/06\/Webdo-Tunisie_168377.jpg","contentUrl":"https:\/\/www.webdo.tn\/fr\/wp-content\/uploads\/2025\/06\/Webdo-Tunisie_168377.jpg","width":301,"height":301,"caption":"Webdo"},"image":{"@id":"https:\/\/www.webdo.tn\/fr\/#\/schema\/logo\/image\/"},"sameAs":["https:\/\/www.facebook.com\/webdotn","https:\/\/x.com\/webdo_tn"],"description":"Webdo est un m\u00e9dia num\u00e9rique tunisien fond\u00e9 en 2010, sp\u00e9cialis\u00e9 dans l\u2019actualit\u00e9 nationale et internationale, l\u2019\u00e9conomie, la soci\u00e9t\u00e9 et les analyses politiques. Le site s\u2019adresse \u00e0 un large public francophone et couvre l\u2019information tunisienne en temps r\u00e9el.","email":"redac@webdo.tn","legalName":"YNJ SARL","foundingDate":"2010-09-06","numberOfEmployees":{"@type":"QuantitativeValue","minValue":"11","maxValue":"50"}},{"@type":"Person","@id":"https:\/\/www.webdo.tn\/fr\/#\/schema\/person\/9a9c6118d687c117df8ef3cc36a4d175","name":"webdo.tn","image":{"@type":"ImageObject","inLanguage":"fr-FR","@id":"https:\/\/secure.gravatar.com\/avatar\/7ce1f28c0c3bbac99ff550b85ef8e44a6950c6ee24514fb6a5489e51d06f0298?s=96&d=mm&r=g","url":"https:\/\/secure.gravatar.com\/avatar\/7ce1f28c0c3bbac99ff550b85ef8e44a6950c6ee24514fb6a5489e51d06f0298?s=96&d=mm&r=g","contentUrl":"https:\/\/secure.gravatar.com\/avatar\/7ce1f28c0c3bbac99ff550b85ef8e44a6950c6ee24514fb6a5489e51d06f0298?s=96&d=mm&r=g","caption":"webdo.tn"},"url":"https:\/\/www.webdo.tn\/fr\/actualite\/author\/webdotn\/"}]}},"_links":{"self":[{"href":"https:\/\/www.webdo.tn\/fr\/wp-json\/wp\/v2\/posts\/184222","targetHints":{"allow":["GET"]}}],"collection":[{"href":"https:\/\/www.webdo.tn\/fr\/wp-json\/wp\/v2\/posts"}],"about":[{"href":"https:\/\/www.webdo.tn\/fr\/wp-json\/wp\/v2\/types\/post"}],"author":[{"embeddable":true,"href":"https:\/\/www.webdo.tn\/fr\/wp-json\/wp\/v2\/users\/3222"}],"replies":[{"embeddable":true,"href":"https:\/\/www.webdo.tn\/fr\/wp-json\/wp\/v2\/comments?post=184222"}],"version-history":[{"count":0,"href":"https:\/\/www.webdo.tn\/fr\/wp-json\/wp\/v2\/posts\/184222\/revisions"}],"wp:featuredmedia":[{"embeddable":true,"href":"https:\/\/www.webdo.tn\/fr\/wp-json\/wp\/v2\/media\/319282"}],"wp:attachment":[{"href":"https:\/\/www.webdo.tn\/fr\/wp-json\/wp\/v2\/media?parent=184222"}],"wp:term":[{"taxonomy":"category","embeddable":true,"href":"https:\/\/www.webdo.tn\/fr\/wp-json\/wp\/v2\/categories?post=184222"},{"taxonomy":"post_tag","embeddable":true,"href":"https:\/\/www.webdo.tn\/fr\/wp-json\/wp\/v2\/tags?post=184222"}],"curies":[{"name":"wp","href":"https:\/\/api.w.org\/{rel}","templated":true}]}}