{"id":184220,"date":"2015-01-22T13:31:00","date_gmt":"2015-01-22T13:31:00","guid":{"rendered":"https:\/\/www.webdo.tn\/fr\/blog\/la-flagellation-du-blogueur-raif-badawi-de-nouveau-reportee-pour-raisons-medicales\/184220\/"},"modified":"2025-05-19T10:23:57","modified_gmt":"2025-05-19T10:23:57","slug":"la-flagellation-du-blogueur-raif-badawi-de-nouveau-reportee-pour-raisons-medicales","status":"publish","type":"post","link":"https:\/\/www.webdo.tn\/fr\/actualite\/international\/la-flagellation-du-blogueur-raif-badawi-de-nouveau-reportee-pour-raisons-medicales\/184220\/","title":{"rendered":"La flagellation du blogueur Raif Badawi de nouveau report\u00e9e pour raisons m\u00e9dicales"},"content":{"rendered":"<p>La flagellation du blogueur saoudien Raif Badawi, pr\u00e9vue pour ce vendredi 23 janvier, a \u00e9t\u00e9 de nouveau report\u00e9e, selon Amnesty International qui invoque l&rsquo;avis d&rsquo;une commission m\u00e9dicale.<\/p>\n<p>Selon cette commission m\u00e9dicale Raif Badawi, condamn\u00e9, en septembre 2014, \u00e0 une peine de 10 ans de prison et de 1000 coups de fouet, r\u00e9partis sur 20 semaines, \u00e0 raison de 50 coups par session, ainsi qu\u2019\u00e0 une amende de pr\u00e8s de 500.000 dinars, \u00ab\u00a0ne peut pas subir de coups de fouet pour des raisons de sant\u00e9\u00a0\u00bb.<br \/>\nNous confirmons la suspension de la flagellation de @raif_badawi vendredi prochain. #JeSuisRaif<\/p>\n<p>\u2014 Amnesty France (@amnestyfrance) 22 Janvier 2015<\/p>\n<p>La 2e session de coups de fouet contre le blogueur avait d\u00e9j\u00e0 \u00e9t\u00e9 report\u00e9e pour des raisons m\u00e9dicales, vendredi 16 janvier, pour les m\u00eame raisons. Le m\u00e9decin qui l&rsquo;avait auscult\u00e9 avait estim\u00e9 que son corps n\u2019\u00e9tait pas en mesure de supporter dans l\u2019imm\u00e9diat d\u2019autres coups de fouet. La premi\u00e8re s\u00e9ance de flagellation avait eu lieu le vendredi 9 janvier 2015.<\/p>\n<p>Un comit\u00e9 de m\u00e9decins saoudiens vient de recommander le report de la flagellation de Raif. #JeSuisRaif<\/p>\n<p>\u2014 Amnesty France (@amnestyfrance) 22 Janvier 2015<\/p>\n<p>Fondateur du site Liberal Saudi Network, dans lequel il traitait des questions de droits de l\u2019Homme dans le royaume saoudien, Raif Badawi avait \u00e9t\u00e9 condamn\u00e9 pour \u00ab\u00a0insultes \u00e0 l\u2019Islam\u00a0\u00bb. Sa femme et ses trois enfants sont, actuellement, r\u00e9fugi\u00e9s au Canada.<\/p>\n<p>Plusieurs manifestations ont eu lieu, dans le monde, devant des ambassades de l\u2019Arabie Saoudite, r\u00e9clamant l\u2019annulation de la condamnation de Raif Badawi. Le haut-commissaire des Nations unies aux droits de l\u2019homme en a m\u00eame appel\u00e9 au roi d&rsquo;Arabie saoudite pour gracier le blogueur.<\/p>\n<p>Un rassemblement de soutien au blogueur saoudien a lieu, dimanche 18 janvier 2015, devant le Th\u00e9\u00e2tre municipal, \u00e0 l\u2019avenue Habib Bourguiba, \u00e0 Tunis.<br \/>\nCh\u00e2timent report\u00e9 mais pas annul\u00e9. Maintenons la pression sur l&rsquo;Arabie saoudite ! RDV demain : http:\/\/t.co\/U0wNMbbP1C<\/p>\n<p>\u2014 Amnesty France (@amnestyfrance) 22 Janvier 2015<\/p>\n","protected":false},"excerpt":{"rendered":"<p>La flagellation du blogueur Raif Badawi de nouveau report\u00e9e pour raisons m\u00e9dicales<\/p>\n","protected":false},"author":3222,"featured_media":330826,"comment_status":"open","ping_status":"closed","sticky":false,"template":"","format":"standard","meta":{"footnotes":""},"categories":[2598],"tags":[2600],"class_list":["post-184220","post","type-post","status-publish","format-standard","has-post-thumbnail","hentry","category-international","tag-guerre"],"yoast_head":"<!-- This site is optimized with the Yoast SEO Premium plugin v27.5 (Yoast SEO v27.5) - https:\/\/yoast.com\/product\/yoast-seo-premium-wordpress\/ -->\n<title>La flagellation du blogueur Raif Badawi de nouveau report\u00e9e pour raisons m\u00e9dicales<\/title>\n<meta name=\"description\" content=\"La flagellation du blogueur Raif Badawi de nouveau report\u00e9e pour raisons m\u00e9dicales\" \/>\n<link rel=\"canonical\" href=\"https:\/\/www.webdo.tn\/fr\/actualite\/international\/la-flagellation-du-blogueur-raif-badawi-de-nouveau-reportee-pour-raisons-medicales\/184220\/\" \/>\n<meta property=\"og:locale\" content=\"fr_FR\" \/>\n<meta property=\"og:type\" content=\"article\" \/>\n<meta property=\"og:title\" content=\"La flagellation du blogueur Raif Badawi de nouveau report\u00e9e pour raisons m\u00e9dicales\" \/>\n<meta property=\"og:description\" content=\"La flagellation du blogueur Raif Badawi de nouveau report\u00e9e pour raisons m\u00e9dicales\" \/>\n<meta property=\"og:url\" content=\"https:\/\/www.webdo.tn\/fr\/actualite\/international\/la-flagellation-du-blogueur-raif-badawi-de-nouveau-reportee-pour-raisons-medicales\/184220\/\" \/>\n<meta property=\"og:site_name\" content=\"webdo\" \/>\n<meta property=\"article:publisher\" content=\"https:\/\/www.facebook.com\/webdotn\" \/>\n<meta property=\"article:published_time\" content=\"2015-01-22T13:31:00+00:00\" \/>\n<meta property=\"article:modified_time\" content=\"2025-05-19T10:23:57+00:00\" \/>\n<meta property=\"og:image\" content=\"https:\/\/www.webdo.tn\/fr\/wp-content\/uploads\/2015\/01\/raif.png\" \/>\n\t<meta property=\"og:image:width\" content=\"350\" \/>\n\t<meta property=\"og:image:height\" content=\"263\" \/>\n\t<meta property=\"og:image:type\" content=\"image\/png\" \/>\n<meta name=\"author\" content=\"webdo.tn\" \/>\n<meta name=\"twitter:card\" content=\"summary_large_image\" \/>\n<meta name=\"twitter:creator\" content=\"@webdo_tn\" \/>\n<meta name=\"twitter:site\" content=\"@webdo_tn\" \/>\n<meta name=\"twitter:label1\" content=\"\u00c9crit par\" \/>\n\t<meta name=\"twitter:data1\" content=\"webdo.tn\" \/>\n\t<meta name=\"twitter:label2\" content=\"Dur\u00e9e de lecture estim\u00e9e\" \/>\n\t<meta name=\"twitter:data2\" content=\"2 minutes\" \/>\n<script type=\"application\/ld+json\" class=\"yoast-schema-graph\">{\"@context\":\"https:\\\/\\\/schema.org\",\"@graph\":[{\"@type\":\"NewsArticle\",\"@id\":\"https:\\\/\\\/www.webdo.tn\\\/fr\\\/actualite\\\/international\\\/la-flagellation-du-blogueur-raif-badawi-de-nouveau-reportee-pour-raisons-medicales\\\/184220\\\/#article\",\"isPartOf\":{\"@id\":\"https:\\\/\\\/www.webdo.tn\\\/fr\\\/actualite\\\/international\\\/la-flagellation-du-blogueur-raif-badawi-de-nouveau-reportee-pour-raisons-medicales\\\/184220\\\/\"},\"author\":{\"name\":\"webdo.tn\",\"@id\":\"https:\\\/\\\/www.webdo.tn\\\/fr\\\/#\\\/schema\\\/person\\\/9a9c6118d687c117df8ef3cc36a4d175\"},\"headline\":\"La flagellation du blogueur Raif Badawi de nouveau report\u00e9e pour raisons m\u00e9dicales\",\"datePublished\":\"2015-01-22T13:31:00+00:00\",\"dateModified\":\"2025-05-19T10:23:57+00:00\",\"mainEntityOfPage\":{\"@id\":\"https:\\\/\\\/www.webdo.tn\\\/fr\\\/actualite\\\/international\\\/la-flagellation-du-blogueur-raif-badawi-de-nouveau-reportee-pour-raisons-medicales\\\/184220\\\/\"},\"wordCount\":342,\"commentCount\":0,\"publisher\":{\"@id\":\"https:\\\/\\\/www.webdo.tn\\\/fr\\\/#organization\"},\"image\":{\"@id\":\"https:\\\/\\\/www.webdo.tn\\\/fr\\\/actualite\\\/international\\\/la-flagellation-du-blogueur-raif-badawi-de-nouveau-reportee-pour-raisons-medicales\\\/184220\\\/#primaryimage\"},\"thumbnailUrl\":\"https:\\\/\\\/www.webdo.tn\\\/fr\\\/wp-content\\\/uploads\\\/2015\\\/01\\\/raif.png\",\"keywords\":[\"guerre\"],\"articleSection\":[\"International\"],\"inLanguage\":\"fr-FR\"},{\"@type\":\"WebPage\",\"@id\":\"https:\\\/\\\/www.webdo.tn\\\/fr\\\/actualite\\\/international\\\/la-flagellation-du-blogueur-raif-badawi-de-nouveau-reportee-pour-raisons-medicales\\\/184220\\\/\",\"url\":\"https:\\\/\\\/www.webdo.tn\\\/fr\\\/actualite\\\/international\\\/la-flagellation-du-blogueur-raif-badawi-de-nouveau-reportee-pour-raisons-medicales\\\/184220\\\/\",\"name\":\"La flagellation du blogueur Raif Badawi de nouveau report\u00e9e pour raisons m\u00e9dicales\",\"isPartOf\":{\"@id\":\"https:\\\/\\\/www.webdo.tn\\\/fr\\\/#website\"},\"primaryImageOfPage\":{\"@id\":\"https:\\\/\\\/www.webdo.tn\\\/fr\\\/actualite\\\/international\\\/la-flagellation-du-blogueur-raif-badawi-de-nouveau-reportee-pour-raisons-medicales\\\/184220\\\/#primaryimage\"},\"image\":{\"@id\":\"https:\\\/\\\/www.webdo.tn\\\/fr\\\/actualite\\\/international\\\/la-flagellation-du-blogueur-raif-badawi-de-nouveau-reportee-pour-raisons-medicales\\\/184220\\\/#primaryimage\"},\"thumbnailUrl\":\"https:\\\/\\\/www.webdo.tn\\\/fr\\\/wp-content\\\/uploads\\\/2015\\\/01\\\/raif.png\",\"datePublished\":\"2015-01-22T13:31:00+00:00\",\"dateModified\":\"2025-05-19T10:23:57+00:00\",\"description\":\"La flagellation du blogueur Raif Badawi de nouveau report\u00e9e pour raisons m\u00e9dicales\",\"breadcrumb\":{\"@id\":\"https:\\\/\\\/www.webdo.tn\\\/fr\\\/actualite\\\/international\\\/la-flagellation-du-blogueur-raif-badawi-de-nouveau-reportee-pour-raisons-medicales\\\/184220\\\/#breadcrumb\"},\"inLanguage\":\"fr-FR\",\"potentialAction\":[{\"@type\":\"ReadAction\",\"target\":[\"https:\\\/\\\/www.webdo.tn\\\/fr\\\/actualite\\\/international\\\/la-flagellation-du-blogueur-raif-badawi-de-nouveau-reportee-pour-raisons-medicales\\\/184220\\\/\"]}]},{\"@type\":\"ImageObject\",\"inLanguage\":\"fr-FR\",\"@id\":\"https:\\\/\\\/www.webdo.tn\\\/fr\\\/actualite\\\/international\\\/la-flagellation-du-blogueur-raif-badawi-de-nouveau-reportee-pour-raisons-medicales\\\/184220\\\/#primaryimage\",\"url\":\"https:\\\/\\\/www.webdo.tn\\\/fr\\\/wp-content\\\/uploads\\\/2015\\\/01\\\/raif.png\",\"contentUrl\":\"https:\\\/\\\/www.webdo.tn\\\/fr\\\/wp-content\\\/uploads\\\/2015\\\/01\\\/raif.png\",\"width\":350,\"height\":263,\"caption\":\"La flagellation du blogueur Raif Badawi de nouveau report\u00e9e pour raisons m\u00e9dicales\"},{\"@type\":\"BreadcrumbList\",\"@id\":\"https:\\\/\\\/www.webdo.tn\\\/fr\\\/actualite\\\/international\\\/la-flagellation-du-blogueur-raif-badawi-de-nouveau-reportee-pour-raisons-medicales\\\/184220\\\/#breadcrumb\",\"itemListElement\":[{\"@type\":\"ListItem\",\"position\":1,\"name\":\"Accueil\",\"item\":\"https:\\\/\\\/www.webdo.tn\\\/fr\\\/\"},{\"@type\":\"ListItem\",\"position\":2,\"name\":\"La flagellation du blogueur Raif Badawi de nouveau report\u00e9e pour raisons m\u00e9dicales\"}]},{\"@type\":\"WebSite\",\"@id\":\"https:\\\/\\\/www.webdo.tn\\\/fr\\\/#website\",\"url\":\"https:\\\/\\\/www.webdo.tn\\\/fr\\\/\",\"name\":\"webdo\",\"description\":\"Tunisie - News en Tunisie et \u00e0 l&#039;international sur Webdo.tn\",\"publisher\":{\"@id\":\"https:\\\/\\\/www.webdo.tn\\\/fr\\\/#organization\"},\"potentialAction\":[{\"@type\":\"SearchAction\",\"target\":{\"@type\":\"EntryPoint\",\"urlTemplate\":\"https:\\\/\\\/www.webdo.tn\\\/fr\\\/?s={search_term_string}\"},\"query-input\":{\"@type\":\"PropertyValueSpecification\",\"valueRequired\":true,\"valueName\":\"search_term_string\"}}],\"inLanguage\":\"fr-FR\"},{\"@type\":\"Organization\",\"@id\":\"https:\\\/\\\/www.webdo.tn\\\/fr\\\/#organization\",\"name\":\"Webdo\",\"alternateName\":\"Webdo.tn\",\"url\":\"https:\\\/\\\/www.webdo.tn\\\/fr\\\/\",\"logo\":{\"@type\":\"ImageObject\",\"inLanguage\":\"fr-FR\",\"@id\":\"https:\\\/\\\/www.webdo.tn\\\/fr\\\/#\\\/schema\\\/logo\\\/image\\\/\",\"url\":\"https:\\\/\\\/www.webdo.tn\\\/fr\\\/wp-content\\\/uploads\\\/2025\\\/06\\\/Webdo-Tunisie_168377.jpg\",\"contentUrl\":\"https:\\\/\\\/www.webdo.tn\\\/fr\\\/wp-content\\\/uploads\\\/2025\\\/06\\\/Webdo-Tunisie_168377.jpg\",\"width\":301,\"height\":301,\"caption\":\"Webdo\"},\"image\":{\"@id\":\"https:\\\/\\\/www.webdo.tn\\\/fr\\\/#\\\/schema\\\/logo\\\/image\\\/\"},\"sameAs\":[\"https:\\\/\\\/www.facebook.com\\\/webdotn\",\"https:\\\/\\\/x.com\\\/webdo_tn\"],\"description\":\"Webdo est un m\u00e9dia num\u00e9rique tunisien fond\u00e9 en 2010, sp\u00e9cialis\u00e9 dans l\u2019actualit\u00e9 nationale et internationale, l\u2019\u00e9conomie, la soci\u00e9t\u00e9 et les analyses politiques. Le site s\u2019adresse \u00e0 un large public francophone et couvre l\u2019information tunisienne en temps r\u00e9el.\",\"email\":\"redac@webdo.tn\",\"legalName\":\"YNJ SARL\",\"foundingDate\":\"2010-09-06\",\"numberOfEmployees\":{\"@type\":\"QuantitativeValue\",\"minValue\":\"11\",\"maxValue\":\"50\"}},{\"@type\":\"Person\",\"@id\":\"https:\\\/\\\/www.webdo.tn\\\/fr\\\/#\\\/schema\\\/person\\\/9a9c6118d687c117df8ef3cc36a4d175\",\"name\":\"webdo.tn\",\"image\":{\"@type\":\"ImageObject\",\"inLanguage\":\"fr-FR\",\"@id\":\"https:\\\/\\\/secure.gravatar.com\\\/avatar\\\/7ce1f28c0c3bbac99ff550b85ef8e44a6950c6ee24514fb6a5489e51d06f0298?s=96&d=mm&r=g\",\"url\":\"https:\\\/\\\/secure.gravatar.com\\\/avatar\\\/7ce1f28c0c3bbac99ff550b85ef8e44a6950c6ee24514fb6a5489e51d06f0298?s=96&d=mm&r=g\",\"contentUrl\":\"https:\\\/\\\/secure.gravatar.com\\\/avatar\\\/7ce1f28c0c3bbac99ff550b85ef8e44a6950c6ee24514fb6a5489e51d06f0298?s=96&d=mm&r=g\",\"caption\":\"webdo.tn\"},\"url\":\"https:\\\/\\\/www.webdo.tn\\\/fr\\\/actualite\\\/author\\\/webdotn\\\/\"}]}<\/script>\n<!-- \/ Yoast SEO Premium plugin. -->","yoast_head_json":{"title":"La flagellation du blogueur Raif Badawi de nouveau report\u00e9e pour raisons m\u00e9dicales","description":"La flagellation du blogueur Raif Badawi de nouveau report\u00e9e pour raisons m\u00e9dicales","canonical":"https:\/\/www.webdo.tn\/fr\/actualite\/international\/la-flagellation-du-blogueur-raif-badawi-de-nouveau-reportee-pour-raisons-medicales\/184220\/","og_locale":"fr_FR","og_type":"article","og_title":"La flagellation du blogueur Raif Badawi de nouveau report\u00e9e pour raisons m\u00e9dicales","og_description":"La flagellation du blogueur Raif Badawi de nouveau report\u00e9e pour raisons m\u00e9dicales","og_url":"https:\/\/www.webdo.tn\/fr\/actualite\/international\/la-flagellation-du-blogueur-raif-badawi-de-nouveau-reportee-pour-raisons-medicales\/184220\/","og_site_name":"webdo","article_publisher":"https:\/\/www.facebook.com\/webdotn","article_published_time":"2015-01-22T13:31:00+00:00","article_modified_time":"2025-05-19T10:23:57+00:00","og_image":[{"width":350,"height":263,"url":"https:\/\/www.webdo.tn\/fr\/wp-content\/uploads\/2015\/01\/raif.png","type":"image\/png"}],"author":"webdo.tn","twitter_card":"summary_large_image","twitter_creator":"@webdo_tn","twitter_site":"@webdo_tn","twitter_misc":{"\u00c9crit par":"webdo.tn","Dur\u00e9e de lecture estim\u00e9e":"2 minutes"},"schema":{"@context":"https:\/\/schema.org","@graph":[{"@type":"NewsArticle","@id":"https:\/\/www.webdo.tn\/fr\/actualite\/international\/la-flagellation-du-blogueur-raif-badawi-de-nouveau-reportee-pour-raisons-medicales\/184220\/#article","isPartOf":{"@id":"https:\/\/www.webdo.tn\/fr\/actualite\/international\/la-flagellation-du-blogueur-raif-badawi-de-nouveau-reportee-pour-raisons-medicales\/184220\/"},"author":{"name":"webdo.tn","@id":"https:\/\/www.webdo.tn\/fr\/#\/schema\/person\/9a9c6118d687c117df8ef3cc36a4d175"},"headline":"La flagellation du blogueur Raif Badawi de nouveau report\u00e9e pour raisons m\u00e9dicales","datePublished":"2015-01-22T13:31:00+00:00","dateModified":"2025-05-19T10:23:57+00:00","mainEntityOfPage":{"@id":"https:\/\/www.webdo.tn\/fr\/actualite\/international\/la-flagellation-du-blogueur-raif-badawi-de-nouveau-reportee-pour-raisons-medicales\/184220\/"},"wordCount":342,"commentCount":0,"publisher":{"@id":"https:\/\/www.webdo.tn\/fr\/#organization"},"image":{"@id":"https:\/\/www.webdo.tn\/fr\/actualite\/international\/la-flagellation-du-blogueur-raif-badawi-de-nouveau-reportee-pour-raisons-medicales\/184220\/#primaryimage"},"thumbnailUrl":"https:\/\/www.webdo.tn\/fr\/wp-content\/uploads\/2015\/01\/raif.png","keywords":["guerre"],"articleSection":["International"],"inLanguage":"fr-FR"},{"@type":"WebPage","@id":"https:\/\/www.webdo.tn\/fr\/actualite\/international\/la-flagellation-du-blogueur-raif-badawi-de-nouveau-reportee-pour-raisons-medicales\/184220\/","url":"https:\/\/www.webdo.tn\/fr\/actualite\/international\/la-flagellation-du-blogueur-raif-badawi-de-nouveau-reportee-pour-raisons-medicales\/184220\/","name":"La flagellation du blogueur Raif Badawi de nouveau report\u00e9e pour raisons m\u00e9dicales","isPartOf":{"@id":"https:\/\/www.webdo.tn\/fr\/#website"},"primaryImageOfPage":{"@id":"https:\/\/www.webdo.tn\/fr\/actualite\/international\/la-flagellation-du-blogueur-raif-badawi-de-nouveau-reportee-pour-raisons-medicales\/184220\/#primaryimage"},"image":{"@id":"https:\/\/www.webdo.tn\/fr\/actualite\/international\/la-flagellation-du-blogueur-raif-badawi-de-nouveau-reportee-pour-raisons-medicales\/184220\/#primaryimage"},"thumbnailUrl":"https:\/\/www.webdo.tn\/fr\/wp-content\/uploads\/2015\/01\/raif.png","datePublished":"2015-01-22T13:31:00+00:00","dateModified":"2025-05-19T10:23:57+00:00","description":"La flagellation du blogueur Raif Badawi de nouveau report\u00e9e pour raisons m\u00e9dicales","breadcrumb":{"@id":"https:\/\/www.webdo.tn\/fr\/actualite\/international\/la-flagellation-du-blogueur-raif-badawi-de-nouveau-reportee-pour-raisons-medicales\/184220\/#breadcrumb"},"inLanguage":"fr-FR","potentialAction":[{"@type":"ReadAction","target":["https:\/\/www.webdo.tn\/fr\/actualite\/international\/la-flagellation-du-blogueur-raif-badawi-de-nouveau-reportee-pour-raisons-medicales\/184220\/"]}]},{"@type":"ImageObject","inLanguage":"fr-FR","@id":"https:\/\/www.webdo.tn\/fr\/actualite\/international\/la-flagellation-du-blogueur-raif-badawi-de-nouveau-reportee-pour-raisons-medicales\/184220\/#primaryimage","url":"https:\/\/www.webdo.tn\/fr\/wp-content\/uploads\/2015\/01\/raif.png","contentUrl":"https:\/\/www.webdo.tn\/fr\/wp-content\/uploads\/2015\/01\/raif.png","width":350,"height":263,"caption":"La flagellation du blogueur Raif Badawi de nouveau report\u00e9e pour raisons m\u00e9dicales"},{"@type":"BreadcrumbList","@id":"https:\/\/www.webdo.tn\/fr\/actualite\/international\/la-flagellation-du-blogueur-raif-badawi-de-nouveau-reportee-pour-raisons-medicales\/184220\/#breadcrumb","itemListElement":[{"@type":"ListItem","position":1,"name":"Accueil","item":"https:\/\/www.webdo.tn\/fr\/"},{"@type":"ListItem","position":2,"name":"La flagellation du blogueur Raif Badawi de nouveau report\u00e9e pour raisons m\u00e9dicales"}]},{"@type":"WebSite","@id":"https:\/\/www.webdo.tn\/fr\/#website","url":"https:\/\/www.webdo.tn\/fr\/","name":"webdo","description":"Tunisie - News en Tunisie et \u00e0 l&#039;international sur Webdo.tn","publisher":{"@id":"https:\/\/www.webdo.tn\/fr\/#organization"},"potentialAction":[{"@type":"SearchAction","target":{"@type":"EntryPoint","urlTemplate":"https:\/\/www.webdo.tn\/fr\/?s={search_term_string}"},"query-input":{"@type":"PropertyValueSpecification","valueRequired":true,"valueName":"search_term_string"}}],"inLanguage":"fr-FR"},{"@type":"Organization","@id":"https:\/\/www.webdo.tn\/fr\/#organization","name":"Webdo","alternateName":"Webdo.tn","url":"https:\/\/www.webdo.tn\/fr\/","logo":{"@type":"ImageObject","inLanguage":"fr-FR","@id":"https:\/\/www.webdo.tn\/fr\/#\/schema\/logo\/image\/","url":"https:\/\/www.webdo.tn\/fr\/wp-content\/uploads\/2025\/06\/Webdo-Tunisie_168377.jpg","contentUrl":"https:\/\/www.webdo.tn\/fr\/wp-content\/uploads\/2025\/06\/Webdo-Tunisie_168377.jpg","width":301,"height":301,"caption":"Webdo"},"image":{"@id":"https:\/\/www.webdo.tn\/fr\/#\/schema\/logo\/image\/"},"sameAs":["https:\/\/www.facebook.com\/webdotn","https:\/\/x.com\/webdo_tn"],"description":"Webdo est un m\u00e9dia num\u00e9rique tunisien fond\u00e9 en 2010, sp\u00e9cialis\u00e9 dans l\u2019actualit\u00e9 nationale et internationale, l\u2019\u00e9conomie, la soci\u00e9t\u00e9 et les analyses politiques. Le site s\u2019adresse \u00e0 un large public francophone et couvre l\u2019information tunisienne en temps r\u00e9el.","email":"redac@webdo.tn","legalName":"YNJ SARL","foundingDate":"2010-09-06","numberOfEmployees":{"@type":"QuantitativeValue","minValue":"11","maxValue":"50"}},{"@type":"Person","@id":"https:\/\/www.webdo.tn\/fr\/#\/schema\/person\/9a9c6118d687c117df8ef3cc36a4d175","name":"webdo.tn","image":{"@type":"ImageObject","inLanguage":"fr-FR","@id":"https:\/\/secure.gravatar.com\/avatar\/7ce1f28c0c3bbac99ff550b85ef8e44a6950c6ee24514fb6a5489e51d06f0298?s=96&d=mm&r=g","url":"https:\/\/secure.gravatar.com\/avatar\/7ce1f28c0c3bbac99ff550b85ef8e44a6950c6ee24514fb6a5489e51d06f0298?s=96&d=mm&r=g","contentUrl":"https:\/\/secure.gravatar.com\/avatar\/7ce1f28c0c3bbac99ff550b85ef8e44a6950c6ee24514fb6a5489e51d06f0298?s=96&d=mm&r=g","caption":"webdo.tn"},"url":"https:\/\/www.webdo.tn\/fr\/actualite\/author\/webdotn\/"}]}},"_links":{"self":[{"href":"https:\/\/www.webdo.tn\/fr\/wp-json\/wp\/v2\/posts\/184220","targetHints":{"allow":["GET"]}}],"collection":[{"href":"https:\/\/www.webdo.tn\/fr\/wp-json\/wp\/v2\/posts"}],"about":[{"href":"https:\/\/www.webdo.tn\/fr\/wp-json\/wp\/v2\/types\/post"}],"author":[{"embeddable":true,"href":"https:\/\/www.webdo.tn\/fr\/wp-json\/wp\/v2\/users\/3222"}],"replies":[{"embeddable":true,"href":"https:\/\/www.webdo.tn\/fr\/wp-json\/wp\/v2\/comments?post=184220"}],"version-history":[{"count":0,"href":"https:\/\/www.webdo.tn\/fr\/wp-json\/wp\/v2\/posts\/184220\/revisions"}],"wp:featuredmedia":[{"embeddable":true,"href":"https:\/\/www.webdo.tn\/fr\/wp-json\/wp\/v2\/media\/330826"}],"wp:attachment":[{"href":"https:\/\/www.webdo.tn\/fr\/wp-json\/wp\/v2\/media?parent=184220"}],"wp:term":[{"taxonomy":"category","embeddable":true,"href":"https:\/\/www.webdo.tn\/fr\/wp-json\/wp\/v2\/categories?post=184220"},{"taxonomy":"post_tag","embeddable":true,"href":"https:\/\/www.webdo.tn\/fr\/wp-json\/wp\/v2\/tags?post=184220"}],"curies":[{"name":"wp","href":"https:\/\/api.w.org\/{rel}","templated":true}]}}