{"id":184217,"date":"2015-01-23T11:09:00","date_gmt":"2015-01-23T11:09:00","guid":{"rendered":"https:\/\/www.webdo.tn\/fr\/blog\/salmane-ben-abdel-aziz-nouveau-roi-darabie-saoudite\/184217\/"},"modified":"2015-01-23T11:09:00","modified_gmt":"2015-01-23T11:09:00","slug":"salmane-ben-abdel-aziz-nouveau-roi-darabie-saoudite","status":"publish","type":"post","link":"https:\/\/www.webdo.tn\/fr\/actualite\/international\/salmane-ben-abdel-aziz-nouveau-roi-darabie-saoudite\/184217\/","title":{"rendered":"Salmane Ben Abdel Aziz, nouveau roi d&rsquo;Arabie Saoudite"},"content":{"rendered":"<p>Suite au d\u00e9c\u00e8s du roi Abdallah Ben Abdel Aziz d\u2019Arabie Saoudite, c\u2019est son demi-fr\u00e8re Salmane, 79 ans, qui avait \u00e9t\u00e9 nomm\u00e9 prince h\u00e9ritier en juin 2012, qui lui succ\u00e8de sur le tr\u00f4ne.<\/p>\n<p>Salmane Ben Abdel Aziz, cinqui\u00e8me roi issu de la dynastie des Al-Saoud et le 25\u00e8me des 45 fils du fondateur du royaume, cumulait jusqu\u2019ici les fonctions de premier vice-Premier ministre et ministre de la D\u00e9fense.<\/p>\n<p>Il est p\u00e8re de dix fils dont le prince astronaute Sultan Ben Salmane et le prince Abdel Aziz, ministre adjoint du P\u00e9trole.<\/p>\n<p>La famille royale compte environ 25.000 membres, dont 200 princes exercent une influence politique.<\/p>\n<p>Le roi Abdallah Ben Abdelaziz Al Saoud est d\u00e9c\u00e9d\u00e9, ce vendredi 23 janvier. Suite \u00e0 son d\u00e9c\u00e8s, le pr\u00e9sident de la R\u00e9publique B\u00e9ji Caid Essebsi a d\u00e9cr\u00e9t\u00e9 un deuil de trois jours en Tunisie. Le drapeau tunisien sera en berne pendant ces trois jours dans tous les \u00e9tablissements administratifs.<\/p>\n","protected":false},"excerpt":{"rendered":"<p>Salmane Ben Abdel Aziz, nouveau roi d&rsquo;Arabie Saoudite<\/p>\n","protected":false},"author":3222,"featured_media":335478,"comment_status":"open","ping_status":"closed","sticky":false,"template":"","format":"standard","meta":{"footnotes":""},"categories":[2598],"tags":[2600],"class_list":["post-184217","post","type-post","status-publish","format-standard","has-post-thumbnail","hentry","category-international","tag-guerre"],"yoast_head":"<!-- This site is optimized with the Yoast SEO Premium plugin v27.5 (Yoast SEO v27.5) - https:\/\/yoast.com\/product\/yoast-seo-premium-wordpress\/ -->\n<title>Salmane Ben Abdel Aziz, nouveau roi d&#039;Arabie Saoudite<\/title>\n<meta name=\"description\" content=\"Salmane Ben Abdel Aziz, nouveau roi d&#039;Arabie Saoudite\" \/>\n<link rel=\"canonical\" href=\"https:\/\/www.webdo.tn\/fr\/actualite\/international\/salmane-ben-abdel-aziz-nouveau-roi-darabie-saoudite\/184217\/\" \/>\n<meta property=\"og:locale\" content=\"fr_FR\" \/>\n<meta property=\"og:type\" content=\"article\" \/>\n<meta property=\"og:title\" content=\"Salmane Ben Abdel Aziz, nouveau roi d&#039;Arabie Saoudite\" \/>\n<meta property=\"og:description\" content=\"Salmane Ben Abdel Aziz, nouveau roi d&#039;Arabie Saoudite\" \/>\n<meta property=\"og:url\" content=\"https:\/\/www.webdo.tn\/fr\/actualite\/international\/salmane-ben-abdel-aziz-nouveau-roi-darabie-saoudite\/184217\/\" \/>\n<meta property=\"og:site_name\" content=\"webdo\" \/>\n<meta property=\"article:publisher\" content=\"https:\/\/www.facebook.com\/webdotn\" \/>\n<meta property=\"article:published_time\" content=\"2015-01-23T11:09:00+00:00\" \/>\n<meta property=\"og:image\" content=\"https:\/\/www.webdo.tn\/fr\/wp-content\/uploads\/2015\/01\/Roi-Salmane-ben-Abdel-Aziz-REUTERS.jpg\" \/>\n\t<meta property=\"og:image:width\" content=\"388\" \/>\n\t<meta property=\"og:image:height\" content=\"270\" \/>\n\t<meta property=\"og:image:type\" content=\"image\/jpeg\" \/>\n<meta name=\"author\" content=\"webdo.tn\" \/>\n<meta name=\"twitter:card\" content=\"summary_large_image\" \/>\n<meta name=\"twitter:creator\" content=\"@webdo_tn\" \/>\n<meta name=\"twitter:site\" content=\"@webdo_tn\" \/>\n<meta name=\"twitter:label1\" content=\"\u00c9crit par\" \/>\n\t<meta name=\"twitter:data1\" content=\"webdo.tn\" \/>\n\t<meta name=\"twitter:label2\" content=\"Dur\u00e9e de lecture estim\u00e9e\" \/>\n\t<meta name=\"twitter:data2\" content=\"1 minute\" \/>\n<script type=\"application\/ld+json\" class=\"yoast-schema-graph\">{\"@context\":\"https:\\\/\\\/schema.org\",\"@graph\":[{\"@type\":\"NewsArticle\",\"@id\":\"https:\\\/\\\/www.webdo.tn\\\/fr\\\/actualite\\\/international\\\/salmane-ben-abdel-aziz-nouveau-roi-darabie-saoudite\\\/184217\\\/#article\",\"isPartOf\":{\"@id\":\"https:\\\/\\\/www.webdo.tn\\\/fr\\\/actualite\\\/international\\\/salmane-ben-abdel-aziz-nouveau-roi-darabie-saoudite\\\/184217\\\/\"},\"author\":{\"name\":\"webdo.tn\",\"@id\":\"https:\\\/\\\/www.webdo.tn\\\/fr\\\/#\\\/schema\\\/person\\\/9a9c6118d687c117df8ef3cc36a4d175\"},\"headline\":\"Salmane Ben Abdel Aziz, nouveau roi d&rsquo;Arabie Saoudite\",\"datePublished\":\"2015-01-23T11:09:00+00:00\",\"mainEntityOfPage\":{\"@id\":\"https:\\\/\\\/www.webdo.tn\\\/fr\\\/actualite\\\/international\\\/salmane-ben-abdel-aziz-nouveau-roi-darabie-saoudite\\\/184217\\\/\"},\"wordCount\":176,\"commentCount\":0,\"publisher\":{\"@id\":\"https:\\\/\\\/www.webdo.tn\\\/fr\\\/#organization\"},\"image\":{\"@id\":\"https:\\\/\\\/www.webdo.tn\\\/fr\\\/actualite\\\/international\\\/salmane-ben-abdel-aziz-nouveau-roi-darabie-saoudite\\\/184217\\\/#primaryimage\"},\"thumbnailUrl\":\"https:\\\/\\\/www.webdo.tn\\\/fr\\\/wp-content\\\/uploads\\\/2015\\\/01\\\/Roi-Salmane-ben-Abdel-Aziz-REUTERS.jpg\",\"keywords\":[\"guerre\"],\"articleSection\":[\"International\"],\"inLanguage\":\"fr-FR\"},{\"@type\":\"WebPage\",\"@id\":\"https:\\\/\\\/www.webdo.tn\\\/fr\\\/actualite\\\/international\\\/salmane-ben-abdel-aziz-nouveau-roi-darabie-saoudite\\\/184217\\\/\",\"url\":\"https:\\\/\\\/www.webdo.tn\\\/fr\\\/actualite\\\/international\\\/salmane-ben-abdel-aziz-nouveau-roi-darabie-saoudite\\\/184217\\\/\",\"name\":\"Salmane Ben Abdel Aziz, nouveau roi d'Arabie Saoudite\",\"isPartOf\":{\"@id\":\"https:\\\/\\\/www.webdo.tn\\\/fr\\\/#website\"},\"primaryImageOfPage\":{\"@id\":\"https:\\\/\\\/www.webdo.tn\\\/fr\\\/actualite\\\/international\\\/salmane-ben-abdel-aziz-nouveau-roi-darabie-saoudite\\\/184217\\\/#primaryimage\"},\"image\":{\"@id\":\"https:\\\/\\\/www.webdo.tn\\\/fr\\\/actualite\\\/international\\\/salmane-ben-abdel-aziz-nouveau-roi-darabie-saoudite\\\/184217\\\/#primaryimage\"},\"thumbnailUrl\":\"https:\\\/\\\/www.webdo.tn\\\/fr\\\/wp-content\\\/uploads\\\/2015\\\/01\\\/Roi-Salmane-ben-Abdel-Aziz-REUTERS.jpg\",\"datePublished\":\"2015-01-23T11:09:00+00:00\",\"description\":\"Salmane Ben Abdel Aziz, nouveau roi d'Arabie Saoudite\",\"breadcrumb\":{\"@id\":\"https:\\\/\\\/www.webdo.tn\\\/fr\\\/actualite\\\/international\\\/salmane-ben-abdel-aziz-nouveau-roi-darabie-saoudite\\\/184217\\\/#breadcrumb\"},\"inLanguage\":\"fr-FR\",\"potentialAction\":[{\"@type\":\"ReadAction\",\"target\":[\"https:\\\/\\\/www.webdo.tn\\\/fr\\\/actualite\\\/international\\\/salmane-ben-abdel-aziz-nouveau-roi-darabie-saoudite\\\/184217\\\/\"]}]},{\"@type\":\"ImageObject\",\"inLanguage\":\"fr-FR\",\"@id\":\"https:\\\/\\\/www.webdo.tn\\\/fr\\\/actualite\\\/international\\\/salmane-ben-abdel-aziz-nouveau-roi-darabie-saoudite\\\/184217\\\/#primaryimage\",\"url\":\"https:\\\/\\\/www.webdo.tn\\\/fr\\\/wp-content\\\/uploads\\\/2015\\\/01\\\/Roi-Salmane-ben-Abdel-Aziz-REUTERS.jpg\",\"contentUrl\":\"https:\\\/\\\/www.webdo.tn\\\/fr\\\/wp-content\\\/uploads\\\/2015\\\/01\\\/Roi-Salmane-ben-Abdel-Aziz-REUTERS.jpg\",\"width\":388,\"height\":270,\"caption\":\"Salmane Ben Abdel Aziz, nouveau roi d'Arabie Saoudite\"},{\"@type\":\"BreadcrumbList\",\"@id\":\"https:\\\/\\\/www.webdo.tn\\\/fr\\\/actualite\\\/international\\\/salmane-ben-abdel-aziz-nouveau-roi-darabie-saoudite\\\/184217\\\/#breadcrumb\",\"itemListElement\":[{\"@type\":\"ListItem\",\"position\":1,\"name\":\"Accueil\",\"item\":\"https:\\\/\\\/www.webdo.tn\\\/fr\\\/\"},{\"@type\":\"ListItem\",\"position\":2,\"name\":\"Salmane Ben Abdel Aziz, nouveau roi d&rsquo;Arabie Saoudite\"}]},{\"@type\":\"WebSite\",\"@id\":\"https:\\\/\\\/www.webdo.tn\\\/fr\\\/#website\",\"url\":\"https:\\\/\\\/www.webdo.tn\\\/fr\\\/\",\"name\":\"webdo\",\"description\":\"Tunisie - News en Tunisie et \u00e0 l&#039;international sur Webdo.tn\",\"publisher\":{\"@id\":\"https:\\\/\\\/www.webdo.tn\\\/fr\\\/#organization\"},\"potentialAction\":[{\"@type\":\"SearchAction\",\"target\":{\"@type\":\"EntryPoint\",\"urlTemplate\":\"https:\\\/\\\/www.webdo.tn\\\/fr\\\/?s={search_term_string}\"},\"query-input\":{\"@type\":\"PropertyValueSpecification\",\"valueRequired\":true,\"valueName\":\"search_term_string\"}}],\"inLanguage\":\"fr-FR\"},{\"@type\":\"Organization\",\"@id\":\"https:\\\/\\\/www.webdo.tn\\\/fr\\\/#organization\",\"name\":\"Webdo\",\"alternateName\":\"Webdo.tn\",\"url\":\"https:\\\/\\\/www.webdo.tn\\\/fr\\\/\",\"logo\":{\"@type\":\"ImageObject\",\"inLanguage\":\"fr-FR\",\"@id\":\"https:\\\/\\\/www.webdo.tn\\\/fr\\\/#\\\/schema\\\/logo\\\/image\\\/\",\"url\":\"https:\\\/\\\/www.webdo.tn\\\/fr\\\/wp-content\\\/uploads\\\/2025\\\/06\\\/Webdo-Tunisie_168377.jpg\",\"contentUrl\":\"https:\\\/\\\/www.webdo.tn\\\/fr\\\/wp-content\\\/uploads\\\/2025\\\/06\\\/Webdo-Tunisie_168377.jpg\",\"width\":301,\"height\":301,\"caption\":\"Webdo\"},\"image\":{\"@id\":\"https:\\\/\\\/www.webdo.tn\\\/fr\\\/#\\\/schema\\\/logo\\\/image\\\/\"},\"sameAs\":[\"https:\\\/\\\/www.facebook.com\\\/webdotn\",\"https:\\\/\\\/x.com\\\/webdo_tn\"],\"description\":\"Webdo est un m\u00e9dia num\u00e9rique tunisien fond\u00e9 en 2010, sp\u00e9cialis\u00e9 dans l\u2019actualit\u00e9 nationale et internationale, l\u2019\u00e9conomie, la soci\u00e9t\u00e9 et les analyses politiques. Le site s\u2019adresse \u00e0 un large public francophone et couvre l\u2019information tunisienne en temps r\u00e9el.\",\"email\":\"redac@webdo.tn\",\"legalName\":\"YNJ SARL\",\"foundingDate\":\"2010-09-06\",\"numberOfEmployees\":{\"@type\":\"QuantitativeValue\",\"minValue\":\"11\",\"maxValue\":\"50\"}},{\"@type\":\"Person\",\"@id\":\"https:\\\/\\\/www.webdo.tn\\\/fr\\\/#\\\/schema\\\/person\\\/9a9c6118d687c117df8ef3cc36a4d175\",\"name\":\"webdo.tn\",\"image\":{\"@type\":\"ImageObject\",\"inLanguage\":\"fr-FR\",\"@id\":\"https:\\\/\\\/secure.gravatar.com\\\/avatar\\\/7ce1f28c0c3bbac99ff550b85ef8e44a6950c6ee24514fb6a5489e51d06f0298?s=96&d=mm&r=g\",\"url\":\"https:\\\/\\\/secure.gravatar.com\\\/avatar\\\/7ce1f28c0c3bbac99ff550b85ef8e44a6950c6ee24514fb6a5489e51d06f0298?s=96&d=mm&r=g\",\"contentUrl\":\"https:\\\/\\\/secure.gravatar.com\\\/avatar\\\/7ce1f28c0c3bbac99ff550b85ef8e44a6950c6ee24514fb6a5489e51d06f0298?s=96&d=mm&r=g\",\"caption\":\"webdo.tn\"},\"url\":\"https:\\\/\\\/www.webdo.tn\\\/fr\\\/actualite\\\/author\\\/webdotn\\\/\"}]}<\/script>\n<!-- \/ Yoast SEO Premium plugin. -->","yoast_head_json":{"title":"Salmane Ben Abdel Aziz, nouveau roi d'Arabie Saoudite","description":"Salmane Ben Abdel Aziz, nouveau roi d'Arabie Saoudite","canonical":"https:\/\/www.webdo.tn\/fr\/actualite\/international\/salmane-ben-abdel-aziz-nouveau-roi-darabie-saoudite\/184217\/","og_locale":"fr_FR","og_type":"article","og_title":"Salmane Ben Abdel Aziz, nouveau roi d'Arabie Saoudite","og_description":"Salmane Ben Abdel Aziz, nouveau roi d'Arabie Saoudite","og_url":"https:\/\/www.webdo.tn\/fr\/actualite\/international\/salmane-ben-abdel-aziz-nouveau-roi-darabie-saoudite\/184217\/","og_site_name":"webdo","article_publisher":"https:\/\/www.facebook.com\/webdotn","article_published_time":"2015-01-23T11:09:00+00:00","og_image":[{"width":388,"height":270,"url":"https:\/\/www.webdo.tn\/fr\/wp-content\/uploads\/2015\/01\/Roi-Salmane-ben-Abdel-Aziz-REUTERS.jpg","type":"image\/jpeg"}],"author":"webdo.tn","twitter_card":"summary_large_image","twitter_creator":"@webdo_tn","twitter_site":"@webdo_tn","twitter_misc":{"\u00c9crit par":"webdo.tn","Dur\u00e9e de lecture estim\u00e9e":"1 minute"},"schema":{"@context":"https:\/\/schema.org","@graph":[{"@type":"NewsArticle","@id":"https:\/\/www.webdo.tn\/fr\/actualite\/international\/salmane-ben-abdel-aziz-nouveau-roi-darabie-saoudite\/184217\/#article","isPartOf":{"@id":"https:\/\/www.webdo.tn\/fr\/actualite\/international\/salmane-ben-abdel-aziz-nouveau-roi-darabie-saoudite\/184217\/"},"author":{"name":"webdo.tn","@id":"https:\/\/www.webdo.tn\/fr\/#\/schema\/person\/9a9c6118d687c117df8ef3cc36a4d175"},"headline":"Salmane Ben Abdel Aziz, nouveau roi d&rsquo;Arabie Saoudite","datePublished":"2015-01-23T11:09:00+00:00","mainEntityOfPage":{"@id":"https:\/\/www.webdo.tn\/fr\/actualite\/international\/salmane-ben-abdel-aziz-nouveau-roi-darabie-saoudite\/184217\/"},"wordCount":176,"commentCount":0,"publisher":{"@id":"https:\/\/www.webdo.tn\/fr\/#organization"},"image":{"@id":"https:\/\/www.webdo.tn\/fr\/actualite\/international\/salmane-ben-abdel-aziz-nouveau-roi-darabie-saoudite\/184217\/#primaryimage"},"thumbnailUrl":"https:\/\/www.webdo.tn\/fr\/wp-content\/uploads\/2015\/01\/Roi-Salmane-ben-Abdel-Aziz-REUTERS.jpg","keywords":["guerre"],"articleSection":["International"],"inLanguage":"fr-FR"},{"@type":"WebPage","@id":"https:\/\/www.webdo.tn\/fr\/actualite\/international\/salmane-ben-abdel-aziz-nouveau-roi-darabie-saoudite\/184217\/","url":"https:\/\/www.webdo.tn\/fr\/actualite\/international\/salmane-ben-abdel-aziz-nouveau-roi-darabie-saoudite\/184217\/","name":"Salmane Ben Abdel Aziz, nouveau roi d'Arabie Saoudite","isPartOf":{"@id":"https:\/\/www.webdo.tn\/fr\/#website"},"primaryImageOfPage":{"@id":"https:\/\/www.webdo.tn\/fr\/actualite\/international\/salmane-ben-abdel-aziz-nouveau-roi-darabie-saoudite\/184217\/#primaryimage"},"image":{"@id":"https:\/\/www.webdo.tn\/fr\/actualite\/international\/salmane-ben-abdel-aziz-nouveau-roi-darabie-saoudite\/184217\/#primaryimage"},"thumbnailUrl":"https:\/\/www.webdo.tn\/fr\/wp-content\/uploads\/2015\/01\/Roi-Salmane-ben-Abdel-Aziz-REUTERS.jpg","datePublished":"2015-01-23T11:09:00+00:00","description":"Salmane Ben Abdel Aziz, nouveau roi d'Arabie Saoudite","breadcrumb":{"@id":"https:\/\/www.webdo.tn\/fr\/actualite\/international\/salmane-ben-abdel-aziz-nouveau-roi-darabie-saoudite\/184217\/#breadcrumb"},"inLanguage":"fr-FR","potentialAction":[{"@type":"ReadAction","target":["https:\/\/www.webdo.tn\/fr\/actualite\/international\/salmane-ben-abdel-aziz-nouveau-roi-darabie-saoudite\/184217\/"]}]},{"@type":"ImageObject","inLanguage":"fr-FR","@id":"https:\/\/www.webdo.tn\/fr\/actualite\/international\/salmane-ben-abdel-aziz-nouveau-roi-darabie-saoudite\/184217\/#primaryimage","url":"https:\/\/www.webdo.tn\/fr\/wp-content\/uploads\/2015\/01\/Roi-Salmane-ben-Abdel-Aziz-REUTERS.jpg","contentUrl":"https:\/\/www.webdo.tn\/fr\/wp-content\/uploads\/2015\/01\/Roi-Salmane-ben-Abdel-Aziz-REUTERS.jpg","width":388,"height":270,"caption":"Salmane Ben Abdel Aziz, nouveau roi d'Arabie Saoudite"},{"@type":"BreadcrumbList","@id":"https:\/\/www.webdo.tn\/fr\/actualite\/international\/salmane-ben-abdel-aziz-nouveau-roi-darabie-saoudite\/184217\/#breadcrumb","itemListElement":[{"@type":"ListItem","position":1,"name":"Accueil","item":"https:\/\/www.webdo.tn\/fr\/"},{"@type":"ListItem","position":2,"name":"Salmane Ben Abdel Aziz, nouveau roi d&rsquo;Arabie Saoudite"}]},{"@type":"WebSite","@id":"https:\/\/www.webdo.tn\/fr\/#website","url":"https:\/\/www.webdo.tn\/fr\/","name":"webdo","description":"Tunisie - News en Tunisie et \u00e0 l&#039;international sur Webdo.tn","publisher":{"@id":"https:\/\/www.webdo.tn\/fr\/#organization"},"potentialAction":[{"@type":"SearchAction","target":{"@type":"EntryPoint","urlTemplate":"https:\/\/www.webdo.tn\/fr\/?s={search_term_string}"},"query-input":{"@type":"PropertyValueSpecification","valueRequired":true,"valueName":"search_term_string"}}],"inLanguage":"fr-FR"},{"@type":"Organization","@id":"https:\/\/www.webdo.tn\/fr\/#organization","name":"Webdo","alternateName":"Webdo.tn","url":"https:\/\/www.webdo.tn\/fr\/","logo":{"@type":"ImageObject","inLanguage":"fr-FR","@id":"https:\/\/www.webdo.tn\/fr\/#\/schema\/logo\/image\/","url":"https:\/\/www.webdo.tn\/fr\/wp-content\/uploads\/2025\/06\/Webdo-Tunisie_168377.jpg","contentUrl":"https:\/\/www.webdo.tn\/fr\/wp-content\/uploads\/2025\/06\/Webdo-Tunisie_168377.jpg","width":301,"height":301,"caption":"Webdo"},"image":{"@id":"https:\/\/www.webdo.tn\/fr\/#\/schema\/logo\/image\/"},"sameAs":["https:\/\/www.facebook.com\/webdotn","https:\/\/x.com\/webdo_tn"],"description":"Webdo est un m\u00e9dia num\u00e9rique tunisien fond\u00e9 en 2010, sp\u00e9cialis\u00e9 dans l\u2019actualit\u00e9 nationale et internationale, l\u2019\u00e9conomie, la soci\u00e9t\u00e9 et les analyses politiques. Le site s\u2019adresse \u00e0 un large public francophone et couvre l\u2019information tunisienne en temps r\u00e9el.","email":"redac@webdo.tn","legalName":"YNJ SARL","foundingDate":"2010-09-06","numberOfEmployees":{"@type":"QuantitativeValue","minValue":"11","maxValue":"50"}},{"@type":"Person","@id":"https:\/\/www.webdo.tn\/fr\/#\/schema\/person\/9a9c6118d687c117df8ef3cc36a4d175","name":"webdo.tn","image":{"@type":"ImageObject","inLanguage":"fr-FR","@id":"https:\/\/secure.gravatar.com\/avatar\/7ce1f28c0c3bbac99ff550b85ef8e44a6950c6ee24514fb6a5489e51d06f0298?s=96&d=mm&r=g","url":"https:\/\/secure.gravatar.com\/avatar\/7ce1f28c0c3bbac99ff550b85ef8e44a6950c6ee24514fb6a5489e51d06f0298?s=96&d=mm&r=g","contentUrl":"https:\/\/secure.gravatar.com\/avatar\/7ce1f28c0c3bbac99ff550b85ef8e44a6950c6ee24514fb6a5489e51d06f0298?s=96&d=mm&r=g","caption":"webdo.tn"},"url":"https:\/\/www.webdo.tn\/fr\/actualite\/author\/webdotn\/"}]}},"_links":{"self":[{"href":"https:\/\/www.webdo.tn\/fr\/wp-json\/wp\/v2\/posts\/184217","targetHints":{"allow":["GET"]}}],"collection":[{"href":"https:\/\/www.webdo.tn\/fr\/wp-json\/wp\/v2\/posts"}],"about":[{"href":"https:\/\/www.webdo.tn\/fr\/wp-json\/wp\/v2\/types\/post"}],"author":[{"embeddable":true,"href":"https:\/\/www.webdo.tn\/fr\/wp-json\/wp\/v2\/users\/3222"}],"replies":[{"embeddable":true,"href":"https:\/\/www.webdo.tn\/fr\/wp-json\/wp\/v2\/comments?post=184217"}],"version-history":[{"count":0,"href":"https:\/\/www.webdo.tn\/fr\/wp-json\/wp\/v2\/posts\/184217\/revisions"}],"wp:featuredmedia":[{"embeddable":true,"href":"https:\/\/www.webdo.tn\/fr\/wp-json\/wp\/v2\/media\/335478"}],"wp:attachment":[{"href":"https:\/\/www.webdo.tn\/fr\/wp-json\/wp\/v2\/media?parent=184217"}],"wp:term":[{"taxonomy":"category","embeddable":true,"href":"https:\/\/www.webdo.tn\/fr\/wp-json\/wp\/v2\/categories?post=184217"},{"taxonomy":"post_tag","embeddable":true,"href":"https:\/\/www.webdo.tn\/fr\/wp-json\/wp\/v2\/tags?post=184217"}],"curies":[{"name":"wp","href":"https:\/\/api.w.org\/{rel}","templated":true}]}}