{"id":184216,"date":"2015-01-23T11:56:00","date_gmt":"2015-01-23T11:56:00","guid":{"rendered":"https:\/\/www.webdo.tn\/fr\/blog\/egypte-les-fils-moubarak-sortent-de-prison\/184216\/"},"modified":"2025-05-19T10:23:39","modified_gmt":"2025-05-19T10:23:39","slug":"egypte-les-fils-moubarak-sortent-de-prison","status":"publish","type":"post","link":"https:\/\/www.webdo.tn\/fr\/actualite\/international\/egypte-les-fils-moubarak-sortent-de-prison\/184216\/","title":{"rendered":"Egypte : Les fils Moubarak sortent de prison"},"content":{"rendered":"<p>Alaa et Gamal Moubarak, les deux fils de l&rsquo;ancien pr\u00e9sident \u00e9gyptien Hosni Moubarak, ont quitt\u00e9 la prison, ce vendredi 23 janvier, en attendant leur proc\u00e8s, rapporte l&rsquo;AFP.<\/p>\n<p>Ils ont quitt\u00e9 leur prison suite \u00e0 une d\u00e9cision de justice prise car ils avaient atteint la p\u00e9riode maximale l\u00e9gale de d\u00e9tention provisoire. Cependant, ils restent \u00e0 la disposition de la justice \u00e9gyptienne, dans l&rsquo;attente d&rsquo;un nouveau proc\u00e8s pour corruption.<\/p>\n<p>Les deux fils doivent \u00eatre jug\u00e9s de nouveau avec leur p\u00e8re pour le d\u00e9tournement de plus de 10 millions d\u2019euros d\u2019argent public allou\u00e9s \u00e0 l\u2019entretien des palais pr\u00e9sidentiels.<\/p>\n<p>Dans cette affaire, les deux fils avaient \u00e9cop\u00e9 de quatre ans de prison en mai tandis que Hosni Moubarak avait \u00e9t\u00e9 condamn\u00e9 \u00e0 trois ans de r\u00e9clusion. Mais apr\u00e8s un appel interjet\u00e9 par les avocats de la famille, la Cour de cassation a annul\u00e9 le 13 janvier ce verdict et ordonn\u00e9 un nouveau proc\u00e8s.<\/p>\n<p>Dans une autre affaire, un tribunal a blanchi en novembre les trois hommes d\u2019autres accusations de corruption. Et l\u2019accusation de complicit\u00e9 de meurtre a \u00e9t\u00e9 abandonn\u00e9e contre Moubarak, jug\u00e9 pour la mort de centaines de manifestants durant la r\u00e9pression du soul\u00e8vement de 2011.<\/p>\n","protected":false},"excerpt":{"rendered":"<p>Egypte : Les fils Moubarak sortent de prison<\/p>\n","protected":false},"author":3222,"featured_media":330784,"comment_status":"open","ping_status":"closed","sticky":false,"template":"","format":"standard","meta":{"footnotes":""},"categories":[2598],"tags":[2600],"class_list":["post-184216","post","type-post","status-publish","format-standard","has-post-thumbnail","hentry","category-international","tag-guerre"],"yoast_head":"<!-- This site is optimized with the Yoast SEO Premium plugin v27.5 (Yoast SEO v27.5) - https:\/\/yoast.com\/product\/yoast-seo-premium-wordpress\/ -->\n<title>Egypte : Les fils Moubarak sortent de prison<\/title>\n<meta name=\"description\" content=\"Egypte : Les fils Moubarak sortent de prison\" \/>\n<link rel=\"canonical\" href=\"https:\/\/www.webdo.tn\/fr\/actualite\/international\/egypte-les-fils-moubarak-sortent-de-prison\/184216\/\" \/>\n<meta property=\"og:locale\" content=\"fr_FR\" \/>\n<meta property=\"og:type\" content=\"article\" \/>\n<meta property=\"og:title\" content=\"Egypte : Les fils Moubarak sortent de prison\" \/>\n<meta property=\"og:description\" content=\"Egypte : Les fils Moubarak sortent de prison\" \/>\n<meta property=\"og:url\" content=\"https:\/\/www.webdo.tn\/fr\/actualite\/international\/egypte-les-fils-moubarak-sortent-de-prison\/184216\/\" \/>\n<meta property=\"og:site_name\" content=\"webdo\" \/>\n<meta property=\"article:publisher\" content=\"https:\/\/www.facebook.com\/webdotn\" \/>\n<meta property=\"article:published_time\" content=\"2015-01-23T11:56:00+00:00\" \/>\n<meta property=\"article:modified_time\" content=\"2025-05-19T10:23:39+00:00\" \/>\n<meta property=\"og:image\" content=\"https:\/\/www.webdo.tn\/fr\/wp-content\/uploads\/2015\/01\/332473_gamal-g-et-alaa-d-mubarak-lors-de-leur-proces-au-caire-le-2-janvier-2012.jpg\" \/>\n\t<meta property=\"og:image:width\" content=\"500\" \/>\n\t<meta property=\"og:image:height\" content=\"314\" \/>\n\t<meta property=\"og:image:type\" content=\"image\/jpeg\" \/>\n<meta name=\"author\" content=\"webdo.tn\" \/>\n<meta name=\"twitter:card\" content=\"summary_large_image\" \/>\n<meta name=\"twitter:creator\" content=\"@webdo_tn\" \/>\n<meta name=\"twitter:site\" content=\"@webdo_tn\" \/>\n<meta name=\"twitter:label1\" content=\"\u00c9crit par\" \/>\n\t<meta name=\"twitter:data1\" content=\"webdo.tn\" \/>\n\t<meta name=\"twitter:label2\" content=\"Dur\u00e9e de lecture estim\u00e9e\" \/>\n\t<meta name=\"twitter:data2\" content=\"1 minute\" \/>\n<script type=\"application\/ld+json\" class=\"yoast-schema-graph\">{\"@context\":\"https:\\\/\\\/schema.org\",\"@graph\":[{\"@type\":\"NewsArticle\",\"@id\":\"https:\\\/\\\/www.webdo.tn\\\/fr\\\/actualite\\\/international\\\/egypte-les-fils-moubarak-sortent-de-prison\\\/184216\\\/#article\",\"isPartOf\":{\"@id\":\"https:\\\/\\\/www.webdo.tn\\\/fr\\\/actualite\\\/international\\\/egypte-les-fils-moubarak-sortent-de-prison\\\/184216\\\/\"},\"author\":{\"name\":\"webdo.tn\",\"@id\":\"https:\\\/\\\/www.webdo.tn\\\/fr\\\/#\\\/schema\\\/person\\\/9a9c6118d687c117df8ef3cc36a4d175\"},\"headline\":\"Egypte : Les fils Moubarak sortent de prison\",\"datePublished\":\"2015-01-23T11:56:00+00:00\",\"dateModified\":\"2025-05-19T10:23:39+00:00\",\"mainEntityOfPage\":{\"@id\":\"https:\\\/\\\/www.webdo.tn\\\/fr\\\/actualite\\\/international\\\/egypte-les-fils-moubarak-sortent-de-prison\\\/184216\\\/\"},\"wordCount\":218,\"commentCount\":0,\"publisher\":{\"@id\":\"https:\\\/\\\/www.webdo.tn\\\/fr\\\/#organization\"},\"image\":{\"@id\":\"https:\\\/\\\/www.webdo.tn\\\/fr\\\/actualite\\\/international\\\/egypte-les-fils-moubarak-sortent-de-prison\\\/184216\\\/#primaryimage\"},\"thumbnailUrl\":\"https:\\\/\\\/www.webdo.tn\\\/fr\\\/wp-content\\\/uploads\\\/2015\\\/01\\\/332473_gamal-g-et-alaa-d-mubarak-lors-de-leur-proces-au-caire-le-2-janvier-2012.jpg\",\"keywords\":[\"guerre\"],\"articleSection\":[\"International\"],\"inLanguage\":\"fr-FR\"},{\"@type\":\"WebPage\",\"@id\":\"https:\\\/\\\/www.webdo.tn\\\/fr\\\/actualite\\\/international\\\/egypte-les-fils-moubarak-sortent-de-prison\\\/184216\\\/\",\"url\":\"https:\\\/\\\/www.webdo.tn\\\/fr\\\/actualite\\\/international\\\/egypte-les-fils-moubarak-sortent-de-prison\\\/184216\\\/\",\"name\":\"Egypte : Les fils Moubarak sortent de prison\",\"isPartOf\":{\"@id\":\"https:\\\/\\\/www.webdo.tn\\\/fr\\\/#website\"},\"primaryImageOfPage\":{\"@id\":\"https:\\\/\\\/www.webdo.tn\\\/fr\\\/actualite\\\/international\\\/egypte-les-fils-moubarak-sortent-de-prison\\\/184216\\\/#primaryimage\"},\"image\":{\"@id\":\"https:\\\/\\\/www.webdo.tn\\\/fr\\\/actualite\\\/international\\\/egypte-les-fils-moubarak-sortent-de-prison\\\/184216\\\/#primaryimage\"},\"thumbnailUrl\":\"https:\\\/\\\/www.webdo.tn\\\/fr\\\/wp-content\\\/uploads\\\/2015\\\/01\\\/332473_gamal-g-et-alaa-d-mubarak-lors-de-leur-proces-au-caire-le-2-janvier-2012.jpg\",\"datePublished\":\"2015-01-23T11:56:00+00:00\",\"dateModified\":\"2025-05-19T10:23:39+00:00\",\"description\":\"Egypte : Les fils Moubarak sortent de prison\",\"breadcrumb\":{\"@id\":\"https:\\\/\\\/www.webdo.tn\\\/fr\\\/actualite\\\/international\\\/egypte-les-fils-moubarak-sortent-de-prison\\\/184216\\\/#breadcrumb\"},\"inLanguage\":\"fr-FR\",\"potentialAction\":[{\"@type\":\"ReadAction\",\"target\":[\"https:\\\/\\\/www.webdo.tn\\\/fr\\\/actualite\\\/international\\\/egypte-les-fils-moubarak-sortent-de-prison\\\/184216\\\/\"]}]},{\"@type\":\"ImageObject\",\"inLanguage\":\"fr-FR\",\"@id\":\"https:\\\/\\\/www.webdo.tn\\\/fr\\\/actualite\\\/international\\\/egypte-les-fils-moubarak-sortent-de-prison\\\/184216\\\/#primaryimage\",\"url\":\"https:\\\/\\\/www.webdo.tn\\\/fr\\\/wp-content\\\/uploads\\\/2015\\\/01\\\/332473_gamal-g-et-alaa-d-mubarak-lors-de-leur-proces-au-caire-le-2-janvier-2012.jpg\",\"contentUrl\":\"https:\\\/\\\/www.webdo.tn\\\/fr\\\/wp-content\\\/uploads\\\/2015\\\/01\\\/332473_gamal-g-et-alaa-d-mubarak-lors-de-leur-proces-au-caire-le-2-janvier-2012.jpg\",\"width\":500,\"height\":314,\"caption\":\"Egypte : Les fils Moubarak sortent de prison\"},{\"@type\":\"BreadcrumbList\",\"@id\":\"https:\\\/\\\/www.webdo.tn\\\/fr\\\/actualite\\\/international\\\/egypte-les-fils-moubarak-sortent-de-prison\\\/184216\\\/#breadcrumb\",\"itemListElement\":[{\"@type\":\"ListItem\",\"position\":1,\"name\":\"Accueil\",\"item\":\"https:\\\/\\\/www.webdo.tn\\\/fr\\\/\"},{\"@type\":\"ListItem\",\"position\":2,\"name\":\"Egypte : Les fils Moubarak sortent de prison\"}]},{\"@type\":\"WebSite\",\"@id\":\"https:\\\/\\\/www.webdo.tn\\\/fr\\\/#website\",\"url\":\"https:\\\/\\\/www.webdo.tn\\\/fr\\\/\",\"name\":\"webdo\",\"description\":\"Tunisie - News en Tunisie et \u00e0 l&#039;international sur Webdo.tn\",\"publisher\":{\"@id\":\"https:\\\/\\\/www.webdo.tn\\\/fr\\\/#organization\"},\"potentialAction\":[{\"@type\":\"SearchAction\",\"target\":{\"@type\":\"EntryPoint\",\"urlTemplate\":\"https:\\\/\\\/www.webdo.tn\\\/fr\\\/?s={search_term_string}\"},\"query-input\":{\"@type\":\"PropertyValueSpecification\",\"valueRequired\":true,\"valueName\":\"search_term_string\"}}],\"inLanguage\":\"fr-FR\"},{\"@type\":\"Organization\",\"@id\":\"https:\\\/\\\/www.webdo.tn\\\/fr\\\/#organization\",\"name\":\"Webdo\",\"alternateName\":\"Webdo.tn\",\"url\":\"https:\\\/\\\/www.webdo.tn\\\/fr\\\/\",\"logo\":{\"@type\":\"ImageObject\",\"inLanguage\":\"fr-FR\",\"@id\":\"https:\\\/\\\/www.webdo.tn\\\/fr\\\/#\\\/schema\\\/logo\\\/image\\\/\",\"url\":\"https:\\\/\\\/www.webdo.tn\\\/fr\\\/wp-content\\\/uploads\\\/2025\\\/06\\\/Webdo-Tunisie_168377.jpg\",\"contentUrl\":\"https:\\\/\\\/www.webdo.tn\\\/fr\\\/wp-content\\\/uploads\\\/2025\\\/06\\\/Webdo-Tunisie_168377.jpg\",\"width\":301,\"height\":301,\"caption\":\"Webdo\"},\"image\":{\"@id\":\"https:\\\/\\\/www.webdo.tn\\\/fr\\\/#\\\/schema\\\/logo\\\/image\\\/\"},\"sameAs\":[\"https:\\\/\\\/www.facebook.com\\\/webdotn\",\"https:\\\/\\\/x.com\\\/webdo_tn\"],\"description\":\"Webdo est un m\u00e9dia num\u00e9rique tunisien fond\u00e9 en 2010, sp\u00e9cialis\u00e9 dans l\u2019actualit\u00e9 nationale et internationale, l\u2019\u00e9conomie, la soci\u00e9t\u00e9 et les analyses politiques. Le site s\u2019adresse \u00e0 un large public francophone et couvre l\u2019information tunisienne en temps r\u00e9el.\",\"email\":\"redac@webdo.tn\",\"legalName\":\"YNJ SARL\",\"foundingDate\":\"2010-09-06\",\"numberOfEmployees\":{\"@type\":\"QuantitativeValue\",\"minValue\":\"11\",\"maxValue\":\"50\"}},{\"@type\":\"Person\",\"@id\":\"https:\\\/\\\/www.webdo.tn\\\/fr\\\/#\\\/schema\\\/person\\\/9a9c6118d687c117df8ef3cc36a4d175\",\"name\":\"webdo.tn\",\"image\":{\"@type\":\"ImageObject\",\"inLanguage\":\"fr-FR\",\"@id\":\"https:\\\/\\\/secure.gravatar.com\\\/avatar\\\/7ce1f28c0c3bbac99ff550b85ef8e44a6950c6ee24514fb6a5489e51d06f0298?s=96&d=mm&r=g\",\"url\":\"https:\\\/\\\/secure.gravatar.com\\\/avatar\\\/7ce1f28c0c3bbac99ff550b85ef8e44a6950c6ee24514fb6a5489e51d06f0298?s=96&d=mm&r=g\",\"contentUrl\":\"https:\\\/\\\/secure.gravatar.com\\\/avatar\\\/7ce1f28c0c3bbac99ff550b85ef8e44a6950c6ee24514fb6a5489e51d06f0298?s=96&d=mm&r=g\",\"caption\":\"webdo.tn\"},\"url\":\"https:\\\/\\\/www.webdo.tn\\\/fr\\\/actualite\\\/author\\\/webdotn\\\/\"}]}<\/script>\n<!-- \/ Yoast SEO Premium plugin. -->","yoast_head_json":{"title":"Egypte : Les fils Moubarak sortent de prison","description":"Egypte : Les fils Moubarak sortent de prison","canonical":"https:\/\/www.webdo.tn\/fr\/actualite\/international\/egypte-les-fils-moubarak-sortent-de-prison\/184216\/","og_locale":"fr_FR","og_type":"article","og_title":"Egypte : Les fils Moubarak sortent de prison","og_description":"Egypte : Les fils Moubarak sortent de prison","og_url":"https:\/\/www.webdo.tn\/fr\/actualite\/international\/egypte-les-fils-moubarak-sortent-de-prison\/184216\/","og_site_name":"webdo","article_publisher":"https:\/\/www.facebook.com\/webdotn","article_published_time":"2015-01-23T11:56:00+00:00","article_modified_time":"2025-05-19T10:23:39+00:00","og_image":[{"width":500,"height":314,"url":"https:\/\/www.webdo.tn\/fr\/wp-content\/uploads\/2015\/01\/332473_gamal-g-et-alaa-d-mubarak-lors-de-leur-proces-au-caire-le-2-janvier-2012.jpg","type":"image\/jpeg"}],"author":"webdo.tn","twitter_card":"summary_large_image","twitter_creator":"@webdo_tn","twitter_site":"@webdo_tn","twitter_misc":{"\u00c9crit par":"webdo.tn","Dur\u00e9e de lecture estim\u00e9e":"1 minute"},"schema":{"@context":"https:\/\/schema.org","@graph":[{"@type":"NewsArticle","@id":"https:\/\/www.webdo.tn\/fr\/actualite\/international\/egypte-les-fils-moubarak-sortent-de-prison\/184216\/#article","isPartOf":{"@id":"https:\/\/www.webdo.tn\/fr\/actualite\/international\/egypte-les-fils-moubarak-sortent-de-prison\/184216\/"},"author":{"name":"webdo.tn","@id":"https:\/\/www.webdo.tn\/fr\/#\/schema\/person\/9a9c6118d687c117df8ef3cc36a4d175"},"headline":"Egypte : Les fils Moubarak sortent de prison","datePublished":"2015-01-23T11:56:00+00:00","dateModified":"2025-05-19T10:23:39+00:00","mainEntityOfPage":{"@id":"https:\/\/www.webdo.tn\/fr\/actualite\/international\/egypte-les-fils-moubarak-sortent-de-prison\/184216\/"},"wordCount":218,"commentCount":0,"publisher":{"@id":"https:\/\/www.webdo.tn\/fr\/#organization"},"image":{"@id":"https:\/\/www.webdo.tn\/fr\/actualite\/international\/egypte-les-fils-moubarak-sortent-de-prison\/184216\/#primaryimage"},"thumbnailUrl":"https:\/\/www.webdo.tn\/fr\/wp-content\/uploads\/2015\/01\/332473_gamal-g-et-alaa-d-mubarak-lors-de-leur-proces-au-caire-le-2-janvier-2012.jpg","keywords":["guerre"],"articleSection":["International"],"inLanguage":"fr-FR"},{"@type":"WebPage","@id":"https:\/\/www.webdo.tn\/fr\/actualite\/international\/egypte-les-fils-moubarak-sortent-de-prison\/184216\/","url":"https:\/\/www.webdo.tn\/fr\/actualite\/international\/egypte-les-fils-moubarak-sortent-de-prison\/184216\/","name":"Egypte : Les fils Moubarak sortent de prison","isPartOf":{"@id":"https:\/\/www.webdo.tn\/fr\/#website"},"primaryImageOfPage":{"@id":"https:\/\/www.webdo.tn\/fr\/actualite\/international\/egypte-les-fils-moubarak-sortent-de-prison\/184216\/#primaryimage"},"image":{"@id":"https:\/\/www.webdo.tn\/fr\/actualite\/international\/egypte-les-fils-moubarak-sortent-de-prison\/184216\/#primaryimage"},"thumbnailUrl":"https:\/\/www.webdo.tn\/fr\/wp-content\/uploads\/2015\/01\/332473_gamal-g-et-alaa-d-mubarak-lors-de-leur-proces-au-caire-le-2-janvier-2012.jpg","datePublished":"2015-01-23T11:56:00+00:00","dateModified":"2025-05-19T10:23:39+00:00","description":"Egypte : Les fils Moubarak sortent de prison","breadcrumb":{"@id":"https:\/\/www.webdo.tn\/fr\/actualite\/international\/egypte-les-fils-moubarak-sortent-de-prison\/184216\/#breadcrumb"},"inLanguage":"fr-FR","potentialAction":[{"@type":"ReadAction","target":["https:\/\/www.webdo.tn\/fr\/actualite\/international\/egypte-les-fils-moubarak-sortent-de-prison\/184216\/"]}]},{"@type":"ImageObject","inLanguage":"fr-FR","@id":"https:\/\/www.webdo.tn\/fr\/actualite\/international\/egypte-les-fils-moubarak-sortent-de-prison\/184216\/#primaryimage","url":"https:\/\/www.webdo.tn\/fr\/wp-content\/uploads\/2015\/01\/332473_gamal-g-et-alaa-d-mubarak-lors-de-leur-proces-au-caire-le-2-janvier-2012.jpg","contentUrl":"https:\/\/www.webdo.tn\/fr\/wp-content\/uploads\/2015\/01\/332473_gamal-g-et-alaa-d-mubarak-lors-de-leur-proces-au-caire-le-2-janvier-2012.jpg","width":500,"height":314,"caption":"Egypte : Les fils Moubarak sortent de prison"},{"@type":"BreadcrumbList","@id":"https:\/\/www.webdo.tn\/fr\/actualite\/international\/egypte-les-fils-moubarak-sortent-de-prison\/184216\/#breadcrumb","itemListElement":[{"@type":"ListItem","position":1,"name":"Accueil","item":"https:\/\/www.webdo.tn\/fr\/"},{"@type":"ListItem","position":2,"name":"Egypte : Les fils Moubarak sortent de prison"}]},{"@type":"WebSite","@id":"https:\/\/www.webdo.tn\/fr\/#website","url":"https:\/\/www.webdo.tn\/fr\/","name":"webdo","description":"Tunisie - News en Tunisie et \u00e0 l&#039;international sur Webdo.tn","publisher":{"@id":"https:\/\/www.webdo.tn\/fr\/#organization"},"potentialAction":[{"@type":"SearchAction","target":{"@type":"EntryPoint","urlTemplate":"https:\/\/www.webdo.tn\/fr\/?s={search_term_string}"},"query-input":{"@type":"PropertyValueSpecification","valueRequired":true,"valueName":"search_term_string"}}],"inLanguage":"fr-FR"},{"@type":"Organization","@id":"https:\/\/www.webdo.tn\/fr\/#organization","name":"Webdo","alternateName":"Webdo.tn","url":"https:\/\/www.webdo.tn\/fr\/","logo":{"@type":"ImageObject","inLanguage":"fr-FR","@id":"https:\/\/www.webdo.tn\/fr\/#\/schema\/logo\/image\/","url":"https:\/\/www.webdo.tn\/fr\/wp-content\/uploads\/2025\/06\/Webdo-Tunisie_168377.jpg","contentUrl":"https:\/\/www.webdo.tn\/fr\/wp-content\/uploads\/2025\/06\/Webdo-Tunisie_168377.jpg","width":301,"height":301,"caption":"Webdo"},"image":{"@id":"https:\/\/www.webdo.tn\/fr\/#\/schema\/logo\/image\/"},"sameAs":["https:\/\/www.facebook.com\/webdotn","https:\/\/x.com\/webdo_tn"],"description":"Webdo est un m\u00e9dia num\u00e9rique tunisien fond\u00e9 en 2010, sp\u00e9cialis\u00e9 dans l\u2019actualit\u00e9 nationale et internationale, l\u2019\u00e9conomie, la soci\u00e9t\u00e9 et les analyses politiques. Le site s\u2019adresse \u00e0 un large public francophone et couvre l\u2019information tunisienne en temps r\u00e9el.","email":"redac@webdo.tn","legalName":"YNJ SARL","foundingDate":"2010-09-06","numberOfEmployees":{"@type":"QuantitativeValue","minValue":"11","maxValue":"50"}},{"@type":"Person","@id":"https:\/\/www.webdo.tn\/fr\/#\/schema\/person\/9a9c6118d687c117df8ef3cc36a4d175","name":"webdo.tn","image":{"@type":"ImageObject","inLanguage":"fr-FR","@id":"https:\/\/secure.gravatar.com\/avatar\/7ce1f28c0c3bbac99ff550b85ef8e44a6950c6ee24514fb6a5489e51d06f0298?s=96&d=mm&r=g","url":"https:\/\/secure.gravatar.com\/avatar\/7ce1f28c0c3bbac99ff550b85ef8e44a6950c6ee24514fb6a5489e51d06f0298?s=96&d=mm&r=g","contentUrl":"https:\/\/secure.gravatar.com\/avatar\/7ce1f28c0c3bbac99ff550b85ef8e44a6950c6ee24514fb6a5489e51d06f0298?s=96&d=mm&r=g","caption":"webdo.tn"},"url":"https:\/\/www.webdo.tn\/fr\/actualite\/author\/webdotn\/"}]}},"_links":{"self":[{"href":"https:\/\/www.webdo.tn\/fr\/wp-json\/wp\/v2\/posts\/184216","targetHints":{"allow":["GET"]}}],"collection":[{"href":"https:\/\/www.webdo.tn\/fr\/wp-json\/wp\/v2\/posts"}],"about":[{"href":"https:\/\/www.webdo.tn\/fr\/wp-json\/wp\/v2\/types\/post"}],"author":[{"embeddable":true,"href":"https:\/\/www.webdo.tn\/fr\/wp-json\/wp\/v2\/users\/3222"}],"replies":[{"embeddable":true,"href":"https:\/\/www.webdo.tn\/fr\/wp-json\/wp\/v2\/comments?post=184216"}],"version-history":[{"count":0,"href":"https:\/\/www.webdo.tn\/fr\/wp-json\/wp\/v2\/posts\/184216\/revisions"}],"wp:featuredmedia":[{"embeddable":true,"href":"https:\/\/www.webdo.tn\/fr\/wp-json\/wp\/v2\/media\/330784"}],"wp:attachment":[{"href":"https:\/\/www.webdo.tn\/fr\/wp-json\/wp\/v2\/media?parent=184216"}],"wp:term":[{"taxonomy":"category","embeddable":true,"href":"https:\/\/www.webdo.tn\/fr\/wp-json\/wp\/v2\/categories?post=184216"},{"taxonomy":"post_tag","embeddable":true,"href":"https:\/\/www.webdo.tn\/fr\/wp-json\/wp\/v2\/tags?post=184216"}],"curies":[{"name":"wp","href":"https:\/\/api.w.org\/{rel}","templated":true}]}}