{"id":184215,"date":"2015-01-23T18:34:00","date_gmt":"2015-01-23T17:34:00","guid":{"rendered":"https:\/\/www.webdo.tn\/fr\/actualite\/international\/marche-contre-les-massacres-de-boko-haram-au-nigeria-samedi-24-janvier-tunis\/184215"},"modified":"2015-01-23T18:34:00","modified_gmt":"2015-01-23T17:34:00","slug":"marche-contre-les-massacres-de-boko-haram-au-nigeria-samedi-24-janvier-tunis","status":"publish","type":"post","link":"https:\/\/www.webdo.tn\/fr\/actualite\/international\/marche-contre-les-massacres-de-boko-haram-au-nigeria-samedi-24-janvier-tunis\/184215\/","title":{"rendered":"Marche contre les massacres de Boko Haram au Nigeria samedi 24 janvier \u00e0 Tunis"},"content":{"rendered":"<p>Une marche contre les massacres de Boko Haram au Nigeria sera organis\u00e9e ce samedi 24 janvier \u00e0 la place des droits de l&rsquo;homme \u00e0 Tunis, \u00e0 partir de 14h.<\/p>\n<p>Selon les organisateurs, cette marche intervient\u00a0pour dire \u00ab\u00a0non\u00a0\u00bb \u00e0 la barbarie, non aux massacres de femmes, d&rsquo;enfants et d&rsquo;hommes au Nig\u00e9ria, au nom d&rsquo;une interpr\u00e9tation erron\u00e9e d&rsquo;une religion, non \u00e0 Boko Haram.<br \/>\nC&rsquo;est quoi, Boko Haram ?<br \/>\nLe groupe islamiste arm\u00e9 Boko Haram est un mouvement salafiste-djihadiste qui est actuellement combattu dans le Nord-est du Nig\u00e9ria par les forces nig\u00e9rianes, o\u00f9 il\u00a0a r\u00e9ussi \u00e0 conqu\u00e9rir plusieurs grandes villes. Il pr\u00f4ne un islam radical et rigoriste et a pour objectif d&rsquo;instaurer un califat.<\/p>\n<p>R\u00e9cemment, Boko Haram\u00a0a commis les pires massacres qu&rsquo;ait connu le Nig\u00e9ria en mettant \u00e0 feu et \u00e0 sang seize villages,\u00a0dont Baga, entre le 6 et le 8 janvier. L&rsquo;organisation Amnesty international a \u00e9voqu\u00e9 2 000 victimes. L&rsquo;horreur a continu\u00e9 le samedi 10 janvier avec\u00a0l&rsquo;explosion d&rsquo;une fillette de 10 ans,\u00a0lors du march\u00e9\u00a0tr\u00e8s fr\u00e9quent\u00e9 de la ville de Ma\u00efdiguri. Bilan : 20 morts.<br \/>\nBoko Haram menace les pays voisins<br \/>\nAujourd&rsquo;hui, le chef de Boko Haram, Abubaka Shekau, menace de s&rsquo;attaquer aux pays voisins du Nig\u00e9ria, \u00e0 savoir le Niger, le Cameroun et le Tchad.\u00a0Des blind\u00e9s tchadiens ont \u00e9t\u00e9\u00a0d\u00e9ploy\u00e9 le long de la fronti\u00e8re du Cameroun.<\/p>\n","protected":false},"excerpt":{"rendered":"<p>Une marche contre les massacres de Boko Haram au Nigeria sera organis\u00e9e ce samedi 24 janvier \u00e0 la place des droits de l&rsquo;homme \u00e0 Tunis, \u00e0 partir de 14h.<\/p>\n","protected":false},"author":3222,"featured_media":375290,"comment_status":"open","ping_status":"open","sticky":false,"template":"","format":"standard","meta":{"footnotes":""},"categories":[2598],"tags":[],"class_list":["post-184215","post","type-post","status-publish","format-standard","has-post-thumbnail","hentry","category-international"],"yoast_head":"<!-- This site is optimized with the Yoast SEO Premium plugin v27.5 (Yoast SEO v27.5) - https:\/\/yoast.com\/product\/yoast-seo-premium-wordpress\/ -->\n<title>Marche contre les massacres de Boko Haram au Nigeria samedi 24 janvier \u00e0 Tunis<\/title>\n<meta name=\"description\" content=\"Marche contre les massacres de Boko Haram au Nigeria samedi 24 janvier \u00e0 Tunis\" \/>\n<link rel=\"canonical\" href=\"https:\/\/www.webdo.tn\/fr\/actualite\/international\/marche-contre-les-massacres-de-boko-haram-au-nigeria-samedi-24-janvier-tunis\/184215\/\" \/>\n<meta property=\"og:locale\" content=\"fr_FR\" \/>\n<meta property=\"og:type\" content=\"article\" \/>\n<meta property=\"og:title\" content=\"Marche contre les massacres de Boko Haram au Nigeria samedi 24 janvier \u00e0 Tunis\" \/>\n<meta property=\"og:description\" content=\"Marche contre les massacres de Boko Haram au Nigeria samedi 24 janvier \u00e0 Tunis\" \/>\n<meta property=\"og:url\" content=\"https:\/\/www.webdo.tn\/fr\/actualite\/international\/marche-contre-les-massacres-de-boko-haram-au-nigeria-samedi-24-janvier-tunis\/184215\/\" \/>\n<meta property=\"og:site_name\" content=\"webdo\" \/>\n<meta property=\"article:publisher\" content=\"https:\/\/www.facebook.com\/webdotn\" \/>\n<meta property=\"article:published_time\" content=\"2015-01-23T17:34:00+00:00\" \/>\n<meta name=\"author\" content=\"webdo.tn\" \/>\n<meta name=\"twitter:card\" content=\"summary_large_image\" \/>\n<meta name=\"twitter:creator\" content=\"@webdo_tn\" \/>\n<meta name=\"twitter:site\" content=\"@webdo_tn\" \/>\n<meta name=\"twitter:label1\" content=\"\u00c9crit par\" \/>\n\t<meta name=\"twitter:data1\" content=\"webdo.tn\" \/>\n\t<meta name=\"twitter:label2\" content=\"Dur\u00e9e de lecture estim\u00e9e\" \/>\n\t<meta name=\"twitter:data2\" content=\"1 minute\" \/>\n<script type=\"application\/ld+json\" class=\"yoast-schema-graph\">{\"@context\":\"https:\\\/\\\/schema.org\",\"@graph\":[{\"@type\":\"NewsArticle\",\"@id\":\"https:\\\/\\\/www.webdo.tn\\\/fr\\\/actualite\\\/international\\\/marche-contre-les-massacres-de-boko-haram-au-nigeria-samedi-24-janvier-tunis\\\/184215\\\/#article\",\"isPartOf\":{\"@id\":\"https:\\\/\\\/www.webdo.tn\\\/fr\\\/actualite\\\/international\\\/marche-contre-les-massacres-de-boko-haram-au-nigeria-samedi-24-janvier-tunis\\\/184215\\\/\"},\"author\":{\"name\":\"webdo.tn\",\"@id\":\"https:\\\/\\\/www.webdo.tn\\\/fr\\\/#\\\/schema\\\/person\\\/9a9c6118d687c117df8ef3cc36a4d175\"},\"headline\":\"Marche contre les massacres de Boko Haram au Nigeria samedi 24 janvier \u00e0 Tunis\",\"datePublished\":\"2015-01-23T17:34:00+00:00\",\"mainEntityOfPage\":{\"@id\":\"https:\\\/\\\/www.webdo.tn\\\/fr\\\/actualite\\\/international\\\/marche-contre-les-massacres-de-boko-haram-au-nigeria-samedi-24-janvier-tunis\\\/184215\\\/\"},\"wordCount\":248,\"commentCount\":0,\"publisher\":{\"@id\":\"https:\\\/\\\/www.webdo.tn\\\/fr\\\/#organization\"},\"image\":{\"@id\":\"https:\\\/\\\/www.webdo.tn\\\/fr\\\/actualite\\\/international\\\/marche-contre-les-massacres-de-boko-haram-au-nigeria-samedi-24-janvier-tunis\\\/184215\\\/#primaryimage\"},\"thumbnailUrl\":\"https:\\\/\\\/www.webdo.tn\\\/fr\\\/wp-content\\\/uploads\\\/2025\\\/06\\\/webdo_default_184215.jpg\",\"articleSection\":[\"International\"],\"inLanguage\":\"fr-FR\"},{\"@type\":\"WebPage\",\"@id\":\"https:\\\/\\\/www.webdo.tn\\\/fr\\\/actualite\\\/international\\\/marche-contre-les-massacres-de-boko-haram-au-nigeria-samedi-24-janvier-tunis\\\/184215\\\/\",\"url\":\"https:\\\/\\\/www.webdo.tn\\\/fr\\\/actualite\\\/international\\\/marche-contre-les-massacres-de-boko-haram-au-nigeria-samedi-24-janvier-tunis\\\/184215\\\/\",\"name\":\"Marche contre les massacres de Boko Haram au Nigeria samedi 24 janvier \u00e0 Tunis\",\"isPartOf\":{\"@id\":\"https:\\\/\\\/www.webdo.tn\\\/fr\\\/#website\"},\"primaryImageOfPage\":{\"@id\":\"https:\\\/\\\/www.webdo.tn\\\/fr\\\/actualite\\\/international\\\/marche-contre-les-massacres-de-boko-haram-au-nigeria-samedi-24-janvier-tunis\\\/184215\\\/#primaryimage\"},\"image\":{\"@id\":\"https:\\\/\\\/www.webdo.tn\\\/fr\\\/actualite\\\/international\\\/marche-contre-les-massacres-de-boko-haram-au-nigeria-samedi-24-janvier-tunis\\\/184215\\\/#primaryimage\"},\"thumbnailUrl\":\"https:\\\/\\\/www.webdo.tn\\\/fr\\\/wp-content\\\/uploads\\\/2025\\\/06\\\/webdo_default_184215.jpg\",\"datePublished\":\"2015-01-23T17:34:00+00:00\",\"description\":\"Marche contre les massacres de Boko Haram au Nigeria samedi 24 janvier \u00e0 Tunis\",\"breadcrumb\":{\"@id\":\"https:\\\/\\\/www.webdo.tn\\\/fr\\\/actualite\\\/international\\\/marche-contre-les-massacres-de-boko-haram-au-nigeria-samedi-24-janvier-tunis\\\/184215\\\/#breadcrumb\"},\"inLanguage\":\"fr-FR\",\"potentialAction\":[{\"@type\":\"ReadAction\",\"target\":[\"https:\\\/\\\/www.webdo.tn\\\/fr\\\/actualite\\\/international\\\/marche-contre-les-massacres-de-boko-haram-au-nigeria-samedi-24-janvier-tunis\\\/184215\\\/\"]}]},{\"@type\":\"ImageObject\",\"inLanguage\":\"fr-FR\",\"@id\":\"https:\\\/\\\/www.webdo.tn\\\/fr\\\/actualite\\\/international\\\/marche-contre-les-massacres-de-boko-haram-au-nigeria-samedi-24-janvier-tunis\\\/184215\\\/#primaryimage\",\"url\":\"https:\\\/\\\/www.webdo.tn\\\/fr\\\/wp-content\\\/uploads\\\/2025\\\/06\\\/webdo_default_184215.jpg\",\"contentUrl\":\"https:\\\/\\\/www.webdo.tn\\\/fr\\\/wp-content\\\/uploads\\\/2025\\\/06\\\/webdo_default_184215.jpg\",\"width\":800,\"height\":500,\"caption\":\"Marche contre les massacres de Boko Haram au Nigeria samedi 24 janvier \u00e0 Tunis\"},{\"@type\":\"BreadcrumbList\",\"@id\":\"https:\\\/\\\/www.webdo.tn\\\/fr\\\/actualite\\\/international\\\/marche-contre-les-massacres-de-boko-haram-au-nigeria-samedi-24-janvier-tunis\\\/184215\\\/#breadcrumb\",\"itemListElement\":[{\"@type\":\"ListItem\",\"position\":1,\"name\":\"Accueil\",\"item\":\"https:\\\/\\\/www.webdo.tn\\\/fr\\\/\"},{\"@type\":\"ListItem\",\"position\":2,\"name\":\"Marche contre les massacres de Boko Haram au Nigeria samedi 24 janvier \u00e0 Tunis\"}]},{\"@type\":\"WebSite\",\"@id\":\"https:\\\/\\\/www.webdo.tn\\\/fr\\\/#website\",\"url\":\"https:\\\/\\\/www.webdo.tn\\\/fr\\\/\",\"name\":\"webdo\",\"description\":\"Tunisie - News en Tunisie et \u00e0 l&#039;international sur Webdo.tn\",\"publisher\":{\"@id\":\"https:\\\/\\\/www.webdo.tn\\\/fr\\\/#organization\"},\"potentialAction\":[{\"@type\":\"SearchAction\",\"target\":{\"@type\":\"EntryPoint\",\"urlTemplate\":\"https:\\\/\\\/www.webdo.tn\\\/fr\\\/?s={search_term_string}\"},\"query-input\":{\"@type\":\"PropertyValueSpecification\",\"valueRequired\":true,\"valueName\":\"search_term_string\"}}],\"inLanguage\":\"fr-FR\"},{\"@type\":\"Organization\",\"@id\":\"https:\\\/\\\/www.webdo.tn\\\/fr\\\/#organization\",\"name\":\"Webdo\",\"alternateName\":\"Webdo.tn\",\"url\":\"https:\\\/\\\/www.webdo.tn\\\/fr\\\/\",\"logo\":{\"@type\":\"ImageObject\",\"inLanguage\":\"fr-FR\",\"@id\":\"https:\\\/\\\/www.webdo.tn\\\/fr\\\/#\\\/schema\\\/logo\\\/image\\\/\",\"url\":\"https:\\\/\\\/www.webdo.tn\\\/fr\\\/wp-content\\\/uploads\\\/2025\\\/06\\\/Webdo-Tunisie_168377.jpg\",\"contentUrl\":\"https:\\\/\\\/www.webdo.tn\\\/fr\\\/wp-content\\\/uploads\\\/2025\\\/06\\\/Webdo-Tunisie_168377.jpg\",\"width\":301,\"height\":301,\"caption\":\"Webdo\"},\"image\":{\"@id\":\"https:\\\/\\\/www.webdo.tn\\\/fr\\\/#\\\/schema\\\/logo\\\/image\\\/\"},\"sameAs\":[\"https:\\\/\\\/www.facebook.com\\\/webdotn\",\"https:\\\/\\\/x.com\\\/webdo_tn\"],\"description\":\"Webdo est un m\u00e9dia num\u00e9rique tunisien fond\u00e9 en 2010, sp\u00e9cialis\u00e9 dans l\u2019actualit\u00e9 nationale et internationale, l\u2019\u00e9conomie, la soci\u00e9t\u00e9 et les analyses politiques. Le site s\u2019adresse \u00e0 un large public francophone et couvre l\u2019information tunisienne en temps r\u00e9el.\",\"email\":\"redac@webdo.tn\",\"legalName\":\"YNJ SARL\",\"foundingDate\":\"2010-09-06\",\"numberOfEmployees\":{\"@type\":\"QuantitativeValue\",\"minValue\":\"11\",\"maxValue\":\"50\"}},{\"@type\":\"Person\",\"@id\":\"https:\\\/\\\/www.webdo.tn\\\/fr\\\/#\\\/schema\\\/person\\\/9a9c6118d687c117df8ef3cc36a4d175\",\"name\":\"webdo.tn\",\"image\":{\"@type\":\"ImageObject\",\"inLanguage\":\"fr-FR\",\"@id\":\"https:\\\/\\\/secure.gravatar.com\\\/avatar\\\/7ce1f28c0c3bbac99ff550b85ef8e44a6950c6ee24514fb6a5489e51d06f0298?s=96&d=mm&r=g\",\"url\":\"https:\\\/\\\/secure.gravatar.com\\\/avatar\\\/7ce1f28c0c3bbac99ff550b85ef8e44a6950c6ee24514fb6a5489e51d06f0298?s=96&d=mm&r=g\",\"contentUrl\":\"https:\\\/\\\/secure.gravatar.com\\\/avatar\\\/7ce1f28c0c3bbac99ff550b85ef8e44a6950c6ee24514fb6a5489e51d06f0298?s=96&d=mm&r=g\",\"caption\":\"webdo.tn\"},\"url\":\"https:\\\/\\\/www.webdo.tn\\\/fr\\\/actualite\\\/author\\\/webdotn\\\/\"}]}<\/script>\n<!-- \/ Yoast SEO Premium plugin. -->","yoast_head_json":{"title":"Marche contre les massacres de Boko Haram au Nigeria samedi 24 janvier \u00e0 Tunis","description":"Marche contre les massacres de Boko Haram au Nigeria samedi 24 janvier \u00e0 Tunis","canonical":"https:\/\/www.webdo.tn\/fr\/actualite\/international\/marche-contre-les-massacres-de-boko-haram-au-nigeria-samedi-24-janvier-tunis\/184215\/","og_locale":"fr_FR","og_type":"article","og_title":"Marche contre les massacres de Boko Haram au Nigeria samedi 24 janvier \u00e0 Tunis","og_description":"Marche contre les massacres de Boko Haram au Nigeria samedi 24 janvier \u00e0 Tunis","og_url":"https:\/\/www.webdo.tn\/fr\/actualite\/international\/marche-contre-les-massacres-de-boko-haram-au-nigeria-samedi-24-janvier-tunis\/184215\/","og_site_name":"webdo","article_publisher":"https:\/\/www.facebook.com\/webdotn","article_published_time":"2015-01-23T17:34:00+00:00","author":"webdo.tn","twitter_card":"summary_large_image","twitter_creator":"@webdo_tn","twitter_site":"@webdo_tn","twitter_misc":{"\u00c9crit par":"webdo.tn","Dur\u00e9e de lecture estim\u00e9e":"1 minute"},"schema":{"@context":"https:\/\/schema.org","@graph":[{"@type":"NewsArticle","@id":"https:\/\/www.webdo.tn\/fr\/actualite\/international\/marche-contre-les-massacres-de-boko-haram-au-nigeria-samedi-24-janvier-tunis\/184215\/#article","isPartOf":{"@id":"https:\/\/www.webdo.tn\/fr\/actualite\/international\/marche-contre-les-massacres-de-boko-haram-au-nigeria-samedi-24-janvier-tunis\/184215\/"},"author":{"name":"webdo.tn","@id":"https:\/\/www.webdo.tn\/fr\/#\/schema\/person\/9a9c6118d687c117df8ef3cc36a4d175"},"headline":"Marche contre les massacres de Boko Haram au Nigeria samedi 24 janvier \u00e0 Tunis","datePublished":"2015-01-23T17:34:00+00:00","mainEntityOfPage":{"@id":"https:\/\/www.webdo.tn\/fr\/actualite\/international\/marche-contre-les-massacres-de-boko-haram-au-nigeria-samedi-24-janvier-tunis\/184215\/"},"wordCount":248,"commentCount":0,"publisher":{"@id":"https:\/\/www.webdo.tn\/fr\/#organization"},"image":{"@id":"https:\/\/www.webdo.tn\/fr\/actualite\/international\/marche-contre-les-massacres-de-boko-haram-au-nigeria-samedi-24-janvier-tunis\/184215\/#primaryimage"},"thumbnailUrl":"https:\/\/www.webdo.tn\/fr\/wp-content\/uploads\/2025\/06\/webdo_default_184215.jpg","articleSection":["International"],"inLanguage":"fr-FR"},{"@type":"WebPage","@id":"https:\/\/www.webdo.tn\/fr\/actualite\/international\/marche-contre-les-massacres-de-boko-haram-au-nigeria-samedi-24-janvier-tunis\/184215\/","url":"https:\/\/www.webdo.tn\/fr\/actualite\/international\/marche-contre-les-massacres-de-boko-haram-au-nigeria-samedi-24-janvier-tunis\/184215\/","name":"Marche contre les massacres de Boko Haram au Nigeria samedi 24 janvier \u00e0 Tunis","isPartOf":{"@id":"https:\/\/www.webdo.tn\/fr\/#website"},"primaryImageOfPage":{"@id":"https:\/\/www.webdo.tn\/fr\/actualite\/international\/marche-contre-les-massacres-de-boko-haram-au-nigeria-samedi-24-janvier-tunis\/184215\/#primaryimage"},"image":{"@id":"https:\/\/www.webdo.tn\/fr\/actualite\/international\/marche-contre-les-massacres-de-boko-haram-au-nigeria-samedi-24-janvier-tunis\/184215\/#primaryimage"},"thumbnailUrl":"https:\/\/www.webdo.tn\/fr\/wp-content\/uploads\/2025\/06\/webdo_default_184215.jpg","datePublished":"2015-01-23T17:34:00+00:00","description":"Marche contre les massacres de Boko Haram au Nigeria samedi 24 janvier \u00e0 Tunis","breadcrumb":{"@id":"https:\/\/www.webdo.tn\/fr\/actualite\/international\/marche-contre-les-massacres-de-boko-haram-au-nigeria-samedi-24-janvier-tunis\/184215\/#breadcrumb"},"inLanguage":"fr-FR","potentialAction":[{"@type":"ReadAction","target":["https:\/\/www.webdo.tn\/fr\/actualite\/international\/marche-contre-les-massacres-de-boko-haram-au-nigeria-samedi-24-janvier-tunis\/184215\/"]}]},{"@type":"ImageObject","inLanguage":"fr-FR","@id":"https:\/\/www.webdo.tn\/fr\/actualite\/international\/marche-contre-les-massacres-de-boko-haram-au-nigeria-samedi-24-janvier-tunis\/184215\/#primaryimage","url":"https:\/\/www.webdo.tn\/fr\/wp-content\/uploads\/2025\/06\/webdo_default_184215.jpg","contentUrl":"https:\/\/www.webdo.tn\/fr\/wp-content\/uploads\/2025\/06\/webdo_default_184215.jpg","width":800,"height":500,"caption":"Marche contre les massacres de Boko Haram au Nigeria samedi 24 janvier \u00e0 Tunis"},{"@type":"BreadcrumbList","@id":"https:\/\/www.webdo.tn\/fr\/actualite\/international\/marche-contre-les-massacres-de-boko-haram-au-nigeria-samedi-24-janvier-tunis\/184215\/#breadcrumb","itemListElement":[{"@type":"ListItem","position":1,"name":"Accueil","item":"https:\/\/www.webdo.tn\/fr\/"},{"@type":"ListItem","position":2,"name":"Marche contre les massacres de Boko Haram au Nigeria samedi 24 janvier \u00e0 Tunis"}]},{"@type":"WebSite","@id":"https:\/\/www.webdo.tn\/fr\/#website","url":"https:\/\/www.webdo.tn\/fr\/","name":"webdo","description":"Tunisie - News en Tunisie et \u00e0 l&#039;international sur Webdo.tn","publisher":{"@id":"https:\/\/www.webdo.tn\/fr\/#organization"},"potentialAction":[{"@type":"SearchAction","target":{"@type":"EntryPoint","urlTemplate":"https:\/\/www.webdo.tn\/fr\/?s={search_term_string}"},"query-input":{"@type":"PropertyValueSpecification","valueRequired":true,"valueName":"search_term_string"}}],"inLanguage":"fr-FR"},{"@type":"Organization","@id":"https:\/\/www.webdo.tn\/fr\/#organization","name":"Webdo","alternateName":"Webdo.tn","url":"https:\/\/www.webdo.tn\/fr\/","logo":{"@type":"ImageObject","inLanguage":"fr-FR","@id":"https:\/\/www.webdo.tn\/fr\/#\/schema\/logo\/image\/","url":"https:\/\/www.webdo.tn\/fr\/wp-content\/uploads\/2025\/06\/Webdo-Tunisie_168377.jpg","contentUrl":"https:\/\/www.webdo.tn\/fr\/wp-content\/uploads\/2025\/06\/Webdo-Tunisie_168377.jpg","width":301,"height":301,"caption":"Webdo"},"image":{"@id":"https:\/\/www.webdo.tn\/fr\/#\/schema\/logo\/image\/"},"sameAs":["https:\/\/www.facebook.com\/webdotn","https:\/\/x.com\/webdo_tn"],"description":"Webdo est un m\u00e9dia num\u00e9rique tunisien fond\u00e9 en 2010, sp\u00e9cialis\u00e9 dans l\u2019actualit\u00e9 nationale et internationale, l\u2019\u00e9conomie, la soci\u00e9t\u00e9 et les analyses politiques. Le site s\u2019adresse \u00e0 un large public francophone et couvre l\u2019information tunisienne en temps r\u00e9el.","email":"redac@webdo.tn","legalName":"YNJ SARL","foundingDate":"2010-09-06","numberOfEmployees":{"@type":"QuantitativeValue","minValue":"11","maxValue":"50"}},{"@type":"Person","@id":"https:\/\/www.webdo.tn\/fr\/#\/schema\/person\/9a9c6118d687c117df8ef3cc36a4d175","name":"webdo.tn","image":{"@type":"ImageObject","inLanguage":"fr-FR","@id":"https:\/\/secure.gravatar.com\/avatar\/7ce1f28c0c3bbac99ff550b85ef8e44a6950c6ee24514fb6a5489e51d06f0298?s=96&d=mm&r=g","url":"https:\/\/secure.gravatar.com\/avatar\/7ce1f28c0c3bbac99ff550b85ef8e44a6950c6ee24514fb6a5489e51d06f0298?s=96&d=mm&r=g","contentUrl":"https:\/\/secure.gravatar.com\/avatar\/7ce1f28c0c3bbac99ff550b85ef8e44a6950c6ee24514fb6a5489e51d06f0298?s=96&d=mm&r=g","caption":"webdo.tn"},"url":"https:\/\/www.webdo.tn\/fr\/actualite\/author\/webdotn\/"}]}},"_links":{"self":[{"href":"https:\/\/www.webdo.tn\/fr\/wp-json\/wp\/v2\/posts\/184215","targetHints":{"allow":["GET"]}}],"collection":[{"href":"https:\/\/www.webdo.tn\/fr\/wp-json\/wp\/v2\/posts"}],"about":[{"href":"https:\/\/www.webdo.tn\/fr\/wp-json\/wp\/v2\/types\/post"}],"author":[{"embeddable":true,"href":"https:\/\/www.webdo.tn\/fr\/wp-json\/wp\/v2\/users\/3222"}],"replies":[{"embeddable":true,"href":"https:\/\/www.webdo.tn\/fr\/wp-json\/wp\/v2\/comments?post=184215"}],"version-history":[{"count":0,"href":"https:\/\/www.webdo.tn\/fr\/wp-json\/wp\/v2\/posts\/184215\/revisions"}],"wp:featuredmedia":[{"embeddable":true,"href":"https:\/\/www.webdo.tn\/fr\/wp-json\/wp\/v2\/media\/375290"}],"wp:attachment":[{"href":"https:\/\/www.webdo.tn\/fr\/wp-json\/wp\/v2\/media?parent=184215"}],"wp:term":[{"taxonomy":"category","embeddable":true,"href":"https:\/\/www.webdo.tn\/fr\/wp-json\/wp\/v2\/categories?post=184215"},{"taxonomy":"post_tag","embeddable":true,"href":"https:\/\/www.webdo.tn\/fr\/wp-json\/wp\/v2\/tags?post=184215"}],"curies":[{"name":"wp","href":"https:\/\/api.w.org\/{rel}","templated":true}]}}