{"id":184213,"date":"2015-01-24T12:48:00","date_gmt":"2015-01-24T12:48:00","guid":{"rendered":"https:\/\/www.webdo.tn\/fr\/blog\/mohamed-al-zahaoui-chef-dansar-al-charia-en-libye-est-mort\/184213\/"},"modified":"2025-05-19T10:23:26","modified_gmt":"2025-05-19T10:23:26","slug":"mohamed-al-zahaoui-chef-dansar-al-charia-en-libye-est-mort","status":"publish","type":"post","link":"https:\/\/www.webdo.tn\/fr\/actualite\/international\/mohamed-al-zahaoui-chef-dansar-al-charia-en-libye-est-mort\/184213\/","title":{"rendered":"Mohamed al Zahaoui, chef d&rsquo;Ansar al Charia en Libye est mort"},"content":{"rendered":"<p>Le chef du groupe islamiste libyen Ansar al Charia, Mohamed al Zahaoui, a succomb\u00e9 \u00e0 des blessures vieilles de plusieurs mois, a rapport\u00e9 ce vendredi 23 janvier l&rsquo;agence Reuters aupr\u00e8s de sa famille et de responsables libyens.<\/p>\n<p>Zahaoui avait fond\u00e9 la brigade Ansar al Charia \u00e0 Benghazi apr\u00e8s avoir particip\u00e9 \u00e0 la chute de Mouammar Kadhafi en 2011. Gri\u00e8vement bless\u00e9 il y a plusieurs mois lors d&rsquo;affrontements avec les forces pro-gouvernementales, il \u00e9tait hospitalis\u00e9 depuis.<\/p>\n<p>Fadhl al Hassi, un commandant militaire luttant contre les forces d&rsquo;Ansar al Charia \u00e0 Benghazi, a confirm\u00e9 sa mort. Il a pr\u00e9cis\u00e9 que Zahaoui avait \u00e9t\u00e9 bless\u00e9 en septembre dernier.<\/p>\n<p>Il aurait \u00e9t\u00e9 enterr\u00e9 \u00e0 Misrata dans l\u2019anonymat, selon des responsables libyens.<\/p>\n","protected":false},"excerpt":{"rendered":"<p>Mohamed al Zahaoui, chef d&rsquo;Ansar al Charia en Libye est mort<\/p>\n","protected":false},"author":3222,"featured_media":319246,"comment_status":"open","ping_status":"closed","sticky":false,"template":"","format":"standard","meta":{"footnotes":""},"categories":[2598],"tags":[2600],"class_list":["post-184213","post","type-post","status-publish","format-standard","has-post-thumbnail","hentry","category-international","tag-guerre"],"yoast_head":"<!-- This site is optimized with the Yoast SEO Premium plugin v27.5 (Yoast SEO v27.5) - https:\/\/yoast.com\/product\/yoast-seo-premium-wordpress\/ -->\n<title>Mohamed al Zahaoui, chef d&#039;Ansar al Charia en Libye est mort<\/title>\n<meta name=\"description\" content=\"Mohamed al Zahaoui, chef d&#039;Ansar al Charia en Libye est mort\" \/>\n<link rel=\"canonical\" href=\"https:\/\/www.webdo.tn\/fr\/actualite\/international\/mohamed-al-zahaoui-chef-dansar-al-charia-en-libye-est-mort\/184213\/\" \/>\n<meta property=\"og:locale\" content=\"fr_FR\" \/>\n<meta property=\"og:type\" content=\"article\" \/>\n<meta property=\"og:title\" content=\"Mohamed al Zahaoui, chef d&#039;Ansar al Charia en Libye est mort\" \/>\n<meta property=\"og:description\" content=\"Mohamed al Zahaoui, chef d&#039;Ansar al Charia en Libye est mort\" \/>\n<meta property=\"og:url\" content=\"https:\/\/www.webdo.tn\/fr\/actualite\/international\/mohamed-al-zahaoui-chef-dansar-al-charia-en-libye-est-mort\/184213\/\" \/>\n<meta property=\"og:site_name\" content=\"webdo\" \/>\n<meta property=\"article:publisher\" content=\"https:\/\/www.facebook.com\/webdotn\" \/>\n<meta property=\"article:published_time\" content=\"2015-01-24T12:48:00+00:00\" \/>\n<meta property=\"article:modified_time\" content=\"2025-05-19T10:23:26+00:00\" \/>\n<meta property=\"og:image\" content=\"https:\/\/www.webdo.tn\/fr\/wp-content\/uploads\/2015\/01\/Mohamed-al-Zahaoui.jpg\" \/>\n\t<meta property=\"og:image:width\" content=\"325\" \/>\n\t<meta property=\"og:image:height\" content=\"300\" \/>\n\t<meta property=\"og:image:type\" content=\"image\/jpeg\" \/>\n<meta name=\"author\" content=\"webdo.tn\" \/>\n<meta name=\"twitter:card\" content=\"summary_large_image\" \/>\n<meta name=\"twitter:creator\" content=\"@webdo_tn\" \/>\n<meta name=\"twitter:site\" content=\"@webdo_tn\" \/>\n<meta name=\"twitter:label1\" content=\"\u00c9crit par\" \/>\n\t<meta name=\"twitter:data1\" content=\"webdo.tn\" \/>\n\t<meta name=\"twitter:label2\" content=\"Dur\u00e9e de lecture estim\u00e9e\" \/>\n\t<meta name=\"twitter:data2\" content=\"1 minute\" \/>\n<script type=\"application\/ld+json\" class=\"yoast-schema-graph\">{\"@context\":\"https:\\\/\\\/schema.org\",\"@graph\":[{\"@type\":\"NewsArticle\",\"@id\":\"https:\\\/\\\/www.webdo.tn\\\/fr\\\/actualite\\\/international\\\/mohamed-al-zahaoui-chef-dansar-al-charia-en-libye-est-mort\\\/184213\\\/#article\",\"isPartOf\":{\"@id\":\"https:\\\/\\\/www.webdo.tn\\\/fr\\\/actualite\\\/international\\\/mohamed-al-zahaoui-chef-dansar-al-charia-en-libye-est-mort\\\/184213\\\/\"},\"author\":{\"name\":\"webdo.tn\",\"@id\":\"https:\\\/\\\/www.webdo.tn\\\/fr\\\/#\\\/schema\\\/person\\\/9a9c6118d687c117df8ef3cc36a4d175\"},\"headline\":\"Mohamed al Zahaoui, chef d&rsquo;Ansar al Charia en Libye est mort\",\"datePublished\":\"2015-01-24T12:48:00+00:00\",\"dateModified\":\"2025-05-19T10:23:26+00:00\",\"mainEntityOfPage\":{\"@id\":\"https:\\\/\\\/www.webdo.tn\\\/fr\\\/actualite\\\/international\\\/mohamed-al-zahaoui-chef-dansar-al-charia-en-libye-est-mort\\\/184213\\\/\"},\"wordCount\":130,\"commentCount\":0,\"publisher\":{\"@id\":\"https:\\\/\\\/www.webdo.tn\\\/fr\\\/#organization\"},\"image\":{\"@id\":\"https:\\\/\\\/www.webdo.tn\\\/fr\\\/actualite\\\/international\\\/mohamed-al-zahaoui-chef-dansar-al-charia-en-libye-est-mort\\\/184213\\\/#primaryimage\"},\"thumbnailUrl\":\"https:\\\/\\\/www.webdo.tn\\\/fr\\\/wp-content\\\/uploads\\\/2015\\\/01\\\/Mohamed-al-Zahaoui.jpg\",\"keywords\":[\"guerre\"],\"articleSection\":[\"International\"],\"inLanguage\":\"fr-FR\"},{\"@type\":\"WebPage\",\"@id\":\"https:\\\/\\\/www.webdo.tn\\\/fr\\\/actualite\\\/international\\\/mohamed-al-zahaoui-chef-dansar-al-charia-en-libye-est-mort\\\/184213\\\/\",\"url\":\"https:\\\/\\\/www.webdo.tn\\\/fr\\\/actualite\\\/international\\\/mohamed-al-zahaoui-chef-dansar-al-charia-en-libye-est-mort\\\/184213\\\/\",\"name\":\"Mohamed al Zahaoui, chef d'Ansar al Charia en Libye est mort\",\"isPartOf\":{\"@id\":\"https:\\\/\\\/www.webdo.tn\\\/fr\\\/#website\"},\"primaryImageOfPage\":{\"@id\":\"https:\\\/\\\/www.webdo.tn\\\/fr\\\/actualite\\\/international\\\/mohamed-al-zahaoui-chef-dansar-al-charia-en-libye-est-mort\\\/184213\\\/#primaryimage\"},\"image\":{\"@id\":\"https:\\\/\\\/www.webdo.tn\\\/fr\\\/actualite\\\/international\\\/mohamed-al-zahaoui-chef-dansar-al-charia-en-libye-est-mort\\\/184213\\\/#primaryimage\"},\"thumbnailUrl\":\"https:\\\/\\\/www.webdo.tn\\\/fr\\\/wp-content\\\/uploads\\\/2015\\\/01\\\/Mohamed-al-Zahaoui.jpg\",\"datePublished\":\"2015-01-24T12:48:00+00:00\",\"dateModified\":\"2025-05-19T10:23:26+00:00\",\"description\":\"Mohamed al Zahaoui, chef d'Ansar al Charia en Libye est mort\",\"breadcrumb\":{\"@id\":\"https:\\\/\\\/www.webdo.tn\\\/fr\\\/actualite\\\/international\\\/mohamed-al-zahaoui-chef-dansar-al-charia-en-libye-est-mort\\\/184213\\\/#breadcrumb\"},\"inLanguage\":\"fr-FR\",\"potentialAction\":[{\"@type\":\"ReadAction\",\"target\":[\"https:\\\/\\\/www.webdo.tn\\\/fr\\\/actualite\\\/international\\\/mohamed-al-zahaoui-chef-dansar-al-charia-en-libye-est-mort\\\/184213\\\/\"]}]},{\"@type\":\"ImageObject\",\"inLanguage\":\"fr-FR\",\"@id\":\"https:\\\/\\\/www.webdo.tn\\\/fr\\\/actualite\\\/international\\\/mohamed-al-zahaoui-chef-dansar-al-charia-en-libye-est-mort\\\/184213\\\/#primaryimage\",\"url\":\"https:\\\/\\\/www.webdo.tn\\\/fr\\\/wp-content\\\/uploads\\\/2015\\\/01\\\/Mohamed-al-Zahaoui.jpg\",\"contentUrl\":\"https:\\\/\\\/www.webdo.tn\\\/fr\\\/wp-content\\\/uploads\\\/2015\\\/01\\\/Mohamed-al-Zahaoui.jpg\",\"width\":325,\"height\":300,\"caption\":\"Mohamed al Zahaoui, chef d'Ansar al Charia en Libye est mort\"},{\"@type\":\"BreadcrumbList\",\"@id\":\"https:\\\/\\\/www.webdo.tn\\\/fr\\\/actualite\\\/international\\\/mohamed-al-zahaoui-chef-dansar-al-charia-en-libye-est-mort\\\/184213\\\/#breadcrumb\",\"itemListElement\":[{\"@type\":\"ListItem\",\"position\":1,\"name\":\"Accueil\",\"item\":\"https:\\\/\\\/www.webdo.tn\\\/fr\\\/\"},{\"@type\":\"ListItem\",\"position\":2,\"name\":\"Mohamed al Zahaoui, chef d&rsquo;Ansar al Charia en Libye est mort\"}]},{\"@type\":\"WebSite\",\"@id\":\"https:\\\/\\\/www.webdo.tn\\\/fr\\\/#website\",\"url\":\"https:\\\/\\\/www.webdo.tn\\\/fr\\\/\",\"name\":\"webdo\",\"description\":\"Tunisie - News en Tunisie et \u00e0 l&#039;international sur Webdo.tn\",\"publisher\":{\"@id\":\"https:\\\/\\\/www.webdo.tn\\\/fr\\\/#organization\"},\"potentialAction\":[{\"@type\":\"SearchAction\",\"target\":{\"@type\":\"EntryPoint\",\"urlTemplate\":\"https:\\\/\\\/www.webdo.tn\\\/fr\\\/?s={search_term_string}\"},\"query-input\":{\"@type\":\"PropertyValueSpecification\",\"valueRequired\":true,\"valueName\":\"search_term_string\"}}],\"inLanguage\":\"fr-FR\"},{\"@type\":\"Organization\",\"@id\":\"https:\\\/\\\/www.webdo.tn\\\/fr\\\/#organization\",\"name\":\"Webdo\",\"alternateName\":\"Webdo.tn\",\"url\":\"https:\\\/\\\/www.webdo.tn\\\/fr\\\/\",\"logo\":{\"@type\":\"ImageObject\",\"inLanguage\":\"fr-FR\",\"@id\":\"https:\\\/\\\/www.webdo.tn\\\/fr\\\/#\\\/schema\\\/logo\\\/image\\\/\",\"url\":\"https:\\\/\\\/www.webdo.tn\\\/fr\\\/wp-content\\\/uploads\\\/2025\\\/06\\\/Webdo-Tunisie_168377.jpg\",\"contentUrl\":\"https:\\\/\\\/www.webdo.tn\\\/fr\\\/wp-content\\\/uploads\\\/2025\\\/06\\\/Webdo-Tunisie_168377.jpg\",\"width\":301,\"height\":301,\"caption\":\"Webdo\"},\"image\":{\"@id\":\"https:\\\/\\\/www.webdo.tn\\\/fr\\\/#\\\/schema\\\/logo\\\/image\\\/\"},\"sameAs\":[\"https:\\\/\\\/www.facebook.com\\\/webdotn\",\"https:\\\/\\\/x.com\\\/webdo_tn\"],\"description\":\"Webdo est un m\u00e9dia num\u00e9rique tunisien fond\u00e9 en 2010, sp\u00e9cialis\u00e9 dans l\u2019actualit\u00e9 nationale et internationale, l\u2019\u00e9conomie, la soci\u00e9t\u00e9 et les analyses politiques. Le site s\u2019adresse \u00e0 un large public francophone et couvre l\u2019information tunisienne en temps r\u00e9el.\",\"email\":\"redac@webdo.tn\",\"legalName\":\"YNJ SARL\",\"foundingDate\":\"2010-09-06\",\"numberOfEmployees\":{\"@type\":\"QuantitativeValue\",\"minValue\":\"11\",\"maxValue\":\"50\"}},{\"@type\":\"Person\",\"@id\":\"https:\\\/\\\/www.webdo.tn\\\/fr\\\/#\\\/schema\\\/person\\\/9a9c6118d687c117df8ef3cc36a4d175\",\"name\":\"webdo.tn\",\"image\":{\"@type\":\"ImageObject\",\"inLanguage\":\"fr-FR\",\"@id\":\"https:\\\/\\\/secure.gravatar.com\\\/avatar\\\/7ce1f28c0c3bbac99ff550b85ef8e44a6950c6ee24514fb6a5489e51d06f0298?s=96&d=mm&r=g\",\"url\":\"https:\\\/\\\/secure.gravatar.com\\\/avatar\\\/7ce1f28c0c3bbac99ff550b85ef8e44a6950c6ee24514fb6a5489e51d06f0298?s=96&d=mm&r=g\",\"contentUrl\":\"https:\\\/\\\/secure.gravatar.com\\\/avatar\\\/7ce1f28c0c3bbac99ff550b85ef8e44a6950c6ee24514fb6a5489e51d06f0298?s=96&d=mm&r=g\",\"caption\":\"webdo.tn\"},\"url\":\"https:\\\/\\\/www.webdo.tn\\\/fr\\\/actualite\\\/author\\\/webdotn\\\/\"}]}<\/script>\n<!-- \/ Yoast SEO Premium plugin. -->","yoast_head_json":{"title":"Mohamed al Zahaoui, chef d'Ansar al Charia en Libye est mort","description":"Mohamed al Zahaoui, chef d'Ansar al Charia en Libye est mort","canonical":"https:\/\/www.webdo.tn\/fr\/actualite\/international\/mohamed-al-zahaoui-chef-dansar-al-charia-en-libye-est-mort\/184213\/","og_locale":"fr_FR","og_type":"article","og_title":"Mohamed al Zahaoui, chef d'Ansar al Charia en Libye est mort","og_description":"Mohamed al Zahaoui, chef d'Ansar al Charia en Libye est mort","og_url":"https:\/\/www.webdo.tn\/fr\/actualite\/international\/mohamed-al-zahaoui-chef-dansar-al-charia-en-libye-est-mort\/184213\/","og_site_name":"webdo","article_publisher":"https:\/\/www.facebook.com\/webdotn","article_published_time":"2015-01-24T12:48:00+00:00","article_modified_time":"2025-05-19T10:23:26+00:00","og_image":[{"width":325,"height":300,"url":"https:\/\/www.webdo.tn\/fr\/wp-content\/uploads\/2015\/01\/Mohamed-al-Zahaoui.jpg","type":"image\/jpeg"}],"author":"webdo.tn","twitter_card":"summary_large_image","twitter_creator":"@webdo_tn","twitter_site":"@webdo_tn","twitter_misc":{"\u00c9crit par":"webdo.tn","Dur\u00e9e de lecture estim\u00e9e":"1 minute"},"schema":{"@context":"https:\/\/schema.org","@graph":[{"@type":"NewsArticle","@id":"https:\/\/www.webdo.tn\/fr\/actualite\/international\/mohamed-al-zahaoui-chef-dansar-al-charia-en-libye-est-mort\/184213\/#article","isPartOf":{"@id":"https:\/\/www.webdo.tn\/fr\/actualite\/international\/mohamed-al-zahaoui-chef-dansar-al-charia-en-libye-est-mort\/184213\/"},"author":{"name":"webdo.tn","@id":"https:\/\/www.webdo.tn\/fr\/#\/schema\/person\/9a9c6118d687c117df8ef3cc36a4d175"},"headline":"Mohamed al Zahaoui, chef d&rsquo;Ansar al Charia en Libye est mort","datePublished":"2015-01-24T12:48:00+00:00","dateModified":"2025-05-19T10:23:26+00:00","mainEntityOfPage":{"@id":"https:\/\/www.webdo.tn\/fr\/actualite\/international\/mohamed-al-zahaoui-chef-dansar-al-charia-en-libye-est-mort\/184213\/"},"wordCount":130,"commentCount":0,"publisher":{"@id":"https:\/\/www.webdo.tn\/fr\/#organization"},"image":{"@id":"https:\/\/www.webdo.tn\/fr\/actualite\/international\/mohamed-al-zahaoui-chef-dansar-al-charia-en-libye-est-mort\/184213\/#primaryimage"},"thumbnailUrl":"https:\/\/www.webdo.tn\/fr\/wp-content\/uploads\/2015\/01\/Mohamed-al-Zahaoui.jpg","keywords":["guerre"],"articleSection":["International"],"inLanguage":"fr-FR"},{"@type":"WebPage","@id":"https:\/\/www.webdo.tn\/fr\/actualite\/international\/mohamed-al-zahaoui-chef-dansar-al-charia-en-libye-est-mort\/184213\/","url":"https:\/\/www.webdo.tn\/fr\/actualite\/international\/mohamed-al-zahaoui-chef-dansar-al-charia-en-libye-est-mort\/184213\/","name":"Mohamed al Zahaoui, chef d'Ansar al Charia en Libye est mort","isPartOf":{"@id":"https:\/\/www.webdo.tn\/fr\/#website"},"primaryImageOfPage":{"@id":"https:\/\/www.webdo.tn\/fr\/actualite\/international\/mohamed-al-zahaoui-chef-dansar-al-charia-en-libye-est-mort\/184213\/#primaryimage"},"image":{"@id":"https:\/\/www.webdo.tn\/fr\/actualite\/international\/mohamed-al-zahaoui-chef-dansar-al-charia-en-libye-est-mort\/184213\/#primaryimage"},"thumbnailUrl":"https:\/\/www.webdo.tn\/fr\/wp-content\/uploads\/2015\/01\/Mohamed-al-Zahaoui.jpg","datePublished":"2015-01-24T12:48:00+00:00","dateModified":"2025-05-19T10:23:26+00:00","description":"Mohamed al Zahaoui, chef d'Ansar al Charia en Libye est mort","breadcrumb":{"@id":"https:\/\/www.webdo.tn\/fr\/actualite\/international\/mohamed-al-zahaoui-chef-dansar-al-charia-en-libye-est-mort\/184213\/#breadcrumb"},"inLanguage":"fr-FR","potentialAction":[{"@type":"ReadAction","target":["https:\/\/www.webdo.tn\/fr\/actualite\/international\/mohamed-al-zahaoui-chef-dansar-al-charia-en-libye-est-mort\/184213\/"]}]},{"@type":"ImageObject","inLanguage":"fr-FR","@id":"https:\/\/www.webdo.tn\/fr\/actualite\/international\/mohamed-al-zahaoui-chef-dansar-al-charia-en-libye-est-mort\/184213\/#primaryimage","url":"https:\/\/www.webdo.tn\/fr\/wp-content\/uploads\/2015\/01\/Mohamed-al-Zahaoui.jpg","contentUrl":"https:\/\/www.webdo.tn\/fr\/wp-content\/uploads\/2015\/01\/Mohamed-al-Zahaoui.jpg","width":325,"height":300,"caption":"Mohamed al Zahaoui, chef d'Ansar al Charia en Libye est mort"},{"@type":"BreadcrumbList","@id":"https:\/\/www.webdo.tn\/fr\/actualite\/international\/mohamed-al-zahaoui-chef-dansar-al-charia-en-libye-est-mort\/184213\/#breadcrumb","itemListElement":[{"@type":"ListItem","position":1,"name":"Accueil","item":"https:\/\/www.webdo.tn\/fr\/"},{"@type":"ListItem","position":2,"name":"Mohamed al Zahaoui, chef d&rsquo;Ansar al Charia en Libye est mort"}]},{"@type":"WebSite","@id":"https:\/\/www.webdo.tn\/fr\/#website","url":"https:\/\/www.webdo.tn\/fr\/","name":"webdo","description":"Tunisie - News en Tunisie et \u00e0 l&#039;international sur Webdo.tn","publisher":{"@id":"https:\/\/www.webdo.tn\/fr\/#organization"},"potentialAction":[{"@type":"SearchAction","target":{"@type":"EntryPoint","urlTemplate":"https:\/\/www.webdo.tn\/fr\/?s={search_term_string}"},"query-input":{"@type":"PropertyValueSpecification","valueRequired":true,"valueName":"search_term_string"}}],"inLanguage":"fr-FR"},{"@type":"Organization","@id":"https:\/\/www.webdo.tn\/fr\/#organization","name":"Webdo","alternateName":"Webdo.tn","url":"https:\/\/www.webdo.tn\/fr\/","logo":{"@type":"ImageObject","inLanguage":"fr-FR","@id":"https:\/\/www.webdo.tn\/fr\/#\/schema\/logo\/image\/","url":"https:\/\/www.webdo.tn\/fr\/wp-content\/uploads\/2025\/06\/Webdo-Tunisie_168377.jpg","contentUrl":"https:\/\/www.webdo.tn\/fr\/wp-content\/uploads\/2025\/06\/Webdo-Tunisie_168377.jpg","width":301,"height":301,"caption":"Webdo"},"image":{"@id":"https:\/\/www.webdo.tn\/fr\/#\/schema\/logo\/image\/"},"sameAs":["https:\/\/www.facebook.com\/webdotn","https:\/\/x.com\/webdo_tn"],"description":"Webdo est un m\u00e9dia num\u00e9rique tunisien fond\u00e9 en 2010, sp\u00e9cialis\u00e9 dans l\u2019actualit\u00e9 nationale et internationale, l\u2019\u00e9conomie, la soci\u00e9t\u00e9 et les analyses politiques. Le site s\u2019adresse \u00e0 un large public francophone et couvre l\u2019information tunisienne en temps r\u00e9el.","email":"redac@webdo.tn","legalName":"YNJ SARL","foundingDate":"2010-09-06","numberOfEmployees":{"@type":"QuantitativeValue","minValue":"11","maxValue":"50"}},{"@type":"Person","@id":"https:\/\/www.webdo.tn\/fr\/#\/schema\/person\/9a9c6118d687c117df8ef3cc36a4d175","name":"webdo.tn","image":{"@type":"ImageObject","inLanguage":"fr-FR","@id":"https:\/\/secure.gravatar.com\/avatar\/7ce1f28c0c3bbac99ff550b85ef8e44a6950c6ee24514fb6a5489e51d06f0298?s=96&d=mm&r=g","url":"https:\/\/secure.gravatar.com\/avatar\/7ce1f28c0c3bbac99ff550b85ef8e44a6950c6ee24514fb6a5489e51d06f0298?s=96&d=mm&r=g","contentUrl":"https:\/\/secure.gravatar.com\/avatar\/7ce1f28c0c3bbac99ff550b85ef8e44a6950c6ee24514fb6a5489e51d06f0298?s=96&d=mm&r=g","caption":"webdo.tn"},"url":"https:\/\/www.webdo.tn\/fr\/actualite\/author\/webdotn\/"}]}},"_links":{"self":[{"href":"https:\/\/www.webdo.tn\/fr\/wp-json\/wp\/v2\/posts\/184213","targetHints":{"allow":["GET"]}}],"collection":[{"href":"https:\/\/www.webdo.tn\/fr\/wp-json\/wp\/v2\/posts"}],"about":[{"href":"https:\/\/www.webdo.tn\/fr\/wp-json\/wp\/v2\/types\/post"}],"author":[{"embeddable":true,"href":"https:\/\/www.webdo.tn\/fr\/wp-json\/wp\/v2\/users\/3222"}],"replies":[{"embeddable":true,"href":"https:\/\/www.webdo.tn\/fr\/wp-json\/wp\/v2\/comments?post=184213"}],"version-history":[{"count":0,"href":"https:\/\/www.webdo.tn\/fr\/wp-json\/wp\/v2\/posts\/184213\/revisions"}],"wp:featuredmedia":[{"embeddable":true,"href":"https:\/\/www.webdo.tn\/fr\/wp-json\/wp\/v2\/media\/319246"}],"wp:attachment":[{"href":"https:\/\/www.webdo.tn\/fr\/wp-json\/wp\/v2\/media?parent=184213"}],"wp:term":[{"taxonomy":"category","embeddable":true,"href":"https:\/\/www.webdo.tn\/fr\/wp-json\/wp\/v2\/categories?post=184213"},{"taxonomy":"post_tag","embeddable":true,"href":"https:\/\/www.webdo.tn\/fr\/wp-json\/wp\/v2\/tags?post=184213"}],"curies":[{"name":"wp","href":"https:\/\/api.w.org\/{rel}","templated":true}]}}