{"id":184212,"date":"2015-01-28T11:08:00","date_gmt":"2015-01-28T11:08:00","guid":{"rendered":"https:\/\/www.webdo.tn\/fr\/blog\/une-video-de-michelle-obama-floutee-la-tele-saoudienne-fait-polemique\/184212\/"},"modified":"2015-01-28T11:08:00","modified_gmt":"2015-01-28T11:08:00","slug":"une-video-de-michelle-obama-floutee-la-tele-saoudienne-fait-polemique","status":"publish","type":"post","link":"https:\/\/www.webdo.tn\/fr\/actualite\/international\/une-video-de-michelle-obama-floutee-la-tele-saoudienne-fait-polemique\/184212\/","title":{"rendered":"Une vid\u00e9o de Michelle Obama flout\u00e9e \u00e0 la t\u00e9l\u00e9 saoudienne fait pol\u00e9mique"},"content":{"rendered":"<p>Le pr\u00e9sident Barack Obama a rencontr\u00e9 Salmane Ben Abdelaziz, le nouveau roi d&rsquo;Arabie Saoudite lors\u00a0de sa courte visite effectu\u00e9e en Arabie Saoudite, ce mardi 27 janvier.<\/p>\n<p>L&rsquo;\u00e9pouse du pr\u00e9sident Obama, \u00e9tait pr\u00e9sente lors de cette c\u00e9r\u00e9monie d&rsquo;accueil r\u00e9serv\u00e9e au pr\u00e9sident am\u00e9ricain, une c\u00e9r\u00e9monie film\u00e9e par plusieurs t\u00e9l\u00e9visions dont la t\u00e9l\u00e9vision saoudienne.<\/p>\n<p>Le m\u00eame jour, un extrait de vid\u00e9o de la visite\u00a0a circul\u00e9 sur le net, montrant l&rsquo;image de l&rsquo;\u00e9pouse du pr\u00e9sident des Etats-Unis, Michelle Obama, flout\u00e9e.<\/p>\n<p>Des m\u00e9dias am\u00e9ricains ont \u00e9crit des articles affirmant que la t\u00e9l\u00e9vision d&rsquo;Etat saoudienne avait censur\u00e9e son image. A Webdo, nous avions cru \u00e0 la m\u00eame chose. Cependant, il s&rsquo;est av\u00e9r\u00e9 que \u00ab\u00a0l&rsquo;ambassade saoudienne \u00e0 Washington affirme que la t\u00e9l\u00e9vision \u00ab\u00a0a montr\u00e9 l&rsquo;int\u00e9gralit\u00e9 de la c\u00e9r\u00e9monie \u00e0 l&rsquo;a\u00e9roport et au palais\u00a0\u00bb et que \u00ab\u00a0rien n&rsquo;a \u00e9t\u00e9 flout\u00e9,\u00a0\u00a0\u00bb explique FranceTvinfo.<\/p>\n<p>Le pr\u00e9sident Obama \u00e9tait en Arabie Saoudite pour pr\u00e9senter les condol\u00e9ances de son pays suite au d\u00e9c\u00e8s du roi Abdallah, le 23 janvier dernier.<\/p>\n","protected":false},"excerpt":{"rendered":"<p>Une vid\u00e9o de Michelle Obama flout\u00e9e \u00e0 la t\u00e9l\u00e9 saoudienne fait pol\u00e9mique<\/p>\n","protected":false},"author":3222,"featured_media":375295,"comment_status":"open","ping_status":"closed","sticky":false,"template":"","format":"standard","meta":{"footnotes":""},"categories":[2598],"tags":[2600],"class_list":["post-184212","post","type-post","status-publish","format-standard","has-post-thumbnail","hentry","category-international","tag-guerre"],"yoast_head":"<!-- This site is optimized with the Yoast SEO Premium plugin v27.5 (Yoast SEO v27.5) - https:\/\/yoast.com\/product\/yoast-seo-premium-wordpress\/ -->\n<title>Une vid\u00e9o de Michelle Obama flout\u00e9e \u00e0 la t\u00e9l\u00e9 saoudienne fait pol\u00e9mique<\/title>\n<meta name=\"description\" content=\"Une vid\u00e9o de Michelle Obama flout\u00e9e \u00e0 la t\u00e9l\u00e9 saoudienne fait pol\u00e9mique\" \/>\n<link rel=\"canonical\" href=\"https:\/\/www.webdo.tn\/fr\/actualite\/international\/une-video-de-michelle-obama-floutee-la-tele-saoudienne-fait-polemique\/184212\/\" \/>\n<meta property=\"og:locale\" content=\"fr_FR\" \/>\n<meta property=\"og:type\" content=\"article\" \/>\n<meta property=\"og:title\" content=\"Une vid\u00e9o de Michelle Obama flout\u00e9e \u00e0 la t\u00e9l\u00e9 saoudienne fait pol\u00e9mique\" \/>\n<meta property=\"og:description\" content=\"Une vid\u00e9o de Michelle Obama flout\u00e9e \u00e0 la t\u00e9l\u00e9 saoudienne fait pol\u00e9mique\" \/>\n<meta property=\"og:url\" content=\"https:\/\/www.webdo.tn\/fr\/actualite\/international\/une-video-de-michelle-obama-floutee-la-tele-saoudienne-fait-polemique\/184212\/\" \/>\n<meta property=\"og:site_name\" content=\"webdo\" \/>\n<meta property=\"article:publisher\" content=\"https:\/\/www.facebook.com\/webdotn\" \/>\n<meta property=\"article:published_time\" content=\"2015-01-28T11:08:00+00:00\" \/>\n<meta name=\"author\" content=\"webdo.tn\" \/>\n<meta name=\"twitter:card\" content=\"summary_large_image\" \/>\n<meta name=\"twitter:creator\" content=\"@webdo_tn\" \/>\n<meta name=\"twitter:site\" content=\"@webdo_tn\" \/>\n<meta name=\"twitter:label1\" content=\"\u00c9crit par\" \/>\n\t<meta name=\"twitter:data1\" content=\"webdo.tn\" \/>\n\t<meta name=\"twitter:label2\" content=\"Dur\u00e9e de lecture estim\u00e9e\" \/>\n\t<meta name=\"twitter:data2\" content=\"1 minute\" \/>\n<script type=\"application\/ld+json\" class=\"yoast-schema-graph\">{\"@context\":\"https:\\\/\\\/schema.org\",\"@graph\":[{\"@type\":\"NewsArticle\",\"@id\":\"https:\\\/\\\/www.webdo.tn\\\/fr\\\/actualite\\\/international\\\/une-video-de-michelle-obama-floutee-la-tele-saoudienne-fait-polemique\\\/184212\\\/#article\",\"isPartOf\":{\"@id\":\"https:\\\/\\\/www.webdo.tn\\\/fr\\\/actualite\\\/international\\\/une-video-de-michelle-obama-floutee-la-tele-saoudienne-fait-polemique\\\/184212\\\/\"},\"author\":{\"name\":\"webdo.tn\",\"@id\":\"https:\\\/\\\/www.webdo.tn\\\/fr\\\/#\\\/schema\\\/person\\\/9a9c6118d687c117df8ef3cc36a4d175\"},\"headline\":\"Une vid\u00e9o de Michelle Obama flout\u00e9e \u00e0 la t\u00e9l\u00e9 saoudienne fait pol\u00e9mique\",\"datePublished\":\"2015-01-28T11:08:00+00:00\",\"mainEntityOfPage\":{\"@id\":\"https:\\\/\\\/www.webdo.tn\\\/fr\\\/actualite\\\/international\\\/une-video-de-michelle-obama-floutee-la-tele-saoudienne-fait-polemique\\\/184212\\\/\"},\"wordCount\":220,\"commentCount\":0,\"publisher\":{\"@id\":\"https:\\\/\\\/www.webdo.tn\\\/fr\\\/#organization\"},\"image\":{\"@id\":\"https:\\\/\\\/www.webdo.tn\\\/fr\\\/actualite\\\/international\\\/une-video-de-michelle-obama-floutee-la-tele-saoudienne-fait-polemique\\\/184212\\\/#primaryimage\"},\"thumbnailUrl\":\"https:\\\/\\\/www.webdo.tn\\\/fr\\\/wp-content\\\/uploads\\\/2025\\\/06\\\/Capture-decran-2015-01-28-a-13.14.24-e1422447709977_184212.png\",\"keywords\":[\"guerre\"],\"articleSection\":[\"International\"],\"inLanguage\":\"fr-FR\"},{\"@type\":\"WebPage\",\"@id\":\"https:\\\/\\\/www.webdo.tn\\\/fr\\\/actualite\\\/international\\\/une-video-de-michelle-obama-floutee-la-tele-saoudienne-fait-polemique\\\/184212\\\/\",\"url\":\"https:\\\/\\\/www.webdo.tn\\\/fr\\\/actualite\\\/international\\\/une-video-de-michelle-obama-floutee-la-tele-saoudienne-fait-polemique\\\/184212\\\/\",\"name\":\"Une vid\u00e9o de Michelle Obama flout\u00e9e \u00e0 la t\u00e9l\u00e9 saoudienne fait pol\u00e9mique\",\"isPartOf\":{\"@id\":\"https:\\\/\\\/www.webdo.tn\\\/fr\\\/#website\"},\"primaryImageOfPage\":{\"@id\":\"https:\\\/\\\/www.webdo.tn\\\/fr\\\/actualite\\\/international\\\/une-video-de-michelle-obama-floutee-la-tele-saoudienne-fait-polemique\\\/184212\\\/#primaryimage\"},\"image\":{\"@id\":\"https:\\\/\\\/www.webdo.tn\\\/fr\\\/actualite\\\/international\\\/une-video-de-michelle-obama-floutee-la-tele-saoudienne-fait-polemique\\\/184212\\\/#primaryimage\"},\"thumbnailUrl\":\"https:\\\/\\\/www.webdo.tn\\\/fr\\\/wp-content\\\/uploads\\\/2025\\\/06\\\/Capture-decran-2015-01-28-a-13.14.24-e1422447709977_184212.png\",\"datePublished\":\"2015-01-28T11:08:00+00:00\",\"description\":\"Une vid\u00e9o de Michelle Obama flout\u00e9e \u00e0 la t\u00e9l\u00e9 saoudienne fait pol\u00e9mique\",\"breadcrumb\":{\"@id\":\"https:\\\/\\\/www.webdo.tn\\\/fr\\\/actualite\\\/international\\\/une-video-de-michelle-obama-floutee-la-tele-saoudienne-fait-polemique\\\/184212\\\/#breadcrumb\"},\"inLanguage\":\"fr-FR\",\"potentialAction\":[{\"@type\":\"ReadAction\",\"target\":[\"https:\\\/\\\/www.webdo.tn\\\/fr\\\/actualite\\\/international\\\/une-video-de-michelle-obama-floutee-la-tele-saoudienne-fait-polemique\\\/184212\\\/\"]}]},{\"@type\":\"ImageObject\",\"inLanguage\":\"fr-FR\",\"@id\":\"https:\\\/\\\/www.webdo.tn\\\/fr\\\/actualite\\\/international\\\/une-video-de-michelle-obama-floutee-la-tele-saoudienne-fait-polemique\\\/184212\\\/#primaryimage\",\"url\":\"https:\\\/\\\/www.webdo.tn\\\/fr\\\/wp-content\\\/uploads\\\/2025\\\/06\\\/Capture-decran-2015-01-28-a-13.14.24-e1422447709977_184212.png\",\"contentUrl\":\"https:\\\/\\\/www.webdo.tn\\\/fr\\\/wp-content\\\/uploads\\\/2025\\\/06\\\/Capture-decran-2015-01-28-a-13.14.24-e1422447709977_184212.png\",\"width\":600,\"height\":446,\"caption\":\"Une vid\u00e9o de Michelle Obama flout\u00e9e \u00e0 la t\u00e9l\u00e9 saoudienne fait pol\u00e9mique\"},{\"@type\":\"BreadcrumbList\",\"@id\":\"https:\\\/\\\/www.webdo.tn\\\/fr\\\/actualite\\\/international\\\/une-video-de-michelle-obama-floutee-la-tele-saoudienne-fait-polemique\\\/184212\\\/#breadcrumb\",\"itemListElement\":[{\"@type\":\"ListItem\",\"position\":1,\"name\":\"Accueil\",\"item\":\"https:\\\/\\\/www.webdo.tn\\\/fr\\\/\"},{\"@type\":\"ListItem\",\"position\":2,\"name\":\"Une vid\u00e9o de Michelle Obama flout\u00e9e \u00e0 la t\u00e9l\u00e9 saoudienne fait pol\u00e9mique\"}]},{\"@type\":\"WebSite\",\"@id\":\"https:\\\/\\\/www.webdo.tn\\\/fr\\\/#website\",\"url\":\"https:\\\/\\\/www.webdo.tn\\\/fr\\\/\",\"name\":\"webdo\",\"description\":\"Tunisie - News en Tunisie et \u00e0 l&#039;international sur Webdo.tn\",\"publisher\":{\"@id\":\"https:\\\/\\\/www.webdo.tn\\\/fr\\\/#organization\"},\"potentialAction\":[{\"@type\":\"SearchAction\",\"target\":{\"@type\":\"EntryPoint\",\"urlTemplate\":\"https:\\\/\\\/www.webdo.tn\\\/fr\\\/?s={search_term_string}\"},\"query-input\":{\"@type\":\"PropertyValueSpecification\",\"valueRequired\":true,\"valueName\":\"search_term_string\"}}],\"inLanguage\":\"fr-FR\"},{\"@type\":\"Organization\",\"@id\":\"https:\\\/\\\/www.webdo.tn\\\/fr\\\/#organization\",\"name\":\"Webdo\",\"alternateName\":\"Webdo.tn\",\"url\":\"https:\\\/\\\/www.webdo.tn\\\/fr\\\/\",\"logo\":{\"@type\":\"ImageObject\",\"inLanguage\":\"fr-FR\",\"@id\":\"https:\\\/\\\/www.webdo.tn\\\/fr\\\/#\\\/schema\\\/logo\\\/image\\\/\",\"url\":\"https:\\\/\\\/www.webdo.tn\\\/fr\\\/wp-content\\\/uploads\\\/2025\\\/06\\\/Webdo-Tunisie_168377.jpg\",\"contentUrl\":\"https:\\\/\\\/www.webdo.tn\\\/fr\\\/wp-content\\\/uploads\\\/2025\\\/06\\\/Webdo-Tunisie_168377.jpg\",\"width\":301,\"height\":301,\"caption\":\"Webdo\"},\"image\":{\"@id\":\"https:\\\/\\\/www.webdo.tn\\\/fr\\\/#\\\/schema\\\/logo\\\/image\\\/\"},\"sameAs\":[\"https:\\\/\\\/www.facebook.com\\\/webdotn\",\"https:\\\/\\\/x.com\\\/webdo_tn\"],\"description\":\"Webdo est un m\u00e9dia num\u00e9rique tunisien fond\u00e9 en 2010, sp\u00e9cialis\u00e9 dans l\u2019actualit\u00e9 nationale et internationale, l\u2019\u00e9conomie, la soci\u00e9t\u00e9 et les analyses politiques. Le site s\u2019adresse \u00e0 un large public francophone et couvre l\u2019information tunisienne en temps r\u00e9el.\",\"email\":\"redac@webdo.tn\",\"legalName\":\"YNJ SARL\",\"foundingDate\":\"2010-09-06\",\"numberOfEmployees\":{\"@type\":\"QuantitativeValue\",\"minValue\":\"11\",\"maxValue\":\"50\"}},{\"@type\":\"Person\",\"@id\":\"https:\\\/\\\/www.webdo.tn\\\/fr\\\/#\\\/schema\\\/person\\\/9a9c6118d687c117df8ef3cc36a4d175\",\"name\":\"webdo.tn\",\"image\":{\"@type\":\"ImageObject\",\"inLanguage\":\"fr-FR\",\"@id\":\"https:\\\/\\\/secure.gravatar.com\\\/avatar\\\/7ce1f28c0c3bbac99ff550b85ef8e44a6950c6ee24514fb6a5489e51d06f0298?s=96&d=mm&r=g\",\"url\":\"https:\\\/\\\/secure.gravatar.com\\\/avatar\\\/7ce1f28c0c3bbac99ff550b85ef8e44a6950c6ee24514fb6a5489e51d06f0298?s=96&d=mm&r=g\",\"contentUrl\":\"https:\\\/\\\/secure.gravatar.com\\\/avatar\\\/7ce1f28c0c3bbac99ff550b85ef8e44a6950c6ee24514fb6a5489e51d06f0298?s=96&d=mm&r=g\",\"caption\":\"webdo.tn\"},\"url\":\"https:\\\/\\\/www.webdo.tn\\\/fr\\\/actualite\\\/author\\\/webdotn\\\/\"}]}<\/script>\n<!-- \/ Yoast SEO Premium plugin. -->","yoast_head_json":{"title":"Une vid\u00e9o de Michelle Obama flout\u00e9e \u00e0 la t\u00e9l\u00e9 saoudienne fait pol\u00e9mique","description":"Une vid\u00e9o de Michelle Obama flout\u00e9e \u00e0 la t\u00e9l\u00e9 saoudienne fait pol\u00e9mique","canonical":"https:\/\/www.webdo.tn\/fr\/actualite\/international\/une-video-de-michelle-obama-floutee-la-tele-saoudienne-fait-polemique\/184212\/","og_locale":"fr_FR","og_type":"article","og_title":"Une vid\u00e9o de Michelle Obama flout\u00e9e \u00e0 la t\u00e9l\u00e9 saoudienne fait pol\u00e9mique","og_description":"Une vid\u00e9o de Michelle Obama flout\u00e9e \u00e0 la t\u00e9l\u00e9 saoudienne fait pol\u00e9mique","og_url":"https:\/\/www.webdo.tn\/fr\/actualite\/international\/une-video-de-michelle-obama-floutee-la-tele-saoudienne-fait-polemique\/184212\/","og_site_name":"webdo","article_publisher":"https:\/\/www.facebook.com\/webdotn","article_published_time":"2015-01-28T11:08:00+00:00","author":"webdo.tn","twitter_card":"summary_large_image","twitter_creator":"@webdo_tn","twitter_site":"@webdo_tn","twitter_misc":{"\u00c9crit par":"webdo.tn","Dur\u00e9e de lecture estim\u00e9e":"1 minute"},"schema":{"@context":"https:\/\/schema.org","@graph":[{"@type":"NewsArticle","@id":"https:\/\/www.webdo.tn\/fr\/actualite\/international\/une-video-de-michelle-obama-floutee-la-tele-saoudienne-fait-polemique\/184212\/#article","isPartOf":{"@id":"https:\/\/www.webdo.tn\/fr\/actualite\/international\/une-video-de-michelle-obama-floutee-la-tele-saoudienne-fait-polemique\/184212\/"},"author":{"name":"webdo.tn","@id":"https:\/\/www.webdo.tn\/fr\/#\/schema\/person\/9a9c6118d687c117df8ef3cc36a4d175"},"headline":"Une vid\u00e9o de Michelle Obama flout\u00e9e \u00e0 la t\u00e9l\u00e9 saoudienne fait pol\u00e9mique","datePublished":"2015-01-28T11:08:00+00:00","mainEntityOfPage":{"@id":"https:\/\/www.webdo.tn\/fr\/actualite\/international\/une-video-de-michelle-obama-floutee-la-tele-saoudienne-fait-polemique\/184212\/"},"wordCount":220,"commentCount":0,"publisher":{"@id":"https:\/\/www.webdo.tn\/fr\/#organization"},"image":{"@id":"https:\/\/www.webdo.tn\/fr\/actualite\/international\/une-video-de-michelle-obama-floutee-la-tele-saoudienne-fait-polemique\/184212\/#primaryimage"},"thumbnailUrl":"https:\/\/www.webdo.tn\/fr\/wp-content\/uploads\/2025\/06\/Capture-decran-2015-01-28-a-13.14.24-e1422447709977_184212.png","keywords":["guerre"],"articleSection":["International"],"inLanguage":"fr-FR"},{"@type":"WebPage","@id":"https:\/\/www.webdo.tn\/fr\/actualite\/international\/une-video-de-michelle-obama-floutee-la-tele-saoudienne-fait-polemique\/184212\/","url":"https:\/\/www.webdo.tn\/fr\/actualite\/international\/une-video-de-michelle-obama-floutee-la-tele-saoudienne-fait-polemique\/184212\/","name":"Une vid\u00e9o de Michelle Obama flout\u00e9e \u00e0 la t\u00e9l\u00e9 saoudienne fait pol\u00e9mique","isPartOf":{"@id":"https:\/\/www.webdo.tn\/fr\/#website"},"primaryImageOfPage":{"@id":"https:\/\/www.webdo.tn\/fr\/actualite\/international\/une-video-de-michelle-obama-floutee-la-tele-saoudienne-fait-polemique\/184212\/#primaryimage"},"image":{"@id":"https:\/\/www.webdo.tn\/fr\/actualite\/international\/une-video-de-michelle-obama-floutee-la-tele-saoudienne-fait-polemique\/184212\/#primaryimage"},"thumbnailUrl":"https:\/\/www.webdo.tn\/fr\/wp-content\/uploads\/2025\/06\/Capture-decran-2015-01-28-a-13.14.24-e1422447709977_184212.png","datePublished":"2015-01-28T11:08:00+00:00","description":"Une vid\u00e9o de Michelle Obama flout\u00e9e \u00e0 la t\u00e9l\u00e9 saoudienne fait pol\u00e9mique","breadcrumb":{"@id":"https:\/\/www.webdo.tn\/fr\/actualite\/international\/une-video-de-michelle-obama-floutee-la-tele-saoudienne-fait-polemique\/184212\/#breadcrumb"},"inLanguage":"fr-FR","potentialAction":[{"@type":"ReadAction","target":["https:\/\/www.webdo.tn\/fr\/actualite\/international\/une-video-de-michelle-obama-floutee-la-tele-saoudienne-fait-polemique\/184212\/"]}]},{"@type":"ImageObject","inLanguage":"fr-FR","@id":"https:\/\/www.webdo.tn\/fr\/actualite\/international\/une-video-de-michelle-obama-floutee-la-tele-saoudienne-fait-polemique\/184212\/#primaryimage","url":"https:\/\/www.webdo.tn\/fr\/wp-content\/uploads\/2025\/06\/Capture-decran-2015-01-28-a-13.14.24-e1422447709977_184212.png","contentUrl":"https:\/\/www.webdo.tn\/fr\/wp-content\/uploads\/2025\/06\/Capture-decran-2015-01-28-a-13.14.24-e1422447709977_184212.png","width":600,"height":446,"caption":"Une vid\u00e9o de Michelle Obama flout\u00e9e \u00e0 la t\u00e9l\u00e9 saoudienne fait pol\u00e9mique"},{"@type":"BreadcrumbList","@id":"https:\/\/www.webdo.tn\/fr\/actualite\/international\/une-video-de-michelle-obama-floutee-la-tele-saoudienne-fait-polemique\/184212\/#breadcrumb","itemListElement":[{"@type":"ListItem","position":1,"name":"Accueil","item":"https:\/\/www.webdo.tn\/fr\/"},{"@type":"ListItem","position":2,"name":"Une vid\u00e9o de Michelle Obama flout\u00e9e \u00e0 la t\u00e9l\u00e9 saoudienne fait pol\u00e9mique"}]},{"@type":"WebSite","@id":"https:\/\/www.webdo.tn\/fr\/#website","url":"https:\/\/www.webdo.tn\/fr\/","name":"webdo","description":"Tunisie - News en Tunisie et \u00e0 l&#039;international sur Webdo.tn","publisher":{"@id":"https:\/\/www.webdo.tn\/fr\/#organization"},"potentialAction":[{"@type":"SearchAction","target":{"@type":"EntryPoint","urlTemplate":"https:\/\/www.webdo.tn\/fr\/?s={search_term_string}"},"query-input":{"@type":"PropertyValueSpecification","valueRequired":true,"valueName":"search_term_string"}}],"inLanguage":"fr-FR"},{"@type":"Organization","@id":"https:\/\/www.webdo.tn\/fr\/#organization","name":"Webdo","alternateName":"Webdo.tn","url":"https:\/\/www.webdo.tn\/fr\/","logo":{"@type":"ImageObject","inLanguage":"fr-FR","@id":"https:\/\/www.webdo.tn\/fr\/#\/schema\/logo\/image\/","url":"https:\/\/www.webdo.tn\/fr\/wp-content\/uploads\/2025\/06\/Webdo-Tunisie_168377.jpg","contentUrl":"https:\/\/www.webdo.tn\/fr\/wp-content\/uploads\/2025\/06\/Webdo-Tunisie_168377.jpg","width":301,"height":301,"caption":"Webdo"},"image":{"@id":"https:\/\/www.webdo.tn\/fr\/#\/schema\/logo\/image\/"},"sameAs":["https:\/\/www.facebook.com\/webdotn","https:\/\/x.com\/webdo_tn"],"description":"Webdo est un m\u00e9dia num\u00e9rique tunisien fond\u00e9 en 2010, sp\u00e9cialis\u00e9 dans l\u2019actualit\u00e9 nationale et internationale, l\u2019\u00e9conomie, la soci\u00e9t\u00e9 et les analyses politiques. Le site s\u2019adresse \u00e0 un large public francophone et couvre l\u2019information tunisienne en temps r\u00e9el.","email":"redac@webdo.tn","legalName":"YNJ SARL","foundingDate":"2010-09-06","numberOfEmployees":{"@type":"QuantitativeValue","minValue":"11","maxValue":"50"}},{"@type":"Person","@id":"https:\/\/www.webdo.tn\/fr\/#\/schema\/person\/9a9c6118d687c117df8ef3cc36a4d175","name":"webdo.tn","image":{"@type":"ImageObject","inLanguage":"fr-FR","@id":"https:\/\/secure.gravatar.com\/avatar\/7ce1f28c0c3bbac99ff550b85ef8e44a6950c6ee24514fb6a5489e51d06f0298?s=96&d=mm&r=g","url":"https:\/\/secure.gravatar.com\/avatar\/7ce1f28c0c3bbac99ff550b85ef8e44a6950c6ee24514fb6a5489e51d06f0298?s=96&d=mm&r=g","contentUrl":"https:\/\/secure.gravatar.com\/avatar\/7ce1f28c0c3bbac99ff550b85ef8e44a6950c6ee24514fb6a5489e51d06f0298?s=96&d=mm&r=g","caption":"webdo.tn"},"url":"https:\/\/www.webdo.tn\/fr\/actualite\/author\/webdotn\/"}]}},"_links":{"self":[{"href":"https:\/\/www.webdo.tn\/fr\/wp-json\/wp\/v2\/posts\/184212","targetHints":{"allow":["GET"]}}],"collection":[{"href":"https:\/\/www.webdo.tn\/fr\/wp-json\/wp\/v2\/posts"}],"about":[{"href":"https:\/\/www.webdo.tn\/fr\/wp-json\/wp\/v2\/types\/post"}],"author":[{"embeddable":true,"href":"https:\/\/www.webdo.tn\/fr\/wp-json\/wp\/v2\/users\/3222"}],"replies":[{"embeddable":true,"href":"https:\/\/www.webdo.tn\/fr\/wp-json\/wp\/v2\/comments?post=184212"}],"version-history":[{"count":0,"href":"https:\/\/www.webdo.tn\/fr\/wp-json\/wp\/v2\/posts\/184212\/revisions"}],"wp:featuredmedia":[{"embeddable":true,"href":"https:\/\/www.webdo.tn\/fr\/wp-json\/wp\/v2\/media\/375295"}],"wp:attachment":[{"href":"https:\/\/www.webdo.tn\/fr\/wp-json\/wp\/v2\/media?parent=184212"}],"wp:term":[{"taxonomy":"category","embeddable":true,"href":"https:\/\/www.webdo.tn\/fr\/wp-json\/wp\/v2\/categories?post=184212"},{"taxonomy":"post_tag","embeddable":true,"href":"https:\/\/www.webdo.tn\/fr\/wp-json\/wp\/v2\/tags?post=184212"}],"curies":[{"name":"wp","href":"https:\/\/api.w.org\/{rel}","templated":true}]}}