{"id":184211,"date":"2015-01-28T16:56:00","date_gmt":"2015-01-28T16:56:00","guid":{"rendered":"https:\/\/www.webdo.tn\/fr\/actualite\/blog\/russie-le-parlement-prepare-une-resolution-condamnant-lannexion-de-la-rda-par-la-rfa\/184211\/"},"modified":"2025-05-22T13:00:22","modified_gmt":"2025-05-22T13:00:22","slug":"russie-le-parlement-prepare-une-resolution-condamnant-lannexion-de-la-rda-par-la-rfa","status":"publish","type":"post","link":"https:\/\/www.webdo.tn\/fr\/actualite\/international\/russie-le-parlement-prepare-une-resolution-condamnant-lannexion-de-la-rda-par-la-rfa\/184211\/","title":{"rendered":"Russie : Le Parlement pr\u00e9pare une r\u00e9solution condamnant l&rsquo;annexion de la RDA par la RFA"},"content":{"rendered":"<p>Le pr\u00e9sident de la chambre basse du Parlement russe, Sergue\u00ef Narychkine, a demand\u00e9, ce mercredi 28 janvier, d&rsquo;\u00e9tudier la possibilit\u00e9 d&rsquo;une r\u00e9solution condamnant l&rsquo;annexion de l&rsquo;Allemagne de l&rsquo;Est (RDA) par l&rsquo;Allemagne de l&rsquo;Ouest (RFA), rapporte l\u2019AFP.<\/p>\n<p>Cette d\u00e9claration est voulue comme une mesure de r\u00e9torsion contre la pr\u00e9sidente de l&rsquo;Assembl\u00e9e parlementaire du Conseil de l&rsquo;Europe (APCE), Anne Brasseur, qui a qualifi\u00e9 d&rsquo;annexion la prise de contr\u00f4le l&rsquo;ann\u00e9e derni\u00e8re de la Crim\u00e9e par des forces russes suivie d&rsquo;un r\u00e9f\u00e9rendum en mars sur le rattachement de la p\u00e9ninsule ukrainienne \u00e0 la Russie.<\/p>\n<p>M. Narychkine a ainsi charg\u00e9 la Commission des Affaires \u00e9trang\u00e8res de la Douma (chambre basse) de pr\u00e9parer une d\u00e9claration condamnant l&rsquo;annexion de la R\u00e9publique d\u00e9mocratique allemande par la R\u00e9publique f\u00e9d\u00e9rale d&rsquo;Allemagne en 1989, a-t-il lanc\u00e9 devant des d\u00e9put\u00e9s lors d&rsquo;une session de travail.<\/p>\n<p>Contrairement \u00e0 la Crim\u00e9e, aucun r\u00e9f\u00e9rendum n&rsquo;a \u00e9t\u00e9 organis\u00e9 en RDA, a-t-il ajout\u00e9, en r\u00e9f\u00e9rence \u00e0 celui conduit dans la p\u00e9ninsule o\u00f9 97% des votants ont choisi de rejoindre la Russie, mais dont la l\u00e9galit\u00e9 a \u00e9t\u00e9 mise en doute par les Occidentaux.<\/p>\n<p>Si le rattachement de la Crim\u00e9e par la Russie est consid\u00e9r\u00e9e comme une annexion, alors on peut dire que la RDA a \u00e9t\u00e9 annex\u00e9e par la RFA, estime M. Narychkine, martelant que la Russie est contre la logique du deux poids, deux mesures.<br \/>\nMikha\u00efl Gorbatchev critique le pr\u00e9sident de la Douma<br \/>\nLe dernier dirigeant de l&rsquo;URSS, Mikha\u00efl Gorbatchev, qui a permis la chute du mur de Berlin et la r\u00e9unification pacifique de l&rsquo;Allemagne, a critiqu\u00e9 le pr\u00e9sident de la Douma et appel\u00e9 \u00e0 ne pas simplifier la vision du pass\u00e9 ni \u00e0 juger le pass\u00e9 en prenant pour base la situation actuelle.<\/p>\n<p>De quelle annexion parle-t-on&rsquo; Ca n&rsquo;a rien \u00e0 voir, a-t-il insist\u00e9, cit\u00e9 par l&rsquo;agence Interfax.<\/p>\n<p>Le 3 octobre 1990, au terme d&rsquo;un processus enclench\u00e9 un an plut\u00f4t avec la chute du Mur de Berlin, symbole de la division du monde pendant la Guerre froide, l&rsquo;Allemagne s&rsquo;\u00e9tait r\u00e9unifi\u00e9e apr\u00e8s plus de 40 ans de partition.<\/p>\n<p>La proposition du pr\u00e9sident de la Douma, un fid\u00e8le du pr\u00e9sident Vladimir Poutine, intervient apr\u00e8s son entretien dimanche \u00e0 Strasbourg (France) avec la pr\u00e9sidente de l&rsquo;APCE, l&rsquo;assembl\u00e9e qui a suspendu en avril les droits de vote de ses 18 membres russes pour marquer sa d\u00e9sapprobation face au rattachement de la Crim\u00e9e.<\/p>\n","protected":false},"excerpt":{"rendered":"<p>Russie : Le Parlement pr\u00e9pare une r\u00e9solution condamnant l&rsquo;annexion de la RDA par la RFA<\/p>\n","protected":false},"author":3222,"featured_media":352346,"comment_status":"open","ping_status":"closed","sticky":false,"template":"","format":"standard","meta":{"footnotes":""},"categories":[2598],"tags":[],"class_list":["post-184211","post","type-post","status-publish","format-standard","has-post-thumbnail","hentry","category-international"],"yoast_head":"<!-- This site is optimized with the Yoast SEO Premium plugin v27.5 (Yoast SEO v27.5) - https:\/\/yoast.com\/product\/yoast-seo-premium-wordpress\/ -->\n<title>Russie : Le Parlement pr\u00e9pare une r\u00e9solution condamnant l&#039;annexion de la RDA par la RFA<\/title>\n<meta name=\"description\" content=\"Russie : Le Parlement pr\u00e9pare une r\u00e9solution condamnant l&#039;annexion de la RDA par la RFA\" \/>\n<link rel=\"canonical\" href=\"https:\/\/www.webdo.tn\/fr\/actualite\/international\/russie-le-parlement-prepare-une-resolution-condamnant-lannexion-de-la-rda-par-la-rfa\/184211\/\" \/>\n<meta property=\"og:locale\" content=\"fr_FR\" \/>\n<meta property=\"og:type\" content=\"article\" \/>\n<meta property=\"og:title\" content=\"Russie : Le Parlement pr\u00e9pare une r\u00e9solution condamnant l&#039;annexion de la RDA par la RFA\" \/>\n<meta property=\"og:description\" content=\"Russie : Le Parlement pr\u00e9pare une r\u00e9solution condamnant l&#039;annexion de la RDA par la RFA\" \/>\n<meta property=\"og:url\" content=\"https:\/\/www.webdo.tn\/fr\/actualite\/international\/russie-le-parlement-prepare-une-resolution-condamnant-lannexion-de-la-rda-par-la-rfa\/184211\/\" \/>\n<meta property=\"og:site_name\" content=\"webdo\" \/>\n<meta property=\"article:publisher\" content=\"https:\/\/www.facebook.com\/webdotn\" \/>\n<meta property=\"article:published_time\" content=\"2015-01-28T16:56:00+00:00\" \/>\n<meta property=\"article:modified_time\" content=\"2025-05-22T13:00:22+00:00\" \/>\n<meta property=\"og:image\" content=\"https:\/\/www.webdo.tn\/fr\/wp-content\/uploads\/2015\/01\/webdo_default-123.jpg\" \/>\n\t<meta property=\"og:image:width\" content=\"800\" \/>\n\t<meta property=\"og:image:height\" content=\"500\" \/>\n\t<meta property=\"og:image:type\" content=\"image\/jpeg\" \/>\n<meta name=\"author\" content=\"webdo.tn\" \/>\n<meta name=\"twitter:card\" content=\"summary_large_image\" \/>\n<meta name=\"twitter:creator\" content=\"@webdo_tn\" \/>\n<meta name=\"twitter:site\" content=\"@webdo_tn\" \/>\n<meta name=\"twitter:label1\" content=\"\u00c9crit par\" \/>\n\t<meta name=\"twitter:data1\" content=\"webdo.tn\" \/>\n\t<meta name=\"twitter:label2\" content=\"Dur\u00e9e de lecture estim\u00e9e\" \/>\n\t<meta name=\"twitter:data2\" content=\"2 minutes\" \/>\n<script type=\"application\/ld+json\" class=\"yoast-schema-graph\">{\"@context\":\"https:\\\/\\\/schema.org\",\"@graph\":[{\"@type\":\"NewsArticle\",\"@id\":\"https:\\\/\\\/www.webdo.tn\\\/fr\\\/actualite\\\/international\\\/russie-le-parlement-prepare-une-resolution-condamnant-lannexion-de-la-rda-par-la-rfa\\\/184211\\\/#article\",\"isPartOf\":{\"@id\":\"https:\\\/\\\/www.webdo.tn\\\/fr\\\/actualite\\\/international\\\/russie-le-parlement-prepare-une-resolution-condamnant-lannexion-de-la-rda-par-la-rfa\\\/184211\\\/\"},\"author\":{\"name\":\"webdo.tn\",\"@id\":\"https:\\\/\\\/www.webdo.tn\\\/fr\\\/#\\\/schema\\\/person\\\/9a9c6118d687c117df8ef3cc36a4d175\"},\"headline\":\"Russie : Le Parlement pr\u00e9pare une r\u00e9solution condamnant l&rsquo;annexion de la RDA par la RFA\",\"datePublished\":\"2015-01-28T16:56:00+00:00\",\"dateModified\":\"2025-05-22T13:00:22+00:00\",\"mainEntityOfPage\":{\"@id\":\"https:\\\/\\\/www.webdo.tn\\\/fr\\\/actualite\\\/international\\\/russie-le-parlement-prepare-une-resolution-condamnant-lannexion-de-la-rda-par-la-rfa\\\/184211\\\/\"},\"wordCount\":463,\"commentCount\":0,\"publisher\":{\"@id\":\"https:\\\/\\\/www.webdo.tn\\\/fr\\\/#organization\"},\"image\":{\"@id\":\"https:\\\/\\\/www.webdo.tn\\\/fr\\\/actualite\\\/international\\\/russie-le-parlement-prepare-une-resolution-condamnant-lannexion-de-la-rda-par-la-rfa\\\/184211\\\/#primaryimage\"},\"thumbnailUrl\":\"https:\\\/\\\/www.webdo.tn\\\/fr\\\/wp-content\\\/uploads\\\/2015\\\/01\\\/webdo_default-123.jpg\",\"articleSection\":[\"International\"],\"inLanguage\":\"fr-FR\"},{\"@type\":\"WebPage\",\"@id\":\"https:\\\/\\\/www.webdo.tn\\\/fr\\\/actualite\\\/international\\\/russie-le-parlement-prepare-une-resolution-condamnant-lannexion-de-la-rda-par-la-rfa\\\/184211\\\/\",\"url\":\"https:\\\/\\\/www.webdo.tn\\\/fr\\\/actualite\\\/international\\\/russie-le-parlement-prepare-une-resolution-condamnant-lannexion-de-la-rda-par-la-rfa\\\/184211\\\/\",\"name\":\"Russie : Le Parlement pr\u00e9pare une r\u00e9solution condamnant l'annexion de la RDA par la RFA\",\"isPartOf\":{\"@id\":\"https:\\\/\\\/www.webdo.tn\\\/fr\\\/#website\"},\"primaryImageOfPage\":{\"@id\":\"https:\\\/\\\/www.webdo.tn\\\/fr\\\/actualite\\\/international\\\/russie-le-parlement-prepare-une-resolution-condamnant-lannexion-de-la-rda-par-la-rfa\\\/184211\\\/#primaryimage\"},\"image\":{\"@id\":\"https:\\\/\\\/www.webdo.tn\\\/fr\\\/actualite\\\/international\\\/russie-le-parlement-prepare-une-resolution-condamnant-lannexion-de-la-rda-par-la-rfa\\\/184211\\\/#primaryimage\"},\"thumbnailUrl\":\"https:\\\/\\\/www.webdo.tn\\\/fr\\\/wp-content\\\/uploads\\\/2015\\\/01\\\/webdo_default-123.jpg\",\"datePublished\":\"2015-01-28T16:56:00+00:00\",\"dateModified\":\"2025-05-22T13:00:22+00:00\",\"description\":\"Russie : Le Parlement pr\u00e9pare une r\u00e9solution condamnant l'annexion de la RDA par la RFA\",\"breadcrumb\":{\"@id\":\"https:\\\/\\\/www.webdo.tn\\\/fr\\\/actualite\\\/international\\\/russie-le-parlement-prepare-une-resolution-condamnant-lannexion-de-la-rda-par-la-rfa\\\/184211\\\/#breadcrumb\"},\"inLanguage\":\"fr-FR\",\"potentialAction\":[{\"@type\":\"ReadAction\",\"target\":[\"https:\\\/\\\/www.webdo.tn\\\/fr\\\/actualite\\\/international\\\/russie-le-parlement-prepare-une-resolution-condamnant-lannexion-de-la-rda-par-la-rfa\\\/184211\\\/\"]}]},{\"@type\":\"ImageObject\",\"inLanguage\":\"fr-FR\",\"@id\":\"https:\\\/\\\/www.webdo.tn\\\/fr\\\/actualite\\\/international\\\/russie-le-parlement-prepare-une-resolution-condamnant-lannexion-de-la-rda-par-la-rfa\\\/184211\\\/#primaryimage\",\"url\":\"https:\\\/\\\/www.webdo.tn\\\/fr\\\/wp-content\\\/uploads\\\/2015\\\/01\\\/webdo_default-123.jpg\",\"contentUrl\":\"https:\\\/\\\/www.webdo.tn\\\/fr\\\/wp-content\\\/uploads\\\/2015\\\/01\\\/webdo_default-123.jpg\",\"width\":800,\"height\":500,\"caption\":\"Russie : Le Parlement pr\u00e9pare une r\u00e9solution condamnant l'annexion de la RDA par la RFA\"},{\"@type\":\"BreadcrumbList\",\"@id\":\"https:\\\/\\\/www.webdo.tn\\\/fr\\\/actualite\\\/international\\\/russie-le-parlement-prepare-une-resolution-condamnant-lannexion-de-la-rda-par-la-rfa\\\/184211\\\/#breadcrumb\",\"itemListElement\":[{\"@type\":\"ListItem\",\"position\":1,\"name\":\"Accueil\",\"item\":\"https:\\\/\\\/www.webdo.tn\\\/fr\\\/\"},{\"@type\":\"ListItem\",\"position\":2,\"name\":\"Russie : Le Parlement pr\u00e9pare une r\u00e9solution condamnant l&rsquo;annexion de la RDA par la RFA\"}]},{\"@type\":\"WebSite\",\"@id\":\"https:\\\/\\\/www.webdo.tn\\\/fr\\\/#website\",\"url\":\"https:\\\/\\\/www.webdo.tn\\\/fr\\\/\",\"name\":\"webdo\",\"description\":\"Tunisie - News en Tunisie et \u00e0 l&#039;international sur Webdo.tn\",\"publisher\":{\"@id\":\"https:\\\/\\\/www.webdo.tn\\\/fr\\\/#organization\"},\"potentialAction\":[{\"@type\":\"SearchAction\",\"target\":{\"@type\":\"EntryPoint\",\"urlTemplate\":\"https:\\\/\\\/www.webdo.tn\\\/fr\\\/?s={search_term_string}\"},\"query-input\":{\"@type\":\"PropertyValueSpecification\",\"valueRequired\":true,\"valueName\":\"search_term_string\"}}],\"inLanguage\":\"fr-FR\"},{\"@type\":\"Organization\",\"@id\":\"https:\\\/\\\/www.webdo.tn\\\/fr\\\/#organization\",\"name\":\"Webdo\",\"alternateName\":\"Webdo.tn\",\"url\":\"https:\\\/\\\/www.webdo.tn\\\/fr\\\/\",\"logo\":{\"@type\":\"ImageObject\",\"inLanguage\":\"fr-FR\",\"@id\":\"https:\\\/\\\/www.webdo.tn\\\/fr\\\/#\\\/schema\\\/logo\\\/image\\\/\",\"url\":\"https:\\\/\\\/www.webdo.tn\\\/fr\\\/wp-content\\\/uploads\\\/2025\\\/06\\\/Webdo-Tunisie_168377.jpg\",\"contentUrl\":\"https:\\\/\\\/www.webdo.tn\\\/fr\\\/wp-content\\\/uploads\\\/2025\\\/06\\\/Webdo-Tunisie_168377.jpg\",\"width\":301,\"height\":301,\"caption\":\"Webdo\"},\"image\":{\"@id\":\"https:\\\/\\\/www.webdo.tn\\\/fr\\\/#\\\/schema\\\/logo\\\/image\\\/\"},\"sameAs\":[\"https:\\\/\\\/www.facebook.com\\\/webdotn\",\"https:\\\/\\\/x.com\\\/webdo_tn\"],\"description\":\"Webdo est un m\u00e9dia num\u00e9rique tunisien fond\u00e9 en 2010, sp\u00e9cialis\u00e9 dans l\u2019actualit\u00e9 nationale et internationale, l\u2019\u00e9conomie, la soci\u00e9t\u00e9 et les analyses politiques. Le site s\u2019adresse \u00e0 un large public francophone et couvre l\u2019information tunisienne en temps r\u00e9el.\",\"email\":\"redac@webdo.tn\",\"legalName\":\"YNJ SARL\",\"foundingDate\":\"2010-09-06\",\"numberOfEmployees\":{\"@type\":\"QuantitativeValue\",\"minValue\":\"11\",\"maxValue\":\"50\"}},{\"@type\":\"Person\",\"@id\":\"https:\\\/\\\/www.webdo.tn\\\/fr\\\/#\\\/schema\\\/person\\\/9a9c6118d687c117df8ef3cc36a4d175\",\"name\":\"webdo.tn\",\"image\":{\"@type\":\"ImageObject\",\"inLanguage\":\"fr-FR\",\"@id\":\"https:\\\/\\\/secure.gravatar.com\\\/avatar\\\/7ce1f28c0c3bbac99ff550b85ef8e44a6950c6ee24514fb6a5489e51d06f0298?s=96&d=mm&r=g\",\"url\":\"https:\\\/\\\/secure.gravatar.com\\\/avatar\\\/7ce1f28c0c3bbac99ff550b85ef8e44a6950c6ee24514fb6a5489e51d06f0298?s=96&d=mm&r=g\",\"contentUrl\":\"https:\\\/\\\/secure.gravatar.com\\\/avatar\\\/7ce1f28c0c3bbac99ff550b85ef8e44a6950c6ee24514fb6a5489e51d06f0298?s=96&d=mm&r=g\",\"caption\":\"webdo.tn\"},\"url\":\"https:\\\/\\\/www.webdo.tn\\\/fr\\\/actualite\\\/author\\\/webdotn\\\/\"}]}<\/script>\n<!-- \/ Yoast SEO Premium plugin. -->","yoast_head_json":{"title":"Russie : Le Parlement pr\u00e9pare une r\u00e9solution condamnant l'annexion de la RDA par la RFA","description":"Russie : Le Parlement pr\u00e9pare une r\u00e9solution condamnant l'annexion de la RDA par la RFA","canonical":"https:\/\/www.webdo.tn\/fr\/actualite\/international\/russie-le-parlement-prepare-une-resolution-condamnant-lannexion-de-la-rda-par-la-rfa\/184211\/","og_locale":"fr_FR","og_type":"article","og_title":"Russie : Le Parlement pr\u00e9pare une r\u00e9solution condamnant l'annexion de la RDA par la RFA","og_description":"Russie : Le Parlement pr\u00e9pare une r\u00e9solution condamnant l'annexion de la RDA par la RFA","og_url":"https:\/\/www.webdo.tn\/fr\/actualite\/international\/russie-le-parlement-prepare-une-resolution-condamnant-lannexion-de-la-rda-par-la-rfa\/184211\/","og_site_name":"webdo","article_publisher":"https:\/\/www.facebook.com\/webdotn","article_published_time":"2015-01-28T16:56:00+00:00","article_modified_time":"2025-05-22T13:00:22+00:00","og_image":[{"width":800,"height":500,"url":"https:\/\/www.webdo.tn\/fr\/wp-content\/uploads\/2015\/01\/webdo_default-123.jpg","type":"image\/jpeg"}],"author":"webdo.tn","twitter_card":"summary_large_image","twitter_creator":"@webdo_tn","twitter_site":"@webdo_tn","twitter_misc":{"\u00c9crit par":"webdo.tn","Dur\u00e9e de lecture estim\u00e9e":"2 minutes"},"schema":{"@context":"https:\/\/schema.org","@graph":[{"@type":"NewsArticle","@id":"https:\/\/www.webdo.tn\/fr\/actualite\/international\/russie-le-parlement-prepare-une-resolution-condamnant-lannexion-de-la-rda-par-la-rfa\/184211\/#article","isPartOf":{"@id":"https:\/\/www.webdo.tn\/fr\/actualite\/international\/russie-le-parlement-prepare-une-resolution-condamnant-lannexion-de-la-rda-par-la-rfa\/184211\/"},"author":{"name":"webdo.tn","@id":"https:\/\/www.webdo.tn\/fr\/#\/schema\/person\/9a9c6118d687c117df8ef3cc36a4d175"},"headline":"Russie : Le Parlement pr\u00e9pare une r\u00e9solution condamnant l&rsquo;annexion de la RDA par la RFA","datePublished":"2015-01-28T16:56:00+00:00","dateModified":"2025-05-22T13:00:22+00:00","mainEntityOfPage":{"@id":"https:\/\/www.webdo.tn\/fr\/actualite\/international\/russie-le-parlement-prepare-une-resolution-condamnant-lannexion-de-la-rda-par-la-rfa\/184211\/"},"wordCount":463,"commentCount":0,"publisher":{"@id":"https:\/\/www.webdo.tn\/fr\/#organization"},"image":{"@id":"https:\/\/www.webdo.tn\/fr\/actualite\/international\/russie-le-parlement-prepare-une-resolution-condamnant-lannexion-de-la-rda-par-la-rfa\/184211\/#primaryimage"},"thumbnailUrl":"https:\/\/www.webdo.tn\/fr\/wp-content\/uploads\/2015\/01\/webdo_default-123.jpg","articleSection":["International"],"inLanguage":"fr-FR"},{"@type":"WebPage","@id":"https:\/\/www.webdo.tn\/fr\/actualite\/international\/russie-le-parlement-prepare-une-resolution-condamnant-lannexion-de-la-rda-par-la-rfa\/184211\/","url":"https:\/\/www.webdo.tn\/fr\/actualite\/international\/russie-le-parlement-prepare-une-resolution-condamnant-lannexion-de-la-rda-par-la-rfa\/184211\/","name":"Russie : Le Parlement pr\u00e9pare une r\u00e9solution condamnant l'annexion de la RDA par la RFA","isPartOf":{"@id":"https:\/\/www.webdo.tn\/fr\/#website"},"primaryImageOfPage":{"@id":"https:\/\/www.webdo.tn\/fr\/actualite\/international\/russie-le-parlement-prepare-une-resolution-condamnant-lannexion-de-la-rda-par-la-rfa\/184211\/#primaryimage"},"image":{"@id":"https:\/\/www.webdo.tn\/fr\/actualite\/international\/russie-le-parlement-prepare-une-resolution-condamnant-lannexion-de-la-rda-par-la-rfa\/184211\/#primaryimage"},"thumbnailUrl":"https:\/\/www.webdo.tn\/fr\/wp-content\/uploads\/2015\/01\/webdo_default-123.jpg","datePublished":"2015-01-28T16:56:00+00:00","dateModified":"2025-05-22T13:00:22+00:00","description":"Russie : Le Parlement pr\u00e9pare une r\u00e9solution condamnant l'annexion de la RDA par la RFA","breadcrumb":{"@id":"https:\/\/www.webdo.tn\/fr\/actualite\/international\/russie-le-parlement-prepare-une-resolution-condamnant-lannexion-de-la-rda-par-la-rfa\/184211\/#breadcrumb"},"inLanguage":"fr-FR","potentialAction":[{"@type":"ReadAction","target":["https:\/\/www.webdo.tn\/fr\/actualite\/international\/russie-le-parlement-prepare-une-resolution-condamnant-lannexion-de-la-rda-par-la-rfa\/184211\/"]}]},{"@type":"ImageObject","inLanguage":"fr-FR","@id":"https:\/\/www.webdo.tn\/fr\/actualite\/international\/russie-le-parlement-prepare-une-resolution-condamnant-lannexion-de-la-rda-par-la-rfa\/184211\/#primaryimage","url":"https:\/\/www.webdo.tn\/fr\/wp-content\/uploads\/2015\/01\/webdo_default-123.jpg","contentUrl":"https:\/\/www.webdo.tn\/fr\/wp-content\/uploads\/2015\/01\/webdo_default-123.jpg","width":800,"height":500,"caption":"Russie : Le Parlement pr\u00e9pare une r\u00e9solution condamnant l'annexion de la RDA par la RFA"},{"@type":"BreadcrumbList","@id":"https:\/\/www.webdo.tn\/fr\/actualite\/international\/russie-le-parlement-prepare-une-resolution-condamnant-lannexion-de-la-rda-par-la-rfa\/184211\/#breadcrumb","itemListElement":[{"@type":"ListItem","position":1,"name":"Accueil","item":"https:\/\/www.webdo.tn\/fr\/"},{"@type":"ListItem","position":2,"name":"Russie : Le Parlement pr\u00e9pare une r\u00e9solution condamnant l&rsquo;annexion de la RDA par la RFA"}]},{"@type":"WebSite","@id":"https:\/\/www.webdo.tn\/fr\/#website","url":"https:\/\/www.webdo.tn\/fr\/","name":"webdo","description":"Tunisie - News en Tunisie et \u00e0 l&#039;international sur Webdo.tn","publisher":{"@id":"https:\/\/www.webdo.tn\/fr\/#organization"},"potentialAction":[{"@type":"SearchAction","target":{"@type":"EntryPoint","urlTemplate":"https:\/\/www.webdo.tn\/fr\/?s={search_term_string}"},"query-input":{"@type":"PropertyValueSpecification","valueRequired":true,"valueName":"search_term_string"}}],"inLanguage":"fr-FR"},{"@type":"Organization","@id":"https:\/\/www.webdo.tn\/fr\/#organization","name":"Webdo","alternateName":"Webdo.tn","url":"https:\/\/www.webdo.tn\/fr\/","logo":{"@type":"ImageObject","inLanguage":"fr-FR","@id":"https:\/\/www.webdo.tn\/fr\/#\/schema\/logo\/image\/","url":"https:\/\/www.webdo.tn\/fr\/wp-content\/uploads\/2025\/06\/Webdo-Tunisie_168377.jpg","contentUrl":"https:\/\/www.webdo.tn\/fr\/wp-content\/uploads\/2025\/06\/Webdo-Tunisie_168377.jpg","width":301,"height":301,"caption":"Webdo"},"image":{"@id":"https:\/\/www.webdo.tn\/fr\/#\/schema\/logo\/image\/"},"sameAs":["https:\/\/www.facebook.com\/webdotn","https:\/\/x.com\/webdo_tn"],"description":"Webdo est un m\u00e9dia num\u00e9rique tunisien fond\u00e9 en 2010, sp\u00e9cialis\u00e9 dans l\u2019actualit\u00e9 nationale et internationale, l\u2019\u00e9conomie, la soci\u00e9t\u00e9 et les analyses politiques. Le site s\u2019adresse \u00e0 un large public francophone et couvre l\u2019information tunisienne en temps r\u00e9el.","email":"redac@webdo.tn","legalName":"YNJ SARL","foundingDate":"2010-09-06","numberOfEmployees":{"@type":"QuantitativeValue","minValue":"11","maxValue":"50"}},{"@type":"Person","@id":"https:\/\/www.webdo.tn\/fr\/#\/schema\/person\/9a9c6118d687c117df8ef3cc36a4d175","name":"webdo.tn","image":{"@type":"ImageObject","inLanguage":"fr-FR","@id":"https:\/\/secure.gravatar.com\/avatar\/7ce1f28c0c3bbac99ff550b85ef8e44a6950c6ee24514fb6a5489e51d06f0298?s=96&d=mm&r=g","url":"https:\/\/secure.gravatar.com\/avatar\/7ce1f28c0c3bbac99ff550b85ef8e44a6950c6ee24514fb6a5489e51d06f0298?s=96&d=mm&r=g","contentUrl":"https:\/\/secure.gravatar.com\/avatar\/7ce1f28c0c3bbac99ff550b85ef8e44a6950c6ee24514fb6a5489e51d06f0298?s=96&d=mm&r=g","caption":"webdo.tn"},"url":"https:\/\/www.webdo.tn\/fr\/actualite\/author\/webdotn\/"}]}},"_links":{"self":[{"href":"https:\/\/www.webdo.tn\/fr\/wp-json\/wp\/v2\/posts\/184211","targetHints":{"allow":["GET"]}}],"collection":[{"href":"https:\/\/www.webdo.tn\/fr\/wp-json\/wp\/v2\/posts"}],"about":[{"href":"https:\/\/www.webdo.tn\/fr\/wp-json\/wp\/v2\/types\/post"}],"author":[{"embeddable":true,"href":"https:\/\/www.webdo.tn\/fr\/wp-json\/wp\/v2\/users\/3222"}],"replies":[{"embeddable":true,"href":"https:\/\/www.webdo.tn\/fr\/wp-json\/wp\/v2\/comments?post=184211"}],"version-history":[{"count":0,"href":"https:\/\/www.webdo.tn\/fr\/wp-json\/wp\/v2\/posts\/184211\/revisions"}],"wp:featuredmedia":[{"embeddable":true,"href":"https:\/\/www.webdo.tn\/fr\/wp-json\/wp\/v2\/media\/352346"}],"wp:attachment":[{"href":"https:\/\/www.webdo.tn\/fr\/wp-json\/wp\/v2\/media?parent=184211"}],"wp:term":[{"taxonomy":"category","embeddable":true,"href":"https:\/\/www.webdo.tn\/fr\/wp-json\/wp\/v2\/categories?post=184211"},{"taxonomy":"post_tag","embeddable":true,"href":"https:\/\/www.webdo.tn\/fr\/wp-json\/wp\/v2\/tags?post=184211"}],"curies":[{"name":"wp","href":"https:\/\/api.w.org\/{rel}","templated":true}]}}