{"id":184210,"date":"2015-01-29T09:54:00","date_gmt":"2015-01-29T09:54:00","guid":{"rendered":"https:\/\/www.webdo.tn\/fr\/blog\/gorbatchev-une-guerre-froide-est-declaree-entre-russes-et-americains-et-pourrait-degenerer-en-conflit-arme\/184210\/"},"modified":"2015-01-29T09:54:00","modified_gmt":"2015-01-29T09:54:00","slug":"gorbatchev-une-guerre-froide-est-declaree-entre-russes-et-americains-et-pourrait-degenerer-en-conflit-arme","status":"publish","type":"post","link":"https:\/\/www.webdo.tn\/fr\/actualite\/international\/gorbatchev-une-guerre-froide-est-declaree-entre-russes-et-americains-et-pourrait-degenerer-en-conflit-arme\/184210\/","title":{"rendered":"Gorbatchev : \u00ab\u00a0Une Guerre froide\u00a0\u00bb est d\u00e9clar\u00e9e entre Russes et Am\u00e9ricains et pourrait d\u00e9g\u00e9n\u00e9rer en conflit arm\u00e9\u00a0\u00bb"},"content":{"rendered":"<p>Une \u00ab\u00a0nouvelle Guerre froide\u00a0\u00bb est d\u00e9clar\u00e9e entre Russes et Am\u00e9ricains et pourrait d\u00e9g\u00e9n\u00e9rer en conflit arm\u00e9, a estim\u00e9, ce jeudi 29 janvier, le dernier dirigeant de l&rsquo;Union sovi\u00e9tique, Mikha\u00efl Gorbatchev, rapporte l&rsquo;AFP.<\/p>\n<p>\u00ab\u00a0L&rsquo;Am\u00e9rique s&rsquo;est \u00e9gar\u00e9e dans les profondeurs de la jungle et nous entra\u00eene avec elle\u00a0\u00bb, a d\u00e9clar\u00e9 M. Gorbatchev cit\u00e9 par l&rsquo;agence Interfax. \u00ab\u00a0Je ne suis pas en mesure d\u00e9clarer avec assurance que la Guerre froide ne va pas tourner \u00e0 une v\u00e9ritable guerre\u00a0\u00bb.<\/p>\n<p>Mikha\u00efl Gorbatchev, 83 ans, a dirig\u00e9 l&rsquo;URSS entre 1985 et 1991. Acteur principal de la fin de la guerre froide entre l&rsquo;Union Sovi\u00e9tique et les Etats-Unis, il a lanc\u00e9 au sein de l&rsquo;URSS la lib\u00e9ralisation \u00e9conomique, culturelle et politique connue sous les noms de perestro\u00efka et de glasnost.<\/p>\n","protected":false},"excerpt":{"rendered":"<p>Gorbatchev :  Une Guerre froide  est d\u00e9clar\u00e9e entre Russes et Am\u00e9ricains et pourrait d\u00e9g\u00e9n\u00e9rer en conflit arm\u00e9<\/p>\n","protected":false},"author":3222,"featured_media":335497,"comment_status":"open","ping_status":"closed","sticky":false,"template":"","format":"standard","meta":{"footnotes":""},"categories":[2598],"tags":[2600],"class_list":["post-184210","post","type-post","status-publish","format-standard","has-post-thumbnail","hentry","category-international","tag-guerre"],"yoast_head":"<!-- This site is optimized with the Yoast SEO Premium plugin v27.5 (Yoast SEO v27.5) - https:\/\/yoast.com\/product\/yoast-seo-premium-wordpress\/ -->\n<title>Gorbatchev : Une Guerre froide est d\u00e9clar\u00e9e entre Russes et Am\u00e9ricains et pourrait d\u00e9g\u00e9n\u00e9rer en conflit arm\u00e9<\/title>\n<meta name=\"description\" content=\"Gorbatchev : Une Guerre froide est d\u00e9clar\u00e9e entre Russes et Am\u00e9ricains et pourrait d\u00e9g\u00e9n\u00e9rer en conflit arm\u00e9\" \/>\n<link rel=\"canonical\" href=\"https:\/\/www.webdo.tn\/fr\/actualite\/international\/gorbatchev-une-guerre-froide-est-declaree-entre-russes-et-americains-et-pourrait-degenerer-en-conflit-arme\/184210\/\" \/>\n<meta property=\"og:locale\" content=\"fr_FR\" \/>\n<meta property=\"og:type\" content=\"article\" \/>\n<meta property=\"og:title\" content=\"Gorbatchev : &quot;Une Guerre froide&quot; est d\u00e9clar\u00e9e entre Russes et Am\u00e9ricains et pourrait d\u00e9g\u00e9n\u00e9rer en conflit arm\u00e9&quot;\" \/>\n<meta property=\"og:description\" content=\"Gorbatchev : Une Guerre froide est d\u00e9clar\u00e9e entre Russes et Am\u00e9ricains et pourrait d\u00e9g\u00e9n\u00e9rer en conflit arm\u00e9\" \/>\n<meta property=\"og:url\" content=\"https:\/\/www.webdo.tn\/fr\/actualite\/international\/gorbatchev-une-guerre-froide-est-declaree-entre-russes-et-americains-et-pourrait-degenerer-en-conflit-arme\/184210\/\" \/>\n<meta property=\"og:site_name\" content=\"webdo\" \/>\n<meta property=\"article:publisher\" content=\"https:\/\/www.facebook.com\/webdotn\" \/>\n<meta property=\"article:published_time\" content=\"2015-01-29T09:54:00+00:00\" \/>\n<meta property=\"og:image\" content=\"https:\/\/www.webdo.tn\/fr\/wp-content\/uploads\/2015\/01\/Gorbatchev.jpg\" \/>\n\t<meta property=\"og:image:width\" content=\"474\" \/>\n\t<meta property=\"og:image:height\" content=\"300\" \/>\n\t<meta property=\"og:image:type\" content=\"image\/jpeg\" \/>\n<meta name=\"author\" content=\"webdo.tn\" \/>\n<meta name=\"twitter:card\" content=\"summary_large_image\" \/>\n<meta name=\"twitter:creator\" content=\"@webdo_tn\" \/>\n<meta name=\"twitter:site\" content=\"@webdo_tn\" \/>\n<meta name=\"twitter:label1\" content=\"\u00c9crit par\" \/>\n\t<meta name=\"twitter:data1\" content=\"webdo.tn\" \/>\n\t<meta name=\"twitter:label2\" content=\"Dur\u00e9e de lecture estim\u00e9e\" \/>\n\t<meta name=\"twitter:data2\" content=\"1 minute\" \/>\n<script type=\"application\/ld+json\" class=\"yoast-schema-graph\">{\"@context\":\"https:\\\/\\\/schema.org\",\"@graph\":[{\"@type\":\"NewsArticle\",\"@id\":\"https:\\\/\\\/www.webdo.tn\\\/fr\\\/actualite\\\/international\\\/gorbatchev-une-guerre-froide-est-declaree-entre-russes-et-americains-et-pourrait-degenerer-en-conflit-arme\\\/184210\\\/#article\",\"isPartOf\":{\"@id\":\"https:\\\/\\\/www.webdo.tn\\\/fr\\\/actualite\\\/international\\\/gorbatchev-une-guerre-froide-est-declaree-entre-russes-et-americains-et-pourrait-degenerer-en-conflit-arme\\\/184210\\\/\"},\"author\":{\"name\":\"webdo.tn\",\"@id\":\"https:\\\/\\\/www.webdo.tn\\\/fr\\\/#\\\/schema\\\/person\\\/9a9c6118d687c117df8ef3cc36a4d175\"},\"headline\":\"Gorbatchev : \u00ab\u00a0Une Guerre froide\u00a0\u00bb est d\u00e9clar\u00e9e entre Russes et Am\u00e9ricains et pourrait d\u00e9g\u00e9n\u00e9rer en conflit arm\u00e9\u00a0\u00bb\",\"datePublished\":\"2015-01-29T09:54:00+00:00\",\"mainEntityOfPage\":{\"@id\":\"https:\\\/\\\/www.webdo.tn\\\/fr\\\/actualite\\\/international\\\/gorbatchev-une-guerre-froide-est-declaree-entre-russes-et-americains-et-pourrait-degenerer-en-conflit-arme\\\/184210\\\/\"},\"wordCount\":166,\"commentCount\":0,\"publisher\":{\"@id\":\"https:\\\/\\\/www.webdo.tn\\\/fr\\\/#organization\"},\"image\":{\"@id\":\"https:\\\/\\\/www.webdo.tn\\\/fr\\\/actualite\\\/international\\\/gorbatchev-une-guerre-froide-est-declaree-entre-russes-et-americains-et-pourrait-degenerer-en-conflit-arme\\\/184210\\\/#primaryimage\"},\"thumbnailUrl\":\"https:\\\/\\\/www.webdo.tn\\\/fr\\\/wp-content\\\/uploads\\\/2015\\\/01\\\/Gorbatchev.jpg\",\"keywords\":[\"guerre\"],\"articleSection\":[\"International\"],\"inLanguage\":\"fr-FR\"},{\"@type\":\"WebPage\",\"@id\":\"https:\\\/\\\/www.webdo.tn\\\/fr\\\/actualite\\\/international\\\/gorbatchev-une-guerre-froide-est-declaree-entre-russes-et-americains-et-pourrait-degenerer-en-conflit-arme\\\/184210\\\/\",\"url\":\"https:\\\/\\\/www.webdo.tn\\\/fr\\\/actualite\\\/international\\\/gorbatchev-une-guerre-froide-est-declaree-entre-russes-et-americains-et-pourrait-degenerer-en-conflit-arme\\\/184210\\\/\",\"name\":\"Gorbatchev : Une Guerre froide est d\u00e9clar\u00e9e entre Russes et Am\u00e9ricains et pourrait d\u00e9g\u00e9n\u00e9rer en conflit arm\u00e9\",\"isPartOf\":{\"@id\":\"https:\\\/\\\/www.webdo.tn\\\/fr\\\/#website\"},\"primaryImageOfPage\":{\"@id\":\"https:\\\/\\\/www.webdo.tn\\\/fr\\\/actualite\\\/international\\\/gorbatchev-une-guerre-froide-est-declaree-entre-russes-et-americains-et-pourrait-degenerer-en-conflit-arme\\\/184210\\\/#primaryimage\"},\"image\":{\"@id\":\"https:\\\/\\\/www.webdo.tn\\\/fr\\\/actualite\\\/international\\\/gorbatchev-une-guerre-froide-est-declaree-entre-russes-et-americains-et-pourrait-degenerer-en-conflit-arme\\\/184210\\\/#primaryimage\"},\"thumbnailUrl\":\"https:\\\/\\\/www.webdo.tn\\\/fr\\\/wp-content\\\/uploads\\\/2015\\\/01\\\/Gorbatchev.jpg\",\"datePublished\":\"2015-01-29T09:54:00+00:00\",\"description\":\"Gorbatchev : Une Guerre froide est d\u00e9clar\u00e9e entre Russes et Am\u00e9ricains et pourrait d\u00e9g\u00e9n\u00e9rer en conflit arm\u00e9\",\"breadcrumb\":{\"@id\":\"https:\\\/\\\/www.webdo.tn\\\/fr\\\/actualite\\\/international\\\/gorbatchev-une-guerre-froide-est-declaree-entre-russes-et-americains-et-pourrait-degenerer-en-conflit-arme\\\/184210\\\/#breadcrumb\"},\"inLanguage\":\"fr-FR\",\"potentialAction\":[{\"@type\":\"ReadAction\",\"target\":[\"https:\\\/\\\/www.webdo.tn\\\/fr\\\/actualite\\\/international\\\/gorbatchev-une-guerre-froide-est-declaree-entre-russes-et-americains-et-pourrait-degenerer-en-conflit-arme\\\/184210\\\/\"]}]},{\"@type\":\"ImageObject\",\"inLanguage\":\"fr-FR\",\"@id\":\"https:\\\/\\\/www.webdo.tn\\\/fr\\\/actualite\\\/international\\\/gorbatchev-une-guerre-froide-est-declaree-entre-russes-et-americains-et-pourrait-degenerer-en-conflit-arme\\\/184210\\\/#primaryimage\",\"url\":\"https:\\\/\\\/www.webdo.tn\\\/fr\\\/wp-content\\\/uploads\\\/2015\\\/01\\\/Gorbatchev.jpg\",\"contentUrl\":\"https:\\\/\\\/www.webdo.tn\\\/fr\\\/wp-content\\\/uploads\\\/2015\\\/01\\\/Gorbatchev.jpg\",\"width\":474,\"height\":300,\"caption\":\"Gorbatchev : \\\"Une Guerre froide\\\" est d\u00e9clar\u00e9e entre Russes et Am\u00e9ricains et pourrait d\u00e9g\u00e9n\u00e9rer en conflit arm\u00e9\\\"\"},{\"@type\":\"BreadcrumbList\",\"@id\":\"https:\\\/\\\/www.webdo.tn\\\/fr\\\/actualite\\\/international\\\/gorbatchev-une-guerre-froide-est-declaree-entre-russes-et-americains-et-pourrait-degenerer-en-conflit-arme\\\/184210\\\/#breadcrumb\",\"itemListElement\":[{\"@type\":\"ListItem\",\"position\":1,\"name\":\"Accueil\",\"item\":\"https:\\\/\\\/www.webdo.tn\\\/fr\\\/\"},{\"@type\":\"ListItem\",\"position\":2,\"name\":\"Gorbatchev : \u00ab\u00a0Une Guerre froide\u00a0\u00bb est d\u00e9clar\u00e9e entre Russes et Am\u00e9ricains et pourrait d\u00e9g\u00e9n\u00e9rer en conflit arm\u00e9\u00a0\u00bb\"}]},{\"@type\":\"WebSite\",\"@id\":\"https:\\\/\\\/www.webdo.tn\\\/fr\\\/#website\",\"url\":\"https:\\\/\\\/www.webdo.tn\\\/fr\\\/\",\"name\":\"webdo\",\"description\":\"Tunisie - News en Tunisie et \u00e0 l&#039;international sur Webdo.tn\",\"publisher\":{\"@id\":\"https:\\\/\\\/www.webdo.tn\\\/fr\\\/#organization\"},\"potentialAction\":[{\"@type\":\"SearchAction\",\"target\":{\"@type\":\"EntryPoint\",\"urlTemplate\":\"https:\\\/\\\/www.webdo.tn\\\/fr\\\/?s={search_term_string}\"},\"query-input\":{\"@type\":\"PropertyValueSpecification\",\"valueRequired\":true,\"valueName\":\"search_term_string\"}}],\"inLanguage\":\"fr-FR\"},{\"@type\":\"Organization\",\"@id\":\"https:\\\/\\\/www.webdo.tn\\\/fr\\\/#organization\",\"name\":\"Webdo\",\"alternateName\":\"Webdo.tn\",\"url\":\"https:\\\/\\\/www.webdo.tn\\\/fr\\\/\",\"logo\":{\"@type\":\"ImageObject\",\"inLanguage\":\"fr-FR\",\"@id\":\"https:\\\/\\\/www.webdo.tn\\\/fr\\\/#\\\/schema\\\/logo\\\/image\\\/\",\"url\":\"https:\\\/\\\/www.webdo.tn\\\/fr\\\/wp-content\\\/uploads\\\/2025\\\/06\\\/Webdo-Tunisie_168377.jpg\",\"contentUrl\":\"https:\\\/\\\/www.webdo.tn\\\/fr\\\/wp-content\\\/uploads\\\/2025\\\/06\\\/Webdo-Tunisie_168377.jpg\",\"width\":301,\"height\":301,\"caption\":\"Webdo\"},\"image\":{\"@id\":\"https:\\\/\\\/www.webdo.tn\\\/fr\\\/#\\\/schema\\\/logo\\\/image\\\/\"},\"sameAs\":[\"https:\\\/\\\/www.facebook.com\\\/webdotn\",\"https:\\\/\\\/x.com\\\/webdo_tn\"],\"description\":\"Webdo est un m\u00e9dia num\u00e9rique tunisien fond\u00e9 en 2010, sp\u00e9cialis\u00e9 dans l\u2019actualit\u00e9 nationale et internationale, l\u2019\u00e9conomie, la soci\u00e9t\u00e9 et les analyses politiques. Le site s\u2019adresse \u00e0 un large public francophone et couvre l\u2019information tunisienne en temps r\u00e9el.\",\"email\":\"redac@webdo.tn\",\"legalName\":\"YNJ SARL\",\"foundingDate\":\"2010-09-06\",\"numberOfEmployees\":{\"@type\":\"QuantitativeValue\",\"minValue\":\"11\",\"maxValue\":\"50\"}},{\"@type\":\"Person\",\"@id\":\"https:\\\/\\\/www.webdo.tn\\\/fr\\\/#\\\/schema\\\/person\\\/9a9c6118d687c117df8ef3cc36a4d175\",\"name\":\"webdo.tn\",\"image\":{\"@type\":\"ImageObject\",\"inLanguage\":\"fr-FR\",\"@id\":\"https:\\\/\\\/secure.gravatar.com\\\/avatar\\\/7ce1f28c0c3bbac99ff550b85ef8e44a6950c6ee24514fb6a5489e51d06f0298?s=96&d=mm&r=g\",\"url\":\"https:\\\/\\\/secure.gravatar.com\\\/avatar\\\/7ce1f28c0c3bbac99ff550b85ef8e44a6950c6ee24514fb6a5489e51d06f0298?s=96&d=mm&r=g\",\"contentUrl\":\"https:\\\/\\\/secure.gravatar.com\\\/avatar\\\/7ce1f28c0c3bbac99ff550b85ef8e44a6950c6ee24514fb6a5489e51d06f0298?s=96&d=mm&r=g\",\"caption\":\"webdo.tn\"},\"url\":\"https:\\\/\\\/www.webdo.tn\\\/fr\\\/actualite\\\/author\\\/webdotn\\\/\"}]}<\/script>\n<!-- \/ Yoast SEO Premium plugin. -->","yoast_head_json":{"title":"Gorbatchev : Une Guerre froide est d\u00e9clar\u00e9e entre Russes et Am\u00e9ricains et pourrait d\u00e9g\u00e9n\u00e9rer en conflit arm\u00e9","description":"Gorbatchev : Une Guerre froide est d\u00e9clar\u00e9e entre Russes et Am\u00e9ricains et pourrait d\u00e9g\u00e9n\u00e9rer en conflit arm\u00e9","canonical":"https:\/\/www.webdo.tn\/fr\/actualite\/international\/gorbatchev-une-guerre-froide-est-declaree-entre-russes-et-americains-et-pourrait-degenerer-en-conflit-arme\/184210\/","og_locale":"fr_FR","og_type":"article","og_title":"Gorbatchev : \"Une Guerre froide\" est d\u00e9clar\u00e9e entre Russes et Am\u00e9ricains et pourrait d\u00e9g\u00e9n\u00e9rer en conflit arm\u00e9\"","og_description":"Gorbatchev : Une Guerre froide est d\u00e9clar\u00e9e entre Russes et Am\u00e9ricains et pourrait d\u00e9g\u00e9n\u00e9rer en conflit arm\u00e9","og_url":"https:\/\/www.webdo.tn\/fr\/actualite\/international\/gorbatchev-une-guerre-froide-est-declaree-entre-russes-et-americains-et-pourrait-degenerer-en-conflit-arme\/184210\/","og_site_name":"webdo","article_publisher":"https:\/\/www.facebook.com\/webdotn","article_published_time":"2015-01-29T09:54:00+00:00","og_image":[{"width":474,"height":300,"url":"https:\/\/www.webdo.tn\/fr\/wp-content\/uploads\/2015\/01\/Gorbatchev.jpg","type":"image\/jpeg"}],"author":"webdo.tn","twitter_card":"summary_large_image","twitter_creator":"@webdo_tn","twitter_site":"@webdo_tn","twitter_misc":{"\u00c9crit par":"webdo.tn","Dur\u00e9e de lecture estim\u00e9e":"1 minute"},"schema":{"@context":"https:\/\/schema.org","@graph":[{"@type":"NewsArticle","@id":"https:\/\/www.webdo.tn\/fr\/actualite\/international\/gorbatchev-une-guerre-froide-est-declaree-entre-russes-et-americains-et-pourrait-degenerer-en-conflit-arme\/184210\/#article","isPartOf":{"@id":"https:\/\/www.webdo.tn\/fr\/actualite\/international\/gorbatchev-une-guerre-froide-est-declaree-entre-russes-et-americains-et-pourrait-degenerer-en-conflit-arme\/184210\/"},"author":{"name":"webdo.tn","@id":"https:\/\/www.webdo.tn\/fr\/#\/schema\/person\/9a9c6118d687c117df8ef3cc36a4d175"},"headline":"Gorbatchev : \u00ab\u00a0Une Guerre froide\u00a0\u00bb est d\u00e9clar\u00e9e entre Russes et Am\u00e9ricains et pourrait d\u00e9g\u00e9n\u00e9rer en conflit arm\u00e9\u00a0\u00bb","datePublished":"2015-01-29T09:54:00+00:00","mainEntityOfPage":{"@id":"https:\/\/www.webdo.tn\/fr\/actualite\/international\/gorbatchev-une-guerre-froide-est-declaree-entre-russes-et-americains-et-pourrait-degenerer-en-conflit-arme\/184210\/"},"wordCount":166,"commentCount":0,"publisher":{"@id":"https:\/\/www.webdo.tn\/fr\/#organization"},"image":{"@id":"https:\/\/www.webdo.tn\/fr\/actualite\/international\/gorbatchev-une-guerre-froide-est-declaree-entre-russes-et-americains-et-pourrait-degenerer-en-conflit-arme\/184210\/#primaryimage"},"thumbnailUrl":"https:\/\/www.webdo.tn\/fr\/wp-content\/uploads\/2015\/01\/Gorbatchev.jpg","keywords":["guerre"],"articleSection":["International"],"inLanguage":"fr-FR"},{"@type":"WebPage","@id":"https:\/\/www.webdo.tn\/fr\/actualite\/international\/gorbatchev-une-guerre-froide-est-declaree-entre-russes-et-americains-et-pourrait-degenerer-en-conflit-arme\/184210\/","url":"https:\/\/www.webdo.tn\/fr\/actualite\/international\/gorbatchev-une-guerre-froide-est-declaree-entre-russes-et-americains-et-pourrait-degenerer-en-conflit-arme\/184210\/","name":"Gorbatchev : Une Guerre froide est d\u00e9clar\u00e9e entre Russes et Am\u00e9ricains et pourrait d\u00e9g\u00e9n\u00e9rer en conflit arm\u00e9","isPartOf":{"@id":"https:\/\/www.webdo.tn\/fr\/#website"},"primaryImageOfPage":{"@id":"https:\/\/www.webdo.tn\/fr\/actualite\/international\/gorbatchev-une-guerre-froide-est-declaree-entre-russes-et-americains-et-pourrait-degenerer-en-conflit-arme\/184210\/#primaryimage"},"image":{"@id":"https:\/\/www.webdo.tn\/fr\/actualite\/international\/gorbatchev-une-guerre-froide-est-declaree-entre-russes-et-americains-et-pourrait-degenerer-en-conflit-arme\/184210\/#primaryimage"},"thumbnailUrl":"https:\/\/www.webdo.tn\/fr\/wp-content\/uploads\/2015\/01\/Gorbatchev.jpg","datePublished":"2015-01-29T09:54:00+00:00","description":"Gorbatchev : Une Guerre froide est d\u00e9clar\u00e9e entre Russes et Am\u00e9ricains et pourrait d\u00e9g\u00e9n\u00e9rer en conflit arm\u00e9","breadcrumb":{"@id":"https:\/\/www.webdo.tn\/fr\/actualite\/international\/gorbatchev-une-guerre-froide-est-declaree-entre-russes-et-americains-et-pourrait-degenerer-en-conflit-arme\/184210\/#breadcrumb"},"inLanguage":"fr-FR","potentialAction":[{"@type":"ReadAction","target":["https:\/\/www.webdo.tn\/fr\/actualite\/international\/gorbatchev-une-guerre-froide-est-declaree-entre-russes-et-americains-et-pourrait-degenerer-en-conflit-arme\/184210\/"]}]},{"@type":"ImageObject","inLanguage":"fr-FR","@id":"https:\/\/www.webdo.tn\/fr\/actualite\/international\/gorbatchev-une-guerre-froide-est-declaree-entre-russes-et-americains-et-pourrait-degenerer-en-conflit-arme\/184210\/#primaryimage","url":"https:\/\/www.webdo.tn\/fr\/wp-content\/uploads\/2015\/01\/Gorbatchev.jpg","contentUrl":"https:\/\/www.webdo.tn\/fr\/wp-content\/uploads\/2015\/01\/Gorbatchev.jpg","width":474,"height":300,"caption":"Gorbatchev : \"Une Guerre froide\" est d\u00e9clar\u00e9e entre Russes et Am\u00e9ricains et pourrait d\u00e9g\u00e9n\u00e9rer en conflit arm\u00e9\""},{"@type":"BreadcrumbList","@id":"https:\/\/www.webdo.tn\/fr\/actualite\/international\/gorbatchev-une-guerre-froide-est-declaree-entre-russes-et-americains-et-pourrait-degenerer-en-conflit-arme\/184210\/#breadcrumb","itemListElement":[{"@type":"ListItem","position":1,"name":"Accueil","item":"https:\/\/www.webdo.tn\/fr\/"},{"@type":"ListItem","position":2,"name":"Gorbatchev : \u00ab\u00a0Une Guerre froide\u00a0\u00bb est d\u00e9clar\u00e9e entre Russes et Am\u00e9ricains et pourrait d\u00e9g\u00e9n\u00e9rer en conflit arm\u00e9\u00a0\u00bb"}]},{"@type":"WebSite","@id":"https:\/\/www.webdo.tn\/fr\/#website","url":"https:\/\/www.webdo.tn\/fr\/","name":"webdo","description":"Tunisie - News en Tunisie et \u00e0 l&#039;international sur Webdo.tn","publisher":{"@id":"https:\/\/www.webdo.tn\/fr\/#organization"},"potentialAction":[{"@type":"SearchAction","target":{"@type":"EntryPoint","urlTemplate":"https:\/\/www.webdo.tn\/fr\/?s={search_term_string}"},"query-input":{"@type":"PropertyValueSpecification","valueRequired":true,"valueName":"search_term_string"}}],"inLanguage":"fr-FR"},{"@type":"Organization","@id":"https:\/\/www.webdo.tn\/fr\/#organization","name":"Webdo","alternateName":"Webdo.tn","url":"https:\/\/www.webdo.tn\/fr\/","logo":{"@type":"ImageObject","inLanguage":"fr-FR","@id":"https:\/\/www.webdo.tn\/fr\/#\/schema\/logo\/image\/","url":"https:\/\/www.webdo.tn\/fr\/wp-content\/uploads\/2025\/06\/Webdo-Tunisie_168377.jpg","contentUrl":"https:\/\/www.webdo.tn\/fr\/wp-content\/uploads\/2025\/06\/Webdo-Tunisie_168377.jpg","width":301,"height":301,"caption":"Webdo"},"image":{"@id":"https:\/\/www.webdo.tn\/fr\/#\/schema\/logo\/image\/"},"sameAs":["https:\/\/www.facebook.com\/webdotn","https:\/\/x.com\/webdo_tn"],"description":"Webdo est un m\u00e9dia num\u00e9rique tunisien fond\u00e9 en 2010, sp\u00e9cialis\u00e9 dans l\u2019actualit\u00e9 nationale et internationale, l\u2019\u00e9conomie, la soci\u00e9t\u00e9 et les analyses politiques. Le site s\u2019adresse \u00e0 un large public francophone et couvre l\u2019information tunisienne en temps r\u00e9el.","email":"redac@webdo.tn","legalName":"YNJ SARL","foundingDate":"2010-09-06","numberOfEmployees":{"@type":"QuantitativeValue","minValue":"11","maxValue":"50"}},{"@type":"Person","@id":"https:\/\/www.webdo.tn\/fr\/#\/schema\/person\/9a9c6118d687c117df8ef3cc36a4d175","name":"webdo.tn","image":{"@type":"ImageObject","inLanguage":"fr-FR","@id":"https:\/\/secure.gravatar.com\/avatar\/7ce1f28c0c3bbac99ff550b85ef8e44a6950c6ee24514fb6a5489e51d06f0298?s=96&d=mm&r=g","url":"https:\/\/secure.gravatar.com\/avatar\/7ce1f28c0c3bbac99ff550b85ef8e44a6950c6ee24514fb6a5489e51d06f0298?s=96&d=mm&r=g","contentUrl":"https:\/\/secure.gravatar.com\/avatar\/7ce1f28c0c3bbac99ff550b85ef8e44a6950c6ee24514fb6a5489e51d06f0298?s=96&d=mm&r=g","caption":"webdo.tn"},"url":"https:\/\/www.webdo.tn\/fr\/actualite\/author\/webdotn\/"}]}},"_links":{"self":[{"href":"https:\/\/www.webdo.tn\/fr\/wp-json\/wp\/v2\/posts\/184210","targetHints":{"allow":["GET"]}}],"collection":[{"href":"https:\/\/www.webdo.tn\/fr\/wp-json\/wp\/v2\/posts"}],"about":[{"href":"https:\/\/www.webdo.tn\/fr\/wp-json\/wp\/v2\/types\/post"}],"author":[{"embeddable":true,"href":"https:\/\/www.webdo.tn\/fr\/wp-json\/wp\/v2\/users\/3222"}],"replies":[{"embeddable":true,"href":"https:\/\/www.webdo.tn\/fr\/wp-json\/wp\/v2\/comments?post=184210"}],"version-history":[{"count":0,"href":"https:\/\/www.webdo.tn\/fr\/wp-json\/wp\/v2\/posts\/184210\/revisions"}],"wp:featuredmedia":[{"embeddable":true,"href":"https:\/\/www.webdo.tn\/fr\/wp-json\/wp\/v2\/media\/335497"}],"wp:attachment":[{"href":"https:\/\/www.webdo.tn\/fr\/wp-json\/wp\/v2\/media?parent=184210"}],"wp:term":[{"taxonomy":"category","embeddable":true,"href":"https:\/\/www.webdo.tn\/fr\/wp-json\/wp\/v2\/categories?post=184210"},{"taxonomy":"post_tag","embeddable":true,"href":"https:\/\/www.webdo.tn\/fr\/wp-json\/wp\/v2\/tags?post=184210"}],"curies":[{"name":"wp","href":"https:\/\/api.w.org\/{rel}","templated":true}]}}