{"id":184208,"date":"2015-01-29T11:19:00","date_gmt":"2015-01-29T11:19:00","guid":{"rendered":"https:\/\/www.webdo.tn\/fr\/blog\/france-un-enfant-de-8-ans-entendu-par-la-police-pour-apologie-dacte-de-terrorisme\/184208\/"},"modified":"2015-01-29T11:19:00","modified_gmt":"2015-01-29T11:19:00","slug":"france-un-enfant-de-8-ans-entendu-par-la-police-pour-apologie-dacte-de-terrorisme","status":"publish","type":"post","link":"https:\/\/www.webdo.tn\/fr\/actualite\/international\/france-un-enfant-de-8-ans-entendu-par-la-police-pour-apologie-dacte-de-terrorisme\/184208\/","title":{"rendered":"France : Un enfant de 8 ans entendu par la police pour \u00ab apologie d\u2019acte de terrorisme \u00bb"},"content":{"rendered":"<p>Ahmed, 8 ans, a \u00e9t\u00e9 entendu, mercredi 28 janvier, par la police de Nice, a r\u00e9v\u00e9l\u00e9 \u00e0 l\u2019AFP, le Collectif Contre l\u2019Islamophobie en France (CCIF). Selon Nice Matin, il aurait lanc\u00e9 : \u00ab Je ne suis pas Charlie, je suis avec les terroristes \u00bb.<\/p>\n<p>Au lendemain de l&rsquo;attentat contre le journal satirique Charlie Hebdo, le 8 janvier, l&rsquo;enfant est interrog\u00e9 par son instituteur, qui lui demande s&rsquo;il \u00abest Charlie\u00bb, affirme le CCIF. L\u2019enfant r\u00e9pond qu\u2019il \u00abs&rsquo;oppose\u00bb aux caricatures du Proph\u00e8te Mohamed et, selon l&rsquo;organisation, aurait \u00abr\u00e9pondu na\u00efvement\u00bb qu&rsquo;il \u00e9tait \u00abdu c\u00f4t\u00e9 des terroristes\u00bb.<\/p>\n<p>\/\/ <\/p>\n<p>Publication by i&gt;TELE.<\/p>\n<p>Ahmed entendu pendant 30 minutes<br \/>\nSelon le directeur d\u00e9partemental de la s\u00e9curit\u00e9 publique, Marcel Authier, l&rsquo;enfant avait \u00e9galement refus\u00e9 d&rsquo;observer une minute de silence et de participer \u00e0 une ronde de solidarit\u00e9 dans son \u00e9cole primaire.<\/p>\n<p>Le directeur de l&rsquo;\u00e9cole a alors signal\u00e9 ce qui s&rsquo;est pass\u00e9 \u00e0 la police. \u00ab On a convoqu\u00e9 l&rsquo;enfant et son p\u00e8re pour essayer de comprendre comment un gar\u00e7on de 8 ans peut \u00eatre amen\u00e9 \u00e0 tenir des propos aussi radicaux \u00bb, a d\u00e9clar\u00e9 le commissaire en notant qu&rsquo;il ne s&rsquo;agit aucunement d&rsquo;une plainte.<\/p>\n<p>L&rsquo;enfant a \u00e9t\u00e9 entendu pendant 30 minutes, puis a jou\u00e9 avec des jouets pendant l&rsquo;audition de son p\u00e8re, civilement responsable. \u00ab Visiblement, l&rsquo;enfant ne comprend pas ce qu&rsquo;il a dit. On ne sait pas o\u00f9 il est all\u00e9 chercher ses propos \u00bb, selon le directeur d\u00e9partemental de la s\u00e9curit\u00e9 publique.<br \/>\nPoursuivi pour apologie d&rsquo;acte de terrorisme, selon son avocat<br \/>\nL&rsquo;avocat de l&rsquo;enfant et de ses parents, Me Sefen Guez Guez, contredit cependant la police en affirmant qu\u2019une plainte a bien \u00e9t\u00e9 d\u00e9pos\u00e9e. \u00ab L&rsquo;enfant est poursuivi pour apologie d&rsquo;acte de terrorisme. C&rsquo;est \u00e9crit noir sur blanc sur le PV que j&rsquo;ai sign\u00e9. La police ment \u00bb.<\/p>\n<p>Il pr\u00e9cise \u00e9galement que le p\u00e8re, qui cherchait \u00e0 calmer l&rsquo;enfant, est poursuivi pour \u00ab intrusion dans l&rsquo;\u00e9tablissement \u00bb, et que les parents ont expliqu\u00e9 \u00e0 leur fils que \u00ab le terrorisme, c&rsquo;est mal \u00bb et condamn\u00e9 ses propos.<\/p>\n<p>Selon le CCIF, l&rsquo;enfant, diab\u00e9tique, a rapport\u00e9 \u00ab la privation de son insuline par le corps enseignant \u00bb. Le collectif et l&rsquo;avocat affirment encore que le directeur de l&rsquo;\u00e9tablissement aurait lanc\u00e9 \u00e0 l&rsquo;enfant, qui jouait dans le bac \u00e0 sable : \u00ab Arr\u00eate de creuser dans le sable, tu n&rsquo;y trouveras pas de mitraillette pour tous nous tuer \u00bb.<\/p>\n","protected":false},"excerpt":{"rendered":"<p>France : Un enfant de 8 ans entendu par la police pour \u00ab apologie d\u2019acte de terrorisme \u00bb<\/p>\n","protected":false},"author":3222,"featured_media":330764,"comment_status":"open","ping_status":"closed","sticky":false,"template":"","format":"standard","meta":{"footnotes":""},"categories":[2598],"tags":[2600],"class_list":["post-184208","post","type-post","status-publish","format-standard","has-post-thumbnail","hentry","category-international","tag-guerre"],"yoast_head":"<!-- This site is optimized with the Yoast SEO Premium plugin v27.5 (Yoast SEO v27.5) - https:\/\/yoast.com\/product\/yoast-seo-premium-wordpress\/ -->\n<title>France : Un enfant de 8 ans entendu par la police pour \u00ab apologie d\u2019acte de terrorisme \u00bb<\/title>\n<meta name=\"description\" content=\"France : Un enfant de 8 ans entendu par la police pour \u00ab apologie d\u2019acte de terrorisme \u00bb\" \/>\n<link rel=\"canonical\" href=\"https:\/\/www.webdo.tn\/fr\/actualite\/international\/france-un-enfant-de-8-ans-entendu-par-la-police-pour-apologie-dacte-de-terrorisme\/184208\/\" \/>\n<meta property=\"og:locale\" content=\"fr_FR\" \/>\n<meta property=\"og:type\" content=\"article\" \/>\n<meta property=\"og:title\" content=\"France : Un enfant de 8 ans entendu par la police pour \u00ab apologie d\u2019acte de terrorisme \u00bb\" \/>\n<meta property=\"og:description\" content=\"France : Un enfant de 8 ans entendu par la police pour \u00ab apologie d\u2019acte de terrorisme \u00bb\" \/>\n<meta property=\"og:url\" content=\"https:\/\/www.webdo.tn\/fr\/actualite\/international\/france-un-enfant-de-8-ans-entendu-par-la-police-pour-apologie-dacte-de-terrorisme\/184208\/\" \/>\n<meta property=\"og:site_name\" content=\"webdo\" \/>\n<meta property=\"article:publisher\" content=\"https:\/\/www.facebook.com\/webdotn\" \/>\n<meta property=\"article:published_time\" content=\"2015-01-29T11:19:00+00:00\" \/>\n<meta property=\"og:image\" content=\"https:\/\/www.webdo.tn\/fr\/wp-content\/uploads\/2015\/01\/webdo_default-55.jpg\" \/>\n\t<meta property=\"og:image:width\" content=\"800\" \/>\n\t<meta property=\"og:image:height\" content=\"500\" \/>\n\t<meta property=\"og:image:type\" content=\"image\/jpeg\" \/>\n<meta name=\"author\" content=\"webdo.tn\" \/>\n<meta name=\"twitter:card\" content=\"summary_large_image\" \/>\n<meta name=\"twitter:creator\" content=\"@webdo_tn\" \/>\n<meta name=\"twitter:site\" content=\"@webdo_tn\" \/>\n<meta name=\"twitter:label1\" content=\"\u00c9crit par\" \/>\n\t<meta name=\"twitter:data1\" content=\"webdo.tn\" \/>\n\t<meta name=\"twitter:label2\" content=\"Dur\u00e9e de lecture estim\u00e9e\" \/>\n\t<meta name=\"twitter:data2\" content=\"2 minutes\" \/>\n<script type=\"application\/ld+json\" class=\"yoast-schema-graph\">{\"@context\":\"https:\\\/\\\/schema.org\",\"@graph\":[{\"@type\":\"NewsArticle\",\"@id\":\"https:\\\/\\\/www.webdo.tn\\\/fr\\\/actualite\\\/international\\\/france-un-enfant-de-8-ans-entendu-par-la-police-pour-apologie-dacte-de-terrorisme\\\/184208\\\/#article\",\"isPartOf\":{\"@id\":\"https:\\\/\\\/www.webdo.tn\\\/fr\\\/actualite\\\/international\\\/france-un-enfant-de-8-ans-entendu-par-la-police-pour-apologie-dacte-de-terrorisme\\\/184208\\\/\"},\"author\":{\"name\":\"webdo.tn\",\"@id\":\"https:\\\/\\\/www.webdo.tn\\\/fr\\\/#\\\/schema\\\/person\\\/9a9c6118d687c117df8ef3cc36a4d175\"},\"headline\":\"France : Un enfant de 8 ans entendu par la police pour \u00ab apologie d\u2019acte de terrorisme \u00bb\",\"datePublished\":\"2015-01-29T11:19:00+00:00\",\"mainEntityOfPage\":{\"@id\":\"https:\\\/\\\/www.webdo.tn\\\/fr\\\/actualite\\\/international\\\/france-un-enfant-de-8-ans-entendu-par-la-police-pour-apologie-dacte-de-terrorisme\\\/184208\\\/\"},\"wordCount\":434,\"commentCount\":0,\"publisher\":{\"@id\":\"https:\\\/\\\/www.webdo.tn\\\/fr\\\/#organization\"},\"image\":{\"@id\":\"https:\\\/\\\/www.webdo.tn\\\/fr\\\/actualite\\\/international\\\/france-un-enfant-de-8-ans-entendu-par-la-police-pour-apologie-dacte-de-terrorisme\\\/184208\\\/#primaryimage\"},\"thumbnailUrl\":\"https:\\\/\\\/www.webdo.tn\\\/fr\\\/wp-content\\\/uploads\\\/2015\\\/01\\\/webdo_default-55.jpg\",\"keywords\":[\"guerre\"],\"articleSection\":[\"International\"],\"inLanguage\":\"fr-FR\"},{\"@type\":\"WebPage\",\"@id\":\"https:\\\/\\\/www.webdo.tn\\\/fr\\\/actualite\\\/international\\\/france-un-enfant-de-8-ans-entendu-par-la-police-pour-apologie-dacte-de-terrorisme\\\/184208\\\/\",\"url\":\"https:\\\/\\\/www.webdo.tn\\\/fr\\\/actualite\\\/international\\\/france-un-enfant-de-8-ans-entendu-par-la-police-pour-apologie-dacte-de-terrorisme\\\/184208\\\/\",\"name\":\"France : Un enfant de 8 ans entendu par la police pour \u00ab apologie d\u2019acte de terrorisme \u00bb\",\"isPartOf\":{\"@id\":\"https:\\\/\\\/www.webdo.tn\\\/fr\\\/#website\"},\"primaryImageOfPage\":{\"@id\":\"https:\\\/\\\/www.webdo.tn\\\/fr\\\/actualite\\\/international\\\/france-un-enfant-de-8-ans-entendu-par-la-police-pour-apologie-dacte-de-terrorisme\\\/184208\\\/#primaryimage\"},\"image\":{\"@id\":\"https:\\\/\\\/www.webdo.tn\\\/fr\\\/actualite\\\/international\\\/france-un-enfant-de-8-ans-entendu-par-la-police-pour-apologie-dacte-de-terrorisme\\\/184208\\\/#primaryimage\"},\"thumbnailUrl\":\"https:\\\/\\\/www.webdo.tn\\\/fr\\\/wp-content\\\/uploads\\\/2015\\\/01\\\/webdo_default-55.jpg\",\"datePublished\":\"2015-01-29T11:19:00+00:00\",\"description\":\"France : Un enfant de 8 ans entendu par la police pour \u00ab apologie d\u2019acte de terrorisme \u00bb\",\"breadcrumb\":{\"@id\":\"https:\\\/\\\/www.webdo.tn\\\/fr\\\/actualite\\\/international\\\/france-un-enfant-de-8-ans-entendu-par-la-police-pour-apologie-dacte-de-terrorisme\\\/184208\\\/#breadcrumb\"},\"inLanguage\":\"fr-FR\",\"potentialAction\":[{\"@type\":\"ReadAction\",\"target\":[\"https:\\\/\\\/www.webdo.tn\\\/fr\\\/actualite\\\/international\\\/france-un-enfant-de-8-ans-entendu-par-la-police-pour-apologie-dacte-de-terrorisme\\\/184208\\\/\"]}]},{\"@type\":\"ImageObject\",\"inLanguage\":\"fr-FR\",\"@id\":\"https:\\\/\\\/www.webdo.tn\\\/fr\\\/actualite\\\/international\\\/france-un-enfant-de-8-ans-entendu-par-la-police-pour-apologie-dacte-de-terrorisme\\\/184208\\\/#primaryimage\",\"url\":\"https:\\\/\\\/www.webdo.tn\\\/fr\\\/wp-content\\\/uploads\\\/2015\\\/01\\\/webdo_default-55.jpg\",\"contentUrl\":\"https:\\\/\\\/www.webdo.tn\\\/fr\\\/wp-content\\\/uploads\\\/2015\\\/01\\\/webdo_default-55.jpg\",\"width\":800,\"height\":500,\"caption\":\"France : Un enfant de 8 ans entendu par la police pour \u00ab apologie d\u2019acte de terrorisme \u00bb\"},{\"@type\":\"BreadcrumbList\",\"@id\":\"https:\\\/\\\/www.webdo.tn\\\/fr\\\/actualite\\\/international\\\/france-un-enfant-de-8-ans-entendu-par-la-police-pour-apologie-dacte-de-terrorisme\\\/184208\\\/#breadcrumb\",\"itemListElement\":[{\"@type\":\"ListItem\",\"position\":1,\"name\":\"Accueil\",\"item\":\"https:\\\/\\\/www.webdo.tn\\\/fr\\\/\"},{\"@type\":\"ListItem\",\"position\":2,\"name\":\"France : Un enfant de 8 ans entendu par la police pour \u00ab apologie d\u2019acte de terrorisme \u00bb\"}]},{\"@type\":\"WebSite\",\"@id\":\"https:\\\/\\\/www.webdo.tn\\\/fr\\\/#website\",\"url\":\"https:\\\/\\\/www.webdo.tn\\\/fr\\\/\",\"name\":\"webdo\",\"description\":\"Tunisie - News en Tunisie et \u00e0 l&#039;international sur Webdo.tn\",\"publisher\":{\"@id\":\"https:\\\/\\\/www.webdo.tn\\\/fr\\\/#organization\"},\"potentialAction\":[{\"@type\":\"SearchAction\",\"target\":{\"@type\":\"EntryPoint\",\"urlTemplate\":\"https:\\\/\\\/www.webdo.tn\\\/fr\\\/?s={search_term_string}\"},\"query-input\":{\"@type\":\"PropertyValueSpecification\",\"valueRequired\":true,\"valueName\":\"search_term_string\"}}],\"inLanguage\":\"fr-FR\"},{\"@type\":\"Organization\",\"@id\":\"https:\\\/\\\/www.webdo.tn\\\/fr\\\/#organization\",\"name\":\"Webdo\",\"alternateName\":\"Webdo.tn\",\"url\":\"https:\\\/\\\/www.webdo.tn\\\/fr\\\/\",\"logo\":{\"@type\":\"ImageObject\",\"inLanguage\":\"fr-FR\",\"@id\":\"https:\\\/\\\/www.webdo.tn\\\/fr\\\/#\\\/schema\\\/logo\\\/image\\\/\",\"url\":\"https:\\\/\\\/www.webdo.tn\\\/fr\\\/wp-content\\\/uploads\\\/2025\\\/06\\\/Webdo-Tunisie_168377.jpg\",\"contentUrl\":\"https:\\\/\\\/www.webdo.tn\\\/fr\\\/wp-content\\\/uploads\\\/2025\\\/06\\\/Webdo-Tunisie_168377.jpg\",\"width\":301,\"height\":301,\"caption\":\"Webdo\"},\"image\":{\"@id\":\"https:\\\/\\\/www.webdo.tn\\\/fr\\\/#\\\/schema\\\/logo\\\/image\\\/\"},\"sameAs\":[\"https:\\\/\\\/www.facebook.com\\\/webdotn\",\"https:\\\/\\\/x.com\\\/webdo_tn\"],\"description\":\"Webdo est un m\u00e9dia num\u00e9rique tunisien fond\u00e9 en 2010, sp\u00e9cialis\u00e9 dans l\u2019actualit\u00e9 nationale et internationale, l\u2019\u00e9conomie, la soci\u00e9t\u00e9 et les analyses politiques. Le site s\u2019adresse \u00e0 un large public francophone et couvre l\u2019information tunisienne en temps r\u00e9el.\",\"email\":\"redac@webdo.tn\",\"legalName\":\"YNJ SARL\",\"foundingDate\":\"2010-09-06\",\"numberOfEmployees\":{\"@type\":\"QuantitativeValue\",\"minValue\":\"11\",\"maxValue\":\"50\"}},{\"@type\":\"Person\",\"@id\":\"https:\\\/\\\/www.webdo.tn\\\/fr\\\/#\\\/schema\\\/person\\\/9a9c6118d687c117df8ef3cc36a4d175\",\"name\":\"webdo.tn\",\"image\":{\"@type\":\"ImageObject\",\"inLanguage\":\"fr-FR\",\"@id\":\"https:\\\/\\\/secure.gravatar.com\\\/avatar\\\/7ce1f28c0c3bbac99ff550b85ef8e44a6950c6ee24514fb6a5489e51d06f0298?s=96&d=mm&r=g\",\"url\":\"https:\\\/\\\/secure.gravatar.com\\\/avatar\\\/7ce1f28c0c3bbac99ff550b85ef8e44a6950c6ee24514fb6a5489e51d06f0298?s=96&d=mm&r=g\",\"contentUrl\":\"https:\\\/\\\/secure.gravatar.com\\\/avatar\\\/7ce1f28c0c3bbac99ff550b85ef8e44a6950c6ee24514fb6a5489e51d06f0298?s=96&d=mm&r=g\",\"caption\":\"webdo.tn\"},\"url\":\"https:\\\/\\\/www.webdo.tn\\\/fr\\\/actualite\\\/author\\\/webdotn\\\/\"}]}<\/script>\n<!-- \/ Yoast SEO Premium plugin. -->","yoast_head_json":{"title":"France : Un enfant de 8 ans entendu par la police pour \u00ab apologie d\u2019acte de terrorisme \u00bb","description":"France : Un enfant de 8 ans entendu par la police pour \u00ab apologie d\u2019acte de terrorisme \u00bb","canonical":"https:\/\/www.webdo.tn\/fr\/actualite\/international\/france-un-enfant-de-8-ans-entendu-par-la-police-pour-apologie-dacte-de-terrorisme\/184208\/","og_locale":"fr_FR","og_type":"article","og_title":"France : Un enfant de 8 ans entendu par la police pour \u00ab apologie d\u2019acte de terrorisme \u00bb","og_description":"France : Un enfant de 8 ans entendu par la police pour \u00ab apologie d\u2019acte de terrorisme \u00bb","og_url":"https:\/\/www.webdo.tn\/fr\/actualite\/international\/france-un-enfant-de-8-ans-entendu-par-la-police-pour-apologie-dacte-de-terrorisme\/184208\/","og_site_name":"webdo","article_publisher":"https:\/\/www.facebook.com\/webdotn","article_published_time":"2015-01-29T11:19:00+00:00","og_image":[{"width":800,"height":500,"url":"https:\/\/www.webdo.tn\/fr\/wp-content\/uploads\/2015\/01\/webdo_default-55.jpg","type":"image\/jpeg"}],"author":"webdo.tn","twitter_card":"summary_large_image","twitter_creator":"@webdo_tn","twitter_site":"@webdo_tn","twitter_misc":{"\u00c9crit par":"webdo.tn","Dur\u00e9e de lecture estim\u00e9e":"2 minutes"},"schema":{"@context":"https:\/\/schema.org","@graph":[{"@type":"NewsArticle","@id":"https:\/\/www.webdo.tn\/fr\/actualite\/international\/france-un-enfant-de-8-ans-entendu-par-la-police-pour-apologie-dacte-de-terrorisme\/184208\/#article","isPartOf":{"@id":"https:\/\/www.webdo.tn\/fr\/actualite\/international\/france-un-enfant-de-8-ans-entendu-par-la-police-pour-apologie-dacte-de-terrorisme\/184208\/"},"author":{"name":"webdo.tn","@id":"https:\/\/www.webdo.tn\/fr\/#\/schema\/person\/9a9c6118d687c117df8ef3cc36a4d175"},"headline":"France : Un enfant de 8 ans entendu par la police pour \u00ab apologie d\u2019acte de terrorisme \u00bb","datePublished":"2015-01-29T11:19:00+00:00","mainEntityOfPage":{"@id":"https:\/\/www.webdo.tn\/fr\/actualite\/international\/france-un-enfant-de-8-ans-entendu-par-la-police-pour-apologie-dacte-de-terrorisme\/184208\/"},"wordCount":434,"commentCount":0,"publisher":{"@id":"https:\/\/www.webdo.tn\/fr\/#organization"},"image":{"@id":"https:\/\/www.webdo.tn\/fr\/actualite\/international\/france-un-enfant-de-8-ans-entendu-par-la-police-pour-apologie-dacte-de-terrorisme\/184208\/#primaryimage"},"thumbnailUrl":"https:\/\/www.webdo.tn\/fr\/wp-content\/uploads\/2015\/01\/webdo_default-55.jpg","keywords":["guerre"],"articleSection":["International"],"inLanguage":"fr-FR"},{"@type":"WebPage","@id":"https:\/\/www.webdo.tn\/fr\/actualite\/international\/france-un-enfant-de-8-ans-entendu-par-la-police-pour-apologie-dacte-de-terrorisme\/184208\/","url":"https:\/\/www.webdo.tn\/fr\/actualite\/international\/france-un-enfant-de-8-ans-entendu-par-la-police-pour-apologie-dacte-de-terrorisme\/184208\/","name":"France : Un enfant de 8 ans entendu par la police pour \u00ab apologie d\u2019acte de terrorisme \u00bb","isPartOf":{"@id":"https:\/\/www.webdo.tn\/fr\/#website"},"primaryImageOfPage":{"@id":"https:\/\/www.webdo.tn\/fr\/actualite\/international\/france-un-enfant-de-8-ans-entendu-par-la-police-pour-apologie-dacte-de-terrorisme\/184208\/#primaryimage"},"image":{"@id":"https:\/\/www.webdo.tn\/fr\/actualite\/international\/france-un-enfant-de-8-ans-entendu-par-la-police-pour-apologie-dacte-de-terrorisme\/184208\/#primaryimage"},"thumbnailUrl":"https:\/\/www.webdo.tn\/fr\/wp-content\/uploads\/2015\/01\/webdo_default-55.jpg","datePublished":"2015-01-29T11:19:00+00:00","description":"France : Un enfant de 8 ans entendu par la police pour \u00ab apologie d\u2019acte de terrorisme \u00bb","breadcrumb":{"@id":"https:\/\/www.webdo.tn\/fr\/actualite\/international\/france-un-enfant-de-8-ans-entendu-par-la-police-pour-apologie-dacte-de-terrorisme\/184208\/#breadcrumb"},"inLanguage":"fr-FR","potentialAction":[{"@type":"ReadAction","target":["https:\/\/www.webdo.tn\/fr\/actualite\/international\/france-un-enfant-de-8-ans-entendu-par-la-police-pour-apologie-dacte-de-terrorisme\/184208\/"]}]},{"@type":"ImageObject","inLanguage":"fr-FR","@id":"https:\/\/www.webdo.tn\/fr\/actualite\/international\/france-un-enfant-de-8-ans-entendu-par-la-police-pour-apologie-dacte-de-terrorisme\/184208\/#primaryimage","url":"https:\/\/www.webdo.tn\/fr\/wp-content\/uploads\/2015\/01\/webdo_default-55.jpg","contentUrl":"https:\/\/www.webdo.tn\/fr\/wp-content\/uploads\/2015\/01\/webdo_default-55.jpg","width":800,"height":500,"caption":"France : Un enfant de 8 ans entendu par la police pour \u00ab apologie d\u2019acte de terrorisme \u00bb"},{"@type":"BreadcrumbList","@id":"https:\/\/www.webdo.tn\/fr\/actualite\/international\/france-un-enfant-de-8-ans-entendu-par-la-police-pour-apologie-dacte-de-terrorisme\/184208\/#breadcrumb","itemListElement":[{"@type":"ListItem","position":1,"name":"Accueil","item":"https:\/\/www.webdo.tn\/fr\/"},{"@type":"ListItem","position":2,"name":"France : Un enfant de 8 ans entendu par la police pour \u00ab apologie d\u2019acte de terrorisme \u00bb"}]},{"@type":"WebSite","@id":"https:\/\/www.webdo.tn\/fr\/#website","url":"https:\/\/www.webdo.tn\/fr\/","name":"webdo","description":"Tunisie - News en Tunisie et \u00e0 l&#039;international sur Webdo.tn","publisher":{"@id":"https:\/\/www.webdo.tn\/fr\/#organization"},"potentialAction":[{"@type":"SearchAction","target":{"@type":"EntryPoint","urlTemplate":"https:\/\/www.webdo.tn\/fr\/?s={search_term_string}"},"query-input":{"@type":"PropertyValueSpecification","valueRequired":true,"valueName":"search_term_string"}}],"inLanguage":"fr-FR"},{"@type":"Organization","@id":"https:\/\/www.webdo.tn\/fr\/#organization","name":"Webdo","alternateName":"Webdo.tn","url":"https:\/\/www.webdo.tn\/fr\/","logo":{"@type":"ImageObject","inLanguage":"fr-FR","@id":"https:\/\/www.webdo.tn\/fr\/#\/schema\/logo\/image\/","url":"https:\/\/www.webdo.tn\/fr\/wp-content\/uploads\/2025\/06\/Webdo-Tunisie_168377.jpg","contentUrl":"https:\/\/www.webdo.tn\/fr\/wp-content\/uploads\/2025\/06\/Webdo-Tunisie_168377.jpg","width":301,"height":301,"caption":"Webdo"},"image":{"@id":"https:\/\/www.webdo.tn\/fr\/#\/schema\/logo\/image\/"},"sameAs":["https:\/\/www.facebook.com\/webdotn","https:\/\/x.com\/webdo_tn"],"description":"Webdo est un m\u00e9dia num\u00e9rique tunisien fond\u00e9 en 2010, sp\u00e9cialis\u00e9 dans l\u2019actualit\u00e9 nationale et internationale, l\u2019\u00e9conomie, la soci\u00e9t\u00e9 et les analyses politiques. Le site s\u2019adresse \u00e0 un large public francophone et couvre l\u2019information tunisienne en temps r\u00e9el.","email":"redac@webdo.tn","legalName":"YNJ SARL","foundingDate":"2010-09-06","numberOfEmployees":{"@type":"QuantitativeValue","minValue":"11","maxValue":"50"}},{"@type":"Person","@id":"https:\/\/www.webdo.tn\/fr\/#\/schema\/person\/9a9c6118d687c117df8ef3cc36a4d175","name":"webdo.tn","image":{"@type":"ImageObject","inLanguage":"fr-FR","@id":"https:\/\/secure.gravatar.com\/avatar\/7ce1f28c0c3bbac99ff550b85ef8e44a6950c6ee24514fb6a5489e51d06f0298?s=96&d=mm&r=g","url":"https:\/\/secure.gravatar.com\/avatar\/7ce1f28c0c3bbac99ff550b85ef8e44a6950c6ee24514fb6a5489e51d06f0298?s=96&d=mm&r=g","contentUrl":"https:\/\/secure.gravatar.com\/avatar\/7ce1f28c0c3bbac99ff550b85ef8e44a6950c6ee24514fb6a5489e51d06f0298?s=96&d=mm&r=g","caption":"webdo.tn"},"url":"https:\/\/www.webdo.tn\/fr\/actualite\/author\/webdotn\/"}]}},"_links":{"self":[{"href":"https:\/\/www.webdo.tn\/fr\/wp-json\/wp\/v2\/posts\/184208","targetHints":{"allow":["GET"]}}],"collection":[{"href":"https:\/\/www.webdo.tn\/fr\/wp-json\/wp\/v2\/posts"}],"about":[{"href":"https:\/\/www.webdo.tn\/fr\/wp-json\/wp\/v2\/types\/post"}],"author":[{"embeddable":true,"href":"https:\/\/www.webdo.tn\/fr\/wp-json\/wp\/v2\/users\/3222"}],"replies":[{"embeddable":true,"href":"https:\/\/www.webdo.tn\/fr\/wp-json\/wp\/v2\/comments?post=184208"}],"version-history":[{"count":0,"href":"https:\/\/www.webdo.tn\/fr\/wp-json\/wp\/v2\/posts\/184208\/revisions"}],"wp:featuredmedia":[{"embeddable":true,"href":"https:\/\/www.webdo.tn\/fr\/wp-json\/wp\/v2\/media\/330764"}],"wp:attachment":[{"href":"https:\/\/www.webdo.tn\/fr\/wp-json\/wp\/v2\/media?parent=184208"}],"wp:term":[{"taxonomy":"category","embeddable":true,"href":"https:\/\/www.webdo.tn\/fr\/wp-json\/wp\/v2\/categories?post=184208"},{"taxonomy":"post_tag","embeddable":true,"href":"https:\/\/www.webdo.tn\/fr\/wp-json\/wp\/v2\/tags?post=184208"}],"curies":[{"name":"wp","href":"https:\/\/api.w.org\/{rel}","templated":true}]}}