{"id":184206,"date":"2015-01-30T17:17:00","date_gmt":"2015-01-30T17:17:00","guid":{"rendered":"https:\/\/www.webdo.tn\/fr\/blog\/la-pique-de-ban-ki-moon-robert-mugabe-91-ans-nouveau-president-de-lunion-africaine\/184206\/"},"modified":"2015-01-30T17:17:00","modified_gmt":"2015-01-30T17:17:00","slug":"la-pique-de-ban-ki-moon-robert-mugabe-91-ans-nouveau-president-de-lunion-africaine","status":"publish","type":"post","link":"https:\/\/www.webdo.tn\/fr\/actualite\/international\/la-pique-de-ban-ki-moon-robert-mugabe-91-ans-nouveau-president-de-lunion-africaine\/184206\/","title":{"rendered":"Robert Mugabe, 91 ans, nouveau pr\u00e9sident de l&rsquo;Union africaine"},"content":{"rendered":"<p>Le pr\u00e9sident zimbabw\u00e9en, Robert Mugabe, le plus ancien chef d&rsquo;Etat africain en exercice, a \u00e9t\u00e9 d\u00e9sign\u00e9, ce vendredi 30 janvier nouveau pr\u00e9sident de l&rsquo;Union africaine (UA), rapporte l\u2019AFP.<br \/>\nRobert Mugabe, 91 ans, au pouvoir depuis 1980 dans son pays, prend la pr\u00e9sidence tournante de l&rsquo;UA pour un an et succ\u00e8de au Mauritanien Mohamed Ould Abdel Aziz.<br \/>\nLes chefs d&rsquo;Etat africains sont r\u00e9unis lors du sommet de l&rsquo;organisation panafricaine, qui se tient vendredi 30 et samedi 31 janvier dans la capitale \u00e9thiopienne, \u00e0 Addis-Abeba.<br \/>\nBan Ki-moon appelle les dirigeants africains \u00e0 \u00ab ne pas s&rsquo;accrocher au pouvoir \u00bb<br \/>\nDurant ce sommet auquel sont notamment pr\u00e9sents le pr\u00e9sident tunisien Beji Caid Essebsi et le secr\u00e9taire g\u00e9n\u00e9ral des Nations unies, Ban Ki-moon, ce dernier a appel\u00e9 les dirigeants africains \u00e0 \u00ab ne pas s&rsquo;accrocher au pouvoir \u00bb et \u00e0 \u00ab quitter leurs fonctions \u00e0 l&rsquo;issue de leur mandat \u00bb.<br \/>\nUne pique lanc\u00e9e \u00e0 Robert Mugabe, dont la d\u00e9signation \u00e0 la t\u00eate de l&rsquo;UA est vue comme un mauvais signal envoy\u00e9 par l&rsquo;organisation sur les valeurs de d\u00e9mocratie et de gouvernance qu&rsquo;elle pr\u00e9tend d\u00e9fendre, par les observateurs, rapporte Le Monde.<\/p>\n","protected":false},"excerpt":{"rendered":"<p>Robert Mugabe, 91 ans, nouveau pr\u00e9sident de l&rsquo;Union africaine<\/p>\n","protected":false},"author":3222,"featured_media":330739,"comment_status":"open","ping_status":"closed","sticky":false,"template":"","format":"standard","meta":{"footnotes":""},"categories":[2598],"tags":[2600],"class_list":["post-184206","post","type-post","status-publish","format-standard","has-post-thumbnail","hentry","category-international","tag-guerre"],"yoast_head":"<!-- This site is optimized with the Yoast SEO Premium plugin v27.5 (Yoast SEO v27.5) - https:\/\/yoast.com\/product\/yoast-seo-premium-wordpress\/ -->\n<title>Robert Mugabe, 91 ans, nouveau pr\u00e9sident de l&#039;Union africaine<\/title>\n<meta name=\"description\" content=\"Robert Mugabe, 91 ans, nouveau pr\u00e9sident de l&#039;Union africaine\" \/>\n<link rel=\"canonical\" href=\"https:\/\/www.webdo.tn\/fr\/actualite\/international\/la-pique-de-ban-ki-moon-robert-mugabe-91-ans-nouveau-president-de-lunion-africaine\/184206\/\" \/>\n<meta property=\"og:locale\" content=\"fr_FR\" \/>\n<meta property=\"og:type\" content=\"article\" \/>\n<meta property=\"og:title\" content=\"Robert Mugabe, 91 ans, nouveau pr\u00e9sident de l&#039;Union africaine\" \/>\n<meta property=\"og:description\" content=\"Robert Mugabe, 91 ans, nouveau pr\u00e9sident de l&#039;Union africaine\" \/>\n<meta property=\"og:url\" content=\"https:\/\/www.webdo.tn\/fr\/actualite\/international\/la-pique-de-ban-ki-moon-robert-mugabe-91-ans-nouveau-president-de-lunion-africaine\/184206\/\" \/>\n<meta property=\"og:site_name\" content=\"webdo\" \/>\n<meta property=\"article:publisher\" content=\"https:\/\/www.facebook.com\/webdotn\" \/>\n<meta property=\"article:published_time\" content=\"2015-01-30T17:17:00+00:00\" \/>\n<meta property=\"og:image\" content=\"https:\/\/www.webdo.tn\/fr\/wp-content\/uploads\/2015\/01\/robert-mugabe-1.jpg\" \/>\n\t<meta property=\"og:image:width\" content=\"404\" \/>\n\t<meta property=\"og:image:height\" content=\"293\" \/>\n\t<meta property=\"og:image:type\" content=\"image\/jpeg\" \/>\n<meta name=\"author\" content=\"webdo.tn\" \/>\n<meta name=\"twitter:card\" content=\"summary_large_image\" \/>\n<meta name=\"twitter:creator\" content=\"@webdo_tn\" \/>\n<meta name=\"twitter:site\" content=\"@webdo_tn\" \/>\n<meta name=\"twitter:label1\" content=\"\u00c9crit par\" \/>\n\t<meta name=\"twitter:data1\" content=\"webdo.tn\" \/>\n\t<meta name=\"twitter:label2\" content=\"Dur\u00e9e de lecture estim\u00e9e\" \/>\n\t<meta name=\"twitter:data2\" content=\"1 minute\" \/>\n<script type=\"application\/ld+json\" class=\"yoast-schema-graph\">{\"@context\":\"https:\\\/\\\/schema.org\",\"@graph\":[{\"@type\":\"NewsArticle\",\"@id\":\"https:\\\/\\\/www.webdo.tn\\\/fr\\\/actualite\\\/international\\\/la-pique-de-ban-ki-moon-robert-mugabe-91-ans-nouveau-president-de-lunion-africaine\\\/184206\\\/#article\",\"isPartOf\":{\"@id\":\"https:\\\/\\\/www.webdo.tn\\\/fr\\\/actualite\\\/international\\\/la-pique-de-ban-ki-moon-robert-mugabe-91-ans-nouveau-president-de-lunion-africaine\\\/184206\\\/\"},\"author\":{\"name\":\"webdo.tn\",\"@id\":\"https:\\\/\\\/www.webdo.tn\\\/fr\\\/#\\\/schema\\\/person\\\/9a9c6118d687c117df8ef3cc36a4d175\"},\"headline\":\"Robert Mugabe, 91 ans, nouveau pr\u00e9sident de l&rsquo;Union africaine\",\"datePublished\":\"2015-01-30T17:17:00+00:00\",\"mainEntityOfPage\":{\"@id\":\"https:\\\/\\\/www.webdo.tn\\\/fr\\\/actualite\\\/international\\\/la-pique-de-ban-ki-moon-robert-mugabe-91-ans-nouveau-president-de-lunion-africaine\\\/184206\\\/\"},\"wordCount\":208,\"commentCount\":0,\"publisher\":{\"@id\":\"https:\\\/\\\/www.webdo.tn\\\/fr\\\/#organization\"},\"image\":{\"@id\":\"https:\\\/\\\/www.webdo.tn\\\/fr\\\/actualite\\\/international\\\/la-pique-de-ban-ki-moon-robert-mugabe-91-ans-nouveau-president-de-lunion-africaine\\\/184206\\\/#primaryimage\"},\"thumbnailUrl\":\"https:\\\/\\\/www.webdo.tn\\\/fr\\\/wp-content\\\/uploads\\\/2015\\\/01\\\/robert-mugabe-1.jpg\",\"keywords\":[\"guerre\"],\"articleSection\":[\"International\"],\"inLanguage\":\"fr-FR\"},{\"@type\":\"WebPage\",\"@id\":\"https:\\\/\\\/www.webdo.tn\\\/fr\\\/actualite\\\/international\\\/la-pique-de-ban-ki-moon-robert-mugabe-91-ans-nouveau-president-de-lunion-africaine\\\/184206\\\/\",\"url\":\"https:\\\/\\\/www.webdo.tn\\\/fr\\\/actualite\\\/international\\\/la-pique-de-ban-ki-moon-robert-mugabe-91-ans-nouveau-president-de-lunion-africaine\\\/184206\\\/\",\"name\":\"Robert Mugabe, 91 ans, nouveau pr\u00e9sident de l'Union africaine\",\"isPartOf\":{\"@id\":\"https:\\\/\\\/www.webdo.tn\\\/fr\\\/#website\"},\"primaryImageOfPage\":{\"@id\":\"https:\\\/\\\/www.webdo.tn\\\/fr\\\/actualite\\\/international\\\/la-pique-de-ban-ki-moon-robert-mugabe-91-ans-nouveau-president-de-lunion-africaine\\\/184206\\\/#primaryimage\"},\"image\":{\"@id\":\"https:\\\/\\\/www.webdo.tn\\\/fr\\\/actualite\\\/international\\\/la-pique-de-ban-ki-moon-robert-mugabe-91-ans-nouveau-president-de-lunion-africaine\\\/184206\\\/#primaryimage\"},\"thumbnailUrl\":\"https:\\\/\\\/www.webdo.tn\\\/fr\\\/wp-content\\\/uploads\\\/2015\\\/01\\\/robert-mugabe-1.jpg\",\"datePublished\":\"2015-01-30T17:17:00+00:00\",\"description\":\"Robert Mugabe, 91 ans, nouveau pr\u00e9sident de l'Union africaine\",\"breadcrumb\":{\"@id\":\"https:\\\/\\\/www.webdo.tn\\\/fr\\\/actualite\\\/international\\\/la-pique-de-ban-ki-moon-robert-mugabe-91-ans-nouveau-president-de-lunion-africaine\\\/184206\\\/#breadcrumb\"},\"inLanguage\":\"fr-FR\",\"potentialAction\":[{\"@type\":\"ReadAction\",\"target\":[\"https:\\\/\\\/www.webdo.tn\\\/fr\\\/actualite\\\/international\\\/la-pique-de-ban-ki-moon-robert-mugabe-91-ans-nouveau-president-de-lunion-africaine\\\/184206\\\/\"]}]},{\"@type\":\"ImageObject\",\"inLanguage\":\"fr-FR\",\"@id\":\"https:\\\/\\\/www.webdo.tn\\\/fr\\\/actualite\\\/international\\\/la-pique-de-ban-ki-moon-robert-mugabe-91-ans-nouveau-president-de-lunion-africaine\\\/184206\\\/#primaryimage\",\"url\":\"https:\\\/\\\/www.webdo.tn\\\/fr\\\/wp-content\\\/uploads\\\/2015\\\/01\\\/robert-mugabe-1.jpg\",\"contentUrl\":\"https:\\\/\\\/www.webdo.tn\\\/fr\\\/wp-content\\\/uploads\\\/2015\\\/01\\\/robert-mugabe-1.jpg\",\"width\":404,\"height\":293,\"caption\":\"Robert Mugabe, 91 ans, nouveau pr\u00e9sident de l'Union africaine\"},{\"@type\":\"BreadcrumbList\",\"@id\":\"https:\\\/\\\/www.webdo.tn\\\/fr\\\/actualite\\\/international\\\/la-pique-de-ban-ki-moon-robert-mugabe-91-ans-nouveau-president-de-lunion-africaine\\\/184206\\\/#breadcrumb\",\"itemListElement\":[{\"@type\":\"ListItem\",\"position\":1,\"name\":\"Accueil\",\"item\":\"https:\\\/\\\/www.webdo.tn\\\/fr\\\/\"},{\"@type\":\"ListItem\",\"position\":2,\"name\":\"Robert Mugabe, 91 ans, nouveau pr\u00e9sident de l&rsquo;Union africaine\"}]},{\"@type\":\"WebSite\",\"@id\":\"https:\\\/\\\/www.webdo.tn\\\/fr\\\/#website\",\"url\":\"https:\\\/\\\/www.webdo.tn\\\/fr\\\/\",\"name\":\"webdo\",\"description\":\"Tunisie - News en Tunisie et \u00e0 l&#039;international sur Webdo.tn\",\"publisher\":{\"@id\":\"https:\\\/\\\/www.webdo.tn\\\/fr\\\/#organization\"},\"potentialAction\":[{\"@type\":\"SearchAction\",\"target\":{\"@type\":\"EntryPoint\",\"urlTemplate\":\"https:\\\/\\\/www.webdo.tn\\\/fr\\\/?s={search_term_string}\"},\"query-input\":{\"@type\":\"PropertyValueSpecification\",\"valueRequired\":true,\"valueName\":\"search_term_string\"}}],\"inLanguage\":\"fr-FR\"},{\"@type\":\"Organization\",\"@id\":\"https:\\\/\\\/www.webdo.tn\\\/fr\\\/#organization\",\"name\":\"Webdo\",\"alternateName\":\"Webdo.tn\",\"url\":\"https:\\\/\\\/www.webdo.tn\\\/fr\\\/\",\"logo\":{\"@type\":\"ImageObject\",\"inLanguage\":\"fr-FR\",\"@id\":\"https:\\\/\\\/www.webdo.tn\\\/fr\\\/#\\\/schema\\\/logo\\\/image\\\/\",\"url\":\"https:\\\/\\\/www.webdo.tn\\\/fr\\\/wp-content\\\/uploads\\\/2025\\\/06\\\/Webdo-Tunisie_168377.jpg\",\"contentUrl\":\"https:\\\/\\\/www.webdo.tn\\\/fr\\\/wp-content\\\/uploads\\\/2025\\\/06\\\/Webdo-Tunisie_168377.jpg\",\"width\":301,\"height\":301,\"caption\":\"Webdo\"},\"image\":{\"@id\":\"https:\\\/\\\/www.webdo.tn\\\/fr\\\/#\\\/schema\\\/logo\\\/image\\\/\"},\"sameAs\":[\"https:\\\/\\\/www.facebook.com\\\/webdotn\",\"https:\\\/\\\/x.com\\\/webdo_tn\"],\"description\":\"Webdo est un m\u00e9dia num\u00e9rique tunisien fond\u00e9 en 2010, sp\u00e9cialis\u00e9 dans l\u2019actualit\u00e9 nationale et internationale, l\u2019\u00e9conomie, la soci\u00e9t\u00e9 et les analyses politiques. Le site s\u2019adresse \u00e0 un large public francophone et couvre l\u2019information tunisienne en temps r\u00e9el.\",\"email\":\"redac@webdo.tn\",\"legalName\":\"YNJ SARL\",\"foundingDate\":\"2010-09-06\",\"numberOfEmployees\":{\"@type\":\"QuantitativeValue\",\"minValue\":\"11\",\"maxValue\":\"50\"}},{\"@type\":\"Person\",\"@id\":\"https:\\\/\\\/www.webdo.tn\\\/fr\\\/#\\\/schema\\\/person\\\/9a9c6118d687c117df8ef3cc36a4d175\",\"name\":\"webdo.tn\",\"image\":{\"@type\":\"ImageObject\",\"inLanguage\":\"fr-FR\",\"@id\":\"https:\\\/\\\/secure.gravatar.com\\\/avatar\\\/7ce1f28c0c3bbac99ff550b85ef8e44a6950c6ee24514fb6a5489e51d06f0298?s=96&d=mm&r=g\",\"url\":\"https:\\\/\\\/secure.gravatar.com\\\/avatar\\\/7ce1f28c0c3bbac99ff550b85ef8e44a6950c6ee24514fb6a5489e51d06f0298?s=96&d=mm&r=g\",\"contentUrl\":\"https:\\\/\\\/secure.gravatar.com\\\/avatar\\\/7ce1f28c0c3bbac99ff550b85ef8e44a6950c6ee24514fb6a5489e51d06f0298?s=96&d=mm&r=g\",\"caption\":\"webdo.tn\"},\"url\":\"https:\\\/\\\/www.webdo.tn\\\/fr\\\/actualite\\\/author\\\/webdotn\\\/\"}]}<\/script>\n<!-- \/ Yoast SEO Premium plugin. -->","yoast_head_json":{"title":"Robert Mugabe, 91 ans, nouveau pr\u00e9sident de l'Union africaine","description":"Robert Mugabe, 91 ans, nouveau pr\u00e9sident de l'Union africaine","canonical":"https:\/\/www.webdo.tn\/fr\/actualite\/international\/la-pique-de-ban-ki-moon-robert-mugabe-91-ans-nouveau-president-de-lunion-africaine\/184206\/","og_locale":"fr_FR","og_type":"article","og_title":"Robert Mugabe, 91 ans, nouveau pr\u00e9sident de l'Union africaine","og_description":"Robert Mugabe, 91 ans, nouveau pr\u00e9sident de l'Union africaine","og_url":"https:\/\/www.webdo.tn\/fr\/actualite\/international\/la-pique-de-ban-ki-moon-robert-mugabe-91-ans-nouveau-president-de-lunion-africaine\/184206\/","og_site_name":"webdo","article_publisher":"https:\/\/www.facebook.com\/webdotn","article_published_time":"2015-01-30T17:17:00+00:00","og_image":[{"width":404,"height":293,"url":"https:\/\/www.webdo.tn\/fr\/wp-content\/uploads\/2015\/01\/robert-mugabe-1.jpg","type":"image\/jpeg"}],"author":"webdo.tn","twitter_card":"summary_large_image","twitter_creator":"@webdo_tn","twitter_site":"@webdo_tn","twitter_misc":{"\u00c9crit par":"webdo.tn","Dur\u00e9e de lecture estim\u00e9e":"1 minute"},"schema":{"@context":"https:\/\/schema.org","@graph":[{"@type":"NewsArticle","@id":"https:\/\/www.webdo.tn\/fr\/actualite\/international\/la-pique-de-ban-ki-moon-robert-mugabe-91-ans-nouveau-president-de-lunion-africaine\/184206\/#article","isPartOf":{"@id":"https:\/\/www.webdo.tn\/fr\/actualite\/international\/la-pique-de-ban-ki-moon-robert-mugabe-91-ans-nouveau-president-de-lunion-africaine\/184206\/"},"author":{"name":"webdo.tn","@id":"https:\/\/www.webdo.tn\/fr\/#\/schema\/person\/9a9c6118d687c117df8ef3cc36a4d175"},"headline":"Robert Mugabe, 91 ans, nouveau pr\u00e9sident de l&rsquo;Union africaine","datePublished":"2015-01-30T17:17:00+00:00","mainEntityOfPage":{"@id":"https:\/\/www.webdo.tn\/fr\/actualite\/international\/la-pique-de-ban-ki-moon-robert-mugabe-91-ans-nouveau-president-de-lunion-africaine\/184206\/"},"wordCount":208,"commentCount":0,"publisher":{"@id":"https:\/\/www.webdo.tn\/fr\/#organization"},"image":{"@id":"https:\/\/www.webdo.tn\/fr\/actualite\/international\/la-pique-de-ban-ki-moon-robert-mugabe-91-ans-nouveau-president-de-lunion-africaine\/184206\/#primaryimage"},"thumbnailUrl":"https:\/\/www.webdo.tn\/fr\/wp-content\/uploads\/2015\/01\/robert-mugabe-1.jpg","keywords":["guerre"],"articleSection":["International"],"inLanguage":"fr-FR"},{"@type":"WebPage","@id":"https:\/\/www.webdo.tn\/fr\/actualite\/international\/la-pique-de-ban-ki-moon-robert-mugabe-91-ans-nouveau-president-de-lunion-africaine\/184206\/","url":"https:\/\/www.webdo.tn\/fr\/actualite\/international\/la-pique-de-ban-ki-moon-robert-mugabe-91-ans-nouveau-president-de-lunion-africaine\/184206\/","name":"Robert Mugabe, 91 ans, nouveau pr\u00e9sident de l'Union africaine","isPartOf":{"@id":"https:\/\/www.webdo.tn\/fr\/#website"},"primaryImageOfPage":{"@id":"https:\/\/www.webdo.tn\/fr\/actualite\/international\/la-pique-de-ban-ki-moon-robert-mugabe-91-ans-nouveau-president-de-lunion-africaine\/184206\/#primaryimage"},"image":{"@id":"https:\/\/www.webdo.tn\/fr\/actualite\/international\/la-pique-de-ban-ki-moon-robert-mugabe-91-ans-nouveau-president-de-lunion-africaine\/184206\/#primaryimage"},"thumbnailUrl":"https:\/\/www.webdo.tn\/fr\/wp-content\/uploads\/2015\/01\/robert-mugabe-1.jpg","datePublished":"2015-01-30T17:17:00+00:00","description":"Robert Mugabe, 91 ans, nouveau pr\u00e9sident de l'Union africaine","breadcrumb":{"@id":"https:\/\/www.webdo.tn\/fr\/actualite\/international\/la-pique-de-ban-ki-moon-robert-mugabe-91-ans-nouveau-president-de-lunion-africaine\/184206\/#breadcrumb"},"inLanguage":"fr-FR","potentialAction":[{"@type":"ReadAction","target":["https:\/\/www.webdo.tn\/fr\/actualite\/international\/la-pique-de-ban-ki-moon-robert-mugabe-91-ans-nouveau-president-de-lunion-africaine\/184206\/"]}]},{"@type":"ImageObject","inLanguage":"fr-FR","@id":"https:\/\/www.webdo.tn\/fr\/actualite\/international\/la-pique-de-ban-ki-moon-robert-mugabe-91-ans-nouveau-president-de-lunion-africaine\/184206\/#primaryimage","url":"https:\/\/www.webdo.tn\/fr\/wp-content\/uploads\/2015\/01\/robert-mugabe-1.jpg","contentUrl":"https:\/\/www.webdo.tn\/fr\/wp-content\/uploads\/2015\/01\/robert-mugabe-1.jpg","width":404,"height":293,"caption":"Robert Mugabe, 91 ans, nouveau pr\u00e9sident de l'Union africaine"},{"@type":"BreadcrumbList","@id":"https:\/\/www.webdo.tn\/fr\/actualite\/international\/la-pique-de-ban-ki-moon-robert-mugabe-91-ans-nouveau-president-de-lunion-africaine\/184206\/#breadcrumb","itemListElement":[{"@type":"ListItem","position":1,"name":"Accueil","item":"https:\/\/www.webdo.tn\/fr\/"},{"@type":"ListItem","position":2,"name":"Robert Mugabe, 91 ans, nouveau pr\u00e9sident de l&rsquo;Union africaine"}]},{"@type":"WebSite","@id":"https:\/\/www.webdo.tn\/fr\/#website","url":"https:\/\/www.webdo.tn\/fr\/","name":"webdo","description":"Tunisie - News en Tunisie et \u00e0 l&#039;international sur Webdo.tn","publisher":{"@id":"https:\/\/www.webdo.tn\/fr\/#organization"},"potentialAction":[{"@type":"SearchAction","target":{"@type":"EntryPoint","urlTemplate":"https:\/\/www.webdo.tn\/fr\/?s={search_term_string}"},"query-input":{"@type":"PropertyValueSpecification","valueRequired":true,"valueName":"search_term_string"}}],"inLanguage":"fr-FR"},{"@type":"Organization","@id":"https:\/\/www.webdo.tn\/fr\/#organization","name":"Webdo","alternateName":"Webdo.tn","url":"https:\/\/www.webdo.tn\/fr\/","logo":{"@type":"ImageObject","inLanguage":"fr-FR","@id":"https:\/\/www.webdo.tn\/fr\/#\/schema\/logo\/image\/","url":"https:\/\/www.webdo.tn\/fr\/wp-content\/uploads\/2025\/06\/Webdo-Tunisie_168377.jpg","contentUrl":"https:\/\/www.webdo.tn\/fr\/wp-content\/uploads\/2025\/06\/Webdo-Tunisie_168377.jpg","width":301,"height":301,"caption":"Webdo"},"image":{"@id":"https:\/\/www.webdo.tn\/fr\/#\/schema\/logo\/image\/"},"sameAs":["https:\/\/www.facebook.com\/webdotn","https:\/\/x.com\/webdo_tn"],"description":"Webdo est un m\u00e9dia num\u00e9rique tunisien fond\u00e9 en 2010, sp\u00e9cialis\u00e9 dans l\u2019actualit\u00e9 nationale et internationale, l\u2019\u00e9conomie, la soci\u00e9t\u00e9 et les analyses politiques. Le site s\u2019adresse \u00e0 un large public francophone et couvre l\u2019information tunisienne en temps r\u00e9el.","email":"redac@webdo.tn","legalName":"YNJ SARL","foundingDate":"2010-09-06","numberOfEmployees":{"@type":"QuantitativeValue","minValue":"11","maxValue":"50"}},{"@type":"Person","@id":"https:\/\/www.webdo.tn\/fr\/#\/schema\/person\/9a9c6118d687c117df8ef3cc36a4d175","name":"webdo.tn","image":{"@type":"ImageObject","inLanguage":"fr-FR","@id":"https:\/\/secure.gravatar.com\/avatar\/7ce1f28c0c3bbac99ff550b85ef8e44a6950c6ee24514fb6a5489e51d06f0298?s=96&d=mm&r=g","url":"https:\/\/secure.gravatar.com\/avatar\/7ce1f28c0c3bbac99ff550b85ef8e44a6950c6ee24514fb6a5489e51d06f0298?s=96&d=mm&r=g","contentUrl":"https:\/\/secure.gravatar.com\/avatar\/7ce1f28c0c3bbac99ff550b85ef8e44a6950c6ee24514fb6a5489e51d06f0298?s=96&d=mm&r=g","caption":"webdo.tn"},"url":"https:\/\/www.webdo.tn\/fr\/actualite\/author\/webdotn\/"}]}},"_links":{"self":[{"href":"https:\/\/www.webdo.tn\/fr\/wp-json\/wp\/v2\/posts\/184206","targetHints":{"allow":["GET"]}}],"collection":[{"href":"https:\/\/www.webdo.tn\/fr\/wp-json\/wp\/v2\/posts"}],"about":[{"href":"https:\/\/www.webdo.tn\/fr\/wp-json\/wp\/v2\/types\/post"}],"author":[{"embeddable":true,"href":"https:\/\/www.webdo.tn\/fr\/wp-json\/wp\/v2\/users\/3222"}],"replies":[{"embeddable":true,"href":"https:\/\/www.webdo.tn\/fr\/wp-json\/wp\/v2\/comments?post=184206"}],"version-history":[{"count":0,"href":"https:\/\/www.webdo.tn\/fr\/wp-json\/wp\/v2\/posts\/184206\/revisions"}],"wp:featuredmedia":[{"embeddable":true,"href":"https:\/\/www.webdo.tn\/fr\/wp-json\/wp\/v2\/media\/330739"}],"wp:attachment":[{"href":"https:\/\/www.webdo.tn\/fr\/wp-json\/wp\/v2\/media?parent=184206"}],"wp:term":[{"taxonomy":"category","embeddable":true,"href":"https:\/\/www.webdo.tn\/fr\/wp-json\/wp\/v2\/categories?post=184206"},{"taxonomy":"post_tag","embeddable":true,"href":"https:\/\/www.webdo.tn\/fr\/wp-json\/wp\/v2\/tags?post=184206"}],"curies":[{"name":"wp","href":"https:\/\/api.w.org\/{rel}","templated":true}]}}