{"id":184205,"date":"2015-02-02T09:35:00","date_gmt":"2015-02-02T09:35:00","guid":{"rendered":"https:\/\/www.webdo.tn\/fr\/blog\/egypte-liberation-et-expulsion-du-journaliste-australien-dal-jazeera\/184205\/"},"modified":"2015-02-02T09:35:00","modified_gmt":"2015-02-02T09:35:00","slug":"egypte-liberation-et-expulsion-du-journaliste-australien-dal-jazeera","status":"publish","type":"post","link":"https:\/\/www.webdo.tn\/fr\/actualite\/international\/egypte-liberation-et-expulsion-du-journaliste-australien-dal-jazeera\/184205\/","title":{"rendered":"Egypte : Lib\u00e9ration et expulsion du journaliste australien d&rsquo;Al Jazeera Peter Greste"},"content":{"rendered":"<p>Les autorit\u00e9s \u00e9gyptiennes ont lib\u00e9r\u00e9 dimanche 1er f\u00e9vrier le journaliste australien de la cha\u00eene qatarie Al Jazeera, Peter Greste, qui \u00e9tait d\u00e9tenu en Egypte depuis d\u00e9cembre 2013, soit plus 400 jours.<br \/>\nPeter Greste was freed today; Baher and Mohamed are still imprisoned in Egypt http:\/\/t.co\/IKJEbJYQOh #FreeAJStaff pic.twitter.com\/9LgFz5PbqX<\/p>\n<p>\u2014 Al Jazeera English (@AJEnglish) 1 F\u00e9vrier 2015<\/p>\n<p>Peter Greste \u00e9tait accus\u00e9 de \u00ab\u00a0diffuser de fausses informations\u00a0\u00bb en soutien aux fr\u00e8res musulmans, il avait \u00e9t\u00e9 arr\u00eat\u00e9 avec son coll\u00e8gue Egypto-Canadien, Mohamed Fahmi, ainsi que l&rsquo;Egyptien Baher Mohamed.<\/p>\n<p>Les trois journalistes d&rsquo;Al Jazeera avaient aussi \u00e9t\u00e9 accus\u00e9s d&rsquo;installer un bureau de leur cha\u00eene en Egypte \u00ab\u00a0sans autorisation\u00a0\u00bb.<\/p>\n<p>Les journalistes ont \u00e9t\u00e9 condamn\u00e9s en juin dernier \u00e0 7 et 10 ans d&#8217;emprisonnement. Suite \u00e0 sa lib\u00e9ration Peter Greste a quitt\u00e9 l&rsquo;Egypte en direction de l&rsquo;Australie.<\/p>\n","protected":false},"excerpt":{"rendered":"<p>Egypte : Lib\u00e9ration et expulsion du journaliste australien d&rsquo;Al Jazeera Peter Greste<\/p>\n","protected":false},"author":3222,"featured_media":335504,"comment_status":"open","ping_status":"closed","sticky":false,"template":"","format":"standard","meta":{"footnotes":""},"categories":[2598],"tags":[2600],"class_list":["post-184205","post","type-post","status-publish","format-standard","has-post-thumbnail","hentry","category-international","tag-guerre"],"yoast_head":"<!-- This site is optimized with the Yoast SEO Premium plugin v27.5 (Yoast SEO v27.5) - https:\/\/yoast.com\/product\/yoast-seo-premium-wordpress\/ -->\n<title>Egypte : Lib\u00e9ration et expulsion du journaliste australien d&#039;Al Jazeera Peter Greste<\/title>\n<meta name=\"description\" content=\"Egypte : Lib\u00e9ration et expulsion du journaliste australien d&#039;Al Jazeera Peter Greste\" \/>\n<link rel=\"canonical\" href=\"https:\/\/www.webdo.tn\/fr\/actualite\/international\/egypte-liberation-et-expulsion-du-journaliste-australien-dal-jazeera\/184205\/\" \/>\n<meta property=\"og:locale\" content=\"fr_FR\" \/>\n<meta property=\"og:type\" content=\"article\" \/>\n<meta property=\"og:title\" content=\"Egypte : Lib\u00e9ration et expulsion du journaliste australien d&#039;Al Jazeera Peter Greste\" \/>\n<meta property=\"og:description\" content=\"Egypte : Lib\u00e9ration et expulsion du journaliste australien d&#039;Al Jazeera Peter Greste\" \/>\n<meta property=\"og:url\" content=\"https:\/\/www.webdo.tn\/fr\/actualite\/international\/egypte-liberation-et-expulsion-du-journaliste-australien-dal-jazeera\/184205\/\" \/>\n<meta property=\"og:site_name\" content=\"webdo\" \/>\n<meta property=\"article:publisher\" content=\"https:\/\/www.facebook.com\/webdotn\" \/>\n<meta property=\"article:published_time\" content=\"2015-02-02T09:35:00+00:00\" \/>\n<meta property=\"og:image\" content=\"https:\/\/www.webdo.tn\/fr\/wp-content\/uploads\/2015\/02\/webdo_default-42.jpg\" \/>\n\t<meta property=\"og:image:width\" content=\"800\" \/>\n\t<meta property=\"og:image:height\" content=\"500\" \/>\n\t<meta property=\"og:image:type\" content=\"image\/jpeg\" \/>\n<meta name=\"author\" content=\"webdo.tn\" \/>\n<meta name=\"twitter:card\" content=\"summary_large_image\" \/>\n<meta name=\"twitter:creator\" content=\"@webdo_tn\" \/>\n<meta name=\"twitter:site\" content=\"@webdo_tn\" \/>\n<meta name=\"twitter:label1\" content=\"\u00c9crit par\" \/>\n\t<meta name=\"twitter:data1\" content=\"webdo.tn\" \/>\n\t<meta name=\"twitter:label2\" content=\"Dur\u00e9e de lecture estim\u00e9e\" \/>\n\t<meta name=\"twitter:data2\" content=\"1 minute\" \/>\n<script type=\"application\/ld+json\" class=\"yoast-schema-graph\">{\"@context\":\"https:\\\/\\\/schema.org\",\"@graph\":[{\"@type\":\"NewsArticle\",\"@id\":\"https:\\\/\\\/www.webdo.tn\\\/fr\\\/actualite\\\/international\\\/egypte-liberation-et-expulsion-du-journaliste-australien-dal-jazeera\\\/184205\\\/#article\",\"isPartOf\":{\"@id\":\"https:\\\/\\\/www.webdo.tn\\\/fr\\\/actualite\\\/international\\\/egypte-liberation-et-expulsion-du-journaliste-australien-dal-jazeera\\\/184205\\\/\"},\"author\":{\"name\":\"webdo.tn\",\"@id\":\"https:\\\/\\\/www.webdo.tn\\\/fr\\\/#\\\/schema\\\/person\\\/9a9c6118d687c117df8ef3cc36a4d175\"},\"headline\":\"Egypte : Lib\u00e9ration et expulsion du journaliste australien d&rsquo;Al Jazeera Peter Greste\",\"datePublished\":\"2015-02-02T09:35:00+00:00\",\"mainEntityOfPage\":{\"@id\":\"https:\\\/\\\/www.webdo.tn\\\/fr\\\/actualite\\\/international\\\/egypte-liberation-et-expulsion-du-journaliste-australien-dal-jazeera\\\/184205\\\/\"},\"wordCount\":161,\"commentCount\":0,\"publisher\":{\"@id\":\"https:\\\/\\\/www.webdo.tn\\\/fr\\\/#organization\"},\"image\":{\"@id\":\"https:\\\/\\\/www.webdo.tn\\\/fr\\\/actualite\\\/international\\\/egypte-liberation-et-expulsion-du-journaliste-australien-dal-jazeera\\\/184205\\\/#primaryimage\"},\"thumbnailUrl\":\"https:\\\/\\\/www.webdo.tn\\\/fr\\\/wp-content\\\/uploads\\\/2015\\\/02\\\/webdo_default-42.jpg\",\"keywords\":[\"guerre\"],\"articleSection\":[\"International\"],\"inLanguage\":\"fr-FR\"},{\"@type\":\"WebPage\",\"@id\":\"https:\\\/\\\/www.webdo.tn\\\/fr\\\/actualite\\\/international\\\/egypte-liberation-et-expulsion-du-journaliste-australien-dal-jazeera\\\/184205\\\/\",\"url\":\"https:\\\/\\\/www.webdo.tn\\\/fr\\\/actualite\\\/international\\\/egypte-liberation-et-expulsion-du-journaliste-australien-dal-jazeera\\\/184205\\\/\",\"name\":\"Egypte : Lib\u00e9ration et expulsion du journaliste australien d'Al Jazeera Peter Greste\",\"isPartOf\":{\"@id\":\"https:\\\/\\\/www.webdo.tn\\\/fr\\\/#website\"},\"primaryImageOfPage\":{\"@id\":\"https:\\\/\\\/www.webdo.tn\\\/fr\\\/actualite\\\/international\\\/egypte-liberation-et-expulsion-du-journaliste-australien-dal-jazeera\\\/184205\\\/#primaryimage\"},\"image\":{\"@id\":\"https:\\\/\\\/www.webdo.tn\\\/fr\\\/actualite\\\/international\\\/egypte-liberation-et-expulsion-du-journaliste-australien-dal-jazeera\\\/184205\\\/#primaryimage\"},\"thumbnailUrl\":\"https:\\\/\\\/www.webdo.tn\\\/fr\\\/wp-content\\\/uploads\\\/2015\\\/02\\\/webdo_default-42.jpg\",\"datePublished\":\"2015-02-02T09:35:00+00:00\",\"description\":\"Egypte : Lib\u00e9ration et expulsion du journaliste australien d'Al Jazeera Peter Greste\",\"breadcrumb\":{\"@id\":\"https:\\\/\\\/www.webdo.tn\\\/fr\\\/actualite\\\/international\\\/egypte-liberation-et-expulsion-du-journaliste-australien-dal-jazeera\\\/184205\\\/#breadcrumb\"},\"inLanguage\":\"fr-FR\",\"potentialAction\":[{\"@type\":\"ReadAction\",\"target\":[\"https:\\\/\\\/www.webdo.tn\\\/fr\\\/actualite\\\/international\\\/egypte-liberation-et-expulsion-du-journaliste-australien-dal-jazeera\\\/184205\\\/\"]}]},{\"@type\":\"ImageObject\",\"inLanguage\":\"fr-FR\",\"@id\":\"https:\\\/\\\/www.webdo.tn\\\/fr\\\/actualite\\\/international\\\/egypte-liberation-et-expulsion-du-journaliste-australien-dal-jazeera\\\/184205\\\/#primaryimage\",\"url\":\"https:\\\/\\\/www.webdo.tn\\\/fr\\\/wp-content\\\/uploads\\\/2015\\\/02\\\/webdo_default-42.jpg\",\"contentUrl\":\"https:\\\/\\\/www.webdo.tn\\\/fr\\\/wp-content\\\/uploads\\\/2015\\\/02\\\/webdo_default-42.jpg\",\"width\":800,\"height\":500,\"caption\":\"Egypte : Lib\u00e9ration et expulsion du journaliste australien d'Al Jazeera Peter Greste\"},{\"@type\":\"BreadcrumbList\",\"@id\":\"https:\\\/\\\/www.webdo.tn\\\/fr\\\/actualite\\\/international\\\/egypte-liberation-et-expulsion-du-journaliste-australien-dal-jazeera\\\/184205\\\/#breadcrumb\",\"itemListElement\":[{\"@type\":\"ListItem\",\"position\":1,\"name\":\"Accueil\",\"item\":\"https:\\\/\\\/www.webdo.tn\\\/fr\\\/\"},{\"@type\":\"ListItem\",\"position\":2,\"name\":\"Egypte : Lib\u00e9ration et expulsion du journaliste australien d&rsquo;Al Jazeera Peter Greste\"}]},{\"@type\":\"WebSite\",\"@id\":\"https:\\\/\\\/www.webdo.tn\\\/fr\\\/#website\",\"url\":\"https:\\\/\\\/www.webdo.tn\\\/fr\\\/\",\"name\":\"webdo\",\"description\":\"Tunisie - News en Tunisie et \u00e0 l&#039;international sur Webdo.tn\",\"publisher\":{\"@id\":\"https:\\\/\\\/www.webdo.tn\\\/fr\\\/#organization\"},\"potentialAction\":[{\"@type\":\"SearchAction\",\"target\":{\"@type\":\"EntryPoint\",\"urlTemplate\":\"https:\\\/\\\/www.webdo.tn\\\/fr\\\/?s={search_term_string}\"},\"query-input\":{\"@type\":\"PropertyValueSpecification\",\"valueRequired\":true,\"valueName\":\"search_term_string\"}}],\"inLanguage\":\"fr-FR\"},{\"@type\":\"Organization\",\"@id\":\"https:\\\/\\\/www.webdo.tn\\\/fr\\\/#organization\",\"name\":\"Webdo\",\"alternateName\":\"Webdo.tn\",\"url\":\"https:\\\/\\\/www.webdo.tn\\\/fr\\\/\",\"logo\":{\"@type\":\"ImageObject\",\"inLanguage\":\"fr-FR\",\"@id\":\"https:\\\/\\\/www.webdo.tn\\\/fr\\\/#\\\/schema\\\/logo\\\/image\\\/\",\"url\":\"https:\\\/\\\/www.webdo.tn\\\/fr\\\/wp-content\\\/uploads\\\/2025\\\/06\\\/Webdo-Tunisie_168377.jpg\",\"contentUrl\":\"https:\\\/\\\/www.webdo.tn\\\/fr\\\/wp-content\\\/uploads\\\/2025\\\/06\\\/Webdo-Tunisie_168377.jpg\",\"width\":301,\"height\":301,\"caption\":\"Webdo\"},\"image\":{\"@id\":\"https:\\\/\\\/www.webdo.tn\\\/fr\\\/#\\\/schema\\\/logo\\\/image\\\/\"},\"sameAs\":[\"https:\\\/\\\/www.facebook.com\\\/webdotn\",\"https:\\\/\\\/x.com\\\/webdo_tn\"],\"description\":\"Webdo est un m\u00e9dia num\u00e9rique tunisien fond\u00e9 en 2010, sp\u00e9cialis\u00e9 dans l\u2019actualit\u00e9 nationale et internationale, l\u2019\u00e9conomie, la soci\u00e9t\u00e9 et les analyses politiques. Le site s\u2019adresse \u00e0 un large public francophone et couvre l\u2019information tunisienne en temps r\u00e9el.\",\"email\":\"redac@webdo.tn\",\"legalName\":\"YNJ SARL\",\"foundingDate\":\"2010-09-06\",\"numberOfEmployees\":{\"@type\":\"QuantitativeValue\",\"minValue\":\"11\",\"maxValue\":\"50\"}},{\"@type\":\"Person\",\"@id\":\"https:\\\/\\\/www.webdo.tn\\\/fr\\\/#\\\/schema\\\/person\\\/9a9c6118d687c117df8ef3cc36a4d175\",\"name\":\"webdo.tn\",\"image\":{\"@type\":\"ImageObject\",\"inLanguage\":\"fr-FR\",\"@id\":\"https:\\\/\\\/secure.gravatar.com\\\/avatar\\\/7ce1f28c0c3bbac99ff550b85ef8e44a6950c6ee24514fb6a5489e51d06f0298?s=96&d=mm&r=g\",\"url\":\"https:\\\/\\\/secure.gravatar.com\\\/avatar\\\/7ce1f28c0c3bbac99ff550b85ef8e44a6950c6ee24514fb6a5489e51d06f0298?s=96&d=mm&r=g\",\"contentUrl\":\"https:\\\/\\\/secure.gravatar.com\\\/avatar\\\/7ce1f28c0c3bbac99ff550b85ef8e44a6950c6ee24514fb6a5489e51d06f0298?s=96&d=mm&r=g\",\"caption\":\"webdo.tn\"},\"url\":\"https:\\\/\\\/www.webdo.tn\\\/fr\\\/actualite\\\/author\\\/webdotn\\\/\"}]}<\/script>\n<!-- \/ Yoast SEO Premium plugin. -->","yoast_head_json":{"title":"Egypte : Lib\u00e9ration et expulsion du journaliste australien d'Al Jazeera Peter Greste","description":"Egypte : Lib\u00e9ration et expulsion du journaliste australien d'Al Jazeera Peter Greste","canonical":"https:\/\/www.webdo.tn\/fr\/actualite\/international\/egypte-liberation-et-expulsion-du-journaliste-australien-dal-jazeera\/184205\/","og_locale":"fr_FR","og_type":"article","og_title":"Egypte : Lib\u00e9ration et expulsion du journaliste australien d'Al Jazeera Peter Greste","og_description":"Egypte : Lib\u00e9ration et expulsion du journaliste australien d'Al Jazeera Peter Greste","og_url":"https:\/\/www.webdo.tn\/fr\/actualite\/international\/egypte-liberation-et-expulsion-du-journaliste-australien-dal-jazeera\/184205\/","og_site_name":"webdo","article_publisher":"https:\/\/www.facebook.com\/webdotn","article_published_time":"2015-02-02T09:35:00+00:00","og_image":[{"width":800,"height":500,"url":"https:\/\/www.webdo.tn\/fr\/wp-content\/uploads\/2015\/02\/webdo_default-42.jpg","type":"image\/jpeg"}],"author":"webdo.tn","twitter_card":"summary_large_image","twitter_creator":"@webdo_tn","twitter_site":"@webdo_tn","twitter_misc":{"\u00c9crit par":"webdo.tn","Dur\u00e9e de lecture estim\u00e9e":"1 minute"},"schema":{"@context":"https:\/\/schema.org","@graph":[{"@type":"NewsArticle","@id":"https:\/\/www.webdo.tn\/fr\/actualite\/international\/egypte-liberation-et-expulsion-du-journaliste-australien-dal-jazeera\/184205\/#article","isPartOf":{"@id":"https:\/\/www.webdo.tn\/fr\/actualite\/international\/egypte-liberation-et-expulsion-du-journaliste-australien-dal-jazeera\/184205\/"},"author":{"name":"webdo.tn","@id":"https:\/\/www.webdo.tn\/fr\/#\/schema\/person\/9a9c6118d687c117df8ef3cc36a4d175"},"headline":"Egypte : Lib\u00e9ration et expulsion du journaliste australien d&rsquo;Al Jazeera Peter Greste","datePublished":"2015-02-02T09:35:00+00:00","mainEntityOfPage":{"@id":"https:\/\/www.webdo.tn\/fr\/actualite\/international\/egypte-liberation-et-expulsion-du-journaliste-australien-dal-jazeera\/184205\/"},"wordCount":161,"commentCount":0,"publisher":{"@id":"https:\/\/www.webdo.tn\/fr\/#organization"},"image":{"@id":"https:\/\/www.webdo.tn\/fr\/actualite\/international\/egypte-liberation-et-expulsion-du-journaliste-australien-dal-jazeera\/184205\/#primaryimage"},"thumbnailUrl":"https:\/\/www.webdo.tn\/fr\/wp-content\/uploads\/2015\/02\/webdo_default-42.jpg","keywords":["guerre"],"articleSection":["International"],"inLanguage":"fr-FR"},{"@type":"WebPage","@id":"https:\/\/www.webdo.tn\/fr\/actualite\/international\/egypte-liberation-et-expulsion-du-journaliste-australien-dal-jazeera\/184205\/","url":"https:\/\/www.webdo.tn\/fr\/actualite\/international\/egypte-liberation-et-expulsion-du-journaliste-australien-dal-jazeera\/184205\/","name":"Egypte : Lib\u00e9ration et expulsion du journaliste australien d'Al Jazeera Peter Greste","isPartOf":{"@id":"https:\/\/www.webdo.tn\/fr\/#website"},"primaryImageOfPage":{"@id":"https:\/\/www.webdo.tn\/fr\/actualite\/international\/egypte-liberation-et-expulsion-du-journaliste-australien-dal-jazeera\/184205\/#primaryimage"},"image":{"@id":"https:\/\/www.webdo.tn\/fr\/actualite\/international\/egypte-liberation-et-expulsion-du-journaliste-australien-dal-jazeera\/184205\/#primaryimage"},"thumbnailUrl":"https:\/\/www.webdo.tn\/fr\/wp-content\/uploads\/2015\/02\/webdo_default-42.jpg","datePublished":"2015-02-02T09:35:00+00:00","description":"Egypte : Lib\u00e9ration et expulsion du journaliste australien d'Al Jazeera Peter Greste","breadcrumb":{"@id":"https:\/\/www.webdo.tn\/fr\/actualite\/international\/egypte-liberation-et-expulsion-du-journaliste-australien-dal-jazeera\/184205\/#breadcrumb"},"inLanguage":"fr-FR","potentialAction":[{"@type":"ReadAction","target":["https:\/\/www.webdo.tn\/fr\/actualite\/international\/egypte-liberation-et-expulsion-du-journaliste-australien-dal-jazeera\/184205\/"]}]},{"@type":"ImageObject","inLanguage":"fr-FR","@id":"https:\/\/www.webdo.tn\/fr\/actualite\/international\/egypte-liberation-et-expulsion-du-journaliste-australien-dal-jazeera\/184205\/#primaryimage","url":"https:\/\/www.webdo.tn\/fr\/wp-content\/uploads\/2015\/02\/webdo_default-42.jpg","contentUrl":"https:\/\/www.webdo.tn\/fr\/wp-content\/uploads\/2015\/02\/webdo_default-42.jpg","width":800,"height":500,"caption":"Egypte : Lib\u00e9ration et expulsion du journaliste australien d'Al Jazeera Peter Greste"},{"@type":"BreadcrumbList","@id":"https:\/\/www.webdo.tn\/fr\/actualite\/international\/egypte-liberation-et-expulsion-du-journaliste-australien-dal-jazeera\/184205\/#breadcrumb","itemListElement":[{"@type":"ListItem","position":1,"name":"Accueil","item":"https:\/\/www.webdo.tn\/fr\/"},{"@type":"ListItem","position":2,"name":"Egypte : Lib\u00e9ration et expulsion du journaliste australien d&rsquo;Al Jazeera Peter Greste"}]},{"@type":"WebSite","@id":"https:\/\/www.webdo.tn\/fr\/#website","url":"https:\/\/www.webdo.tn\/fr\/","name":"webdo","description":"Tunisie - News en Tunisie et \u00e0 l&#039;international sur Webdo.tn","publisher":{"@id":"https:\/\/www.webdo.tn\/fr\/#organization"},"potentialAction":[{"@type":"SearchAction","target":{"@type":"EntryPoint","urlTemplate":"https:\/\/www.webdo.tn\/fr\/?s={search_term_string}"},"query-input":{"@type":"PropertyValueSpecification","valueRequired":true,"valueName":"search_term_string"}}],"inLanguage":"fr-FR"},{"@type":"Organization","@id":"https:\/\/www.webdo.tn\/fr\/#organization","name":"Webdo","alternateName":"Webdo.tn","url":"https:\/\/www.webdo.tn\/fr\/","logo":{"@type":"ImageObject","inLanguage":"fr-FR","@id":"https:\/\/www.webdo.tn\/fr\/#\/schema\/logo\/image\/","url":"https:\/\/www.webdo.tn\/fr\/wp-content\/uploads\/2025\/06\/Webdo-Tunisie_168377.jpg","contentUrl":"https:\/\/www.webdo.tn\/fr\/wp-content\/uploads\/2025\/06\/Webdo-Tunisie_168377.jpg","width":301,"height":301,"caption":"Webdo"},"image":{"@id":"https:\/\/www.webdo.tn\/fr\/#\/schema\/logo\/image\/"},"sameAs":["https:\/\/www.facebook.com\/webdotn","https:\/\/x.com\/webdo_tn"],"description":"Webdo est un m\u00e9dia num\u00e9rique tunisien fond\u00e9 en 2010, sp\u00e9cialis\u00e9 dans l\u2019actualit\u00e9 nationale et internationale, l\u2019\u00e9conomie, la soci\u00e9t\u00e9 et les analyses politiques. Le site s\u2019adresse \u00e0 un large public francophone et couvre l\u2019information tunisienne en temps r\u00e9el.","email":"redac@webdo.tn","legalName":"YNJ SARL","foundingDate":"2010-09-06","numberOfEmployees":{"@type":"QuantitativeValue","minValue":"11","maxValue":"50"}},{"@type":"Person","@id":"https:\/\/www.webdo.tn\/fr\/#\/schema\/person\/9a9c6118d687c117df8ef3cc36a4d175","name":"webdo.tn","image":{"@type":"ImageObject","inLanguage":"fr-FR","@id":"https:\/\/secure.gravatar.com\/avatar\/7ce1f28c0c3bbac99ff550b85ef8e44a6950c6ee24514fb6a5489e51d06f0298?s=96&d=mm&r=g","url":"https:\/\/secure.gravatar.com\/avatar\/7ce1f28c0c3bbac99ff550b85ef8e44a6950c6ee24514fb6a5489e51d06f0298?s=96&d=mm&r=g","contentUrl":"https:\/\/secure.gravatar.com\/avatar\/7ce1f28c0c3bbac99ff550b85ef8e44a6950c6ee24514fb6a5489e51d06f0298?s=96&d=mm&r=g","caption":"webdo.tn"},"url":"https:\/\/www.webdo.tn\/fr\/actualite\/author\/webdotn\/"}]}},"_links":{"self":[{"href":"https:\/\/www.webdo.tn\/fr\/wp-json\/wp\/v2\/posts\/184205","targetHints":{"allow":["GET"]}}],"collection":[{"href":"https:\/\/www.webdo.tn\/fr\/wp-json\/wp\/v2\/posts"}],"about":[{"href":"https:\/\/www.webdo.tn\/fr\/wp-json\/wp\/v2\/types\/post"}],"author":[{"embeddable":true,"href":"https:\/\/www.webdo.tn\/fr\/wp-json\/wp\/v2\/users\/3222"}],"replies":[{"embeddable":true,"href":"https:\/\/www.webdo.tn\/fr\/wp-json\/wp\/v2\/comments?post=184205"}],"version-history":[{"count":0,"href":"https:\/\/www.webdo.tn\/fr\/wp-json\/wp\/v2\/posts\/184205\/revisions"}],"wp:featuredmedia":[{"embeddable":true,"href":"https:\/\/www.webdo.tn\/fr\/wp-json\/wp\/v2\/media\/335504"}],"wp:attachment":[{"href":"https:\/\/www.webdo.tn\/fr\/wp-json\/wp\/v2\/media?parent=184205"}],"wp:term":[{"taxonomy":"category","embeddable":true,"href":"https:\/\/www.webdo.tn\/fr\/wp-json\/wp\/v2\/categories?post=184205"},{"taxonomy":"post_tag","embeddable":true,"href":"https:\/\/www.webdo.tn\/fr\/wp-json\/wp\/v2\/tags?post=184205"}],"curies":[{"name":"wp","href":"https:\/\/api.w.org\/{rel}","templated":true}]}}