{"id":184203,"date":"2015-02-03T11:19:00","date_gmt":"2015-02-03T11:19:00","guid":{"rendered":"https:\/\/www.webdo.tn\/fr\/blog\/le-journaliste-dal-jazeera-mohamed-fahmy-renonce-sa-nationalite-egyptienne-pour-faciliter-son-expulsion\/184203\/"},"modified":"2015-02-03T11:19:00","modified_gmt":"2015-02-03T11:19:00","slug":"le-journaliste-dal-jazeera-mohamed-fahmy-renonce-sa-nationalite-egyptienne-pour-faciliter-son-expulsion","status":"publish","type":"post","link":"https:\/\/www.webdo.tn\/fr\/actualite\/international\/le-journaliste-dal-jazeera-mohamed-fahmy-renonce-sa-nationalite-egyptienne-pour-faciliter-son-expulsion\/184203\/","title":{"rendered":"Le journaliste d&rsquo;Al Jazeera, M. Fahmy renonce \u00e0 sa nationalit\u00e9 \u00e9gyptienne pour faciliter son expulsion"},"content":{"rendered":"<p>Le journaliste Egypto-Canadien de la cha\u00eene qatarie Al Jazeera, Mohamed Fahmy, a accept\u00e9 ce mardi 3 f\u00e9vrier de renoncer \u00e0 sa nationalit\u00e9 \u00e9gyptienne afin de faciliter son expulsion de l&rsquo;Egypte vers le Canada.<\/p>\n<p>Mohamed Fahmy, chef du bureau d&rsquo;Al Jazeera en Egypte, est emprisonn\u00e9 depuis 402 jours, depuis le mois de\u00a0d\u00e9cembre 2013, en Egypte o\u00f9 il est accus\u00e9 d&rsquo;avoir \u00ab\u00a0diffus\u00e9 de fausses informations\u00a0\u00bb en soutien aux fr\u00e8res musulmans et a \u00e9t\u00e9 condamn\u00e9 en juin 2014 pour une peine de 7 ans de prison, en compagnie de deux autres reporters d&rsquo;Al Jazeera.<br \/>\nAl Jazeera&rsquo;s Mohamed Fahmy renounces Egyptian citizenship. http:\/\/t.co\/WPKZf2fsEu #FreeAJStaff pic.twitter.com\/FBmyUsdTCo<\/p>\n<p>\u2014 Al Jazeera English (@AJEnglish) 3 F\u00e9vrier 2015<br \/>\nLa veille, lundi 2 f\u00e9vrier, le journaliste Australien, Peter Greste, a \u00e9t\u00e9 rel\u00e2ch\u00e9 et expuls\u00e9 vers l&rsquo;Australie.<\/p>\n<p>.@PeterGreste speaks about his ordeal for the first time since his release from Egypt&rsquo;s jails http:\/\/t.co\/Xkcftjo809 pic.twitter.com\/cnCCyse2EB<\/p>\n<p>\u2014 Al Jazeera English (@AJEnglish) 2 F\u00e9vrier 2015<\/p>\n<p>Selon la loi \u00e9gyptienne, les nationaux ou bi-nationaux doivent \u00eatre jug\u00e9s en Egypte et y purger leurs peines d&#8217;emprisonnements \u00e9ventuelles. Mais si M. Fahmy obtient satisfaction et devient uniquement canadien, il pourra se voir appliquer une loi promulgu\u00e9e en novembre, autorisant sur d\u00e9cret pr\u00e9sidentiel l&rsquo;expulsion des \u00e9trangers condamn\u00e9s \u00e0 des peines de prison ou en instance de jugement.<\/p>\n<p>Un responsable du gouvernement \u00e9gyptien a assur\u00e9 \u00e0 l&rsquo;AFP ce mardi que \u00ab\u00a0la proc\u00e9dure l\u00e9gale pour son expulsion touche \u00e0 son terme\u00a0\u00bb.<\/p>\n","protected":false},"excerpt":{"rendered":"<p>Le journaliste d&rsquo;Al Jazeera, M. Fahmy renonce \u00e0 sa nationalit\u00e9 \u00e9gyptienne pour faciliter son expulsion<\/p>\n","protected":false},"author":3222,"featured_media":335508,"comment_status":"open","ping_status":"closed","sticky":false,"template":"","format":"standard","meta":{"footnotes":""},"categories":[2598],"tags":[2600],"class_list":["post-184203","post","type-post","status-publish","format-standard","has-post-thumbnail","hentry","category-international","tag-guerre"],"yoast_head":"<!-- This site is optimized with the Yoast SEO Premium plugin v27.5 (Yoast SEO v27.5) - https:\/\/yoast.com\/product\/yoast-seo-premium-wordpress\/ -->\n<title>Le journaliste d&#039;Al Jazeera, M. Fahmy renonce \u00e0 sa nationalit\u00e9 \u00e9gyptienne pour faciliter son expulsion<\/title>\n<meta name=\"description\" content=\"Le journaliste d&#039;Al Jazeera, M. Fahmy renonce \u00e0 sa nationalit\u00e9 \u00e9gyptienne pour faciliter son expulsion\" \/>\n<link rel=\"canonical\" href=\"https:\/\/www.webdo.tn\/fr\/actualite\/international\/le-journaliste-dal-jazeera-mohamed-fahmy-renonce-sa-nationalite-egyptienne-pour-faciliter-son-expulsion\/184203\/\" \/>\n<meta property=\"og:locale\" content=\"fr_FR\" \/>\n<meta property=\"og:type\" content=\"article\" \/>\n<meta property=\"og:title\" content=\"Le journaliste d&#039;Al Jazeera, M. Fahmy renonce \u00e0 sa nationalit\u00e9 \u00e9gyptienne pour faciliter son expulsion\" \/>\n<meta property=\"og:description\" content=\"Le journaliste d&#039;Al Jazeera, M. Fahmy renonce \u00e0 sa nationalit\u00e9 \u00e9gyptienne pour faciliter son expulsion\" \/>\n<meta property=\"og:url\" content=\"https:\/\/www.webdo.tn\/fr\/actualite\/international\/le-journaliste-dal-jazeera-mohamed-fahmy-renonce-sa-nationalite-egyptienne-pour-faciliter-son-expulsion\/184203\/\" \/>\n<meta property=\"og:site_name\" content=\"webdo\" \/>\n<meta property=\"article:publisher\" content=\"https:\/\/www.facebook.com\/webdotn\" \/>\n<meta property=\"article:published_time\" content=\"2015-02-03T11:19:00+00:00\" \/>\n<meta property=\"og:image\" content=\"https:\/\/www.webdo.tn\/fr\/wp-content\/uploads\/2015\/02\/B86ONylIUAAePV9-300x163-1.png\" \/>\n\t<meta property=\"og:image:width\" content=\"300\" \/>\n\t<meta property=\"og:image:height\" content=\"163\" \/>\n\t<meta property=\"og:image:type\" content=\"image\/png\" \/>\n<meta name=\"author\" content=\"webdo.tn\" \/>\n<meta name=\"twitter:card\" content=\"summary_large_image\" \/>\n<meta name=\"twitter:creator\" content=\"@webdo_tn\" \/>\n<meta name=\"twitter:site\" content=\"@webdo_tn\" \/>\n<meta name=\"twitter:label1\" content=\"\u00c9crit par\" \/>\n\t<meta name=\"twitter:data1\" content=\"webdo.tn\" \/>\n\t<meta name=\"twitter:label2\" content=\"Dur\u00e9e de lecture estim\u00e9e\" \/>\n\t<meta name=\"twitter:data2\" content=\"1 minute\" \/>\n<script type=\"application\/ld+json\" class=\"yoast-schema-graph\">{\"@context\":\"https:\\\/\\\/schema.org\",\"@graph\":[{\"@type\":\"NewsArticle\",\"@id\":\"https:\\\/\\\/www.webdo.tn\\\/fr\\\/actualite\\\/international\\\/le-journaliste-dal-jazeera-mohamed-fahmy-renonce-sa-nationalite-egyptienne-pour-faciliter-son-expulsion\\\/184203\\\/#article\",\"isPartOf\":{\"@id\":\"https:\\\/\\\/www.webdo.tn\\\/fr\\\/actualite\\\/international\\\/le-journaliste-dal-jazeera-mohamed-fahmy-renonce-sa-nationalite-egyptienne-pour-faciliter-son-expulsion\\\/184203\\\/\"},\"author\":{\"name\":\"webdo.tn\",\"@id\":\"https:\\\/\\\/www.webdo.tn\\\/fr\\\/#\\\/schema\\\/person\\\/9a9c6118d687c117df8ef3cc36a4d175\"},\"headline\":\"Le journaliste d&rsquo;Al Jazeera, M. Fahmy renonce \u00e0 sa nationalit\u00e9 \u00e9gyptienne pour faciliter son expulsion\",\"datePublished\":\"2015-02-03T11:19:00+00:00\",\"mainEntityOfPage\":{\"@id\":\"https:\\\/\\\/www.webdo.tn\\\/fr\\\/actualite\\\/international\\\/le-journaliste-dal-jazeera-mohamed-fahmy-renonce-sa-nationalite-egyptienne-pour-faciliter-son-expulsion\\\/184203\\\/\"},\"wordCount\":270,\"commentCount\":0,\"publisher\":{\"@id\":\"https:\\\/\\\/www.webdo.tn\\\/fr\\\/#organization\"},\"image\":{\"@id\":\"https:\\\/\\\/www.webdo.tn\\\/fr\\\/actualite\\\/international\\\/le-journaliste-dal-jazeera-mohamed-fahmy-renonce-sa-nationalite-egyptienne-pour-faciliter-son-expulsion\\\/184203\\\/#primaryimage\"},\"thumbnailUrl\":\"https:\\\/\\\/www.webdo.tn\\\/fr\\\/wp-content\\\/uploads\\\/2015\\\/02\\\/B86ONylIUAAePV9-300x163-1.png\",\"keywords\":[\"guerre\"],\"articleSection\":[\"International\"],\"inLanguage\":\"fr-FR\"},{\"@type\":\"WebPage\",\"@id\":\"https:\\\/\\\/www.webdo.tn\\\/fr\\\/actualite\\\/international\\\/le-journaliste-dal-jazeera-mohamed-fahmy-renonce-sa-nationalite-egyptienne-pour-faciliter-son-expulsion\\\/184203\\\/\",\"url\":\"https:\\\/\\\/www.webdo.tn\\\/fr\\\/actualite\\\/international\\\/le-journaliste-dal-jazeera-mohamed-fahmy-renonce-sa-nationalite-egyptienne-pour-faciliter-son-expulsion\\\/184203\\\/\",\"name\":\"Le journaliste d'Al Jazeera, M. Fahmy renonce \u00e0 sa nationalit\u00e9 \u00e9gyptienne pour faciliter son expulsion\",\"isPartOf\":{\"@id\":\"https:\\\/\\\/www.webdo.tn\\\/fr\\\/#website\"},\"primaryImageOfPage\":{\"@id\":\"https:\\\/\\\/www.webdo.tn\\\/fr\\\/actualite\\\/international\\\/le-journaliste-dal-jazeera-mohamed-fahmy-renonce-sa-nationalite-egyptienne-pour-faciliter-son-expulsion\\\/184203\\\/#primaryimage\"},\"image\":{\"@id\":\"https:\\\/\\\/www.webdo.tn\\\/fr\\\/actualite\\\/international\\\/le-journaliste-dal-jazeera-mohamed-fahmy-renonce-sa-nationalite-egyptienne-pour-faciliter-son-expulsion\\\/184203\\\/#primaryimage\"},\"thumbnailUrl\":\"https:\\\/\\\/www.webdo.tn\\\/fr\\\/wp-content\\\/uploads\\\/2015\\\/02\\\/B86ONylIUAAePV9-300x163-1.png\",\"datePublished\":\"2015-02-03T11:19:00+00:00\",\"description\":\"Le journaliste d'Al Jazeera, M. Fahmy renonce \u00e0 sa nationalit\u00e9 \u00e9gyptienne pour faciliter son expulsion\",\"breadcrumb\":{\"@id\":\"https:\\\/\\\/www.webdo.tn\\\/fr\\\/actualite\\\/international\\\/le-journaliste-dal-jazeera-mohamed-fahmy-renonce-sa-nationalite-egyptienne-pour-faciliter-son-expulsion\\\/184203\\\/#breadcrumb\"},\"inLanguage\":\"fr-FR\",\"potentialAction\":[{\"@type\":\"ReadAction\",\"target\":[\"https:\\\/\\\/www.webdo.tn\\\/fr\\\/actualite\\\/international\\\/le-journaliste-dal-jazeera-mohamed-fahmy-renonce-sa-nationalite-egyptienne-pour-faciliter-son-expulsion\\\/184203\\\/\"]}]},{\"@type\":\"ImageObject\",\"inLanguage\":\"fr-FR\",\"@id\":\"https:\\\/\\\/www.webdo.tn\\\/fr\\\/actualite\\\/international\\\/le-journaliste-dal-jazeera-mohamed-fahmy-renonce-sa-nationalite-egyptienne-pour-faciliter-son-expulsion\\\/184203\\\/#primaryimage\",\"url\":\"https:\\\/\\\/www.webdo.tn\\\/fr\\\/wp-content\\\/uploads\\\/2015\\\/02\\\/B86ONylIUAAePV9-300x163-1.png\",\"contentUrl\":\"https:\\\/\\\/www.webdo.tn\\\/fr\\\/wp-content\\\/uploads\\\/2015\\\/02\\\/B86ONylIUAAePV9-300x163-1.png\",\"width\":300,\"height\":163,\"caption\":\"Le journaliste d'Al Jazeera, M. Fahmy renonce \u00e0 sa nationalit\u00e9 \u00e9gyptienne pour faciliter son expulsion\"},{\"@type\":\"BreadcrumbList\",\"@id\":\"https:\\\/\\\/www.webdo.tn\\\/fr\\\/actualite\\\/international\\\/le-journaliste-dal-jazeera-mohamed-fahmy-renonce-sa-nationalite-egyptienne-pour-faciliter-son-expulsion\\\/184203\\\/#breadcrumb\",\"itemListElement\":[{\"@type\":\"ListItem\",\"position\":1,\"name\":\"Accueil\",\"item\":\"https:\\\/\\\/www.webdo.tn\\\/fr\\\/\"},{\"@type\":\"ListItem\",\"position\":2,\"name\":\"Le journaliste d&rsquo;Al Jazeera, M. Fahmy renonce \u00e0 sa nationalit\u00e9 \u00e9gyptienne pour faciliter son expulsion\"}]},{\"@type\":\"WebSite\",\"@id\":\"https:\\\/\\\/www.webdo.tn\\\/fr\\\/#website\",\"url\":\"https:\\\/\\\/www.webdo.tn\\\/fr\\\/\",\"name\":\"webdo\",\"description\":\"Tunisie - News en Tunisie et \u00e0 l&#039;international sur Webdo.tn\",\"publisher\":{\"@id\":\"https:\\\/\\\/www.webdo.tn\\\/fr\\\/#organization\"},\"potentialAction\":[{\"@type\":\"SearchAction\",\"target\":{\"@type\":\"EntryPoint\",\"urlTemplate\":\"https:\\\/\\\/www.webdo.tn\\\/fr\\\/?s={search_term_string}\"},\"query-input\":{\"@type\":\"PropertyValueSpecification\",\"valueRequired\":true,\"valueName\":\"search_term_string\"}}],\"inLanguage\":\"fr-FR\"},{\"@type\":\"Organization\",\"@id\":\"https:\\\/\\\/www.webdo.tn\\\/fr\\\/#organization\",\"name\":\"Webdo\",\"alternateName\":\"Webdo.tn\",\"url\":\"https:\\\/\\\/www.webdo.tn\\\/fr\\\/\",\"logo\":{\"@type\":\"ImageObject\",\"inLanguage\":\"fr-FR\",\"@id\":\"https:\\\/\\\/www.webdo.tn\\\/fr\\\/#\\\/schema\\\/logo\\\/image\\\/\",\"url\":\"https:\\\/\\\/www.webdo.tn\\\/fr\\\/wp-content\\\/uploads\\\/2025\\\/06\\\/Webdo-Tunisie_168377.jpg\",\"contentUrl\":\"https:\\\/\\\/www.webdo.tn\\\/fr\\\/wp-content\\\/uploads\\\/2025\\\/06\\\/Webdo-Tunisie_168377.jpg\",\"width\":301,\"height\":301,\"caption\":\"Webdo\"},\"image\":{\"@id\":\"https:\\\/\\\/www.webdo.tn\\\/fr\\\/#\\\/schema\\\/logo\\\/image\\\/\"},\"sameAs\":[\"https:\\\/\\\/www.facebook.com\\\/webdotn\",\"https:\\\/\\\/x.com\\\/webdo_tn\"],\"description\":\"Webdo est un m\u00e9dia num\u00e9rique tunisien fond\u00e9 en 2010, sp\u00e9cialis\u00e9 dans l\u2019actualit\u00e9 nationale et internationale, l\u2019\u00e9conomie, la soci\u00e9t\u00e9 et les analyses politiques. Le site s\u2019adresse \u00e0 un large public francophone et couvre l\u2019information tunisienne en temps r\u00e9el.\",\"email\":\"redac@webdo.tn\",\"legalName\":\"YNJ SARL\",\"foundingDate\":\"2010-09-06\",\"numberOfEmployees\":{\"@type\":\"QuantitativeValue\",\"minValue\":\"11\",\"maxValue\":\"50\"}},{\"@type\":\"Person\",\"@id\":\"https:\\\/\\\/www.webdo.tn\\\/fr\\\/#\\\/schema\\\/person\\\/9a9c6118d687c117df8ef3cc36a4d175\",\"name\":\"webdo.tn\",\"image\":{\"@type\":\"ImageObject\",\"inLanguage\":\"fr-FR\",\"@id\":\"https:\\\/\\\/secure.gravatar.com\\\/avatar\\\/7ce1f28c0c3bbac99ff550b85ef8e44a6950c6ee24514fb6a5489e51d06f0298?s=96&d=mm&r=g\",\"url\":\"https:\\\/\\\/secure.gravatar.com\\\/avatar\\\/7ce1f28c0c3bbac99ff550b85ef8e44a6950c6ee24514fb6a5489e51d06f0298?s=96&d=mm&r=g\",\"contentUrl\":\"https:\\\/\\\/secure.gravatar.com\\\/avatar\\\/7ce1f28c0c3bbac99ff550b85ef8e44a6950c6ee24514fb6a5489e51d06f0298?s=96&d=mm&r=g\",\"caption\":\"webdo.tn\"},\"url\":\"https:\\\/\\\/www.webdo.tn\\\/fr\\\/actualite\\\/author\\\/webdotn\\\/\"}]}<\/script>\n<!-- \/ Yoast SEO Premium plugin. -->","yoast_head_json":{"title":"Le journaliste d'Al Jazeera, M. Fahmy renonce \u00e0 sa nationalit\u00e9 \u00e9gyptienne pour faciliter son expulsion","description":"Le journaliste d'Al Jazeera, M. Fahmy renonce \u00e0 sa nationalit\u00e9 \u00e9gyptienne pour faciliter son expulsion","canonical":"https:\/\/www.webdo.tn\/fr\/actualite\/international\/le-journaliste-dal-jazeera-mohamed-fahmy-renonce-sa-nationalite-egyptienne-pour-faciliter-son-expulsion\/184203\/","og_locale":"fr_FR","og_type":"article","og_title":"Le journaliste d'Al Jazeera, M. Fahmy renonce \u00e0 sa nationalit\u00e9 \u00e9gyptienne pour faciliter son expulsion","og_description":"Le journaliste d'Al Jazeera, M. Fahmy renonce \u00e0 sa nationalit\u00e9 \u00e9gyptienne pour faciliter son expulsion","og_url":"https:\/\/www.webdo.tn\/fr\/actualite\/international\/le-journaliste-dal-jazeera-mohamed-fahmy-renonce-sa-nationalite-egyptienne-pour-faciliter-son-expulsion\/184203\/","og_site_name":"webdo","article_publisher":"https:\/\/www.facebook.com\/webdotn","article_published_time":"2015-02-03T11:19:00+00:00","og_image":[{"width":300,"height":163,"url":"https:\/\/www.webdo.tn\/fr\/wp-content\/uploads\/2015\/02\/B86ONylIUAAePV9-300x163-1.png","type":"image\/png"}],"author":"webdo.tn","twitter_card":"summary_large_image","twitter_creator":"@webdo_tn","twitter_site":"@webdo_tn","twitter_misc":{"\u00c9crit par":"webdo.tn","Dur\u00e9e de lecture estim\u00e9e":"1 minute"},"schema":{"@context":"https:\/\/schema.org","@graph":[{"@type":"NewsArticle","@id":"https:\/\/www.webdo.tn\/fr\/actualite\/international\/le-journaliste-dal-jazeera-mohamed-fahmy-renonce-sa-nationalite-egyptienne-pour-faciliter-son-expulsion\/184203\/#article","isPartOf":{"@id":"https:\/\/www.webdo.tn\/fr\/actualite\/international\/le-journaliste-dal-jazeera-mohamed-fahmy-renonce-sa-nationalite-egyptienne-pour-faciliter-son-expulsion\/184203\/"},"author":{"name":"webdo.tn","@id":"https:\/\/www.webdo.tn\/fr\/#\/schema\/person\/9a9c6118d687c117df8ef3cc36a4d175"},"headline":"Le journaliste d&rsquo;Al Jazeera, M. Fahmy renonce \u00e0 sa nationalit\u00e9 \u00e9gyptienne pour faciliter son expulsion","datePublished":"2015-02-03T11:19:00+00:00","mainEntityOfPage":{"@id":"https:\/\/www.webdo.tn\/fr\/actualite\/international\/le-journaliste-dal-jazeera-mohamed-fahmy-renonce-sa-nationalite-egyptienne-pour-faciliter-son-expulsion\/184203\/"},"wordCount":270,"commentCount":0,"publisher":{"@id":"https:\/\/www.webdo.tn\/fr\/#organization"},"image":{"@id":"https:\/\/www.webdo.tn\/fr\/actualite\/international\/le-journaliste-dal-jazeera-mohamed-fahmy-renonce-sa-nationalite-egyptienne-pour-faciliter-son-expulsion\/184203\/#primaryimage"},"thumbnailUrl":"https:\/\/www.webdo.tn\/fr\/wp-content\/uploads\/2015\/02\/B86ONylIUAAePV9-300x163-1.png","keywords":["guerre"],"articleSection":["International"],"inLanguage":"fr-FR"},{"@type":"WebPage","@id":"https:\/\/www.webdo.tn\/fr\/actualite\/international\/le-journaliste-dal-jazeera-mohamed-fahmy-renonce-sa-nationalite-egyptienne-pour-faciliter-son-expulsion\/184203\/","url":"https:\/\/www.webdo.tn\/fr\/actualite\/international\/le-journaliste-dal-jazeera-mohamed-fahmy-renonce-sa-nationalite-egyptienne-pour-faciliter-son-expulsion\/184203\/","name":"Le journaliste d'Al Jazeera, M. Fahmy renonce \u00e0 sa nationalit\u00e9 \u00e9gyptienne pour faciliter son expulsion","isPartOf":{"@id":"https:\/\/www.webdo.tn\/fr\/#website"},"primaryImageOfPage":{"@id":"https:\/\/www.webdo.tn\/fr\/actualite\/international\/le-journaliste-dal-jazeera-mohamed-fahmy-renonce-sa-nationalite-egyptienne-pour-faciliter-son-expulsion\/184203\/#primaryimage"},"image":{"@id":"https:\/\/www.webdo.tn\/fr\/actualite\/international\/le-journaliste-dal-jazeera-mohamed-fahmy-renonce-sa-nationalite-egyptienne-pour-faciliter-son-expulsion\/184203\/#primaryimage"},"thumbnailUrl":"https:\/\/www.webdo.tn\/fr\/wp-content\/uploads\/2015\/02\/B86ONylIUAAePV9-300x163-1.png","datePublished":"2015-02-03T11:19:00+00:00","description":"Le journaliste d'Al Jazeera, M. Fahmy renonce \u00e0 sa nationalit\u00e9 \u00e9gyptienne pour faciliter son expulsion","breadcrumb":{"@id":"https:\/\/www.webdo.tn\/fr\/actualite\/international\/le-journaliste-dal-jazeera-mohamed-fahmy-renonce-sa-nationalite-egyptienne-pour-faciliter-son-expulsion\/184203\/#breadcrumb"},"inLanguage":"fr-FR","potentialAction":[{"@type":"ReadAction","target":["https:\/\/www.webdo.tn\/fr\/actualite\/international\/le-journaliste-dal-jazeera-mohamed-fahmy-renonce-sa-nationalite-egyptienne-pour-faciliter-son-expulsion\/184203\/"]}]},{"@type":"ImageObject","inLanguage":"fr-FR","@id":"https:\/\/www.webdo.tn\/fr\/actualite\/international\/le-journaliste-dal-jazeera-mohamed-fahmy-renonce-sa-nationalite-egyptienne-pour-faciliter-son-expulsion\/184203\/#primaryimage","url":"https:\/\/www.webdo.tn\/fr\/wp-content\/uploads\/2015\/02\/B86ONylIUAAePV9-300x163-1.png","contentUrl":"https:\/\/www.webdo.tn\/fr\/wp-content\/uploads\/2015\/02\/B86ONylIUAAePV9-300x163-1.png","width":300,"height":163,"caption":"Le journaliste d'Al Jazeera, M. Fahmy renonce \u00e0 sa nationalit\u00e9 \u00e9gyptienne pour faciliter son expulsion"},{"@type":"BreadcrumbList","@id":"https:\/\/www.webdo.tn\/fr\/actualite\/international\/le-journaliste-dal-jazeera-mohamed-fahmy-renonce-sa-nationalite-egyptienne-pour-faciliter-son-expulsion\/184203\/#breadcrumb","itemListElement":[{"@type":"ListItem","position":1,"name":"Accueil","item":"https:\/\/www.webdo.tn\/fr\/"},{"@type":"ListItem","position":2,"name":"Le journaliste d&rsquo;Al Jazeera, M. Fahmy renonce \u00e0 sa nationalit\u00e9 \u00e9gyptienne pour faciliter son expulsion"}]},{"@type":"WebSite","@id":"https:\/\/www.webdo.tn\/fr\/#website","url":"https:\/\/www.webdo.tn\/fr\/","name":"webdo","description":"Tunisie - News en Tunisie et \u00e0 l&#039;international sur Webdo.tn","publisher":{"@id":"https:\/\/www.webdo.tn\/fr\/#organization"},"potentialAction":[{"@type":"SearchAction","target":{"@type":"EntryPoint","urlTemplate":"https:\/\/www.webdo.tn\/fr\/?s={search_term_string}"},"query-input":{"@type":"PropertyValueSpecification","valueRequired":true,"valueName":"search_term_string"}}],"inLanguage":"fr-FR"},{"@type":"Organization","@id":"https:\/\/www.webdo.tn\/fr\/#organization","name":"Webdo","alternateName":"Webdo.tn","url":"https:\/\/www.webdo.tn\/fr\/","logo":{"@type":"ImageObject","inLanguage":"fr-FR","@id":"https:\/\/www.webdo.tn\/fr\/#\/schema\/logo\/image\/","url":"https:\/\/www.webdo.tn\/fr\/wp-content\/uploads\/2025\/06\/Webdo-Tunisie_168377.jpg","contentUrl":"https:\/\/www.webdo.tn\/fr\/wp-content\/uploads\/2025\/06\/Webdo-Tunisie_168377.jpg","width":301,"height":301,"caption":"Webdo"},"image":{"@id":"https:\/\/www.webdo.tn\/fr\/#\/schema\/logo\/image\/"},"sameAs":["https:\/\/www.facebook.com\/webdotn","https:\/\/x.com\/webdo_tn"],"description":"Webdo est un m\u00e9dia num\u00e9rique tunisien fond\u00e9 en 2010, sp\u00e9cialis\u00e9 dans l\u2019actualit\u00e9 nationale et internationale, l\u2019\u00e9conomie, la soci\u00e9t\u00e9 et les analyses politiques. Le site s\u2019adresse \u00e0 un large public francophone et couvre l\u2019information tunisienne en temps r\u00e9el.","email":"redac@webdo.tn","legalName":"YNJ SARL","foundingDate":"2010-09-06","numberOfEmployees":{"@type":"QuantitativeValue","minValue":"11","maxValue":"50"}},{"@type":"Person","@id":"https:\/\/www.webdo.tn\/fr\/#\/schema\/person\/9a9c6118d687c117df8ef3cc36a4d175","name":"webdo.tn","image":{"@type":"ImageObject","inLanguage":"fr-FR","@id":"https:\/\/secure.gravatar.com\/avatar\/7ce1f28c0c3bbac99ff550b85ef8e44a6950c6ee24514fb6a5489e51d06f0298?s=96&d=mm&r=g","url":"https:\/\/secure.gravatar.com\/avatar\/7ce1f28c0c3bbac99ff550b85ef8e44a6950c6ee24514fb6a5489e51d06f0298?s=96&d=mm&r=g","contentUrl":"https:\/\/secure.gravatar.com\/avatar\/7ce1f28c0c3bbac99ff550b85ef8e44a6950c6ee24514fb6a5489e51d06f0298?s=96&d=mm&r=g","caption":"webdo.tn"},"url":"https:\/\/www.webdo.tn\/fr\/actualite\/author\/webdotn\/"}]}},"_links":{"self":[{"href":"https:\/\/www.webdo.tn\/fr\/wp-json\/wp\/v2\/posts\/184203","targetHints":{"allow":["GET"]}}],"collection":[{"href":"https:\/\/www.webdo.tn\/fr\/wp-json\/wp\/v2\/posts"}],"about":[{"href":"https:\/\/www.webdo.tn\/fr\/wp-json\/wp\/v2\/types\/post"}],"author":[{"embeddable":true,"href":"https:\/\/www.webdo.tn\/fr\/wp-json\/wp\/v2\/users\/3222"}],"replies":[{"embeddable":true,"href":"https:\/\/www.webdo.tn\/fr\/wp-json\/wp\/v2\/comments?post=184203"}],"version-history":[{"count":0,"href":"https:\/\/www.webdo.tn\/fr\/wp-json\/wp\/v2\/posts\/184203\/revisions"}],"wp:featuredmedia":[{"embeddable":true,"href":"https:\/\/www.webdo.tn\/fr\/wp-json\/wp\/v2\/media\/335508"}],"wp:attachment":[{"href":"https:\/\/www.webdo.tn\/fr\/wp-json\/wp\/v2\/media?parent=184203"}],"wp:term":[{"taxonomy":"category","embeddable":true,"href":"https:\/\/www.webdo.tn\/fr\/wp-json\/wp\/v2\/categories?post=184203"},{"taxonomy":"post_tag","embeddable":true,"href":"https:\/\/www.webdo.tn\/fr\/wp-json\/wp\/v2\/tags?post=184203"}],"curies":[{"name":"wp","href":"https:\/\/api.w.org\/{rel}","templated":true}]}}