{"id":184201,"date":"2015-02-04T11:17:00","date_gmt":"2015-02-04T11:17:00","guid":{"rendered":"https:\/\/www.webdo.tn\/fr\/blog\/al-azhar-appelle-tuer-et-crucifier-les-terroristes-de-letat-islamique\/184201\/"},"modified":"2025-05-19T10:22:43","modified_gmt":"2025-05-19T10:22:43","slug":"al-azhar-appelle-tuer-et-crucifier-les-terroristes-de-letat-islamique","status":"publish","type":"post","link":"https:\/\/www.webdo.tn\/fr\/actualite\/international\/al-azhar-appelle-tuer-et-crucifier-les-terroristes-de-letat-islamique\/184201\/","title":{"rendered":"Al-Azhar appelle \u00e0 \u00ab\u00a0tuer et crucifier les terroristes de l&rsquo;Etat Islamique\u00a0\u00bb"},"content":{"rendered":"<p>Ahmed Taieb, l&rsquo;imam d&rsquo;Al-Azhar, au Caire, l&rsquo;une des plus grandes\u00a0institutions de l&rsquo;Islam sunnite, a condamn\u00e9 dans un communiqu\u00e9, ce mercredi 4 f\u00e9vrier, l&rsquo;ex\u00e9cution du pilote jordanien, Maaz Al-Kassasbeh, par les djihadistes de l&rsquo;Etat islamique, en affirmant \u00ab\u00a0qu&rsquo;ils doivent \u00eatre punis selon le coran\u00a0\u00bb. L&rsquo;imam a cit\u00e9 comme punition le verset 33 de la sourate \u00ab\u00a0La table est servie\u00a0\u00bb (Al-Ma\u2019ida\u00a0) du coran : \u00ab\u00a0qu&rsquo;ils soient tu\u00e9s, ou crucifi\u00e9s, ou que soient coup\u00e9es leur main et leur jambe oppos\u00e9es\u00a0\u00bb.<\/p>\n<p>\/\/ <\/p>\n<p>Post by \u200eAL Azhar AL Shareef &#8211; \u0627\u0644\u0623\u0632\u0647\u064e\u0631\u064f \u0627\u0644\u0634\u0651\u064e\u0631\u064a\u0641\u064f\u200e.<\/p>\n<p>[quote_box_center]<br \/>\nCet acte terroriste l\u00e2che n\u00e9cessite la punition pr\u00e9vue dans le Coran pour ces agresseurs corrompus qui combattent Dieu et son proph\u00e8te : la mort, la crucifixion ou l&rsquo;amputation de leurs mains et de leurs pieds.<br \/>\n[\/quote_box_center]<\/p>\n<p>Ahmed Al-Tayeb, l&rsquo;imam d&rsquo;Al-Azhar, rappelle que mutiler les corps, m\u00eame en temps de guerre, est contraire \u00e0 l&rsquo;Islam\u00a0\u00bb.<\/p>\n<p>Maaz Al-Kassasbeh, pilote de l&rsquo;arm\u00e9e de l&rsquo;air jordanienne, \u00e9tait prisonnier de l&rsquo;Etat islamique (EI) depuis le 24 d\u00e9cembre. Il aurait \u00e9t\u00e9 tu\u00e9 il y a un mois, selon la t\u00e9l\u00e9vision officielle jordanienne.<\/p>\n<p>Une vid\u00e9o diffus\u00e9e, ce mardi par l&rsquo;EI montrait un homme portant une tenue orange et br\u00fbl\u00e9 vif dans une cage en fer. L&rsquo;organisation djihadiste affirme qu&rsquo;il s&rsquo;agit du pilote jordanien captur\u00e9 apr\u00e8s le crash de son F-16.<\/p>\n<p>En \u00e9change de sa vie, ils exigeaient la lib\u00e9ration de la djihadiste irakienne Sajida Al-Richaoui, emprisonn\u00e9e en Jordanie depuis 2005. Peu apr\u00e8s l&rsquo;annonce de l&rsquo;ex\u00e9cution du pilote jordanien, la djihadiste irakienne, a \u00e9t\u00e9 pendue, \u00e0 l&rsquo;aube de ce mercredi 4 f\u00e9vrier, aux c\u00f4t\u00e9s d&rsquo;un autre Irakien, Ziad Karbouli, un responsable d&rsquo;Al-Qaida.<\/p>\n","protected":false},"excerpt":{"rendered":"<p>Al-Azhar appelle \u00e0  tuer et crucifier les terroristes de l&rsquo;Etat Islamique<\/p>\n","protected":false},"author":3222,"featured_media":373106,"comment_status":"open","ping_status":"closed","sticky":false,"template":"","format":"standard","meta":{"footnotes":""},"categories":[2598],"tags":[2600],"class_list":["post-184201","post","type-post","status-publish","format-standard","has-post-thumbnail","hentry","category-international","tag-guerre"],"yoast_head":"<!-- This site is optimized with the Yoast SEO Premium plugin v27.5 (Yoast SEO v27.5) - https:\/\/yoast.com\/product\/yoast-seo-premium-wordpress\/ -->\n<title>Al-Azhar appelle \u00e0 tuer et crucifier les terroristes de l&#039;Etat Islamique<\/title>\n<meta name=\"description\" content=\"Al-Azhar appelle \u00e0 tuer et crucifier les terroristes de l&#039;Etat Islamique\" \/>\n<link rel=\"canonical\" href=\"https:\/\/www.webdo.tn\/fr\/actualite\/international\/al-azhar-appelle-tuer-et-crucifier-les-terroristes-de-letat-islamique\/184201\/\" \/>\n<meta property=\"og:locale\" content=\"fr_FR\" \/>\n<meta property=\"og:type\" content=\"article\" \/>\n<meta property=\"og:title\" content=\"Al-Azhar appelle \u00e0 &quot;tuer et crucifier les terroristes de l&#039;Etat Islamique&quot;\" \/>\n<meta property=\"og:description\" content=\"Al-Azhar appelle \u00e0 tuer et crucifier les terroristes de l&#039;Etat Islamique\" \/>\n<meta property=\"og:url\" content=\"https:\/\/www.webdo.tn\/fr\/actualite\/international\/al-azhar-appelle-tuer-et-crucifier-les-terroristes-de-letat-islamique\/184201\/\" \/>\n<meta property=\"og:site_name\" content=\"webdo\" \/>\n<meta property=\"article:publisher\" content=\"https:\/\/www.facebook.com\/webdotn\" \/>\n<meta property=\"article:published_time\" content=\"2015-02-04T11:17:00+00:00\" \/>\n<meta property=\"article:modified_time\" content=\"2025-05-19T10:22:43+00:00\" \/>\n<meta name=\"author\" content=\"webdo.tn\" \/>\n<meta name=\"twitter:card\" content=\"summary_large_image\" \/>\n<meta name=\"twitter:creator\" content=\"@webdo_tn\" \/>\n<meta name=\"twitter:site\" content=\"@webdo_tn\" \/>\n<meta name=\"twitter:label1\" content=\"\u00c9crit par\" \/>\n\t<meta name=\"twitter:data1\" content=\"webdo.tn\" \/>\n\t<meta name=\"twitter:label2\" content=\"Dur\u00e9e de lecture estim\u00e9e\" \/>\n\t<meta name=\"twitter:data2\" content=\"1 minute\" \/>\n<script type=\"application\/ld+json\" class=\"yoast-schema-graph\">{\"@context\":\"https:\\\/\\\/schema.org\",\"@graph\":[{\"@type\":\"NewsArticle\",\"@id\":\"https:\\\/\\\/www.webdo.tn\\\/fr\\\/actualite\\\/international\\\/al-azhar-appelle-tuer-et-crucifier-les-terroristes-de-letat-islamique\\\/184201\\\/#article\",\"isPartOf\":{\"@id\":\"https:\\\/\\\/www.webdo.tn\\\/fr\\\/actualite\\\/international\\\/al-azhar-appelle-tuer-et-crucifier-les-terroristes-de-letat-islamique\\\/184201\\\/\"},\"author\":{\"name\":\"webdo.tn\",\"@id\":\"https:\\\/\\\/www.webdo.tn\\\/fr\\\/#\\\/schema\\\/person\\\/9a9c6118d687c117df8ef3cc36a4d175\"},\"headline\":\"Al-Azhar appelle \u00e0 \u00ab\u00a0tuer et crucifier les terroristes de l&rsquo;Etat Islamique\u00a0\u00bb\",\"datePublished\":\"2015-02-04T11:17:00+00:00\",\"dateModified\":\"2025-05-19T10:22:43+00:00\",\"mainEntityOfPage\":{\"@id\":\"https:\\\/\\\/www.webdo.tn\\\/fr\\\/actualite\\\/international\\\/al-azhar-appelle-tuer-et-crucifier-les-terroristes-de-letat-islamique\\\/184201\\\/\"},\"wordCount\":318,\"commentCount\":0,\"publisher\":{\"@id\":\"https:\\\/\\\/www.webdo.tn\\\/fr\\\/#organization\"},\"image\":{\"@id\":\"https:\\\/\\\/www.webdo.tn\\\/fr\\\/actualite\\\/international\\\/al-azhar-appelle-tuer-et-crucifier-les-terroristes-de-letat-islamique\\\/184201\\\/#primaryimage\"},\"thumbnailUrl\":\"https:\\\/\\\/www.webdo.tn\\\/fr\\\/wp-content\\\/uploads\\\/2025\\\/06\\\/Capture-decran-2015-02-04-a-16.30.39_184201.png\",\"keywords\":[\"guerre\"],\"articleSection\":[\"International\"],\"inLanguage\":\"fr-FR\"},{\"@type\":\"WebPage\",\"@id\":\"https:\\\/\\\/www.webdo.tn\\\/fr\\\/actualite\\\/international\\\/al-azhar-appelle-tuer-et-crucifier-les-terroristes-de-letat-islamique\\\/184201\\\/\",\"url\":\"https:\\\/\\\/www.webdo.tn\\\/fr\\\/actualite\\\/international\\\/al-azhar-appelle-tuer-et-crucifier-les-terroristes-de-letat-islamique\\\/184201\\\/\",\"name\":\"Al-Azhar appelle \u00e0 tuer et crucifier les terroristes de l'Etat Islamique\",\"isPartOf\":{\"@id\":\"https:\\\/\\\/www.webdo.tn\\\/fr\\\/#website\"},\"primaryImageOfPage\":{\"@id\":\"https:\\\/\\\/www.webdo.tn\\\/fr\\\/actualite\\\/international\\\/al-azhar-appelle-tuer-et-crucifier-les-terroristes-de-letat-islamique\\\/184201\\\/#primaryimage\"},\"image\":{\"@id\":\"https:\\\/\\\/www.webdo.tn\\\/fr\\\/actualite\\\/international\\\/al-azhar-appelle-tuer-et-crucifier-les-terroristes-de-letat-islamique\\\/184201\\\/#primaryimage\"},\"thumbnailUrl\":\"https:\\\/\\\/www.webdo.tn\\\/fr\\\/wp-content\\\/uploads\\\/2025\\\/06\\\/Capture-decran-2015-02-04-a-16.30.39_184201.png\",\"datePublished\":\"2015-02-04T11:17:00+00:00\",\"dateModified\":\"2025-05-19T10:22:43+00:00\",\"description\":\"Al-Azhar appelle \u00e0 tuer et crucifier les terroristes de l'Etat Islamique\",\"breadcrumb\":{\"@id\":\"https:\\\/\\\/www.webdo.tn\\\/fr\\\/actualite\\\/international\\\/al-azhar-appelle-tuer-et-crucifier-les-terroristes-de-letat-islamique\\\/184201\\\/#breadcrumb\"},\"inLanguage\":\"fr-FR\",\"potentialAction\":[{\"@type\":\"ReadAction\",\"target\":[\"https:\\\/\\\/www.webdo.tn\\\/fr\\\/actualite\\\/international\\\/al-azhar-appelle-tuer-et-crucifier-les-terroristes-de-letat-islamique\\\/184201\\\/\"]}]},{\"@type\":\"ImageObject\",\"inLanguage\":\"fr-FR\",\"@id\":\"https:\\\/\\\/www.webdo.tn\\\/fr\\\/actualite\\\/international\\\/al-azhar-appelle-tuer-et-crucifier-les-terroristes-de-letat-islamique\\\/184201\\\/#primaryimage\",\"url\":\"https:\\\/\\\/www.webdo.tn\\\/fr\\\/wp-content\\\/uploads\\\/2025\\\/06\\\/Capture-decran-2015-02-04-a-16.30.39_184201.png\",\"contentUrl\":\"https:\\\/\\\/www.webdo.tn\\\/fr\\\/wp-content\\\/uploads\\\/2025\\\/06\\\/Capture-decran-2015-02-04-a-16.30.39_184201.png\",\"width\":535,\"height\":347,\"caption\":\"Al-Azhar appelle \u00e0 \\\"tuer et crucifier les terroristes de l'Etat Islamique\\\"\"},{\"@type\":\"BreadcrumbList\",\"@id\":\"https:\\\/\\\/www.webdo.tn\\\/fr\\\/actualite\\\/international\\\/al-azhar-appelle-tuer-et-crucifier-les-terroristes-de-letat-islamique\\\/184201\\\/#breadcrumb\",\"itemListElement\":[{\"@type\":\"ListItem\",\"position\":1,\"name\":\"Accueil\",\"item\":\"https:\\\/\\\/www.webdo.tn\\\/fr\\\/\"},{\"@type\":\"ListItem\",\"position\":2,\"name\":\"Al-Azhar appelle \u00e0 \u00ab\u00a0tuer et crucifier les terroristes de l&rsquo;Etat Islamique\u00a0\u00bb\"}]},{\"@type\":\"WebSite\",\"@id\":\"https:\\\/\\\/www.webdo.tn\\\/fr\\\/#website\",\"url\":\"https:\\\/\\\/www.webdo.tn\\\/fr\\\/\",\"name\":\"webdo\",\"description\":\"Tunisie - News en Tunisie et \u00e0 l&#039;international sur Webdo.tn\",\"publisher\":{\"@id\":\"https:\\\/\\\/www.webdo.tn\\\/fr\\\/#organization\"},\"potentialAction\":[{\"@type\":\"SearchAction\",\"target\":{\"@type\":\"EntryPoint\",\"urlTemplate\":\"https:\\\/\\\/www.webdo.tn\\\/fr\\\/?s={search_term_string}\"},\"query-input\":{\"@type\":\"PropertyValueSpecification\",\"valueRequired\":true,\"valueName\":\"search_term_string\"}}],\"inLanguage\":\"fr-FR\"},{\"@type\":\"Organization\",\"@id\":\"https:\\\/\\\/www.webdo.tn\\\/fr\\\/#organization\",\"name\":\"Webdo\",\"alternateName\":\"Webdo.tn\",\"url\":\"https:\\\/\\\/www.webdo.tn\\\/fr\\\/\",\"logo\":{\"@type\":\"ImageObject\",\"inLanguage\":\"fr-FR\",\"@id\":\"https:\\\/\\\/www.webdo.tn\\\/fr\\\/#\\\/schema\\\/logo\\\/image\\\/\",\"url\":\"https:\\\/\\\/www.webdo.tn\\\/fr\\\/wp-content\\\/uploads\\\/2025\\\/06\\\/Webdo-Tunisie_168377.jpg\",\"contentUrl\":\"https:\\\/\\\/www.webdo.tn\\\/fr\\\/wp-content\\\/uploads\\\/2025\\\/06\\\/Webdo-Tunisie_168377.jpg\",\"width\":301,\"height\":301,\"caption\":\"Webdo\"},\"image\":{\"@id\":\"https:\\\/\\\/www.webdo.tn\\\/fr\\\/#\\\/schema\\\/logo\\\/image\\\/\"},\"sameAs\":[\"https:\\\/\\\/www.facebook.com\\\/webdotn\",\"https:\\\/\\\/x.com\\\/webdo_tn\"],\"description\":\"Webdo est un m\u00e9dia num\u00e9rique tunisien fond\u00e9 en 2010, sp\u00e9cialis\u00e9 dans l\u2019actualit\u00e9 nationale et internationale, l\u2019\u00e9conomie, la soci\u00e9t\u00e9 et les analyses politiques. Le site s\u2019adresse \u00e0 un large public francophone et couvre l\u2019information tunisienne en temps r\u00e9el.\",\"email\":\"redac@webdo.tn\",\"legalName\":\"YNJ SARL\",\"foundingDate\":\"2010-09-06\",\"numberOfEmployees\":{\"@type\":\"QuantitativeValue\",\"minValue\":\"11\",\"maxValue\":\"50\"}},{\"@type\":\"Person\",\"@id\":\"https:\\\/\\\/www.webdo.tn\\\/fr\\\/#\\\/schema\\\/person\\\/9a9c6118d687c117df8ef3cc36a4d175\",\"name\":\"webdo.tn\",\"image\":{\"@type\":\"ImageObject\",\"inLanguage\":\"fr-FR\",\"@id\":\"https:\\\/\\\/secure.gravatar.com\\\/avatar\\\/7ce1f28c0c3bbac99ff550b85ef8e44a6950c6ee24514fb6a5489e51d06f0298?s=96&d=mm&r=g\",\"url\":\"https:\\\/\\\/secure.gravatar.com\\\/avatar\\\/7ce1f28c0c3bbac99ff550b85ef8e44a6950c6ee24514fb6a5489e51d06f0298?s=96&d=mm&r=g\",\"contentUrl\":\"https:\\\/\\\/secure.gravatar.com\\\/avatar\\\/7ce1f28c0c3bbac99ff550b85ef8e44a6950c6ee24514fb6a5489e51d06f0298?s=96&d=mm&r=g\",\"caption\":\"webdo.tn\"},\"url\":\"https:\\\/\\\/www.webdo.tn\\\/fr\\\/actualite\\\/author\\\/webdotn\\\/\"}]}<\/script>\n<!-- \/ Yoast SEO Premium plugin. -->","yoast_head_json":{"title":"Al-Azhar appelle \u00e0 tuer et crucifier les terroristes de l'Etat Islamique","description":"Al-Azhar appelle \u00e0 tuer et crucifier les terroristes de l'Etat Islamique","canonical":"https:\/\/www.webdo.tn\/fr\/actualite\/international\/al-azhar-appelle-tuer-et-crucifier-les-terroristes-de-letat-islamique\/184201\/","og_locale":"fr_FR","og_type":"article","og_title":"Al-Azhar appelle \u00e0 \"tuer et crucifier les terroristes de l'Etat Islamique\"","og_description":"Al-Azhar appelle \u00e0 tuer et crucifier les terroristes de l'Etat Islamique","og_url":"https:\/\/www.webdo.tn\/fr\/actualite\/international\/al-azhar-appelle-tuer-et-crucifier-les-terroristes-de-letat-islamique\/184201\/","og_site_name":"webdo","article_publisher":"https:\/\/www.facebook.com\/webdotn","article_published_time":"2015-02-04T11:17:00+00:00","article_modified_time":"2025-05-19T10:22:43+00:00","author":"webdo.tn","twitter_card":"summary_large_image","twitter_creator":"@webdo_tn","twitter_site":"@webdo_tn","twitter_misc":{"\u00c9crit par":"webdo.tn","Dur\u00e9e de lecture estim\u00e9e":"1 minute"},"schema":{"@context":"https:\/\/schema.org","@graph":[{"@type":"NewsArticle","@id":"https:\/\/www.webdo.tn\/fr\/actualite\/international\/al-azhar-appelle-tuer-et-crucifier-les-terroristes-de-letat-islamique\/184201\/#article","isPartOf":{"@id":"https:\/\/www.webdo.tn\/fr\/actualite\/international\/al-azhar-appelle-tuer-et-crucifier-les-terroristes-de-letat-islamique\/184201\/"},"author":{"name":"webdo.tn","@id":"https:\/\/www.webdo.tn\/fr\/#\/schema\/person\/9a9c6118d687c117df8ef3cc36a4d175"},"headline":"Al-Azhar appelle \u00e0 \u00ab\u00a0tuer et crucifier les terroristes de l&rsquo;Etat Islamique\u00a0\u00bb","datePublished":"2015-02-04T11:17:00+00:00","dateModified":"2025-05-19T10:22:43+00:00","mainEntityOfPage":{"@id":"https:\/\/www.webdo.tn\/fr\/actualite\/international\/al-azhar-appelle-tuer-et-crucifier-les-terroristes-de-letat-islamique\/184201\/"},"wordCount":318,"commentCount":0,"publisher":{"@id":"https:\/\/www.webdo.tn\/fr\/#organization"},"image":{"@id":"https:\/\/www.webdo.tn\/fr\/actualite\/international\/al-azhar-appelle-tuer-et-crucifier-les-terroristes-de-letat-islamique\/184201\/#primaryimage"},"thumbnailUrl":"https:\/\/www.webdo.tn\/fr\/wp-content\/uploads\/2025\/06\/Capture-decran-2015-02-04-a-16.30.39_184201.png","keywords":["guerre"],"articleSection":["International"],"inLanguage":"fr-FR"},{"@type":"WebPage","@id":"https:\/\/www.webdo.tn\/fr\/actualite\/international\/al-azhar-appelle-tuer-et-crucifier-les-terroristes-de-letat-islamique\/184201\/","url":"https:\/\/www.webdo.tn\/fr\/actualite\/international\/al-azhar-appelle-tuer-et-crucifier-les-terroristes-de-letat-islamique\/184201\/","name":"Al-Azhar appelle \u00e0 tuer et crucifier les terroristes de l'Etat Islamique","isPartOf":{"@id":"https:\/\/www.webdo.tn\/fr\/#website"},"primaryImageOfPage":{"@id":"https:\/\/www.webdo.tn\/fr\/actualite\/international\/al-azhar-appelle-tuer-et-crucifier-les-terroristes-de-letat-islamique\/184201\/#primaryimage"},"image":{"@id":"https:\/\/www.webdo.tn\/fr\/actualite\/international\/al-azhar-appelle-tuer-et-crucifier-les-terroristes-de-letat-islamique\/184201\/#primaryimage"},"thumbnailUrl":"https:\/\/www.webdo.tn\/fr\/wp-content\/uploads\/2025\/06\/Capture-decran-2015-02-04-a-16.30.39_184201.png","datePublished":"2015-02-04T11:17:00+00:00","dateModified":"2025-05-19T10:22:43+00:00","description":"Al-Azhar appelle \u00e0 tuer et crucifier les terroristes de l'Etat Islamique","breadcrumb":{"@id":"https:\/\/www.webdo.tn\/fr\/actualite\/international\/al-azhar-appelle-tuer-et-crucifier-les-terroristes-de-letat-islamique\/184201\/#breadcrumb"},"inLanguage":"fr-FR","potentialAction":[{"@type":"ReadAction","target":["https:\/\/www.webdo.tn\/fr\/actualite\/international\/al-azhar-appelle-tuer-et-crucifier-les-terroristes-de-letat-islamique\/184201\/"]}]},{"@type":"ImageObject","inLanguage":"fr-FR","@id":"https:\/\/www.webdo.tn\/fr\/actualite\/international\/al-azhar-appelle-tuer-et-crucifier-les-terroristes-de-letat-islamique\/184201\/#primaryimage","url":"https:\/\/www.webdo.tn\/fr\/wp-content\/uploads\/2025\/06\/Capture-decran-2015-02-04-a-16.30.39_184201.png","contentUrl":"https:\/\/www.webdo.tn\/fr\/wp-content\/uploads\/2025\/06\/Capture-decran-2015-02-04-a-16.30.39_184201.png","width":535,"height":347,"caption":"Al-Azhar appelle \u00e0 \"tuer et crucifier les terroristes de l'Etat Islamique\""},{"@type":"BreadcrumbList","@id":"https:\/\/www.webdo.tn\/fr\/actualite\/international\/al-azhar-appelle-tuer-et-crucifier-les-terroristes-de-letat-islamique\/184201\/#breadcrumb","itemListElement":[{"@type":"ListItem","position":1,"name":"Accueil","item":"https:\/\/www.webdo.tn\/fr\/"},{"@type":"ListItem","position":2,"name":"Al-Azhar appelle \u00e0 \u00ab\u00a0tuer et crucifier les terroristes de l&rsquo;Etat Islamique\u00a0\u00bb"}]},{"@type":"WebSite","@id":"https:\/\/www.webdo.tn\/fr\/#website","url":"https:\/\/www.webdo.tn\/fr\/","name":"webdo","description":"Tunisie - News en Tunisie et \u00e0 l&#039;international sur Webdo.tn","publisher":{"@id":"https:\/\/www.webdo.tn\/fr\/#organization"},"potentialAction":[{"@type":"SearchAction","target":{"@type":"EntryPoint","urlTemplate":"https:\/\/www.webdo.tn\/fr\/?s={search_term_string}"},"query-input":{"@type":"PropertyValueSpecification","valueRequired":true,"valueName":"search_term_string"}}],"inLanguage":"fr-FR"},{"@type":"Organization","@id":"https:\/\/www.webdo.tn\/fr\/#organization","name":"Webdo","alternateName":"Webdo.tn","url":"https:\/\/www.webdo.tn\/fr\/","logo":{"@type":"ImageObject","inLanguage":"fr-FR","@id":"https:\/\/www.webdo.tn\/fr\/#\/schema\/logo\/image\/","url":"https:\/\/www.webdo.tn\/fr\/wp-content\/uploads\/2025\/06\/Webdo-Tunisie_168377.jpg","contentUrl":"https:\/\/www.webdo.tn\/fr\/wp-content\/uploads\/2025\/06\/Webdo-Tunisie_168377.jpg","width":301,"height":301,"caption":"Webdo"},"image":{"@id":"https:\/\/www.webdo.tn\/fr\/#\/schema\/logo\/image\/"},"sameAs":["https:\/\/www.facebook.com\/webdotn","https:\/\/x.com\/webdo_tn"],"description":"Webdo est un m\u00e9dia num\u00e9rique tunisien fond\u00e9 en 2010, sp\u00e9cialis\u00e9 dans l\u2019actualit\u00e9 nationale et internationale, l\u2019\u00e9conomie, la soci\u00e9t\u00e9 et les analyses politiques. Le site s\u2019adresse \u00e0 un large public francophone et couvre l\u2019information tunisienne en temps r\u00e9el.","email":"redac@webdo.tn","legalName":"YNJ SARL","foundingDate":"2010-09-06","numberOfEmployees":{"@type":"QuantitativeValue","minValue":"11","maxValue":"50"}},{"@type":"Person","@id":"https:\/\/www.webdo.tn\/fr\/#\/schema\/person\/9a9c6118d687c117df8ef3cc36a4d175","name":"webdo.tn","image":{"@type":"ImageObject","inLanguage":"fr-FR","@id":"https:\/\/secure.gravatar.com\/avatar\/7ce1f28c0c3bbac99ff550b85ef8e44a6950c6ee24514fb6a5489e51d06f0298?s=96&d=mm&r=g","url":"https:\/\/secure.gravatar.com\/avatar\/7ce1f28c0c3bbac99ff550b85ef8e44a6950c6ee24514fb6a5489e51d06f0298?s=96&d=mm&r=g","contentUrl":"https:\/\/secure.gravatar.com\/avatar\/7ce1f28c0c3bbac99ff550b85ef8e44a6950c6ee24514fb6a5489e51d06f0298?s=96&d=mm&r=g","caption":"webdo.tn"},"url":"https:\/\/www.webdo.tn\/fr\/actualite\/author\/webdotn\/"}]}},"_links":{"self":[{"href":"https:\/\/www.webdo.tn\/fr\/wp-json\/wp\/v2\/posts\/184201","targetHints":{"allow":["GET"]}}],"collection":[{"href":"https:\/\/www.webdo.tn\/fr\/wp-json\/wp\/v2\/posts"}],"about":[{"href":"https:\/\/www.webdo.tn\/fr\/wp-json\/wp\/v2\/types\/post"}],"author":[{"embeddable":true,"href":"https:\/\/www.webdo.tn\/fr\/wp-json\/wp\/v2\/users\/3222"}],"replies":[{"embeddable":true,"href":"https:\/\/www.webdo.tn\/fr\/wp-json\/wp\/v2\/comments?post=184201"}],"version-history":[{"count":0,"href":"https:\/\/www.webdo.tn\/fr\/wp-json\/wp\/v2\/posts\/184201\/revisions"}],"wp:featuredmedia":[{"embeddable":true,"href":"https:\/\/www.webdo.tn\/fr\/wp-json\/wp\/v2\/media\/373106"}],"wp:attachment":[{"href":"https:\/\/www.webdo.tn\/fr\/wp-json\/wp\/v2\/media?parent=184201"}],"wp:term":[{"taxonomy":"category","embeddable":true,"href":"https:\/\/www.webdo.tn\/fr\/wp-json\/wp\/v2\/categories?post=184201"},{"taxonomy":"post_tag","embeddable":true,"href":"https:\/\/www.webdo.tn\/fr\/wp-json\/wp\/v2\/tags?post=184201"}],"curies":[{"name":"wp","href":"https:\/\/api.w.org\/{rel}","templated":true}]}}