{"id":184200,"date":"2015-02-04T14:00:00","date_gmt":"2015-02-04T14:00:00","guid":{"rendered":"https:\/\/www.webdo.tn\/fr\/blog\/cameroun-des-civils-egorges-et-une-mosquee-incendiee-par-boko-haram\/184200\/"},"modified":"2015-02-04T14:00:00","modified_gmt":"2015-02-04T14:00:00","slug":"cameroun-des-civils-egorges-et-une-mosquee-incendiee-par-boko-haram","status":"publish","type":"post","link":"https:\/\/www.webdo.tn\/fr\/actualite\/international\/cameroun-des-civils-egorges-et-une-mosquee-incendiee-par-boko-haram\/184200\/","title":{"rendered":"Cameroun : Des civils \u00e9gorg\u00e9s et une mosqu\u00e9e incendi\u00e9e par Boko Haram"},"content":{"rendered":"<p>Les islamistes nig\u00e9rians de Boko Haram ont tu\u00e9 des dizaines de civils, \u00e9gorgeant certains d&rsquo;entre eux, et incendi\u00e9 la grande mosqu\u00e9e de la ville camerounaise de Fotokol au cours d&rsquo;une violente attaque, ce mercredi 4 f\u00e9vrier, repouss\u00e9e par les arm\u00e9es camerounaise et tchadienne, selon des sources s\u00e9curitaires et des habitants.<\/p>\n<p>Ils ont br\u00fbl\u00e9 des maisons et tu\u00e9 des civils et m\u00eame des militaires, a affirm\u00e9 \u00e0 l&rsquo;AFP une source proche des services de s\u00e9curit\u00e9 jointe depuis Yaound\u00e9, tandis que plusieurs habitants ont fait \u00e9tat de dizaines de civils tu\u00e9s, certains \u00e9gorg\u00e9s, et de l&rsquo;incendie par les islamistes de la grande mosqu\u00e9e de la ville frontali\u00e8re avec le Nigeria.<\/p>\n<p>Mercredi vers cinq heures (04H00 GMT), de nombreux islamistes partis de Gamboru et de petits villages nig\u00e9rians frontaliers du Cameroun ont attaqu\u00e9 Fotokol, entrant dans des maisons, mais aussi dans des mosqu\u00e9es, selon des sources s\u00e9curitaires camerounaises.<\/p>\n","protected":false},"excerpt":{"rendered":"<p>Cameroun : Des civils \u00e9gorg\u00e9s et une mosqu\u00e9e incendi\u00e9e par Boko Haram<\/p>\n","protected":false},"author":3222,"featured_media":335511,"comment_status":"open","ping_status":"closed","sticky":false,"template":"","format":"standard","meta":{"footnotes":""},"categories":[2598],"tags":[2600],"class_list":["post-184200","post","type-post","status-publish","format-standard","has-post-thumbnail","hentry","category-international","tag-guerre"],"yoast_head":"<!-- This site is optimized with the Yoast SEO Premium plugin v27.5 (Yoast SEO v27.5) - https:\/\/yoast.com\/product\/yoast-seo-premium-wordpress\/ -->\n<title>Cameroun : Des civils \u00e9gorg\u00e9s et une mosqu\u00e9e incendi\u00e9e par Boko Haram<\/title>\n<meta name=\"description\" content=\"Cameroun : Des civils \u00e9gorg\u00e9s et une mosqu\u00e9e incendi\u00e9e par Boko Haram\" \/>\n<link rel=\"canonical\" href=\"https:\/\/www.webdo.tn\/fr\/actualite\/international\/cameroun-des-civils-egorges-et-une-mosquee-incendiee-par-boko-haram\/184200\/\" \/>\n<meta property=\"og:locale\" content=\"fr_FR\" \/>\n<meta property=\"og:type\" content=\"article\" \/>\n<meta property=\"og:title\" content=\"Cameroun : Des civils \u00e9gorg\u00e9s et une mosqu\u00e9e incendi\u00e9e par Boko Haram\" \/>\n<meta property=\"og:description\" content=\"Cameroun : Des civils \u00e9gorg\u00e9s et une mosqu\u00e9e incendi\u00e9e par Boko Haram\" \/>\n<meta property=\"og:url\" content=\"https:\/\/www.webdo.tn\/fr\/actualite\/international\/cameroun-des-civils-egorges-et-une-mosquee-incendiee-par-boko-haram\/184200\/\" \/>\n<meta property=\"og:site_name\" content=\"webdo\" \/>\n<meta property=\"article:publisher\" content=\"https:\/\/www.facebook.com\/webdotn\" \/>\n<meta property=\"article:published_time\" content=\"2015-02-04T14:00:00+00:00\" \/>\n<meta property=\"og:image\" content=\"https:\/\/www.webdo.tn\/fr\/wp-content\/uploads\/2015\/02\/Fotokol-credit-koaci.jpg\" \/>\n\t<meta property=\"og:image:width\" content=\"600\" \/>\n\t<meta property=\"og:image:height\" content=\"365\" \/>\n\t<meta property=\"og:image:type\" content=\"image\/jpeg\" \/>\n<meta name=\"author\" content=\"webdo.tn\" \/>\n<meta name=\"twitter:card\" content=\"summary_large_image\" \/>\n<meta name=\"twitter:creator\" content=\"@webdo_tn\" \/>\n<meta name=\"twitter:site\" content=\"@webdo_tn\" \/>\n<meta name=\"twitter:label1\" content=\"\u00c9crit par\" \/>\n\t<meta name=\"twitter:data1\" content=\"webdo.tn\" \/>\n\t<meta name=\"twitter:label2\" content=\"Dur\u00e9e de lecture estim\u00e9e\" \/>\n\t<meta name=\"twitter:data2\" content=\"1 minute\" \/>\n<script type=\"application\/ld+json\" class=\"yoast-schema-graph\">{\"@context\":\"https:\\\/\\\/schema.org\",\"@graph\":[{\"@type\":\"NewsArticle\",\"@id\":\"https:\\\/\\\/www.webdo.tn\\\/fr\\\/actualite\\\/international\\\/cameroun-des-civils-egorges-et-une-mosquee-incendiee-par-boko-haram\\\/184200\\\/#article\",\"isPartOf\":{\"@id\":\"https:\\\/\\\/www.webdo.tn\\\/fr\\\/actualite\\\/international\\\/cameroun-des-civils-egorges-et-une-mosquee-incendiee-par-boko-haram\\\/184200\\\/\"},\"author\":{\"name\":\"webdo.tn\",\"@id\":\"https:\\\/\\\/www.webdo.tn\\\/fr\\\/#\\\/schema\\\/person\\\/9a9c6118d687c117df8ef3cc36a4d175\"},\"headline\":\"Cameroun : Des civils \u00e9gorg\u00e9s et une mosqu\u00e9e incendi\u00e9e par Boko Haram\",\"datePublished\":\"2015-02-04T14:00:00+00:00\",\"mainEntityOfPage\":{\"@id\":\"https:\\\/\\\/www.webdo.tn\\\/fr\\\/actualite\\\/international\\\/cameroun-des-civils-egorges-et-une-mosquee-incendiee-par-boko-haram\\\/184200\\\/\"},\"wordCount\":177,\"commentCount\":0,\"publisher\":{\"@id\":\"https:\\\/\\\/www.webdo.tn\\\/fr\\\/#organization\"},\"image\":{\"@id\":\"https:\\\/\\\/www.webdo.tn\\\/fr\\\/actualite\\\/international\\\/cameroun-des-civils-egorges-et-une-mosquee-incendiee-par-boko-haram\\\/184200\\\/#primaryimage\"},\"thumbnailUrl\":\"https:\\\/\\\/www.webdo.tn\\\/fr\\\/wp-content\\\/uploads\\\/2015\\\/02\\\/Fotokol-credit-koaci.jpg\",\"keywords\":[\"guerre\"],\"articleSection\":[\"International\"],\"inLanguage\":\"fr-FR\"},{\"@type\":\"WebPage\",\"@id\":\"https:\\\/\\\/www.webdo.tn\\\/fr\\\/actualite\\\/international\\\/cameroun-des-civils-egorges-et-une-mosquee-incendiee-par-boko-haram\\\/184200\\\/\",\"url\":\"https:\\\/\\\/www.webdo.tn\\\/fr\\\/actualite\\\/international\\\/cameroun-des-civils-egorges-et-une-mosquee-incendiee-par-boko-haram\\\/184200\\\/\",\"name\":\"Cameroun : Des civils \u00e9gorg\u00e9s et une mosqu\u00e9e incendi\u00e9e par Boko Haram\",\"isPartOf\":{\"@id\":\"https:\\\/\\\/www.webdo.tn\\\/fr\\\/#website\"},\"primaryImageOfPage\":{\"@id\":\"https:\\\/\\\/www.webdo.tn\\\/fr\\\/actualite\\\/international\\\/cameroun-des-civils-egorges-et-une-mosquee-incendiee-par-boko-haram\\\/184200\\\/#primaryimage\"},\"image\":{\"@id\":\"https:\\\/\\\/www.webdo.tn\\\/fr\\\/actualite\\\/international\\\/cameroun-des-civils-egorges-et-une-mosquee-incendiee-par-boko-haram\\\/184200\\\/#primaryimage\"},\"thumbnailUrl\":\"https:\\\/\\\/www.webdo.tn\\\/fr\\\/wp-content\\\/uploads\\\/2015\\\/02\\\/Fotokol-credit-koaci.jpg\",\"datePublished\":\"2015-02-04T14:00:00+00:00\",\"description\":\"Cameroun : Des civils \u00e9gorg\u00e9s et une mosqu\u00e9e incendi\u00e9e par Boko Haram\",\"breadcrumb\":{\"@id\":\"https:\\\/\\\/www.webdo.tn\\\/fr\\\/actualite\\\/international\\\/cameroun-des-civils-egorges-et-une-mosquee-incendiee-par-boko-haram\\\/184200\\\/#breadcrumb\"},\"inLanguage\":\"fr-FR\",\"potentialAction\":[{\"@type\":\"ReadAction\",\"target\":[\"https:\\\/\\\/www.webdo.tn\\\/fr\\\/actualite\\\/international\\\/cameroun-des-civils-egorges-et-une-mosquee-incendiee-par-boko-haram\\\/184200\\\/\"]}]},{\"@type\":\"ImageObject\",\"inLanguage\":\"fr-FR\",\"@id\":\"https:\\\/\\\/www.webdo.tn\\\/fr\\\/actualite\\\/international\\\/cameroun-des-civils-egorges-et-une-mosquee-incendiee-par-boko-haram\\\/184200\\\/#primaryimage\",\"url\":\"https:\\\/\\\/www.webdo.tn\\\/fr\\\/wp-content\\\/uploads\\\/2015\\\/02\\\/Fotokol-credit-koaci.jpg\",\"contentUrl\":\"https:\\\/\\\/www.webdo.tn\\\/fr\\\/wp-content\\\/uploads\\\/2015\\\/02\\\/Fotokol-credit-koaci.jpg\",\"width\":600,\"height\":365,\"caption\":\"Cameroun : Des civils \u00e9gorg\u00e9s et une mosqu\u00e9e incendi\u00e9e par Boko Haram\"},{\"@type\":\"BreadcrumbList\",\"@id\":\"https:\\\/\\\/www.webdo.tn\\\/fr\\\/actualite\\\/international\\\/cameroun-des-civils-egorges-et-une-mosquee-incendiee-par-boko-haram\\\/184200\\\/#breadcrumb\",\"itemListElement\":[{\"@type\":\"ListItem\",\"position\":1,\"name\":\"Accueil\",\"item\":\"https:\\\/\\\/www.webdo.tn\\\/fr\\\/\"},{\"@type\":\"ListItem\",\"position\":2,\"name\":\"Cameroun : Des civils \u00e9gorg\u00e9s et une mosqu\u00e9e incendi\u00e9e par Boko Haram\"}]},{\"@type\":\"WebSite\",\"@id\":\"https:\\\/\\\/www.webdo.tn\\\/fr\\\/#website\",\"url\":\"https:\\\/\\\/www.webdo.tn\\\/fr\\\/\",\"name\":\"webdo\",\"description\":\"Tunisie - News en Tunisie et \u00e0 l&#039;international sur Webdo.tn\",\"publisher\":{\"@id\":\"https:\\\/\\\/www.webdo.tn\\\/fr\\\/#organization\"},\"potentialAction\":[{\"@type\":\"SearchAction\",\"target\":{\"@type\":\"EntryPoint\",\"urlTemplate\":\"https:\\\/\\\/www.webdo.tn\\\/fr\\\/?s={search_term_string}\"},\"query-input\":{\"@type\":\"PropertyValueSpecification\",\"valueRequired\":true,\"valueName\":\"search_term_string\"}}],\"inLanguage\":\"fr-FR\"},{\"@type\":\"Organization\",\"@id\":\"https:\\\/\\\/www.webdo.tn\\\/fr\\\/#organization\",\"name\":\"Webdo\",\"alternateName\":\"Webdo.tn\",\"url\":\"https:\\\/\\\/www.webdo.tn\\\/fr\\\/\",\"logo\":{\"@type\":\"ImageObject\",\"inLanguage\":\"fr-FR\",\"@id\":\"https:\\\/\\\/www.webdo.tn\\\/fr\\\/#\\\/schema\\\/logo\\\/image\\\/\",\"url\":\"https:\\\/\\\/www.webdo.tn\\\/fr\\\/wp-content\\\/uploads\\\/2025\\\/06\\\/Webdo-Tunisie_168377.jpg\",\"contentUrl\":\"https:\\\/\\\/www.webdo.tn\\\/fr\\\/wp-content\\\/uploads\\\/2025\\\/06\\\/Webdo-Tunisie_168377.jpg\",\"width\":301,\"height\":301,\"caption\":\"Webdo\"},\"image\":{\"@id\":\"https:\\\/\\\/www.webdo.tn\\\/fr\\\/#\\\/schema\\\/logo\\\/image\\\/\"},\"sameAs\":[\"https:\\\/\\\/www.facebook.com\\\/webdotn\",\"https:\\\/\\\/x.com\\\/webdo_tn\"],\"description\":\"Webdo est un m\u00e9dia num\u00e9rique tunisien fond\u00e9 en 2010, sp\u00e9cialis\u00e9 dans l\u2019actualit\u00e9 nationale et internationale, l\u2019\u00e9conomie, la soci\u00e9t\u00e9 et les analyses politiques. Le site s\u2019adresse \u00e0 un large public francophone et couvre l\u2019information tunisienne en temps r\u00e9el.\",\"email\":\"redac@webdo.tn\",\"legalName\":\"YNJ SARL\",\"foundingDate\":\"2010-09-06\",\"numberOfEmployees\":{\"@type\":\"QuantitativeValue\",\"minValue\":\"11\",\"maxValue\":\"50\"}},{\"@type\":\"Person\",\"@id\":\"https:\\\/\\\/www.webdo.tn\\\/fr\\\/#\\\/schema\\\/person\\\/9a9c6118d687c117df8ef3cc36a4d175\",\"name\":\"webdo.tn\",\"image\":{\"@type\":\"ImageObject\",\"inLanguage\":\"fr-FR\",\"@id\":\"https:\\\/\\\/secure.gravatar.com\\\/avatar\\\/7ce1f28c0c3bbac99ff550b85ef8e44a6950c6ee24514fb6a5489e51d06f0298?s=96&d=mm&r=g\",\"url\":\"https:\\\/\\\/secure.gravatar.com\\\/avatar\\\/7ce1f28c0c3bbac99ff550b85ef8e44a6950c6ee24514fb6a5489e51d06f0298?s=96&d=mm&r=g\",\"contentUrl\":\"https:\\\/\\\/secure.gravatar.com\\\/avatar\\\/7ce1f28c0c3bbac99ff550b85ef8e44a6950c6ee24514fb6a5489e51d06f0298?s=96&d=mm&r=g\",\"caption\":\"webdo.tn\"},\"url\":\"https:\\\/\\\/www.webdo.tn\\\/fr\\\/actualite\\\/author\\\/webdotn\\\/\"}]}<\/script>\n<!-- \/ Yoast SEO Premium plugin. -->","yoast_head_json":{"title":"Cameroun : Des civils \u00e9gorg\u00e9s et une mosqu\u00e9e incendi\u00e9e par Boko Haram","description":"Cameroun : Des civils \u00e9gorg\u00e9s et une mosqu\u00e9e incendi\u00e9e par Boko Haram","canonical":"https:\/\/www.webdo.tn\/fr\/actualite\/international\/cameroun-des-civils-egorges-et-une-mosquee-incendiee-par-boko-haram\/184200\/","og_locale":"fr_FR","og_type":"article","og_title":"Cameroun : Des civils \u00e9gorg\u00e9s et une mosqu\u00e9e incendi\u00e9e par Boko Haram","og_description":"Cameroun : Des civils \u00e9gorg\u00e9s et une mosqu\u00e9e incendi\u00e9e par Boko Haram","og_url":"https:\/\/www.webdo.tn\/fr\/actualite\/international\/cameroun-des-civils-egorges-et-une-mosquee-incendiee-par-boko-haram\/184200\/","og_site_name":"webdo","article_publisher":"https:\/\/www.facebook.com\/webdotn","article_published_time":"2015-02-04T14:00:00+00:00","og_image":[{"width":600,"height":365,"url":"https:\/\/www.webdo.tn\/fr\/wp-content\/uploads\/2015\/02\/Fotokol-credit-koaci.jpg","type":"image\/jpeg"}],"author":"webdo.tn","twitter_card":"summary_large_image","twitter_creator":"@webdo_tn","twitter_site":"@webdo_tn","twitter_misc":{"\u00c9crit par":"webdo.tn","Dur\u00e9e de lecture estim\u00e9e":"1 minute"},"schema":{"@context":"https:\/\/schema.org","@graph":[{"@type":"NewsArticle","@id":"https:\/\/www.webdo.tn\/fr\/actualite\/international\/cameroun-des-civils-egorges-et-une-mosquee-incendiee-par-boko-haram\/184200\/#article","isPartOf":{"@id":"https:\/\/www.webdo.tn\/fr\/actualite\/international\/cameroun-des-civils-egorges-et-une-mosquee-incendiee-par-boko-haram\/184200\/"},"author":{"name":"webdo.tn","@id":"https:\/\/www.webdo.tn\/fr\/#\/schema\/person\/9a9c6118d687c117df8ef3cc36a4d175"},"headline":"Cameroun : Des civils \u00e9gorg\u00e9s et une mosqu\u00e9e incendi\u00e9e par Boko Haram","datePublished":"2015-02-04T14:00:00+00:00","mainEntityOfPage":{"@id":"https:\/\/www.webdo.tn\/fr\/actualite\/international\/cameroun-des-civils-egorges-et-une-mosquee-incendiee-par-boko-haram\/184200\/"},"wordCount":177,"commentCount":0,"publisher":{"@id":"https:\/\/www.webdo.tn\/fr\/#organization"},"image":{"@id":"https:\/\/www.webdo.tn\/fr\/actualite\/international\/cameroun-des-civils-egorges-et-une-mosquee-incendiee-par-boko-haram\/184200\/#primaryimage"},"thumbnailUrl":"https:\/\/www.webdo.tn\/fr\/wp-content\/uploads\/2015\/02\/Fotokol-credit-koaci.jpg","keywords":["guerre"],"articleSection":["International"],"inLanguage":"fr-FR"},{"@type":"WebPage","@id":"https:\/\/www.webdo.tn\/fr\/actualite\/international\/cameroun-des-civils-egorges-et-une-mosquee-incendiee-par-boko-haram\/184200\/","url":"https:\/\/www.webdo.tn\/fr\/actualite\/international\/cameroun-des-civils-egorges-et-une-mosquee-incendiee-par-boko-haram\/184200\/","name":"Cameroun : Des civils \u00e9gorg\u00e9s et une mosqu\u00e9e incendi\u00e9e par Boko Haram","isPartOf":{"@id":"https:\/\/www.webdo.tn\/fr\/#website"},"primaryImageOfPage":{"@id":"https:\/\/www.webdo.tn\/fr\/actualite\/international\/cameroun-des-civils-egorges-et-une-mosquee-incendiee-par-boko-haram\/184200\/#primaryimage"},"image":{"@id":"https:\/\/www.webdo.tn\/fr\/actualite\/international\/cameroun-des-civils-egorges-et-une-mosquee-incendiee-par-boko-haram\/184200\/#primaryimage"},"thumbnailUrl":"https:\/\/www.webdo.tn\/fr\/wp-content\/uploads\/2015\/02\/Fotokol-credit-koaci.jpg","datePublished":"2015-02-04T14:00:00+00:00","description":"Cameroun : Des civils \u00e9gorg\u00e9s et une mosqu\u00e9e incendi\u00e9e par Boko Haram","breadcrumb":{"@id":"https:\/\/www.webdo.tn\/fr\/actualite\/international\/cameroun-des-civils-egorges-et-une-mosquee-incendiee-par-boko-haram\/184200\/#breadcrumb"},"inLanguage":"fr-FR","potentialAction":[{"@type":"ReadAction","target":["https:\/\/www.webdo.tn\/fr\/actualite\/international\/cameroun-des-civils-egorges-et-une-mosquee-incendiee-par-boko-haram\/184200\/"]}]},{"@type":"ImageObject","inLanguage":"fr-FR","@id":"https:\/\/www.webdo.tn\/fr\/actualite\/international\/cameroun-des-civils-egorges-et-une-mosquee-incendiee-par-boko-haram\/184200\/#primaryimage","url":"https:\/\/www.webdo.tn\/fr\/wp-content\/uploads\/2015\/02\/Fotokol-credit-koaci.jpg","contentUrl":"https:\/\/www.webdo.tn\/fr\/wp-content\/uploads\/2015\/02\/Fotokol-credit-koaci.jpg","width":600,"height":365,"caption":"Cameroun : Des civils \u00e9gorg\u00e9s et une mosqu\u00e9e incendi\u00e9e par Boko Haram"},{"@type":"BreadcrumbList","@id":"https:\/\/www.webdo.tn\/fr\/actualite\/international\/cameroun-des-civils-egorges-et-une-mosquee-incendiee-par-boko-haram\/184200\/#breadcrumb","itemListElement":[{"@type":"ListItem","position":1,"name":"Accueil","item":"https:\/\/www.webdo.tn\/fr\/"},{"@type":"ListItem","position":2,"name":"Cameroun : Des civils \u00e9gorg\u00e9s et une mosqu\u00e9e incendi\u00e9e par Boko Haram"}]},{"@type":"WebSite","@id":"https:\/\/www.webdo.tn\/fr\/#website","url":"https:\/\/www.webdo.tn\/fr\/","name":"webdo","description":"Tunisie - News en Tunisie et \u00e0 l&#039;international sur Webdo.tn","publisher":{"@id":"https:\/\/www.webdo.tn\/fr\/#organization"},"potentialAction":[{"@type":"SearchAction","target":{"@type":"EntryPoint","urlTemplate":"https:\/\/www.webdo.tn\/fr\/?s={search_term_string}"},"query-input":{"@type":"PropertyValueSpecification","valueRequired":true,"valueName":"search_term_string"}}],"inLanguage":"fr-FR"},{"@type":"Organization","@id":"https:\/\/www.webdo.tn\/fr\/#organization","name":"Webdo","alternateName":"Webdo.tn","url":"https:\/\/www.webdo.tn\/fr\/","logo":{"@type":"ImageObject","inLanguage":"fr-FR","@id":"https:\/\/www.webdo.tn\/fr\/#\/schema\/logo\/image\/","url":"https:\/\/www.webdo.tn\/fr\/wp-content\/uploads\/2025\/06\/Webdo-Tunisie_168377.jpg","contentUrl":"https:\/\/www.webdo.tn\/fr\/wp-content\/uploads\/2025\/06\/Webdo-Tunisie_168377.jpg","width":301,"height":301,"caption":"Webdo"},"image":{"@id":"https:\/\/www.webdo.tn\/fr\/#\/schema\/logo\/image\/"},"sameAs":["https:\/\/www.facebook.com\/webdotn","https:\/\/x.com\/webdo_tn"],"description":"Webdo est un m\u00e9dia num\u00e9rique tunisien fond\u00e9 en 2010, sp\u00e9cialis\u00e9 dans l\u2019actualit\u00e9 nationale et internationale, l\u2019\u00e9conomie, la soci\u00e9t\u00e9 et les analyses politiques. Le site s\u2019adresse \u00e0 un large public francophone et couvre l\u2019information tunisienne en temps r\u00e9el.","email":"redac@webdo.tn","legalName":"YNJ SARL","foundingDate":"2010-09-06","numberOfEmployees":{"@type":"QuantitativeValue","minValue":"11","maxValue":"50"}},{"@type":"Person","@id":"https:\/\/www.webdo.tn\/fr\/#\/schema\/person\/9a9c6118d687c117df8ef3cc36a4d175","name":"webdo.tn","image":{"@type":"ImageObject","inLanguage":"fr-FR","@id":"https:\/\/secure.gravatar.com\/avatar\/7ce1f28c0c3bbac99ff550b85ef8e44a6950c6ee24514fb6a5489e51d06f0298?s=96&d=mm&r=g","url":"https:\/\/secure.gravatar.com\/avatar\/7ce1f28c0c3bbac99ff550b85ef8e44a6950c6ee24514fb6a5489e51d06f0298?s=96&d=mm&r=g","contentUrl":"https:\/\/secure.gravatar.com\/avatar\/7ce1f28c0c3bbac99ff550b85ef8e44a6950c6ee24514fb6a5489e51d06f0298?s=96&d=mm&r=g","caption":"webdo.tn"},"url":"https:\/\/www.webdo.tn\/fr\/actualite\/author\/webdotn\/"}]}},"_links":{"self":[{"href":"https:\/\/www.webdo.tn\/fr\/wp-json\/wp\/v2\/posts\/184200","targetHints":{"allow":["GET"]}}],"collection":[{"href":"https:\/\/www.webdo.tn\/fr\/wp-json\/wp\/v2\/posts"}],"about":[{"href":"https:\/\/www.webdo.tn\/fr\/wp-json\/wp\/v2\/types\/post"}],"author":[{"embeddable":true,"href":"https:\/\/www.webdo.tn\/fr\/wp-json\/wp\/v2\/users\/3222"}],"replies":[{"embeddable":true,"href":"https:\/\/www.webdo.tn\/fr\/wp-json\/wp\/v2\/comments?post=184200"}],"version-history":[{"count":0,"href":"https:\/\/www.webdo.tn\/fr\/wp-json\/wp\/v2\/posts\/184200\/revisions"}],"wp:featuredmedia":[{"embeddable":true,"href":"https:\/\/www.webdo.tn\/fr\/wp-json\/wp\/v2\/media\/335511"}],"wp:attachment":[{"href":"https:\/\/www.webdo.tn\/fr\/wp-json\/wp\/v2\/media?parent=184200"}],"wp:term":[{"taxonomy":"category","embeddable":true,"href":"https:\/\/www.webdo.tn\/fr\/wp-json\/wp\/v2\/categories?post=184200"},{"taxonomy":"post_tag","embeddable":true,"href":"https:\/\/www.webdo.tn\/fr\/wp-json\/wp\/v2\/tags?post=184200"}],"curies":[{"name":"wp","href":"https:\/\/api.w.org\/{rel}","templated":true}]}}