{"id":184199,"date":"2015-02-04T17:55:00","date_gmt":"2015-02-04T17:55:00","guid":{"rendered":"https:\/\/www.webdo.tn\/fr\/blog\/je-suis-charlie-coulibaly-30-000-e-damende-requise-lencontre-de-dieudonne\/184199\/"},"modified":"2015-02-04T17:55:00","modified_gmt":"2015-02-04T17:55:00","slug":"je-suis-charlie-coulibaly-30-000-e-damende-requise-lencontre-de-dieudonne","status":"publish","type":"post","link":"https:\/\/www.webdo.tn\/fr\/actualite\/international\/je-suis-charlie-coulibaly-30-000-e-damende-requise-lencontre-de-dieudonne\/184199\/","title":{"rendered":"\u00ab\u00a0Je suis Charlie Coulibaly\u00a0\u00bb : 30.000 \u20ac d&rsquo;amende requise \u00e0 l&rsquo;encontre de Dieudonn\u00e9"},"content":{"rendered":"<p>Une amende de\u00a030.000 \u20ac a \u00e9t\u00e9 requise\u00a0par le tribunal correctionnel de Paris \u00e0 l&rsquo;encontre de l&rsquo;humoriste controvers\u00e9 Dieudonn\u00e9 ce mercredi 4 f\u00e9vrier rapporte la t\u00e9l\u00e9vision fran\u00e7aise priv\u00e9e i-t\u00e9l\u00e9.<\/p>\n<p>Dieudonn\u00e9 est jug\u00e9 pour \u00ab\u00a0apologie au terrorisme\u00a0\u00bb suite \u00e0 une publication post\u00e9e sur son compte facebook \u00e0 travers laquelle il avait \u00e9crit qu&rsquo;il \u00e9tait \u00ab\u00a0Charlie Coulibaly\u00a0\u00bb suite aux attentats qui ont vis\u00e9 les locaux de Charlie Hebdo le 7 janvier \u00e0 Paris.<br \/>\n\u00ab\u00a0Je me sens Charlie Coulibaly\u00a0\u00bb &gt; 30.000 euros d&rsquo;amende sous peine d&#8217;emprisonnement requis contre Dieudonn\u00e9 pic.twitter.com\/4x5dYQeTLl<\/p>\n<p>\u2014 itele (@itele) 4 F\u00e9vrier 2015<\/p>\n<p>\u00a0<br \/>\nL&rsquo;humoriste donnera deux spectacles en Tunisie le 14 f\u00e9vrier prochain au palais des congr\u00e8s de Tunis.<\/p>\n","protected":false},"excerpt":{"rendered":"<p>Je suis Charlie Coulibaly  : 30.000 \u20ac d&rsquo;amende requise \u00e0 l&rsquo;encontre de Dieudonn\u00e9<\/p>\n","protected":false},"author":3222,"featured_media":335513,"comment_status":"open","ping_status":"closed","sticky":false,"template":"","format":"standard","meta":{"footnotes":""},"categories":[2598],"tags":[2600],"class_list":["post-184199","post","type-post","status-publish","format-standard","has-post-thumbnail","hentry","category-international","tag-guerre"],"yoast_head":"<!-- This site is optimized with the Yoast SEO Premium plugin v27.5 (Yoast SEO v27.5) - https:\/\/yoast.com\/product\/yoast-seo-premium-wordpress\/ -->\n<title>Je suis Charlie Coulibaly : 30.000 \u20ac d&#039;amende requise \u00e0 l&#039;encontre de Dieudonn\u00e9<\/title>\n<meta name=\"description\" content=\"Je suis Charlie Coulibaly : 30.000 \u20ac d&#039;amende requise \u00e0 l&#039;encontre de Dieudonn\u00e9\" \/>\n<link rel=\"canonical\" href=\"https:\/\/www.webdo.tn\/fr\/actualite\/international\/je-suis-charlie-coulibaly-30-000-e-damende-requise-lencontre-de-dieudonne\/184199\/\" \/>\n<meta property=\"og:locale\" content=\"fr_FR\" \/>\n<meta property=\"og:type\" content=\"article\" \/>\n<meta property=\"og:title\" content=\"&quot;Je suis Charlie Coulibaly&quot; : 30.000 \u20ac d&#039;amende requise \u00e0 l&#039;encontre de Dieudonn\u00e9\" \/>\n<meta property=\"og:description\" content=\"Je suis Charlie Coulibaly : 30.000 \u20ac d&#039;amende requise \u00e0 l&#039;encontre de Dieudonn\u00e9\" \/>\n<meta property=\"og:url\" content=\"https:\/\/www.webdo.tn\/fr\/actualite\/international\/je-suis-charlie-coulibaly-30-000-e-damende-requise-lencontre-de-dieudonne\/184199\/\" \/>\n<meta property=\"og:site_name\" content=\"webdo\" \/>\n<meta property=\"article:publisher\" content=\"https:\/\/www.facebook.com\/webdotn\" \/>\n<meta property=\"article:published_time\" content=\"2015-02-04T17:55:00+00:00\" \/>\n<meta property=\"og:image\" content=\"https:\/\/www.webdo.tn\/fr\/wp-content\/uploads\/2015\/02\/webdo_default-44.jpg\" \/>\n\t<meta property=\"og:image:width\" content=\"800\" \/>\n\t<meta property=\"og:image:height\" content=\"500\" \/>\n\t<meta property=\"og:image:type\" content=\"image\/jpeg\" \/>\n<meta name=\"author\" content=\"webdo.tn\" \/>\n<meta name=\"twitter:card\" content=\"summary_large_image\" \/>\n<meta name=\"twitter:creator\" content=\"@webdo_tn\" \/>\n<meta name=\"twitter:site\" content=\"@webdo_tn\" \/>\n<meta name=\"twitter:label1\" content=\"\u00c9crit par\" \/>\n\t<meta name=\"twitter:data1\" content=\"webdo.tn\" \/>\n\t<meta name=\"twitter:label2\" content=\"Dur\u00e9e de lecture estim\u00e9e\" \/>\n\t<meta name=\"twitter:data2\" content=\"1 minute\" \/>\n<script type=\"application\/ld+json\" class=\"yoast-schema-graph\">{\"@context\":\"https:\\\/\\\/schema.org\",\"@graph\":[{\"@type\":\"NewsArticle\",\"@id\":\"https:\\\/\\\/www.webdo.tn\\\/fr\\\/actualite\\\/international\\\/je-suis-charlie-coulibaly-30-000-e-damende-requise-lencontre-de-dieudonne\\\/184199\\\/#article\",\"isPartOf\":{\"@id\":\"https:\\\/\\\/www.webdo.tn\\\/fr\\\/actualite\\\/international\\\/je-suis-charlie-coulibaly-30-000-e-damende-requise-lencontre-de-dieudonne\\\/184199\\\/\"},\"author\":{\"name\":\"webdo.tn\",\"@id\":\"https:\\\/\\\/www.webdo.tn\\\/fr\\\/#\\\/schema\\\/person\\\/9a9c6118d687c117df8ef3cc36a4d175\"},\"headline\":\"\u00ab\u00a0Je suis Charlie Coulibaly\u00a0\u00bb : 30.000 \u20ac d&rsquo;amende requise \u00e0 l&rsquo;encontre de Dieudonn\u00e9\",\"datePublished\":\"2015-02-04T17:55:00+00:00\",\"mainEntityOfPage\":{\"@id\":\"https:\\\/\\\/www.webdo.tn\\\/fr\\\/actualite\\\/international\\\/je-suis-charlie-coulibaly-30-000-e-damende-requise-lencontre-de-dieudonne\\\/184199\\\/\"},\"wordCount\":128,\"commentCount\":0,\"publisher\":{\"@id\":\"https:\\\/\\\/www.webdo.tn\\\/fr\\\/#organization\"},\"image\":{\"@id\":\"https:\\\/\\\/www.webdo.tn\\\/fr\\\/actualite\\\/international\\\/je-suis-charlie-coulibaly-30-000-e-damende-requise-lencontre-de-dieudonne\\\/184199\\\/#primaryimage\"},\"thumbnailUrl\":\"https:\\\/\\\/www.webdo.tn\\\/fr\\\/wp-content\\\/uploads\\\/2015\\\/02\\\/webdo_default-44.jpg\",\"keywords\":[\"guerre\"],\"articleSection\":[\"International\"],\"inLanguage\":\"fr-FR\"},{\"@type\":\"WebPage\",\"@id\":\"https:\\\/\\\/www.webdo.tn\\\/fr\\\/actualite\\\/international\\\/je-suis-charlie-coulibaly-30-000-e-damende-requise-lencontre-de-dieudonne\\\/184199\\\/\",\"url\":\"https:\\\/\\\/www.webdo.tn\\\/fr\\\/actualite\\\/international\\\/je-suis-charlie-coulibaly-30-000-e-damende-requise-lencontre-de-dieudonne\\\/184199\\\/\",\"name\":\"Je suis Charlie Coulibaly : 30.000 \u20ac d'amende requise \u00e0 l'encontre de Dieudonn\u00e9\",\"isPartOf\":{\"@id\":\"https:\\\/\\\/www.webdo.tn\\\/fr\\\/#website\"},\"primaryImageOfPage\":{\"@id\":\"https:\\\/\\\/www.webdo.tn\\\/fr\\\/actualite\\\/international\\\/je-suis-charlie-coulibaly-30-000-e-damende-requise-lencontre-de-dieudonne\\\/184199\\\/#primaryimage\"},\"image\":{\"@id\":\"https:\\\/\\\/www.webdo.tn\\\/fr\\\/actualite\\\/international\\\/je-suis-charlie-coulibaly-30-000-e-damende-requise-lencontre-de-dieudonne\\\/184199\\\/#primaryimage\"},\"thumbnailUrl\":\"https:\\\/\\\/www.webdo.tn\\\/fr\\\/wp-content\\\/uploads\\\/2015\\\/02\\\/webdo_default-44.jpg\",\"datePublished\":\"2015-02-04T17:55:00+00:00\",\"description\":\"Je suis Charlie Coulibaly : 30.000 \u20ac d'amende requise \u00e0 l'encontre de Dieudonn\u00e9\",\"breadcrumb\":{\"@id\":\"https:\\\/\\\/www.webdo.tn\\\/fr\\\/actualite\\\/international\\\/je-suis-charlie-coulibaly-30-000-e-damende-requise-lencontre-de-dieudonne\\\/184199\\\/#breadcrumb\"},\"inLanguage\":\"fr-FR\",\"potentialAction\":[{\"@type\":\"ReadAction\",\"target\":[\"https:\\\/\\\/www.webdo.tn\\\/fr\\\/actualite\\\/international\\\/je-suis-charlie-coulibaly-30-000-e-damende-requise-lencontre-de-dieudonne\\\/184199\\\/\"]}]},{\"@type\":\"ImageObject\",\"inLanguage\":\"fr-FR\",\"@id\":\"https:\\\/\\\/www.webdo.tn\\\/fr\\\/actualite\\\/international\\\/je-suis-charlie-coulibaly-30-000-e-damende-requise-lencontre-de-dieudonne\\\/184199\\\/#primaryimage\",\"url\":\"https:\\\/\\\/www.webdo.tn\\\/fr\\\/wp-content\\\/uploads\\\/2015\\\/02\\\/webdo_default-44.jpg\",\"contentUrl\":\"https:\\\/\\\/www.webdo.tn\\\/fr\\\/wp-content\\\/uploads\\\/2015\\\/02\\\/webdo_default-44.jpg\",\"width\":800,\"height\":500,\"caption\":\"\\\"Je suis Charlie Coulibaly\\\" : 30.000 \u20ac d'amende requise \u00e0 l'encontre de Dieudonn\u00e9\"},{\"@type\":\"BreadcrumbList\",\"@id\":\"https:\\\/\\\/www.webdo.tn\\\/fr\\\/actualite\\\/international\\\/je-suis-charlie-coulibaly-30-000-e-damende-requise-lencontre-de-dieudonne\\\/184199\\\/#breadcrumb\",\"itemListElement\":[{\"@type\":\"ListItem\",\"position\":1,\"name\":\"Accueil\",\"item\":\"https:\\\/\\\/www.webdo.tn\\\/fr\\\/\"},{\"@type\":\"ListItem\",\"position\":2,\"name\":\"\u00ab\u00a0Je suis Charlie Coulibaly\u00a0\u00bb : 30.000 \u20ac d&rsquo;amende requise \u00e0 l&rsquo;encontre de Dieudonn\u00e9\"}]},{\"@type\":\"WebSite\",\"@id\":\"https:\\\/\\\/www.webdo.tn\\\/fr\\\/#website\",\"url\":\"https:\\\/\\\/www.webdo.tn\\\/fr\\\/\",\"name\":\"webdo\",\"description\":\"Tunisie - News en Tunisie et \u00e0 l&#039;international sur Webdo.tn\",\"publisher\":{\"@id\":\"https:\\\/\\\/www.webdo.tn\\\/fr\\\/#organization\"},\"potentialAction\":[{\"@type\":\"SearchAction\",\"target\":{\"@type\":\"EntryPoint\",\"urlTemplate\":\"https:\\\/\\\/www.webdo.tn\\\/fr\\\/?s={search_term_string}\"},\"query-input\":{\"@type\":\"PropertyValueSpecification\",\"valueRequired\":true,\"valueName\":\"search_term_string\"}}],\"inLanguage\":\"fr-FR\"},{\"@type\":\"Organization\",\"@id\":\"https:\\\/\\\/www.webdo.tn\\\/fr\\\/#organization\",\"name\":\"Webdo\",\"alternateName\":\"Webdo.tn\",\"url\":\"https:\\\/\\\/www.webdo.tn\\\/fr\\\/\",\"logo\":{\"@type\":\"ImageObject\",\"inLanguage\":\"fr-FR\",\"@id\":\"https:\\\/\\\/www.webdo.tn\\\/fr\\\/#\\\/schema\\\/logo\\\/image\\\/\",\"url\":\"https:\\\/\\\/www.webdo.tn\\\/fr\\\/wp-content\\\/uploads\\\/2025\\\/06\\\/Webdo-Tunisie_168377.jpg\",\"contentUrl\":\"https:\\\/\\\/www.webdo.tn\\\/fr\\\/wp-content\\\/uploads\\\/2025\\\/06\\\/Webdo-Tunisie_168377.jpg\",\"width\":301,\"height\":301,\"caption\":\"Webdo\"},\"image\":{\"@id\":\"https:\\\/\\\/www.webdo.tn\\\/fr\\\/#\\\/schema\\\/logo\\\/image\\\/\"},\"sameAs\":[\"https:\\\/\\\/www.facebook.com\\\/webdotn\",\"https:\\\/\\\/x.com\\\/webdo_tn\"],\"description\":\"Webdo est un m\u00e9dia num\u00e9rique tunisien fond\u00e9 en 2010, sp\u00e9cialis\u00e9 dans l\u2019actualit\u00e9 nationale et internationale, l\u2019\u00e9conomie, la soci\u00e9t\u00e9 et les analyses politiques. Le site s\u2019adresse \u00e0 un large public francophone et couvre l\u2019information tunisienne en temps r\u00e9el.\",\"email\":\"redac@webdo.tn\",\"legalName\":\"YNJ SARL\",\"foundingDate\":\"2010-09-06\",\"numberOfEmployees\":{\"@type\":\"QuantitativeValue\",\"minValue\":\"11\",\"maxValue\":\"50\"}},{\"@type\":\"Person\",\"@id\":\"https:\\\/\\\/www.webdo.tn\\\/fr\\\/#\\\/schema\\\/person\\\/9a9c6118d687c117df8ef3cc36a4d175\",\"name\":\"webdo.tn\",\"image\":{\"@type\":\"ImageObject\",\"inLanguage\":\"fr-FR\",\"@id\":\"https:\\\/\\\/secure.gravatar.com\\\/avatar\\\/7ce1f28c0c3bbac99ff550b85ef8e44a6950c6ee24514fb6a5489e51d06f0298?s=96&d=mm&r=g\",\"url\":\"https:\\\/\\\/secure.gravatar.com\\\/avatar\\\/7ce1f28c0c3bbac99ff550b85ef8e44a6950c6ee24514fb6a5489e51d06f0298?s=96&d=mm&r=g\",\"contentUrl\":\"https:\\\/\\\/secure.gravatar.com\\\/avatar\\\/7ce1f28c0c3bbac99ff550b85ef8e44a6950c6ee24514fb6a5489e51d06f0298?s=96&d=mm&r=g\",\"caption\":\"webdo.tn\"},\"url\":\"https:\\\/\\\/www.webdo.tn\\\/fr\\\/actualite\\\/author\\\/webdotn\\\/\"}]}<\/script>\n<!-- \/ Yoast SEO Premium plugin. -->","yoast_head_json":{"title":"Je suis Charlie Coulibaly : 30.000 \u20ac d'amende requise \u00e0 l'encontre de Dieudonn\u00e9","description":"Je suis Charlie Coulibaly : 30.000 \u20ac d'amende requise \u00e0 l'encontre de Dieudonn\u00e9","canonical":"https:\/\/www.webdo.tn\/fr\/actualite\/international\/je-suis-charlie-coulibaly-30-000-e-damende-requise-lencontre-de-dieudonne\/184199\/","og_locale":"fr_FR","og_type":"article","og_title":"\"Je suis Charlie Coulibaly\" : 30.000 \u20ac d'amende requise \u00e0 l'encontre de Dieudonn\u00e9","og_description":"Je suis Charlie Coulibaly : 30.000 \u20ac d'amende requise \u00e0 l'encontre de Dieudonn\u00e9","og_url":"https:\/\/www.webdo.tn\/fr\/actualite\/international\/je-suis-charlie-coulibaly-30-000-e-damende-requise-lencontre-de-dieudonne\/184199\/","og_site_name":"webdo","article_publisher":"https:\/\/www.facebook.com\/webdotn","article_published_time":"2015-02-04T17:55:00+00:00","og_image":[{"width":800,"height":500,"url":"https:\/\/www.webdo.tn\/fr\/wp-content\/uploads\/2015\/02\/webdo_default-44.jpg","type":"image\/jpeg"}],"author":"webdo.tn","twitter_card":"summary_large_image","twitter_creator":"@webdo_tn","twitter_site":"@webdo_tn","twitter_misc":{"\u00c9crit par":"webdo.tn","Dur\u00e9e de lecture estim\u00e9e":"1 minute"},"schema":{"@context":"https:\/\/schema.org","@graph":[{"@type":"NewsArticle","@id":"https:\/\/www.webdo.tn\/fr\/actualite\/international\/je-suis-charlie-coulibaly-30-000-e-damende-requise-lencontre-de-dieudonne\/184199\/#article","isPartOf":{"@id":"https:\/\/www.webdo.tn\/fr\/actualite\/international\/je-suis-charlie-coulibaly-30-000-e-damende-requise-lencontre-de-dieudonne\/184199\/"},"author":{"name":"webdo.tn","@id":"https:\/\/www.webdo.tn\/fr\/#\/schema\/person\/9a9c6118d687c117df8ef3cc36a4d175"},"headline":"\u00ab\u00a0Je suis Charlie Coulibaly\u00a0\u00bb : 30.000 \u20ac d&rsquo;amende requise \u00e0 l&rsquo;encontre de Dieudonn\u00e9","datePublished":"2015-02-04T17:55:00+00:00","mainEntityOfPage":{"@id":"https:\/\/www.webdo.tn\/fr\/actualite\/international\/je-suis-charlie-coulibaly-30-000-e-damende-requise-lencontre-de-dieudonne\/184199\/"},"wordCount":128,"commentCount":0,"publisher":{"@id":"https:\/\/www.webdo.tn\/fr\/#organization"},"image":{"@id":"https:\/\/www.webdo.tn\/fr\/actualite\/international\/je-suis-charlie-coulibaly-30-000-e-damende-requise-lencontre-de-dieudonne\/184199\/#primaryimage"},"thumbnailUrl":"https:\/\/www.webdo.tn\/fr\/wp-content\/uploads\/2015\/02\/webdo_default-44.jpg","keywords":["guerre"],"articleSection":["International"],"inLanguage":"fr-FR"},{"@type":"WebPage","@id":"https:\/\/www.webdo.tn\/fr\/actualite\/international\/je-suis-charlie-coulibaly-30-000-e-damende-requise-lencontre-de-dieudonne\/184199\/","url":"https:\/\/www.webdo.tn\/fr\/actualite\/international\/je-suis-charlie-coulibaly-30-000-e-damende-requise-lencontre-de-dieudonne\/184199\/","name":"Je suis Charlie Coulibaly : 30.000 \u20ac d'amende requise \u00e0 l'encontre de Dieudonn\u00e9","isPartOf":{"@id":"https:\/\/www.webdo.tn\/fr\/#website"},"primaryImageOfPage":{"@id":"https:\/\/www.webdo.tn\/fr\/actualite\/international\/je-suis-charlie-coulibaly-30-000-e-damende-requise-lencontre-de-dieudonne\/184199\/#primaryimage"},"image":{"@id":"https:\/\/www.webdo.tn\/fr\/actualite\/international\/je-suis-charlie-coulibaly-30-000-e-damende-requise-lencontre-de-dieudonne\/184199\/#primaryimage"},"thumbnailUrl":"https:\/\/www.webdo.tn\/fr\/wp-content\/uploads\/2015\/02\/webdo_default-44.jpg","datePublished":"2015-02-04T17:55:00+00:00","description":"Je suis Charlie Coulibaly : 30.000 \u20ac d'amende requise \u00e0 l'encontre de Dieudonn\u00e9","breadcrumb":{"@id":"https:\/\/www.webdo.tn\/fr\/actualite\/international\/je-suis-charlie-coulibaly-30-000-e-damende-requise-lencontre-de-dieudonne\/184199\/#breadcrumb"},"inLanguage":"fr-FR","potentialAction":[{"@type":"ReadAction","target":["https:\/\/www.webdo.tn\/fr\/actualite\/international\/je-suis-charlie-coulibaly-30-000-e-damende-requise-lencontre-de-dieudonne\/184199\/"]}]},{"@type":"ImageObject","inLanguage":"fr-FR","@id":"https:\/\/www.webdo.tn\/fr\/actualite\/international\/je-suis-charlie-coulibaly-30-000-e-damende-requise-lencontre-de-dieudonne\/184199\/#primaryimage","url":"https:\/\/www.webdo.tn\/fr\/wp-content\/uploads\/2015\/02\/webdo_default-44.jpg","contentUrl":"https:\/\/www.webdo.tn\/fr\/wp-content\/uploads\/2015\/02\/webdo_default-44.jpg","width":800,"height":500,"caption":"\"Je suis Charlie Coulibaly\" : 30.000 \u20ac d'amende requise \u00e0 l'encontre de Dieudonn\u00e9"},{"@type":"BreadcrumbList","@id":"https:\/\/www.webdo.tn\/fr\/actualite\/international\/je-suis-charlie-coulibaly-30-000-e-damende-requise-lencontre-de-dieudonne\/184199\/#breadcrumb","itemListElement":[{"@type":"ListItem","position":1,"name":"Accueil","item":"https:\/\/www.webdo.tn\/fr\/"},{"@type":"ListItem","position":2,"name":"\u00ab\u00a0Je suis Charlie Coulibaly\u00a0\u00bb : 30.000 \u20ac d&rsquo;amende requise \u00e0 l&rsquo;encontre de Dieudonn\u00e9"}]},{"@type":"WebSite","@id":"https:\/\/www.webdo.tn\/fr\/#website","url":"https:\/\/www.webdo.tn\/fr\/","name":"webdo","description":"Tunisie - News en Tunisie et \u00e0 l&#039;international sur Webdo.tn","publisher":{"@id":"https:\/\/www.webdo.tn\/fr\/#organization"},"potentialAction":[{"@type":"SearchAction","target":{"@type":"EntryPoint","urlTemplate":"https:\/\/www.webdo.tn\/fr\/?s={search_term_string}"},"query-input":{"@type":"PropertyValueSpecification","valueRequired":true,"valueName":"search_term_string"}}],"inLanguage":"fr-FR"},{"@type":"Organization","@id":"https:\/\/www.webdo.tn\/fr\/#organization","name":"Webdo","alternateName":"Webdo.tn","url":"https:\/\/www.webdo.tn\/fr\/","logo":{"@type":"ImageObject","inLanguage":"fr-FR","@id":"https:\/\/www.webdo.tn\/fr\/#\/schema\/logo\/image\/","url":"https:\/\/www.webdo.tn\/fr\/wp-content\/uploads\/2025\/06\/Webdo-Tunisie_168377.jpg","contentUrl":"https:\/\/www.webdo.tn\/fr\/wp-content\/uploads\/2025\/06\/Webdo-Tunisie_168377.jpg","width":301,"height":301,"caption":"Webdo"},"image":{"@id":"https:\/\/www.webdo.tn\/fr\/#\/schema\/logo\/image\/"},"sameAs":["https:\/\/www.facebook.com\/webdotn","https:\/\/x.com\/webdo_tn"],"description":"Webdo est un m\u00e9dia num\u00e9rique tunisien fond\u00e9 en 2010, sp\u00e9cialis\u00e9 dans l\u2019actualit\u00e9 nationale et internationale, l\u2019\u00e9conomie, la soci\u00e9t\u00e9 et les analyses politiques. Le site s\u2019adresse \u00e0 un large public francophone et couvre l\u2019information tunisienne en temps r\u00e9el.","email":"redac@webdo.tn","legalName":"YNJ SARL","foundingDate":"2010-09-06","numberOfEmployees":{"@type":"QuantitativeValue","minValue":"11","maxValue":"50"}},{"@type":"Person","@id":"https:\/\/www.webdo.tn\/fr\/#\/schema\/person\/9a9c6118d687c117df8ef3cc36a4d175","name":"webdo.tn","image":{"@type":"ImageObject","inLanguage":"fr-FR","@id":"https:\/\/secure.gravatar.com\/avatar\/7ce1f28c0c3bbac99ff550b85ef8e44a6950c6ee24514fb6a5489e51d06f0298?s=96&d=mm&r=g","url":"https:\/\/secure.gravatar.com\/avatar\/7ce1f28c0c3bbac99ff550b85ef8e44a6950c6ee24514fb6a5489e51d06f0298?s=96&d=mm&r=g","contentUrl":"https:\/\/secure.gravatar.com\/avatar\/7ce1f28c0c3bbac99ff550b85ef8e44a6950c6ee24514fb6a5489e51d06f0298?s=96&d=mm&r=g","caption":"webdo.tn"},"url":"https:\/\/www.webdo.tn\/fr\/actualite\/author\/webdotn\/"}]}},"_links":{"self":[{"href":"https:\/\/www.webdo.tn\/fr\/wp-json\/wp\/v2\/posts\/184199","targetHints":{"allow":["GET"]}}],"collection":[{"href":"https:\/\/www.webdo.tn\/fr\/wp-json\/wp\/v2\/posts"}],"about":[{"href":"https:\/\/www.webdo.tn\/fr\/wp-json\/wp\/v2\/types\/post"}],"author":[{"embeddable":true,"href":"https:\/\/www.webdo.tn\/fr\/wp-json\/wp\/v2\/users\/3222"}],"replies":[{"embeddable":true,"href":"https:\/\/www.webdo.tn\/fr\/wp-json\/wp\/v2\/comments?post=184199"}],"version-history":[{"count":0,"href":"https:\/\/www.webdo.tn\/fr\/wp-json\/wp\/v2\/posts\/184199\/revisions"}],"wp:featuredmedia":[{"embeddable":true,"href":"https:\/\/www.webdo.tn\/fr\/wp-json\/wp\/v2\/media\/335513"}],"wp:attachment":[{"href":"https:\/\/www.webdo.tn\/fr\/wp-json\/wp\/v2\/media?parent=184199"}],"wp:term":[{"taxonomy":"category","embeddable":true,"href":"https:\/\/www.webdo.tn\/fr\/wp-json\/wp\/v2\/categories?post=184199"},{"taxonomy":"post_tag","embeddable":true,"href":"https:\/\/www.webdo.tn\/fr\/wp-json\/wp\/v2\/tags?post=184199"}],"curies":[{"name":"wp","href":"https:\/\/api.w.org\/{rel}","templated":true}]}}