{"id":184198,"date":"2015-02-05T15:57:00","date_gmt":"2015-02-05T15:57:00","guid":{"rendered":"https:\/\/www.webdo.tn\/fr\/blog\/zacarias-moussaoui-implique-des-princes-saoudiens-dans-les-attentats-du-11-septembre\/184198\/"},"modified":"2025-05-18T22:21:29","modified_gmt":"2025-05-18T22:21:29","slug":"zacarias-moussaoui-implique-des-princes-saoudiens-dans-les-attentats-du-11-septembre","status":"publish","type":"post","link":"https:\/\/www.webdo.tn\/fr\/actualite\/international\/zacarias-moussaoui-implique-des-princes-saoudiens-dans-les-attentats-du-11-septembre\/184198\/","title":{"rendered":"Zacarias Moussaoui implique des princes saoudiens dans les attentats du 11-Septembre"},"content":{"rendered":"<p>Le Fran\u00e7ais Zacarias Moussaoui, qui purge une peine de r\u00e9clusion \u00e0 perp\u00e9tuit\u00e9 dans la prison de haute s\u00e9curit\u00e9 du Colorado (Etats-Unis) pour complicit\u00e9 dans les attentats du World Trade Center, le 11-Septembre 2001, a attest\u00e9 sous serment que d&rsquo;\u00e9minents princes d&rsquo;Arabie Saoudite avaient financ\u00e9 Al-Qa\u00efda et particip\u00e9 \u00e0 la pr\u00e9paration d&rsquo;une attaque sur le sol am\u00e9ricain.<\/p>\n<p>Le prisonnier, qui purge la r\u00e9clusion \u00e0 perp\u00e9tuit\u00e9 pour avoir aid\u00e9 \u00e0 la pr\u00e9paration des attentats du 11-Septembre, avait \u00e9t\u00e9 auditionn\u00e9, l&rsquo;an dernier, dans le cadre de l&rsquo;instruction d&rsquo;une plainte d\u00e9pos\u00e9e \u00e0 New York par des victimes du 11-Septembre ou leurs proches contre l&rsquo;Arabie Saoudite.<\/p>\n<p>Ses d\u00e9clarations ont \u00e9t\u00e9 rendues publiques, ce mardi, par le tribunal de New York, ce qui n&rsquo;a bien s\u00fbr pas manqu\u00e9 d&rsquo;alerter l&rsquo;Arabie saoudite. Le pays a, ainsi, tenu \u00e0 apporter un d\u00e9menti formel de ces accusations, rappelant que \u00abMoussaoui \u00e9tait un criminel d\u00e9rang\u00e9\u00bb, dont \u00abaucune preuve ne soutenait les all\u00e9gations\u00bb, et dont \u00ables paroles n&rsquo;ont aucune cr\u00e9dibilit\u00e9\u00bb.<\/p>\n<p>Si l&rsquo;\u00e9tat mental de Moussaoui avait certes \u00e9t\u00e9 mis en cause lors de son proc\u00e8s en 2006, l&rsquo;homme avait pourtant bel et bien \u00e9t\u00e9 jug\u00e9 p\u00e9nalement responsable de ses actes.<\/p>\n<p>Dans les 127 pages de retranscription de ses auditions, Zacarias Moussaoui affirme que l&rsquo;argent de riches donateurs saoudiens \u00e9tait \u00abcrucial\u00bb \u00e0 Al-Qa\u00efda \u00e0 la fin des ann\u00e9es 1990.<\/p>\n<p>Parmi les princes saoudiens vis\u00e9s, Moussaoui cite notamment Turki al-Faisal, ancien chef du renseignement saoudien, ou encore Bandar Ben Sultan, ancien ambassadeur du pays \u00e0 Washington. Il \u00e9voque, par ailleurs, des sommes allant de 2 \u00e0 3 millions de dollars vers\u00e9es \u00e0 chaque rencontre avec l&rsquo;organisation terroriste.<\/p>\n<p>Zacarias Moussaoui ajoute avoir \u00e9t\u00e9 en contact avec un responsable religieux de l&rsquo;ambassade d&rsquo;Arabie Saoudite aux Etats-Unis, au sujet des \u00abefforts d&rsquo;Al-Qa\u00efda pour mener une attaque terroriste sur le sol am\u00e9ricain\u00bb, selon les mots de Sean Carter, l&rsquo;avocat des plaignants.<\/p>\n","protected":false},"excerpt":{"rendered":"<p>Zacarias Moussaoui implique des princes saoudiens dans les attentats du 11-Septembre<\/p>\n","protected":false},"author":3222,"featured_media":319121,"comment_status":"open","ping_status":"closed","sticky":false,"template":"","format":"standard","meta":{"footnotes":""},"categories":[2598],"tags":[2600],"class_list":["post-184198","post","type-post","status-publish","format-standard","has-post-thumbnail","hentry","category-international","tag-guerre"],"yoast_head":"<!-- This site is optimized with the Yoast SEO Premium plugin v27.5 (Yoast SEO v27.5) - https:\/\/yoast.com\/product\/yoast-seo-premium-wordpress\/ -->\n<title>Zacarias Moussaoui implique des princes saoudiens dans les attentats du 11-Septembre<\/title>\n<meta name=\"description\" content=\"Zacarias Moussaoui implique des princes saoudiens dans les attentats du 11-Septembre\" \/>\n<link rel=\"canonical\" href=\"https:\/\/www.webdo.tn\/fr\/actualite\/international\/zacarias-moussaoui-implique-des-princes-saoudiens-dans-les-attentats-du-11-septembre\/184198\/\" \/>\n<meta property=\"og:locale\" content=\"fr_FR\" \/>\n<meta property=\"og:type\" content=\"article\" \/>\n<meta property=\"og:title\" content=\"Zacarias Moussaoui implique des princes saoudiens dans les attentats du 11-Septembre\" \/>\n<meta property=\"og:description\" content=\"Zacarias Moussaoui implique des princes saoudiens dans les attentats du 11-Septembre\" \/>\n<meta property=\"og:url\" content=\"https:\/\/www.webdo.tn\/fr\/actualite\/international\/zacarias-moussaoui-implique-des-princes-saoudiens-dans-les-attentats-du-11-septembre\/184198\/\" \/>\n<meta property=\"og:site_name\" content=\"webdo\" \/>\n<meta property=\"article:publisher\" content=\"https:\/\/www.facebook.com\/webdotn\" \/>\n<meta property=\"article:published_time\" content=\"2015-02-05T15:57:00+00:00\" \/>\n<meta property=\"article:modified_time\" content=\"2025-05-18T22:21:29+00:00\" \/>\n<meta property=\"og:image\" content=\"https:\/\/www.webdo.tn\/fr\/wp-content\/uploads\/2015\/02\/Zacarias-moussaoui-233x300-1.jpg\" \/>\n\t<meta property=\"og:image:width\" content=\"233\" \/>\n\t<meta property=\"og:image:height\" content=\"300\" \/>\n\t<meta property=\"og:image:type\" content=\"image\/jpeg\" \/>\n<meta name=\"author\" content=\"webdo.tn\" \/>\n<meta name=\"twitter:card\" content=\"summary_large_image\" \/>\n<meta name=\"twitter:creator\" content=\"@webdo_tn\" \/>\n<meta name=\"twitter:site\" content=\"@webdo_tn\" \/>\n<meta name=\"twitter:label1\" content=\"\u00c9crit par\" \/>\n\t<meta name=\"twitter:data1\" content=\"webdo.tn\" \/>\n\t<meta name=\"twitter:label2\" content=\"Dur\u00e9e de lecture estim\u00e9e\" \/>\n\t<meta name=\"twitter:data2\" content=\"2 minutes\" \/>\n<script type=\"application\/ld+json\" class=\"yoast-schema-graph\">{\"@context\":\"https:\\\/\\\/schema.org\",\"@graph\":[{\"@type\":\"NewsArticle\",\"@id\":\"https:\\\/\\\/www.webdo.tn\\\/fr\\\/actualite\\\/international\\\/zacarias-moussaoui-implique-des-princes-saoudiens-dans-les-attentats-du-11-septembre\\\/184198\\\/#article\",\"isPartOf\":{\"@id\":\"https:\\\/\\\/www.webdo.tn\\\/fr\\\/actualite\\\/international\\\/zacarias-moussaoui-implique-des-princes-saoudiens-dans-les-attentats-du-11-septembre\\\/184198\\\/\"},\"author\":{\"name\":\"webdo.tn\",\"@id\":\"https:\\\/\\\/www.webdo.tn\\\/fr\\\/#\\\/schema\\\/person\\\/9a9c6118d687c117df8ef3cc36a4d175\"},\"headline\":\"Zacarias Moussaoui implique des princes saoudiens dans les attentats du 11-Septembre\",\"datePublished\":\"2015-02-05T15:57:00+00:00\",\"dateModified\":\"2025-05-18T22:21:29+00:00\",\"mainEntityOfPage\":{\"@id\":\"https:\\\/\\\/www.webdo.tn\\\/fr\\\/actualite\\\/international\\\/zacarias-moussaoui-implique-des-princes-saoudiens-dans-les-attentats-du-11-septembre\\\/184198\\\/\"},\"wordCount\":343,\"commentCount\":0,\"publisher\":{\"@id\":\"https:\\\/\\\/www.webdo.tn\\\/fr\\\/#organization\"},\"image\":{\"@id\":\"https:\\\/\\\/www.webdo.tn\\\/fr\\\/actualite\\\/international\\\/zacarias-moussaoui-implique-des-princes-saoudiens-dans-les-attentats-du-11-septembre\\\/184198\\\/#primaryimage\"},\"thumbnailUrl\":\"https:\\\/\\\/www.webdo.tn\\\/fr\\\/wp-content\\\/uploads\\\/2015\\\/02\\\/Zacarias-moussaoui-233x300-1.jpg\",\"keywords\":[\"guerre\"],\"articleSection\":[\"International\"],\"inLanguage\":\"fr-FR\"},{\"@type\":\"WebPage\",\"@id\":\"https:\\\/\\\/www.webdo.tn\\\/fr\\\/actualite\\\/international\\\/zacarias-moussaoui-implique-des-princes-saoudiens-dans-les-attentats-du-11-septembre\\\/184198\\\/\",\"url\":\"https:\\\/\\\/www.webdo.tn\\\/fr\\\/actualite\\\/international\\\/zacarias-moussaoui-implique-des-princes-saoudiens-dans-les-attentats-du-11-septembre\\\/184198\\\/\",\"name\":\"Zacarias Moussaoui implique des princes saoudiens dans les attentats du 11-Septembre\",\"isPartOf\":{\"@id\":\"https:\\\/\\\/www.webdo.tn\\\/fr\\\/#website\"},\"primaryImageOfPage\":{\"@id\":\"https:\\\/\\\/www.webdo.tn\\\/fr\\\/actualite\\\/international\\\/zacarias-moussaoui-implique-des-princes-saoudiens-dans-les-attentats-du-11-septembre\\\/184198\\\/#primaryimage\"},\"image\":{\"@id\":\"https:\\\/\\\/www.webdo.tn\\\/fr\\\/actualite\\\/international\\\/zacarias-moussaoui-implique-des-princes-saoudiens-dans-les-attentats-du-11-septembre\\\/184198\\\/#primaryimage\"},\"thumbnailUrl\":\"https:\\\/\\\/www.webdo.tn\\\/fr\\\/wp-content\\\/uploads\\\/2015\\\/02\\\/Zacarias-moussaoui-233x300-1.jpg\",\"datePublished\":\"2015-02-05T15:57:00+00:00\",\"dateModified\":\"2025-05-18T22:21:29+00:00\",\"description\":\"Zacarias Moussaoui implique des princes saoudiens dans les attentats du 11-Septembre\",\"breadcrumb\":{\"@id\":\"https:\\\/\\\/www.webdo.tn\\\/fr\\\/actualite\\\/international\\\/zacarias-moussaoui-implique-des-princes-saoudiens-dans-les-attentats-du-11-septembre\\\/184198\\\/#breadcrumb\"},\"inLanguage\":\"fr-FR\",\"potentialAction\":[{\"@type\":\"ReadAction\",\"target\":[\"https:\\\/\\\/www.webdo.tn\\\/fr\\\/actualite\\\/international\\\/zacarias-moussaoui-implique-des-princes-saoudiens-dans-les-attentats-du-11-septembre\\\/184198\\\/\"]}]},{\"@type\":\"ImageObject\",\"inLanguage\":\"fr-FR\",\"@id\":\"https:\\\/\\\/www.webdo.tn\\\/fr\\\/actualite\\\/international\\\/zacarias-moussaoui-implique-des-princes-saoudiens-dans-les-attentats-du-11-septembre\\\/184198\\\/#primaryimage\",\"url\":\"https:\\\/\\\/www.webdo.tn\\\/fr\\\/wp-content\\\/uploads\\\/2015\\\/02\\\/Zacarias-moussaoui-233x300-1.jpg\",\"contentUrl\":\"https:\\\/\\\/www.webdo.tn\\\/fr\\\/wp-content\\\/uploads\\\/2015\\\/02\\\/Zacarias-moussaoui-233x300-1.jpg\",\"width\":233,\"height\":300,\"caption\":\"Zacarias Moussaoui implique des princes saoudiens dans les attentats du 11-Septembre\"},{\"@type\":\"BreadcrumbList\",\"@id\":\"https:\\\/\\\/www.webdo.tn\\\/fr\\\/actualite\\\/international\\\/zacarias-moussaoui-implique-des-princes-saoudiens-dans-les-attentats-du-11-septembre\\\/184198\\\/#breadcrumb\",\"itemListElement\":[{\"@type\":\"ListItem\",\"position\":1,\"name\":\"Accueil\",\"item\":\"https:\\\/\\\/www.webdo.tn\\\/fr\\\/\"},{\"@type\":\"ListItem\",\"position\":2,\"name\":\"Zacarias Moussaoui implique des princes saoudiens dans les attentats du 11-Septembre\"}]},{\"@type\":\"WebSite\",\"@id\":\"https:\\\/\\\/www.webdo.tn\\\/fr\\\/#website\",\"url\":\"https:\\\/\\\/www.webdo.tn\\\/fr\\\/\",\"name\":\"webdo\",\"description\":\"Tunisie - News en Tunisie et \u00e0 l&#039;international sur Webdo.tn\",\"publisher\":{\"@id\":\"https:\\\/\\\/www.webdo.tn\\\/fr\\\/#organization\"},\"potentialAction\":[{\"@type\":\"SearchAction\",\"target\":{\"@type\":\"EntryPoint\",\"urlTemplate\":\"https:\\\/\\\/www.webdo.tn\\\/fr\\\/?s={search_term_string}\"},\"query-input\":{\"@type\":\"PropertyValueSpecification\",\"valueRequired\":true,\"valueName\":\"search_term_string\"}}],\"inLanguage\":\"fr-FR\"},{\"@type\":\"Organization\",\"@id\":\"https:\\\/\\\/www.webdo.tn\\\/fr\\\/#organization\",\"name\":\"Webdo\",\"alternateName\":\"Webdo.tn\",\"url\":\"https:\\\/\\\/www.webdo.tn\\\/fr\\\/\",\"logo\":{\"@type\":\"ImageObject\",\"inLanguage\":\"fr-FR\",\"@id\":\"https:\\\/\\\/www.webdo.tn\\\/fr\\\/#\\\/schema\\\/logo\\\/image\\\/\",\"url\":\"https:\\\/\\\/www.webdo.tn\\\/fr\\\/wp-content\\\/uploads\\\/2025\\\/06\\\/Webdo-Tunisie_168377.jpg\",\"contentUrl\":\"https:\\\/\\\/www.webdo.tn\\\/fr\\\/wp-content\\\/uploads\\\/2025\\\/06\\\/Webdo-Tunisie_168377.jpg\",\"width\":301,\"height\":301,\"caption\":\"Webdo\"},\"image\":{\"@id\":\"https:\\\/\\\/www.webdo.tn\\\/fr\\\/#\\\/schema\\\/logo\\\/image\\\/\"},\"sameAs\":[\"https:\\\/\\\/www.facebook.com\\\/webdotn\",\"https:\\\/\\\/x.com\\\/webdo_tn\"],\"description\":\"Webdo est un m\u00e9dia num\u00e9rique tunisien fond\u00e9 en 2010, sp\u00e9cialis\u00e9 dans l\u2019actualit\u00e9 nationale et internationale, l\u2019\u00e9conomie, la soci\u00e9t\u00e9 et les analyses politiques. Le site s\u2019adresse \u00e0 un large public francophone et couvre l\u2019information tunisienne en temps r\u00e9el.\",\"email\":\"redac@webdo.tn\",\"legalName\":\"YNJ SARL\",\"foundingDate\":\"2010-09-06\",\"numberOfEmployees\":{\"@type\":\"QuantitativeValue\",\"minValue\":\"11\",\"maxValue\":\"50\"}},{\"@type\":\"Person\",\"@id\":\"https:\\\/\\\/www.webdo.tn\\\/fr\\\/#\\\/schema\\\/person\\\/9a9c6118d687c117df8ef3cc36a4d175\",\"name\":\"webdo.tn\",\"image\":{\"@type\":\"ImageObject\",\"inLanguage\":\"fr-FR\",\"@id\":\"https:\\\/\\\/secure.gravatar.com\\\/avatar\\\/7ce1f28c0c3bbac99ff550b85ef8e44a6950c6ee24514fb6a5489e51d06f0298?s=96&d=mm&r=g\",\"url\":\"https:\\\/\\\/secure.gravatar.com\\\/avatar\\\/7ce1f28c0c3bbac99ff550b85ef8e44a6950c6ee24514fb6a5489e51d06f0298?s=96&d=mm&r=g\",\"contentUrl\":\"https:\\\/\\\/secure.gravatar.com\\\/avatar\\\/7ce1f28c0c3bbac99ff550b85ef8e44a6950c6ee24514fb6a5489e51d06f0298?s=96&d=mm&r=g\",\"caption\":\"webdo.tn\"},\"url\":\"https:\\\/\\\/www.webdo.tn\\\/fr\\\/actualite\\\/author\\\/webdotn\\\/\"}]}<\/script>\n<!-- \/ Yoast SEO Premium plugin. -->","yoast_head_json":{"title":"Zacarias Moussaoui implique des princes saoudiens dans les attentats du 11-Septembre","description":"Zacarias Moussaoui implique des princes saoudiens dans les attentats du 11-Septembre","canonical":"https:\/\/www.webdo.tn\/fr\/actualite\/international\/zacarias-moussaoui-implique-des-princes-saoudiens-dans-les-attentats-du-11-septembre\/184198\/","og_locale":"fr_FR","og_type":"article","og_title":"Zacarias Moussaoui implique des princes saoudiens dans les attentats du 11-Septembre","og_description":"Zacarias Moussaoui implique des princes saoudiens dans les attentats du 11-Septembre","og_url":"https:\/\/www.webdo.tn\/fr\/actualite\/international\/zacarias-moussaoui-implique-des-princes-saoudiens-dans-les-attentats-du-11-septembre\/184198\/","og_site_name":"webdo","article_publisher":"https:\/\/www.facebook.com\/webdotn","article_published_time":"2015-02-05T15:57:00+00:00","article_modified_time":"2025-05-18T22:21:29+00:00","og_image":[{"width":233,"height":300,"url":"https:\/\/www.webdo.tn\/fr\/wp-content\/uploads\/2015\/02\/Zacarias-moussaoui-233x300-1.jpg","type":"image\/jpeg"}],"author":"webdo.tn","twitter_card":"summary_large_image","twitter_creator":"@webdo_tn","twitter_site":"@webdo_tn","twitter_misc":{"\u00c9crit par":"webdo.tn","Dur\u00e9e de lecture estim\u00e9e":"2 minutes"},"schema":{"@context":"https:\/\/schema.org","@graph":[{"@type":"NewsArticle","@id":"https:\/\/www.webdo.tn\/fr\/actualite\/international\/zacarias-moussaoui-implique-des-princes-saoudiens-dans-les-attentats-du-11-septembre\/184198\/#article","isPartOf":{"@id":"https:\/\/www.webdo.tn\/fr\/actualite\/international\/zacarias-moussaoui-implique-des-princes-saoudiens-dans-les-attentats-du-11-septembre\/184198\/"},"author":{"name":"webdo.tn","@id":"https:\/\/www.webdo.tn\/fr\/#\/schema\/person\/9a9c6118d687c117df8ef3cc36a4d175"},"headline":"Zacarias Moussaoui implique des princes saoudiens dans les attentats du 11-Septembre","datePublished":"2015-02-05T15:57:00+00:00","dateModified":"2025-05-18T22:21:29+00:00","mainEntityOfPage":{"@id":"https:\/\/www.webdo.tn\/fr\/actualite\/international\/zacarias-moussaoui-implique-des-princes-saoudiens-dans-les-attentats-du-11-septembre\/184198\/"},"wordCount":343,"commentCount":0,"publisher":{"@id":"https:\/\/www.webdo.tn\/fr\/#organization"},"image":{"@id":"https:\/\/www.webdo.tn\/fr\/actualite\/international\/zacarias-moussaoui-implique-des-princes-saoudiens-dans-les-attentats-du-11-septembre\/184198\/#primaryimage"},"thumbnailUrl":"https:\/\/www.webdo.tn\/fr\/wp-content\/uploads\/2015\/02\/Zacarias-moussaoui-233x300-1.jpg","keywords":["guerre"],"articleSection":["International"],"inLanguage":"fr-FR"},{"@type":"WebPage","@id":"https:\/\/www.webdo.tn\/fr\/actualite\/international\/zacarias-moussaoui-implique-des-princes-saoudiens-dans-les-attentats-du-11-septembre\/184198\/","url":"https:\/\/www.webdo.tn\/fr\/actualite\/international\/zacarias-moussaoui-implique-des-princes-saoudiens-dans-les-attentats-du-11-septembre\/184198\/","name":"Zacarias Moussaoui implique des princes saoudiens dans les attentats du 11-Septembre","isPartOf":{"@id":"https:\/\/www.webdo.tn\/fr\/#website"},"primaryImageOfPage":{"@id":"https:\/\/www.webdo.tn\/fr\/actualite\/international\/zacarias-moussaoui-implique-des-princes-saoudiens-dans-les-attentats-du-11-septembre\/184198\/#primaryimage"},"image":{"@id":"https:\/\/www.webdo.tn\/fr\/actualite\/international\/zacarias-moussaoui-implique-des-princes-saoudiens-dans-les-attentats-du-11-septembre\/184198\/#primaryimage"},"thumbnailUrl":"https:\/\/www.webdo.tn\/fr\/wp-content\/uploads\/2015\/02\/Zacarias-moussaoui-233x300-1.jpg","datePublished":"2015-02-05T15:57:00+00:00","dateModified":"2025-05-18T22:21:29+00:00","description":"Zacarias Moussaoui implique des princes saoudiens dans les attentats du 11-Septembre","breadcrumb":{"@id":"https:\/\/www.webdo.tn\/fr\/actualite\/international\/zacarias-moussaoui-implique-des-princes-saoudiens-dans-les-attentats-du-11-septembre\/184198\/#breadcrumb"},"inLanguage":"fr-FR","potentialAction":[{"@type":"ReadAction","target":["https:\/\/www.webdo.tn\/fr\/actualite\/international\/zacarias-moussaoui-implique-des-princes-saoudiens-dans-les-attentats-du-11-septembre\/184198\/"]}]},{"@type":"ImageObject","inLanguage":"fr-FR","@id":"https:\/\/www.webdo.tn\/fr\/actualite\/international\/zacarias-moussaoui-implique-des-princes-saoudiens-dans-les-attentats-du-11-septembre\/184198\/#primaryimage","url":"https:\/\/www.webdo.tn\/fr\/wp-content\/uploads\/2015\/02\/Zacarias-moussaoui-233x300-1.jpg","contentUrl":"https:\/\/www.webdo.tn\/fr\/wp-content\/uploads\/2015\/02\/Zacarias-moussaoui-233x300-1.jpg","width":233,"height":300,"caption":"Zacarias Moussaoui implique des princes saoudiens dans les attentats du 11-Septembre"},{"@type":"BreadcrumbList","@id":"https:\/\/www.webdo.tn\/fr\/actualite\/international\/zacarias-moussaoui-implique-des-princes-saoudiens-dans-les-attentats-du-11-septembre\/184198\/#breadcrumb","itemListElement":[{"@type":"ListItem","position":1,"name":"Accueil","item":"https:\/\/www.webdo.tn\/fr\/"},{"@type":"ListItem","position":2,"name":"Zacarias Moussaoui implique des princes saoudiens dans les attentats du 11-Septembre"}]},{"@type":"WebSite","@id":"https:\/\/www.webdo.tn\/fr\/#website","url":"https:\/\/www.webdo.tn\/fr\/","name":"webdo","description":"Tunisie - News en Tunisie et \u00e0 l&#039;international sur Webdo.tn","publisher":{"@id":"https:\/\/www.webdo.tn\/fr\/#organization"},"potentialAction":[{"@type":"SearchAction","target":{"@type":"EntryPoint","urlTemplate":"https:\/\/www.webdo.tn\/fr\/?s={search_term_string}"},"query-input":{"@type":"PropertyValueSpecification","valueRequired":true,"valueName":"search_term_string"}}],"inLanguage":"fr-FR"},{"@type":"Organization","@id":"https:\/\/www.webdo.tn\/fr\/#organization","name":"Webdo","alternateName":"Webdo.tn","url":"https:\/\/www.webdo.tn\/fr\/","logo":{"@type":"ImageObject","inLanguage":"fr-FR","@id":"https:\/\/www.webdo.tn\/fr\/#\/schema\/logo\/image\/","url":"https:\/\/www.webdo.tn\/fr\/wp-content\/uploads\/2025\/06\/Webdo-Tunisie_168377.jpg","contentUrl":"https:\/\/www.webdo.tn\/fr\/wp-content\/uploads\/2025\/06\/Webdo-Tunisie_168377.jpg","width":301,"height":301,"caption":"Webdo"},"image":{"@id":"https:\/\/www.webdo.tn\/fr\/#\/schema\/logo\/image\/"},"sameAs":["https:\/\/www.facebook.com\/webdotn","https:\/\/x.com\/webdo_tn"],"description":"Webdo est un m\u00e9dia num\u00e9rique tunisien fond\u00e9 en 2010, sp\u00e9cialis\u00e9 dans l\u2019actualit\u00e9 nationale et internationale, l\u2019\u00e9conomie, la soci\u00e9t\u00e9 et les analyses politiques. Le site s\u2019adresse \u00e0 un large public francophone et couvre l\u2019information tunisienne en temps r\u00e9el.","email":"redac@webdo.tn","legalName":"YNJ SARL","foundingDate":"2010-09-06","numberOfEmployees":{"@type":"QuantitativeValue","minValue":"11","maxValue":"50"}},{"@type":"Person","@id":"https:\/\/www.webdo.tn\/fr\/#\/schema\/person\/9a9c6118d687c117df8ef3cc36a4d175","name":"webdo.tn","image":{"@type":"ImageObject","inLanguage":"fr-FR","@id":"https:\/\/secure.gravatar.com\/avatar\/7ce1f28c0c3bbac99ff550b85ef8e44a6950c6ee24514fb6a5489e51d06f0298?s=96&d=mm&r=g","url":"https:\/\/secure.gravatar.com\/avatar\/7ce1f28c0c3bbac99ff550b85ef8e44a6950c6ee24514fb6a5489e51d06f0298?s=96&d=mm&r=g","contentUrl":"https:\/\/secure.gravatar.com\/avatar\/7ce1f28c0c3bbac99ff550b85ef8e44a6950c6ee24514fb6a5489e51d06f0298?s=96&d=mm&r=g","caption":"webdo.tn"},"url":"https:\/\/www.webdo.tn\/fr\/actualite\/author\/webdotn\/"}]}},"_links":{"self":[{"href":"https:\/\/www.webdo.tn\/fr\/wp-json\/wp\/v2\/posts\/184198","targetHints":{"allow":["GET"]}}],"collection":[{"href":"https:\/\/www.webdo.tn\/fr\/wp-json\/wp\/v2\/posts"}],"about":[{"href":"https:\/\/www.webdo.tn\/fr\/wp-json\/wp\/v2\/types\/post"}],"author":[{"embeddable":true,"href":"https:\/\/www.webdo.tn\/fr\/wp-json\/wp\/v2\/users\/3222"}],"replies":[{"embeddable":true,"href":"https:\/\/www.webdo.tn\/fr\/wp-json\/wp\/v2\/comments?post=184198"}],"version-history":[{"count":0,"href":"https:\/\/www.webdo.tn\/fr\/wp-json\/wp\/v2\/posts\/184198\/revisions"}],"wp:featuredmedia":[{"embeddable":true,"href":"https:\/\/www.webdo.tn\/fr\/wp-json\/wp\/v2\/media\/319121"}],"wp:attachment":[{"href":"https:\/\/www.webdo.tn\/fr\/wp-json\/wp\/v2\/media?parent=184198"}],"wp:term":[{"taxonomy":"category","embeddable":true,"href":"https:\/\/www.webdo.tn\/fr\/wp-json\/wp\/v2\/categories?post=184198"},{"taxonomy":"post_tag","embeddable":true,"href":"https:\/\/www.webdo.tn\/fr\/wp-json\/wp\/v2\/tags?post=184198"}],"curies":[{"name":"wp","href":"https:\/\/api.w.org\/{rel}","templated":true}]}}