{"id":184194,"date":"2015-02-11T10:58:00","date_gmt":"2015-02-11T10:58:00","guid":{"rendered":"https:\/\/www.webdo.tn\/fr\/actualite\/blog\/plus-de-20-000-etrangers-combattent-dans-les-rangs-de-daech-selon-les-etats-unis\/184194\/"},"modified":"2025-05-22T12:59:39","modified_gmt":"2025-05-22T12:59:39","slug":"plus-de-20-000-etrangers-combattent-dans-les-rangs-de-daech-selon-les-etats-unis","status":"publish","type":"post","link":"https:\/\/www.webdo.tn\/fr\/actualite\/international\/plus-de-20-000-etrangers-combattent-dans-les-rangs-de-daech-selon-les-etats-unis\/184194\/","title":{"rendered":"Plus de 20.000 \u00e9trangers combattent dans les rangs de \u00ab\u00a0Daech\u00a0\u00bb, selon les Etats-Unis"},"content":{"rendered":"<p>Les combattants \u00e9trangers affluent en Irak et en Syrie dans des proportions sans pr\u00e9c\u00e9dent. Ils seraient m\u00eame 20.000 aujourd&rsquo;hui \u00e0 combattre pour le groupe Etat Islamique (EI) et d&rsquo;autres organisations terroristes, Selon l&rsquo;agence am\u00e9ricaine de presse Associated Press, citant les propos des responsables des services de renseignement am\u00e9ricains ayant t\u00e9moign\u00e9 \u00e0 la Chambre devant le comit\u00e9 pour la s\u00e9curit\u00e9 nationale.<\/p>\n<p>D&rsquo;apr\u00e8s Nick Rasmussen, chef du centre national du contre-terrorisme am\u00e9ricain, leur nombre a atteint un niveau record. Un autre fait marquant est la forte pr\u00e9sence de combattants occidentaux parmi eux. Selon les responsables des renseignements am\u00e9ricains, ils seraient 3400 \u00e0 se battre pour les groupes extr\u00e9mistes. 150 citoyens ou r\u00e9sidents am\u00e9ricains auraient tent\u00e9 de se rendre en Irak et en Syrie, et certains avec succ\u00e8s.<\/p>\n<p>Le rapport du Comit\u00e9 National de s\u00e9curit\u00e9, qui doit \u00eatre publi\u00e9 ce mercredi 11 f\u00e9vrier, affirme qu&rsquo;une minorit\u00e9 d&rsquo;entre eux est toujours sur le front. Mais, les responsables am\u00e9ricains craignent surtout le retour de ces combattants dans leur pays.<\/p>\n","protected":false},"excerpt":{"rendered":"<p>Plus de 20.000 \u00e9trangers combattent dans les rangs de  Daech , selon les Etats-Unis<\/p>\n","protected":false},"author":3222,"featured_media":352302,"comment_status":"open","ping_status":"closed","sticky":false,"template":"","format":"standard","meta":{"footnotes":""},"categories":[2598],"tags":[],"class_list":["post-184194","post","type-post","status-publish","format-standard","has-post-thumbnail","hentry","category-international"],"yoast_head":"<!-- This site is optimized with the Yoast SEO Premium plugin v27.5 (Yoast SEO v27.5) - https:\/\/yoast.com\/product\/yoast-seo-premium-wordpress\/ -->\n<title>Plus de 20.000 \u00e9trangers combattent dans les rangs de Daech , selon les Etats-Unis<\/title>\n<meta name=\"description\" content=\"Plus de 20.000 \u00e9trangers combattent dans les rangs de Daech , selon les Etats-Unis\" \/>\n<link rel=\"canonical\" href=\"https:\/\/www.webdo.tn\/fr\/actualite\/international\/plus-de-20-000-etrangers-combattent-dans-les-rangs-de-daech-selon-les-etats-unis\/184194\/\" \/>\n<meta property=\"og:locale\" content=\"fr_FR\" \/>\n<meta property=\"og:type\" content=\"article\" \/>\n<meta property=\"og:title\" content=\"Plus de 20.000 \u00e9trangers combattent dans les rangs de &quot;Daech&quot;, selon les Etats-Unis\" \/>\n<meta property=\"og:description\" content=\"Plus de 20.000 \u00e9trangers combattent dans les rangs de Daech , selon les Etats-Unis\" \/>\n<meta property=\"og:url\" content=\"https:\/\/www.webdo.tn\/fr\/actualite\/international\/plus-de-20-000-etrangers-combattent-dans-les-rangs-de-daech-selon-les-etats-unis\/184194\/\" \/>\n<meta property=\"og:site_name\" content=\"webdo\" \/>\n<meta property=\"article:publisher\" content=\"https:\/\/www.facebook.com\/webdotn\" \/>\n<meta property=\"article:published_time\" content=\"2015-02-11T10:58:00+00:00\" \/>\n<meta property=\"article:modified_time\" content=\"2025-05-22T12:59:39+00:00\" \/>\n<meta property=\"og:image\" content=\"https:\/\/www.webdo.tn\/fr\/wp-content\/uploads\/2015\/02\/Etat-islamique-credit-europe1.jpg\" \/>\n\t<meta property=\"og:image:width\" content=\"600\" \/>\n\t<meta property=\"og:image:height\" content=\"300\" \/>\n\t<meta property=\"og:image:type\" content=\"image\/jpeg\" \/>\n<meta name=\"author\" content=\"webdo.tn\" \/>\n<meta name=\"twitter:card\" content=\"summary_large_image\" \/>\n<meta name=\"twitter:creator\" content=\"@webdo_tn\" \/>\n<meta name=\"twitter:site\" content=\"@webdo_tn\" \/>\n<meta name=\"twitter:label1\" content=\"\u00c9crit par\" \/>\n\t<meta name=\"twitter:data1\" content=\"webdo.tn\" \/>\n\t<meta name=\"twitter:label2\" content=\"Dur\u00e9e de lecture estim\u00e9e\" \/>\n\t<meta name=\"twitter:data2\" content=\"1 minute\" \/>\n<script type=\"application\/ld+json\" class=\"yoast-schema-graph\">{\"@context\":\"https:\\\/\\\/schema.org\",\"@graph\":[{\"@type\":\"NewsArticle\",\"@id\":\"https:\\\/\\\/www.webdo.tn\\\/fr\\\/actualite\\\/international\\\/plus-de-20-000-etrangers-combattent-dans-les-rangs-de-daech-selon-les-etats-unis\\\/184194\\\/#article\",\"isPartOf\":{\"@id\":\"https:\\\/\\\/www.webdo.tn\\\/fr\\\/actualite\\\/international\\\/plus-de-20-000-etrangers-combattent-dans-les-rangs-de-daech-selon-les-etats-unis\\\/184194\\\/\"},\"author\":{\"name\":\"webdo.tn\",\"@id\":\"https:\\\/\\\/www.webdo.tn\\\/fr\\\/#\\\/schema\\\/person\\\/9a9c6118d687c117df8ef3cc36a4d175\"},\"headline\":\"Plus de 20.000 \u00e9trangers combattent dans les rangs de \u00ab\u00a0Daech\u00a0\u00bb, selon les Etats-Unis\",\"datePublished\":\"2015-02-11T10:58:00+00:00\",\"dateModified\":\"2025-05-22T12:59:39+00:00\",\"mainEntityOfPage\":{\"@id\":\"https:\\\/\\\/www.webdo.tn\\\/fr\\\/actualite\\\/international\\\/plus-de-20-000-etrangers-combattent-dans-les-rangs-de-daech-selon-les-etats-unis\\\/184194\\\/\"},\"wordCount\":193,\"commentCount\":0,\"publisher\":{\"@id\":\"https:\\\/\\\/www.webdo.tn\\\/fr\\\/#organization\"},\"image\":{\"@id\":\"https:\\\/\\\/www.webdo.tn\\\/fr\\\/actualite\\\/international\\\/plus-de-20-000-etrangers-combattent-dans-les-rangs-de-daech-selon-les-etats-unis\\\/184194\\\/#primaryimage\"},\"thumbnailUrl\":\"https:\\\/\\\/www.webdo.tn\\\/fr\\\/wp-content\\\/uploads\\\/2015\\\/02\\\/Etat-islamique-credit-europe1.jpg\",\"articleSection\":[\"International\"],\"inLanguage\":\"fr-FR\"},{\"@type\":\"WebPage\",\"@id\":\"https:\\\/\\\/www.webdo.tn\\\/fr\\\/actualite\\\/international\\\/plus-de-20-000-etrangers-combattent-dans-les-rangs-de-daech-selon-les-etats-unis\\\/184194\\\/\",\"url\":\"https:\\\/\\\/www.webdo.tn\\\/fr\\\/actualite\\\/international\\\/plus-de-20-000-etrangers-combattent-dans-les-rangs-de-daech-selon-les-etats-unis\\\/184194\\\/\",\"name\":\"Plus de 20.000 \u00e9trangers combattent dans les rangs de Daech , selon les Etats-Unis\",\"isPartOf\":{\"@id\":\"https:\\\/\\\/www.webdo.tn\\\/fr\\\/#website\"},\"primaryImageOfPage\":{\"@id\":\"https:\\\/\\\/www.webdo.tn\\\/fr\\\/actualite\\\/international\\\/plus-de-20-000-etrangers-combattent-dans-les-rangs-de-daech-selon-les-etats-unis\\\/184194\\\/#primaryimage\"},\"image\":{\"@id\":\"https:\\\/\\\/www.webdo.tn\\\/fr\\\/actualite\\\/international\\\/plus-de-20-000-etrangers-combattent-dans-les-rangs-de-daech-selon-les-etats-unis\\\/184194\\\/#primaryimage\"},\"thumbnailUrl\":\"https:\\\/\\\/www.webdo.tn\\\/fr\\\/wp-content\\\/uploads\\\/2015\\\/02\\\/Etat-islamique-credit-europe1.jpg\",\"datePublished\":\"2015-02-11T10:58:00+00:00\",\"dateModified\":\"2025-05-22T12:59:39+00:00\",\"description\":\"Plus de 20.000 \u00e9trangers combattent dans les rangs de Daech , selon les Etats-Unis\",\"breadcrumb\":{\"@id\":\"https:\\\/\\\/www.webdo.tn\\\/fr\\\/actualite\\\/international\\\/plus-de-20-000-etrangers-combattent-dans-les-rangs-de-daech-selon-les-etats-unis\\\/184194\\\/#breadcrumb\"},\"inLanguage\":\"fr-FR\",\"potentialAction\":[{\"@type\":\"ReadAction\",\"target\":[\"https:\\\/\\\/www.webdo.tn\\\/fr\\\/actualite\\\/international\\\/plus-de-20-000-etrangers-combattent-dans-les-rangs-de-daech-selon-les-etats-unis\\\/184194\\\/\"]}]},{\"@type\":\"ImageObject\",\"inLanguage\":\"fr-FR\",\"@id\":\"https:\\\/\\\/www.webdo.tn\\\/fr\\\/actualite\\\/international\\\/plus-de-20-000-etrangers-combattent-dans-les-rangs-de-daech-selon-les-etats-unis\\\/184194\\\/#primaryimage\",\"url\":\"https:\\\/\\\/www.webdo.tn\\\/fr\\\/wp-content\\\/uploads\\\/2015\\\/02\\\/Etat-islamique-credit-europe1.jpg\",\"contentUrl\":\"https:\\\/\\\/www.webdo.tn\\\/fr\\\/wp-content\\\/uploads\\\/2015\\\/02\\\/Etat-islamique-credit-europe1.jpg\",\"width\":600,\"height\":300,\"caption\":\"Plus de 20.000 \u00e9trangers combattent dans les rangs de \\\"Daech\\\", selon les Etats-Unis\"},{\"@type\":\"BreadcrumbList\",\"@id\":\"https:\\\/\\\/www.webdo.tn\\\/fr\\\/actualite\\\/international\\\/plus-de-20-000-etrangers-combattent-dans-les-rangs-de-daech-selon-les-etats-unis\\\/184194\\\/#breadcrumb\",\"itemListElement\":[{\"@type\":\"ListItem\",\"position\":1,\"name\":\"Accueil\",\"item\":\"https:\\\/\\\/www.webdo.tn\\\/fr\\\/\"},{\"@type\":\"ListItem\",\"position\":2,\"name\":\"Plus de 20.000 \u00e9trangers combattent dans les rangs de \u00ab\u00a0Daech\u00a0\u00bb, selon les Etats-Unis\"}]},{\"@type\":\"WebSite\",\"@id\":\"https:\\\/\\\/www.webdo.tn\\\/fr\\\/#website\",\"url\":\"https:\\\/\\\/www.webdo.tn\\\/fr\\\/\",\"name\":\"webdo\",\"description\":\"Tunisie - News en Tunisie et \u00e0 l&#039;international sur Webdo.tn\",\"publisher\":{\"@id\":\"https:\\\/\\\/www.webdo.tn\\\/fr\\\/#organization\"},\"potentialAction\":[{\"@type\":\"SearchAction\",\"target\":{\"@type\":\"EntryPoint\",\"urlTemplate\":\"https:\\\/\\\/www.webdo.tn\\\/fr\\\/?s={search_term_string}\"},\"query-input\":{\"@type\":\"PropertyValueSpecification\",\"valueRequired\":true,\"valueName\":\"search_term_string\"}}],\"inLanguage\":\"fr-FR\"},{\"@type\":\"Organization\",\"@id\":\"https:\\\/\\\/www.webdo.tn\\\/fr\\\/#organization\",\"name\":\"Webdo\",\"alternateName\":\"Webdo.tn\",\"url\":\"https:\\\/\\\/www.webdo.tn\\\/fr\\\/\",\"logo\":{\"@type\":\"ImageObject\",\"inLanguage\":\"fr-FR\",\"@id\":\"https:\\\/\\\/www.webdo.tn\\\/fr\\\/#\\\/schema\\\/logo\\\/image\\\/\",\"url\":\"https:\\\/\\\/www.webdo.tn\\\/fr\\\/wp-content\\\/uploads\\\/2025\\\/06\\\/Webdo-Tunisie_168377.jpg\",\"contentUrl\":\"https:\\\/\\\/www.webdo.tn\\\/fr\\\/wp-content\\\/uploads\\\/2025\\\/06\\\/Webdo-Tunisie_168377.jpg\",\"width\":301,\"height\":301,\"caption\":\"Webdo\"},\"image\":{\"@id\":\"https:\\\/\\\/www.webdo.tn\\\/fr\\\/#\\\/schema\\\/logo\\\/image\\\/\"},\"sameAs\":[\"https:\\\/\\\/www.facebook.com\\\/webdotn\",\"https:\\\/\\\/x.com\\\/webdo_tn\"],\"description\":\"Webdo est un m\u00e9dia num\u00e9rique tunisien fond\u00e9 en 2010, sp\u00e9cialis\u00e9 dans l\u2019actualit\u00e9 nationale et internationale, l\u2019\u00e9conomie, la soci\u00e9t\u00e9 et les analyses politiques. Le site s\u2019adresse \u00e0 un large public francophone et couvre l\u2019information tunisienne en temps r\u00e9el.\",\"email\":\"redac@webdo.tn\",\"legalName\":\"YNJ SARL\",\"foundingDate\":\"2010-09-06\",\"numberOfEmployees\":{\"@type\":\"QuantitativeValue\",\"minValue\":\"11\",\"maxValue\":\"50\"}},{\"@type\":\"Person\",\"@id\":\"https:\\\/\\\/www.webdo.tn\\\/fr\\\/#\\\/schema\\\/person\\\/9a9c6118d687c117df8ef3cc36a4d175\",\"name\":\"webdo.tn\",\"image\":{\"@type\":\"ImageObject\",\"inLanguage\":\"fr-FR\",\"@id\":\"https:\\\/\\\/secure.gravatar.com\\\/avatar\\\/7ce1f28c0c3bbac99ff550b85ef8e44a6950c6ee24514fb6a5489e51d06f0298?s=96&d=mm&r=g\",\"url\":\"https:\\\/\\\/secure.gravatar.com\\\/avatar\\\/7ce1f28c0c3bbac99ff550b85ef8e44a6950c6ee24514fb6a5489e51d06f0298?s=96&d=mm&r=g\",\"contentUrl\":\"https:\\\/\\\/secure.gravatar.com\\\/avatar\\\/7ce1f28c0c3bbac99ff550b85ef8e44a6950c6ee24514fb6a5489e51d06f0298?s=96&d=mm&r=g\",\"caption\":\"webdo.tn\"},\"url\":\"https:\\\/\\\/www.webdo.tn\\\/fr\\\/actualite\\\/author\\\/webdotn\\\/\"}]}<\/script>\n<!-- \/ Yoast SEO Premium plugin. -->","yoast_head_json":{"title":"Plus de 20.000 \u00e9trangers combattent dans les rangs de Daech , selon les Etats-Unis","description":"Plus de 20.000 \u00e9trangers combattent dans les rangs de Daech , selon les Etats-Unis","canonical":"https:\/\/www.webdo.tn\/fr\/actualite\/international\/plus-de-20-000-etrangers-combattent-dans-les-rangs-de-daech-selon-les-etats-unis\/184194\/","og_locale":"fr_FR","og_type":"article","og_title":"Plus de 20.000 \u00e9trangers combattent dans les rangs de \"Daech\", selon les Etats-Unis","og_description":"Plus de 20.000 \u00e9trangers combattent dans les rangs de Daech , selon les Etats-Unis","og_url":"https:\/\/www.webdo.tn\/fr\/actualite\/international\/plus-de-20-000-etrangers-combattent-dans-les-rangs-de-daech-selon-les-etats-unis\/184194\/","og_site_name":"webdo","article_publisher":"https:\/\/www.facebook.com\/webdotn","article_published_time":"2015-02-11T10:58:00+00:00","article_modified_time":"2025-05-22T12:59:39+00:00","og_image":[{"width":600,"height":300,"url":"https:\/\/www.webdo.tn\/fr\/wp-content\/uploads\/2015\/02\/Etat-islamique-credit-europe1.jpg","type":"image\/jpeg"}],"author":"webdo.tn","twitter_card":"summary_large_image","twitter_creator":"@webdo_tn","twitter_site":"@webdo_tn","twitter_misc":{"\u00c9crit par":"webdo.tn","Dur\u00e9e de lecture estim\u00e9e":"1 minute"},"schema":{"@context":"https:\/\/schema.org","@graph":[{"@type":"NewsArticle","@id":"https:\/\/www.webdo.tn\/fr\/actualite\/international\/plus-de-20-000-etrangers-combattent-dans-les-rangs-de-daech-selon-les-etats-unis\/184194\/#article","isPartOf":{"@id":"https:\/\/www.webdo.tn\/fr\/actualite\/international\/plus-de-20-000-etrangers-combattent-dans-les-rangs-de-daech-selon-les-etats-unis\/184194\/"},"author":{"name":"webdo.tn","@id":"https:\/\/www.webdo.tn\/fr\/#\/schema\/person\/9a9c6118d687c117df8ef3cc36a4d175"},"headline":"Plus de 20.000 \u00e9trangers combattent dans les rangs de \u00ab\u00a0Daech\u00a0\u00bb, selon les Etats-Unis","datePublished":"2015-02-11T10:58:00+00:00","dateModified":"2025-05-22T12:59:39+00:00","mainEntityOfPage":{"@id":"https:\/\/www.webdo.tn\/fr\/actualite\/international\/plus-de-20-000-etrangers-combattent-dans-les-rangs-de-daech-selon-les-etats-unis\/184194\/"},"wordCount":193,"commentCount":0,"publisher":{"@id":"https:\/\/www.webdo.tn\/fr\/#organization"},"image":{"@id":"https:\/\/www.webdo.tn\/fr\/actualite\/international\/plus-de-20-000-etrangers-combattent-dans-les-rangs-de-daech-selon-les-etats-unis\/184194\/#primaryimage"},"thumbnailUrl":"https:\/\/www.webdo.tn\/fr\/wp-content\/uploads\/2015\/02\/Etat-islamique-credit-europe1.jpg","articleSection":["International"],"inLanguage":"fr-FR"},{"@type":"WebPage","@id":"https:\/\/www.webdo.tn\/fr\/actualite\/international\/plus-de-20-000-etrangers-combattent-dans-les-rangs-de-daech-selon-les-etats-unis\/184194\/","url":"https:\/\/www.webdo.tn\/fr\/actualite\/international\/plus-de-20-000-etrangers-combattent-dans-les-rangs-de-daech-selon-les-etats-unis\/184194\/","name":"Plus de 20.000 \u00e9trangers combattent dans les rangs de Daech , selon les Etats-Unis","isPartOf":{"@id":"https:\/\/www.webdo.tn\/fr\/#website"},"primaryImageOfPage":{"@id":"https:\/\/www.webdo.tn\/fr\/actualite\/international\/plus-de-20-000-etrangers-combattent-dans-les-rangs-de-daech-selon-les-etats-unis\/184194\/#primaryimage"},"image":{"@id":"https:\/\/www.webdo.tn\/fr\/actualite\/international\/plus-de-20-000-etrangers-combattent-dans-les-rangs-de-daech-selon-les-etats-unis\/184194\/#primaryimage"},"thumbnailUrl":"https:\/\/www.webdo.tn\/fr\/wp-content\/uploads\/2015\/02\/Etat-islamique-credit-europe1.jpg","datePublished":"2015-02-11T10:58:00+00:00","dateModified":"2025-05-22T12:59:39+00:00","description":"Plus de 20.000 \u00e9trangers combattent dans les rangs de Daech , selon les Etats-Unis","breadcrumb":{"@id":"https:\/\/www.webdo.tn\/fr\/actualite\/international\/plus-de-20-000-etrangers-combattent-dans-les-rangs-de-daech-selon-les-etats-unis\/184194\/#breadcrumb"},"inLanguage":"fr-FR","potentialAction":[{"@type":"ReadAction","target":["https:\/\/www.webdo.tn\/fr\/actualite\/international\/plus-de-20-000-etrangers-combattent-dans-les-rangs-de-daech-selon-les-etats-unis\/184194\/"]}]},{"@type":"ImageObject","inLanguage":"fr-FR","@id":"https:\/\/www.webdo.tn\/fr\/actualite\/international\/plus-de-20-000-etrangers-combattent-dans-les-rangs-de-daech-selon-les-etats-unis\/184194\/#primaryimage","url":"https:\/\/www.webdo.tn\/fr\/wp-content\/uploads\/2015\/02\/Etat-islamique-credit-europe1.jpg","contentUrl":"https:\/\/www.webdo.tn\/fr\/wp-content\/uploads\/2015\/02\/Etat-islamique-credit-europe1.jpg","width":600,"height":300,"caption":"Plus de 20.000 \u00e9trangers combattent dans les rangs de \"Daech\", selon les Etats-Unis"},{"@type":"BreadcrumbList","@id":"https:\/\/www.webdo.tn\/fr\/actualite\/international\/plus-de-20-000-etrangers-combattent-dans-les-rangs-de-daech-selon-les-etats-unis\/184194\/#breadcrumb","itemListElement":[{"@type":"ListItem","position":1,"name":"Accueil","item":"https:\/\/www.webdo.tn\/fr\/"},{"@type":"ListItem","position":2,"name":"Plus de 20.000 \u00e9trangers combattent dans les rangs de \u00ab\u00a0Daech\u00a0\u00bb, selon les Etats-Unis"}]},{"@type":"WebSite","@id":"https:\/\/www.webdo.tn\/fr\/#website","url":"https:\/\/www.webdo.tn\/fr\/","name":"webdo","description":"Tunisie - News en Tunisie et \u00e0 l&#039;international sur Webdo.tn","publisher":{"@id":"https:\/\/www.webdo.tn\/fr\/#organization"},"potentialAction":[{"@type":"SearchAction","target":{"@type":"EntryPoint","urlTemplate":"https:\/\/www.webdo.tn\/fr\/?s={search_term_string}"},"query-input":{"@type":"PropertyValueSpecification","valueRequired":true,"valueName":"search_term_string"}}],"inLanguage":"fr-FR"},{"@type":"Organization","@id":"https:\/\/www.webdo.tn\/fr\/#organization","name":"Webdo","alternateName":"Webdo.tn","url":"https:\/\/www.webdo.tn\/fr\/","logo":{"@type":"ImageObject","inLanguage":"fr-FR","@id":"https:\/\/www.webdo.tn\/fr\/#\/schema\/logo\/image\/","url":"https:\/\/www.webdo.tn\/fr\/wp-content\/uploads\/2025\/06\/Webdo-Tunisie_168377.jpg","contentUrl":"https:\/\/www.webdo.tn\/fr\/wp-content\/uploads\/2025\/06\/Webdo-Tunisie_168377.jpg","width":301,"height":301,"caption":"Webdo"},"image":{"@id":"https:\/\/www.webdo.tn\/fr\/#\/schema\/logo\/image\/"},"sameAs":["https:\/\/www.facebook.com\/webdotn","https:\/\/x.com\/webdo_tn"],"description":"Webdo est un m\u00e9dia num\u00e9rique tunisien fond\u00e9 en 2010, sp\u00e9cialis\u00e9 dans l\u2019actualit\u00e9 nationale et internationale, l\u2019\u00e9conomie, la soci\u00e9t\u00e9 et les analyses politiques. Le site s\u2019adresse \u00e0 un large public francophone et couvre l\u2019information tunisienne en temps r\u00e9el.","email":"redac@webdo.tn","legalName":"YNJ SARL","foundingDate":"2010-09-06","numberOfEmployees":{"@type":"QuantitativeValue","minValue":"11","maxValue":"50"}},{"@type":"Person","@id":"https:\/\/www.webdo.tn\/fr\/#\/schema\/person\/9a9c6118d687c117df8ef3cc36a4d175","name":"webdo.tn","image":{"@type":"ImageObject","inLanguage":"fr-FR","@id":"https:\/\/secure.gravatar.com\/avatar\/7ce1f28c0c3bbac99ff550b85ef8e44a6950c6ee24514fb6a5489e51d06f0298?s=96&d=mm&r=g","url":"https:\/\/secure.gravatar.com\/avatar\/7ce1f28c0c3bbac99ff550b85ef8e44a6950c6ee24514fb6a5489e51d06f0298?s=96&d=mm&r=g","contentUrl":"https:\/\/secure.gravatar.com\/avatar\/7ce1f28c0c3bbac99ff550b85ef8e44a6950c6ee24514fb6a5489e51d06f0298?s=96&d=mm&r=g","caption":"webdo.tn"},"url":"https:\/\/www.webdo.tn\/fr\/actualite\/author\/webdotn\/"}]}},"_links":{"self":[{"href":"https:\/\/www.webdo.tn\/fr\/wp-json\/wp\/v2\/posts\/184194","targetHints":{"allow":["GET"]}}],"collection":[{"href":"https:\/\/www.webdo.tn\/fr\/wp-json\/wp\/v2\/posts"}],"about":[{"href":"https:\/\/www.webdo.tn\/fr\/wp-json\/wp\/v2\/types\/post"}],"author":[{"embeddable":true,"href":"https:\/\/www.webdo.tn\/fr\/wp-json\/wp\/v2\/users\/3222"}],"replies":[{"embeddable":true,"href":"https:\/\/www.webdo.tn\/fr\/wp-json\/wp\/v2\/comments?post=184194"}],"version-history":[{"count":0,"href":"https:\/\/www.webdo.tn\/fr\/wp-json\/wp\/v2\/posts\/184194\/revisions"}],"wp:featuredmedia":[{"embeddable":true,"href":"https:\/\/www.webdo.tn\/fr\/wp-json\/wp\/v2\/media\/352302"}],"wp:attachment":[{"href":"https:\/\/www.webdo.tn\/fr\/wp-json\/wp\/v2\/media?parent=184194"}],"wp:term":[{"taxonomy":"category","embeddable":true,"href":"https:\/\/www.webdo.tn\/fr\/wp-json\/wp\/v2\/categories?post=184194"},{"taxonomy":"post_tag","embeddable":true,"href":"https:\/\/www.webdo.tn\/fr\/wp-json\/wp\/v2\/tags?post=184194"}],"curies":[{"name":"wp","href":"https:\/\/api.w.org\/{rel}","templated":true}]}}