{"id":184192,"date":"2015-02-11T18:29:00","date_gmt":"2015-02-11T18:29:00","guid":{"rendered":"https:\/\/www.webdo.tn\/fr\/blog\/bassem-youssef-refait-surface-au-daily-show\/184192\/"},"modified":"2015-02-11T18:29:00","modified_gmt":"2015-02-11T18:29:00","slug":"bassem-youssef-refait-surface-au-daily-show","status":"publish","type":"post","link":"https:\/\/www.webdo.tn\/fr\/actualite\/international\/bassem-youssef-refait-surface-au-daily-show\/184192\/","title":{"rendered":"Bassem Youssef refait surface au \u00ab\u00a0Daily Show\u00a0\u00bb"},"content":{"rendered":"<p>Apr\u00e8s dix mois de rupture, l\u2019humoriste \u00c9gyptien Bassem Youssef a refait surface, cette fois avec son confr\u00e8re am\u00e9ricain Jon Stewart lors de son \u00e9mission \u00ab The Daily Show \u00bb sur la cha\u00eene am\u00e9ricaine Comedy Central, mardi 10 f\u00e9vrier.<\/p>\n<p>Durant cet \u00e9pisode, l\u2019animateur d\u2019 \u00ab Al Bernameg \u00bb est intervenu pendant 5 minutes en sugg\u00e9rant avec \u00ab humour \u00bb les mani\u00e8res que doivent adopter les \u00c9tats Unis afin d\u2019am\u00e9liorer les conditions du Moyen Orient.<\/p>\n<p>\u00a0<\/p>\n<div class=\"jeg_video_container jeg_video_content\"><iframe title=\"The Daily Show - An Egyptian Satirist in America - Bassem Youssef\" width=\"500\" height=\"281\" src=\"https:\/\/www.youtube.com\/embed\/T-B7l-ZMcN8?feature=oembed\" frameborder=\"0\" allow=\"accelerometer; autoplay; clipboard-write; encrypted-media; gyroscope; picture-in-picture; web-share\" referrerpolicy=\"strict-origin-when-cross-origin\" allowfullscreen><\/iframe><\/div>\n<p>Bassem Youssef a annonc\u00e9 le 2 f\u00e9vrier sur son compte twitter qu\u2019il est \u00ab fier d\u2019\u00eatre choisi par l\u2019universit\u00e9 Havrard \u00bb pour y enseigner pendant un semestre.<br \/>\nProud to be chosen by the Harvard Institute of Politics as a resident fellow pic.twitter.com\/mtMRaAr4CS<\/p>\n<p>\u2014 Dr Bassem Youssef (@DrBassemYoussef) 2 F\u00e9vrier 2015<\/p>\n<p>Jon Stewart met terme \u00e0 sa carri\u00e8re<br \/>\nDe son c\u00f4t\u00e9, le fameux humoriste am\u00e9ricain a annonc\u00e9 qu&rsquo;il allait mettre un terme \u00e0 sa carri\u00e8re m\u00e9diatique apr\u00e8s 16 ans d\u2019animation t\u00e9l\u00e9vis\u00e9e durant\u00a0son programme satirique \u00ab The Daily Show \u00bb du mardi 10 f\u00e9vrier sur \u00ab Comedy Central \u00bb, citant \u00ab \u00e7a va me manquer de venir travailler chaque jour \u00bb.<\/p>\n<div class=\"jeg_video_container jeg_video_content\"><iframe title=\"The Daily Show - Jon&#039;s Big Announcement\" width=\"500\" height=\"281\" src=\"https:\/\/www.youtube.com\/embed\/8KM_kGxVUJw?feature=oembed\" frameborder=\"0\" allow=\"accelerometer; autoplay; clipboard-write; encrypted-media; gyroscope; picture-in-picture; web-share\" referrerpolicy=\"strict-origin-when-cross-origin\" allowfullscreen><\/iframe><\/div>\n<p>\u00a0<br \/>\nNawel Bizid<\/p>\n","protected":false},"excerpt":{"rendered":"<p>Bassem Youssef refait surface au  Daily Show<\/p>\n","protected":false},"author":3222,"featured_media":335538,"comment_status":"open","ping_status":"closed","sticky":false,"template":"","format":"standard","meta":{"footnotes":""},"categories":[2598],"tags":[2600],"class_list":["post-184192","post","type-post","status-publish","format-standard","has-post-thumbnail","hentry","category-international","tag-guerre"],"yoast_head":"<!-- This site is optimized with the Yoast SEO Premium plugin v27.5 (Yoast SEO v27.5) - https:\/\/yoast.com\/product\/yoast-seo-premium-wordpress\/ -->\n<title>Bassem Youssef refait surface au Daily Show<\/title>\n<meta name=\"description\" content=\"Bassem Youssef refait surface au Daily Show\" \/>\n<link rel=\"canonical\" href=\"https:\/\/www.webdo.tn\/fr\/actualite\/international\/bassem-youssef-refait-surface-au-daily-show\/184192\/\" \/>\n<meta property=\"og:locale\" content=\"fr_FR\" \/>\n<meta property=\"og:type\" content=\"article\" \/>\n<meta property=\"og:title\" content=\"Bassem Youssef refait surface au &quot;Daily Show&quot;\" \/>\n<meta property=\"og:description\" content=\"Bassem Youssef refait surface au Daily Show\" \/>\n<meta property=\"og:url\" content=\"https:\/\/www.webdo.tn\/fr\/actualite\/international\/bassem-youssef-refait-surface-au-daily-show\/184192\/\" \/>\n<meta property=\"og:site_name\" content=\"webdo\" \/>\n<meta property=\"article:publisher\" content=\"https:\/\/www.facebook.com\/webdotn\" \/>\n<meta property=\"article:published_time\" content=\"2015-02-11T18:29:00+00:00\" \/>\n<meta property=\"og:image\" content=\"https:\/\/www.webdo.tn\/fr\/wp-content\/uploads\/2015\/02\/Jon-Stewart-et-Bassem-Youssef-e1423675675200.png\" \/>\n\t<meta property=\"og:image:width\" content=\"600\" \/>\n\t<meta property=\"og:image:height\" content=\"332\" \/>\n\t<meta property=\"og:image:type\" content=\"image\/png\" \/>\n<meta name=\"author\" content=\"webdo.tn\" \/>\n<meta name=\"twitter:card\" content=\"summary_large_image\" \/>\n<meta name=\"twitter:creator\" content=\"@webdo_tn\" \/>\n<meta name=\"twitter:site\" content=\"@webdo_tn\" \/>\n<meta name=\"twitter:label1\" content=\"\u00c9crit par\" \/>\n\t<meta name=\"twitter:data1\" content=\"webdo.tn\" \/>\n\t<meta name=\"twitter:label2\" content=\"Dur\u00e9e de lecture estim\u00e9e\" \/>\n\t<meta name=\"twitter:data2\" content=\"1 minute\" \/>\n<script type=\"application\/ld+json\" class=\"yoast-schema-graph\">{\"@context\":\"https:\\\/\\\/schema.org\",\"@graph\":[{\"@type\":\"NewsArticle\",\"@id\":\"https:\\\/\\\/www.webdo.tn\\\/fr\\\/actualite\\\/international\\\/bassem-youssef-refait-surface-au-daily-show\\\/184192\\\/#article\",\"isPartOf\":{\"@id\":\"https:\\\/\\\/www.webdo.tn\\\/fr\\\/actualite\\\/international\\\/bassem-youssef-refait-surface-au-daily-show\\\/184192\\\/\"},\"author\":{\"name\":\"webdo.tn\",\"@id\":\"https:\\\/\\\/www.webdo.tn\\\/fr\\\/#\\\/schema\\\/person\\\/9a9c6118d687c117df8ef3cc36a4d175\"},\"headline\":\"Bassem Youssef refait surface au \u00ab\u00a0Daily Show\u00a0\u00bb\",\"datePublished\":\"2015-02-11T18:29:00+00:00\",\"mainEntityOfPage\":{\"@id\":\"https:\\\/\\\/www.webdo.tn\\\/fr\\\/actualite\\\/international\\\/bassem-youssef-refait-surface-au-daily-show\\\/184192\\\/\"},\"wordCount\":217,\"commentCount\":0,\"publisher\":{\"@id\":\"https:\\\/\\\/www.webdo.tn\\\/fr\\\/#organization\"},\"image\":{\"@id\":\"https:\\\/\\\/www.webdo.tn\\\/fr\\\/actualite\\\/international\\\/bassem-youssef-refait-surface-au-daily-show\\\/184192\\\/#primaryimage\"},\"thumbnailUrl\":\"https:\\\/\\\/www.webdo.tn\\\/fr\\\/wp-content\\\/uploads\\\/2015\\\/02\\\/Jon-Stewart-et-Bassem-Youssef-e1423675675200.png\",\"keywords\":[\"guerre\"],\"articleSection\":[\"International\"],\"inLanguage\":\"fr-FR\"},{\"@type\":\"WebPage\",\"@id\":\"https:\\\/\\\/www.webdo.tn\\\/fr\\\/actualite\\\/international\\\/bassem-youssef-refait-surface-au-daily-show\\\/184192\\\/\",\"url\":\"https:\\\/\\\/www.webdo.tn\\\/fr\\\/actualite\\\/international\\\/bassem-youssef-refait-surface-au-daily-show\\\/184192\\\/\",\"name\":\"Bassem Youssef refait surface au Daily Show\",\"isPartOf\":{\"@id\":\"https:\\\/\\\/www.webdo.tn\\\/fr\\\/#website\"},\"primaryImageOfPage\":{\"@id\":\"https:\\\/\\\/www.webdo.tn\\\/fr\\\/actualite\\\/international\\\/bassem-youssef-refait-surface-au-daily-show\\\/184192\\\/#primaryimage\"},\"image\":{\"@id\":\"https:\\\/\\\/www.webdo.tn\\\/fr\\\/actualite\\\/international\\\/bassem-youssef-refait-surface-au-daily-show\\\/184192\\\/#primaryimage\"},\"thumbnailUrl\":\"https:\\\/\\\/www.webdo.tn\\\/fr\\\/wp-content\\\/uploads\\\/2015\\\/02\\\/Jon-Stewart-et-Bassem-Youssef-e1423675675200.png\",\"datePublished\":\"2015-02-11T18:29:00+00:00\",\"description\":\"Bassem Youssef refait surface au Daily Show\",\"breadcrumb\":{\"@id\":\"https:\\\/\\\/www.webdo.tn\\\/fr\\\/actualite\\\/international\\\/bassem-youssef-refait-surface-au-daily-show\\\/184192\\\/#breadcrumb\"},\"inLanguage\":\"fr-FR\",\"potentialAction\":[{\"@type\":\"ReadAction\",\"target\":[\"https:\\\/\\\/www.webdo.tn\\\/fr\\\/actualite\\\/international\\\/bassem-youssef-refait-surface-au-daily-show\\\/184192\\\/\"]}]},{\"@type\":\"ImageObject\",\"inLanguage\":\"fr-FR\",\"@id\":\"https:\\\/\\\/www.webdo.tn\\\/fr\\\/actualite\\\/international\\\/bassem-youssef-refait-surface-au-daily-show\\\/184192\\\/#primaryimage\",\"url\":\"https:\\\/\\\/www.webdo.tn\\\/fr\\\/wp-content\\\/uploads\\\/2015\\\/02\\\/Jon-Stewart-et-Bassem-Youssef-e1423675675200.png\",\"contentUrl\":\"https:\\\/\\\/www.webdo.tn\\\/fr\\\/wp-content\\\/uploads\\\/2015\\\/02\\\/Jon-Stewart-et-Bassem-Youssef-e1423675675200.png\",\"width\":600,\"height\":332,\"caption\":\"Bassem Youssef refait surface au \\\"Daily Show\\\"\"},{\"@type\":\"BreadcrumbList\",\"@id\":\"https:\\\/\\\/www.webdo.tn\\\/fr\\\/actualite\\\/international\\\/bassem-youssef-refait-surface-au-daily-show\\\/184192\\\/#breadcrumb\",\"itemListElement\":[{\"@type\":\"ListItem\",\"position\":1,\"name\":\"Accueil\",\"item\":\"https:\\\/\\\/www.webdo.tn\\\/fr\\\/\"},{\"@type\":\"ListItem\",\"position\":2,\"name\":\"Bassem Youssef refait surface au \u00ab\u00a0Daily Show\u00a0\u00bb\"}]},{\"@type\":\"WebSite\",\"@id\":\"https:\\\/\\\/www.webdo.tn\\\/fr\\\/#website\",\"url\":\"https:\\\/\\\/www.webdo.tn\\\/fr\\\/\",\"name\":\"webdo\",\"description\":\"Tunisie - News en Tunisie et \u00e0 l&#039;international sur Webdo.tn\",\"publisher\":{\"@id\":\"https:\\\/\\\/www.webdo.tn\\\/fr\\\/#organization\"},\"potentialAction\":[{\"@type\":\"SearchAction\",\"target\":{\"@type\":\"EntryPoint\",\"urlTemplate\":\"https:\\\/\\\/www.webdo.tn\\\/fr\\\/?s={search_term_string}\"},\"query-input\":{\"@type\":\"PropertyValueSpecification\",\"valueRequired\":true,\"valueName\":\"search_term_string\"}}],\"inLanguage\":\"fr-FR\"},{\"@type\":\"Organization\",\"@id\":\"https:\\\/\\\/www.webdo.tn\\\/fr\\\/#organization\",\"name\":\"Webdo\",\"alternateName\":\"Webdo.tn\",\"url\":\"https:\\\/\\\/www.webdo.tn\\\/fr\\\/\",\"logo\":{\"@type\":\"ImageObject\",\"inLanguage\":\"fr-FR\",\"@id\":\"https:\\\/\\\/www.webdo.tn\\\/fr\\\/#\\\/schema\\\/logo\\\/image\\\/\",\"url\":\"https:\\\/\\\/www.webdo.tn\\\/fr\\\/wp-content\\\/uploads\\\/2025\\\/06\\\/Webdo-Tunisie_168377.jpg\",\"contentUrl\":\"https:\\\/\\\/www.webdo.tn\\\/fr\\\/wp-content\\\/uploads\\\/2025\\\/06\\\/Webdo-Tunisie_168377.jpg\",\"width\":301,\"height\":301,\"caption\":\"Webdo\"},\"image\":{\"@id\":\"https:\\\/\\\/www.webdo.tn\\\/fr\\\/#\\\/schema\\\/logo\\\/image\\\/\"},\"sameAs\":[\"https:\\\/\\\/www.facebook.com\\\/webdotn\",\"https:\\\/\\\/x.com\\\/webdo_tn\"],\"description\":\"Webdo est un m\u00e9dia num\u00e9rique tunisien fond\u00e9 en 2010, sp\u00e9cialis\u00e9 dans l\u2019actualit\u00e9 nationale et internationale, l\u2019\u00e9conomie, la soci\u00e9t\u00e9 et les analyses politiques. Le site s\u2019adresse \u00e0 un large public francophone et couvre l\u2019information tunisienne en temps r\u00e9el.\",\"email\":\"redac@webdo.tn\",\"legalName\":\"YNJ SARL\",\"foundingDate\":\"2010-09-06\",\"numberOfEmployees\":{\"@type\":\"QuantitativeValue\",\"minValue\":\"11\",\"maxValue\":\"50\"}},{\"@type\":\"Person\",\"@id\":\"https:\\\/\\\/www.webdo.tn\\\/fr\\\/#\\\/schema\\\/person\\\/9a9c6118d687c117df8ef3cc36a4d175\",\"name\":\"webdo.tn\",\"image\":{\"@type\":\"ImageObject\",\"inLanguage\":\"fr-FR\",\"@id\":\"https:\\\/\\\/secure.gravatar.com\\\/avatar\\\/7ce1f28c0c3bbac99ff550b85ef8e44a6950c6ee24514fb6a5489e51d06f0298?s=96&d=mm&r=g\",\"url\":\"https:\\\/\\\/secure.gravatar.com\\\/avatar\\\/7ce1f28c0c3bbac99ff550b85ef8e44a6950c6ee24514fb6a5489e51d06f0298?s=96&d=mm&r=g\",\"contentUrl\":\"https:\\\/\\\/secure.gravatar.com\\\/avatar\\\/7ce1f28c0c3bbac99ff550b85ef8e44a6950c6ee24514fb6a5489e51d06f0298?s=96&d=mm&r=g\",\"caption\":\"webdo.tn\"},\"url\":\"https:\\\/\\\/www.webdo.tn\\\/fr\\\/actualite\\\/author\\\/webdotn\\\/\"}]}<\/script>\n<!-- \/ Yoast SEO Premium plugin. -->","yoast_head_json":{"title":"Bassem Youssef refait surface au Daily Show","description":"Bassem Youssef refait surface au Daily Show","canonical":"https:\/\/www.webdo.tn\/fr\/actualite\/international\/bassem-youssef-refait-surface-au-daily-show\/184192\/","og_locale":"fr_FR","og_type":"article","og_title":"Bassem Youssef refait surface au \"Daily Show\"","og_description":"Bassem Youssef refait surface au Daily Show","og_url":"https:\/\/www.webdo.tn\/fr\/actualite\/international\/bassem-youssef-refait-surface-au-daily-show\/184192\/","og_site_name":"webdo","article_publisher":"https:\/\/www.facebook.com\/webdotn","article_published_time":"2015-02-11T18:29:00+00:00","og_image":[{"width":600,"height":332,"url":"https:\/\/www.webdo.tn\/fr\/wp-content\/uploads\/2015\/02\/Jon-Stewart-et-Bassem-Youssef-e1423675675200.png","type":"image\/png"}],"author":"webdo.tn","twitter_card":"summary_large_image","twitter_creator":"@webdo_tn","twitter_site":"@webdo_tn","twitter_misc":{"\u00c9crit par":"webdo.tn","Dur\u00e9e de lecture estim\u00e9e":"1 minute"},"schema":{"@context":"https:\/\/schema.org","@graph":[{"@type":"NewsArticle","@id":"https:\/\/www.webdo.tn\/fr\/actualite\/international\/bassem-youssef-refait-surface-au-daily-show\/184192\/#article","isPartOf":{"@id":"https:\/\/www.webdo.tn\/fr\/actualite\/international\/bassem-youssef-refait-surface-au-daily-show\/184192\/"},"author":{"name":"webdo.tn","@id":"https:\/\/www.webdo.tn\/fr\/#\/schema\/person\/9a9c6118d687c117df8ef3cc36a4d175"},"headline":"Bassem Youssef refait surface au \u00ab\u00a0Daily Show\u00a0\u00bb","datePublished":"2015-02-11T18:29:00+00:00","mainEntityOfPage":{"@id":"https:\/\/www.webdo.tn\/fr\/actualite\/international\/bassem-youssef-refait-surface-au-daily-show\/184192\/"},"wordCount":217,"commentCount":0,"publisher":{"@id":"https:\/\/www.webdo.tn\/fr\/#organization"},"image":{"@id":"https:\/\/www.webdo.tn\/fr\/actualite\/international\/bassem-youssef-refait-surface-au-daily-show\/184192\/#primaryimage"},"thumbnailUrl":"https:\/\/www.webdo.tn\/fr\/wp-content\/uploads\/2015\/02\/Jon-Stewart-et-Bassem-Youssef-e1423675675200.png","keywords":["guerre"],"articleSection":["International"],"inLanguage":"fr-FR"},{"@type":"WebPage","@id":"https:\/\/www.webdo.tn\/fr\/actualite\/international\/bassem-youssef-refait-surface-au-daily-show\/184192\/","url":"https:\/\/www.webdo.tn\/fr\/actualite\/international\/bassem-youssef-refait-surface-au-daily-show\/184192\/","name":"Bassem Youssef refait surface au Daily Show","isPartOf":{"@id":"https:\/\/www.webdo.tn\/fr\/#website"},"primaryImageOfPage":{"@id":"https:\/\/www.webdo.tn\/fr\/actualite\/international\/bassem-youssef-refait-surface-au-daily-show\/184192\/#primaryimage"},"image":{"@id":"https:\/\/www.webdo.tn\/fr\/actualite\/international\/bassem-youssef-refait-surface-au-daily-show\/184192\/#primaryimage"},"thumbnailUrl":"https:\/\/www.webdo.tn\/fr\/wp-content\/uploads\/2015\/02\/Jon-Stewart-et-Bassem-Youssef-e1423675675200.png","datePublished":"2015-02-11T18:29:00+00:00","description":"Bassem Youssef refait surface au Daily Show","breadcrumb":{"@id":"https:\/\/www.webdo.tn\/fr\/actualite\/international\/bassem-youssef-refait-surface-au-daily-show\/184192\/#breadcrumb"},"inLanguage":"fr-FR","potentialAction":[{"@type":"ReadAction","target":["https:\/\/www.webdo.tn\/fr\/actualite\/international\/bassem-youssef-refait-surface-au-daily-show\/184192\/"]}]},{"@type":"ImageObject","inLanguage":"fr-FR","@id":"https:\/\/www.webdo.tn\/fr\/actualite\/international\/bassem-youssef-refait-surface-au-daily-show\/184192\/#primaryimage","url":"https:\/\/www.webdo.tn\/fr\/wp-content\/uploads\/2015\/02\/Jon-Stewart-et-Bassem-Youssef-e1423675675200.png","contentUrl":"https:\/\/www.webdo.tn\/fr\/wp-content\/uploads\/2015\/02\/Jon-Stewart-et-Bassem-Youssef-e1423675675200.png","width":600,"height":332,"caption":"Bassem Youssef refait surface au \"Daily Show\""},{"@type":"BreadcrumbList","@id":"https:\/\/www.webdo.tn\/fr\/actualite\/international\/bassem-youssef-refait-surface-au-daily-show\/184192\/#breadcrumb","itemListElement":[{"@type":"ListItem","position":1,"name":"Accueil","item":"https:\/\/www.webdo.tn\/fr\/"},{"@type":"ListItem","position":2,"name":"Bassem Youssef refait surface au \u00ab\u00a0Daily Show\u00a0\u00bb"}]},{"@type":"WebSite","@id":"https:\/\/www.webdo.tn\/fr\/#website","url":"https:\/\/www.webdo.tn\/fr\/","name":"webdo","description":"Tunisie - News en Tunisie et \u00e0 l&#039;international sur Webdo.tn","publisher":{"@id":"https:\/\/www.webdo.tn\/fr\/#organization"},"potentialAction":[{"@type":"SearchAction","target":{"@type":"EntryPoint","urlTemplate":"https:\/\/www.webdo.tn\/fr\/?s={search_term_string}"},"query-input":{"@type":"PropertyValueSpecification","valueRequired":true,"valueName":"search_term_string"}}],"inLanguage":"fr-FR"},{"@type":"Organization","@id":"https:\/\/www.webdo.tn\/fr\/#organization","name":"Webdo","alternateName":"Webdo.tn","url":"https:\/\/www.webdo.tn\/fr\/","logo":{"@type":"ImageObject","inLanguage":"fr-FR","@id":"https:\/\/www.webdo.tn\/fr\/#\/schema\/logo\/image\/","url":"https:\/\/www.webdo.tn\/fr\/wp-content\/uploads\/2025\/06\/Webdo-Tunisie_168377.jpg","contentUrl":"https:\/\/www.webdo.tn\/fr\/wp-content\/uploads\/2025\/06\/Webdo-Tunisie_168377.jpg","width":301,"height":301,"caption":"Webdo"},"image":{"@id":"https:\/\/www.webdo.tn\/fr\/#\/schema\/logo\/image\/"},"sameAs":["https:\/\/www.facebook.com\/webdotn","https:\/\/x.com\/webdo_tn"],"description":"Webdo est un m\u00e9dia num\u00e9rique tunisien fond\u00e9 en 2010, sp\u00e9cialis\u00e9 dans l\u2019actualit\u00e9 nationale et internationale, l\u2019\u00e9conomie, la soci\u00e9t\u00e9 et les analyses politiques. Le site s\u2019adresse \u00e0 un large public francophone et couvre l\u2019information tunisienne en temps r\u00e9el.","email":"redac@webdo.tn","legalName":"YNJ SARL","foundingDate":"2010-09-06","numberOfEmployees":{"@type":"QuantitativeValue","minValue":"11","maxValue":"50"}},{"@type":"Person","@id":"https:\/\/www.webdo.tn\/fr\/#\/schema\/person\/9a9c6118d687c117df8ef3cc36a4d175","name":"webdo.tn","image":{"@type":"ImageObject","inLanguage":"fr-FR","@id":"https:\/\/secure.gravatar.com\/avatar\/7ce1f28c0c3bbac99ff550b85ef8e44a6950c6ee24514fb6a5489e51d06f0298?s=96&d=mm&r=g","url":"https:\/\/secure.gravatar.com\/avatar\/7ce1f28c0c3bbac99ff550b85ef8e44a6950c6ee24514fb6a5489e51d06f0298?s=96&d=mm&r=g","contentUrl":"https:\/\/secure.gravatar.com\/avatar\/7ce1f28c0c3bbac99ff550b85ef8e44a6950c6ee24514fb6a5489e51d06f0298?s=96&d=mm&r=g","caption":"webdo.tn"},"url":"https:\/\/www.webdo.tn\/fr\/actualite\/author\/webdotn\/"}]}},"_links":{"self":[{"href":"https:\/\/www.webdo.tn\/fr\/wp-json\/wp\/v2\/posts\/184192","targetHints":{"allow":["GET"]}}],"collection":[{"href":"https:\/\/www.webdo.tn\/fr\/wp-json\/wp\/v2\/posts"}],"about":[{"href":"https:\/\/www.webdo.tn\/fr\/wp-json\/wp\/v2\/types\/post"}],"author":[{"embeddable":true,"href":"https:\/\/www.webdo.tn\/fr\/wp-json\/wp\/v2\/users\/3222"}],"replies":[{"embeddable":true,"href":"https:\/\/www.webdo.tn\/fr\/wp-json\/wp\/v2\/comments?post=184192"}],"version-history":[{"count":0,"href":"https:\/\/www.webdo.tn\/fr\/wp-json\/wp\/v2\/posts\/184192\/revisions"}],"wp:featuredmedia":[{"embeddable":true,"href":"https:\/\/www.webdo.tn\/fr\/wp-json\/wp\/v2\/media\/335538"}],"wp:attachment":[{"href":"https:\/\/www.webdo.tn\/fr\/wp-json\/wp\/v2\/media?parent=184192"}],"wp:term":[{"taxonomy":"category","embeddable":true,"href":"https:\/\/www.webdo.tn\/fr\/wp-json\/wp\/v2\/categories?post=184192"},{"taxonomy":"post_tag","embeddable":true,"href":"https:\/\/www.webdo.tn\/fr\/wp-json\/wp\/v2\/tags?post=184192"}],"curies":[{"name":"wp","href":"https:\/\/api.w.org\/{rel}","templated":true}]}}