{"id":184190,"date":"2015-02-12T12:52:00","date_gmt":"2015-02-12T12:52:00","guid":{"rendered":"https:\/\/www.webdo.tn\/fr\/blog\/dapres-herve-falciani-les-donnees-de-swissleaks-ont-ete-mises-sa-disposition-par-la-cia\/184190\/"},"modified":"2015-02-12T12:52:00","modified_gmt":"2015-02-12T12:52:00","slug":"dapres-herve-falciani-les-donnees-de-swissleaks-ont-ete-mises-sa-disposition-par-la-cia","status":"publish","type":"post","link":"https:\/\/www.webdo.tn\/fr\/actualite\/international\/dapres-herve-falciani-les-donnees-de-swissleaks-ont-ete-mises-sa-disposition-par-la-cia\/184190\/","title":{"rendered":"D&rsquo;apr\u00e8s Herv\u00e9 Falciani les donn\u00e9es de Swissleaks ont \u00e9t\u00e9 mises \u00e0 sa disposition par la CIA"},"content":{"rendered":"<p>Herv\u00e9 Falciani, qui est\u00a0\u00e0 l&rsquo;origine des r\u00e9v\u00e9lations dans l&rsquo;affaire Swissleaks, a d\u00e9clar\u00e9, ce jeudi 12 f\u00e9vrier, sur BFM TV, qu&rsquo;il a eu acc\u00e8s \u00e0 ces donn\u00e9es \u00ab\u00a0par un cloud\u00a0\u00bb[1], et que cela \u00ab\u00a0s&rsquo;est fait gr\u00e2ce \u00e0 la CIA\u00a0\u00bb, \u00a0\u00bb surement \u00e0 son sens\u00a0\u00bb, d\u00e9duit-il. Ces donn\u00e9es de Swissleaks concernent 180 milliards d&rsquo;euros \u00e0 la banque suisse HSBC.<\/p>\n<p>[quote_box_center]\u00a0\u00bbCe sont des milliards et des milliards d&rsquo;informations\u00a0\u00bb auxquelles il a eu acc\u00e8s, et qui ont pu \u00eatre d\u00e9crypt\u00e9es \u00ab\u00a0parce qu&rsquo;il y a des pays qui sont plus courageux que la France, qui utilisent leurs services de renseignement pour l&rsquo;int\u00e9r\u00eat g\u00e9n\u00e9ral. Je parle de la CIA bien s\u00fbr\u00a0\u00bb. \u00ab\u00a0On a des liens qui \u00e9tablissent la pr\u00e9sence de la CIA. C&rsquo;est ma conviction intime que \u00e7a s&rsquo;est fait gr\u00e2ce \u00e0 eux\u00a0\u00bb. BFM TV[\/quote_box_center]<\/p>\n<p>\u00ab\u00a0On me les avait mises \u00e0 disposition\u00a0\u00bb a-t-il affirm\u00e9 tout en niant \u00eatre, lui-m\u00eame, un agent de la CIA. \u00ab\u00a0Pas un agent, mais un interm\u00e9diaire\u00a0\u00bb, a-t-il pr\u00e9cis\u00e9.<\/p>\n<p>\u00ab Entre fin 2006 et d\u00e9but 2007, un informaticien de Suisse, Herv\u00e9 Falciani, a syst\u00e9matiquement et d\u00e9lib\u00e9r\u00e9ment r\u00e9cup\u00e9r\u00e9 les d\u00e9tails des comptes et clients. Cette action constitue une violation flagrante du droit p\u00e9nal\u00a0suisse. Il est accus\u00e9 d\u2019avoir tent\u00e9 de\u00a0vendre\u00a0les donn\u00e9es \u00e0 des banques libanaises sous un faux nom. Les autorit\u00e9s fran\u00e7aises ont saisi les donn\u00e9es vol\u00e9es au domicile des parents d\u2019Herv\u00e9 Falciani en\u00a0France. Celui-ci ne les leur a pas livr\u00e9es volontairement. Depuis, les autorit\u00e9s fran\u00e7aises ont partag\u00e9 les donn\u00e9es avec de nombreux Etats dans le monde.\u00a0\u00bb \u00e9crit\u00a0la banque HSBC au journal Le Monde<\/p>\n<p>Sur BFM TV, M. Falciani a aussi ni\u00e9 les accusations de la banque au sujet de la vente de ces informations au Liban.<\/p>\n<p>[1] Le cloud computing, abr\u00e9g\u00e9 en cloud (\u00ab\u00a0le Nuage\u00a0\u00bb en fran\u00e7ais) ou l\u2019informatique en nuage d\u00e9signe un ensemble de processus qui consiste \u00e0 utiliser la puissance de calcul et\/ou de stockage de serveurs informatiques distants \u00e0 travers un r\u00e9seau, g\u00e9n\u00e9ralement Internet.<\/p>\n","protected":false},"excerpt":{"rendered":"<p>D&rsquo;apr\u00e8s Herv\u00e9 Falciani les donn\u00e9es de Swissleaks ont \u00e9t\u00e9 mises \u00e0 sa disposition par la CIA<\/p>\n","protected":false},"author":3222,"featured_media":373099,"comment_status":"open","ping_status":"closed","sticky":false,"template":"","format":"standard","meta":{"footnotes":""},"categories":[2598],"tags":[2600],"class_list":["post-184190","post","type-post","status-publish","format-standard","has-post-thumbnail","hentry","category-international","tag-guerre"],"yoast_head":"<!-- This site is optimized with the Yoast SEO Premium plugin v27.5 (Yoast SEO v27.5) - https:\/\/yoast.com\/product\/yoast-seo-premium-wordpress\/ -->\n<title>D&#039;apr\u00e8s Herv\u00e9 Falciani les donn\u00e9es de Swissleaks ont \u00e9t\u00e9 mises \u00e0 sa disposition par la CIA<\/title>\n<meta name=\"description\" content=\"D&#039;apr\u00e8s Herv\u00e9 Falciani les donn\u00e9es de Swissleaks ont \u00e9t\u00e9 mises \u00e0 sa disposition par la CIA\" \/>\n<link rel=\"canonical\" href=\"https:\/\/www.webdo.tn\/fr\/actualite\/international\/dapres-herve-falciani-les-donnees-de-swissleaks-ont-ete-mises-sa-disposition-par-la-cia\/184190\/\" \/>\n<meta property=\"og:locale\" content=\"fr_FR\" \/>\n<meta property=\"og:type\" content=\"article\" \/>\n<meta property=\"og:title\" content=\"D&#039;apr\u00e8s Herv\u00e9 Falciani les donn\u00e9es de Swissleaks ont \u00e9t\u00e9 mises \u00e0 sa disposition par la CIA\" \/>\n<meta property=\"og:description\" content=\"D&#039;apr\u00e8s Herv\u00e9 Falciani les donn\u00e9es de Swissleaks ont \u00e9t\u00e9 mises \u00e0 sa disposition par la CIA\" \/>\n<meta property=\"og:url\" content=\"https:\/\/www.webdo.tn\/fr\/actualite\/international\/dapres-herve-falciani-les-donnees-de-swissleaks-ont-ete-mises-sa-disposition-par-la-cia\/184190\/\" \/>\n<meta property=\"og:site_name\" content=\"webdo\" \/>\n<meta property=\"article:publisher\" content=\"https:\/\/www.facebook.com\/webdotn\" \/>\n<meta property=\"article:published_time\" content=\"2015-02-12T12:52:00+00:00\" \/>\n<meta name=\"author\" content=\"webdo.tn\" \/>\n<meta name=\"twitter:card\" content=\"summary_large_image\" \/>\n<meta name=\"twitter:creator\" content=\"@webdo_tn\" \/>\n<meta name=\"twitter:site\" content=\"@webdo_tn\" \/>\n<meta name=\"twitter:label1\" content=\"\u00c9crit par\" \/>\n\t<meta name=\"twitter:data1\" content=\"webdo.tn\" \/>\n\t<meta name=\"twitter:label2\" content=\"Dur\u00e9e de lecture estim\u00e9e\" \/>\n\t<meta name=\"twitter:data2\" content=\"2 minutes\" \/>\n<script type=\"application\/ld+json\" class=\"yoast-schema-graph\">{\"@context\":\"https:\\\/\\\/schema.org\",\"@graph\":[{\"@type\":\"NewsArticle\",\"@id\":\"https:\\\/\\\/www.webdo.tn\\\/fr\\\/actualite\\\/international\\\/dapres-herve-falciani-les-donnees-de-swissleaks-ont-ete-mises-sa-disposition-par-la-cia\\\/184190\\\/#article\",\"isPartOf\":{\"@id\":\"https:\\\/\\\/www.webdo.tn\\\/fr\\\/actualite\\\/international\\\/dapres-herve-falciani-les-donnees-de-swissleaks-ont-ete-mises-sa-disposition-par-la-cia\\\/184190\\\/\"},\"author\":{\"name\":\"webdo.tn\",\"@id\":\"https:\\\/\\\/www.webdo.tn\\\/fr\\\/#\\\/schema\\\/person\\\/9a9c6118d687c117df8ef3cc36a4d175\"},\"headline\":\"D&rsquo;apr\u00e8s Herv\u00e9 Falciani les donn\u00e9es de Swissleaks ont \u00e9t\u00e9 mises \u00e0 sa disposition par la CIA\",\"datePublished\":\"2015-02-12T12:52:00+00:00\",\"mainEntityOfPage\":{\"@id\":\"https:\\\/\\\/www.webdo.tn\\\/fr\\\/actualite\\\/international\\\/dapres-herve-falciani-les-donnees-de-swissleaks-ont-ete-mises-sa-disposition-par-la-cia\\\/184190\\\/\"},\"wordCount\":386,\"commentCount\":0,\"publisher\":{\"@id\":\"https:\\\/\\\/www.webdo.tn\\\/fr\\\/#organization\"},\"image\":{\"@id\":\"https:\\\/\\\/www.webdo.tn\\\/fr\\\/actualite\\\/international\\\/dapres-herve-falciani-les-donnees-de-swissleaks-ont-ete-mises-sa-disposition-par-la-cia\\\/184190\\\/#primaryimage\"},\"thumbnailUrl\":\"https:\\\/\\\/www.webdo.tn\\\/fr\\\/wp-content\\\/uploads\\\/2025\\\/06\\\/Capture-decran-2015-02-12-a-12.31.22-e1423740771211_184190.png\",\"keywords\":[\"guerre\"],\"articleSection\":[\"International\"],\"inLanguage\":\"fr-FR\"},{\"@type\":\"WebPage\",\"@id\":\"https:\\\/\\\/www.webdo.tn\\\/fr\\\/actualite\\\/international\\\/dapres-herve-falciani-les-donnees-de-swissleaks-ont-ete-mises-sa-disposition-par-la-cia\\\/184190\\\/\",\"url\":\"https:\\\/\\\/www.webdo.tn\\\/fr\\\/actualite\\\/international\\\/dapres-herve-falciani-les-donnees-de-swissleaks-ont-ete-mises-sa-disposition-par-la-cia\\\/184190\\\/\",\"name\":\"D'apr\u00e8s Herv\u00e9 Falciani les donn\u00e9es de Swissleaks ont \u00e9t\u00e9 mises \u00e0 sa disposition par la CIA\",\"isPartOf\":{\"@id\":\"https:\\\/\\\/www.webdo.tn\\\/fr\\\/#website\"},\"primaryImageOfPage\":{\"@id\":\"https:\\\/\\\/www.webdo.tn\\\/fr\\\/actualite\\\/international\\\/dapres-herve-falciani-les-donnees-de-swissleaks-ont-ete-mises-sa-disposition-par-la-cia\\\/184190\\\/#primaryimage\"},\"image\":{\"@id\":\"https:\\\/\\\/www.webdo.tn\\\/fr\\\/actualite\\\/international\\\/dapres-herve-falciani-les-donnees-de-swissleaks-ont-ete-mises-sa-disposition-par-la-cia\\\/184190\\\/#primaryimage\"},\"thumbnailUrl\":\"https:\\\/\\\/www.webdo.tn\\\/fr\\\/wp-content\\\/uploads\\\/2025\\\/06\\\/Capture-decran-2015-02-12-a-12.31.22-e1423740771211_184190.png\",\"datePublished\":\"2015-02-12T12:52:00+00:00\",\"description\":\"D'apr\u00e8s Herv\u00e9 Falciani les donn\u00e9es de Swissleaks ont \u00e9t\u00e9 mises \u00e0 sa disposition par la CIA\",\"breadcrumb\":{\"@id\":\"https:\\\/\\\/www.webdo.tn\\\/fr\\\/actualite\\\/international\\\/dapres-herve-falciani-les-donnees-de-swissleaks-ont-ete-mises-sa-disposition-par-la-cia\\\/184190\\\/#breadcrumb\"},\"inLanguage\":\"fr-FR\",\"potentialAction\":[{\"@type\":\"ReadAction\",\"target\":[\"https:\\\/\\\/www.webdo.tn\\\/fr\\\/actualite\\\/international\\\/dapres-herve-falciani-les-donnees-de-swissleaks-ont-ete-mises-sa-disposition-par-la-cia\\\/184190\\\/\"]}]},{\"@type\":\"ImageObject\",\"inLanguage\":\"fr-FR\",\"@id\":\"https:\\\/\\\/www.webdo.tn\\\/fr\\\/actualite\\\/international\\\/dapres-herve-falciani-les-donnees-de-swissleaks-ont-ete-mises-sa-disposition-par-la-cia\\\/184190\\\/#primaryimage\",\"url\":\"https:\\\/\\\/www.webdo.tn\\\/fr\\\/wp-content\\\/uploads\\\/2025\\\/06\\\/Capture-decran-2015-02-12-a-12.31.22-e1423740771211_184190.png\",\"contentUrl\":\"https:\\\/\\\/www.webdo.tn\\\/fr\\\/wp-content\\\/uploads\\\/2025\\\/06\\\/Capture-decran-2015-02-12-a-12.31.22-e1423740771211_184190.png\",\"width\":600,\"height\":296,\"caption\":\"D'apr\u00e8s Herv\u00e9 Falciani les donn\u00e9es de Swissleaks ont \u00e9t\u00e9 mises \u00e0 sa disposition par la CIA\"},{\"@type\":\"BreadcrumbList\",\"@id\":\"https:\\\/\\\/www.webdo.tn\\\/fr\\\/actualite\\\/international\\\/dapres-herve-falciani-les-donnees-de-swissleaks-ont-ete-mises-sa-disposition-par-la-cia\\\/184190\\\/#breadcrumb\",\"itemListElement\":[{\"@type\":\"ListItem\",\"position\":1,\"name\":\"Accueil\",\"item\":\"https:\\\/\\\/www.webdo.tn\\\/fr\\\/\"},{\"@type\":\"ListItem\",\"position\":2,\"name\":\"D&rsquo;apr\u00e8s Herv\u00e9 Falciani les donn\u00e9es de Swissleaks ont \u00e9t\u00e9 mises \u00e0 sa disposition par la CIA\"}]},{\"@type\":\"WebSite\",\"@id\":\"https:\\\/\\\/www.webdo.tn\\\/fr\\\/#website\",\"url\":\"https:\\\/\\\/www.webdo.tn\\\/fr\\\/\",\"name\":\"webdo\",\"description\":\"Tunisie - News en Tunisie et \u00e0 l&#039;international sur Webdo.tn\",\"publisher\":{\"@id\":\"https:\\\/\\\/www.webdo.tn\\\/fr\\\/#organization\"},\"potentialAction\":[{\"@type\":\"SearchAction\",\"target\":{\"@type\":\"EntryPoint\",\"urlTemplate\":\"https:\\\/\\\/www.webdo.tn\\\/fr\\\/?s={search_term_string}\"},\"query-input\":{\"@type\":\"PropertyValueSpecification\",\"valueRequired\":true,\"valueName\":\"search_term_string\"}}],\"inLanguage\":\"fr-FR\"},{\"@type\":\"Organization\",\"@id\":\"https:\\\/\\\/www.webdo.tn\\\/fr\\\/#organization\",\"name\":\"Webdo\",\"alternateName\":\"Webdo.tn\",\"url\":\"https:\\\/\\\/www.webdo.tn\\\/fr\\\/\",\"logo\":{\"@type\":\"ImageObject\",\"inLanguage\":\"fr-FR\",\"@id\":\"https:\\\/\\\/www.webdo.tn\\\/fr\\\/#\\\/schema\\\/logo\\\/image\\\/\",\"url\":\"https:\\\/\\\/www.webdo.tn\\\/fr\\\/wp-content\\\/uploads\\\/2025\\\/06\\\/Webdo-Tunisie_168377.jpg\",\"contentUrl\":\"https:\\\/\\\/www.webdo.tn\\\/fr\\\/wp-content\\\/uploads\\\/2025\\\/06\\\/Webdo-Tunisie_168377.jpg\",\"width\":301,\"height\":301,\"caption\":\"Webdo\"},\"image\":{\"@id\":\"https:\\\/\\\/www.webdo.tn\\\/fr\\\/#\\\/schema\\\/logo\\\/image\\\/\"},\"sameAs\":[\"https:\\\/\\\/www.facebook.com\\\/webdotn\",\"https:\\\/\\\/x.com\\\/webdo_tn\"],\"description\":\"Webdo est un m\u00e9dia num\u00e9rique tunisien fond\u00e9 en 2010, sp\u00e9cialis\u00e9 dans l\u2019actualit\u00e9 nationale et internationale, l\u2019\u00e9conomie, la soci\u00e9t\u00e9 et les analyses politiques. Le site s\u2019adresse \u00e0 un large public francophone et couvre l\u2019information tunisienne en temps r\u00e9el.\",\"email\":\"redac@webdo.tn\",\"legalName\":\"YNJ SARL\",\"foundingDate\":\"2010-09-06\",\"numberOfEmployees\":{\"@type\":\"QuantitativeValue\",\"minValue\":\"11\",\"maxValue\":\"50\"}},{\"@type\":\"Person\",\"@id\":\"https:\\\/\\\/www.webdo.tn\\\/fr\\\/#\\\/schema\\\/person\\\/9a9c6118d687c117df8ef3cc36a4d175\",\"name\":\"webdo.tn\",\"image\":{\"@type\":\"ImageObject\",\"inLanguage\":\"fr-FR\",\"@id\":\"https:\\\/\\\/secure.gravatar.com\\\/avatar\\\/7ce1f28c0c3bbac99ff550b85ef8e44a6950c6ee24514fb6a5489e51d06f0298?s=96&d=mm&r=g\",\"url\":\"https:\\\/\\\/secure.gravatar.com\\\/avatar\\\/7ce1f28c0c3bbac99ff550b85ef8e44a6950c6ee24514fb6a5489e51d06f0298?s=96&d=mm&r=g\",\"contentUrl\":\"https:\\\/\\\/secure.gravatar.com\\\/avatar\\\/7ce1f28c0c3bbac99ff550b85ef8e44a6950c6ee24514fb6a5489e51d06f0298?s=96&d=mm&r=g\",\"caption\":\"webdo.tn\"},\"url\":\"https:\\\/\\\/www.webdo.tn\\\/fr\\\/actualite\\\/author\\\/webdotn\\\/\"}]}<\/script>\n<!-- \/ Yoast SEO Premium plugin. -->","yoast_head_json":{"title":"D'apr\u00e8s Herv\u00e9 Falciani les donn\u00e9es de Swissleaks ont \u00e9t\u00e9 mises \u00e0 sa disposition par la CIA","description":"D'apr\u00e8s Herv\u00e9 Falciani les donn\u00e9es de Swissleaks ont \u00e9t\u00e9 mises \u00e0 sa disposition par la CIA","canonical":"https:\/\/www.webdo.tn\/fr\/actualite\/international\/dapres-herve-falciani-les-donnees-de-swissleaks-ont-ete-mises-sa-disposition-par-la-cia\/184190\/","og_locale":"fr_FR","og_type":"article","og_title":"D'apr\u00e8s Herv\u00e9 Falciani les donn\u00e9es de Swissleaks ont \u00e9t\u00e9 mises \u00e0 sa disposition par la CIA","og_description":"D'apr\u00e8s Herv\u00e9 Falciani les donn\u00e9es de Swissleaks ont \u00e9t\u00e9 mises \u00e0 sa disposition par la CIA","og_url":"https:\/\/www.webdo.tn\/fr\/actualite\/international\/dapres-herve-falciani-les-donnees-de-swissleaks-ont-ete-mises-sa-disposition-par-la-cia\/184190\/","og_site_name":"webdo","article_publisher":"https:\/\/www.facebook.com\/webdotn","article_published_time":"2015-02-12T12:52:00+00:00","author":"webdo.tn","twitter_card":"summary_large_image","twitter_creator":"@webdo_tn","twitter_site":"@webdo_tn","twitter_misc":{"\u00c9crit par":"webdo.tn","Dur\u00e9e de lecture estim\u00e9e":"2 minutes"},"schema":{"@context":"https:\/\/schema.org","@graph":[{"@type":"NewsArticle","@id":"https:\/\/www.webdo.tn\/fr\/actualite\/international\/dapres-herve-falciani-les-donnees-de-swissleaks-ont-ete-mises-sa-disposition-par-la-cia\/184190\/#article","isPartOf":{"@id":"https:\/\/www.webdo.tn\/fr\/actualite\/international\/dapres-herve-falciani-les-donnees-de-swissleaks-ont-ete-mises-sa-disposition-par-la-cia\/184190\/"},"author":{"name":"webdo.tn","@id":"https:\/\/www.webdo.tn\/fr\/#\/schema\/person\/9a9c6118d687c117df8ef3cc36a4d175"},"headline":"D&rsquo;apr\u00e8s Herv\u00e9 Falciani les donn\u00e9es de Swissleaks ont \u00e9t\u00e9 mises \u00e0 sa disposition par la CIA","datePublished":"2015-02-12T12:52:00+00:00","mainEntityOfPage":{"@id":"https:\/\/www.webdo.tn\/fr\/actualite\/international\/dapres-herve-falciani-les-donnees-de-swissleaks-ont-ete-mises-sa-disposition-par-la-cia\/184190\/"},"wordCount":386,"commentCount":0,"publisher":{"@id":"https:\/\/www.webdo.tn\/fr\/#organization"},"image":{"@id":"https:\/\/www.webdo.tn\/fr\/actualite\/international\/dapres-herve-falciani-les-donnees-de-swissleaks-ont-ete-mises-sa-disposition-par-la-cia\/184190\/#primaryimage"},"thumbnailUrl":"https:\/\/www.webdo.tn\/fr\/wp-content\/uploads\/2025\/06\/Capture-decran-2015-02-12-a-12.31.22-e1423740771211_184190.png","keywords":["guerre"],"articleSection":["International"],"inLanguage":"fr-FR"},{"@type":"WebPage","@id":"https:\/\/www.webdo.tn\/fr\/actualite\/international\/dapres-herve-falciani-les-donnees-de-swissleaks-ont-ete-mises-sa-disposition-par-la-cia\/184190\/","url":"https:\/\/www.webdo.tn\/fr\/actualite\/international\/dapres-herve-falciani-les-donnees-de-swissleaks-ont-ete-mises-sa-disposition-par-la-cia\/184190\/","name":"D'apr\u00e8s Herv\u00e9 Falciani les donn\u00e9es de Swissleaks ont \u00e9t\u00e9 mises \u00e0 sa disposition par la CIA","isPartOf":{"@id":"https:\/\/www.webdo.tn\/fr\/#website"},"primaryImageOfPage":{"@id":"https:\/\/www.webdo.tn\/fr\/actualite\/international\/dapres-herve-falciani-les-donnees-de-swissleaks-ont-ete-mises-sa-disposition-par-la-cia\/184190\/#primaryimage"},"image":{"@id":"https:\/\/www.webdo.tn\/fr\/actualite\/international\/dapres-herve-falciani-les-donnees-de-swissleaks-ont-ete-mises-sa-disposition-par-la-cia\/184190\/#primaryimage"},"thumbnailUrl":"https:\/\/www.webdo.tn\/fr\/wp-content\/uploads\/2025\/06\/Capture-decran-2015-02-12-a-12.31.22-e1423740771211_184190.png","datePublished":"2015-02-12T12:52:00+00:00","description":"D'apr\u00e8s Herv\u00e9 Falciani les donn\u00e9es de Swissleaks ont \u00e9t\u00e9 mises \u00e0 sa disposition par la CIA","breadcrumb":{"@id":"https:\/\/www.webdo.tn\/fr\/actualite\/international\/dapres-herve-falciani-les-donnees-de-swissleaks-ont-ete-mises-sa-disposition-par-la-cia\/184190\/#breadcrumb"},"inLanguage":"fr-FR","potentialAction":[{"@type":"ReadAction","target":["https:\/\/www.webdo.tn\/fr\/actualite\/international\/dapres-herve-falciani-les-donnees-de-swissleaks-ont-ete-mises-sa-disposition-par-la-cia\/184190\/"]}]},{"@type":"ImageObject","inLanguage":"fr-FR","@id":"https:\/\/www.webdo.tn\/fr\/actualite\/international\/dapres-herve-falciani-les-donnees-de-swissleaks-ont-ete-mises-sa-disposition-par-la-cia\/184190\/#primaryimage","url":"https:\/\/www.webdo.tn\/fr\/wp-content\/uploads\/2025\/06\/Capture-decran-2015-02-12-a-12.31.22-e1423740771211_184190.png","contentUrl":"https:\/\/www.webdo.tn\/fr\/wp-content\/uploads\/2025\/06\/Capture-decran-2015-02-12-a-12.31.22-e1423740771211_184190.png","width":600,"height":296,"caption":"D'apr\u00e8s Herv\u00e9 Falciani les donn\u00e9es de Swissleaks ont \u00e9t\u00e9 mises \u00e0 sa disposition par la CIA"},{"@type":"BreadcrumbList","@id":"https:\/\/www.webdo.tn\/fr\/actualite\/international\/dapres-herve-falciani-les-donnees-de-swissleaks-ont-ete-mises-sa-disposition-par-la-cia\/184190\/#breadcrumb","itemListElement":[{"@type":"ListItem","position":1,"name":"Accueil","item":"https:\/\/www.webdo.tn\/fr\/"},{"@type":"ListItem","position":2,"name":"D&rsquo;apr\u00e8s Herv\u00e9 Falciani les donn\u00e9es de Swissleaks ont \u00e9t\u00e9 mises \u00e0 sa disposition par la CIA"}]},{"@type":"WebSite","@id":"https:\/\/www.webdo.tn\/fr\/#website","url":"https:\/\/www.webdo.tn\/fr\/","name":"webdo","description":"Tunisie - News en Tunisie et \u00e0 l&#039;international sur Webdo.tn","publisher":{"@id":"https:\/\/www.webdo.tn\/fr\/#organization"},"potentialAction":[{"@type":"SearchAction","target":{"@type":"EntryPoint","urlTemplate":"https:\/\/www.webdo.tn\/fr\/?s={search_term_string}"},"query-input":{"@type":"PropertyValueSpecification","valueRequired":true,"valueName":"search_term_string"}}],"inLanguage":"fr-FR"},{"@type":"Organization","@id":"https:\/\/www.webdo.tn\/fr\/#organization","name":"Webdo","alternateName":"Webdo.tn","url":"https:\/\/www.webdo.tn\/fr\/","logo":{"@type":"ImageObject","inLanguage":"fr-FR","@id":"https:\/\/www.webdo.tn\/fr\/#\/schema\/logo\/image\/","url":"https:\/\/www.webdo.tn\/fr\/wp-content\/uploads\/2025\/06\/Webdo-Tunisie_168377.jpg","contentUrl":"https:\/\/www.webdo.tn\/fr\/wp-content\/uploads\/2025\/06\/Webdo-Tunisie_168377.jpg","width":301,"height":301,"caption":"Webdo"},"image":{"@id":"https:\/\/www.webdo.tn\/fr\/#\/schema\/logo\/image\/"},"sameAs":["https:\/\/www.facebook.com\/webdotn","https:\/\/x.com\/webdo_tn"],"description":"Webdo est un m\u00e9dia num\u00e9rique tunisien fond\u00e9 en 2010, sp\u00e9cialis\u00e9 dans l\u2019actualit\u00e9 nationale et internationale, l\u2019\u00e9conomie, la soci\u00e9t\u00e9 et les analyses politiques. Le site s\u2019adresse \u00e0 un large public francophone et couvre l\u2019information tunisienne en temps r\u00e9el.","email":"redac@webdo.tn","legalName":"YNJ SARL","foundingDate":"2010-09-06","numberOfEmployees":{"@type":"QuantitativeValue","minValue":"11","maxValue":"50"}},{"@type":"Person","@id":"https:\/\/www.webdo.tn\/fr\/#\/schema\/person\/9a9c6118d687c117df8ef3cc36a4d175","name":"webdo.tn","image":{"@type":"ImageObject","inLanguage":"fr-FR","@id":"https:\/\/secure.gravatar.com\/avatar\/7ce1f28c0c3bbac99ff550b85ef8e44a6950c6ee24514fb6a5489e51d06f0298?s=96&d=mm&r=g","url":"https:\/\/secure.gravatar.com\/avatar\/7ce1f28c0c3bbac99ff550b85ef8e44a6950c6ee24514fb6a5489e51d06f0298?s=96&d=mm&r=g","contentUrl":"https:\/\/secure.gravatar.com\/avatar\/7ce1f28c0c3bbac99ff550b85ef8e44a6950c6ee24514fb6a5489e51d06f0298?s=96&d=mm&r=g","caption":"webdo.tn"},"url":"https:\/\/www.webdo.tn\/fr\/actualite\/author\/webdotn\/"}]}},"_links":{"self":[{"href":"https:\/\/www.webdo.tn\/fr\/wp-json\/wp\/v2\/posts\/184190","targetHints":{"allow":["GET"]}}],"collection":[{"href":"https:\/\/www.webdo.tn\/fr\/wp-json\/wp\/v2\/posts"}],"about":[{"href":"https:\/\/www.webdo.tn\/fr\/wp-json\/wp\/v2\/types\/post"}],"author":[{"embeddable":true,"href":"https:\/\/www.webdo.tn\/fr\/wp-json\/wp\/v2\/users\/3222"}],"replies":[{"embeddable":true,"href":"https:\/\/www.webdo.tn\/fr\/wp-json\/wp\/v2\/comments?post=184190"}],"version-history":[{"count":0,"href":"https:\/\/www.webdo.tn\/fr\/wp-json\/wp\/v2\/posts\/184190\/revisions"}],"wp:featuredmedia":[{"embeddable":true,"href":"https:\/\/www.webdo.tn\/fr\/wp-json\/wp\/v2\/media\/373099"}],"wp:attachment":[{"href":"https:\/\/www.webdo.tn\/fr\/wp-json\/wp\/v2\/media?parent=184190"}],"wp:term":[{"taxonomy":"category","embeddable":true,"href":"https:\/\/www.webdo.tn\/fr\/wp-json\/wp\/v2\/categories?post=184190"},{"taxonomy":"post_tag","embeddable":true,"href":"https:\/\/www.webdo.tn\/fr\/wp-json\/wp\/v2\/tags?post=184190"}],"curies":[{"name":"wp","href":"https:\/\/api.w.org\/{rel}","templated":true}]}}