{"id":184185,"date":"2015-03-04T13:07:00","date_gmt":"2015-03-04T13:07:00","guid":{"rendered":"https:\/\/www.webdo.tn\/fr\/blog\/italie-121-migrants-sauves-et-10-morts-apres-le-naufrage-dun-bateau\/184185\/"},"modified":"2015-03-04T13:07:00","modified_gmt":"2015-03-04T13:07:00","slug":"italie-121-migrants-sauves-et-10-morts-apres-le-naufrage-dun-bateau","status":"publish","type":"post","link":"https:\/\/www.webdo.tn\/fr\/actualite\/international\/italie-121-migrants-sauves-et-10-morts-apres-le-naufrage-dun-bateau\/184185\/","title":{"rendered":"Italie : 121 migrants sauv\u00e9s et 10 morts apr\u00e8s le naufrage d&rsquo;un bateau"},"content":{"rendered":"<p>Un bateau transportant des migrants a chavir\u00e9, ce mardi 3 mars, au large de la Sicile, faisant au moins dix morts, ont indiqu\u00e9 mercredi les garde-c\u00f4tes italiens qui sont toutefois parvenus \u00e0 sauver quelque 121 personnes, selon un communiqu\u00e9 rapport\u00e9 par l\u2019AFP.<\/p>\n<p>C&rsquo;est un remorqueur affect\u00e9 aux plateformes p\u00e9troli\u00e8res libyennes qui a donn\u00e9 l&rsquo;alerte. Un bateau des garde-c\u00f4tes italiens, transportant d\u00e9j\u00e0 318 migrants rep\u00each\u00e9s plus t\u00f4t, est arriv\u00e9 sur place. Avec l&rsquo;aide de l&rsquo;\u00e9quipage du remorqueur, les garde-c\u00f4tes sont parvenus \u00e0 sauver quelque 121 personnes, et ont patrouill\u00e9, en vain, la zone dans l&rsquo;espoir de retrouver d&rsquo;autres survivants.<br \/>\n941 migrants sauv\u00e9s en moins de 24 heures<br \/>\nEn moins de 24 heures, sept op\u00e9rations de secours ont \u00e9t\u00e9 men\u00e9es par les garde-c\u00f4tes italiens qui ont sauv\u00e9 au total quelque 941 migrants dans le canal de Sicile, qui s\u00e9pare cette \u00eele italienne de la c\u00f4te d&rsquo;Afrique du Nord.<\/p>\n<p>Parmi ces rescap\u00e9s figurent plus d&rsquo;une trentaine d&rsquo;enfants et une cinquantaine de femmes. L&rsquo;une d&rsquo;entre elles, enceinte, a d\u00fb \u00eatre transport\u00e9e d&rsquo;urgence \u00e0 l&rsquo;h\u00f4pital.<br \/>\n7882 migrants ont d\u00e9barqu\u00e9 sur les c\u00f4tes italiennes depuis le d\u00e9but de l\u2019ann\u00e9e 2015<br \/>\nEn janvier et f\u00e9vrier, quelque 7882 migrants ont d\u00e9barqu\u00e9 sur les c\u00f4tes italiennes, selon les chiffres officiels du minist\u00e8re italien de l&rsquo;Int\u00e9rieur, soit une hausse de plus de 43% par rapport aux deux premiers mois de l&rsquo;an dernier, d\u00e9j\u00e0 une ann\u00e9e en forte hausse.<\/p>\n<p>En 2014, plus de 165.000 migrants ont d\u00e9barqu\u00e9 sur les c\u00f4tes italiennes. Et \u00e0 la fin du mois de f\u00e9vrier, plus de 67.000 migrants se trouvaient dans des centres d&rsquo;accueil pour r\u00e9fugi\u00e9s en Italie.<\/p>\n<p>La situation de plus en plus chaotique en Libye provoque une augmentation des d\u00e9parts de clandestins, hommes, femmes, enfants, mineurs non accompagn\u00e9s, venus souvent en Libye depuis l&rsquo;Erythr\u00e9e et l&rsquo;Afrique sub-saharienne, dans l&rsquo;espoir de trouver paix et s\u00e9curit\u00e9 en Europe.<\/p>\n","protected":false},"excerpt":{"rendered":"<p>Italie : 121 migrants sauv\u00e9s et 10 morts apr\u00e8s le naufrage d&rsquo;un bateau<\/p>\n","protected":false},"author":3222,"featured_media":335604,"comment_status":"open","ping_status":"closed","sticky":false,"template":"","format":"standard","meta":{"footnotes":""},"categories":[2598],"tags":[2600],"class_list":["post-184185","post","type-post","status-publish","format-standard","has-post-thumbnail","hentry","category-international","tag-guerre"],"yoast_head":"<!-- This site is optimized with the Yoast SEO Premium plugin v27.5 (Yoast SEO v27.5) - https:\/\/yoast.com\/product\/yoast-seo-premium-wordpress\/ -->\n<title>Italie : 121 migrants sauv\u00e9s et 10 morts apr\u00e8s le naufrage d&#039;un bateau<\/title>\n<meta name=\"description\" content=\"Italie : 121 migrants sauv\u00e9s et 10 morts apr\u00e8s le naufrage d&#039;un bateau\" \/>\n<link rel=\"canonical\" href=\"https:\/\/www.webdo.tn\/fr\/actualite\/international\/italie-121-migrants-sauves-et-10-morts-apres-le-naufrage-dun-bateau\/184185\/\" \/>\n<meta property=\"og:locale\" content=\"fr_FR\" \/>\n<meta property=\"og:type\" content=\"article\" \/>\n<meta property=\"og:title\" content=\"Italie : 121 migrants sauv\u00e9s et 10 morts apr\u00e8s le naufrage d&#039;un bateau\" \/>\n<meta property=\"og:description\" content=\"Italie : 121 migrants sauv\u00e9s et 10 morts apr\u00e8s le naufrage d&#039;un bateau\" \/>\n<meta property=\"og:url\" content=\"https:\/\/www.webdo.tn\/fr\/actualite\/international\/italie-121-migrants-sauves-et-10-morts-apres-le-naufrage-dun-bateau\/184185\/\" \/>\n<meta property=\"og:site_name\" content=\"webdo\" \/>\n<meta property=\"article:publisher\" content=\"https:\/\/www.facebook.com\/webdotn\" \/>\n<meta property=\"article:published_time\" content=\"2015-03-04T13:07:00+00:00\" \/>\n<meta property=\"og:image\" content=\"https:\/\/www.webdo.tn\/fr\/wp-content\/uploads\/2015\/03\/Migrants-au-large-de-la-Sicile-AFP.jpg\" \/>\n\t<meta property=\"og:image:width\" content=\"512\" \/>\n\t<meta property=\"og:image:height\" content=\"384\" \/>\n\t<meta property=\"og:image:type\" content=\"image\/jpeg\" \/>\n<meta name=\"author\" content=\"webdo.tn\" \/>\n<meta name=\"twitter:card\" content=\"summary_large_image\" \/>\n<meta name=\"twitter:creator\" content=\"@webdo_tn\" \/>\n<meta name=\"twitter:site\" content=\"@webdo_tn\" \/>\n<meta name=\"twitter:label1\" content=\"\u00c9crit par\" \/>\n\t<meta name=\"twitter:data1\" content=\"webdo.tn\" \/>\n\t<meta name=\"twitter:label2\" content=\"Dur\u00e9e de lecture estim\u00e9e\" \/>\n\t<meta name=\"twitter:data2\" content=\"2 minutes\" \/>\n<script type=\"application\/ld+json\" class=\"yoast-schema-graph\">{\"@context\":\"https:\\\/\\\/schema.org\",\"@graph\":[{\"@type\":\"NewsArticle\",\"@id\":\"https:\\\/\\\/www.webdo.tn\\\/fr\\\/actualite\\\/international\\\/italie-121-migrants-sauves-et-10-morts-apres-le-naufrage-dun-bateau\\\/184185\\\/#article\",\"isPartOf\":{\"@id\":\"https:\\\/\\\/www.webdo.tn\\\/fr\\\/actualite\\\/international\\\/italie-121-migrants-sauves-et-10-morts-apres-le-naufrage-dun-bateau\\\/184185\\\/\"},\"author\":{\"name\":\"webdo.tn\",\"@id\":\"https:\\\/\\\/www.webdo.tn\\\/fr\\\/#\\\/schema\\\/person\\\/9a9c6118d687c117df8ef3cc36a4d175\"},\"headline\":\"Italie : 121 migrants sauv\u00e9s et 10 morts apr\u00e8s le naufrage d&rsquo;un bateau\",\"datePublished\":\"2015-03-04T13:07:00+00:00\",\"mainEntityOfPage\":{\"@id\":\"https:\\\/\\\/www.webdo.tn\\\/fr\\\/actualite\\\/international\\\/italie-121-migrants-sauves-et-10-morts-apres-le-naufrage-dun-bateau\\\/184185\\\/\"},\"wordCount\":355,\"commentCount\":0,\"publisher\":{\"@id\":\"https:\\\/\\\/www.webdo.tn\\\/fr\\\/#organization\"},\"image\":{\"@id\":\"https:\\\/\\\/www.webdo.tn\\\/fr\\\/actualite\\\/international\\\/italie-121-migrants-sauves-et-10-morts-apres-le-naufrage-dun-bateau\\\/184185\\\/#primaryimage\"},\"thumbnailUrl\":\"https:\\\/\\\/www.webdo.tn\\\/fr\\\/wp-content\\\/uploads\\\/2015\\\/03\\\/Migrants-au-large-de-la-Sicile-AFP.jpg\",\"keywords\":[\"guerre\"],\"articleSection\":[\"International\"],\"inLanguage\":\"fr-FR\"},{\"@type\":\"WebPage\",\"@id\":\"https:\\\/\\\/www.webdo.tn\\\/fr\\\/actualite\\\/international\\\/italie-121-migrants-sauves-et-10-morts-apres-le-naufrage-dun-bateau\\\/184185\\\/\",\"url\":\"https:\\\/\\\/www.webdo.tn\\\/fr\\\/actualite\\\/international\\\/italie-121-migrants-sauves-et-10-morts-apres-le-naufrage-dun-bateau\\\/184185\\\/\",\"name\":\"Italie : 121 migrants sauv\u00e9s et 10 morts apr\u00e8s le naufrage d'un bateau\",\"isPartOf\":{\"@id\":\"https:\\\/\\\/www.webdo.tn\\\/fr\\\/#website\"},\"primaryImageOfPage\":{\"@id\":\"https:\\\/\\\/www.webdo.tn\\\/fr\\\/actualite\\\/international\\\/italie-121-migrants-sauves-et-10-morts-apres-le-naufrage-dun-bateau\\\/184185\\\/#primaryimage\"},\"image\":{\"@id\":\"https:\\\/\\\/www.webdo.tn\\\/fr\\\/actualite\\\/international\\\/italie-121-migrants-sauves-et-10-morts-apres-le-naufrage-dun-bateau\\\/184185\\\/#primaryimage\"},\"thumbnailUrl\":\"https:\\\/\\\/www.webdo.tn\\\/fr\\\/wp-content\\\/uploads\\\/2015\\\/03\\\/Migrants-au-large-de-la-Sicile-AFP.jpg\",\"datePublished\":\"2015-03-04T13:07:00+00:00\",\"description\":\"Italie : 121 migrants sauv\u00e9s et 10 morts apr\u00e8s le naufrage d'un bateau\",\"breadcrumb\":{\"@id\":\"https:\\\/\\\/www.webdo.tn\\\/fr\\\/actualite\\\/international\\\/italie-121-migrants-sauves-et-10-morts-apres-le-naufrage-dun-bateau\\\/184185\\\/#breadcrumb\"},\"inLanguage\":\"fr-FR\",\"potentialAction\":[{\"@type\":\"ReadAction\",\"target\":[\"https:\\\/\\\/www.webdo.tn\\\/fr\\\/actualite\\\/international\\\/italie-121-migrants-sauves-et-10-morts-apres-le-naufrage-dun-bateau\\\/184185\\\/\"]}]},{\"@type\":\"ImageObject\",\"inLanguage\":\"fr-FR\",\"@id\":\"https:\\\/\\\/www.webdo.tn\\\/fr\\\/actualite\\\/international\\\/italie-121-migrants-sauves-et-10-morts-apres-le-naufrage-dun-bateau\\\/184185\\\/#primaryimage\",\"url\":\"https:\\\/\\\/www.webdo.tn\\\/fr\\\/wp-content\\\/uploads\\\/2015\\\/03\\\/Migrants-au-large-de-la-Sicile-AFP.jpg\",\"contentUrl\":\"https:\\\/\\\/www.webdo.tn\\\/fr\\\/wp-content\\\/uploads\\\/2015\\\/03\\\/Migrants-au-large-de-la-Sicile-AFP.jpg\",\"width\":512,\"height\":384,\"caption\":\"Italie : 121 migrants sauv\u00e9s et 10 morts apr\u00e8s le naufrage d'un bateau\"},{\"@type\":\"BreadcrumbList\",\"@id\":\"https:\\\/\\\/www.webdo.tn\\\/fr\\\/actualite\\\/international\\\/italie-121-migrants-sauves-et-10-morts-apres-le-naufrage-dun-bateau\\\/184185\\\/#breadcrumb\",\"itemListElement\":[{\"@type\":\"ListItem\",\"position\":1,\"name\":\"Accueil\",\"item\":\"https:\\\/\\\/www.webdo.tn\\\/fr\\\/\"},{\"@type\":\"ListItem\",\"position\":2,\"name\":\"Italie : 121 migrants sauv\u00e9s et 10 morts apr\u00e8s le naufrage d&rsquo;un bateau\"}]},{\"@type\":\"WebSite\",\"@id\":\"https:\\\/\\\/www.webdo.tn\\\/fr\\\/#website\",\"url\":\"https:\\\/\\\/www.webdo.tn\\\/fr\\\/\",\"name\":\"webdo\",\"description\":\"Tunisie - News en Tunisie et \u00e0 l&#039;international sur Webdo.tn\",\"publisher\":{\"@id\":\"https:\\\/\\\/www.webdo.tn\\\/fr\\\/#organization\"},\"potentialAction\":[{\"@type\":\"SearchAction\",\"target\":{\"@type\":\"EntryPoint\",\"urlTemplate\":\"https:\\\/\\\/www.webdo.tn\\\/fr\\\/?s={search_term_string}\"},\"query-input\":{\"@type\":\"PropertyValueSpecification\",\"valueRequired\":true,\"valueName\":\"search_term_string\"}}],\"inLanguage\":\"fr-FR\"},{\"@type\":\"Organization\",\"@id\":\"https:\\\/\\\/www.webdo.tn\\\/fr\\\/#organization\",\"name\":\"Webdo\",\"alternateName\":\"Webdo.tn\",\"url\":\"https:\\\/\\\/www.webdo.tn\\\/fr\\\/\",\"logo\":{\"@type\":\"ImageObject\",\"inLanguage\":\"fr-FR\",\"@id\":\"https:\\\/\\\/www.webdo.tn\\\/fr\\\/#\\\/schema\\\/logo\\\/image\\\/\",\"url\":\"https:\\\/\\\/www.webdo.tn\\\/fr\\\/wp-content\\\/uploads\\\/2025\\\/06\\\/Webdo-Tunisie_168377.jpg\",\"contentUrl\":\"https:\\\/\\\/www.webdo.tn\\\/fr\\\/wp-content\\\/uploads\\\/2025\\\/06\\\/Webdo-Tunisie_168377.jpg\",\"width\":301,\"height\":301,\"caption\":\"Webdo\"},\"image\":{\"@id\":\"https:\\\/\\\/www.webdo.tn\\\/fr\\\/#\\\/schema\\\/logo\\\/image\\\/\"},\"sameAs\":[\"https:\\\/\\\/www.facebook.com\\\/webdotn\",\"https:\\\/\\\/x.com\\\/webdo_tn\"],\"description\":\"Webdo est un m\u00e9dia num\u00e9rique tunisien fond\u00e9 en 2010, sp\u00e9cialis\u00e9 dans l\u2019actualit\u00e9 nationale et internationale, l\u2019\u00e9conomie, la soci\u00e9t\u00e9 et les analyses politiques. Le site s\u2019adresse \u00e0 un large public francophone et couvre l\u2019information tunisienne en temps r\u00e9el.\",\"email\":\"redac@webdo.tn\",\"legalName\":\"YNJ SARL\",\"foundingDate\":\"2010-09-06\",\"numberOfEmployees\":{\"@type\":\"QuantitativeValue\",\"minValue\":\"11\",\"maxValue\":\"50\"}},{\"@type\":\"Person\",\"@id\":\"https:\\\/\\\/www.webdo.tn\\\/fr\\\/#\\\/schema\\\/person\\\/9a9c6118d687c117df8ef3cc36a4d175\",\"name\":\"webdo.tn\",\"image\":{\"@type\":\"ImageObject\",\"inLanguage\":\"fr-FR\",\"@id\":\"https:\\\/\\\/secure.gravatar.com\\\/avatar\\\/7ce1f28c0c3bbac99ff550b85ef8e44a6950c6ee24514fb6a5489e51d06f0298?s=96&d=mm&r=g\",\"url\":\"https:\\\/\\\/secure.gravatar.com\\\/avatar\\\/7ce1f28c0c3bbac99ff550b85ef8e44a6950c6ee24514fb6a5489e51d06f0298?s=96&d=mm&r=g\",\"contentUrl\":\"https:\\\/\\\/secure.gravatar.com\\\/avatar\\\/7ce1f28c0c3bbac99ff550b85ef8e44a6950c6ee24514fb6a5489e51d06f0298?s=96&d=mm&r=g\",\"caption\":\"webdo.tn\"},\"url\":\"https:\\\/\\\/www.webdo.tn\\\/fr\\\/actualite\\\/author\\\/webdotn\\\/\"}]}<\/script>\n<!-- \/ Yoast SEO Premium plugin. -->","yoast_head_json":{"title":"Italie : 121 migrants sauv\u00e9s et 10 morts apr\u00e8s le naufrage d'un bateau","description":"Italie : 121 migrants sauv\u00e9s et 10 morts apr\u00e8s le naufrage d'un bateau","canonical":"https:\/\/www.webdo.tn\/fr\/actualite\/international\/italie-121-migrants-sauves-et-10-morts-apres-le-naufrage-dun-bateau\/184185\/","og_locale":"fr_FR","og_type":"article","og_title":"Italie : 121 migrants sauv\u00e9s et 10 morts apr\u00e8s le naufrage d'un bateau","og_description":"Italie : 121 migrants sauv\u00e9s et 10 morts apr\u00e8s le naufrage d'un bateau","og_url":"https:\/\/www.webdo.tn\/fr\/actualite\/international\/italie-121-migrants-sauves-et-10-morts-apres-le-naufrage-dun-bateau\/184185\/","og_site_name":"webdo","article_publisher":"https:\/\/www.facebook.com\/webdotn","article_published_time":"2015-03-04T13:07:00+00:00","og_image":[{"width":512,"height":384,"url":"https:\/\/www.webdo.tn\/fr\/wp-content\/uploads\/2015\/03\/Migrants-au-large-de-la-Sicile-AFP.jpg","type":"image\/jpeg"}],"author":"webdo.tn","twitter_card":"summary_large_image","twitter_creator":"@webdo_tn","twitter_site":"@webdo_tn","twitter_misc":{"\u00c9crit par":"webdo.tn","Dur\u00e9e de lecture estim\u00e9e":"2 minutes"},"schema":{"@context":"https:\/\/schema.org","@graph":[{"@type":"NewsArticle","@id":"https:\/\/www.webdo.tn\/fr\/actualite\/international\/italie-121-migrants-sauves-et-10-morts-apres-le-naufrage-dun-bateau\/184185\/#article","isPartOf":{"@id":"https:\/\/www.webdo.tn\/fr\/actualite\/international\/italie-121-migrants-sauves-et-10-morts-apres-le-naufrage-dun-bateau\/184185\/"},"author":{"name":"webdo.tn","@id":"https:\/\/www.webdo.tn\/fr\/#\/schema\/person\/9a9c6118d687c117df8ef3cc36a4d175"},"headline":"Italie : 121 migrants sauv\u00e9s et 10 morts apr\u00e8s le naufrage d&rsquo;un bateau","datePublished":"2015-03-04T13:07:00+00:00","mainEntityOfPage":{"@id":"https:\/\/www.webdo.tn\/fr\/actualite\/international\/italie-121-migrants-sauves-et-10-morts-apres-le-naufrage-dun-bateau\/184185\/"},"wordCount":355,"commentCount":0,"publisher":{"@id":"https:\/\/www.webdo.tn\/fr\/#organization"},"image":{"@id":"https:\/\/www.webdo.tn\/fr\/actualite\/international\/italie-121-migrants-sauves-et-10-morts-apres-le-naufrage-dun-bateau\/184185\/#primaryimage"},"thumbnailUrl":"https:\/\/www.webdo.tn\/fr\/wp-content\/uploads\/2015\/03\/Migrants-au-large-de-la-Sicile-AFP.jpg","keywords":["guerre"],"articleSection":["International"],"inLanguage":"fr-FR"},{"@type":"WebPage","@id":"https:\/\/www.webdo.tn\/fr\/actualite\/international\/italie-121-migrants-sauves-et-10-morts-apres-le-naufrage-dun-bateau\/184185\/","url":"https:\/\/www.webdo.tn\/fr\/actualite\/international\/italie-121-migrants-sauves-et-10-morts-apres-le-naufrage-dun-bateau\/184185\/","name":"Italie : 121 migrants sauv\u00e9s et 10 morts apr\u00e8s le naufrage d'un bateau","isPartOf":{"@id":"https:\/\/www.webdo.tn\/fr\/#website"},"primaryImageOfPage":{"@id":"https:\/\/www.webdo.tn\/fr\/actualite\/international\/italie-121-migrants-sauves-et-10-morts-apres-le-naufrage-dun-bateau\/184185\/#primaryimage"},"image":{"@id":"https:\/\/www.webdo.tn\/fr\/actualite\/international\/italie-121-migrants-sauves-et-10-morts-apres-le-naufrage-dun-bateau\/184185\/#primaryimage"},"thumbnailUrl":"https:\/\/www.webdo.tn\/fr\/wp-content\/uploads\/2015\/03\/Migrants-au-large-de-la-Sicile-AFP.jpg","datePublished":"2015-03-04T13:07:00+00:00","description":"Italie : 121 migrants sauv\u00e9s et 10 morts apr\u00e8s le naufrage d'un bateau","breadcrumb":{"@id":"https:\/\/www.webdo.tn\/fr\/actualite\/international\/italie-121-migrants-sauves-et-10-morts-apres-le-naufrage-dun-bateau\/184185\/#breadcrumb"},"inLanguage":"fr-FR","potentialAction":[{"@type":"ReadAction","target":["https:\/\/www.webdo.tn\/fr\/actualite\/international\/italie-121-migrants-sauves-et-10-morts-apres-le-naufrage-dun-bateau\/184185\/"]}]},{"@type":"ImageObject","inLanguage":"fr-FR","@id":"https:\/\/www.webdo.tn\/fr\/actualite\/international\/italie-121-migrants-sauves-et-10-morts-apres-le-naufrage-dun-bateau\/184185\/#primaryimage","url":"https:\/\/www.webdo.tn\/fr\/wp-content\/uploads\/2015\/03\/Migrants-au-large-de-la-Sicile-AFP.jpg","contentUrl":"https:\/\/www.webdo.tn\/fr\/wp-content\/uploads\/2015\/03\/Migrants-au-large-de-la-Sicile-AFP.jpg","width":512,"height":384,"caption":"Italie : 121 migrants sauv\u00e9s et 10 morts apr\u00e8s le naufrage d'un bateau"},{"@type":"BreadcrumbList","@id":"https:\/\/www.webdo.tn\/fr\/actualite\/international\/italie-121-migrants-sauves-et-10-morts-apres-le-naufrage-dun-bateau\/184185\/#breadcrumb","itemListElement":[{"@type":"ListItem","position":1,"name":"Accueil","item":"https:\/\/www.webdo.tn\/fr\/"},{"@type":"ListItem","position":2,"name":"Italie : 121 migrants sauv\u00e9s et 10 morts apr\u00e8s le naufrage d&rsquo;un bateau"}]},{"@type":"WebSite","@id":"https:\/\/www.webdo.tn\/fr\/#website","url":"https:\/\/www.webdo.tn\/fr\/","name":"webdo","description":"Tunisie - News en Tunisie et \u00e0 l&#039;international sur Webdo.tn","publisher":{"@id":"https:\/\/www.webdo.tn\/fr\/#organization"},"potentialAction":[{"@type":"SearchAction","target":{"@type":"EntryPoint","urlTemplate":"https:\/\/www.webdo.tn\/fr\/?s={search_term_string}"},"query-input":{"@type":"PropertyValueSpecification","valueRequired":true,"valueName":"search_term_string"}}],"inLanguage":"fr-FR"},{"@type":"Organization","@id":"https:\/\/www.webdo.tn\/fr\/#organization","name":"Webdo","alternateName":"Webdo.tn","url":"https:\/\/www.webdo.tn\/fr\/","logo":{"@type":"ImageObject","inLanguage":"fr-FR","@id":"https:\/\/www.webdo.tn\/fr\/#\/schema\/logo\/image\/","url":"https:\/\/www.webdo.tn\/fr\/wp-content\/uploads\/2025\/06\/Webdo-Tunisie_168377.jpg","contentUrl":"https:\/\/www.webdo.tn\/fr\/wp-content\/uploads\/2025\/06\/Webdo-Tunisie_168377.jpg","width":301,"height":301,"caption":"Webdo"},"image":{"@id":"https:\/\/www.webdo.tn\/fr\/#\/schema\/logo\/image\/"},"sameAs":["https:\/\/www.facebook.com\/webdotn","https:\/\/x.com\/webdo_tn"],"description":"Webdo est un m\u00e9dia num\u00e9rique tunisien fond\u00e9 en 2010, sp\u00e9cialis\u00e9 dans l\u2019actualit\u00e9 nationale et internationale, l\u2019\u00e9conomie, la soci\u00e9t\u00e9 et les analyses politiques. Le site s\u2019adresse \u00e0 un large public francophone et couvre l\u2019information tunisienne en temps r\u00e9el.","email":"redac@webdo.tn","legalName":"YNJ SARL","foundingDate":"2010-09-06","numberOfEmployees":{"@type":"QuantitativeValue","minValue":"11","maxValue":"50"}},{"@type":"Person","@id":"https:\/\/www.webdo.tn\/fr\/#\/schema\/person\/9a9c6118d687c117df8ef3cc36a4d175","name":"webdo.tn","image":{"@type":"ImageObject","inLanguage":"fr-FR","@id":"https:\/\/secure.gravatar.com\/avatar\/7ce1f28c0c3bbac99ff550b85ef8e44a6950c6ee24514fb6a5489e51d06f0298?s=96&d=mm&r=g","url":"https:\/\/secure.gravatar.com\/avatar\/7ce1f28c0c3bbac99ff550b85ef8e44a6950c6ee24514fb6a5489e51d06f0298?s=96&d=mm&r=g","contentUrl":"https:\/\/secure.gravatar.com\/avatar\/7ce1f28c0c3bbac99ff550b85ef8e44a6950c6ee24514fb6a5489e51d06f0298?s=96&d=mm&r=g","caption":"webdo.tn"},"url":"https:\/\/www.webdo.tn\/fr\/actualite\/author\/webdotn\/"}]}},"_links":{"self":[{"href":"https:\/\/www.webdo.tn\/fr\/wp-json\/wp\/v2\/posts\/184185","targetHints":{"allow":["GET"]}}],"collection":[{"href":"https:\/\/www.webdo.tn\/fr\/wp-json\/wp\/v2\/posts"}],"about":[{"href":"https:\/\/www.webdo.tn\/fr\/wp-json\/wp\/v2\/types\/post"}],"author":[{"embeddable":true,"href":"https:\/\/www.webdo.tn\/fr\/wp-json\/wp\/v2\/users\/3222"}],"replies":[{"embeddable":true,"href":"https:\/\/www.webdo.tn\/fr\/wp-json\/wp\/v2\/comments?post=184185"}],"version-history":[{"count":0,"href":"https:\/\/www.webdo.tn\/fr\/wp-json\/wp\/v2\/posts\/184185\/revisions"}],"wp:featuredmedia":[{"embeddable":true,"href":"https:\/\/www.webdo.tn\/fr\/wp-json\/wp\/v2\/media\/335604"}],"wp:attachment":[{"href":"https:\/\/www.webdo.tn\/fr\/wp-json\/wp\/v2\/media?parent=184185"}],"wp:term":[{"taxonomy":"category","embeddable":true,"href":"https:\/\/www.webdo.tn\/fr\/wp-json\/wp\/v2\/categories?post=184185"},{"taxonomy":"post_tag","embeddable":true,"href":"https:\/\/www.webdo.tn\/fr\/wp-json\/wp\/v2\/tags?post=184185"}],"curies":[{"name":"wp","href":"https:\/\/api.w.org\/{rel}","templated":true}]}}