{"id":184181,"date":"2015-03-07T12:02:00","date_gmt":"2015-03-07T12:02:00","guid":{"rendered":"https:\/\/www.webdo.tn\/fr\/blog\/apres-25-ans-de-combat-lambassadeur-de-palestine-leila-shahid-prend-sa-retraite\/184181\/"},"modified":"2015-03-07T12:02:00","modified_gmt":"2015-03-07T12:02:00","slug":"apres-25-ans-de-combat-lambassadeur-de-palestine-leila-shahid-prend-sa-retraite","status":"publish","type":"post","link":"https:\/\/www.webdo.tn\/fr\/actualite\/international\/apres-25-ans-de-combat-lambassadeur-de-palestine-leila-shahid-prend-sa-retraite\/184181\/","title":{"rendered":"Apr\u00e8s 25 ans de combat, l&rsquo;ambassadeur de Palestine Leila Shahid prend sa retraite"},"content":{"rendered":"<p>\u00ab\u00a0Je pars tr\u00e8s heureuse des rapports que j\u2019ai \u00e9tablis avec les partenaires politiques avec lesquels j\u2019ai travaill\u00e9, pas tous car je n\u2019ai pas eu que des amis parmi eux\u00a0\u00bb, a d\u00e9clar\u00e9 Leila Shahid, ambassadeur de Palestine, dans un article publi\u00e9 ce samedi 7 mars 2015 dans le journal belge leSoir.be<\/p>\n<p>Depuis la reconnaissance de la Palestine par l&rsquo;assembl\u00e9e g\u00e9n\u00e9rale de l&rsquo;ONU en tant qu&rsquo;\u00c9tat observateur en novembre 2012,\u00a0Le\u00efla Shahid a occup\u00e9 le\u00a0poste d&rsquo;ambassadeur de la Palestine aupr\u00e8s de l&rsquo;Union europ\u00e9enne, de la Belgique et du Luxembourg.<\/p>\n<p>A 65 ans, Mme Shahid estime qu&rsquo;un cycle de sa vie se termine. C&rsquo;est \u00e0 Tunis qu&rsquo;elle a \u00e9t\u00e9 approch\u00e9e par Yasser Arafat pour jouer un r\u00f4le crucial dans la lib\u00e9ration palestinienne.<br \/>\n[pull_quote_center]<br \/>\nJ\u2019avais accept\u00e9 la proposition de Yasser Arafat de devenir la premi\u00e8re repr\u00e9sentante palestinienne f\u00e9minine en 1989 peu apr\u00e8s le d\u00e9but de la premi\u00e8re intifada (soul\u00e8vement) dans les territoires occup\u00e9s. Il m\u2019avait retrouv\u00e9e \u00e0 l\u2019\u00e9poque au Congr\u00e8s du Fatah, \u00e0 Tunis et il m\u2019avait dit, de mani\u00e8re tr\u00e8s volontaire, \u00ab cette intifada est quelque chose d\u2019extraordinaire, les femmes y jouent un r\u00f4le tr\u00e8s important, elles sont \u00e0 l\u2019avant-garde des manifestations, je souhaite nommer des femmes comme repr\u00e9sentantes de l\u2019OLP et j\u2019ai d\u00e9cid\u00e9 que tu serais la premi\u00e8re \u00bb, confie-elle au journal Le Soir.<br \/>\n[\/pull_quote_center]<br \/>\n\u00a0Mme Shahid quitte ses fonctions avec \u00ab\u00a0une profonde d\u00e9ception\u00a0\u00bb, car la situation est \u00ab\u00a0plus tragique que jamais\u00a0\u00bb, estime-t-elle.<\/p>\n<p>D&rsquo;apr\u00e8s l&rsquo;ancienne ambassadeur de Palestine, la solution pour les Palestiniens r\u00e9side en la reconnaissance mutuelle entre Isra\u00ebl et les dirigeants palestiniens de deux Etats.<\/p>\n<p>[pull_quote_center]<br \/>\nTout le monde conna\u00eet la solution, mais personne n\u2019a le courage de la mettre en \u0153uvre. C\u2019est celle de deux Etats vivant c\u00f4te \u00e0 c\u00f4te, et c\u2019est nous qui l\u2019avons propos\u00e9e \u00e0 Isra\u00ebl et pas l\u2019inverse.<br \/>\n[\/pull_quote_center]<\/p>\n","protected":false},"excerpt":{"rendered":"<p>Apr\u00e8s 25 ans de combat, l&rsquo;ambassadeur de Palestine Leila Shahid prend sa retraite<\/p>\n","protected":false},"author":3222,"featured_media":318910,"comment_status":"open","ping_status":"closed","sticky":false,"template":"","format":"standard","meta":{"footnotes":""},"categories":[2598],"tags":[2600],"class_list":["post-184181","post","type-post","status-publish","format-standard","has-post-thumbnail","hentry","category-international","tag-guerre"],"yoast_head":"<!-- This site is optimized with the Yoast SEO Premium plugin v27.5 (Yoast SEO v27.5) - https:\/\/yoast.com\/product\/yoast-seo-premium-wordpress\/ -->\n<title>Apr\u00e8s 25 ans de combat, l&#039;ambassadeur de Palestine Leila Shahid prend sa retraite<\/title>\n<meta name=\"description\" content=\"Apr\u00e8s 25 ans de combat, l&#039;ambassadeur de Palestine Leila Shahid prend sa retraite\" \/>\n<link rel=\"canonical\" href=\"https:\/\/www.webdo.tn\/fr\/actualite\/international\/apres-25-ans-de-combat-lambassadeur-de-palestine-leila-shahid-prend-sa-retraite\/184181\/\" \/>\n<meta property=\"og:locale\" content=\"fr_FR\" \/>\n<meta property=\"og:type\" content=\"article\" \/>\n<meta property=\"og:title\" content=\"Apr\u00e8s 25 ans de combat, l&#039;ambassadeur de Palestine Leila Shahid prend sa retraite\" \/>\n<meta property=\"og:description\" content=\"Apr\u00e8s 25 ans de combat, l&#039;ambassadeur de Palestine Leila Shahid prend sa retraite\" \/>\n<meta property=\"og:url\" content=\"https:\/\/www.webdo.tn\/fr\/actualite\/international\/apres-25-ans-de-combat-lambassadeur-de-palestine-leila-shahid-prend-sa-retraite\/184181\/\" \/>\n<meta property=\"og:site_name\" content=\"webdo\" \/>\n<meta property=\"article:publisher\" content=\"https:\/\/www.facebook.com\/webdotn\" \/>\n<meta property=\"article:published_time\" content=\"2015-03-07T12:02:00+00:00\" \/>\n<meta property=\"og:image\" content=\"https:\/\/www.webdo.tn\/fr\/wp-content\/uploads\/2015\/03\/Leila-Shahid.png\" \/>\n\t<meta property=\"og:image:width\" content=\"664\" \/>\n\t<meta property=\"og:image:height\" content=\"393\" \/>\n\t<meta property=\"og:image:type\" content=\"image\/png\" \/>\n<meta name=\"author\" content=\"webdo.tn\" \/>\n<meta name=\"twitter:card\" content=\"summary_large_image\" \/>\n<meta name=\"twitter:creator\" content=\"@webdo_tn\" \/>\n<meta name=\"twitter:site\" content=\"@webdo_tn\" \/>\n<meta name=\"twitter:label1\" content=\"\u00c9crit par\" \/>\n\t<meta name=\"twitter:data1\" content=\"webdo.tn\" \/>\n\t<meta name=\"twitter:label2\" content=\"Dur\u00e9e de lecture estim\u00e9e\" \/>\n\t<meta name=\"twitter:data2\" content=\"2 minutes\" \/>\n<script type=\"application\/ld+json\" class=\"yoast-schema-graph\">{\"@context\":\"https:\\\/\\\/schema.org\",\"@graph\":[{\"@type\":\"NewsArticle\",\"@id\":\"https:\\\/\\\/www.webdo.tn\\\/fr\\\/actualite\\\/international\\\/apres-25-ans-de-combat-lambassadeur-de-palestine-leila-shahid-prend-sa-retraite\\\/184181\\\/#article\",\"isPartOf\":{\"@id\":\"https:\\\/\\\/www.webdo.tn\\\/fr\\\/actualite\\\/international\\\/apres-25-ans-de-combat-lambassadeur-de-palestine-leila-shahid-prend-sa-retraite\\\/184181\\\/\"},\"author\":{\"name\":\"webdo.tn\",\"@id\":\"https:\\\/\\\/www.webdo.tn\\\/fr\\\/#\\\/schema\\\/person\\\/9a9c6118d687c117df8ef3cc36a4d175\"},\"headline\":\"Apr\u00e8s 25 ans de combat, l&rsquo;ambassadeur de Palestine Leila Shahid prend sa retraite\",\"datePublished\":\"2015-03-07T12:02:00+00:00\",\"mainEntityOfPage\":{\"@id\":\"https:\\\/\\\/www.webdo.tn\\\/fr\\\/actualite\\\/international\\\/apres-25-ans-de-combat-lambassadeur-de-palestine-leila-shahid-prend-sa-retraite\\\/184181\\\/\"},\"wordCount\":367,\"commentCount\":0,\"publisher\":{\"@id\":\"https:\\\/\\\/www.webdo.tn\\\/fr\\\/#organization\"},\"image\":{\"@id\":\"https:\\\/\\\/www.webdo.tn\\\/fr\\\/actualite\\\/international\\\/apres-25-ans-de-combat-lambassadeur-de-palestine-leila-shahid-prend-sa-retraite\\\/184181\\\/#primaryimage\"},\"thumbnailUrl\":\"https:\\\/\\\/www.webdo.tn\\\/fr\\\/wp-content\\\/uploads\\\/2015\\\/03\\\/Leila-Shahid.png\",\"keywords\":[\"guerre\"],\"articleSection\":[\"International\"],\"inLanguage\":\"fr-FR\"},{\"@type\":\"WebPage\",\"@id\":\"https:\\\/\\\/www.webdo.tn\\\/fr\\\/actualite\\\/international\\\/apres-25-ans-de-combat-lambassadeur-de-palestine-leila-shahid-prend-sa-retraite\\\/184181\\\/\",\"url\":\"https:\\\/\\\/www.webdo.tn\\\/fr\\\/actualite\\\/international\\\/apres-25-ans-de-combat-lambassadeur-de-palestine-leila-shahid-prend-sa-retraite\\\/184181\\\/\",\"name\":\"Apr\u00e8s 25 ans de combat, l'ambassadeur de Palestine Leila Shahid prend sa retraite\",\"isPartOf\":{\"@id\":\"https:\\\/\\\/www.webdo.tn\\\/fr\\\/#website\"},\"primaryImageOfPage\":{\"@id\":\"https:\\\/\\\/www.webdo.tn\\\/fr\\\/actualite\\\/international\\\/apres-25-ans-de-combat-lambassadeur-de-palestine-leila-shahid-prend-sa-retraite\\\/184181\\\/#primaryimage\"},\"image\":{\"@id\":\"https:\\\/\\\/www.webdo.tn\\\/fr\\\/actualite\\\/international\\\/apres-25-ans-de-combat-lambassadeur-de-palestine-leila-shahid-prend-sa-retraite\\\/184181\\\/#primaryimage\"},\"thumbnailUrl\":\"https:\\\/\\\/www.webdo.tn\\\/fr\\\/wp-content\\\/uploads\\\/2015\\\/03\\\/Leila-Shahid.png\",\"datePublished\":\"2015-03-07T12:02:00+00:00\",\"description\":\"Apr\u00e8s 25 ans de combat, l'ambassadeur de Palestine Leila Shahid prend sa retraite\",\"breadcrumb\":{\"@id\":\"https:\\\/\\\/www.webdo.tn\\\/fr\\\/actualite\\\/international\\\/apres-25-ans-de-combat-lambassadeur-de-palestine-leila-shahid-prend-sa-retraite\\\/184181\\\/#breadcrumb\"},\"inLanguage\":\"fr-FR\",\"potentialAction\":[{\"@type\":\"ReadAction\",\"target\":[\"https:\\\/\\\/www.webdo.tn\\\/fr\\\/actualite\\\/international\\\/apres-25-ans-de-combat-lambassadeur-de-palestine-leila-shahid-prend-sa-retraite\\\/184181\\\/\"]}]},{\"@type\":\"ImageObject\",\"inLanguage\":\"fr-FR\",\"@id\":\"https:\\\/\\\/www.webdo.tn\\\/fr\\\/actualite\\\/international\\\/apres-25-ans-de-combat-lambassadeur-de-palestine-leila-shahid-prend-sa-retraite\\\/184181\\\/#primaryimage\",\"url\":\"https:\\\/\\\/www.webdo.tn\\\/fr\\\/wp-content\\\/uploads\\\/2015\\\/03\\\/Leila-Shahid.png\",\"contentUrl\":\"https:\\\/\\\/www.webdo.tn\\\/fr\\\/wp-content\\\/uploads\\\/2015\\\/03\\\/Leila-Shahid.png\",\"width\":664,\"height\":393,\"caption\":\"Apr\u00e8s 25 ans de combat, l'ambassadeur de Palestine Leila Shahid prend sa retraite\"},{\"@type\":\"BreadcrumbList\",\"@id\":\"https:\\\/\\\/www.webdo.tn\\\/fr\\\/actualite\\\/international\\\/apres-25-ans-de-combat-lambassadeur-de-palestine-leila-shahid-prend-sa-retraite\\\/184181\\\/#breadcrumb\",\"itemListElement\":[{\"@type\":\"ListItem\",\"position\":1,\"name\":\"Accueil\",\"item\":\"https:\\\/\\\/www.webdo.tn\\\/fr\\\/\"},{\"@type\":\"ListItem\",\"position\":2,\"name\":\"Apr\u00e8s 25 ans de combat, l&rsquo;ambassadeur de Palestine Leila Shahid prend sa retraite\"}]},{\"@type\":\"WebSite\",\"@id\":\"https:\\\/\\\/www.webdo.tn\\\/fr\\\/#website\",\"url\":\"https:\\\/\\\/www.webdo.tn\\\/fr\\\/\",\"name\":\"webdo\",\"description\":\"Tunisie - News en Tunisie et \u00e0 l&#039;international sur Webdo.tn\",\"publisher\":{\"@id\":\"https:\\\/\\\/www.webdo.tn\\\/fr\\\/#organization\"},\"potentialAction\":[{\"@type\":\"SearchAction\",\"target\":{\"@type\":\"EntryPoint\",\"urlTemplate\":\"https:\\\/\\\/www.webdo.tn\\\/fr\\\/?s={search_term_string}\"},\"query-input\":{\"@type\":\"PropertyValueSpecification\",\"valueRequired\":true,\"valueName\":\"search_term_string\"}}],\"inLanguage\":\"fr-FR\"},{\"@type\":\"Organization\",\"@id\":\"https:\\\/\\\/www.webdo.tn\\\/fr\\\/#organization\",\"name\":\"Webdo\",\"alternateName\":\"Webdo.tn\",\"url\":\"https:\\\/\\\/www.webdo.tn\\\/fr\\\/\",\"logo\":{\"@type\":\"ImageObject\",\"inLanguage\":\"fr-FR\",\"@id\":\"https:\\\/\\\/www.webdo.tn\\\/fr\\\/#\\\/schema\\\/logo\\\/image\\\/\",\"url\":\"https:\\\/\\\/www.webdo.tn\\\/fr\\\/wp-content\\\/uploads\\\/2025\\\/06\\\/Webdo-Tunisie_168377.jpg\",\"contentUrl\":\"https:\\\/\\\/www.webdo.tn\\\/fr\\\/wp-content\\\/uploads\\\/2025\\\/06\\\/Webdo-Tunisie_168377.jpg\",\"width\":301,\"height\":301,\"caption\":\"Webdo\"},\"image\":{\"@id\":\"https:\\\/\\\/www.webdo.tn\\\/fr\\\/#\\\/schema\\\/logo\\\/image\\\/\"},\"sameAs\":[\"https:\\\/\\\/www.facebook.com\\\/webdotn\",\"https:\\\/\\\/x.com\\\/webdo_tn\"],\"description\":\"Webdo est un m\u00e9dia num\u00e9rique tunisien fond\u00e9 en 2010, sp\u00e9cialis\u00e9 dans l\u2019actualit\u00e9 nationale et internationale, l\u2019\u00e9conomie, la soci\u00e9t\u00e9 et les analyses politiques. Le site s\u2019adresse \u00e0 un large public francophone et couvre l\u2019information tunisienne en temps r\u00e9el.\",\"email\":\"redac@webdo.tn\",\"legalName\":\"YNJ SARL\",\"foundingDate\":\"2010-09-06\",\"numberOfEmployees\":{\"@type\":\"QuantitativeValue\",\"minValue\":\"11\",\"maxValue\":\"50\"}},{\"@type\":\"Person\",\"@id\":\"https:\\\/\\\/www.webdo.tn\\\/fr\\\/#\\\/schema\\\/person\\\/9a9c6118d687c117df8ef3cc36a4d175\",\"name\":\"webdo.tn\",\"image\":{\"@type\":\"ImageObject\",\"inLanguage\":\"fr-FR\",\"@id\":\"https:\\\/\\\/secure.gravatar.com\\\/avatar\\\/7ce1f28c0c3bbac99ff550b85ef8e44a6950c6ee24514fb6a5489e51d06f0298?s=96&d=mm&r=g\",\"url\":\"https:\\\/\\\/secure.gravatar.com\\\/avatar\\\/7ce1f28c0c3bbac99ff550b85ef8e44a6950c6ee24514fb6a5489e51d06f0298?s=96&d=mm&r=g\",\"contentUrl\":\"https:\\\/\\\/secure.gravatar.com\\\/avatar\\\/7ce1f28c0c3bbac99ff550b85ef8e44a6950c6ee24514fb6a5489e51d06f0298?s=96&d=mm&r=g\",\"caption\":\"webdo.tn\"},\"url\":\"https:\\\/\\\/www.webdo.tn\\\/fr\\\/actualite\\\/author\\\/webdotn\\\/\"}]}<\/script>\n<!-- \/ Yoast SEO Premium plugin. -->","yoast_head_json":{"title":"Apr\u00e8s 25 ans de combat, l'ambassadeur de Palestine Leila Shahid prend sa retraite","description":"Apr\u00e8s 25 ans de combat, l'ambassadeur de Palestine Leila Shahid prend sa retraite","canonical":"https:\/\/www.webdo.tn\/fr\/actualite\/international\/apres-25-ans-de-combat-lambassadeur-de-palestine-leila-shahid-prend-sa-retraite\/184181\/","og_locale":"fr_FR","og_type":"article","og_title":"Apr\u00e8s 25 ans de combat, l'ambassadeur de Palestine Leila Shahid prend sa retraite","og_description":"Apr\u00e8s 25 ans de combat, l'ambassadeur de Palestine Leila Shahid prend sa retraite","og_url":"https:\/\/www.webdo.tn\/fr\/actualite\/international\/apres-25-ans-de-combat-lambassadeur-de-palestine-leila-shahid-prend-sa-retraite\/184181\/","og_site_name":"webdo","article_publisher":"https:\/\/www.facebook.com\/webdotn","article_published_time":"2015-03-07T12:02:00+00:00","og_image":[{"width":664,"height":393,"url":"https:\/\/www.webdo.tn\/fr\/wp-content\/uploads\/2015\/03\/Leila-Shahid.png","type":"image\/png"}],"author":"webdo.tn","twitter_card":"summary_large_image","twitter_creator":"@webdo_tn","twitter_site":"@webdo_tn","twitter_misc":{"\u00c9crit par":"webdo.tn","Dur\u00e9e de lecture estim\u00e9e":"2 minutes"},"schema":{"@context":"https:\/\/schema.org","@graph":[{"@type":"NewsArticle","@id":"https:\/\/www.webdo.tn\/fr\/actualite\/international\/apres-25-ans-de-combat-lambassadeur-de-palestine-leila-shahid-prend-sa-retraite\/184181\/#article","isPartOf":{"@id":"https:\/\/www.webdo.tn\/fr\/actualite\/international\/apres-25-ans-de-combat-lambassadeur-de-palestine-leila-shahid-prend-sa-retraite\/184181\/"},"author":{"name":"webdo.tn","@id":"https:\/\/www.webdo.tn\/fr\/#\/schema\/person\/9a9c6118d687c117df8ef3cc36a4d175"},"headline":"Apr\u00e8s 25 ans de combat, l&rsquo;ambassadeur de Palestine Leila Shahid prend sa retraite","datePublished":"2015-03-07T12:02:00+00:00","mainEntityOfPage":{"@id":"https:\/\/www.webdo.tn\/fr\/actualite\/international\/apres-25-ans-de-combat-lambassadeur-de-palestine-leila-shahid-prend-sa-retraite\/184181\/"},"wordCount":367,"commentCount":0,"publisher":{"@id":"https:\/\/www.webdo.tn\/fr\/#organization"},"image":{"@id":"https:\/\/www.webdo.tn\/fr\/actualite\/international\/apres-25-ans-de-combat-lambassadeur-de-palestine-leila-shahid-prend-sa-retraite\/184181\/#primaryimage"},"thumbnailUrl":"https:\/\/www.webdo.tn\/fr\/wp-content\/uploads\/2015\/03\/Leila-Shahid.png","keywords":["guerre"],"articleSection":["International"],"inLanguage":"fr-FR"},{"@type":"WebPage","@id":"https:\/\/www.webdo.tn\/fr\/actualite\/international\/apres-25-ans-de-combat-lambassadeur-de-palestine-leila-shahid-prend-sa-retraite\/184181\/","url":"https:\/\/www.webdo.tn\/fr\/actualite\/international\/apres-25-ans-de-combat-lambassadeur-de-palestine-leila-shahid-prend-sa-retraite\/184181\/","name":"Apr\u00e8s 25 ans de combat, l'ambassadeur de Palestine Leila Shahid prend sa retraite","isPartOf":{"@id":"https:\/\/www.webdo.tn\/fr\/#website"},"primaryImageOfPage":{"@id":"https:\/\/www.webdo.tn\/fr\/actualite\/international\/apres-25-ans-de-combat-lambassadeur-de-palestine-leila-shahid-prend-sa-retraite\/184181\/#primaryimage"},"image":{"@id":"https:\/\/www.webdo.tn\/fr\/actualite\/international\/apres-25-ans-de-combat-lambassadeur-de-palestine-leila-shahid-prend-sa-retraite\/184181\/#primaryimage"},"thumbnailUrl":"https:\/\/www.webdo.tn\/fr\/wp-content\/uploads\/2015\/03\/Leila-Shahid.png","datePublished":"2015-03-07T12:02:00+00:00","description":"Apr\u00e8s 25 ans de combat, l'ambassadeur de Palestine Leila Shahid prend sa retraite","breadcrumb":{"@id":"https:\/\/www.webdo.tn\/fr\/actualite\/international\/apres-25-ans-de-combat-lambassadeur-de-palestine-leila-shahid-prend-sa-retraite\/184181\/#breadcrumb"},"inLanguage":"fr-FR","potentialAction":[{"@type":"ReadAction","target":["https:\/\/www.webdo.tn\/fr\/actualite\/international\/apres-25-ans-de-combat-lambassadeur-de-palestine-leila-shahid-prend-sa-retraite\/184181\/"]}]},{"@type":"ImageObject","inLanguage":"fr-FR","@id":"https:\/\/www.webdo.tn\/fr\/actualite\/international\/apres-25-ans-de-combat-lambassadeur-de-palestine-leila-shahid-prend-sa-retraite\/184181\/#primaryimage","url":"https:\/\/www.webdo.tn\/fr\/wp-content\/uploads\/2015\/03\/Leila-Shahid.png","contentUrl":"https:\/\/www.webdo.tn\/fr\/wp-content\/uploads\/2015\/03\/Leila-Shahid.png","width":664,"height":393,"caption":"Apr\u00e8s 25 ans de combat, l'ambassadeur de Palestine Leila Shahid prend sa retraite"},{"@type":"BreadcrumbList","@id":"https:\/\/www.webdo.tn\/fr\/actualite\/international\/apres-25-ans-de-combat-lambassadeur-de-palestine-leila-shahid-prend-sa-retraite\/184181\/#breadcrumb","itemListElement":[{"@type":"ListItem","position":1,"name":"Accueil","item":"https:\/\/www.webdo.tn\/fr\/"},{"@type":"ListItem","position":2,"name":"Apr\u00e8s 25 ans de combat, l&rsquo;ambassadeur de Palestine Leila Shahid prend sa retraite"}]},{"@type":"WebSite","@id":"https:\/\/www.webdo.tn\/fr\/#website","url":"https:\/\/www.webdo.tn\/fr\/","name":"webdo","description":"Tunisie - News en Tunisie et \u00e0 l&#039;international sur Webdo.tn","publisher":{"@id":"https:\/\/www.webdo.tn\/fr\/#organization"},"potentialAction":[{"@type":"SearchAction","target":{"@type":"EntryPoint","urlTemplate":"https:\/\/www.webdo.tn\/fr\/?s={search_term_string}"},"query-input":{"@type":"PropertyValueSpecification","valueRequired":true,"valueName":"search_term_string"}}],"inLanguage":"fr-FR"},{"@type":"Organization","@id":"https:\/\/www.webdo.tn\/fr\/#organization","name":"Webdo","alternateName":"Webdo.tn","url":"https:\/\/www.webdo.tn\/fr\/","logo":{"@type":"ImageObject","inLanguage":"fr-FR","@id":"https:\/\/www.webdo.tn\/fr\/#\/schema\/logo\/image\/","url":"https:\/\/www.webdo.tn\/fr\/wp-content\/uploads\/2025\/06\/Webdo-Tunisie_168377.jpg","contentUrl":"https:\/\/www.webdo.tn\/fr\/wp-content\/uploads\/2025\/06\/Webdo-Tunisie_168377.jpg","width":301,"height":301,"caption":"Webdo"},"image":{"@id":"https:\/\/www.webdo.tn\/fr\/#\/schema\/logo\/image\/"},"sameAs":["https:\/\/www.facebook.com\/webdotn","https:\/\/x.com\/webdo_tn"],"description":"Webdo est un m\u00e9dia num\u00e9rique tunisien fond\u00e9 en 2010, sp\u00e9cialis\u00e9 dans l\u2019actualit\u00e9 nationale et internationale, l\u2019\u00e9conomie, la soci\u00e9t\u00e9 et les analyses politiques. Le site s\u2019adresse \u00e0 un large public francophone et couvre l\u2019information tunisienne en temps r\u00e9el.","email":"redac@webdo.tn","legalName":"YNJ SARL","foundingDate":"2010-09-06","numberOfEmployees":{"@type":"QuantitativeValue","minValue":"11","maxValue":"50"}},{"@type":"Person","@id":"https:\/\/www.webdo.tn\/fr\/#\/schema\/person\/9a9c6118d687c117df8ef3cc36a4d175","name":"webdo.tn","image":{"@type":"ImageObject","inLanguage":"fr-FR","@id":"https:\/\/secure.gravatar.com\/avatar\/7ce1f28c0c3bbac99ff550b85ef8e44a6950c6ee24514fb6a5489e51d06f0298?s=96&d=mm&r=g","url":"https:\/\/secure.gravatar.com\/avatar\/7ce1f28c0c3bbac99ff550b85ef8e44a6950c6ee24514fb6a5489e51d06f0298?s=96&d=mm&r=g","contentUrl":"https:\/\/secure.gravatar.com\/avatar\/7ce1f28c0c3bbac99ff550b85ef8e44a6950c6ee24514fb6a5489e51d06f0298?s=96&d=mm&r=g","caption":"webdo.tn"},"url":"https:\/\/www.webdo.tn\/fr\/actualite\/author\/webdotn\/"}]}},"_links":{"self":[{"href":"https:\/\/www.webdo.tn\/fr\/wp-json\/wp\/v2\/posts\/184181","targetHints":{"allow":["GET"]}}],"collection":[{"href":"https:\/\/www.webdo.tn\/fr\/wp-json\/wp\/v2\/posts"}],"about":[{"href":"https:\/\/www.webdo.tn\/fr\/wp-json\/wp\/v2\/types\/post"}],"author":[{"embeddable":true,"href":"https:\/\/www.webdo.tn\/fr\/wp-json\/wp\/v2\/users\/3222"}],"replies":[{"embeddable":true,"href":"https:\/\/www.webdo.tn\/fr\/wp-json\/wp\/v2\/comments?post=184181"}],"version-history":[{"count":0,"href":"https:\/\/www.webdo.tn\/fr\/wp-json\/wp\/v2\/posts\/184181\/revisions"}],"wp:featuredmedia":[{"embeddable":true,"href":"https:\/\/www.webdo.tn\/fr\/wp-json\/wp\/v2\/media\/318910"}],"wp:attachment":[{"href":"https:\/\/www.webdo.tn\/fr\/wp-json\/wp\/v2\/media?parent=184181"}],"wp:term":[{"taxonomy":"category","embeddable":true,"href":"https:\/\/www.webdo.tn\/fr\/wp-json\/wp\/v2\/categories?post=184181"},{"taxonomy":"post_tag","embeddable":true,"href":"https:\/\/www.webdo.tn\/fr\/wp-json\/wp\/v2\/tags?post=184181"}],"curies":[{"name":"wp","href":"https:\/\/api.w.org\/{rel}","templated":true}]}}