{"id":184180,"date":"2015-03-08T01:44:00","date_gmt":"2015-03-08T01:44:00","guid":{"rendered":"https:\/\/www.webdo.tn\/fr\/blog\/le-chef-de-boko-haram-prete-allegeance-a-letat-islamique\/184180\/"},"modified":"2015-03-08T01:44:00","modified_gmt":"2015-03-08T01:44:00","slug":"le-chef-de-boko-haram-prete-allegeance-a-letat-islamique","status":"publish","type":"post","link":"https:\/\/www.webdo.tn\/fr\/actualite\/international\/le-chef-de-boko-haram-prete-allegeance-a-letat-islamique\/184180\/","title":{"rendered":"Le chef de Boko Haram pr\u00eate all\u00e9geance \u00e0 l&rsquo;Etat islamique"},"content":{"rendered":"<p>Le chef du groupe arm\u00e9 Boko Haram, Abubakar Shekau, a pr\u00eat\u00e9 all\u00e9geance \u00e0 l&rsquo;Etat islamique dans un enregistrement audio publi\u00e9 dans la soir\u00e9e du samedi 7 mars.<\/p>\n<p>Habitu\u00e9 \u00e0 se d\u00e9voiler dans une vid\u00e9o, le chef de Boko Haram a, cette fois-ci, laiss\u00e9 un message audio accompagn\u00e9 d&rsquo;une image : \u00ab\u00a0all\u00e9geance des groupes sunnites pour l&rsquo;appel et le djihad au calife\u00a0des musulmans Abu Baker Baghdadi\u00a0\u00bb.<\/p>\n<p>Dans cet enregistrement en langue arabe, traduit \u00e0 la fois en fran\u00e7ais et en anglais, on peut entendre :<\/p>\n<p>[pull_quote_center]\u00a0\u00bbNous annon\u00e7ons notre all\u00e9geance au Calife Ibrahim Ibn Awad Al Qoraichi Al Housayni (alias Abu Baker Baghdadi) \u00e0 l&rsquo;\u00e9coute et l&rsquo;ob\u00e9issance dans la facilit\u00e9 et la difficult\u00e9, dans ce qui nous plait et ce qui nous d\u00e9plait m\u00eame si nous voyons de l&rsquo;injustice et de ne pas disputer le pouvoir \u00e0 ses d\u00e9tenteurs sauf si nous voyons une m\u00e9cr\u00e9ance claire dont nous disposons d&rsquo;une preuve d&rsquo;Allah.\u00a0\u00bb[\/pull_quote_center]<\/p>\n<p>Boko Haram a men\u00e9 depuis 2009 une s\u00e9rie de raids et d\u2019attentats \u00e0 l\u2019explosif visant d\u00e9lib\u00e9r\u00e9ment des civils. Les attaques se font de plus en plus fr\u00e9quentes et importantes au fil du temps au Nig\u00e9ria et au Cameroun incendiant m\u00eame une mosqu\u00e9e.<\/p>\n","protected":false},"excerpt":{"rendered":"<p>Le chef de Boko Haram pr\u00eate all\u00e9geance \u00e0 l&rsquo;Etat islamique<\/p>\n","protected":false},"author":3222,"featured_media":335624,"comment_status":"open","ping_status":"closed","sticky":false,"template":"","format":"standard","meta":{"footnotes":""},"categories":[2598],"tags":[2600],"class_list":["post-184180","post","type-post","status-publish","format-standard","has-post-thumbnail","hentry","category-international","tag-guerre"],"yoast_head":"<!-- This site is optimized with the Yoast SEO Premium plugin v27.5 (Yoast SEO v27.5) - https:\/\/yoast.com\/product\/yoast-seo-premium-wordpress\/ -->\n<title>Le chef de Boko Haram pr\u00eate all\u00e9geance \u00e0 l&#039;Etat islamique<\/title>\n<meta name=\"description\" content=\"Le chef de Boko Haram pr\u00eate all\u00e9geance \u00e0 l&#039;Etat islamique\" \/>\n<link rel=\"canonical\" href=\"https:\/\/www.webdo.tn\/fr\/actualite\/international\/le-chef-de-boko-haram-prete-allegeance-a-letat-islamique\/184180\/\" \/>\n<meta property=\"og:locale\" content=\"fr_FR\" \/>\n<meta property=\"og:type\" content=\"article\" \/>\n<meta property=\"og:title\" content=\"Le chef de Boko Haram pr\u00eate all\u00e9geance \u00e0 l&#039;Etat islamique\" \/>\n<meta property=\"og:description\" content=\"Le chef de Boko Haram pr\u00eate all\u00e9geance \u00e0 l&#039;Etat islamique\" \/>\n<meta property=\"og:url\" content=\"https:\/\/www.webdo.tn\/fr\/actualite\/international\/le-chef-de-boko-haram-prete-allegeance-a-letat-islamique\/184180\/\" \/>\n<meta property=\"og:site_name\" content=\"webdo\" \/>\n<meta property=\"article:publisher\" content=\"https:\/\/www.facebook.com\/webdotn\" \/>\n<meta property=\"article:published_time\" content=\"2015-03-08T01:44:00+00:00\" \/>\n<meta property=\"og:image\" content=\"https:\/\/www.webdo.tn\/fr\/wp-content\/uploads\/2015\/03\/98175A45-35C2-43FE-954E-2D3C30D5E772_mw1024_s_n-e1425775244883.jpg\" \/>\n\t<meta property=\"og:image:width\" content=\"600\" \/>\n\t<meta property=\"og:image:height\" content=\"368\" \/>\n\t<meta property=\"og:image:type\" content=\"image\/jpeg\" \/>\n<meta name=\"author\" content=\"webdo.tn\" \/>\n<meta name=\"twitter:card\" content=\"summary_large_image\" \/>\n<meta name=\"twitter:creator\" content=\"@webdo_tn\" \/>\n<meta name=\"twitter:site\" content=\"@webdo_tn\" \/>\n<meta name=\"twitter:label1\" content=\"\u00c9crit par\" \/>\n\t<meta name=\"twitter:data1\" content=\"webdo.tn\" \/>\n\t<meta name=\"twitter:label2\" content=\"Dur\u00e9e de lecture estim\u00e9e\" \/>\n\t<meta name=\"twitter:data2\" content=\"1 minute\" \/>\n<script type=\"application\/ld+json\" class=\"yoast-schema-graph\">{\"@context\":\"https:\\\/\\\/schema.org\",\"@graph\":[{\"@type\":\"NewsArticle\",\"@id\":\"https:\\\/\\\/www.webdo.tn\\\/fr\\\/actualite\\\/international\\\/le-chef-de-boko-haram-prete-allegeance-a-letat-islamique\\\/184180\\\/#article\",\"isPartOf\":{\"@id\":\"https:\\\/\\\/www.webdo.tn\\\/fr\\\/actualite\\\/international\\\/le-chef-de-boko-haram-prete-allegeance-a-letat-islamique\\\/184180\\\/\"},\"author\":{\"name\":\"webdo.tn\",\"@id\":\"https:\\\/\\\/www.webdo.tn\\\/fr\\\/#\\\/schema\\\/person\\\/9a9c6118d687c117df8ef3cc36a4d175\"},\"headline\":\"Le chef de Boko Haram pr\u00eate all\u00e9geance \u00e0 l&rsquo;Etat islamique\",\"datePublished\":\"2015-03-08T01:44:00+00:00\",\"mainEntityOfPage\":{\"@id\":\"https:\\\/\\\/www.webdo.tn\\\/fr\\\/actualite\\\/international\\\/le-chef-de-boko-haram-prete-allegeance-a-letat-islamique\\\/184180\\\/\"},\"wordCount\":234,\"commentCount\":0,\"publisher\":{\"@id\":\"https:\\\/\\\/www.webdo.tn\\\/fr\\\/#organization\"},\"image\":{\"@id\":\"https:\\\/\\\/www.webdo.tn\\\/fr\\\/actualite\\\/international\\\/le-chef-de-boko-haram-prete-allegeance-a-letat-islamique\\\/184180\\\/#primaryimage\"},\"thumbnailUrl\":\"https:\\\/\\\/www.webdo.tn\\\/fr\\\/wp-content\\\/uploads\\\/2015\\\/03\\\/98175A45-35C2-43FE-954E-2D3C30D5E772_mw1024_s_n-e1425775244883.jpg\",\"keywords\":[\"guerre\"],\"articleSection\":[\"International\"],\"inLanguage\":\"fr-FR\"},{\"@type\":\"WebPage\",\"@id\":\"https:\\\/\\\/www.webdo.tn\\\/fr\\\/actualite\\\/international\\\/le-chef-de-boko-haram-prete-allegeance-a-letat-islamique\\\/184180\\\/\",\"url\":\"https:\\\/\\\/www.webdo.tn\\\/fr\\\/actualite\\\/international\\\/le-chef-de-boko-haram-prete-allegeance-a-letat-islamique\\\/184180\\\/\",\"name\":\"Le chef de Boko Haram pr\u00eate all\u00e9geance \u00e0 l'Etat islamique\",\"isPartOf\":{\"@id\":\"https:\\\/\\\/www.webdo.tn\\\/fr\\\/#website\"},\"primaryImageOfPage\":{\"@id\":\"https:\\\/\\\/www.webdo.tn\\\/fr\\\/actualite\\\/international\\\/le-chef-de-boko-haram-prete-allegeance-a-letat-islamique\\\/184180\\\/#primaryimage\"},\"image\":{\"@id\":\"https:\\\/\\\/www.webdo.tn\\\/fr\\\/actualite\\\/international\\\/le-chef-de-boko-haram-prete-allegeance-a-letat-islamique\\\/184180\\\/#primaryimage\"},\"thumbnailUrl\":\"https:\\\/\\\/www.webdo.tn\\\/fr\\\/wp-content\\\/uploads\\\/2015\\\/03\\\/98175A45-35C2-43FE-954E-2D3C30D5E772_mw1024_s_n-e1425775244883.jpg\",\"datePublished\":\"2015-03-08T01:44:00+00:00\",\"description\":\"Le chef de Boko Haram pr\u00eate all\u00e9geance \u00e0 l'Etat islamique\",\"breadcrumb\":{\"@id\":\"https:\\\/\\\/www.webdo.tn\\\/fr\\\/actualite\\\/international\\\/le-chef-de-boko-haram-prete-allegeance-a-letat-islamique\\\/184180\\\/#breadcrumb\"},\"inLanguage\":\"fr-FR\",\"potentialAction\":[{\"@type\":\"ReadAction\",\"target\":[\"https:\\\/\\\/www.webdo.tn\\\/fr\\\/actualite\\\/international\\\/le-chef-de-boko-haram-prete-allegeance-a-letat-islamique\\\/184180\\\/\"]}]},{\"@type\":\"ImageObject\",\"inLanguage\":\"fr-FR\",\"@id\":\"https:\\\/\\\/www.webdo.tn\\\/fr\\\/actualite\\\/international\\\/le-chef-de-boko-haram-prete-allegeance-a-letat-islamique\\\/184180\\\/#primaryimage\",\"url\":\"https:\\\/\\\/www.webdo.tn\\\/fr\\\/wp-content\\\/uploads\\\/2015\\\/03\\\/98175A45-35C2-43FE-954E-2D3C30D5E772_mw1024_s_n-e1425775244883.jpg\",\"contentUrl\":\"https:\\\/\\\/www.webdo.tn\\\/fr\\\/wp-content\\\/uploads\\\/2015\\\/03\\\/98175A45-35C2-43FE-954E-2D3C30D5E772_mw1024_s_n-e1425775244883.jpg\",\"width\":600,\"height\":368,\"caption\":\"Le chef de Boko Haram pr\u00eate all\u00e9geance \u00e0 l'Etat islamique\"},{\"@type\":\"BreadcrumbList\",\"@id\":\"https:\\\/\\\/www.webdo.tn\\\/fr\\\/actualite\\\/international\\\/le-chef-de-boko-haram-prete-allegeance-a-letat-islamique\\\/184180\\\/#breadcrumb\",\"itemListElement\":[{\"@type\":\"ListItem\",\"position\":1,\"name\":\"Accueil\",\"item\":\"https:\\\/\\\/www.webdo.tn\\\/fr\\\/\"},{\"@type\":\"ListItem\",\"position\":2,\"name\":\"Le chef de Boko Haram pr\u00eate all\u00e9geance \u00e0 l&rsquo;Etat islamique\"}]},{\"@type\":\"WebSite\",\"@id\":\"https:\\\/\\\/www.webdo.tn\\\/fr\\\/#website\",\"url\":\"https:\\\/\\\/www.webdo.tn\\\/fr\\\/\",\"name\":\"webdo\",\"description\":\"Tunisie - News en Tunisie et \u00e0 l&#039;international sur Webdo.tn\",\"publisher\":{\"@id\":\"https:\\\/\\\/www.webdo.tn\\\/fr\\\/#organization\"},\"potentialAction\":[{\"@type\":\"SearchAction\",\"target\":{\"@type\":\"EntryPoint\",\"urlTemplate\":\"https:\\\/\\\/www.webdo.tn\\\/fr\\\/?s={search_term_string}\"},\"query-input\":{\"@type\":\"PropertyValueSpecification\",\"valueRequired\":true,\"valueName\":\"search_term_string\"}}],\"inLanguage\":\"fr-FR\"},{\"@type\":\"Organization\",\"@id\":\"https:\\\/\\\/www.webdo.tn\\\/fr\\\/#organization\",\"name\":\"Webdo\",\"alternateName\":\"Webdo.tn\",\"url\":\"https:\\\/\\\/www.webdo.tn\\\/fr\\\/\",\"logo\":{\"@type\":\"ImageObject\",\"inLanguage\":\"fr-FR\",\"@id\":\"https:\\\/\\\/www.webdo.tn\\\/fr\\\/#\\\/schema\\\/logo\\\/image\\\/\",\"url\":\"https:\\\/\\\/www.webdo.tn\\\/fr\\\/wp-content\\\/uploads\\\/2025\\\/06\\\/Webdo-Tunisie_168377.jpg\",\"contentUrl\":\"https:\\\/\\\/www.webdo.tn\\\/fr\\\/wp-content\\\/uploads\\\/2025\\\/06\\\/Webdo-Tunisie_168377.jpg\",\"width\":301,\"height\":301,\"caption\":\"Webdo\"},\"image\":{\"@id\":\"https:\\\/\\\/www.webdo.tn\\\/fr\\\/#\\\/schema\\\/logo\\\/image\\\/\"},\"sameAs\":[\"https:\\\/\\\/www.facebook.com\\\/webdotn\",\"https:\\\/\\\/x.com\\\/webdo_tn\"],\"description\":\"Webdo est un m\u00e9dia num\u00e9rique tunisien fond\u00e9 en 2010, sp\u00e9cialis\u00e9 dans l\u2019actualit\u00e9 nationale et internationale, l\u2019\u00e9conomie, la soci\u00e9t\u00e9 et les analyses politiques. Le site s\u2019adresse \u00e0 un large public francophone et couvre l\u2019information tunisienne en temps r\u00e9el.\",\"email\":\"redac@webdo.tn\",\"legalName\":\"YNJ SARL\",\"foundingDate\":\"2010-09-06\",\"numberOfEmployees\":{\"@type\":\"QuantitativeValue\",\"minValue\":\"11\",\"maxValue\":\"50\"}},{\"@type\":\"Person\",\"@id\":\"https:\\\/\\\/www.webdo.tn\\\/fr\\\/#\\\/schema\\\/person\\\/9a9c6118d687c117df8ef3cc36a4d175\",\"name\":\"webdo.tn\",\"image\":{\"@type\":\"ImageObject\",\"inLanguage\":\"fr-FR\",\"@id\":\"https:\\\/\\\/secure.gravatar.com\\\/avatar\\\/7ce1f28c0c3bbac99ff550b85ef8e44a6950c6ee24514fb6a5489e51d06f0298?s=96&d=mm&r=g\",\"url\":\"https:\\\/\\\/secure.gravatar.com\\\/avatar\\\/7ce1f28c0c3bbac99ff550b85ef8e44a6950c6ee24514fb6a5489e51d06f0298?s=96&d=mm&r=g\",\"contentUrl\":\"https:\\\/\\\/secure.gravatar.com\\\/avatar\\\/7ce1f28c0c3bbac99ff550b85ef8e44a6950c6ee24514fb6a5489e51d06f0298?s=96&d=mm&r=g\",\"caption\":\"webdo.tn\"},\"url\":\"https:\\\/\\\/www.webdo.tn\\\/fr\\\/actualite\\\/author\\\/webdotn\\\/\"}]}<\/script>\n<!-- \/ Yoast SEO Premium plugin. -->","yoast_head_json":{"title":"Le chef de Boko Haram pr\u00eate all\u00e9geance \u00e0 l'Etat islamique","description":"Le chef de Boko Haram pr\u00eate all\u00e9geance \u00e0 l'Etat islamique","canonical":"https:\/\/www.webdo.tn\/fr\/actualite\/international\/le-chef-de-boko-haram-prete-allegeance-a-letat-islamique\/184180\/","og_locale":"fr_FR","og_type":"article","og_title":"Le chef de Boko Haram pr\u00eate all\u00e9geance \u00e0 l'Etat islamique","og_description":"Le chef de Boko Haram pr\u00eate all\u00e9geance \u00e0 l'Etat islamique","og_url":"https:\/\/www.webdo.tn\/fr\/actualite\/international\/le-chef-de-boko-haram-prete-allegeance-a-letat-islamique\/184180\/","og_site_name":"webdo","article_publisher":"https:\/\/www.facebook.com\/webdotn","article_published_time":"2015-03-08T01:44:00+00:00","og_image":[{"width":600,"height":368,"url":"https:\/\/www.webdo.tn\/fr\/wp-content\/uploads\/2015\/03\/98175A45-35C2-43FE-954E-2D3C30D5E772_mw1024_s_n-e1425775244883.jpg","type":"image\/jpeg"}],"author":"webdo.tn","twitter_card":"summary_large_image","twitter_creator":"@webdo_tn","twitter_site":"@webdo_tn","twitter_misc":{"\u00c9crit par":"webdo.tn","Dur\u00e9e de lecture estim\u00e9e":"1 minute"},"schema":{"@context":"https:\/\/schema.org","@graph":[{"@type":"NewsArticle","@id":"https:\/\/www.webdo.tn\/fr\/actualite\/international\/le-chef-de-boko-haram-prete-allegeance-a-letat-islamique\/184180\/#article","isPartOf":{"@id":"https:\/\/www.webdo.tn\/fr\/actualite\/international\/le-chef-de-boko-haram-prete-allegeance-a-letat-islamique\/184180\/"},"author":{"name":"webdo.tn","@id":"https:\/\/www.webdo.tn\/fr\/#\/schema\/person\/9a9c6118d687c117df8ef3cc36a4d175"},"headline":"Le chef de Boko Haram pr\u00eate all\u00e9geance \u00e0 l&rsquo;Etat islamique","datePublished":"2015-03-08T01:44:00+00:00","mainEntityOfPage":{"@id":"https:\/\/www.webdo.tn\/fr\/actualite\/international\/le-chef-de-boko-haram-prete-allegeance-a-letat-islamique\/184180\/"},"wordCount":234,"commentCount":0,"publisher":{"@id":"https:\/\/www.webdo.tn\/fr\/#organization"},"image":{"@id":"https:\/\/www.webdo.tn\/fr\/actualite\/international\/le-chef-de-boko-haram-prete-allegeance-a-letat-islamique\/184180\/#primaryimage"},"thumbnailUrl":"https:\/\/www.webdo.tn\/fr\/wp-content\/uploads\/2015\/03\/98175A45-35C2-43FE-954E-2D3C30D5E772_mw1024_s_n-e1425775244883.jpg","keywords":["guerre"],"articleSection":["International"],"inLanguage":"fr-FR"},{"@type":"WebPage","@id":"https:\/\/www.webdo.tn\/fr\/actualite\/international\/le-chef-de-boko-haram-prete-allegeance-a-letat-islamique\/184180\/","url":"https:\/\/www.webdo.tn\/fr\/actualite\/international\/le-chef-de-boko-haram-prete-allegeance-a-letat-islamique\/184180\/","name":"Le chef de Boko Haram pr\u00eate all\u00e9geance \u00e0 l'Etat islamique","isPartOf":{"@id":"https:\/\/www.webdo.tn\/fr\/#website"},"primaryImageOfPage":{"@id":"https:\/\/www.webdo.tn\/fr\/actualite\/international\/le-chef-de-boko-haram-prete-allegeance-a-letat-islamique\/184180\/#primaryimage"},"image":{"@id":"https:\/\/www.webdo.tn\/fr\/actualite\/international\/le-chef-de-boko-haram-prete-allegeance-a-letat-islamique\/184180\/#primaryimage"},"thumbnailUrl":"https:\/\/www.webdo.tn\/fr\/wp-content\/uploads\/2015\/03\/98175A45-35C2-43FE-954E-2D3C30D5E772_mw1024_s_n-e1425775244883.jpg","datePublished":"2015-03-08T01:44:00+00:00","description":"Le chef de Boko Haram pr\u00eate all\u00e9geance \u00e0 l'Etat islamique","breadcrumb":{"@id":"https:\/\/www.webdo.tn\/fr\/actualite\/international\/le-chef-de-boko-haram-prete-allegeance-a-letat-islamique\/184180\/#breadcrumb"},"inLanguage":"fr-FR","potentialAction":[{"@type":"ReadAction","target":["https:\/\/www.webdo.tn\/fr\/actualite\/international\/le-chef-de-boko-haram-prete-allegeance-a-letat-islamique\/184180\/"]}]},{"@type":"ImageObject","inLanguage":"fr-FR","@id":"https:\/\/www.webdo.tn\/fr\/actualite\/international\/le-chef-de-boko-haram-prete-allegeance-a-letat-islamique\/184180\/#primaryimage","url":"https:\/\/www.webdo.tn\/fr\/wp-content\/uploads\/2015\/03\/98175A45-35C2-43FE-954E-2D3C30D5E772_mw1024_s_n-e1425775244883.jpg","contentUrl":"https:\/\/www.webdo.tn\/fr\/wp-content\/uploads\/2015\/03\/98175A45-35C2-43FE-954E-2D3C30D5E772_mw1024_s_n-e1425775244883.jpg","width":600,"height":368,"caption":"Le chef de Boko Haram pr\u00eate all\u00e9geance \u00e0 l'Etat islamique"},{"@type":"BreadcrumbList","@id":"https:\/\/www.webdo.tn\/fr\/actualite\/international\/le-chef-de-boko-haram-prete-allegeance-a-letat-islamique\/184180\/#breadcrumb","itemListElement":[{"@type":"ListItem","position":1,"name":"Accueil","item":"https:\/\/www.webdo.tn\/fr\/"},{"@type":"ListItem","position":2,"name":"Le chef de Boko Haram pr\u00eate all\u00e9geance \u00e0 l&rsquo;Etat islamique"}]},{"@type":"WebSite","@id":"https:\/\/www.webdo.tn\/fr\/#website","url":"https:\/\/www.webdo.tn\/fr\/","name":"webdo","description":"Tunisie - News en Tunisie et \u00e0 l&#039;international sur Webdo.tn","publisher":{"@id":"https:\/\/www.webdo.tn\/fr\/#organization"},"potentialAction":[{"@type":"SearchAction","target":{"@type":"EntryPoint","urlTemplate":"https:\/\/www.webdo.tn\/fr\/?s={search_term_string}"},"query-input":{"@type":"PropertyValueSpecification","valueRequired":true,"valueName":"search_term_string"}}],"inLanguage":"fr-FR"},{"@type":"Organization","@id":"https:\/\/www.webdo.tn\/fr\/#organization","name":"Webdo","alternateName":"Webdo.tn","url":"https:\/\/www.webdo.tn\/fr\/","logo":{"@type":"ImageObject","inLanguage":"fr-FR","@id":"https:\/\/www.webdo.tn\/fr\/#\/schema\/logo\/image\/","url":"https:\/\/www.webdo.tn\/fr\/wp-content\/uploads\/2025\/06\/Webdo-Tunisie_168377.jpg","contentUrl":"https:\/\/www.webdo.tn\/fr\/wp-content\/uploads\/2025\/06\/Webdo-Tunisie_168377.jpg","width":301,"height":301,"caption":"Webdo"},"image":{"@id":"https:\/\/www.webdo.tn\/fr\/#\/schema\/logo\/image\/"},"sameAs":["https:\/\/www.facebook.com\/webdotn","https:\/\/x.com\/webdo_tn"],"description":"Webdo est un m\u00e9dia num\u00e9rique tunisien fond\u00e9 en 2010, sp\u00e9cialis\u00e9 dans l\u2019actualit\u00e9 nationale et internationale, l\u2019\u00e9conomie, la soci\u00e9t\u00e9 et les analyses politiques. Le site s\u2019adresse \u00e0 un large public francophone et couvre l\u2019information tunisienne en temps r\u00e9el.","email":"redac@webdo.tn","legalName":"YNJ SARL","foundingDate":"2010-09-06","numberOfEmployees":{"@type":"QuantitativeValue","minValue":"11","maxValue":"50"}},{"@type":"Person","@id":"https:\/\/www.webdo.tn\/fr\/#\/schema\/person\/9a9c6118d687c117df8ef3cc36a4d175","name":"webdo.tn","image":{"@type":"ImageObject","inLanguage":"fr-FR","@id":"https:\/\/secure.gravatar.com\/avatar\/7ce1f28c0c3bbac99ff550b85ef8e44a6950c6ee24514fb6a5489e51d06f0298?s=96&d=mm&r=g","url":"https:\/\/secure.gravatar.com\/avatar\/7ce1f28c0c3bbac99ff550b85ef8e44a6950c6ee24514fb6a5489e51d06f0298?s=96&d=mm&r=g","contentUrl":"https:\/\/secure.gravatar.com\/avatar\/7ce1f28c0c3bbac99ff550b85ef8e44a6950c6ee24514fb6a5489e51d06f0298?s=96&d=mm&r=g","caption":"webdo.tn"},"url":"https:\/\/www.webdo.tn\/fr\/actualite\/author\/webdotn\/"}]}},"_links":{"self":[{"href":"https:\/\/www.webdo.tn\/fr\/wp-json\/wp\/v2\/posts\/184180","targetHints":{"allow":["GET"]}}],"collection":[{"href":"https:\/\/www.webdo.tn\/fr\/wp-json\/wp\/v2\/posts"}],"about":[{"href":"https:\/\/www.webdo.tn\/fr\/wp-json\/wp\/v2\/types\/post"}],"author":[{"embeddable":true,"href":"https:\/\/www.webdo.tn\/fr\/wp-json\/wp\/v2\/users\/3222"}],"replies":[{"embeddable":true,"href":"https:\/\/www.webdo.tn\/fr\/wp-json\/wp\/v2\/comments?post=184180"}],"version-history":[{"count":0,"href":"https:\/\/www.webdo.tn\/fr\/wp-json\/wp\/v2\/posts\/184180\/revisions"}],"wp:featuredmedia":[{"embeddable":true,"href":"https:\/\/www.webdo.tn\/fr\/wp-json\/wp\/v2\/media\/335624"}],"wp:attachment":[{"href":"https:\/\/www.webdo.tn\/fr\/wp-json\/wp\/v2\/media?parent=184180"}],"wp:term":[{"taxonomy":"category","embeddable":true,"href":"https:\/\/www.webdo.tn\/fr\/wp-json\/wp\/v2\/categories?post=184180"},{"taxonomy":"post_tag","embeddable":true,"href":"https:\/\/www.webdo.tn\/fr\/wp-json\/wp\/v2\/tags?post=184180"}],"curies":[{"name":"wp","href":"https:\/\/api.w.org\/{rel}","templated":true}]}}