{"id":184179,"date":"2015-03-10T10:15:00","date_gmt":"2015-03-10T10:15:00","guid":{"rendered":"https:\/\/www.webdo.tn\/fr\/blog\/cote-divoire-20-ans-de-prison-pour-lex-premiere-dame-simone-gbagbo\/184179\/"},"modified":"2025-05-19T10:20:51","modified_gmt":"2025-05-19T10:20:51","slug":"cote-divoire-20-ans-de-prison-pour-lex-premiere-dame-simone-gbagbo","status":"publish","type":"post","link":"https:\/\/www.webdo.tn\/fr\/actualite\/international\/cote-divoire-20-ans-de-prison-pour-lex-premiere-dame-simone-gbagbo\/184179\/","title":{"rendered":"C\u00f4te d&rsquo;Ivoire : 20 ans de prison pour l&rsquo;ex-Premi\u00e8re dame Simone Gbagbo"},"content":{"rendered":"<p>L&rsquo;ex-Premi\u00e8re dame Simone Gbagbo a \u00e9t\u00e9 condamn\u00e9e, ce mardi matin 10 mars \u00e0 20 ans de prison, une peine deux fois sup\u00e9rieure aux r\u00e9quisitions, pour son r\u00f4le durant la crise post-\u00e9lectorale de 2010-2011, dont elle est d\u00e9sign\u00e9e comme une protagoniste majeure.<\/p>\n<p>Apr\u00e8s plus de 9 heures de d\u00e9lib\u00e9ration du jury, la Cour a condamn\u00e9 Simone Gbagbo pour \u00ab\u00a0attentat contre l&rsquo;autorit\u00e9 de l&rsquo;Etat, participation \u00e0 un mouvement insurrectionnel et trouble \u00e0 l&rsquo;ordre public\u00a0\u00bb, rapporte l&rsquo;AFP.<\/p>\n<p>Le parquet g\u00e9n\u00e9ral avait requis une peine moiti\u00e9 moindre, soit dix ans d&#8217;emprisonnement, contre l&rsquo;ex-Premi\u00e8re dame. Le proc\u00e8s en assises avait d\u00e9but\u00e9 fin d\u00e9cembre.<\/p>\n<p>79 personnes, dont Simone Gbagbo, surnomm\u00e9e \u00ab\u00a0la Dame de fer\u00a0\u00bb ivoirienne au temps o\u00f9 son mari Laurent \u00e9tait au pouvoir, \u00e9taient jug\u00e9es pour leur r\u00f4le dans la crise post-\u00e9lectorale de 2010-2011, caus\u00e9e par le refus de Laurent Gbagbo de reconna\u00eetre la victoire de l&rsquo;actuel chef de l&rsquo;Etat Alassane Ouattara \u00e0 l&rsquo;\u00e9lection pr\u00e9sidentielle de novembre 2010. Les violences entre les deux camps ont fait plus de 3.000 morts en cinq mois.<\/p>\n<p>L&rsquo;ancienne Premi\u00e8re dame, 65 ans, est un personnage politique tr\u00e8s clivant en C\u00f4te d&rsquo;Ivoire. Elle a \u00e9t\u00e9 autant respect\u00e9e pour son parcours dans l&rsquo;opposition que redout\u00e9e dans son r\u00f4le de \u00ab\u00a0pr\u00e9sidente\u00a0\u00bb \u00e0 poigne, souvent accus\u00e9e d&rsquo;\u00eatre li\u00e9e aux \u00ab\u00a0escadrons de la mort\u00a0\u00bb contre les partisans d&rsquo;Alassane Ouattara, qu&rsquo;elle a toujours honni.<\/p>\n<p>Simone Gbagbo est, tout comme son \u00e9poux, accus\u00e9e de \u00ab\u00a0crimes contre l&rsquo;humanit\u00e9\u00a0\u00bb par la Cour p\u00e9nale internationale. Mais alors que Laurent Gbagbo compara\u00eetra \u00e0 La Haye en juillet, Abidjan refuse son transf\u00e8rement \u00e0 la CPI au motif que la justice ivoirienne est en mesure de la juger \u00e9quitablement.<\/p>\n","protected":false},"excerpt":{"rendered":"<p>C\u00f4te d&rsquo;Ivoire : 20 ans de prison pour l&rsquo;ex-Premi\u00e8re dame Simone Gbagbo<\/p>\n","protected":false},"author":3222,"featured_media":330528,"comment_status":"open","ping_status":"closed","sticky":false,"template":"","format":"standard","meta":{"footnotes":""},"categories":[2598],"tags":[2600],"class_list":["post-184179","post","type-post","status-publish","format-standard","has-post-thumbnail","hentry","category-international","tag-guerre"],"yoast_head":"<!-- This site is optimized with the Yoast SEO Premium plugin v27.5 (Yoast SEO v27.5) - https:\/\/yoast.com\/product\/yoast-seo-premium-wordpress\/ -->\n<title>C\u00f4te d&#039;Ivoire : 20 ans de prison pour l&#039;ex-Premi\u00e8re dame Simone Gbagbo<\/title>\n<meta name=\"description\" content=\"C\u00f4te d&#039;Ivoire : 20 ans de prison pour l&#039;ex-Premi\u00e8re dame Simone Gbagbo\" \/>\n<link rel=\"canonical\" href=\"https:\/\/www.webdo.tn\/fr\/actualite\/international\/cote-divoire-20-ans-de-prison-pour-lex-premiere-dame-simone-gbagbo\/184179\/\" \/>\n<meta property=\"og:locale\" content=\"fr_FR\" \/>\n<meta property=\"og:type\" content=\"article\" \/>\n<meta property=\"og:title\" content=\"C\u00f4te d&#039;Ivoire : 20 ans de prison pour l&#039;ex-Premi\u00e8re dame Simone Gbagbo\" \/>\n<meta property=\"og:description\" content=\"C\u00f4te d&#039;Ivoire : 20 ans de prison pour l&#039;ex-Premi\u00e8re dame Simone Gbagbo\" \/>\n<meta property=\"og:url\" content=\"https:\/\/www.webdo.tn\/fr\/actualite\/international\/cote-divoire-20-ans-de-prison-pour-lex-premiere-dame-simone-gbagbo\/184179\/\" \/>\n<meta property=\"og:site_name\" content=\"webdo\" \/>\n<meta property=\"article:publisher\" content=\"https:\/\/www.facebook.com\/webdotn\" \/>\n<meta property=\"article:published_time\" content=\"2015-03-10T10:15:00+00:00\" \/>\n<meta property=\"article:modified_time\" content=\"2025-05-19T10:20:51+00:00\" \/>\n<meta property=\"og:image\" content=\"https:\/\/www.webdo.tn\/fr\/wp-content\/uploads\/2015\/03\/Simone-Gbagbo-AFP.jpg\" \/>\n\t<meta property=\"og:image:width\" content=\"512\" \/>\n\t<meta property=\"og:image:height\" content=\"385\" \/>\n\t<meta property=\"og:image:type\" content=\"image\/jpeg\" \/>\n<meta name=\"author\" content=\"webdo.tn\" \/>\n<meta name=\"twitter:card\" content=\"summary_large_image\" \/>\n<meta name=\"twitter:creator\" content=\"@webdo_tn\" \/>\n<meta name=\"twitter:site\" content=\"@webdo_tn\" \/>\n<meta name=\"twitter:label1\" content=\"\u00c9crit par\" \/>\n\t<meta name=\"twitter:data1\" content=\"webdo.tn\" \/>\n\t<meta name=\"twitter:label2\" content=\"Dur\u00e9e de lecture estim\u00e9e\" \/>\n\t<meta name=\"twitter:data2\" content=\"1 minute\" \/>\n<script type=\"application\/ld+json\" class=\"yoast-schema-graph\">{\"@context\":\"https:\\\/\\\/schema.org\",\"@graph\":[{\"@type\":\"NewsArticle\",\"@id\":\"https:\\\/\\\/www.webdo.tn\\\/fr\\\/actualite\\\/international\\\/cote-divoire-20-ans-de-prison-pour-lex-premiere-dame-simone-gbagbo\\\/184179\\\/#article\",\"isPartOf\":{\"@id\":\"https:\\\/\\\/www.webdo.tn\\\/fr\\\/actualite\\\/international\\\/cote-divoire-20-ans-de-prison-pour-lex-premiere-dame-simone-gbagbo\\\/184179\\\/\"},\"author\":{\"name\":\"webdo.tn\",\"@id\":\"https:\\\/\\\/www.webdo.tn\\\/fr\\\/#\\\/schema\\\/person\\\/9a9c6118d687c117df8ef3cc36a4d175\"},\"headline\":\"C\u00f4te d&rsquo;Ivoire : 20 ans de prison pour l&rsquo;ex-Premi\u00e8re dame Simone Gbagbo\",\"datePublished\":\"2015-03-10T10:15:00+00:00\",\"dateModified\":\"2025-05-19T10:20:51+00:00\",\"mainEntityOfPage\":{\"@id\":\"https:\\\/\\\/www.webdo.tn\\\/fr\\\/actualite\\\/international\\\/cote-divoire-20-ans-de-prison-pour-lex-premiere-dame-simone-gbagbo\\\/184179\\\/\"},\"wordCount\":321,\"commentCount\":0,\"publisher\":{\"@id\":\"https:\\\/\\\/www.webdo.tn\\\/fr\\\/#organization\"},\"image\":{\"@id\":\"https:\\\/\\\/www.webdo.tn\\\/fr\\\/actualite\\\/international\\\/cote-divoire-20-ans-de-prison-pour-lex-premiere-dame-simone-gbagbo\\\/184179\\\/#primaryimage\"},\"thumbnailUrl\":\"https:\\\/\\\/www.webdo.tn\\\/fr\\\/wp-content\\\/uploads\\\/2015\\\/03\\\/Simone-Gbagbo-AFP.jpg\",\"keywords\":[\"guerre\"],\"articleSection\":[\"International\"],\"inLanguage\":\"fr-FR\"},{\"@type\":\"WebPage\",\"@id\":\"https:\\\/\\\/www.webdo.tn\\\/fr\\\/actualite\\\/international\\\/cote-divoire-20-ans-de-prison-pour-lex-premiere-dame-simone-gbagbo\\\/184179\\\/\",\"url\":\"https:\\\/\\\/www.webdo.tn\\\/fr\\\/actualite\\\/international\\\/cote-divoire-20-ans-de-prison-pour-lex-premiere-dame-simone-gbagbo\\\/184179\\\/\",\"name\":\"C\u00f4te d'Ivoire : 20 ans de prison pour l'ex-Premi\u00e8re dame Simone Gbagbo\",\"isPartOf\":{\"@id\":\"https:\\\/\\\/www.webdo.tn\\\/fr\\\/#website\"},\"primaryImageOfPage\":{\"@id\":\"https:\\\/\\\/www.webdo.tn\\\/fr\\\/actualite\\\/international\\\/cote-divoire-20-ans-de-prison-pour-lex-premiere-dame-simone-gbagbo\\\/184179\\\/#primaryimage\"},\"image\":{\"@id\":\"https:\\\/\\\/www.webdo.tn\\\/fr\\\/actualite\\\/international\\\/cote-divoire-20-ans-de-prison-pour-lex-premiere-dame-simone-gbagbo\\\/184179\\\/#primaryimage\"},\"thumbnailUrl\":\"https:\\\/\\\/www.webdo.tn\\\/fr\\\/wp-content\\\/uploads\\\/2015\\\/03\\\/Simone-Gbagbo-AFP.jpg\",\"datePublished\":\"2015-03-10T10:15:00+00:00\",\"dateModified\":\"2025-05-19T10:20:51+00:00\",\"description\":\"C\u00f4te d'Ivoire : 20 ans de prison pour l'ex-Premi\u00e8re dame Simone Gbagbo\",\"breadcrumb\":{\"@id\":\"https:\\\/\\\/www.webdo.tn\\\/fr\\\/actualite\\\/international\\\/cote-divoire-20-ans-de-prison-pour-lex-premiere-dame-simone-gbagbo\\\/184179\\\/#breadcrumb\"},\"inLanguage\":\"fr-FR\",\"potentialAction\":[{\"@type\":\"ReadAction\",\"target\":[\"https:\\\/\\\/www.webdo.tn\\\/fr\\\/actualite\\\/international\\\/cote-divoire-20-ans-de-prison-pour-lex-premiere-dame-simone-gbagbo\\\/184179\\\/\"]}]},{\"@type\":\"ImageObject\",\"inLanguage\":\"fr-FR\",\"@id\":\"https:\\\/\\\/www.webdo.tn\\\/fr\\\/actualite\\\/international\\\/cote-divoire-20-ans-de-prison-pour-lex-premiere-dame-simone-gbagbo\\\/184179\\\/#primaryimage\",\"url\":\"https:\\\/\\\/www.webdo.tn\\\/fr\\\/wp-content\\\/uploads\\\/2015\\\/03\\\/Simone-Gbagbo-AFP.jpg\",\"contentUrl\":\"https:\\\/\\\/www.webdo.tn\\\/fr\\\/wp-content\\\/uploads\\\/2015\\\/03\\\/Simone-Gbagbo-AFP.jpg\",\"width\":512,\"height\":385,\"caption\":\"C\u00f4te d'Ivoire : 20 ans de prison pour l'ex-Premi\u00e8re dame Simone Gbagbo\"},{\"@type\":\"BreadcrumbList\",\"@id\":\"https:\\\/\\\/www.webdo.tn\\\/fr\\\/actualite\\\/international\\\/cote-divoire-20-ans-de-prison-pour-lex-premiere-dame-simone-gbagbo\\\/184179\\\/#breadcrumb\",\"itemListElement\":[{\"@type\":\"ListItem\",\"position\":1,\"name\":\"Accueil\",\"item\":\"https:\\\/\\\/www.webdo.tn\\\/fr\\\/\"},{\"@type\":\"ListItem\",\"position\":2,\"name\":\"C\u00f4te d&rsquo;Ivoire : 20 ans de prison pour l&rsquo;ex-Premi\u00e8re dame Simone Gbagbo\"}]},{\"@type\":\"WebSite\",\"@id\":\"https:\\\/\\\/www.webdo.tn\\\/fr\\\/#website\",\"url\":\"https:\\\/\\\/www.webdo.tn\\\/fr\\\/\",\"name\":\"webdo\",\"description\":\"Tunisie - News en Tunisie et \u00e0 l&#039;international sur Webdo.tn\",\"publisher\":{\"@id\":\"https:\\\/\\\/www.webdo.tn\\\/fr\\\/#organization\"},\"potentialAction\":[{\"@type\":\"SearchAction\",\"target\":{\"@type\":\"EntryPoint\",\"urlTemplate\":\"https:\\\/\\\/www.webdo.tn\\\/fr\\\/?s={search_term_string}\"},\"query-input\":{\"@type\":\"PropertyValueSpecification\",\"valueRequired\":true,\"valueName\":\"search_term_string\"}}],\"inLanguage\":\"fr-FR\"},{\"@type\":\"Organization\",\"@id\":\"https:\\\/\\\/www.webdo.tn\\\/fr\\\/#organization\",\"name\":\"Webdo\",\"alternateName\":\"Webdo.tn\",\"url\":\"https:\\\/\\\/www.webdo.tn\\\/fr\\\/\",\"logo\":{\"@type\":\"ImageObject\",\"inLanguage\":\"fr-FR\",\"@id\":\"https:\\\/\\\/www.webdo.tn\\\/fr\\\/#\\\/schema\\\/logo\\\/image\\\/\",\"url\":\"https:\\\/\\\/www.webdo.tn\\\/fr\\\/wp-content\\\/uploads\\\/2025\\\/06\\\/Webdo-Tunisie_168377.jpg\",\"contentUrl\":\"https:\\\/\\\/www.webdo.tn\\\/fr\\\/wp-content\\\/uploads\\\/2025\\\/06\\\/Webdo-Tunisie_168377.jpg\",\"width\":301,\"height\":301,\"caption\":\"Webdo\"},\"image\":{\"@id\":\"https:\\\/\\\/www.webdo.tn\\\/fr\\\/#\\\/schema\\\/logo\\\/image\\\/\"},\"sameAs\":[\"https:\\\/\\\/www.facebook.com\\\/webdotn\",\"https:\\\/\\\/x.com\\\/webdo_tn\"],\"description\":\"Webdo est un m\u00e9dia num\u00e9rique tunisien fond\u00e9 en 2010, sp\u00e9cialis\u00e9 dans l\u2019actualit\u00e9 nationale et internationale, l\u2019\u00e9conomie, la soci\u00e9t\u00e9 et les analyses politiques. Le site s\u2019adresse \u00e0 un large public francophone et couvre l\u2019information tunisienne en temps r\u00e9el.\",\"email\":\"redac@webdo.tn\",\"legalName\":\"YNJ SARL\",\"foundingDate\":\"2010-09-06\",\"numberOfEmployees\":{\"@type\":\"QuantitativeValue\",\"minValue\":\"11\",\"maxValue\":\"50\"}},{\"@type\":\"Person\",\"@id\":\"https:\\\/\\\/www.webdo.tn\\\/fr\\\/#\\\/schema\\\/person\\\/9a9c6118d687c117df8ef3cc36a4d175\",\"name\":\"webdo.tn\",\"image\":{\"@type\":\"ImageObject\",\"inLanguage\":\"fr-FR\",\"@id\":\"https:\\\/\\\/secure.gravatar.com\\\/avatar\\\/7ce1f28c0c3bbac99ff550b85ef8e44a6950c6ee24514fb6a5489e51d06f0298?s=96&d=mm&r=g\",\"url\":\"https:\\\/\\\/secure.gravatar.com\\\/avatar\\\/7ce1f28c0c3bbac99ff550b85ef8e44a6950c6ee24514fb6a5489e51d06f0298?s=96&d=mm&r=g\",\"contentUrl\":\"https:\\\/\\\/secure.gravatar.com\\\/avatar\\\/7ce1f28c0c3bbac99ff550b85ef8e44a6950c6ee24514fb6a5489e51d06f0298?s=96&d=mm&r=g\",\"caption\":\"webdo.tn\"},\"url\":\"https:\\\/\\\/www.webdo.tn\\\/fr\\\/actualite\\\/author\\\/webdotn\\\/\"}]}<\/script>\n<!-- \/ Yoast SEO Premium plugin. -->","yoast_head_json":{"title":"C\u00f4te d'Ivoire : 20 ans de prison pour l'ex-Premi\u00e8re dame Simone Gbagbo","description":"C\u00f4te d'Ivoire : 20 ans de prison pour l'ex-Premi\u00e8re dame Simone Gbagbo","canonical":"https:\/\/www.webdo.tn\/fr\/actualite\/international\/cote-divoire-20-ans-de-prison-pour-lex-premiere-dame-simone-gbagbo\/184179\/","og_locale":"fr_FR","og_type":"article","og_title":"C\u00f4te d'Ivoire : 20 ans de prison pour l'ex-Premi\u00e8re dame Simone Gbagbo","og_description":"C\u00f4te d'Ivoire : 20 ans de prison pour l'ex-Premi\u00e8re dame Simone Gbagbo","og_url":"https:\/\/www.webdo.tn\/fr\/actualite\/international\/cote-divoire-20-ans-de-prison-pour-lex-premiere-dame-simone-gbagbo\/184179\/","og_site_name":"webdo","article_publisher":"https:\/\/www.facebook.com\/webdotn","article_published_time":"2015-03-10T10:15:00+00:00","article_modified_time":"2025-05-19T10:20:51+00:00","og_image":[{"width":512,"height":385,"url":"https:\/\/www.webdo.tn\/fr\/wp-content\/uploads\/2015\/03\/Simone-Gbagbo-AFP.jpg","type":"image\/jpeg"}],"author":"webdo.tn","twitter_card":"summary_large_image","twitter_creator":"@webdo_tn","twitter_site":"@webdo_tn","twitter_misc":{"\u00c9crit par":"webdo.tn","Dur\u00e9e de lecture estim\u00e9e":"1 minute"},"schema":{"@context":"https:\/\/schema.org","@graph":[{"@type":"NewsArticle","@id":"https:\/\/www.webdo.tn\/fr\/actualite\/international\/cote-divoire-20-ans-de-prison-pour-lex-premiere-dame-simone-gbagbo\/184179\/#article","isPartOf":{"@id":"https:\/\/www.webdo.tn\/fr\/actualite\/international\/cote-divoire-20-ans-de-prison-pour-lex-premiere-dame-simone-gbagbo\/184179\/"},"author":{"name":"webdo.tn","@id":"https:\/\/www.webdo.tn\/fr\/#\/schema\/person\/9a9c6118d687c117df8ef3cc36a4d175"},"headline":"C\u00f4te d&rsquo;Ivoire : 20 ans de prison pour l&rsquo;ex-Premi\u00e8re dame Simone Gbagbo","datePublished":"2015-03-10T10:15:00+00:00","dateModified":"2025-05-19T10:20:51+00:00","mainEntityOfPage":{"@id":"https:\/\/www.webdo.tn\/fr\/actualite\/international\/cote-divoire-20-ans-de-prison-pour-lex-premiere-dame-simone-gbagbo\/184179\/"},"wordCount":321,"commentCount":0,"publisher":{"@id":"https:\/\/www.webdo.tn\/fr\/#organization"},"image":{"@id":"https:\/\/www.webdo.tn\/fr\/actualite\/international\/cote-divoire-20-ans-de-prison-pour-lex-premiere-dame-simone-gbagbo\/184179\/#primaryimage"},"thumbnailUrl":"https:\/\/www.webdo.tn\/fr\/wp-content\/uploads\/2015\/03\/Simone-Gbagbo-AFP.jpg","keywords":["guerre"],"articleSection":["International"],"inLanguage":"fr-FR"},{"@type":"WebPage","@id":"https:\/\/www.webdo.tn\/fr\/actualite\/international\/cote-divoire-20-ans-de-prison-pour-lex-premiere-dame-simone-gbagbo\/184179\/","url":"https:\/\/www.webdo.tn\/fr\/actualite\/international\/cote-divoire-20-ans-de-prison-pour-lex-premiere-dame-simone-gbagbo\/184179\/","name":"C\u00f4te d'Ivoire : 20 ans de prison pour l'ex-Premi\u00e8re dame Simone Gbagbo","isPartOf":{"@id":"https:\/\/www.webdo.tn\/fr\/#website"},"primaryImageOfPage":{"@id":"https:\/\/www.webdo.tn\/fr\/actualite\/international\/cote-divoire-20-ans-de-prison-pour-lex-premiere-dame-simone-gbagbo\/184179\/#primaryimage"},"image":{"@id":"https:\/\/www.webdo.tn\/fr\/actualite\/international\/cote-divoire-20-ans-de-prison-pour-lex-premiere-dame-simone-gbagbo\/184179\/#primaryimage"},"thumbnailUrl":"https:\/\/www.webdo.tn\/fr\/wp-content\/uploads\/2015\/03\/Simone-Gbagbo-AFP.jpg","datePublished":"2015-03-10T10:15:00+00:00","dateModified":"2025-05-19T10:20:51+00:00","description":"C\u00f4te d'Ivoire : 20 ans de prison pour l'ex-Premi\u00e8re dame Simone Gbagbo","breadcrumb":{"@id":"https:\/\/www.webdo.tn\/fr\/actualite\/international\/cote-divoire-20-ans-de-prison-pour-lex-premiere-dame-simone-gbagbo\/184179\/#breadcrumb"},"inLanguage":"fr-FR","potentialAction":[{"@type":"ReadAction","target":["https:\/\/www.webdo.tn\/fr\/actualite\/international\/cote-divoire-20-ans-de-prison-pour-lex-premiere-dame-simone-gbagbo\/184179\/"]}]},{"@type":"ImageObject","inLanguage":"fr-FR","@id":"https:\/\/www.webdo.tn\/fr\/actualite\/international\/cote-divoire-20-ans-de-prison-pour-lex-premiere-dame-simone-gbagbo\/184179\/#primaryimage","url":"https:\/\/www.webdo.tn\/fr\/wp-content\/uploads\/2015\/03\/Simone-Gbagbo-AFP.jpg","contentUrl":"https:\/\/www.webdo.tn\/fr\/wp-content\/uploads\/2015\/03\/Simone-Gbagbo-AFP.jpg","width":512,"height":385,"caption":"C\u00f4te d'Ivoire : 20 ans de prison pour l'ex-Premi\u00e8re dame Simone Gbagbo"},{"@type":"BreadcrumbList","@id":"https:\/\/www.webdo.tn\/fr\/actualite\/international\/cote-divoire-20-ans-de-prison-pour-lex-premiere-dame-simone-gbagbo\/184179\/#breadcrumb","itemListElement":[{"@type":"ListItem","position":1,"name":"Accueil","item":"https:\/\/www.webdo.tn\/fr\/"},{"@type":"ListItem","position":2,"name":"C\u00f4te d&rsquo;Ivoire : 20 ans de prison pour l&rsquo;ex-Premi\u00e8re dame Simone Gbagbo"}]},{"@type":"WebSite","@id":"https:\/\/www.webdo.tn\/fr\/#website","url":"https:\/\/www.webdo.tn\/fr\/","name":"webdo","description":"Tunisie - News en Tunisie et \u00e0 l&#039;international sur Webdo.tn","publisher":{"@id":"https:\/\/www.webdo.tn\/fr\/#organization"},"potentialAction":[{"@type":"SearchAction","target":{"@type":"EntryPoint","urlTemplate":"https:\/\/www.webdo.tn\/fr\/?s={search_term_string}"},"query-input":{"@type":"PropertyValueSpecification","valueRequired":true,"valueName":"search_term_string"}}],"inLanguage":"fr-FR"},{"@type":"Organization","@id":"https:\/\/www.webdo.tn\/fr\/#organization","name":"Webdo","alternateName":"Webdo.tn","url":"https:\/\/www.webdo.tn\/fr\/","logo":{"@type":"ImageObject","inLanguage":"fr-FR","@id":"https:\/\/www.webdo.tn\/fr\/#\/schema\/logo\/image\/","url":"https:\/\/www.webdo.tn\/fr\/wp-content\/uploads\/2025\/06\/Webdo-Tunisie_168377.jpg","contentUrl":"https:\/\/www.webdo.tn\/fr\/wp-content\/uploads\/2025\/06\/Webdo-Tunisie_168377.jpg","width":301,"height":301,"caption":"Webdo"},"image":{"@id":"https:\/\/www.webdo.tn\/fr\/#\/schema\/logo\/image\/"},"sameAs":["https:\/\/www.facebook.com\/webdotn","https:\/\/x.com\/webdo_tn"],"description":"Webdo est un m\u00e9dia num\u00e9rique tunisien fond\u00e9 en 2010, sp\u00e9cialis\u00e9 dans l\u2019actualit\u00e9 nationale et internationale, l\u2019\u00e9conomie, la soci\u00e9t\u00e9 et les analyses politiques. Le site s\u2019adresse \u00e0 un large public francophone et couvre l\u2019information tunisienne en temps r\u00e9el.","email":"redac@webdo.tn","legalName":"YNJ SARL","foundingDate":"2010-09-06","numberOfEmployees":{"@type":"QuantitativeValue","minValue":"11","maxValue":"50"}},{"@type":"Person","@id":"https:\/\/www.webdo.tn\/fr\/#\/schema\/person\/9a9c6118d687c117df8ef3cc36a4d175","name":"webdo.tn","image":{"@type":"ImageObject","inLanguage":"fr-FR","@id":"https:\/\/secure.gravatar.com\/avatar\/7ce1f28c0c3bbac99ff550b85ef8e44a6950c6ee24514fb6a5489e51d06f0298?s=96&d=mm&r=g","url":"https:\/\/secure.gravatar.com\/avatar\/7ce1f28c0c3bbac99ff550b85ef8e44a6950c6ee24514fb6a5489e51d06f0298?s=96&d=mm&r=g","contentUrl":"https:\/\/secure.gravatar.com\/avatar\/7ce1f28c0c3bbac99ff550b85ef8e44a6950c6ee24514fb6a5489e51d06f0298?s=96&d=mm&r=g","caption":"webdo.tn"},"url":"https:\/\/www.webdo.tn\/fr\/actualite\/author\/webdotn\/"}]}},"_links":{"self":[{"href":"https:\/\/www.webdo.tn\/fr\/wp-json\/wp\/v2\/posts\/184179","targetHints":{"allow":["GET"]}}],"collection":[{"href":"https:\/\/www.webdo.tn\/fr\/wp-json\/wp\/v2\/posts"}],"about":[{"href":"https:\/\/www.webdo.tn\/fr\/wp-json\/wp\/v2\/types\/post"}],"author":[{"embeddable":true,"href":"https:\/\/www.webdo.tn\/fr\/wp-json\/wp\/v2\/users\/3222"}],"replies":[{"embeddable":true,"href":"https:\/\/www.webdo.tn\/fr\/wp-json\/wp\/v2\/comments?post=184179"}],"version-history":[{"count":0,"href":"https:\/\/www.webdo.tn\/fr\/wp-json\/wp\/v2\/posts\/184179\/revisions"}],"wp:featuredmedia":[{"embeddable":true,"href":"https:\/\/www.webdo.tn\/fr\/wp-json\/wp\/v2\/media\/330528"}],"wp:attachment":[{"href":"https:\/\/www.webdo.tn\/fr\/wp-json\/wp\/v2\/media?parent=184179"}],"wp:term":[{"taxonomy":"category","embeddable":true,"href":"https:\/\/www.webdo.tn\/fr\/wp-json\/wp\/v2\/categories?post=184179"},{"taxonomy":"post_tag","embeddable":true,"href":"https:\/\/www.webdo.tn\/fr\/wp-json\/wp\/v2\/tags?post=184179"}],"curies":[{"name":"wp","href":"https:\/\/api.w.org\/{rel}","templated":true}]}}