{"id":184177,"date":"2015-03-13T14:27:00","date_gmt":"2015-03-13T14:27:00","guid":{"rendered":"https:\/\/www.webdo.tn\/fr\/blog\/allemagne-la-cour-constitutionnelle-supprime-linterdiction-du-port-du-voile-pour-les-enseignantes-musulmanes\/184177\/"},"modified":"2025-05-19T10:20:30","modified_gmt":"2025-05-19T10:20:30","slug":"allemagne-la-cour-constitutionnelle-supprime-linterdiction-du-port-du-voile-pour-les-enseignantes-musulmanes","status":"publish","type":"post","link":"https:\/\/www.webdo.tn\/fr\/actualite\/international\/allemagne-la-cour-constitutionnelle-supprime-linterdiction-du-port-du-voile-pour-les-enseignantes-musulmanes\/184177\/","title":{"rendered":"Allemagne : La cour constitutionnelle supprime l\u2019interdiction du port du voile pour les enseignantes musulmanes"},"content":{"rendered":"<p>La Cour constitutionnelle allemande a supprim\u00e9, ce vendredi 13 mars, l\u2019interdiction du port du voile pour les enseignantes musulmanes jugeant qu\u2019elles ne pouvaient se voir interdire le voile islamique que si cela troublait la bonne marche de l&rsquo;\u00e9cole.<\/p>\n<p>Le port du voile par les enseignantes dans les \u00e9coles publiques ne peut \u00eatre interdit que s&rsquo;il existe un \u00ab\u00a0danger concret\u00a0\u00bb de remise en cause de la neutralit\u00e9 de l&rsquo;Etat, ou s&rsquo;il vient perturber le bon fonctionnement d&rsquo;un \u00e9tablissement, ont estim\u00e9 les juges.<\/p>\n<p>A la diff\u00e9rence de la France, il n\u2019est donc pas question en Allemagne de proscrire les signes religieux. Et donc pas question d\u2019interdire le voile pour les enseignantes, sauf si cela constitue un trouble \u00e0 l\u2019ordre scolaire.<\/p>\n<p>Cette d\u00e9cision modifie donc l\u2019arr\u00eat rendu en 2003 par cette m\u00eame cour, lorsque plusieurs Etats r\u00e9gionaux ont interdit le port du voile pour les institutrices ou professeurs musulmanes dans l&rsquo;enceinte des \u00e9tablissements scolaires publics.<\/p>\n<p>L\u2019Allemagne compte environ 4 millions de musulmans sur 80 millions d\u2019habitants.<\/p>\n","protected":false},"excerpt":{"rendered":"<p>Allemagne : La cour constitutionnelle supprime l\u2019interdiction du port du voile pour les enseignantes musulmanes<\/p>\n","protected":false},"author":3222,"featured_media":318884,"comment_status":"open","ping_status":"closed","sticky":false,"template":"","format":"standard","meta":{"footnotes":""},"categories":[2598],"tags":[2600],"class_list":["post-184177","post","type-post","status-publish","format-standard","has-post-thumbnail","hentry","category-international","tag-guerre"],"yoast_head":"<!-- This site is optimized with the Yoast SEO Premium plugin v27.5 (Yoast SEO v27.5) - https:\/\/yoast.com\/product\/yoast-seo-premium-wordpress\/ -->\n<title>Allemagne : La cour constitutionnelle supprime l\u2019interdiction du port du voile pour les enseignantes musulmanes<\/title>\n<meta name=\"description\" content=\"Allemagne : La cour constitutionnelle supprime l\u2019interdiction du port du voile pour les enseignantes musulmanes\" \/>\n<link rel=\"canonical\" href=\"https:\/\/www.webdo.tn\/fr\/actualite\/international\/allemagne-la-cour-constitutionnelle-supprime-linterdiction-du-port-du-voile-pour-les-enseignantes-musulmanes\/184177\/\" \/>\n<meta property=\"og:locale\" content=\"fr_FR\" \/>\n<meta property=\"og:type\" content=\"article\" \/>\n<meta property=\"og:title\" content=\"Allemagne : La cour constitutionnelle supprime l\u2019interdiction du port du voile pour les enseignantes musulmanes\" \/>\n<meta property=\"og:description\" content=\"Allemagne : La cour constitutionnelle supprime l\u2019interdiction du port du voile pour les enseignantes musulmanes\" \/>\n<meta property=\"og:url\" content=\"https:\/\/www.webdo.tn\/fr\/actualite\/international\/allemagne-la-cour-constitutionnelle-supprime-linterdiction-du-port-du-voile-pour-les-enseignantes-musulmanes\/184177\/\" \/>\n<meta property=\"og:site_name\" content=\"webdo\" \/>\n<meta property=\"article:publisher\" content=\"https:\/\/www.facebook.com\/webdotn\" \/>\n<meta property=\"article:published_time\" content=\"2015-03-13T14:27:00+00:00\" \/>\n<meta property=\"article:modified_time\" content=\"2025-05-19T10:20:30+00:00\" \/>\n<meta property=\"og:image\" content=\"https:\/\/www.webdo.tn\/fr\/wp-content\/uploads\/2015\/03\/webdo_default-43.jpg\" \/>\n\t<meta property=\"og:image:width\" content=\"800\" \/>\n\t<meta property=\"og:image:height\" content=\"500\" \/>\n\t<meta property=\"og:image:type\" content=\"image\/jpeg\" \/>\n<meta name=\"author\" content=\"webdo.tn\" \/>\n<meta name=\"twitter:card\" content=\"summary_large_image\" \/>\n<meta name=\"twitter:creator\" content=\"@webdo_tn\" \/>\n<meta name=\"twitter:site\" content=\"@webdo_tn\" \/>\n<meta name=\"twitter:label1\" content=\"\u00c9crit par\" \/>\n\t<meta name=\"twitter:data1\" content=\"webdo.tn\" \/>\n\t<meta name=\"twitter:label2\" content=\"Dur\u00e9e de lecture estim\u00e9e\" \/>\n\t<meta name=\"twitter:data2\" content=\"1 minute\" \/>\n<script type=\"application\/ld+json\" class=\"yoast-schema-graph\">{\"@context\":\"https:\\\/\\\/schema.org\",\"@graph\":[{\"@type\":\"NewsArticle\",\"@id\":\"https:\\\/\\\/www.webdo.tn\\\/fr\\\/actualite\\\/international\\\/allemagne-la-cour-constitutionnelle-supprime-linterdiction-du-port-du-voile-pour-les-enseignantes-musulmanes\\\/184177\\\/#article\",\"isPartOf\":{\"@id\":\"https:\\\/\\\/www.webdo.tn\\\/fr\\\/actualite\\\/international\\\/allemagne-la-cour-constitutionnelle-supprime-linterdiction-du-port-du-voile-pour-les-enseignantes-musulmanes\\\/184177\\\/\"},\"author\":{\"name\":\"webdo.tn\",\"@id\":\"https:\\\/\\\/www.webdo.tn\\\/fr\\\/#\\\/schema\\\/person\\\/9a9c6118d687c117df8ef3cc36a4d175\"},\"headline\":\"Allemagne : La cour constitutionnelle supprime l\u2019interdiction du port du voile pour les enseignantes musulmanes\",\"datePublished\":\"2015-03-13T14:27:00+00:00\",\"dateModified\":\"2025-05-19T10:20:30+00:00\",\"mainEntityOfPage\":{\"@id\":\"https:\\\/\\\/www.webdo.tn\\\/fr\\\/actualite\\\/international\\\/allemagne-la-cour-constitutionnelle-supprime-linterdiction-du-port-du-voile-pour-les-enseignantes-musulmanes\\\/184177\\\/\"},\"wordCount\":192,\"commentCount\":0,\"publisher\":{\"@id\":\"https:\\\/\\\/www.webdo.tn\\\/fr\\\/#organization\"},\"image\":{\"@id\":\"https:\\\/\\\/www.webdo.tn\\\/fr\\\/actualite\\\/international\\\/allemagne-la-cour-constitutionnelle-supprime-linterdiction-du-port-du-voile-pour-les-enseignantes-musulmanes\\\/184177\\\/#primaryimage\"},\"thumbnailUrl\":\"https:\\\/\\\/www.webdo.tn\\\/fr\\\/wp-content\\\/uploads\\\/2015\\\/03\\\/webdo_default-43.jpg\",\"keywords\":[\"guerre\"],\"articleSection\":[\"International\"],\"inLanguage\":\"fr-FR\"},{\"@type\":\"WebPage\",\"@id\":\"https:\\\/\\\/www.webdo.tn\\\/fr\\\/actualite\\\/international\\\/allemagne-la-cour-constitutionnelle-supprime-linterdiction-du-port-du-voile-pour-les-enseignantes-musulmanes\\\/184177\\\/\",\"url\":\"https:\\\/\\\/www.webdo.tn\\\/fr\\\/actualite\\\/international\\\/allemagne-la-cour-constitutionnelle-supprime-linterdiction-du-port-du-voile-pour-les-enseignantes-musulmanes\\\/184177\\\/\",\"name\":\"Allemagne : La cour constitutionnelle supprime l\u2019interdiction du port du voile pour les enseignantes musulmanes\",\"isPartOf\":{\"@id\":\"https:\\\/\\\/www.webdo.tn\\\/fr\\\/#website\"},\"primaryImageOfPage\":{\"@id\":\"https:\\\/\\\/www.webdo.tn\\\/fr\\\/actualite\\\/international\\\/allemagne-la-cour-constitutionnelle-supprime-linterdiction-du-port-du-voile-pour-les-enseignantes-musulmanes\\\/184177\\\/#primaryimage\"},\"image\":{\"@id\":\"https:\\\/\\\/www.webdo.tn\\\/fr\\\/actualite\\\/international\\\/allemagne-la-cour-constitutionnelle-supprime-linterdiction-du-port-du-voile-pour-les-enseignantes-musulmanes\\\/184177\\\/#primaryimage\"},\"thumbnailUrl\":\"https:\\\/\\\/www.webdo.tn\\\/fr\\\/wp-content\\\/uploads\\\/2015\\\/03\\\/webdo_default-43.jpg\",\"datePublished\":\"2015-03-13T14:27:00+00:00\",\"dateModified\":\"2025-05-19T10:20:30+00:00\",\"description\":\"Allemagne : La cour constitutionnelle supprime l\u2019interdiction du port du voile pour les enseignantes musulmanes\",\"breadcrumb\":{\"@id\":\"https:\\\/\\\/www.webdo.tn\\\/fr\\\/actualite\\\/international\\\/allemagne-la-cour-constitutionnelle-supprime-linterdiction-du-port-du-voile-pour-les-enseignantes-musulmanes\\\/184177\\\/#breadcrumb\"},\"inLanguage\":\"fr-FR\",\"potentialAction\":[{\"@type\":\"ReadAction\",\"target\":[\"https:\\\/\\\/www.webdo.tn\\\/fr\\\/actualite\\\/international\\\/allemagne-la-cour-constitutionnelle-supprime-linterdiction-du-port-du-voile-pour-les-enseignantes-musulmanes\\\/184177\\\/\"]}]},{\"@type\":\"ImageObject\",\"inLanguage\":\"fr-FR\",\"@id\":\"https:\\\/\\\/www.webdo.tn\\\/fr\\\/actualite\\\/international\\\/allemagne-la-cour-constitutionnelle-supprime-linterdiction-du-port-du-voile-pour-les-enseignantes-musulmanes\\\/184177\\\/#primaryimage\",\"url\":\"https:\\\/\\\/www.webdo.tn\\\/fr\\\/wp-content\\\/uploads\\\/2015\\\/03\\\/webdo_default-43.jpg\",\"contentUrl\":\"https:\\\/\\\/www.webdo.tn\\\/fr\\\/wp-content\\\/uploads\\\/2015\\\/03\\\/webdo_default-43.jpg\",\"width\":800,\"height\":500,\"caption\":\"Allemagne : La cour constitutionnelle supprime l\u2019interdiction du port du voile pour les enseignantes musulmanes\"},{\"@type\":\"BreadcrumbList\",\"@id\":\"https:\\\/\\\/www.webdo.tn\\\/fr\\\/actualite\\\/international\\\/allemagne-la-cour-constitutionnelle-supprime-linterdiction-du-port-du-voile-pour-les-enseignantes-musulmanes\\\/184177\\\/#breadcrumb\",\"itemListElement\":[{\"@type\":\"ListItem\",\"position\":1,\"name\":\"Accueil\",\"item\":\"https:\\\/\\\/www.webdo.tn\\\/fr\\\/\"},{\"@type\":\"ListItem\",\"position\":2,\"name\":\"Allemagne : La cour constitutionnelle supprime l\u2019interdiction du port du voile pour les enseignantes musulmanes\"}]},{\"@type\":\"WebSite\",\"@id\":\"https:\\\/\\\/www.webdo.tn\\\/fr\\\/#website\",\"url\":\"https:\\\/\\\/www.webdo.tn\\\/fr\\\/\",\"name\":\"webdo\",\"description\":\"Tunisie - News en Tunisie et \u00e0 l&#039;international sur Webdo.tn\",\"publisher\":{\"@id\":\"https:\\\/\\\/www.webdo.tn\\\/fr\\\/#organization\"},\"potentialAction\":[{\"@type\":\"SearchAction\",\"target\":{\"@type\":\"EntryPoint\",\"urlTemplate\":\"https:\\\/\\\/www.webdo.tn\\\/fr\\\/?s={search_term_string}\"},\"query-input\":{\"@type\":\"PropertyValueSpecification\",\"valueRequired\":true,\"valueName\":\"search_term_string\"}}],\"inLanguage\":\"fr-FR\"},{\"@type\":\"Organization\",\"@id\":\"https:\\\/\\\/www.webdo.tn\\\/fr\\\/#organization\",\"name\":\"Webdo\",\"alternateName\":\"Webdo.tn\",\"url\":\"https:\\\/\\\/www.webdo.tn\\\/fr\\\/\",\"logo\":{\"@type\":\"ImageObject\",\"inLanguage\":\"fr-FR\",\"@id\":\"https:\\\/\\\/www.webdo.tn\\\/fr\\\/#\\\/schema\\\/logo\\\/image\\\/\",\"url\":\"https:\\\/\\\/www.webdo.tn\\\/fr\\\/wp-content\\\/uploads\\\/2025\\\/06\\\/Webdo-Tunisie_168377.jpg\",\"contentUrl\":\"https:\\\/\\\/www.webdo.tn\\\/fr\\\/wp-content\\\/uploads\\\/2025\\\/06\\\/Webdo-Tunisie_168377.jpg\",\"width\":301,\"height\":301,\"caption\":\"Webdo\"},\"image\":{\"@id\":\"https:\\\/\\\/www.webdo.tn\\\/fr\\\/#\\\/schema\\\/logo\\\/image\\\/\"},\"sameAs\":[\"https:\\\/\\\/www.facebook.com\\\/webdotn\",\"https:\\\/\\\/x.com\\\/webdo_tn\"],\"description\":\"Webdo est un m\u00e9dia num\u00e9rique tunisien fond\u00e9 en 2010, sp\u00e9cialis\u00e9 dans l\u2019actualit\u00e9 nationale et internationale, l\u2019\u00e9conomie, la soci\u00e9t\u00e9 et les analyses politiques. Le site s\u2019adresse \u00e0 un large public francophone et couvre l\u2019information tunisienne en temps r\u00e9el.\",\"email\":\"redac@webdo.tn\",\"legalName\":\"YNJ SARL\",\"foundingDate\":\"2010-09-06\",\"numberOfEmployees\":{\"@type\":\"QuantitativeValue\",\"minValue\":\"11\",\"maxValue\":\"50\"}},{\"@type\":\"Person\",\"@id\":\"https:\\\/\\\/www.webdo.tn\\\/fr\\\/#\\\/schema\\\/person\\\/9a9c6118d687c117df8ef3cc36a4d175\",\"name\":\"webdo.tn\",\"image\":{\"@type\":\"ImageObject\",\"inLanguage\":\"fr-FR\",\"@id\":\"https:\\\/\\\/secure.gravatar.com\\\/avatar\\\/7ce1f28c0c3bbac99ff550b85ef8e44a6950c6ee24514fb6a5489e51d06f0298?s=96&d=mm&r=g\",\"url\":\"https:\\\/\\\/secure.gravatar.com\\\/avatar\\\/7ce1f28c0c3bbac99ff550b85ef8e44a6950c6ee24514fb6a5489e51d06f0298?s=96&d=mm&r=g\",\"contentUrl\":\"https:\\\/\\\/secure.gravatar.com\\\/avatar\\\/7ce1f28c0c3bbac99ff550b85ef8e44a6950c6ee24514fb6a5489e51d06f0298?s=96&d=mm&r=g\",\"caption\":\"webdo.tn\"},\"url\":\"https:\\\/\\\/www.webdo.tn\\\/fr\\\/actualite\\\/author\\\/webdotn\\\/\"}]}<\/script>\n<!-- \/ Yoast SEO Premium plugin. -->","yoast_head_json":{"title":"Allemagne : La cour constitutionnelle supprime l\u2019interdiction du port du voile pour les enseignantes musulmanes","description":"Allemagne : La cour constitutionnelle supprime l\u2019interdiction du port du voile pour les enseignantes musulmanes","canonical":"https:\/\/www.webdo.tn\/fr\/actualite\/international\/allemagne-la-cour-constitutionnelle-supprime-linterdiction-du-port-du-voile-pour-les-enseignantes-musulmanes\/184177\/","og_locale":"fr_FR","og_type":"article","og_title":"Allemagne : La cour constitutionnelle supprime l\u2019interdiction du port du voile pour les enseignantes musulmanes","og_description":"Allemagne : La cour constitutionnelle supprime l\u2019interdiction du port du voile pour les enseignantes musulmanes","og_url":"https:\/\/www.webdo.tn\/fr\/actualite\/international\/allemagne-la-cour-constitutionnelle-supprime-linterdiction-du-port-du-voile-pour-les-enseignantes-musulmanes\/184177\/","og_site_name":"webdo","article_publisher":"https:\/\/www.facebook.com\/webdotn","article_published_time":"2015-03-13T14:27:00+00:00","article_modified_time":"2025-05-19T10:20:30+00:00","og_image":[{"width":800,"height":500,"url":"https:\/\/www.webdo.tn\/fr\/wp-content\/uploads\/2015\/03\/webdo_default-43.jpg","type":"image\/jpeg"}],"author":"webdo.tn","twitter_card":"summary_large_image","twitter_creator":"@webdo_tn","twitter_site":"@webdo_tn","twitter_misc":{"\u00c9crit par":"webdo.tn","Dur\u00e9e de lecture estim\u00e9e":"1 minute"},"schema":{"@context":"https:\/\/schema.org","@graph":[{"@type":"NewsArticle","@id":"https:\/\/www.webdo.tn\/fr\/actualite\/international\/allemagne-la-cour-constitutionnelle-supprime-linterdiction-du-port-du-voile-pour-les-enseignantes-musulmanes\/184177\/#article","isPartOf":{"@id":"https:\/\/www.webdo.tn\/fr\/actualite\/international\/allemagne-la-cour-constitutionnelle-supprime-linterdiction-du-port-du-voile-pour-les-enseignantes-musulmanes\/184177\/"},"author":{"name":"webdo.tn","@id":"https:\/\/www.webdo.tn\/fr\/#\/schema\/person\/9a9c6118d687c117df8ef3cc36a4d175"},"headline":"Allemagne : La cour constitutionnelle supprime l\u2019interdiction du port du voile pour les enseignantes musulmanes","datePublished":"2015-03-13T14:27:00+00:00","dateModified":"2025-05-19T10:20:30+00:00","mainEntityOfPage":{"@id":"https:\/\/www.webdo.tn\/fr\/actualite\/international\/allemagne-la-cour-constitutionnelle-supprime-linterdiction-du-port-du-voile-pour-les-enseignantes-musulmanes\/184177\/"},"wordCount":192,"commentCount":0,"publisher":{"@id":"https:\/\/www.webdo.tn\/fr\/#organization"},"image":{"@id":"https:\/\/www.webdo.tn\/fr\/actualite\/international\/allemagne-la-cour-constitutionnelle-supprime-linterdiction-du-port-du-voile-pour-les-enseignantes-musulmanes\/184177\/#primaryimage"},"thumbnailUrl":"https:\/\/www.webdo.tn\/fr\/wp-content\/uploads\/2015\/03\/webdo_default-43.jpg","keywords":["guerre"],"articleSection":["International"],"inLanguage":"fr-FR"},{"@type":"WebPage","@id":"https:\/\/www.webdo.tn\/fr\/actualite\/international\/allemagne-la-cour-constitutionnelle-supprime-linterdiction-du-port-du-voile-pour-les-enseignantes-musulmanes\/184177\/","url":"https:\/\/www.webdo.tn\/fr\/actualite\/international\/allemagne-la-cour-constitutionnelle-supprime-linterdiction-du-port-du-voile-pour-les-enseignantes-musulmanes\/184177\/","name":"Allemagne : La cour constitutionnelle supprime l\u2019interdiction du port du voile pour les enseignantes musulmanes","isPartOf":{"@id":"https:\/\/www.webdo.tn\/fr\/#website"},"primaryImageOfPage":{"@id":"https:\/\/www.webdo.tn\/fr\/actualite\/international\/allemagne-la-cour-constitutionnelle-supprime-linterdiction-du-port-du-voile-pour-les-enseignantes-musulmanes\/184177\/#primaryimage"},"image":{"@id":"https:\/\/www.webdo.tn\/fr\/actualite\/international\/allemagne-la-cour-constitutionnelle-supprime-linterdiction-du-port-du-voile-pour-les-enseignantes-musulmanes\/184177\/#primaryimage"},"thumbnailUrl":"https:\/\/www.webdo.tn\/fr\/wp-content\/uploads\/2015\/03\/webdo_default-43.jpg","datePublished":"2015-03-13T14:27:00+00:00","dateModified":"2025-05-19T10:20:30+00:00","description":"Allemagne : La cour constitutionnelle supprime l\u2019interdiction du port du voile pour les enseignantes musulmanes","breadcrumb":{"@id":"https:\/\/www.webdo.tn\/fr\/actualite\/international\/allemagne-la-cour-constitutionnelle-supprime-linterdiction-du-port-du-voile-pour-les-enseignantes-musulmanes\/184177\/#breadcrumb"},"inLanguage":"fr-FR","potentialAction":[{"@type":"ReadAction","target":["https:\/\/www.webdo.tn\/fr\/actualite\/international\/allemagne-la-cour-constitutionnelle-supprime-linterdiction-du-port-du-voile-pour-les-enseignantes-musulmanes\/184177\/"]}]},{"@type":"ImageObject","inLanguage":"fr-FR","@id":"https:\/\/www.webdo.tn\/fr\/actualite\/international\/allemagne-la-cour-constitutionnelle-supprime-linterdiction-du-port-du-voile-pour-les-enseignantes-musulmanes\/184177\/#primaryimage","url":"https:\/\/www.webdo.tn\/fr\/wp-content\/uploads\/2015\/03\/webdo_default-43.jpg","contentUrl":"https:\/\/www.webdo.tn\/fr\/wp-content\/uploads\/2015\/03\/webdo_default-43.jpg","width":800,"height":500,"caption":"Allemagne : La cour constitutionnelle supprime l\u2019interdiction du port du voile pour les enseignantes musulmanes"},{"@type":"BreadcrumbList","@id":"https:\/\/www.webdo.tn\/fr\/actualite\/international\/allemagne-la-cour-constitutionnelle-supprime-linterdiction-du-port-du-voile-pour-les-enseignantes-musulmanes\/184177\/#breadcrumb","itemListElement":[{"@type":"ListItem","position":1,"name":"Accueil","item":"https:\/\/www.webdo.tn\/fr\/"},{"@type":"ListItem","position":2,"name":"Allemagne : La cour constitutionnelle supprime l\u2019interdiction du port du voile pour les enseignantes musulmanes"}]},{"@type":"WebSite","@id":"https:\/\/www.webdo.tn\/fr\/#website","url":"https:\/\/www.webdo.tn\/fr\/","name":"webdo","description":"Tunisie - News en Tunisie et \u00e0 l&#039;international sur Webdo.tn","publisher":{"@id":"https:\/\/www.webdo.tn\/fr\/#organization"},"potentialAction":[{"@type":"SearchAction","target":{"@type":"EntryPoint","urlTemplate":"https:\/\/www.webdo.tn\/fr\/?s={search_term_string}"},"query-input":{"@type":"PropertyValueSpecification","valueRequired":true,"valueName":"search_term_string"}}],"inLanguage":"fr-FR"},{"@type":"Organization","@id":"https:\/\/www.webdo.tn\/fr\/#organization","name":"Webdo","alternateName":"Webdo.tn","url":"https:\/\/www.webdo.tn\/fr\/","logo":{"@type":"ImageObject","inLanguage":"fr-FR","@id":"https:\/\/www.webdo.tn\/fr\/#\/schema\/logo\/image\/","url":"https:\/\/www.webdo.tn\/fr\/wp-content\/uploads\/2025\/06\/Webdo-Tunisie_168377.jpg","contentUrl":"https:\/\/www.webdo.tn\/fr\/wp-content\/uploads\/2025\/06\/Webdo-Tunisie_168377.jpg","width":301,"height":301,"caption":"Webdo"},"image":{"@id":"https:\/\/www.webdo.tn\/fr\/#\/schema\/logo\/image\/"},"sameAs":["https:\/\/www.facebook.com\/webdotn","https:\/\/x.com\/webdo_tn"],"description":"Webdo est un m\u00e9dia num\u00e9rique tunisien fond\u00e9 en 2010, sp\u00e9cialis\u00e9 dans l\u2019actualit\u00e9 nationale et internationale, l\u2019\u00e9conomie, la soci\u00e9t\u00e9 et les analyses politiques. Le site s\u2019adresse \u00e0 un large public francophone et couvre l\u2019information tunisienne en temps r\u00e9el.","email":"redac@webdo.tn","legalName":"YNJ SARL","foundingDate":"2010-09-06","numberOfEmployees":{"@type":"QuantitativeValue","minValue":"11","maxValue":"50"}},{"@type":"Person","@id":"https:\/\/www.webdo.tn\/fr\/#\/schema\/person\/9a9c6118d687c117df8ef3cc36a4d175","name":"webdo.tn","image":{"@type":"ImageObject","inLanguage":"fr-FR","@id":"https:\/\/secure.gravatar.com\/avatar\/7ce1f28c0c3bbac99ff550b85ef8e44a6950c6ee24514fb6a5489e51d06f0298?s=96&d=mm&r=g","url":"https:\/\/secure.gravatar.com\/avatar\/7ce1f28c0c3bbac99ff550b85ef8e44a6950c6ee24514fb6a5489e51d06f0298?s=96&d=mm&r=g","contentUrl":"https:\/\/secure.gravatar.com\/avatar\/7ce1f28c0c3bbac99ff550b85ef8e44a6950c6ee24514fb6a5489e51d06f0298?s=96&d=mm&r=g","caption":"webdo.tn"},"url":"https:\/\/www.webdo.tn\/fr\/actualite\/author\/webdotn\/"}]}},"_links":{"self":[{"href":"https:\/\/www.webdo.tn\/fr\/wp-json\/wp\/v2\/posts\/184177","targetHints":{"allow":["GET"]}}],"collection":[{"href":"https:\/\/www.webdo.tn\/fr\/wp-json\/wp\/v2\/posts"}],"about":[{"href":"https:\/\/www.webdo.tn\/fr\/wp-json\/wp\/v2\/types\/post"}],"author":[{"embeddable":true,"href":"https:\/\/www.webdo.tn\/fr\/wp-json\/wp\/v2\/users\/3222"}],"replies":[{"embeddable":true,"href":"https:\/\/www.webdo.tn\/fr\/wp-json\/wp\/v2\/comments?post=184177"}],"version-history":[{"count":0,"href":"https:\/\/www.webdo.tn\/fr\/wp-json\/wp\/v2\/posts\/184177\/revisions"}],"wp:featuredmedia":[{"embeddable":true,"href":"https:\/\/www.webdo.tn\/fr\/wp-json\/wp\/v2\/media\/318884"}],"wp:attachment":[{"href":"https:\/\/www.webdo.tn\/fr\/wp-json\/wp\/v2\/media?parent=184177"}],"wp:term":[{"taxonomy":"category","embeddable":true,"href":"https:\/\/www.webdo.tn\/fr\/wp-json\/wp\/v2\/categories?post=184177"},{"taxonomy":"post_tag","embeddable":true,"href":"https:\/\/www.webdo.tn\/fr\/wp-json\/wp\/v2\/tags?post=184177"}],"curies":[{"name":"wp","href":"https:\/\/api.w.org\/{rel}","templated":true}]}}