{"id":184174,"date":"2015-03-19T12:46:00","date_gmt":"2015-03-19T12:46:00","guid":{"rendered":"https:\/\/www.webdo.tn\/fr\/blog\/attaque-au-bardo-rassemblement-a-la-memoire-des-victimes-a-montreal\/184174\/"},"modified":"2015-03-19T12:46:00","modified_gmt":"2015-03-19T12:46:00","slug":"attaque-au-bardo-rassemblement-a-la-memoire-des-victimes-a-montreal","status":"publish","type":"post","link":"https:\/\/www.webdo.tn\/fr\/actualite\/international\/attaque-au-bardo-rassemblement-a-la-memoire-des-victimes-a-montreal\/184174\/","title":{"rendered":"Attaque au Bardo : Rassemblement \u00e0 la m\u00e9moire des victimes \u00e0 Montr\u00e9al"},"content":{"rendered":"<p>Cr\u00e9dit photo : Hachani Photography<br \/>\nDes Tunisiens au Canada ainsi que des Canadiens se sont rassembl\u00e9s, ce mercredi 18 mars \u00e0 la place Phillips (Square Phillips) \u00e0 Montr\u00e9al en\u00a0m\u00e9moire aux\u00a0victimes de l&rsquo;attaque du mus\u00e9e \u00e0 Bardo.<\/p>\n<p>Ce rassemblement a \u00e9t\u00e9 organis\u00e9 par le collectif de solidarit\u00e9 au Canada avec les luttes sociales en Tunisie.<\/p>\n","protected":false},"excerpt":{"rendered":"<p>Attaque au Bardo : Rassemblement \u00e0 la m\u00e9moire des victimes \u00e0 Montr\u00e9al<\/p>\n","protected":false},"author":3222,"featured_media":330421,"comment_status":"open","ping_status":"closed","sticky":false,"template":"","format":"standard","meta":{"footnotes":""},"categories":[2598],"tags":[2600],"class_list":["post-184174","post","type-post","status-publish","format-standard","has-post-thumbnail","hentry","category-international","tag-guerre"],"yoast_head":"<!-- This site is optimized with the Yoast SEO Premium plugin v27.5 (Yoast SEO v27.5) - https:\/\/yoast.com\/product\/yoast-seo-premium-wordpress\/ -->\n<title>Attaque au Bardo : Rassemblement \u00e0 la m\u00e9moire des victimes \u00e0 Montr\u00e9al<\/title>\n<meta name=\"description\" content=\"Attaque au Bardo : Rassemblement \u00e0 la m\u00e9moire des victimes \u00e0 Montr\u00e9al\" \/>\n<link rel=\"canonical\" href=\"https:\/\/www.webdo.tn\/fr\/actualite\/international\/attaque-au-bardo-rassemblement-a-la-memoire-des-victimes-a-montreal\/184174\/\" \/>\n<meta property=\"og:locale\" content=\"fr_FR\" \/>\n<meta property=\"og:type\" content=\"article\" \/>\n<meta property=\"og:title\" content=\"Attaque au Bardo : Rassemblement \u00e0 la m\u00e9moire des victimes \u00e0 Montr\u00e9al\" \/>\n<meta property=\"og:description\" content=\"Attaque au Bardo : Rassemblement \u00e0 la m\u00e9moire des victimes \u00e0 Montr\u00e9al\" \/>\n<meta property=\"og:url\" content=\"https:\/\/www.webdo.tn\/fr\/actualite\/international\/attaque-au-bardo-rassemblement-a-la-memoire-des-victimes-a-montreal\/184174\/\" \/>\n<meta property=\"og:site_name\" content=\"webdo\" \/>\n<meta property=\"article:publisher\" content=\"https:\/\/www.facebook.com\/webdotn\" \/>\n<meta property=\"article:published_time\" content=\"2015-03-19T12:46:00+00:00\" \/>\n<meta property=\"og:image\" content=\"https:\/\/www.webdo.tn\/fr\/wp-content\/uploads\/2015\/03\/webdo_default-74.jpg\" \/>\n\t<meta property=\"og:image:width\" content=\"800\" \/>\n\t<meta property=\"og:image:height\" content=\"500\" \/>\n\t<meta property=\"og:image:type\" content=\"image\/jpeg\" \/>\n<meta name=\"author\" content=\"webdo.tn\" \/>\n<meta name=\"twitter:card\" content=\"summary_large_image\" \/>\n<meta name=\"twitter:creator\" content=\"@webdo_tn\" \/>\n<meta name=\"twitter:site\" content=\"@webdo_tn\" \/>\n<meta name=\"twitter:label1\" content=\"\u00c9crit par\" \/>\n\t<meta name=\"twitter:data1\" content=\"webdo.tn\" \/>\n<script type=\"application\/ld+json\" class=\"yoast-schema-graph\">{\"@context\":\"https:\\\/\\\/schema.org\",\"@graph\":[{\"@type\":\"NewsArticle\",\"@id\":\"https:\\\/\\\/www.webdo.tn\\\/fr\\\/actualite\\\/international\\\/attaque-au-bardo-rassemblement-a-la-memoire-des-victimes-a-montreal\\\/184174\\\/#article\",\"isPartOf\":{\"@id\":\"https:\\\/\\\/www.webdo.tn\\\/fr\\\/actualite\\\/international\\\/attaque-au-bardo-rassemblement-a-la-memoire-des-victimes-a-montreal\\\/184174\\\/\"},\"author\":{\"name\":\"webdo.tn\",\"@id\":\"https:\\\/\\\/www.webdo.tn\\\/fr\\\/#\\\/schema\\\/person\\\/9a9c6118d687c117df8ef3cc36a4d175\"},\"headline\":\"Attaque au Bardo : Rassemblement \u00e0 la m\u00e9moire des victimes \u00e0 Montr\u00e9al\",\"datePublished\":\"2015-03-19T12:46:00+00:00\",\"mainEntityOfPage\":{\"@id\":\"https:\\\/\\\/www.webdo.tn\\\/fr\\\/actualite\\\/international\\\/attaque-au-bardo-rassemblement-a-la-memoire-des-victimes-a-montreal\\\/184174\\\/\"},\"wordCount\":68,\"commentCount\":0,\"publisher\":{\"@id\":\"https:\\\/\\\/www.webdo.tn\\\/fr\\\/#organization\"},\"image\":{\"@id\":\"https:\\\/\\\/www.webdo.tn\\\/fr\\\/actualite\\\/international\\\/attaque-au-bardo-rassemblement-a-la-memoire-des-victimes-a-montreal\\\/184174\\\/#primaryimage\"},\"thumbnailUrl\":\"https:\\\/\\\/www.webdo.tn\\\/fr\\\/wp-content\\\/uploads\\\/2015\\\/03\\\/webdo_default-74.jpg\",\"keywords\":[\"guerre\"],\"articleSection\":[\"International\"],\"inLanguage\":\"fr-FR\"},{\"@type\":\"WebPage\",\"@id\":\"https:\\\/\\\/www.webdo.tn\\\/fr\\\/actualite\\\/international\\\/attaque-au-bardo-rassemblement-a-la-memoire-des-victimes-a-montreal\\\/184174\\\/\",\"url\":\"https:\\\/\\\/www.webdo.tn\\\/fr\\\/actualite\\\/international\\\/attaque-au-bardo-rassemblement-a-la-memoire-des-victimes-a-montreal\\\/184174\\\/\",\"name\":\"Attaque au Bardo : Rassemblement \u00e0 la m\u00e9moire des victimes \u00e0 Montr\u00e9al\",\"isPartOf\":{\"@id\":\"https:\\\/\\\/www.webdo.tn\\\/fr\\\/#website\"},\"primaryImageOfPage\":{\"@id\":\"https:\\\/\\\/www.webdo.tn\\\/fr\\\/actualite\\\/international\\\/attaque-au-bardo-rassemblement-a-la-memoire-des-victimes-a-montreal\\\/184174\\\/#primaryimage\"},\"image\":{\"@id\":\"https:\\\/\\\/www.webdo.tn\\\/fr\\\/actualite\\\/international\\\/attaque-au-bardo-rassemblement-a-la-memoire-des-victimes-a-montreal\\\/184174\\\/#primaryimage\"},\"thumbnailUrl\":\"https:\\\/\\\/www.webdo.tn\\\/fr\\\/wp-content\\\/uploads\\\/2015\\\/03\\\/webdo_default-74.jpg\",\"datePublished\":\"2015-03-19T12:46:00+00:00\",\"description\":\"Attaque au Bardo : Rassemblement \u00e0 la m\u00e9moire des victimes \u00e0 Montr\u00e9al\",\"breadcrumb\":{\"@id\":\"https:\\\/\\\/www.webdo.tn\\\/fr\\\/actualite\\\/international\\\/attaque-au-bardo-rassemblement-a-la-memoire-des-victimes-a-montreal\\\/184174\\\/#breadcrumb\"},\"inLanguage\":\"fr-FR\",\"potentialAction\":[{\"@type\":\"ReadAction\",\"target\":[\"https:\\\/\\\/www.webdo.tn\\\/fr\\\/actualite\\\/international\\\/attaque-au-bardo-rassemblement-a-la-memoire-des-victimes-a-montreal\\\/184174\\\/\"]}]},{\"@type\":\"ImageObject\",\"inLanguage\":\"fr-FR\",\"@id\":\"https:\\\/\\\/www.webdo.tn\\\/fr\\\/actualite\\\/international\\\/attaque-au-bardo-rassemblement-a-la-memoire-des-victimes-a-montreal\\\/184174\\\/#primaryimage\",\"url\":\"https:\\\/\\\/www.webdo.tn\\\/fr\\\/wp-content\\\/uploads\\\/2015\\\/03\\\/webdo_default-74.jpg\",\"contentUrl\":\"https:\\\/\\\/www.webdo.tn\\\/fr\\\/wp-content\\\/uploads\\\/2015\\\/03\\\/webdo_default-74.jpg\",\"width\":800,\"height\":500,\"caption\":\"Attaque au Bardo : Rassemblement \u00e0 la m\u00e9moire des victimes \u00e0 Montr\u00e9al\"},{\"@type\":\"BreadcrumbList\",\"@id\":\"https:\\\/\\\/www.webdo.tn\\\/fr\\\/actualite\\\/international\\\/attaque-au-bardo-rassemblement-a-la-memoire-des-victimes-a-montreal\\\/184174\\\/#breadcrumb\",\"itemListElement\":[{\"@type\":\"ListItem\",\"position\":1,\"name\":\"Accueil\",\"item\":\"https:\\\/\\\/www.webdo.tn\\\/fr\\\/\"},{\"@type\":\"ListItem\",\"position\":2,\"name\":\"Attaque au Bardo : Rassemblement \u00e0 la m\u00e9moire des victimes \u00e0 Montr\u00e9al\"}]},{\"@type\":\"WebSite\",\"@id\":\"https:\\\/\\\/www.webdo.tn\\\/fr\\\/#website\",\"url\":\"https:\\\/\\\/www.webdo.tn\\\/fr\\\/\",\"name\":\"webdo\",\"description\":\"Tunisie - News en Tunisie et \u00e0 l&#039;international sur Webdo.tn\",\"publisher\":{\"@id\":\"https:\\\/\\\/www.webdo.tn\\\/fr\\\/#organization\"},\"potentialAction\":[{\"@type\":\"SearchAction\",\"target\":{\"@type\":\"EntryPoint\",\"urlTemplate\":\"https:\\\/\\\/www.webdo.tn\\\/fr\\\/?s={search_term_string}\"},\"query-input\":{\"@type\":\"PropertyValueSpecification\",\"valueRequired\":true,\"valueName\":\"search_term_string\"}}],\"inLanguage\":\"fr-FR\"},{\"@type\":\"Organization\",\"@id\":\"https:\\\/\\\/www.webdo.tn\\\/fr\\\/#organization\",\"name\":\"Webdo\",\"alternateName\":\"Webdo.tn\",\"url\":\"https:\\\/\\\/www.webdo.tn\\\/fr\\\/\",\"logo\":{\"@type\":\"ImageObject\",\"inLanguage\":\"fr-FR\",\"@id\":\"https:\\\/\\\/www.webdo.tn\\\/fr\\\/#\\\/schema\\\/logo\\\/image\\\/\",\"url\":\"https:\\\/\\\/www.webdo.tn\\\/fr\\\/wp-content\\\/uploads\\\/2025\\\/06\\\/Webdo-Tunisie_168377.jpg\",\"contentUrl\":\"https:\\\/\\\/www.webdo.tn\\\/fr\\\/wp-content\\\/uploads\\\/2025\\\/06\\\/Webdo-Tunisie_168377.jpg\",\"width\":301,\"height\":301,\"caption\":\"Webdo\"},\"image\":{\"@id\":\"https:\\\/\\\/www.webdo.tn\\\/fr\\\/#\\\/schema\\\/logo\\\/image\\\/\"},\"sameAs\":[\"https:\\\/\\\/www.facebook.com\\\/webdotn\",\"https:\\\/\\\/x.com\\\/webdo_tn\"],\"description\":\"Webdo est un m\u00e9dia num\u00e9rique tunisien fond\u00e9 en 2010, sp\u00e9cialis\u00e9 dans l\u2019actualit\u00e9 nationale et internationale, l\u2019\u00e9conomie, la soci\u00e9t\u00e9 et les analyses politiques. Le site s\u2019adresse \u00e0 un large public francophone et couvre l\u2019information tunisienne en temps r\u00e9el.\",\"email\":\"redac@webdo.tn\",\"legalName\":\"YNJ SARL\",\"foundingDate\":\"2010-09-06\",\"numberOfEmployees\":{\"@type\":\"QuantitativeValue\",\"minValue\":\"11\",\"maxValue\":\"50\"}},{\"@type\":\"Person\",\"@id\":\"https:\\\/\\\/www.webdo.tn\\\/fr\\\/#\\\/schema\\\/person\\\/9a9c6118d687c117df8ef3cc36a4d175\",\"name\":\"webdo.tn\",\"image\":{\"@type\":\"ImageObject\",\"inLanguage\":\"fr-FR\",\"@id\":\"https:\\\/\\\/secure.gravatar.com\\\/avatar\\\/7ce1f28c0c3bbac99ff550b85ef8e44a6950c6ee24514fb6a5489e51d06f0298?s=96&d=mm&r=g\",\"url\":\"https:\\\/\\\/secure.gravatar.com\\\/avatar\\\/7ce1f28c0c3bbac99ff550b85ef8e44a6950c6ee24514fb6a5489e51d06f0298?s=96&d=mm&r=g\",\"contentUrl\":\"https:\\\/\\\/secure.gravatar.com\\\/avatar\\\/7ce1f28c0c3bbac99ff550b85ef8e44a6950c6ee24514fb6a5489e51d06f0298?s=96&d=mm&r=g\",\"caption\":\"webdo.tn\"},\"url\":\"https:\\\/\\\/www.webdo.tn\\\/fr\\\/actualite\\\/author\\\/webdotn\\\/\"}]}<\/script>\n<!-- \/ Yoast SEO Premium plugin. -->","yoast_head_json":{"title":"Attaque au Bardo : Rassemblement \u00e0 la m\u00e9moire des victimes \u00e0 Montr\u00e9al","description":"Attaque au Bardo : Rassemblement \u00e0 la m\u00e9moire des victimes \u00e0 Montr\u00e9al","canonical":"https:\/\/www.webdo.tn\/fr\/actualite\/international\/attaque-au-bardo-rassemblement-a-la-memoire-des-victimes-a-montreal\/184174\/","og_locale":"fr_FR","og_type":"article","og_title":"Attaque au Bardo : Rassemblement \u00e0 la m\u00e9moire des victimes \u00e0 Montr\u00e9al","og_description":"Attaque au Bardo : Rassemblement \u00e0 la m\u00e9moire des victimes \u00e0 Montr\u00e9al","og_url":"https:\/\/www.webdo.tn\/fr\/actualite\/international\/attaque-au-bardo-rassemblement-a-la-memoire-des-victimes-a-montreal\/184174\/","og_site_name":"webdo","article_publisher":"https:\/\/www.facebook.com\/webdotn","article_published_time":"2015-03-19T12:46:00+00:00","og_image":[{"width":800,"height":500,"url":"https:\/\/www.webdo.tn\/fr\/wp-content\/uploads\/2015\/03\/webdo_default-74.jpg","type":"image\/jpeg"}],"author":"webdo.tn","twitter_card":"summary_large_image","twitter_creator":"@webdo_tn","twitter_site":"@webdo_tn","twitter_misc":{"\u00c9crit par":"webdo.tn"},"schema":{"@context":"https:\/\/schema.org","@graph":[{"@type":"NewsArticle","@id":"https:\/\/www.webdo.tn\/fr\/actualite\/international\/attaque-au-bardo-rassemblement-a-la-memoire-des-victimes-a-montreal\/184174\/#article","isPartOf":{"@id":"https:\/\/www.webdo.tn\/fr\/actualite\/international\/attaque-au-bardo-rassemblement-a-la-memoire-des-victimes-a-montreal\/184174\/"},"author":{"name":"webdo.tn","@id":"https:\/\/www.webdo.tn\/fr\/#\/schema\/person\/9a9c6118d687c117df8ef3cc36a4d175"},"headline":"Attaque au Bardo : Rassemblement \u00e0 la m\u00e9moire des victimes \u00e0 Montr\u00e9al","datePublished":"2015-03-19T12:46:00+00:00","mainEntityOfPage":{"@id":"https:\/\/www.webdo.tn\/fr\/actualite\/international\/attaque-au-bardo-rassemblement-a-la-memoire-des-victimes-a-montreal\/184174\/"},"wordCount":68,"commentCount":0,"publisher":{"@id":"https:\/\/www.webdo.tn\/fr\/#organization"},"image":{"@id":"https:\/\/www.webdo.tn\/fr\/actualite\/international\/attaque-au-bardo-rassemblement-a-la-memoire-des-victimes-a-montreal\/184174\/#primaryimage"},"thumbnailUrl":"https:\/\/www.webdo.tn\/fr\/wp-content\/uploads\/2015\/03\/webdo_default-74.jpg","keywords":["guerre"],"articleSection":["International"],"inLanguage":"fr-FR"},{"@type":"WebPage","@id":"https:\/\/www.webdo.tn\/fr\/actualite\/international\/attaque-au-bardo-rassemblement-a-la-memoire-des-victimes-a-montreal\/184174\/","url":"https:\/\/www.webdo.tn\/fr\/actualite\/international\/attaque-au-bardo-rassemblement-a-la-memoire-des-victimes-a-montreal\/184174\/","name":"Attaque au Bardo : Rassemblement \u00e0 la m\u00e9moire des victimes \u00e0 Montr\u00e9al","isPartOf":{"@id":"https:\/\/www.webdo.tn\/fr\/#website"},"primaryImageOfPage":{"@id":"https:\/\/www.webdo.tn\/fr\/actualite\/international\/attaque-au-bardo-rassemblement-a-la-memoire-des-victimes-a-montreal\/184174\/#primaryimage"},"image":{"@id":"https:\/\/www.webdo.tn\/fr\/actualite\/international\/attaque-au-bardo-rassemblement-a-la-memoire-des-victimes-a-montreal\/184174\/#primaryimage"},"thumbnailUrl":"https:\/\/www.webdo.tn\/fr\/wp-content\/uploads\/2015\/03\/webdo_default-74.jpg","datePublished":"2015-03-19T12:46:00+00:00","description":"Attaque au Bardo : Rassemblement \u00e0 la m\u00e9moire des victimes \u00e0 Montr\u00e9al","breadcrumb":{"@id":"https:\/\/www.webdo.tn\/fr\/actualite\/international\/attaque-au-bardo-rassemblement-a-la-memoire-des-victimes-a-montreal\/184174\/#breadcrumb"},"inLanguage":"fr-FR","potentialAction":[{"@type":"ReadAction","target":["https:\/\/www.webdo.tn\/fr\/actualite\/international\/attaque-au-bardo-rassemblement-a-la-memoire-des-victimes-a-montreal\/184174\/"]}]},{"@type":"ImageObject","inLanguage":"fr-FR","@id":"https:\/\/www.webdo.tn\/fr\/actualite\/international\/attaque-au-bardo-rassemblement-a-la-memoire-des-victimes-a-montreal\/184174\/#primaryimage","url":"https:\/\/www.webdo.tn\/fr\/wp-content\/uploads\/2015\/03\/webdo_default-74.jpg","contentUrl":"https:\/\/www.webdo.tn\/fr\/wp-content\/uploads\/2015\/03\/webdo_default-74.jpg","width":800,"height":500,"caption":"Attaque au Bardo : Rassemblement \u00e0 la m\u00e9moire des victimes \u00e0 Montr\u00e9al"},{"@type":"BreadcrumbList","@id":"https:\/\/www.webdo.tn\/fr\/actualite\/international\/attaque-au-bardo-rassemblement-a-la-memoire-des-victimes-a-montreal\/184174\/#breadcrumb","itemListElement":[{"@type":"ListItem","position":1,"name":"Accueil","item":"https:\/\/www.webdo.tn\/fr\/"},{"@type":"ListItem","position":2,"name":"Attaque au Bardo : Rassemblement \u00e0 la m\u00e9moire des victimes \u00e0 Montr\u00e9al"}]},{"@type":"WebSite","@id":"https:\/\/www.webdo.tn\/fr\/#website","url":"https:\/\/www.webdo.tn\/fr\/","name":"webdo","description":"Tunisie - News en Tunisie et \u00e0 l&#039;international sur Webdo.tn","publisher":{"@id":"https:\/\/www.webdo.tn\/fr\/#organization"},"potentialAction":[{"@type":"SearchAction","target":{"@type":"EntryPoint","urlTemplate":"https:\/\/www.webdo.tn\/fr\/?s={search_term_string}"},"query-input":{"@type":"PropertyValueSpecification","valueRequired":true,"valueName":"search_term_string"}}],"inLanguage":"fr-FR"},{"@type":"Organization","@id":"https:\/\/www.webdo.tn\/fr\/#organization","name":"Webdo","alternateName":"Webdo.tn","url":"https:\/\/www.webdo.tn\/fr\/","logo":{"@type":"ImageObject","inLanguage":"fr-FR","@id":"https:\/\/www.webdo.tn\/fr\/#\/schema\/logo\/image\/","url":"https:\/\/www.webdo.tn\/fr\/wp-content\/uploads\/2025\/06\/Webdo-Tunisie_168377.jpg","contentUrl":"https:\/\/www.webdo.tn\/fr\/wp-content\/uploads\/2025\/06\/Webdo-Tunisie_168377.jpg","width":301,"height":301,"caption":"Webdo"},"image":{"@id":"https:\/\/www.webdo.tn\/fr\/#\/schema\/logo\/image\/"},"sameAs":["https:\/\/www.facebook.com\/webdotn","https:\/\/x.com\/webdo_tn"],"description":"Webdo est un m\u00e9dia num\u00e9rique tunisien fond\u00e9 en 2010, sp\u00e9cialis\u00e9 dans l\u2019actualit\u00e9 nationale et internationale, l\u2019\u00e9conomie, la soci\u00e9t\u00e9 et les analyses politiques. Le site s\u2019adresse \u00e0 un large public francophone et couvre l\u2019information tunisienne en temps r\u00e9el.","email":"redac@webdo.tn","legalName":"YNJ SARL","foundingDate":"2010-09-06","numberOfEmployees":{"@type":"QuantitativeValue","minValue":"11","maxValue":"50"}},{"@type":"Person","@id":"https:\/\/www.webdo.tn\/fr\/#\/schema\/person\/9a9c6118d687c117df8ef3cc36a4d175","name":"webdo.tn","image":{"@type":"ImageObject","inLanguage":"fr-FR","@id":"https:\/\/secure.gravatar.com\/avatar\/7ce1f28c0c3bbac99ff550b85ef8e44a6950c6ee24514fb6a5489e51d06f0298?s=96&d=mm&r=g","url":"https:\/\/secure.gravatar.com\/avatar\/7ce1f28c0c3bbac99ff550b85ef8e44a6950c6ee24514fb6a5489e51d06f0298?s=96&d=mm&r=g","contentUrl":"https:\/\/secure.gravatar.com\/avatar\/7ce1f28c0c3bbac99ff550b85ef8e44a6950c6ee24514fb6a5489e51d06f0298?s=96&d=mm&r=g","caption":"webdo.tn"},"url":"https:\/\/www.webdo.tn\/fr\/actualite\/author\/webdotn\/"}]}},"_links":{"self":[{"href":"https:\/\/www.webdo.tn\/fr\/wp-json\/wp\/v2\/posts\/184174","targetHints":{"allow":["GET"]}}],"collection":[{"href":"https:\/\/www.webdo.tn\/fr\/wp-json\/wp\/v2\/posts"}],"about":[{"href":"https:\/\/www.webdo.tn\/fr\/wp-json\/wp\/v2\/types\/post"}],"author":[{"embeddable":true,"href":"https:\/\/www.webdo.tn\/fr\/wp-json\/wp\/v2\/users\/3222"}],"replies":[{"embeddable":true,"href":"https:\/\/www.webdo.tn\/fr\/wp-json\/wp\/v2\/comments?post=184174"}],"version-history":[{"count":0,"href":"https:\/\/www.webdo.tn\/fr\/wp-json\/wp\/v2\/posts\/184174\/revisions"}],"wp:featuredmedia":[{"embeddable":true,"href":"https:\/\/www.webdo.tn\/fr\/wp-json\/wp\/v2\/media\/330421"}],"wp:attachment":[{"href":"https:\/\/www.webdo.tn\/fr\/wp-json\/wp\/v2\/media?parent=184174"}],"wp:term":[{"taxonomy":"category","embeddable":true,"href":"https:\/\/www.webdo.tn\/fr\/wp-json\/wp\/v2\/categories?post=184174"},{"taxonomy":"post_tag","embeddable":true,"href":"https:\/\/www.webdo.tn\/fr\/wp-json\/wp\/v2\/tags?post=184174"}],"curies":[{"name":"wp","href":"https:\/\/api.w.org\/{rel}","templated":true}]}}