{"id":184173,"date":"2015-03-21T09:40:00","date_gmt":"2015-03-21T09:40:00","guid":{"rendered":"https:\/\/www.webdo.tn\/fr\/blog\/la-juventus-a-rendu-hommage-aux-victimes-de-lattaque-contre-le-musee-du-bardo\/184173\/"},"modified":"2025-05-19T10:19:45","modified_gmt":"2025-05-19T10:19:45","slug":"la-juventus-a-rendu-hommage-aux-victimes-de-lattaque-contre-le-musee-du-bardo","status":"publish","type":"post","link":"https:\/\/www.webdo.tn\/fr\/actualite\/international\/la-juventus-a-rendu-hommage-aux-victimes-de-lattaque-contre-le-musee-du-bardo\/184173\/","title":{"rendered":"La Juventus a rendu hommage aux victimes de l&rsquo;attaque contre le mus\u00e9e du Bardo"},"content":{"rendered":"<p>La Juventus Turin, le plus vieux club de football italien, a rendu hommage vendredi 20\u00a0mars aux victimes de l&rsquo;attaque contre le mus\u00e9e du Bardo en mettant en berne leur drapeau au local du club situ\u00e9 \u00e0 Vinovo.<\/p>\n<p>La \u00ab\u00a0Vecchia Signora\u00a0\u00bb (Vieille Dame) jouit d&rsquo;un\u00a0important fan club\u00a0en Tunisie et a m\u00eame fond\u00e9 la Juventus Soccer School en 2014 en partenariat avec l&rsquo;op\u00e9rateur t\u00e9l\u00e9phonique Ooredoo accueillant\u00a0des jeunes de 6 \u00e0 16 ans.<br \/>\nLa Juventus partecipa al lutto per le vittime dell&rsquo;attentato di Tunisi pic.twitter.com\/5sSK7BftvV<\/p>\n<p>\u2014 JuventusFC (@juventusfc) 20 Mars 2015<\/p>\n","protected":false},"excerpt":{"rendered":"<p>La Juventus a rendu hommage aux victimes de l&rsquo;attaque contre le mus\u00e9e du Bardo<\/p>\n","protected":false},"author":3222,"featured_media":318779,"comment_status":"open","ping_status":"closed","sticky":false,"template":"","format":"standard","meta":{"footnotes":""},"categories":[2598],"tags":[2600],"class_list":["post-184173","post","type-post","status-publish","format-standard","has-post-thumbnail","hentry","category-international","tag-guerre"],"yoast_head":"<!-- This site is optimized with the Yoast SEO Premium plugin v27.5 (Yoast SEO v27.5) - https:\/\/yoast.com\/product\/yoast-seo-premium-wordpress\/ -->\n<title>La Juventus a rendu hommage aux victimes de l&#039;attaque contre le mus\u00e9e du Bardo<\/title>\n<meta name=\"description\" content=\"La Juventus a rendu hommage aux victimes de l&#039;attaque contre le mus\u00e9e du Bardo\" \/>\n<link rel=\"canonical\" href=\"https:\/\/www.webdo.tn\/fr\/actualite\/international\/la-juventus-a-rendu-hommage-aux-victimes-de-lattaque-contre-le-musee-du-bardo\/184173\/\" \/>\n<meta property=\"og:locale\" content=\"fr_FR\" \/>\n<meta property=\"og:type\" content=\"article\" \/>\n<meta property=\"og:title\" content=\"La Juventus a rendu hommage aux victimes de l&#039;attaque contre le mus\u00e9e du Bardo\" \/>\n<meta property=\"og:description\" content=\"La Juventus a rendu hommage aux victimes de l&#039;attaque contre le mus\u00e9e du Bardo\" \/>\n<meta property=\"og:url\" content=\"https:\/\/www.webdo.tn\/fr\/actualite\/international\/la-juventus-a-rendu-hommage-aux-victimes-de-lattaque-contre-le-musee-du-bardo\/184173\/\" \/>\n<meta property=\"og:site_name\" content=\"webdo\" \/>\n<meta property=\"article:publisher\" content=\"https:\/\/www.facebook.com\/webdotn\" \/>\n<meta property=\"article:published_time\" content=\"2015-03-21T09:40:00+00:00\" \/>\n<meta property=\"article:modified_time\" content=\"2025-05-19T10:19:45+00:00\" \/>\n<meta property=\"og:image\" content=\"https:\/\/www.webdo.tn\/fr\/wp-content\/uploads\/2015\/03\/JUVE.png\" \/>\n\t<meta property=\"og:image:width\" content=\"433\" \/>\n\t<meta property=\"og:image:height\" content=\"228\" \/>\n\t<meta property=\"og:image:type\" content=\"image\/png\" \/>\n<meta name=\"author\" content=\"webdo.tn\" \/>\n<meta name=\"twitter:card\" content=\"summary_large_image\" \/>\n<meta name=\"twitter:creator\" content=\"@webdo_tn\" \/>\n<meta name=\"twitter:site\" content=\"@webdo_tn\" \/>\n<meta name=\"twitter:label1\" content=\"\u00c9crit par\" \/>\n\t<meta name=\"twitter:data1\" content=\"webdo.tn\" \/>\n<script type=\"application\/ld+json\" class=\"yoast-schema-graph\">{\"@context\":\"https:\\\/\\\/schema.org\",\"@graph\":[{\"@type\":\"NewsArticle\",\"@id\":\"https:\\\/\\\/www.webdo.tn\\\/fr\\\/actualite\\\/international\\\/la-juventus-a-rendu-hommage-aux-victimes-de-lattaque-contre-le-musee-du-bardo\\\/184173\\\/#article\",\"isPartOf\":{\"@id\":\"https:\\\/\\\/www.webdo.tn\\\/fr\\\/actualite\\\/international\\\/la-juventus-a-rendu-hommage-aux-victimes-de-lattaque-contre-le-musee-du-bardo\\\/184173\\\/\"},\"author\":{\"name\":\"webdo.tn\",\"@id\":\"https:\\\/\\\/www.webdo.tn\\\/fr\\\/#\\\/schema\\\/person\\\/9a9c6118d687c117df8ef3cc36a4d175\"},\"headline\":\"La Juventus a rendu hommage aux victimes de l&rsquo;attaque contre le mus\u00e9e du Bardo\",\"datePublished\":\"2015-03-21T09:40:00+00:00\",\"dateModified\":\"2025-05-19T10:19:45+00:00\",\"mainEntityOfPage\":{\"@id\":\"https:\\\/\\\/www.webdo.tn\\\/fr\\\/actualite\\\/international\\\/la-juventus-a-rendu-hommage-aux-victimes-de-lattaque-contre-le-musee-du-bardo\\\/184173\\\/\"},\"wordCount\":112,\"commentCount\":0,\"publisher\":{\"@id\":\"https:\\\/\\\/www.webdo.tn\\\/fr\\\/#organization\"},\"image\":{\"@id\":\"https:\\\/\\\/www.webdo.tn\\\/fr\\\/actualite\\\/international\\\/la-juventus-a-rendu-hommage-aux-victimes-de-lattaque-contre-le-musee-du-bardo\\\/184173\\\/#primaryimage\"},\"thumbnailUrl\":\"https:\\\/\\\/www.webdo.tn\\\/fr\\\/wp-content\\\/uploads\\\/2015\\\/03\\\/JUVE.png\",\"keywords\":[\"guerre\"],\"articleSection\":[\"International\"],\"inLanguage\":\"fr-FR\"},{\"@type\":\"WebPage\",\"@id\":\"https:\\\/\\\/www.webdo.tn\\\/fr\\\/actualite\\\/international\\\/la-juventus-a-rendu-hommage-aux-victimes-de-lattaque-contre-le-musee-du-bardo\\\/184173\\\/\",\"url\":\"https:\\\/\\\/www.webdo.tn\\\/fr\\\/actualite\\\/international\\\/la-juventus-a-rendu-hommage-aux-victimes-de-lattaque-contre-le-musee-du-bardo\\\/184173\\\/\",\"name\":\"La Juventus a rendu hommage aux victimes de l'attaque contre le mus\u00e9e du Bardo\",\"isPartOf\":{\"@id\":\"https:\\\/\\\/www.webdo.tn\\\/fr\\\/#website\"},\"primaryImageOfPage\":{\"@id\":\"https:\\\/\\\/www.webdo.tn\\\/fr\\\/actualite\\\/international\\\/la-juventus-a-rendu-hommage-aux-victimes-de-lattaque-contre-le-musee-du-bardo\\\/184173\\\/#primaryimage\"},\"image\":{\"@id\":\"https:\\\/\\\/www.webdo.tn\\\/fr\\\/actualite\\\/international\\\/la-juventus-a-rendu-hommage-aux-victimes-de-lattaque-contre-le-musee-du-bardo\\\/184173\\\/#primaryimage\"},\"thumbnailUrl\":\"https:\\\/\\\/www.webdo.tn\\\/fr\\\/wp-content\\\/uploads\\\/2015\\\/03\\\/JUVE.png\",\"datePublished\":\"2015-03-21T09:40:00+00:00\",\"dateModified\":\"2025-05-19T10:19:45+00:00\",\"description\":\"La Juventus a rendu hommage aux victimes de l'attaque contre le mus\u00e9e du Bardo\",\"breadcrumb\":{\"@id\":\"https:\\\/\\\/www.webdo.tn\\\/fr\\\/actualite\\\/international\\\/la-juventus-a-rendu-hommage-aux-victimes-de-lattaque-contre-le-musee-du-bardo\\\/184173\\\/#breadcrumb\"},\"inLanguage\":\"fr-FR\",\"potentialAction\":[{\"@type\":\"ReadAction\",\"target\":[\"https:\\\/\\\/www.webdo.tn\\\/fr\\\/actualite\\\/international\\\/la-juventus-a-rendu-hommage-aux-victimes-de-lattaque-contre-le-musee-du-bardo\\\/184173\\\/\"]}]},{\"@type\":\"ImageObject\",\"inLanguage\":\"fr-FR\",\"@id\":\"https:\\\/\\\/www.webdo.tn\\\/fr\\\/actualite\\\/international\\\/la-juventus-a-rendu-hommage-aux-victimes-de-lattaque-contre-le-musee-du-bardo\\\/184173\\\/#primaryimage\",\"url\":\"https:\\\/\\\/www.webdo.tn\\\/fr\\\/wp-content\\\/uploads\\\/2015\\\/03\\\/JUVE.png\",\"contentUrl\":\"https:\\\/\\\/www.webdo.tn\\\/fr\\\/wp-content\\\/uploads\\\/2015\\\/03\\\/JUVE.png\",\"width\":433,\"height\":228,\"caption\":\"La Juventus a rendu hommage aux victimes de l'attaque contre le mus\u00e9e du Bardo\"},{\"@type\":\"BreadcrumbList\",\"@id\":\"https:\\\/\\\/www.webdo.tn\\\/fr\\\/actualite\\\/international\\\/la-juventus-a-rendu-hommage-aux-victimes-de-lattaque-contre-le-musee-du-bardo\\\/184173\\\/#breadcrumb\",\"itemListElement\":[{\"@type\":\"ListItem\",\"position\":1,\"name\":\"Accueil\",\"item\":\"https:\\\/\\\/www.webdo.tn\\\/fr\\\/\"},{\"@type\":\"ListItem\",\"position\":2,\"name\":\"La Juventus a rendu hommage aux victimes de l&rsquo;attaque contre le mus\u00e9e du Bardo\"}]},{\"@type\":\"WebSite\",\"@id\":\"https:\\\/\\\/www.webdo.tn\\\/fr\\\/#website\",\"url\":\"https:\\\/\\\/www.webdo.tn\\\/fr\\\/\",\"name\":\"webdo\",\"description\":\"Tunisie - News en Tunisie et \u00e0 l&#039;international sur Webdo.tn\",\"publisher\":{\"@id\":\"https:\\\/\\\/www.webdo.tn\\\/fr\\\/#organization\"},\"potentialAction\":[{\"@type\":\"SearchAction\",\"target\":{\"@type\":\"EntryPoint\",\"urlTemplate\":\"https:\\\/\\\/www.webdo.tn\\\/fr\\\/?s={search_term_string}\"},\"query-input\":{\"@type\":\"PropertyValueSpecification\",\"valueRequired\":true,\"valueName\":\"search_term_string\"}}],\"inLanguage\":\"fr-FR\"},{\"@type\":\"Organization\",\"@id\":\"https:\\\/\\\/www.webdo.tn\\\/fr\\\/#organization\",\"name\":\"Webdo\",\"alternateName\":\"Webdo.tn\",\"url\":\"https:\\\/\\\/www.webdo.tn\\\/fr\\\/\",\"logo\":{\"@type\":\"ImageObject\",\"inLanguage\":\"fr-FR\",\"@id\":\"https:\\\/\\\/www.webdo.tn\\\/fr\\\/#\\\/schema\\\/logo\\\/image\\\/\",\"url\":\"https:\\\/\\\/www.webdo.tn\\\/fr\\\/wp-content\\\/uploads\\\/2025\\\/06\\\/Webdo-Tunisie_168377.jpg\",\"contentUrl\":\"https:\\\/\\\/www.webdo.tn\\\/fr\\\/wp-content\\\/uploads\\\/2025\\\/06\\\/Webdo-Tunisie_168377.jpg\",\"width\":301,\"height\":301,\"caption\":\"Webdo\"},\"image\":{\"@id\":\"https:\\\/\\\/www.webdo.tn\\\/fr\\\/#\\\/schema\\\/logo\\\/image\\\/\"},\"sameAs\":[\"https:\\\/\\\/www.facebook.com\\\/webdotn\",\"https:\\\/\\\/x.com\\\/webdo_tn\"],\"description\":\"Webdo est un m\u00e9dia num\u00e9rique tunisien fond\u00e9 en 2010, sp\u00e9cialis\u00e9 dans l\u2019actualit\u00e9 nationale et internationale, l\u2019\u00e9conomie, la soci\u00e9t\u00e9 et les analyses politiques. Le site s\u2019adresse \u00e0 un large public francophone et couvre l\u2019information tunisienne en temps r\u00e9el.\",\"email\":\"redac@webdo.tn\",\"legalName\":\"YNJ SARL\",\"foundingDate\":\"2010-09-06\",\"numberOfEmployees\":{\"@type\":\"QuantitativeValue\",\"minValue\":\"11\",\"maxValue\":\"50\"}},{\"@type\":\"Person\",\"@id\":\"https:\\\/\\\/www.webdo.tn\\\/fr\\\/#\\\/schema\\\/person\\\/9a9c6118d687c117df8ef3cc36a4d175\",\"name\":\"webdo.tn\",\"image\":{\"@type\":\"ImageObject\",\"inLanguage\":\"fr-FR\",\"@id\":\"https:\\\/\\\/secure.gravatar.com\\\/avatar\\\/7ce1f28c0c3bbac99ff550b85ef8e44a6950c6ee24514fb6a5489e51d06f0298?s=96&d=mm&r=g\",\"url\":\"https:\\\/\\\/secure.gravatar.com\\\/avatar\\\/7ce1f28c0c3bbac99ff550b85ef8e44a6950c6ee24514fb6a5489e51d06f0298?s=96&d=mm&r=g\",\"contentUrl\":\"https:\\\/\\\/secure.gravatar.com\\\/avatar\\\/7ce1f28c0c3bbac99ff550b85ef8e44a6950c6ee24514fb6a5489e51d06f0298?s=96&d=mm&r=g\",\"caption\":\"webdo.tn\"},\"url\":\"https:\\\/\\\/www.webdo.tn\\\/fr\\\/actualite\\\/author\\\/webdotn\\\/\"}]}<\/script>\n<!-- \/ Yoast SEO Premium plugin. -->","yoast_head_json":{"title":"La Juventus a rendu hommage aux victimes de l'attaque contre le mus\u00e9e du Bardo","description":"La Juventus a rendu hommage aux victimes de l'attaque contre le mus\u00e9e du Bardo","canonical":"https:\/\/www.webdo.tn\/fr\/actualite\/international\/la-juventus-a-rendu-hommage-aux-victimes-de-lattaque-contre-le-musee-du-bardo\/184173\/","og_locale":"fr_FR","og_type":"article","og_title":"La Juventus a rendu hommage aux victimes de l'attaque contre le mus\u00e9e du Bardo","og_description":"La Juventus a rendu hommage aux victimes de l'attaque contre le mus\u00e9e du Bardo","og_url":"https:\/\/www.webdo.tn\/fr\/actualite\/international\/la-juventus-a-rendu-hommage-aux-victimes-de-lattaque-contre-le-musee-du-bardo\/184173\/","og_site_name":"webdo","article_publisher":"https:\/\/www.facebook.com\/webdotn","article_published_time":"2015-03-21T09:40:00+00:00","article_modified_time":"2025-05-19T10:19:45+00:00","og_image":[{"width":433,"height":228,"url":"https:\/\/www.webdo.tn\/fr\/wp-content\/uploads\/2015\/03\/JUVE.png","type":"image\/png"}],"author":"webdo.tn","twitter_card":"summary_large_image","twitter_creator":"@webdo_tn","twitter_site":"@webdo_tn","twitter_misc":{"\u00c9crit par":"webdo.tn"},"schema":{"@context":"https:\/\/schema.org","@graph":[{"@type":"NewsArticle","@id":"https:\/\/www.webdo.tn\/fr\/actualite\/international\/la-juventus-a-rendu-hommage-aux-victimes-de-lattaque-contre-le-musee-du-bardo\/184173\/#article","isPartOf":{"@id":"https:\/\/www.webdo.tn\/fr\/actualite\/international\/la-juventus-a-rendu-hommage-aux-victimes-de-lattaque-contre-le-musee-du-bardo\/184173\/"},"author":{"name":"webdo.tn","@id":"https:\/\/www.webdo.tn\/fr\/#\/schema\/person\/9a9c6118d687c117df8ef3cc36a4d175"},"headline":"La Juventus a rendu hommage aux victimes de l&rsquo;attaque contre le mus\u00e9e du Bardo","datePublished":"2015-03-21T09:40:00+00:00","dateModified":"2025-05-19T10:19:45+00:00","mainEntityOfPage":{"@id":"https:\/\/www.webdo.tn\/fr\/actualite\/international\/la-juventus-a-rendu-hommage-aux-victimes-de-lattaque-contre-le-musee-du-bardo\/184173\/"},"wordCount":112,"commentCount":0,"publisher":{"@id":"https:\/\/www.webdo.tn\/fr\/#organization"},"image":{"@id":"https:\/\/www.webdo.tn\/fr\/actualite\/international\/la-juventus-a-rendu-hommage-aux-victimes-de-lattaque-contre-le-musee-du-bardo\/184173\/#primaryimage"},"thumbnailUrl":"https:\/\/www.webdo.tn\/fr\/wp-content\/uploads\/2015\/03\/JUVE.png","keywords":["guerre"],"articleSection":["International"],"inLanguage":"fr-FR"},{"@type":"WebPage","@id":"https:\/\/www.webdo.tn\/fr\/actualite\/international\/la-juventus-a-rendu-hommage-aux-victimes-de-lattaque-contre-le-musee-du-bardo\/184173\/","url":"https:\/\/www.webdo.tn\/fr\/actualite\/international\/la-juventus-a-rendu-hommage-aux-victimes-de-lattaque-contre-le-musee-du-bardo\/184173\/","name":"La Juventus a rendu hommage aux victimes de l'attaque contre le mus\u00e9e du Bardo","isPartOf":{"@id":"https:\/\/www.webdo.tn\/fr\/#website"},"primaryImageOfPage":{"@id":"https:\/\/www.webdo.tn\/fr\/actualite\/international\/la-juventus-a-rendu-hommage-aux-victimes-de-lattaque-contre-le-musee-du-bardo\/184173\/#primaryimage"},"image":{"@id":"https:\/\/www.webdo.tn\/fr\/actualite\/international\/la-juventus-a-rendu-hommage-aux-victimes-de-lattaque-contre-le-musee-du-bardo\/184173\/#primaryimage"},"thumbnailUrl":"https:\/\/www.webdo.tn\/fr\/wp-content\/uploads\/2015\/03\/JUVE.png","datePublished":"2015-03-21T09:40:00+00:00","dateModified":"2025-05-19T10:19:45+00:00","description":"La Juventus a rendu hommage aux victimes de l'attaque contre le mus\u00e9e du Bardo","breadcrumb":{"@id":"https:\/\/www.webdo.tn\/fr\/actualite\/international\/la-juventus-a-rendu-hommage-aux-victimes-de-lattaque-contre-le-musee-du-bardo\/184173\/#breadcrumb"},"inLanguage":"fr-FR","potentialAction":[{"@type":"ReadAction","target":["https:\/\/www.webdo.tn\/fr\/actualite\/international\/la-juventus-a-rendu-hommage-aux-victimes-de-lattaque-contre-le-musee-du-bardo\/184173\/"]}]},{"@type":"ImageObject","inLanguage":"fr-FR","@id":"https:\/\/www.webdo.tn\/fr\/actualite\/international\/la-juventus-a-rendu-hommage-aux-victimes-de-lattaque-contre-le-musee-du-bardo\/184173\/#primaryimage","url":"https:\/\/www.webdo.tn\/fr\/wp-content\/uploads\/2015\/03\/JUVE.png","contentUrl":"https:\/\/www.webdo.tn\/fr\/wp-content\/uploads\/2015\/03\/JUVE.png","width":433,"height":228,"caption":"La Juventus a rendu hommage aux victimes de l'attaque contre le mus\u00e9e du Bardo"},{"@type":"BreadcrumbList","@id":"https:\/\/www.webdo.tn\/fr\/actualite\/international\/la-juventus-a-rendu-hommage-aux-victimes-de-lattaque-contre-le-musee-du-bardo\/184173\/#breadcrumb","itemListElement":[{"@type":"ListItem","position":1,"name":"Accueil","item":"https:\/\/www.webdo.tn\/fr\/"},{"@type":"ListItem","position":2,"name":"La Juventus a rendu hommage aux victimes de l&rsquo;attaque contre le mus\u00e9e du Bardo"}]},{"@type":"WebSite","@id":"https:\/\/www.webdo.tn\/fr\/#website","url":"https:\/\/www.webdo.tn\/fr\/","name":"webdo","description":"Tunisie - News en Tunisie et \u00e0 l&#039;international sur Webdo.tn","publisher":{"@id":"https:\/\/www.webdo.tn\/fr\/#organization"},"potentialAction":[{"@type":"SearchAction","target":{"@type":"EntryPoint","urlTemplate":"https:\/\/www.webdo.tn\/fr\/?s={search_term_string}"},"query-input":{"@type":"PropertyValueSpecification","valueRequired":true,"valueName":"search_term_string"}}],"inLanguage":"fr-FR"},{"@type":"Organization","@id":"https:\/\/www.webdo.tn\/fr\/#organization","name":"Webdo","alternateName":"Webdo.tn","url":"https:\/\/www.webdo.tn\/fr\/","logo":{"@type":"ImageObject","inLanguage":"fr-FR","@id":"https:\/\/www.webdo.tn\/fr\/#\/schema\/logo\/image\/","url":"https:\/\/www.webdo.tn\/fr\/wp-content\/uploads\/2025\/06\/Webdo-Tunisie_168377.jpg","contentUrl":"https:\/\/www.webdo.tn\/fr\/wp-content\/uploads\/2025\/06\/Webdo-Tunisie_168377.jpg","width":301,"height":301,"caption":"Webdo"},"image":{"@id":"https:\/\/www.webdo.tn\/fr\/#\/schema\/logo\/image\/"},"sameAs":["https:\/\/www.facebook.com\/webdotn","https:\/\/x.com\/webdo_tn"],"description":"Webdo est un m\u00e9dia num\u00e9rique tunisien fond\u00e9 en 2010, sp\u00e9cialis\u00e9 dans l\u2019actualit\u00e9 nationale et internationale, l\u2019\u00e9conomie, la soci\u00e9t\u00e9 et les analyses politiques. Le site s\u2019adresse \u00e0 un large public francophone et couvre l\u2019information tunisienne en temps r\u00e9el.","email":"redac@webdo.tn","legalName":"YNJ SARL","foundingDate":"2010-09-06","numberOfEmployees":{"@type":"QuantitativeValue","minValue":"11","maxValue":"50"}},{"@type":"Person","@id":"https:\/\/www.webdo.tn\/fr\/#\/schema\/person\/9a9c6118d687c117df8ef3cc36a4d175","name":"webdo.tn","image":{"@type":"ImageObject","inLanguage":"fr-FR","@id":"https:\/\/secure.gravatar.com\/avatar\/7ce1f28c0c3bbac99ff550b85ef8e44a6950c6ee24514fb6a5489e51d06f0298?s=96&d=mm&r=g","url":"https:\/\/secure.gravatar.com\/avatar\/7ce1f28c0c3bbac99ff550b85ef8e44a6950c6ee24514fb6a5489e51d06f0298?s=96&d=mm&r=g","contentUrl":"https:\/\/secure.gravatar.com\/avatar\/7ce1f28c0c3bbac99ff550b85ef8e44a6950c6ee24514fb6a5489e51d06f0298?s=96&d=mm&r=g","caption":"webdo.tn"},"url":"https:\/\/www.webdo.tn\/fr\/actualite\/author\/webdotn\/"}]}},"_links":{"self":[{"href":"https:\/\/www.webdo.tn\/fr\/wp-json\/wp\/v2\/posts\/184173","targetHints":{"allow":["GET"]}}],"collection":[{"href":"https:\/\/www.webdo.tn\/fr\/wp-json\/wp\/v2\/posts"}],"about":[{"href":"https:\/\/www.webdo.tn\/fr\/wp-json\/wp\/v2\/types\/post"}],"author":[{"embeddable":true,"href":"https:\/\/www.webdo.tn\/fr\/wp-json\/wp\/v2\/users\/3222"}],"replies":[{"embeddable":true,"href":"https:\/\/www.webdo.tn\/fr\/wp-json\/wp\/v2\/comments?post=184173"}],"version-history":[{"count":0,"href":"https:\/\/www.webdo.tn\/fr\/wp-json\/wp\/v2\/posts\/184173\/revisions"}],"wp:featuredmedia":[{"embeddable":true,"href":"https:\/\/www.webdo.tn\/fr\/wp-json\/wp\/v2\/media\/318779"}],"wp:attachment":[{"href":"https:\/\/www.webdo.tn\/fr\/wp-json\/wp\/v2\/media?parent=184173"}],"wp:term":[{"taxonomy":"category","embeddable":true,"href":"https:\/\/www.webdo.tn\/fr\/wp-json\/wp\/v2\/categories?post=184173"},{"taxonomy":"post_tag","embeddable":true,"href":"https:\/\/www.webdo.tn\/fr\/wp-json\/wp\/v2\/tags?post=184173"}],"curies":[{"name":"wp","href":"https:\/\/api.w.org\/{rel}","templated":true}]}}